{"id":1022146,"date":"2021-06-03T19:57:10","date_gmt":"2021-06-03T16:57:10","guid":{"rendered":"https:\/\/darkamazi.info\/?p=1022146"},"modified":"2021-09-11T12:56:53","modified_gmt":"2021-09-11T09:56:53","slug":"pkke-li-bruksele-diji-nato-u-amerikaye-calakiyek-lidarxist","status":"publish","type":"post","link":"https:\/\/darkamazi.info\/archives\/1022146","title":{"rendered":"PKK\u00ea li Bruksel\u00ea dij\u00ee Nato \u00fb Amer\u00eekay\u00ea \u00e7alakiyek lidarxist"},"content":{"rendered":"<h3 style=\"text-align: justify;\"><span style=\"font-family: 'arial black', sans-serif;\">Li van roj\u00ean dawiy\u00ea \u00e7alakiy\u00ean PKK\u00ea li dij\u00ee DYA z\u00eadetir dibin. Di heyva Gulan\u00ea de PKK\u00ea destp\u00eak\u00ea bi nav\u00ea ciwan\u00ean \u015eore\u015fger karwan\u00ea DYA dab\u00fb ber kevira. Her\u00ee daw\u00ee j\u00ee di 29\u00ee Gulan\u00ea de li Bel\u00e7\u00eeka, Bruksel\u00ea \u00a0li ber balyozxaneya gi\u015ft\u00eeya DYA \u00e7alakiyek hat \u00e7\u00eakirin. Diru\u015fma (Silogana) di v\u00ea \u00e7alakiy\u00ea de diyar ev b\u00fb &#8220;bila ABD \u00fb Nato dest\u00ea xwe ji Kurdistan\u00ea bik\u015f\u00eenin&#8221;. Kurd\u00ean ku hinek\u00ea ji s\u00eeyaset \u00fb d\u00eerok\u00ea fahim dikin li dij\u00ee v\u00ea \u00e7alakiy\u00ea derketin. L\u00ea bel\u00ea p\u00eaw\u00eeste \u00eensan h\u00ea\u015fta j\u00ee v\u00ea \u00e7alakiy\u00ea \u00fb armanca w\u00ea bi gi\u015ft\u00ee \u00fb siyaseta PKK\u00ea \u015firove bike. Ji ber ku ev ne \u00e7alakiyeke sade b\u00fb.<\/span><\/h3>\n<h3 style=\"text-align: justify;\">PKKe li Bruksel\u00ea \u00a0\u00fb He\u015fda \u015eeb\u00ee li Bexda li dij\u00ee ABD \u00e7alakiy\u00ea dikin<\/h3>\n<h3 style=\"text-align: justify;\">K\u00ee ji heb\u00fbna Natoy\u00ea \u00fb ABD li Kurdistan\u00ea acize?<\/h3>\n<h3 style=\"text-align: justify;\">Kes\u00ean ji DYA \u00fb Nato acizin ku li Kurdistan\u00ea baregeh\u00ean wan y\u00ean s\u00eeyas\u00ee \u00fb le\u015fker\u00ee hene dag\u00eerkar\u00ean Kurdistan\u00ea ne. Jiberku ew peyman\u00ean ku kurd t\u00eada t\u00eane bindest hi\u015ftin li al\u00ee siyasetmedar\u00ean Rojavay\u00ea C\u00eehan\u00ea yan\u00ee ABD; DYA \u00fb hinek wilat\u00ean din ve t\u00ean hilwe\u015fandin. Yan\u00ee Ba\u015f\u00fbr\u00ea Kurdistan\u00ea bi al\u00eekariya DYA, Nato \u00fb dewlet\u00ean Rojavay\u00ee b\u00fb Hik\u00fbmeta Her\u00eama Kurdistan\u00ea. Yan\u00ee statoyek s\u00eeyas\u00ee \u00fb navdewlet\u00ee \u00e7\u00eab\u00fb. Ev yek j\u00ee b\u00fb p\u00eavajoyeke tirsanak ji boy Tirkiy\u00ea \u00fb \u00ceran\u00ea. Heman dem pi\u015ft\u00ee sala 2 hezar\u00ea p\u00eave, Her\u00eama Kurdistan\u00ea b\u00fb navenda s\u00eeyaset \u00fb nakokiy\u00ean Rojhilata Nav\u00een. Tirkiye heya niha ji ber mesela Kurda hember DYA \u00fb Natoy\u00ea ye. Her al\u00eekariyeka ku ji boy YPG \u00fb HSD di\u00e7e Tirkiye q\u00eeyamet\u00ea radike. Heman dem \u00e7i gav were av\u00eatin ji boy xurtib\u00fbna Her\u00eama Kurdistan\u00ea, \u00ceran aloz\u00eeyan derdixe. Ser\u00ee de j\u00ee her du dewlet dixwazin ku kurd li Rojhilata Nav\u00een veger\u00een 1930-1940an, ku di v\u00ee dem\u00ea da Kurd b\u00eay kes \u00fb belav b\u00fbb\u00fbn. Ji ber ve yek\u00ea j\u00ee her du dewlet dixwazin ABD \u00fb Nato b\u00ea h\u00eaz bim\u00eenin li rojhilata nav\u00een.<\/h3>\n<h3 style=\"text-align: justify;\">\u00ceran bi nav\u00ea teko\u015f\u00eena beranber DAI\u015e\u00ea m\u00eel\u00ee\u015fyay\u00ean He\u015fda \u015eeb\u00ee \u00e7\u00eakirin. Dema ku He\u015fda \u015eeb\u00ee hinek\u00ee bi h\u00eaz ket\u00een dest ji DAI\u015e\u00ea berdan \u00fb ji boy derxistina DYA ji \u00ceraq\u00ea tevger\u00eeyan. Taybet j\u00ee ev s\u00ea sal\u00ean dawiy\u00ea \u00ceran ji boy ku DYA ji Rojhilata Nav\u00een derkeve pirr kur dixebite. \u00car\u00ee\u015f\u00ean ser konsolxaneya DYA li Bexday\u00ea, navend\u00ean esker\u00ee hetta \u00ear\u00ee\u015f\u00ean li Hewl\u00ear\u00ea hem\u00fb li ser v\u00ea armanc\u00ea hatin \u00e7\u00eakirin. \u00ceran\u00ea dema ev kare kir\u00ee ji aliyek din j\u00ee h\u00eaz\u00ean \u015f\u00ee&#8217;ey\u00ean meden\u00ee yan\u00ee gel derxistin meydana ku bib\u00eajin &#8220;Gel DYA \u00fb Nato Naxwaze&#8221;.<\/h3>\n<h3 style=\"text-align: justify;\">Niha j\u00ee PKK\u00ea komek kurd\u00ean derdora xwe t\u00eene meydan\u00ea ku bib\u00eaje &#8220;Kurd DYA \u00fb Nato Naxwazin&#8221;.<\/h3>\n<h3 style=\"text-align: justify;\">Yan\u00ee PKKe ji siyaset\u00ea fahim nake ku wisa dike? Nex\u00ear. PKKe ba\u015f dizane ku heger Nato, DYA \u00fb hinek wilat\u00ean Ewropa nebin dagirker d\u00ea hem\u00fb Kurdan dakurt\u00eenin. Em hem\u00fb j\u00ee dizanin ku ne Nato, ne DYA ne j\u00ee ti wilatek din, ne ku gelek hej Kurda dikin v\u00ea yek\u00ea encam didin. Helbet ji ber ku berjewendiy\u00ean van wilatan li Kurdistan\u00ea hene li vir dim\u00eenin. D\u00eesa em dizanin ku s\u00eeyaset ne li ser hej\u00eakirin\u00ea \u00fb ne li ser hevaltiy\u00ea nay\u00ea kirin. S\u00eeyaset li ser berjewend\u00ee, hevbe\u015f\u00ee \u00fb bazar\u00ee t\u00ea kirin. Niha em dizan\u00een ku berjewendiy\u00ean Kurda bi Nato \u00fb DYA heye, berjewendiy\u00ean wan j\u00ee bi me heye. Ji ber v\u00ea yek\u00ea j\u00ee div\u00ea kurd r\u00ea vekin ku Nato \u00fb DYA li Rojhilata Nav\u00een bim\u00eenin.<\/h3>\n<h3 style=\"text-align: justify;\">Me Kurda ba\u015f d\u00eet ku dema ABD \u00fb Nato nebe \u00e7i l Efr\u00een\u00ea qewim\u00ee. Heman dem me ba\u015f d\u00eet ku dema DYA xwe ji Ser\u00eakaniy\u00ea \u00fb Gir\u00ea Sp\u00ee pa\u015fde k\u00ea\u015fa \u00e7ewa Tirkiy\u00ea ev cihe di 24 saetan de dag\u00eer kirin. Me ev tecr\u00fbbe heye, sereray van tecr\u00fbbeyan heger ku hinek kes rabin \u00fb bib\u00eajin ku &#8220;Bila DYA ji Kurdistan\u00ea Here&#8221; ev j\u00ee t\u00ea v\u00ea watey\u00ea ku ev kese dib\u00eajin &#8220;Ferm\u00fbn \u00ceran \u00fb Tirkiye h\u00fbn werin&#8221;.<\/h3>\n<h3 style=\"text-align: justify;\">Dervey v\u00ee ti\u015ft\u00ee ti wate n\u00eene ku PKKe al\u00eegir\u00ean xwe kom bike \u00fb b\u00eaje &#8220;DYA \u00fb Nato xwe ji Kurdistan\u00ea bik\u00ea\u015fin&#8221;. Ev s\u00eeyaset ten\u00ea xizmeta Tirkiy\u00ea \u00fb \u00ceran\u00ea dike.<\/h3>\n","protected":false},"excerpt":{"rendered":"<p>Li van roj\u00ean dawiy\u00ea \u00e7alakiy\u00ean PKK\u00ea li dij\u00ee DYA z\u00eadetir dibin. Di heyva Gulan\u00ea de PKK\u00ea destp\u00eak\u00ea bi nav\u00ea ciwan\u00ean \u015eore\u015fger karwan\u00ea DYA dab\u00fb ber kevira. Her\u00ee daw\u00ee j\u00ee di 29\u00ee Gulan\u00ea de li Bel\u00e7\u00eeka, Bruksel\u00ea \u00a0li ber balyozxaneya gi\u015ft\u00eeya DYA \u00e7alakiyek hat \u00e7\u00eakirin. Diru\u015fma (Silogana) di v\u00ea \u00e7alakiy\u00ea de diyar ev b\u00fb &#8220;bila ABD [&hellip;]<\/p>\n","protected":false},"author":2,"featured_media":1022147,"comment_status":"closed","ping_status":"closed","sticky":false,"template":"","format":"standard","meta":{"footnotes":""},"categories":[29],"tags":[37],"class_list":["post-1022146","post","type-post","status-publish","format-standard","has-post-thumbnail","hentry","category-kurdistan","tag-sereke"],"blocksy_meta":[],"seo_head":"<!-- This site is optimized with the Yoast SEO plugin v27.5 - https:\/\/yoast.com\/product\/yoast-seo-wordpress\/ -->\n<title>PKK\u00ea li Bruksel\u00ea dij\u00ee Nato \u00fb Amer\u00eekay\u00ea \u00e7alakiyek lidarxist - Darka Maz\u00ee<\/title>\n<meta name=\"robots\" content=\"index, follow, max-snippet:-1, max-image-preview:large, max-video-preview:-1\" \/>\n<link rel=\"canonical\" href=\"https:\/\/darkamazi.info\/archives\/1022146\" \/>\n<meta property=\"og:locale\" content=\"en_US\" \/>\n<meta property=\"og:type\" content=\"article\" \/>\n<meta property=\"og:title\" content=\"PKK\u00ea li Bruksel\u00ea dij\u00ee Nato \u00fb Amer\u00eekay\u00ea \u00e7alakiyek lidarxist - Darka Maz\u00ee\" \/>\n<meta property=\"og:description\" content=\"Li van roj\u00ean dawiy\u00ea \u00e7alakiy\u00ean PKK\u00ea li dij\u00ee DYA z\u00eadetir dibin. Di heyva Gulan\u00ea de PKK\u00ea destp\u00eak\u00ea bi nav\u00ea ciwan\u00ean \u015eore\u015fger karwan\u00ea DYA dab\u00fb ber kevira. Her\u00ee daw\u00ee j\u00ee di 29\u00ee Gulan\u00ea de li Bel\u00e7\u00eeka, Bruksel\u00ea \u00a0li ber balyozxaneya gi\u015ft\u00eeya DYA \u00e7alakiyek hat \u00e7\u00eakirin. Diru\u015fma (Silogana) di v\u00ea \u00e7alakiy\u00ea de diyar ev b\u00fb &#8220;bila ABD [&hellip;]\" \/>\n<meta property=\"og:url\" content=\"https:\/\/darkamazi.info\/archives\/1022146\" \/>\n<meta property=\"og:site_name\" content=\"Darka Maz\u00ee\" \/>\n<meta property=\"article:publisher\" content=\"https:\/\/www.facebook.com\/DarMaziKurmanci\" \/>\n<meta property=\"article:published_time\" content=\"2021-06-03T16:57:10+00:00\" \/>\n<meta property=\"article:modified_time\" content=\"2021-09-11T09:56:53+00:00\" \/>\n<meta property=\"og:image\" content=\"https:\/\/darkamazi.info\/file\/2021\/06\/bruksel-pkk-girse-apo-awropa.jpg\" \/>\n\t<meta property=\"og:image:width\" content=\"900\" \/>\n\t<meta property=\"og:image:height\" content=\"497\" \/>\n\t<meta property=\"og:image:type\" content=\"image\/jpeg\" \/>\n<meta name=\"author\" content=\"darka mazi\" \/>\n<meta name=\"twitter:card\" content=\"summary_large_image\" \/>\n<meta name=\"twitter:creator\" content=\"@DarkaMaziLatini\" \/>\n<meta name=\"twitter:site\" content=\"@DarkaMaziLatini\" \/>\n<meta name=\"twitter:label1\" content=\"Written by\" \/>\n\t<meta name=\"twitter:data1\" content=\"darka mazi\" \/>\n\t<meta name=\"twitter:label2\" content=\"Est. reading time\" \/>\n\t<meta name=\"twitter:data2\" content=\"3 minutes\" \/>\n<script type=\"application\/ld+json\" class=\"seo-schema-graph\">{\"@context\":\"https:\\\/\\\/schema.org\",\"@graph\":[{\"@type\":\"Article\",\"@id\":\"https:\\\/\\\/darkamazi.info\\\/archives\\\/1022146#article\",\"isPartOf\":{\"@id\":\"https:\\\/\\\/darkamazi.info\\\/archives\\\/1022146\"},\"author\":{\"name\":\"darka mazi\",\"@id\":\"https:\\\/\\\/darkamazi.info\\\/#\\\/schema\\\/person\\\/5ad3e24553a0567993fa8ed4bd0a776c\"},\"headline\":\"PKK\u00ea li Bruksel\u00ea dij\u00ee Nato \u00fb Amer\u00eekay\u00ea \u00e7alakiyek lidarxist\",\"datePublished\":\"2021-06-03T16:57:10+00:00\",\"dateModified\":\"2021-09-11T09:56:53+00:00\",\"mainEntityOfPage\":{\"@id\":\"https:\\\/\\\/darkamazi.info\\\/archives\\\/1022146\"},\"wordCount\":723,\"publisher\":{\"@id\":\"https:\\\/\\\/darkamazi.info\\\/#organization\"},\"image\":{\"@id\":\"https:\\\/\\\/darkamazi.info\\\/archives\\\/1022146#primaryimage\"},\"thumbnailUrl\":\"https:\\\/\\\/darkamazi.info\\\/darka-content\\\/uploads\\\/2021\\\/06\\\/bruksel-pkk-girse-apo-awropa.jpg\",\"keywords\":[\"sereke\"],\"articleSection\":[\"Kurdistan\"],\"inLanguage\":\"en-US\"},{\"@type\":\"WebPage\",\"@id\":\"https:\\\/\\\/darkamazi.info\\\/archives\\\/1022146\",\"url\":\"https:\\\/\\\/darkamazi.info\\\/archives\\\/1022146\",\"name\":\"PKK\u00ea li Bruksel\u00ea dij\u00ee Nato \u00fb Amer\u00eekay\u00ea \u00e7alakiyek lidarxist - Darka Maz\u00ee\",\"isPartOf\":{\"@id\":\"https:\\\/\\\/darkamazi.info\\\/#website\"},\"primaryImageOfPage\":{\"@id\":\"https:\\\/\\\/darkamazi.info\\\/archives\\\/1022146#primaryimage\"},\"image\":{\"@id\":\"https:\\\/\\\/darkamazi.info\\\/archives\\\/1022146#primaryimage\"},\"thumbnailUrl\":\"https:\\\/\\\/darkamazi.info\\\/darka-content\\\/uploads\\\/2021\\\/06\\\/bruksel-pkk-girse-apo-awropa.jpg\",\"datePublished\":\"2021-06-03T16:57:10+00:00\",\"dateModified\":\"2021-09-11T09:56:53+00:00\",\"breadcrumb\":{\"@id\":\"https:\\\/\\\/darkamazi.info\\\/archives\\\/1022146#breadcrumb\"},\"inLanguage\":\"en-US\",\"potentialAction\":[{\"@type\":\"ReadAction\",\"target\":[\"https:\\\/\\\/darkamazi.info\\\/archives\\\/1022146\"]}]},{\"@type\":\"ImageObject\",\"inLanguage\":\"en-US\",\"@id\":\"https:\\\/\\\/darkamazi.info\\\/archives\\\/1022146#primaryimage\",\"url\":\"https:\\\/\\\/darkamazi.info\\\/darka-content\\\/uploads\\\/2021\\\/06\\\/bruksel-pkk-girse-apo-awropa.jpg\",\"contentUrl\":\"https:\\\/\\\/darkamazi.info\\\/darka-content\\\/uploads\\\/2021\\\/06\\\/bruksel-pkk-girse-apo-awropa.jpg\",\"width\":900,\"height\":497,\"caption\":\"PKK\u00ea li Bruksel\u00ea dij\u00ee Nato \u00fb Amer\u00eekay\u00ea \u00e7alakiyek lidarxist\"},{\"@type\":\"BreadcrumbList\",\"@id\":\"https:\\\/\\\/darkamazi.info\\\/archives\\\/1022146#breadcrumb\",\"itemListElement\":[{\"@type\":\"ListItem\",\"position\":1,\"name\":\"Home\",\"item\":\"https:\\\/\\\/darkamazi.info\\\/\"},{\"@type\":\"ListItem\",\"position\":2,\"name\":\"PKK\u00ea li Bruksel\u00ea dij\u00ee Nato \u00fb Amer\u00eekay\u00ea \u00e7alakiyek lidarxist\"}]},{\"@type\":\"WebSite\",\"@id\":\"https:\\\/\\\/darkamazi.info\\\/#website\",\"url\":\"https:\\\/\\\/darkamazi.info\\\/\",\"name\":\"Darka Maz\u00ee\",\"description\":\"P\u00eageha Zanyariy\u00ean Nebih\u00eest\u00ee\",\"publisher\":{\"@id\":\"https:\\\/\\\/darkamazi.info\\\/#organization\"},\"potentialAction\":[{\"@type\":\"SearchAction\",\"target\":{\"@type\":\"EntryPoint\",\"urlTemplate\":\"https:\\\/\\\/darkamazi.info\\\/?s={search_term_string}\"},\"query-input\":{\"@type\":\"PropertyValueSpecification\",\"valueRequired\":true,\"valueName\":\"search_term_string\"}}],\"inLanguage\":\"en-US\"},{\"@type\":\"Organization\",\"@id\":\"https:\\\/\\\/darkamazi.info\\\/#organization\",\"name\":\"Darka Maz\u00ee\",\"url\":\"https:\\\/\\\/darkamazi.info\\\/\",\"logo\":{\"@type\":\"ImageObject\",\"inLanguage\":\"en-US\",\"@id\":\"https:\\\/\\\/darkamazi.info\\\/#\\\/schema\\\/logo\\\/image\\\/\",\"url\":\"https:\\\/\\\/darkamazi.info\\\/darka-content\\\/uploads\\\/2017\\\/12\\\/darka-mazi-logo.png\",\"contentUrl\":\"https:\\\/\\\/darkamazi.info\\\/darka-content\\\/uploads\\\/2017\\\/12\\\/darka-mazi-logo.png\",\"width\":151,\"height\":75,\"caption\":\"Darka Maz\u00ee\"},\"image\":{\"@id\":\"https:\\\/\\\/darkamazi.info\\\/#\\\/schema\\\/logo\\\/image\\\/\"},\"sameAs\":[\"https:\\\/\\\/www.facebook.com\\\/DarMaziKurmanci\",\"https:\\\/\\\/x.com\\\/DarkaMaziLatini\",\"https:\\\/\\\/www.instagram.com\\\/darkamazi.kurmanci\\\/\",\"https:\\\/\\\/www.youtube.com\\\/channel\\\/UCa5HkTdmI8U1qCUFuTw8B2g\"]},{\"@type\":\"Person\",\"@id\":\"https:\\\/\\\/darkamazi.info\\\/#\\\/schema\\\/person\\\/5ad3e24553a0567993fa8ed4bd0a776c\",\"name\":\"darka mazi\",\"sameAs\":[\"https:\\\/\\\/darkamazi.info\\\/\"],\"url\":\"https:\\\/\\\/darkamazi.info\\\/archives\\\/author\\\/kurdi\"}]}<\/script>\n<!-- \/ Yoast SEO plugin. -->","seo_head_json":{"title":"PKK\u00ea li Bruksel\u00ea dij\u00ee Nato \u00fb Amer\u00eekay\u00ea \u00e7alakiyek lidarxist - Darka Maz\u00ee","robots":{"index":"index","follow":"follow","max-snippet":"max-snippet:-1","max-image-preview":"max-image-preview:large","max-video-preview":"max-video-preview:-1"},"canonical":"https:\/\/darkamazi.info\/archives\/1022146","og_locale":"en_US","og_type":"article","og_title":"PKK\u00ea li Bruksel\u00ea dij\u00ee Nato \u00fb Amer\u00eekay\u00ea \u00e7alakiyek lidarxist - Darka Maz\u00ee","og_description":"Li van roj\u00ean dawiy\u00ea \u00e7alakiy\u00ean PKK\u00ea li dij\u00ee DYA z\u00eadetir dibin. Di heyva Gulan\u00ea de PKK\u00ea destp\u00eak\u00ea bi nav\u00ea ciwan\u00ean \u015eore\u015fger karwan\u00ea DYA dab\u00fb ber kevira. Her\u00ee daw\u00ee j\u00ee di 29\u00ee Gulan\u00ea de li Bel\u00e7\u00eeka, Bruksel\u00ea \u00a0li ber balyozxaneya gi\u015ft\u00eeya DYA \u00e7alakiyek hat \u00e7\u00eakirin. Diru\u015fma (Silogana) di v\u00ea \u00e7alakiy\u00ea de diyar ev b\u00fb &#8220;bila ABD [&hellip;]","og_url":"https:\/\/darkamazi.info\/archives\/1022146","og_site_name":"Darka Maz\u00ee","article_publisher":"https:\/\/www.facebook.com\/DarMaziKurmanci","article_published_time":"2021-06-03T16:57:10+00:00","article_modified_time":"2021-09-11T09:56:53+00:00","og_image":[{"width":900,"height":497,"url":"https:\/\/darkamazi.info\/file\/2021\/06\/bruksel-pkk-girse-apo-awropa.jpg","type":"image\/jpeg"}],"author":"darka mazi","twitter_card":"summary_large_image","twitter_creator":"@DarkaMaziLatini","twitter_site":"@DarkaMaziLatini","twitter_misc":{"Written by":"darka mazi","Est. reading time":"3 minutes"},"schema":{"@context":"https:\/\/schema.org","@graph":[{"@type":"Article","@id":"https:\/\/darkamazi.info\/archives\/1022146#article","isPartOf":{"@id":"https:\/\/darkamazi.info\/archives\/1022146"},"author":{"name":"darka mazi","@id":"https:\/\/darkamazi.info\/#\/schema\/person\/5ad3e24553a0567993fa8ed4bd0a776c"},"headline":"PKK\u00ea li Bruksel\u00ea dij\u00ee Nato \u00fb Amer\u00eekay\u00ea \u00e7alakiyek lidarxist","datePublished":"2021-06-03T16:57:10+00:00","dateModified":"2021-09-11T09:56:53+00:00","mainEntityOfPage":{"@id":"https:\/\/darkamazi.info\/archives\/1022146"},"wordCount":723,"publisher":{"@id":"https:\/\/darkamazi.info\/#organization"},"image":{"@id":"https:\/\/darkamazi.info\/archives\/1022146#primaryimage"},"thumbnailUrl":"https:\/\/darkamazi.info\/file\/2021\/06\/bruksel-pkk-girse-apo-awropa.jpg","keywords":["sereke"],"articleSection":["Kurdistan"],"inLanguage":"en-US"},{"@type":"WebPage","@id":"https:\/\/darkamazi.info\/archives\/1022146","url":"https:\/\/darkamazi.info\/archives\/1022146","name":"PKK\u00ea li Bruksel\u00ea dij\u00ee Nato \u00fb Amer\u00eekay\u00ea \u00e7alakiyek lidarxist - Darka Maz\u00ee","isPartOf":{"@id":"https:\/\/darkamazi.info\/#website"},"primaryImageOfPage":{"@id":"https:\/\/darkamazi.info\/archives\/1022146#primaryimage"},"image":{"@id":"https:\/\/darkamazi.info\/archives\/1022146#primaryimage"},"thumbnailUrl":"https:\/\/darkamazi.info\/file\/2021\/06\/bruksel-pkk-girse-apo-awropa.jpg","datePublished":"2021-06-03T16:57:10+00:00","dateModified":"2021-09-11T09:56:53+00:00","breadcrumb":{"@id":"https:\/\/darkamazi.info\/archives\/1022146#breadcrumb"},"inLanguage":"en-US","potentialAction":[{"@type":"ReadAction","target":["https:\/\/darkamazi.info\/archives\/1022146"]}]},{"@type":"ImageObject","inLanguage":"en-US","@id":"https:\/\/darkamazi.info\/archives\/1022146#primaryimage","url":"https:\/\/darkamazi.info\/file\/2021\/06\/bruksel-pkk-girse-apo-awropa.jpg","contentUrl":"https:\/\/darkamazi.info\/file\/2021\/06\/bruksel-pkk-girse-apo-awropa.jpg","width":900,"height":497,"caption":"PKK\u00ea li Bruksel\u00ea dij\u00ee Nato \u00fb Amer\u00eekay\u00ea \u00e7alakiyek lidarxist"},{"@type":"BreadcrumbList","@id":"https:\/\/darkamazi.info\/archives\/1022146#breadcrumb","itemListElement":[{"@type":"ListItem","position":1,"name":"Home","item":"https:\/\/darkamazi.info\/"},{"@type":"ListItem","position":2,"name":"PKK\u00ea li Bruksel\u00ea dij\u00ee Nato \u00fb Amer\u00eekay\u00ea \u00e7alakiyek lidarxist"}]},{"@type":"WebSite","@id":"https:\/\/darkamazi.info\/#website","url":"https:\/\/darkamazi.info\/","name":"Darka Maz\u00ee","description":"P\u00eageha Zanyariy\u00ean Nebih\u00eest\u00ee","publisher":{"@id":"https:\/\/darkamazi.info\/#organization"},"potentialAction":[{"@type":"SearchAction","target":{"@type":"EntryPoint","urlTemplate":"https:\/\/darkamazi.info\/?s={search_term_string}"},"query-input":{"@type":"PropertyValueSpecification","valueRequired":true,"valueName":"search_term_string"}}],"inLanguage":"en-US"},{"@type":"Organization","@id":"https:\/\/darkamazi.info\/#organization","name":"Darka Maz\u00ee","url":"https:\/\/darkamazi.info\/","logo":{"@type":"ImageObject","inLanguage":"en-US","@id":"https:\/\/darkamazi.info\/#\/schema\/logo\/image\/","url":"https:\/\/darkamazi.info\/file\/2017\/12\/darka-mazi-logo.png","contentUrl":"https:\/\/darkamazi.info\/file\/2017\/12\/darka-mazi-logo.png","width":151,"height":75,"caption":"Darka Maz\u00ee"},"image":{"@id":"https:\/\/darkamazi.info\/#\/schema\/logo\/image\/"},"sameAs":["https:\/\/www.facebook.com\/DarMaziKurmanci","https:\/\/x.com\/DarkaMaziLatini","https:\/\/www.instagram.com\/darkamazi.kurmanci\/","https:\/\/www.youtube.com\/channel\/UCa5HkTdmI8U1qCUFuTw8B2g"]},{"@type":"Person","@id":"https:\/\/darkamazi.info\/#\/schema\/person\/5ad3e24553a0567993fa8ed4bd0a776c","name":"darka mazi","sameAs":["https:\/\/darkamazi.info\/"],"url":"https:\/\/darkamazi.info\/archives\/author\/kurdi"}]}},"_links":{"self":[{"href":"https:\/\/darkamazi.info\/funavuv\/wp\/v2\/posts\/1022146","targetHints":{"allow":["GET"]}}],"collection":[{"href":"https:\/\/darkamazi.info\/funavuv\/wp\/v2\/posts"}],"about":[{"href":"https:\/\/darkamazi.info\/funavuv\/wp\/v2\/types\/post"}],"author":[{"embeddable":true,"href":"https:\/\/darkamazi.info\/funavuv\/wp\/v2\/users\/2"}],"replies":[{"embeddable":true,"href":"https:\/\/darkamazi.info\/funavuv\/wp\/v2\/comments?post=1022146"}],"version-history":[{"count":0,"href":"https:\/\/darkamazi.info\/funavuv\/wp\/v2\/posts\/1022146\/revisions"}],"wp:featuredmedia":[{"embeddable":true,"href":"https:\/\/darkamazi.info\/funavuv\/wp\/v2\/media\/1022147"}],"wp:attachment":[{"href":"https:\/\/darkamazi.info\/funavuv\/wp\/v2\/media?parent=1022146"}],"wp:term":[{"taxonomy":"category","embeddable":true,"href":"https:\/\/darkamazi.info\/funavuv\/wp\/v2\/categories?post=1022146"},{"taxonomy":"post_tag","embeddable":true,"href":"https:\/\/darkamazi.info\/funavuv\/wp\/v2\/tags?post=1022146"}],"curies":[{"name":"wp","href":"https:\/\/api.w.org\/{rel}","templated":true}]}}