{"id":1022211,"date":"2021-06-06T16:47:00","date_gmt":"2021-06-06T13:47:00","guid":{"rendered":"https:\/\/darkamazi.info\/?p=1022211"},"modified":"2021-09-11T12:53:58","modified_gmt":"2021-09-11T09:53:58","slug":"navenda-revenda-kurd-li-derve-erisa-pkke-li-ser-pesmergeyan-rasterast-dikeve-di-xizmeta-tirkiye-de","status":"publish","type":"post","link":"https:\/\/darkamazi.info\/archives\/1022211","title":{"rendered":"Navenda Revenda Kurd Li Derve: \u00ear\u00ee\u015fa PKK\u00ea li ser p\u00ea\u015fmergeyan rasterast dikeve di xizmeta tirkiy\u00ea de"},"content":{"rendered":"<h3 style=\"text-align: justify;\"><span style=\"font-family: 'arial black', sans-serif;\">Navenda Revenda Kurd li Derve di daxuyaniyek\u00ea de \u00ear\u00ee\u015fa duh ya \u00e7ekdar\u00ean PKK\u00ea li ser p\u00ea\u015fmerge pirotesto kir \u00fb ragihand, mixabin carek din me bih\u00eest \u00e7ekdar\u00ean PKK\u00ea \u00ear\u00ee\u015f\u00ee ser h\u00eaz\u00ean p\u00ea\u015fmerge kiriye, ev \u00ear\u00ee\u015fa PKK\u00ea \u00ear\u00ee\u015fek pir ne rewaye ji boy ser desthilata Her\u00eama Kurdistan\u00ea \u00fb armanca v\u00ea \u00ear\u00ee\u015f\u00ea ji bil\u00ee xizmetkirina rasterast a dujmin\u00ean gel\u00ea me \u00fb k\u00ea\u015f kirina p\u00ea\u015fmergeyan ji boy nava \u015ferek\u00ee nexwast\u00ee \u00fb behanedane dest dewleta tirk ji boy z\u00eadetir dag\u00eerkirina xaka kurdistan\u00ea ti ti\u015ftek din n\u00eene.<\/span><\/h3>\n<h3 style=\"text-align: justify;\">Daxuyaniya Navenda Revenda Kurd Li Derve bi v\u00ee awa ye:<\/h3>\n<h3 style=\"text-align: justify;\"><span style=\"font-family: 'arial black', sans-serif;\">Peyamek ji Navenda Revenda Kurd li derve<\/span><\/h3>\n<h3 style=\"text-align: justify;\">Navenda Revenda Kurd li derve, sersaxiy\u00ea li malbat\u00ean serbilind\u00ean p\u00eanc p\u00ea\u015fmergey\u00ean leheng \u00ean ku ji aliy\u00ea PKK&#8217;\u00ea ve hatib\u00fbn \u015feh\u00eedkirin dike.<\/h3>\n<h3 style=\"text-align: justify;\">Mixabin careke din me bih\u00eest \u00ear\u00ee\u015feke din a ne rewa ya \u00e7ekdar\u00ean PKK\u00ea ku \u00ear\u00ee\u015f\u00ee ser h\u00eaz\u00ean p\u00ea\u015fmerge kirin. Ew h\u00eaza p\u00eeroz a p\u00ea\u015fmergeyan ku di \u015fer\u00ea parastina ax \u00fb welat de gelek qurban\u00ee dan, li \u015f\u00fbna c\u00eehan\u00ea kar\u00ee h\u00eaz\u00ean re\u015f \u00fb tar\u00ee y\u00ean teror\u00eest\u00ean DAI\u015e\u00ea bi\u015fk\u00eene \u00fb r\u00fbyek\u00ee netewey\u00ee y\u00ea xwe\u015fik \u00fb r\u00fbpeleke z\u00ear\u00een ji\u00a0d\u00eeroka gel\u00ea me re \u00e7\u00eabike \u00fb bibe c\u00eehek\u00ee p\u00eeroz li seranser c\u00eehan\u00ea.<\/h3>\n<h3 style=\"text-align: justify;\">\u00car\u00ee\u015fa PKK\u00ea \u00ear\u00ee\u015feke ne rewa ye bo ser desthilatdariya Her\u00eama Kurdistan\u00ea \u00fb armanca v\u00ea p\u00eekol\u00ea j\u00ee ji bil\u00ee xizmetkirina rasterast bo dijmin\u00ean gel\u00ea me \u00fb di heman dem\u00ea de hewleke namerdane ye bo vek\u00ea\u015fana h\u00eaz\u00ean p\u00ea\u015fmerge y\u00ean Kurdistan\u00ea bo nava \u015ferek\u00ee nexwest\u00ee \u00fb behane dan e art\u00ea\u015fa Turkiyey\u00ea bo z\u00eadetir dag\u00eerkirina axa Her\u00eama Kurdistan\u00ea. Ji ber v\u00ea yek\u00ea em daxwaz ji serkirdayetiya PKK\u00ea dikin ku \u015fer li Her\u00eama Kurdistan\u00ea dernexin ji ber ku ev yek ji bo nif\u00fbs, j\u00eengeh \u00fb Her\u00eama Kurdistan\u00ea xesareke sereke ye. Div\u00ea PKK \u00fb Tirkiye \u015fer\u00ea xwe ji Her\u00eama Kurdistan\u00ea d\u00fbr bixin da ku jiyan, debar, ji n\u00fb ve b\u00ea avakirin \u00fb a\u015ft\u00ee vegere bi sedan gund\u00ean ku bi van destwerdanan hatine terikandin \u00fb w\u00earankirin.<\/h3>\n<h3 style=\"text-align: justify;\">Em ji niv\u00eeskar\u00ean bi w\u00eejdan \u00fb dilsoz\u00ean netewe daxwaz dikin ku berevaniy\u00ea li reway\u00ee \u00fb desthilatdariya Her\u00eama Kurdistan\u00ea bikin ku berhem\u00ea t\u00eako\u015f\u00een \u00fb qurban\u00eedana dehan salan e. Daxwaz ji serkirdayetiya PKK\u00ea dikin ku \u00ead\u00ee Her\u00eama Kurdistan\u00ea neke qada \u015fer \u00fb nakokiy\u00ean ligel Tirkiyey\u00ea \u00e7areser bike \u00fb diyalogeke netewey\u00ee \u00fb Kurdistan\u00ee hilbij\u00eare.<\/h3>\n<h3 style=\"text-align: justify;\"><span style=\"font-family: 'arial black', sans-serif;\">Bij\u00ee Kurd, Bij\u00ee Kurdistan.<\/span><\/h3>\n<h3 style=\"text-align: justify;\"><span style=\"font-family: 'arial black', sans-serif;\">Navenda Revenda Kurd li derve<\/span><\/h3>\n","protected":false},"excerpt":{"rendered":"<p>Navenda Revenda Kurd li Derve di daxuyaniyek\u00ea de \u00ear\u00ee\u015fa duh ya \u00e7ekdar\u00ean PKK\u00ea li ser p\u00ea\u015fmerge pirotesto kir \u00fb ragihand, mixabin carek din me bih\u00eest \u00e7ekdar\u00ean PKK\u00ea \u00ear\u00ee\u015f\u00ee ser h\u00eaz\u00ean p\u00ea\u015fmerge kiriye, ev \u00ear\u00ee\u015fa PKK\u00ea \u00ear\u00ee\u015fek pir ne rewaye ji boy ser desthilata Her\u00eama Kurdistan\u00ea \u00fb armanca v\u00ea \u00ear\u00ee\u015f\u00ea ji bil\u00ee xizmetkirina rasterast a dujmin\u00ean [&hellip;]<\/p>\n","protected":false},"author":2,"featured_media":1022212,"comment_status":"closed","ping_status":"closed","sticky":false,"template":"","format":"standard","meta":{"footnotes":""},"categories":[29],"tags":[37],"class_list":["post-1022211","post","type-post","status-publish","format-standard","has-post-thumbnail","hentry","category-kurdistan","tag-sereke"],"blocksy_meta":[],"seo_head":"<!-- This site is optimized with the Yoast SEO plugin v27.5 - https:\/\/yoast.com\/product\/yoast-seo-wordpress\/ -->\n<title>Navenda Revenda Kurd Li Derve: \u00ear\u00ee\u015fa PKK\u00ea li ser p\u00ea\u015fmergeyan rasterast dikeve di xizmeta tirkiy\u00ea de - Darka Maz\u00ee<\/title>\n<meta name=\"robots\" content=\"index, follow, max-snippet:-1, max-image-preview:large, max-video-preview:-1\" \/>\n<link rel=\"canonical\" href=\"https:\/\/darkamazi.info\/archives\/1022211\" \/>\n<meta property=\"og:locale\" content=\"en_US\" \/>\n<meta property=\"og:type\" content=\"article\" \/>\n<meta property=\"og:title\" content=\"Navenda Revenda Kurd Li Derve: \u00ear\u00ee\u015fa PKK\u00ea li ser p\u00ea\u015fmergeyan rasterast dikeve di xizmeta tirkiy\u00ea de - Darka Maz\u00ee\" \/>\n<meta property=\"og:description\" content=\"Navenda Revenda Kurd li Derve di daxuyaniyek\u00ea de \u00ear\u00ee\u015fa duh ya \u00e7ekdar\u00ean PKK\u00ea li ser p\u00ea\u015fmerge pirotesto kir \u00fb ragihand, mixabin carek din me bih\u00eest \u00e7ekdar\u00ean PKK\u00ea \u00ear\u00ee\u015f\u00ee ser h\u00eaz\u00ean p\u00ea\u015fmerge kiriye, ev \u00ear\u00ee\u015fa PKK\u00ea \u00ear\u00ee\u015fek pir ne rewaye ji boy ser desthilata Her\u00eama Kurdistan\u00ea \u00fb armanca v\u00ea \u00ear\u00ee\u015f\u00ea ji bil\u00ee xizmetkirina rasterast a dujmin\u00ean [&hellip;]\" \/>\n<meta property=\"og:url\" content=\"https:\/\/darkamazi.info\/archives\/1022211\" \/>\n<meta property=\"og:site_name\" content=\"Darka Maz\u00ee\" \/>\n<meta property=\"article:publisher\" content=\"https:\/\/www.facebook.com\/DarMaziKurmanci\" \/>\n<meta property=\"article:published_time\" content=\"2021-06-06T13:47:00+00:00\" \/>\n<meta property=\"article:modified_time\" content=\"2021-09-11T09:53:58+00:00\" \/>\n<meta property=\"og:image\" content=\"https:\/\/darkamazi.info\/file\/2021\/06\/Logo-3.jpg\" \/>\n\t<meta property=\"og:image:width\" content=\"900\" \/>\n\t<meta property=\"og:image:height\" content=\"497\" \/>\n\t<meta property=\"og:image:type\" content=\"image\/jpeg\" \/>\n<meta name=\"author\" content=\"darka mazi\" \/>\n<meta name=\"twitter:card\" content=\"summary_large_image\" \/>\n<meta name=\"twitter:creator\" content=\"@DarkaMaziLatini\" \/>\n<meta name=\"twitter:site\" content=\"@DarkaMaziLatini\" \/>\n<meta name=\"twitter:label1\" content=\"Written by\" \/>\n\t<meta name=\"twitter:data1\" content=\"darka mazi\" \/>\n\t<meta name=\"twitter:label2\" content=\"Est. reading time\" \/>\n\t<meta name=\"twitter:data2\" content=\"2 minutes\" \/>\n<script type=\"application\/ld+json\" class=\"seo-schema-graph\">{\"@context\":\"https:\\\/\\\/schema.org\",\"@graph\":[{\"@type\":\"Article\",\"@id\":\"https:\\\/\\\/darkamazi.info\\\/archives\\\/1022211#article\",\"isPartOf\":{\"@id\":\"https:\\\/\\\/darkamazi.info\\\/archives\\\/1022211\"},\"author\":{\"name\":\"darka mazi\",\"@id\":\"https:\\\/\\\/darkamazi.info\\\/#\\\/schema\\\/person\\\/5ad3e24553a0567993fa8ed4bd0a776c\"},\"headline\":\"Navenda Revenda Kurd Li Derve: \u00ear\u00ee\u015fa PKK\u00ea li ser p\u00ea\u015fmergeyan rasterast dikeve di xizmeta tirkiy\u00ea de\",\"datePublished\":\"2021-06-06T13:47:00+00:00\",\"dateModified\":\"2021-09-11T09:53:58+00:00\",\"mainEntityOfPage\":{\"@id\":\"https:\\\/\\\/darkamazi.info\\\/archives\\\/1022211\"},\"wordCount\":446,\"publisher\":{\"@id\":\"https:\\\/\\\/darkamazi.info\\\/#organization\"},\"image\":{\"@id\":\"https:\\\/\\\/darkamazi.info\\\/archives\\\/1022211#primaryimage\"},\"thumbnailUrl\":\"https:\\\/\\\/darkamazi.info\\\/darka-content\\\/uploads\\\/2021\\\/06\\\/Logo-3.jpg\",\"keywords\":[\"sereke\"],\"articleSection\":[\"Kurdistan\"],\"inLanguage\":\"en-US\"},{\"@type\":\"WebPage\",\"@id\":\"https:\\\/\\\/darkamazi.info\\\/archives\\\/1022211\",\"url\":\"https:\\\/\\\/darkamazi.info\\\/archives\\\/1022211\",\"name\":\"Navenda Revenda Kurd Li Derve: \u00ear\u00ee\u015fa PKK\u00ea li ser p\u00ea\u015fmergeyan rasterast dikeve di xizmeta tirkiy\u00ea de - Darka Maz\u00ee\",\"isPartOf\":{\"@id\":\"https:\\\/\\\/darkamazi.info\\\/#website\"},\"primaryImageOfPage\":{\"@id\":\"https:\\\/\\\/darkamazi.info\\\/archives\\\/1022211#primaryimage\"},\"image\":{\"@id\":\"https:\\\/\\\/darkamazi.info\\\/archives\\\/1022211#primaryimage\"},\"thumbnailUrl\":\"https:\\\/\\\/darkamazi.info\\\/darka-content\\\/uploads\\\/2021\\\/06\\\/Logo-3.jpg\",\"datePublished\":\"2021-06-06T13:47:00+00:00\",\"dateModified\":\"2021-09-11T09:53:58+00:00\",\"breadcrumb\":{\"@id\":\"https:\\\/\\\/darkamazi.info\\\/archives\\\/1022211#breadcrumb\"},\"inLanguage\":\"en-US\",\"potentialAction\":[{\"@type\":\"ReadAction\",\"target\":[\"https:\\\/\\\/darkamazi.info\\\/archives\\\/1022211\"]}]},{\"@type\":\"ImageObject\",\"inLanguage\":\"en-US\",\"@id\":\"https:\\\/\\\/darkamazi.info\\\/archives\\\/1022211#primaryimage\",\"url\":\"https:\\\/\\\/darkamazi.info\\\/darka-content\\\/uploads\\\/2021\\\/06\\\/Logo-3.jpg\",\"contentUrl\":\"https:\\\/\\\/darkamazi.info\\\/darka-content\\\/uploads\\\/2021\\\/06\\\/Logo-3.jpg\",\"width\":900,\"height\":497,\"caption\":\"Navenda Revenda Kurd Li Derve: \u00ear\u00ee\u015fa PKK\u00ea li ser p\u00ea\u015fmergeyan rasterast dikeve di xizmeta tirkiy\u00ea de\"},{\"@type\":\"BreadcrumbList\",\"@id\":\"https:\\\/\\\/darkamazi.info\\\/archives\\\/1022211#breadcrumb\",\"itemListElement\":[{\"@type\":\"ListItem\",\"position\":1,\"name\":\"Home\",\"item\":\"https:\\\/\\\/darkamazi.info\\\/\"},{\"@type\":\"ListItem\",\"position\":2,\"name\":\"Navenda Revenda Kurd Li Derve: \u00ear\u00ee\u015fa PKK\u00ea li ser p\u00ea\u015fmergeyan rasterast dikeve di xizmeta tirkiy\u00ea de\"}]},{\"@type\":\"WebSite\",\"@id\":\"https:\\\/\\\/darkamazi.info\\\/#website\",\"url\":\"https:\\\/\\\/darkamazi.info\\\/\",\"name\":\"Darka Maz\u00ee\",\"description\":\"P\u00eageha Zanyariy\u00ean Nebih\u00eest\u00ee\",\"publisher\":{\"@id\":\"https:\\\/\\\/darkamazi.info\\\/#organization\"},\"potentialAction\":[{\"@type\":\"SearchAction\",\"target\":{\"@type\":\"EntryPoint\",\"urlTemplate\":\"https:\\\/\\\/darkamazi.info\\\/?s={search_term_string}\"},\"query-input\":{\"@type\":\"PropertyValueSpecification\",\"valueRequired\":true,\"valueName\":\"search_term_string\"}}],\"inLanguage\":\"en-US\"},{\"@type\":\"Organization\",\"@id\":\"https:\\\/\\\/darkamazi.info\\\/#organization\",\"name\":\"Darka Maz\u00ee\",\"url\":\"https:\\\/\\\/darkamazi.info\\\/\",\"logo\":{\"@type\":\"ImageObject\",\"inLanguage\":\"en-US\",\"@id\":\"https:\\\/\\\/darkamazi.info\\\/#\\\/schema\\\/logo\\\/image\\\/\",\"url\":\"https:\\\/\\\/darkamazi.info\\\/darka-content\\\/uploads\\\/2017\\\/12\\\/darka-mazi-logo.png\",\"contentUrl\":\"https:\\\/\\\/darkamazi.info\\\/darka-content\\\/uploads\\\/2017\\\/12\\\/darka-mazi-logo.png\",\"width\":151,\"height\":75,\"caption\":\"Darka Maz\u00ee\"},\"image\":{\"@id\":\"https:\\\/\\\/darkamazi.info\\\/#\\\/schema\\\/logo\\\/image\\\/\"},\"sameAs\":[\"https:\\\/\\\/www.facebook.com\\\/DarMaziKurmanci\",\"https:\\\/\\\/x.com\\\/DarkaMaziLatini\",\"https:\\\/\\\/www.instagram.com\\\/darkamazi.kurmanci\\\/\",\"https:\\\/\\\/www.youtube.com\\\/channel\\\/UCa5HkTdmI8U1qCUFuTw8B2g\"]},{\"@type\":\"Person\",\"@id\":\"https:\\\/\\\/darkamazi.info\\\/#\\\/schema\\\/person\\\/5ad3e24553a0567993fa8ed4bd0a776c\",\"name\":\"darka mazi\",\"sameAs\":[\"https:\\\/\\\/darkamazi.info\\\/\"],\"url\":\"https:\\\/\\\/darkamazi.info\\\/archives\\\/author\\\/kurdi\"}]}<\/script>\n<!-- \/ Yoast SEO plugin. -->","seo_head_json":{"title":"Navenda Revenda Kurd Li Derve: \u00ear\u00ee\u015fa PKK\u00ea li ser p\u00ea\u015fmergeyan rasterast dikeve di xizmeta tirkiy\u00ea de - Darka Maz\u00ee","robots":{"index":"index","follow":"follow","max-snippet":"max-snippet:-1","max-image-preview":"max-image-preview:large","max-video-preview":"max-video-preview:-1"},"canonical":"https:\/\/darkamazi.info\/archives\/1022211","og_locale":"en_US","og_type":"article","og_title":"Navenda Revenda Kurd Li Derve: \u00ear\u00ee\u015fa PKK\u00ea li ser p\u00ea\u015fmergeyan rasterast dikeve di xizmeta tirkiy\u00ea de - Darka Maz\u00ee","og_description":"Navenda Revenda Kurd li Derve di daxuyaniyek\u00ea de \u00ear\u00ee\u015fa duh ya \u00e7ekdar\u00ean PKK\u00ea li ser p\u00ea\u015fmerge pirotesto kir \u00fb ragihand, mixabin carek din me bih\u00eest \u00e7ekdar\u00ean PKK\u00ea \u00ear\u00ee\u015f\u00ee ser h\u00eaz\u00ean p\u00ea\u015fmerge kiriye, ev \u00ear\u00ee\u015fa PKK\u00ea \u00ear\u00ee\u015fek pir ne rewaye ji boy ser desthilata Her\u00eama Kurdistan\u00ea \u00fb armanca v\u00ea \u00ear\u00ee\u015f\u00ea ji bil\u00ee xizmetkirina rasterast a dujmin\u00ean [&hellip;]","og_url":"https:\/\/darkamazi.info\/archives\/1022211","og_site_name":"Darka Maz\u00ee","article_publisher":"https:\/\/www.facebook.com\/DarMaziKurmanci","article_published_time":"2021-06-06T13:47:00+00:00","article_modified_time":"2021-09-11T09:53:58+00:00","og_image":[{"width":900,"height":497,"url":"https:\/\/darkamazi.info\/file\/2021\/06\/Logo-3.jpg","type":"image\/jpeg"}],"author":"darka mazi","twitter_card":"summary_large_image","twitter_creator":"@DarkaMaziLatini","twitter_site":"@DarkaMaziLatini","twitter_misc":{"Written by":"darka mazi","Est. reading time":"2 minutes"},"schema":{"@context":"https:\/\/schema.org","@graph":[{"@type":"Article","@id":"https:\/\/darkamazi.info\/archives\/1022211#article","isPartOf":{"@id":"https:\/\/darkamazi.info\/archives\/1022211"},"author":{"name":"darka mazi","@id":"https:\/\/darkamazi.info\/#\/schema\/person\/5ad3e24553a0567993fa8ed4bd0a776c"},"headline":"Navenda Revenda Kurd Li Derve: \u00ear\u00ee\u015fa PKK\u00ea li ser p\u00ea\u015fmergeyan rasterast dikeve di xizmeta tirkiy\u00ea de","datePublished":"2021-06-06T13:47:00+00:00","dateModified":"2021-09-11T09:53:58+00:00","mainEntityOfPage":{"@id":"https:\/\/darkamazi.info\/archives\/1022211"},"wordCount":446,"publisher":{"@id":"https:\/\/darkamazi.info\/#organization"},"image":{"@id":"https:\/\/darkamazi.info\/archives\/1022211#primaryimage"},"thumbnailUrl":"https:\/\/darkamazi.info\/file\/2021\/06\/Logo-3.jpg","keywords":["sereke"],"articleSection":["Kurdistan"],"inLanguage":"en-US"},{"@type":"WebPage","@id":"https:\/\/darkamazi.info\/archives\/1022211","url":"https:\/\/darkamazi.info\/archives\/1022211","name":"Navenda Revenda Kurd Li Derve: \u00ear\u00ee\u015fa PKK\u00ea li ser p\u00ea\u015fmergeyan rasterast dikeve di xizmeta tirkiy\u00ea de - Darka Maz\u00ee","isPartOf":{"@id":"https:\/\/darkamazi.info\/#website"},"primaryImageOfPage":{"@id":"https:\/\/darkamazi.info\/archives\/1022211#primaryimage"},"image":{"@id":"https:\/\/darkamazi.info\/archives\/1022211#primaryimage"},"thumbnailUrl":"https:\/\/darkamazi.info\/file\/2021\/06\/Logo-3.jpg","datePublished":"2021-06-06T13:47:00+00:00","dateModified":"2021-09-11T09:53:58+00:00","breadcrumb":{"@id":"https:\/\/darkamazi.info\/archives\/1022211#breadcrumb"},"inLanguage":"en-US","potentialAction":[{"@type":"ReadAction","target":["https:\/\/darkamazi.info\/archives\/1022211"]}]},{"@type":"ImageObject","inLanguage":"en-US","@id":"https:\/\/darkamazi.info\/archives\/1022211#primaryimage","url":"https:\/\/darkamazi.info\/file\/2021\/06\/Logo-3.jpg","contentUrl":"https:\/\/darkamazi.info\/file\/2021\/06\/Logo-3.jpg","width":900,"height":497,"caption":"Navenda Revenda Kurd Li Derve: \u00ear\u00ee\u015fa PKK\u00ea li ser p\u00ea\u015fmergeyan rasterast dikeve di xizmeta tirkiy\u00ea de"},{"@type":"BreadcrumbList","@id":"https:\/\/darkamazi.info\/archives\/1022211#breadcrumb","itemListElement":[{"@type":"ListItem","position":1,"name":"Home","item":"https:\/\/darkamazi.info\/"},{"@type":"ListItem","position":2,"name":"Navenda Revenda Kurd Li Derve: \u00ear\u00ee\u015fa PKK\u00ea li ser p\u00ea\u015fmergeyan rasterast dikeve di xizmeta tirkiy\u00ea de"}]},{"@type":"WebSite","@id":"https:\/\/darkamazi.info\/#website","url":"https:\/\/darkamazi.info\/","name":"Darka Maz\u00ee","description":"P\u00eageha Zanyariy\u00ean Nebih\u00eest\u00ee","publisher":{"@id":"https:\/\/darkamazi.info\/#organization"},"potentialAction":[{"@type":"SearchAction","target":{"@type":"EntryPoint","urlTemplate":"https:\/\/darkamazi.info\/?s={search_term_string}"},"query-input":{"@type":"PropertyValueSpecification","valueRequired":true,"valueName":"search_term_string"}}],"inLanguage":"en-US"},{"@type":"Organization","@id":"https:\/\/darkamazi.info\/#organization","name":"Darka Maz\u00ee","url":"https:\/\/darkamazi.info\/","logo":{"@type":"ImageObject","inLanguage":"en-US","@id":"https:\/\/darkamazi.info\/#\/schema\/logo\/image\/","url":"https:\/\/darkamazi.info\/file\/2017\/12\/darka-mazi-logo.png","contentUrl":"https:\/\/darkamazi.info\/file\/2017\/12\/darka-mazi-logo.png","width":151,"height":75,"caption":"Darka Maz\u00ee"},"image":{"@id":"https:\/\/darkamazi.info\/#\/schema\/logo\/image\/"},"sameAs":["https:\/\/www.facebook.com\/DarMaziKurmanci","https:\/\/x.com\/DarkaMaziLatini","https:\/\/www.instagram.com\/darkamazi.kurmanci\/","https:\/\/www.youtube.com\/channel\/UCa5HkTdmI8U1qCUFuTw8B2g"]},{"@type":"Person","@id":"https:\/\/darkamazi.info\/#\/schema\/person\/5ad3e24553a0567993fa8ed4bd0a776c","name":"darka mazi","sameAs":["https:\/\/darkamazi.info\/"],"url":"https:\/\/darkamazi.info\/archives\/author\/kurdi"}]}},"_links":{"self":[{"href":"https:\/\/darkamazi.info\/funavuv\/wp\/v2\/posts\/1022211","targetHints":{"allow":["GET"]}}],"collection":[{"href":"https:\/\/darkamazi.info\/funavuv\/wp\/v2\/posts"}],"about":[{"href":"https:\/\/darkamazi.info\/funavuv\/wp\/v2\/types\/post"}],"author":[{"embeddable":true,"href":"https:\/\/darkamazi.info\/funavuv\/wp\/v2\/users\/2"}],"replies":[{"embeddable":true,"href":"https:\/\/darkamazi.info\/funavuv\/wp\/v2\/comments?post=1022211"}],"version-history":[{"count":0,"href":"https:\/\/darkamazi.info\/funavuv\/wp\/v2\/posts\/1022211\/revisions"}],"wp:featuredmedia":[{"embeddable":true,"href":"https:\/\/darkamazi.info\/funavuv\/wp\/v2\/media\/1022212"}],"wp:attachment":[{"href":"https:\/\/darkamazi.info\/funavuv\/wp\/v2\/media?parent=1022211"}],"wp:term":[{"taxonomy":"category","embeddable":true,"href":"https:\/\/darkamazi.info\/funavuv\/wp\/v2\/categories?post=1022211"},{"taxonomy":"post_tag","embeddable":true,"href":"https:\/\/darkamazi.info\/funavuv\/wp\/v2\/tags?post=1022211"}],"curies":[{"name":"wp","href":"https:\/\/api.w.org\/{rel}","templated":true}]}}