{"id":1022214,"date":"2021-06-06T17:40:16","date_gmt":"2021-06-06T14:40:16","guid":{"rendered":"https:\/\/darkamazi.info\/?p=1022214"},"modified":"2022-08-30T18:29:42","modified_gmt":"2022-08-30T15:29:42","slug":"pkk-kare-xwe-dike","status":"publish","type":"post","link":"https:\/\/darkamazi.info\/archives\/1022214","title":{"rendered":"PKK kar\u00ea xwe dike???"},"content":{"rendered":"<h3><span style=\"font-family: 'arial black', sans-serif; color: #0000ff;\">B\u00fbb\u00ea Eser<\/span><\/h3>\n<h3 style=\"text-align: justify;\"><span style=\"font-family: 'arial black', sans-serif;\">PKK ji bona ku\u015ftina kurdan, w\u00earankirina kurdistan\u00ea valakirina gund \u00fb bajar\u00ean Kurdistan\u00ea hatiye damezrandin.<\/span><\/h3>\n<h3 style=\"text-align: justify;\">Ji bona kurd li v\u00ea c\u00eehan\u00ea \u00fb li ser erda xwe ti\u015ftek\u00ee bi dest neke, hatiye damezrandin.<\/h3>\n<h3 style=\"text-align: justify;\">Armanc \u00fb hedefa PKK diyar e. L\u00ea \u00e7i mixabin hin kurd h\u00ea j\u00ee ev f\u00eam nekirine, hin j\u00ee ji ber berjewendiy\u00ean \u015fexs\u00ee naxwazin v\u00ea f\u00eam j\u00ee bikin.<\/h3>\n<h3 style=\"text-align: justify;\">Heta ku ev \u00eemkan ji PKK re hebe w\u00ea her kurdan bikuje. Ku\u015ftina kurdan ji bona PKK serbilind\u00ee \u00fb cih\u00ea \u015fanaziy\u00ea ye.<\/h3>\n<h3 style=\"text-align: justify;\">Heta ku PKK di xw\u00eena xwe de ney\u00ea fetisandin, w\u00ea her van kiryar\u00ean xwe \u00ea qir\u00eaj y\u00ean ji bona tunekirina kurdan berdewam bikin.<\/h3>\n<h3 style=\"text-align: justify;\">Div\u00ea gel\u00ea kurd li hember PKK\u00ea bibe xwed\u00ee helwest yana ew \u00ea her kar\u00ea xwe bidom\u00eenin l\u00ea \u00ead\u00ee div\u00ea em j\u00ee kar\u00ea xwe bikin.<\/h3>\n<h3 style=\"text-align: justify;\">Ez ser\u00ea xwe li ber hem\u00ee teko\u015f\u00eena p\u00ea\u015fmergey\u00ean cangor\u00ee ditew\u00eenim.<\/h3>\n","protected":false},"excerpt":{"rendered":"<p>B\u00fbb\u00ea Eser PKK ji bona ku\u015ftina kurdan, w\u00earankirina kurdistan\u00ea valakirina gund \u00fb bajar\u00ean Kurdistan\u00ea hatiye damezrandin. Ji bona kurd li v\u00ea c\u00eehan\u00ea \u00fb li ser erda xwe ti\u015ftek\u00ee bi dest neke, hatiye damezrandin. Armanc \u00fb hedefa PKK diyar e. L\u00ea \u00e7i mixabin hin kurd h\u00ea j\u00ee ev f\u00eam nekirine, hin j\u00ee ji ber berjewendiy\u00ean \u015fexs\u00ee [&hellip;]<\/p>\n","protected":false},"author":2,"featured_media":1022215,"comment_status":"closed","ping_status":"closed","sticky":false,"template":"","format":"standard","meta":{"footnotes":""},"categories":[28],"tags":[83,37],"class_list":["post-1022214","post","type-post","status-publish","format-standard","has-post-thumbnail","hentry","category-nerin","tag-bube-eser","tag-sereke"],"blocksy_meta":[],"seo_head":"<!-- This site is optimized with the Yoast SEO plugin v27.5 - https:\/\/yoast.com\/product\/yoast-seo-wordpress\/ -->\n<title>PKK kar\u00ea xwe dike??? - Darka Maz\u00ee<\/title>\n<meta name=\"robots\" content=\"index, follow, max-snippet:-1, max-image-preview:large, max-video-preview:-1\" \/>\n<link rel=\"canonical\" href=\"https:\/\/darkamazi.info\/archives\/1022214\" \/>\n<meta property=\"og:locale\" content=\"en_US\" \/>\n<meta property=\"og:type\" content=\"article\" \/>\n<meta property=\"og:title\" content=\"PKK kar\u00ea xwe dike??? - Darka Maz\u00ee\" \/>\n<meta property=\"og:description\" content=\"B\u00fbb\u00ea Eser PKK ji bona ku\u015ftina kurdan, w\u00earankirina kurdistan\u00ea valakirina gund \u00fb bajar\u00ean Kurdistan\u00ea hatiye damezrandin. Ji bona kurd li v\u00ea c\u00eehan\u00ea \u00fb li ser erda xwe ti\u015ftek\u00ee bi dest neke, hatiye damezrandin. Armanc \u00fb hedefa PKK diyar e. L\u00ea \u00e7i mixabin hin kurd h\u00ea j\u00ee ev f\u00eam nekirine, hin j\u00ee ji ber berjewendiy\u00ean \u015fexs\u00ee [&hellip;]\" \/>\n<meta property=\"og:url\" content=\"https:\/\/darkamazi.info\/archives\/1022214\" \/>\n<meta property=\"og:site_name\" content=\"Darka Maz\u00ee\" \/>\n<meta property=\"article:publisher\" content=\"https:\/\/www.facebook.com\/DarMaziKurmanci\" \/>\n<meta property=\"article:published_time\" content=\"2021-06-06T14:40:16+00:00\" \/>\n<meta property=\"article:modified_time\" content=\"2022-08-30T15:29:42+00:00\" \/>\n<meta property=\"og:image\" content=\"https:\/\/darkamazi.info\/file\/2021\/06\/Logoddddddddddddd.jpg\" \/>\n\t<meta property=\"og:image:width\" content=\"900\" \/>\n\t<meta property=\"og:image:height\" content=\"497\" \/>\n\t<meta property=\"og:image:type\" content=\"image\/jpeg\" \/>\n<meta name=\"author\" content=\"darka mazi\" \/>\n<meta name=\"twitter:card\" content=\"summary_large_image\" \/>\n<meta name=\"twitter:creator\" content=\"@DarkaMaziLatini\" \/>\n<meta name=\"twitter:site\" content=\"@DarkaMaziLatini\" \/>\n<meta name=\"twitter:label1\" content=\"Written by\" \/>\n\t<meta name=\"twitter:data1\" content=\"darka mazi\" \/>\n\t<meta name=\"twitter:label2\" content=\"Est. reading time\" \/>\n\t<meta name=\"twitter:data2\" content=\"1 minute\" \/>\n<script type=\"application\/ld+json\" class=\"seo-schema-graph\">{\"@context\":\"https:\\\/\\\/schema.org\",\"@graph\":[{\"@type\":\"Article\",\"@id\":\"https:\\\/\\\/darkamazi.info\\\/archives\\\/1022214#article\",\"isPartOf\":{\"@id\":\"https:\\\/\\\/darkamazi.info\\\/archives\\\/1022214\"},\"author\":{\"name\":\"darka mazi\",\"@id\":\"https:\\\/\\\/darkamazi.info\\\/#\\\/schema\\\/person\\\/5ad3e24553a0567993fa8ed4bd0a776c\"},\"headline\":\"PKK kar\u00ea xwe dike???\",\"datePublished\":\"2021-06-06T14:40:16+00:00\",\"dateModified\":\"2022-08-30T15:29:42+00:00\",\"mainEntityOfPage\":{\"@id\":\"https:\\\/\\\/darkamazi.info\\\/archives\\\/1022214\"},\"wordCount\":156,\"publisher\":{\"@id\":\"https:\\\/\\\/darkamazi.info\\\/#organization\"},\"image\":{\"@id\":\"https:\\\/\\\/darkamazi.info\\\/archives\\\/1022214#primaryimage\"},\"thumbnailUrl\":\"https:\\\/\\\/darkamazi.info\\\/darka-content\\\/uploads\\\/2021\\\/06\\\/Logoddddddddddddd.jpg\",\"keywords\":[\"B\u00fbb\u00ea Eser\",\"sereke\"],\"articleSection\":[\"Ner\u00een\"],\"inLanguage\":\"en-US\"},{\"@type\":\"WebPage\",\"@id\":\"https:\\\/\\\/darkamazi.info\\\/archives\\\/1022214\",\"url\":\"https:\\\/\\\/darkamazi.info\\\/archives\\\/1022214\",\"name\":\"PKK kar\u00ea xwe dike??? - Darka Maz\u00ee\",\"isPartOf\":{\"@id\":\"https:\\\/\\\/darkamazi.info\\\/#website\"},\"primaryImageOfPage\":{\"@id\":\"https:\\\/\\\/darkamazi.info\\\/archives\\\/1022214#primaryimage\"},\"image\":{\"@id\":\"https:\\\/\\\/darkamazi.info\\\/archives\\\/1022214#primaryimage\"},\"thumbnailUrl\":\"https:\\\/\\\/darkamazi.info\\\/darka-content\\\/uploads\\\/2021\\\/06\\\/Logoddddddddddddd.jpg\",\"datePublished\":\"2021-06-06T14:40:16+00:00\",\"dateModified\":\"2022-08-30T15:29:42+00:00\",\"breadcrumb\":{\"@id\":\"https:\\\/\\\/darkamazi.info\\\/archives\\\/1022214#breadcrumb\"},\"inLanguage\":\"en-US\",\"potentialAction\":[{\"@type\":\"ReadAction\",\"target\":[\"https:\\\/\\\/darkamazi.info\\\/archives\\\/1022214\"]}]},{\"@type\":\"ImageObject\",\"inLanguage\":\"en-US\",\"@id\":\"https:\\\/\\\/darkamazi.info\\\/archives\\\/1022214#primaryimage\",\"url\":\"https:\\\/\\\/darkamazi.info\\\/darka-content\\\/uploads\\\/2021\\\/06\\\/Logoddddddddddddd.jpg\",\"contentUrl\":\"https:\\\/\\\/darkamazi.info\\\/darka-content\\\/uploads\\\/2021\\\/06\\\/Logoddddddddddddd.jpg\",\"width\":900,\"height\":497,\"caption\":\"PKK kar\u00ea xwe dike???\"},{\"@type\":\"BreadcrumbList\",\"@id\":\"https:\\\/\\\/darkamazi.info\\\/archives\\\/1022214#breadcrumb\",\"itemListElement\":[{\"@type\":\"ListItem\",\"position\":1,\"name\":\"Home\",\"item\":\"https:\\\/\\\/darkamazi.info\\\/\"},{\"@type\":\"ListItem\",\"position\":2,\"name\":\"PKK kar\u00ea xwe dike???\"}]},{\"@type\":\"WebSite\",\"@id\":\"https:\\\/\\\/darkamazi.info\\\/#website\",\"url\":\"https:\\\/\\\/darkamazi.info\\\/\",\"name\":\"Darka Maz\u00ee\",\"description\":\"P\u00eageha Zanyariy\u00ean Nebih\u00eest\u00ee\",\"publisher\":{\"@id\":\"https:\\\/\\\/darkamazi.info\\\/#organization\"},\"potentialAction\":[{\"@type\":\"SearchAction\",\"target\":{\"@type\":\"EntryPoint\",\"urlTemplate\":\"https:\\\/\\\/darkamazi.info\\\/?s={search_term_string}\"},\"query-input\":{\"@type\":\"PropertyValueSpecification\",\"valueRequired\":true,\"valueName\":\"search_term_string\"}}],\"inLanguage\":\"en-US\"},{\"@type\":\"Organization\",\"@id\":\"https:\\\/\\\/darkamazi.info\\\/#organization\",\"name\":\"Darka Maz\u00ee\",\"url\":\"https:\\\/\\\/darkamazi.info\\\/\",\"logo\":{\"@type\":\"ImageObject\",\"inLanguage\":\"en-US\",\"@id\":\"https:\\\/\\\/darkamazi.info\\\/#\\\/schema\\\/logo\\\/image\\\/\",\"url\":\"https:\\\/\\\/darkamazi.info\\\/darka-content\\\/uploads\\\/2017\\\/12\\\/darka-mazi-logo.png\",\"contentUrl\":\"https:\\\/\\\/darkamazi.info\\\/darka-content\\\/uploads\\\/2017\\\/12\\\/darka-mazi-logo.png\",\"width\":151,\"height\":75,\"caption\":\"Darka Maz\u00ee\"},\"image\":{\"@id\":\"https:\\\/\\\/darkamazi.info\\\/#\\\/schema\\\/logo\\\/image\\\/\"},\"sameAs\":[\"https:\\\/\\\/www.facebook.com\\\/DarMaziKurmanci\",\"https:\\\/\\\/x.com\\\/DarkaMaziLatini\",\"https:\\\/\\\/www.instagram.com\\\/darkamazi.kurmanci\\\/\",\"https:\\\/\\\/www.youtube.com\\\/channel\\\/UCa5HkTdmI8U1qCUFuTw8B2g\"]},{\"@type\":\"Person\",\"@id\":\"https:\\\/\\\/darkamazi.info\\\/#\\\/schema\\\/person\\\/5ad3e24553a0567993fa8ed4bd0a776c\",\"name\":\"darka mazi\",\"sameAs\":[\"https:\\\/\\\/darkamazi.info\\\/\"],\"url\":\"https:\\\/\\\/darkamazi.info\\\/archives\\\/author\\\/kurdi\"}]}<\/script>\n<!-- \/ Yoast SEO plugin. -->","seo_head_json":{"title":"PKK kar\u00ea xwe dike??? - Darka Maz\u00ee","robots":{"index":"index","follow":"follow","max-snippet":"max-snippet:-1","max-image-preview":"max-image-preview:large","max-video-preview":"max-video-preview:-1"},"canonical":"https:\/\/darkamazi.info\/archives\/1022214","og_locale":"en_US","og_type":"article","og_title":"PKK kar\u00ea xwe dike??? - Darka Maz\u00ee","og_description":"B\u00fbb\u00ea Eser PKK ji bona ku\u015ftina kurdan, w\u00earankirina kurdistan\u00ea valakirina gund \u00fb bajar\u00ean Kurdistan\u00ea hatiye damezrandin. Ji bona kurd li v\u00ea c\u00eehan\u00ea \u00fb li ser erda xwe ti\u015ftek\u00ee bi dest neke, hatiye damezrandin. Armanc \u00fb hedefa PKK diyar e. L\u00ea \u00e7i mixabin hin kurd h\u00ea j\u00ee ev f\u00eam nekirine, hin j\u00ee ji ber berjewendiy\u00ean \u015fexs\u00ee [&hellip;]","og_url":"https:\/\/darkamazi.info\/archives\/1022214","og_site_name":"Darka Maz\u00ee","article_publisher":"https:\/\/www.facebook.com\/DarMaziKurmanci","article_published_time":"2021-06-06T14:40:16+00:00","article_modified_time":"2022-08-30T15:29:42+00:00","og_image":[{"width":900,"height":497,"url":"https:\/\/darkamazi.info\/file\/2021\/06\/Logoddddddddddddd.jpg","type":"image\/jpeg"}],"author":"darka mazi","twitter_card":"summary_large_image","twitter_creator":"@DarkaMaziLatini","twitter_site":"@DarkaMaziLatini","twitter_misc":{"Written by":"darka mazi","Est. reading time":"1 minute"},"schema":{"@context":"https:\/\/schema.org","@graph":[{"@type":"Article","@id":"https:\/\/darkamazi.info\/archives\/1022214#article","isPartOf":{"@id":"https:\/\/darkamazi.info\/archives\/1022214"},"author":{"name":"darka mazi","@id":"https:\/\/darkamazi.info\/#\/schema\/person\/5ad3e24553a0567993fa8ed4bd0a776c"},"headline":"PKK kar\u00ea xwe dike???","datePublished":"2021-06-06T14:40:16+00:00","dateModified":"2022-08-30T15:29:42+00:00","mainEntityOfPage":{"@id":"https:\/\/darkamazi.info\/archives\/1022214"},"wordCount":156,"publisher":{"@id":"https:\/\/darkamazi.info\/#organization"},"image":{"@id":"https:\/\/darkamazi.info\/archives\/1022214#primaryimage"},"thumbnailUrl":"https:\/\/darkamazi.info\/file\/2021\/06\/Logoddddddddddddd.jpg","keywords":["B\u00fbb\u00ea Eser","sereke"],"articleSection":["Ner\u00een"],"inLanguage":"en-US"},{"@type":"WebPage","@id":"https:\/\/darkamazi.info\/archives\/1022214","url":"https:\/\/darkamazi.info\/archives\/1022214","name":"PKK kar\u00ea xwe dike??? - Darka Maz\u00ee","isPartOf":{"@id":"https:\/\/darkamazi.info\/#website"},"primaryImageOfPage":{"@id":"https:\/\/darkamazi.info\/archives\/1022214#primaryimage"},"image":{"@id":"https:\/\/darkamazi.info\/archives\/1022214#primaryimage"},"thumbnailUrl":"https:\/\/darkamazi.info\/file\/2021\/06\/Logoddddddddddddd.jpg","datePublished":"2021-06-06T14:40:16+00:00","dateModified":"2022-08-30T15:29:42+00:00","breadcrumb":{"@id":"https:\/\/darkamazi.info\/archives\/1022214#breadcrumb"},"inLanguage":"en-US","potentialAction":[{"@type":"ReadAction","target":["https:\/\/darkamazi.info\/archives\/1022214"]}]},{"@type":"ImageObject","inLanguage":"en-US","@id":"https:\/\/darkamazi.info\/archives\/1022214#primaryimage","url":"https:\/\/darkamazi.info\/file\/2021\/06\/Logoddddddddddddd.jpg","contentUrl":"https:\/\/darkamazi.info\/file\/2021\/06\/Logoddddddddddddd.jpg","width":900,"height":497,"caption":"PKK kar\u00ea xwe dike???"},{"@type":"BreadcrumbList","@id":"https:\/\/darkamazi.info\/archives\/1022214#breadcrumb","itemListElement":[{"@type":"ListItem","position":1,"name":"Home","item":"https:\/\/darkamazi.info\/"},{"@type":"ListItem","position":2,"name":"PKK kar\u00ea xwe dike???"}]},{"@type":"WebSite","@id":"https:\/\/darkamazi.info\/#website","url":"https:\/\/darkamazi.info\/","name":"Darka Maz\u00ee","description":"P\u00eageha Zanyariy\u00ean Nebih\u00eest\u00ee","publisher":{"@id":"https:\/\/darkamazi.info\/#organization"},"potentialAction":[{"@type":"SearchAction","target":{"@type":"EntryPoint","urlTemplate":"https:\/\/darkamazi.info\/?s={search_term_string}"},"query-input":{"@type":"PropertyValueSpecification","valueRequired":true,"valueName":"search_term_string"}}],"inLanguage":"en-US"},{"@type":"Organization","@id":"https:\/\/darkamazi.info\/#organization","name":"Darka Maz\u00ee","url":"https:\/\/darkamazi.info\/","logo":{"@type":"ImageObject","inLanguage":"en-US","@id":"https:\/\/darkamazi.info\/#\/schema\/logo\/image\/","url":"https:\/\/darkamazi.info\/file\/2017\/12\/darka-mazi-logo.png","contentUrl":"https:\/\/darkamazi.info\/file\/2017\/12\/darka-mazi-logo.png","width":151,"height":75,"caption":"Darka Maz\u00ee"},"image":{"@id":"https:\/\/darkamazi.info\/#\/schema\/logo\/image\/"},"sameAs":["https:\/\/www.facebook.com\/DarMaziKurmanci","https:\/\/x.com\/DarkaMaziLatini","https:\/\/www.instagram.com\/darkamazi.kurmanci\/","https:\/\/www.youtube.com\/channel\/UCa5HkTdmI8U1qCUFuTw8B2g"]},{"@type":"Person","@id":"https:\/\/darkamazi.info\/#\/schema\/person\/5ad3e24553a0567993fa8ed4bd0a776c","name":"darka mazi","sameAs":["https:\/\/darkamazi.info\/"],"url":"https:\/\/darkamazi.info\/archives\/author\/kurdi"}]}},"_links":{"self":[{"href":"https:\/\/darkamazi.info\/funavuv\/wp\/v2\/posts\/1022214","targetHints":{"allow":["GET"]}}],"collection":[{"href":"https:\/\/darkamazi.info\/funavuv\/wp\/v2\/posts"}],"about":[{"href":"https:\/\/darkamazi.info\/funavuv\/wp\/v2\/types\/post"}],"author":[{"embeddable":true,"href":"https:\/\/darkamazi.info\/funavuv\/wp\/v2\/users\/2"}],"replies":[{"embeddable":true,"href":"https:\/\/darkamazi.info\/funavuv\/wp\/v2\/comments?post=1022214"}],"version-history":[{"count":0,"href":"https:\/\/darkamazi.info\/funavuv\/wp\/v2\/posts\/1022214\/revisions"}],"wp:featuredmedia":[{"embeddable":true,"href":"https:\/\/darkamazi.info\/funavuv\/wp\/v2\/media\/1022215"}],"wp:attachment":[{"href":"https:\/\/darkamazi.info\/funavuv\/wp\/v2\/media?parent=1022214"}],"wp:term":[{"taxonomy":"category","embeddable":true,"href":"https:\/\/darkamazi.info\/funavuv\/wp\/v2\/categories?post=1022214"},{"taxonomy":"post_tag","embeddable":true,"href":"https:\/\/darkamazi.info\/funavuv\/wp\/v2\/tags?post=1022214"}],"curies":[{"name":"wp","href":"https:\/\/api.w.org\/{rel}","templated":true}]}}