{"id":1022224,"date":"2021-06-06T20:09:57","date_gmt":"2021-06-06T17:09:57","guid":{"rendered":"https:\/\/darkamazi.info\/?p=1022224"},"modified":"2021-09-11T12:53:43","modified_gmt":"2021-09-11T09:53:43","slug":"psk-retina-xwina-pesmerge-xiyanete","status":"publish","type":"post","link":"https:\/\/darkamazi.info\/archives\/1022224","title":{"rendered":"PSK: R\u00eatina xw\u00eena p\u00ea\u015fmerge xiyanete"},"content":{"rendered":"<h3 style=\"text-align: justify;\"><span style=\"font-family: 'arial black', sans-serif;\">Partiya Sosyal\u00eest a Kurdistan\u00ea \u00ear\u00ee\u015fa \u00e7ekdar\u00ean PKK\u00ea li ser p\u00ea\u015fmergey\u00ean Kurdistan\u00ea ku t\u00eada 5 p\u00ea\u015fmerge \u015feh\u00eed \u00fb 6 p\u00ea\u015fmergey\u00ean din j\u00ee bir\u00eendar b\u00fbn pirotesto kir \u00fb ragihand, r\u00eatina xw\u00eena p\u00ea\u015fmerge xiyanete.<\/span><\/h3>\n<h3 style=\"text-align: justify;\"><span style=\"font-family: 'arial black', sans-serif;\">Daxuyaniya Partiya Sosyal\u00eest a Kurdistan\u00ea wihaye:<\/span><\/h3>\n<h3 style=\"text-align: justify;\">R\u00eatina Xw\u00eena P\u00ea\u015fmerge Xiyanet e<\/h3>\n<h3 style=\"text-align: justify;\">Do li Her\u00eama Kurdistan\u00ea li derdora Am\u00eadiy\u00ea li ser \u00ear\u00ee\u015fa PKK\u00ea p\u00eanc P\u00ea\u015fmerge j\u00eeyana xwe ji dest dan kirin \u00fb ewqas kes j\u00ee bir\u00eendar b\u00fbn. Em v\u00ea \u00ear\u00ee\u015fa li ser Pe\u015fmerge bi tund\u00ee \u015fermezar dikin \u00fb y\u00ean bir\u00eendar ra j\u00ee \u015f\u00eefay\u00ea x\u00ear\u00ea dixwazin.<\/h3>\n<h3 style=\"text-align: justify;\">Elbette kiryar\u00ean provakat\u00eef y\u00ean PKK\u00ea li Her\u00eama Kurdistan\u00ea n\u00fb n\u00eenin. Ev \u00ear\u00ee\u015fa daw\u00ee j\u00ee ni\u015fan dide ku \u00ead\u00ee PKK ji bo Her\u00eama Kurdistan\u00ea b\u00fbye xeterek mezin. PKK bi v\u00ea siyaseta xwe destkeftiy\u00ean Her\u00eama Kurdistan\u00ea dixe bin tal\u00fbk\u00ea, xesar dide stuya federe ya 30 sal\u00ee \u00fb aram\u00eey\u00ea li her\u00eam\u00ea t\u00eak dibe. E\u015fkere ye ku ev siyaseta bi v\u00ea away\u00ee ber\u00eeya her ti\u015ft\u00ee xizmeta h\u00eaz\u00ean dakirker dike ku ji bo fetisand\u0131na gel\u00ea Kurd kemin danine.<\/h3>\n<h3 style=\"text-align: justify;\">Div\u00ea PKK dev ji gefxwarina t\u00eakbirina azad\u00eeya Kurdistan\u00ea \u00fb destkeft\u00eey\u00ean netewey\u00ee berde.<\/h3>\n<h3 style=\"text-align: justify;\">P\u00eaw\u00eest e b\u00ea zan\u00een ku ku\u015ftina Pe\u015fmerge x\u00eeyaneteke her\u00ee mezin e. \u00db suda v\u00ea ne ji PKK\u00ea \u00fb ne j\u00ee ji gel\u00ea Kurd ra heye. \u00cero eger PKK dikare li Her\u00eama Kurdistan\u00ea bisitire, ev bi saya destkeft\u00eey\u00ean Ba\u015fur \u00fb keda bi deh hezaran Pe\u015fmerge ye. Div\u00ea her Kurd \u00fb dost\u00ea Kurdan beriya her ti\u015ft\u00ee ji keda Pe\u015fmerge ra r\u00eaz bigrin, azad\u00ee serwer\u00eeya Her\u00eama Kurdistan\u00ea bipar\u00eazin \u00fb xwed\u00ee li dezgey\u00ean gel\u00ea Kurd derkevin.<\/h3>\n<h3 style=\"text-align: justify;\">Em carek din bang li PKK\u00ea dikin;<\/h3>\n<h3 style=\"text-align: justify;\">V\u00ea siyaseta dijminane ya ku di xizmeta neyaran da ye biterik\u00eenin, ku siyaseta han\u00ea bo Kurdan w\u00ea bibe sedema karesat \u00fb malw\u00earan\u00ee.<\/h3>\n<h3 style=\"text-align: justify;\">Her wisa em bang\u00ea gel\u00ea xwe y\u00ea eql\u00ea selim j\u00ee dikin;<\/h3>\n<h3 style=\"text-align: justify;\">Li himber v\u00ea siyaseta xeternak helwesteke xurt ni\u015fan bidin. Bi dengeke bilindtir li hember\u00ea \u00ear\u00ee\u015f \u00fb plan\u00ean li dij\u00ea gel\u00ea me derkevin.<\/h3>\n<h3 style=\"text-align: justify;\">Werin em dek \u00fb dolab\u00ean dijmin\u00ean xwe y\u00ean qil\u00ear \u00fb tar\u00ee p\u00fb\u00e7 bikin.<\/h3>\n<h3 style=\"text-align: justify;\">Serkeft\u00ean d\u00ea ya me be, em \u00ea azad\u00eeya xwe bi dest bixin.<\/h3>\n<h3 style=\"text-align: justify;\"><span style=\"font-family: 'arial black', sans-serif;\">06.06.2021<\/span><\/h3>\n<h3 style=\"text-align: justify;\"><span style=\"font-family: 'arial black', sans-serif;\">Partiya Sosyal\u00eest a Kurdistan<\/span><\/h3>\n<h3 style=\"text-align: justify;\"><span style=\"font-family: 'arial black', sans-serif;\">PSK<\/span><\/h3>\n","protected":false},"excerpt":{"rendered":"<p>Partiya Sosyal\u00eest a Kurdistan\u00ea \u00ear\u00ee\u015fa \u00e7ekdar\u00ean PKK\u00ea li ser p\u00ea\u015fmergey\u00ean Kurdistan\u00ea ku t\u00eada 5 p\u00ea\u015fmerge \u015feh\u00eed \u00fb 6 p\u00ea\u015fmergey\u00ean din j\u00ee bir\u00eendar b\u00fbn pirotesto kir \u00fb ragihand, r\u00eatina xw\u00eena p\u00ea\u015fmerge xiyanete. Daxuyaniya Partiya Sosyal\u00eest a Kurdistan\u00ea wihaye: R\u00eatina Xw\u00eena P\u00ea\u015fmerge Xiyanet e Do li Her\u00eama Kurdistan\u00ea li derdora Am\u00eadiy\u00ea li ser \u00ear\u00ee\u015fa PKK\u00ea p\u00eanc P\u00ea\u015fmerge [&hellip;]<\/p>\n","protected":false},"author":2,"featured_media":1022225,"comment_status":"closed","ping_status":"closed","sticky":false,"template":"","format":"standard","meta":{"footnotes":""},"categories":[29],"tags":[37],"class_list":["post-1022224","post","type-post","status-publish","format-standard","has-post-thumbnail","hentry","category-kurdistan","tag-sereke"],"blocksy_meta":[],"seo_head":"<!-- This site is optimized with the Yoast SEO plugin v27.5 - https:\/\/yoast.com\/product\/yoast-seo-wordpress\/ -->\n<title>PSK: R\u00eatina xw\u00eena p\u00ea\u015fmerge xiyanete - Darka Maz\u00ee<\/title>\n<meta name=\"robots\" content=\"index, follow, max-snippet:-1, max-image-preview:large, max-video-preview:-1\" \/>\n<link rel=\"canonical\" href=\"https:\/\/darkamazi.info\/archives\/1022224\" \/>\n<meta property=\"og:locale\" content=\"en_US\" \/>\n<meta property=\"og:type\" content=\"article\" \/>\n<meta property=\"og:title\" content=\"PSK: R\u00eatina xw\u00eena p\u00ea\u015fmerge xiyanete - Darka Maz\u00ee\" \/>\n<meta property=\"og:description\" content=\"Partiya Sosyal\u00eest a Kurdistan\u00ea \u00ear\u00ee\u015fa \u00e7ekdar\u00ean PKK\u00ea li ser p\u00ea\u015fmergey\u00ean Kurdistan\u00ea ku t\u00eada 5 p\u00ea\u015fmerge \u015feh\u00eed \u00fb 6 p\u00ea\u015fmergey\u00ean din j\u00ee bir\u00eendar b\u00fbn pirotesto kir \u00fb ragihand, r\u00eatina xw\u00eena p\u00ea\u015fmerge xiyanete. Daxuyaniya Partiya Sosyal\u00eest a Kurdistan\u00ea wihaye: R\u00eatina Xw\u00eena P\u00ea\u015fmerge Xiyanet e Do li Her\u00eama Kurdistan\u00ea li derdora Am\u00eadiy\u00ea li ser \u00ear\u00ee\u015fa PKK\u00ea p\u00eanc P\u00ea\u015fmerge [&hellip;]\" \/>\n<meta property=\"og:url\" content=\"https:\/\/darkamazi.info\/archives\/1022224\" \/>\n<meta property=\"og:site_name\" content=\"Darka Maz\u00ee\" \/>\n<meta property=\"article:publisher\" content=\"https:\/\/www.facebook.com\/DarMaziKurmanci\" \/>\n<meta property=\"article:published_time\" content=\"2021-06-06T17:09:57+00:00\" \/>\n<meta property=\"article:modified_time\" content=\"2021-09-11T09:53:43+00:00\" \/>\n<meta property=\"og:image\" content=\"https:\/\/darkamazi.info\/file\/2021\/06\/partiya-sosyalista-kurd-psk.jpg\" \/>\n\t<meta property=\"og:image:width\" content=\"900\" \/>\n\t<meta property=\"og:image:height\" content=\"497\" \/>\n\t<meta property=\"og:image:type\" content=\"image\/jpeg\" \/>\n<meta name=\"author\" content=\"darka mazi\" \/>\n<meta name=\"twitter:card\" content=\"summary_large_image\" \/>\n<meta name=\"twitter:creator\" content=\"@DarkaMaziLatini\" \/>\n<meta name=\"twitter:site\" content=\"@DarkaMaziLatini\" \/>\n<meta name=\"twitter:label1\" content=\"Written by\" \/>\n\t<meta name=\"twitter:data1\" content=\"darka mazi\" \/>\n\t<meta name=\"twitter:label2\" content=\"Est. reading time\" \/>\n\t<meta name=\"twitter:data2\" content=\"2 minutes\" \/>\n<script type=\"application\/ld+json\" class=\"seo-schema-graph\">{\"@context\":\"https:\\\/\\\/schema.org\",\"@graph\":[{\"@type\":\"Article\",\"@id\":\"https:\\\/\\\/darkamazi.info\\\/archives\\\/1022224#article\",\"isPartOf\":{\"@id\":\"https:\\\/\\\/darkamazi.info\\\/archives\\\/1022224\"},\"author\":{\"name\":\"darka mazi\",\"@id\":\"https:\\\/\\\/darkamazi.info\\\/#\\\/schema\\\/person\\\/5ad3e24553a0567993fa8ed4bd0a776c\"},\"headline\":\"PSK: R\u00eatina xw\u00eena p\u00ea\u015fmerge xiyanete\",\"datePublished\":\"2021-06-06T17:09:57+00:00\",\"dateModified\":\"2021-09-11T09:53:43+00:00\",\"mainEntityOfPage\":{\"@id\":\"https:\\\/\\\/darkamazi.info\\\/archives\\\/1022224\"},\"wordCount\":409,\"publisher\":{\"@id\":\"https:\\\/\\\/darkamazi.info\\\/#organization\"},\"image\":{\"@id\":\"https:\\\/\\\/darkamazi.info\\\/archives\\\/1022224#primaryimage\"},\"thumbnailUrl\":\"https:\\\/\\\/darkamazi.info\\\/darka-content\\\/uploads\\\/2021\\\/06\\\/partiya-sosyalista-kurd-psk.jpg\",\"keywords\":[\"sereke\"],\"articleSection\":[\"Kurdistan\"],\"inLanguage\":\"en-US\"},{\"@type\":\"WebPage\",\"@id\":\"https:\\\/\\\/darkamazi.info\\\/archives\\\/1022224\",\"url\":\"https:\\\/\\\/darkamazi.info\\\/archives\\\/1022224\",\"name\":\"PSK: R\u00eatina xw\u00eena p\u00ea\u015fmerge xiyanete - Darka Maz\u00ee\",\"isPartOf\":{\"@id\":\"https:\\\/\\\/darkamazi.info\\\/#website\"},\"primaryImageOfPage\":{\"@id\":\"https:\\\/\\\/darkamazi.info\\\/archives\\\/1022224#primaryimage\"},\"image\":{\"@id\":\"https:\\\/\\\/darkamazi.info\\\/archives\\\/1022224#primaryimage\"},\"thumbnailUrl\":\"https:\\\/\\\/darkamazi.info\\\/darka-content\\\/uploads\\\/2021\\\/06\\\/partiya-sosyalista-kurd-psk.jpg\",\"datePublished\":\"2021-06-06T17:09:57+00:00\",\"dateModified\":\"2021-09-11T09:53:43+00:00\",\"breadcrumb\":{\"@id\":\"https:\\\/\\\/darkamazi.info\\\/archives\\\/1022224#breadcrumb\"},\"inLanguage\":\"en-US\",\"potentialAction\":[{\"@type\":\"ReadAction\",\"target\":[\"https:\\\/\\\/darkamazi.info\\\/archives\\\/1022224\"]}]},{\"@type\":\"ImageObject\",\"inLanguage\":\"en-US\",\"@id\":\"https:\\\/\\\/darkamazi.info\\\/archives\\\/1022224#primaryimage\",\"url\":\"https:\\\/\\\/darkamazi.info\\\/darka-content\\\/uploads\\\/2021\\\/06\\\/partiya-sosyalista-kurd-psk.jpg\",\"contentUrl\":\"https:\\\/\\\/darkamazi.info\\\/darka-content\\\/uploads\\\/2021\\\/06\\\/partiya-sosyalista-kurd-psk.jpg\",\"width\":900,\"height\":497,\"caption\":\"PSK: R\u00eatina xw\u00eena p\u00ea\u015fmerge xiyanete\"},{\"@type\":\"BreadcrumbList\",\"@id\":\"https:\\\/\\\/darkamazi.info\\\/archives\\\/1022224#breadcrumb\",\"itemListElement\":[{\"@type\":\"ListItem\",\"position\":1,\"name\":\"Home\",\"item\":\"https:\\\/\\\/darkamazi.info\\\/\"},{\"@type\":\"ListItem\",\"position\":2,\"name\":\"PSK: R\u00eatina xw\u00eena p\u00ea\u015fmerge xiyanete\"}]},{\"@type\":\"WebSite\",\"@id\":\"https:\\\/\\\/darkamazi.info\\\/#website\",\"url\":\"https:\\\/\\\/darkamazi.info\\\/\",\"name\":\"Darka Maz\u00ee\",\"description\":\"P\u00eageha Zanyariy\u00ean Nebih\u00eest\u00ee\",\"publisher\":{\"@id\":\"https:\\\/\\\/darkamazi.info\\\/#organization\"},\"potentialAction\":[{\"@type\":\"SearchAction\",\"target\":{\"@type\":\"EntryPoint\",\"urlTemplate\":\"https:\\\/\\\/darkamazi.info\\\/?s={search_term_string}\"},\"query-input\":{\"@type\":\"PropertyValueSpecification\",\"valueRequired\":true,\"valueName\":\"search_term_string\"}}],\"inLanguage\":\"en-US\"},{\"@type\":\"Organization\",\"@id\":\"https:\\\/\\\/darkamazi.info\\\/#organization\",\"name\":\"Darka Maz\u00ee\",\"url\":\"https:\\\/\\\/darkamazi.info\\\/\",\"logo\":{\"@type\":\"ImageObject\",\"inLanguage\":\"en-US\",\"@id\":\"https:\\\/\\\/darkamazi.info\\\/#\\\/schema\\\/logo\\\/image\\\/\",\"url\":\"https:\\\/\\\/darkamazi.info\\\/darka-content\\\/uploads\\\/2017\\\/12\\\/darka-mazi-logo.png\",\"contentUrl\":\"https:\\\/\\\/darkamazi.info\\\/darka-content\\\/uploads\\\/2017\\\/12\\\/darka-mazi-logo.png\",\"width\":151,\"height\":75,\"caption\":\"Darka Maz\u00ee\"},\"image\":{\"@id\":\"https:\\\/\\\/darkamazi.info\\\/#\\\/schema\\\/logo\\\/image\\\/\"},\"sameAs\":[\"https:\\\/\\\/www.facebook.com\\\/DarMaziKurmanci\",\"https:\\\/\\\/x.com\\\/DarkaMaziLatini\",\"https:\\\/\\\/www.instagram.com\\\/darkamazi.kurmanci\\\/\",\"https:\\\/\\\/www.youtube.com\\\/channel\\\/UCa5HkTdmI8U1qCUFuTw8B2g\"]},{\"@type\":\"Person\",\"@id\":\"https:\\\/\\\/darkamazi.info\\\/#\\\/schema\\\/person\\\/5ad3e24553a0567993fa8ed4bd0a776c\",\"name\":\"darka mazi\",\"sameAs\":[\"https:\\\/\\\/darkamazi.info\\\/\"],\"url\":\"https:\\\/\\\/darkamazi.info\\\/archives\\\/author\\\/kurdi\"}]}<\/script>\n<!-- \/ Yoast SEO plugin. -->","seo_head_json":{"title":"PSK: R\u00eatina xw\u00eena p\u00ea\u015fmerge xiyanete - Darka Maz\u00ee","robots":{"index":"index","follow":"follow","max-snippet":"max-snippet:-1","max-image-preview":"max-image-preview:large","max-video-preview":"max-video-preview:-1"},"canonical":"https:\/\/darkamazi.info\/archives\/1022224","og_locale":"en_US","og_type":"article","og_title":"PSK: R\u00eatina xw\u00eena p\u00ea\u015fmerge xiyanete - Darka Maz\u00ee","og_description":"Partiya Sosyal\u00eest a Kurdistan\u00ea \u00ear\u00ee\u015fa \u00e7ekdar\u00ean PKK\u00ea li ser p\u00ea\u015fmergey\u00ean Kurdistan\u00ea ku t\u00eada 5 p\u00ea\u015fmerge \u015feh\u00eed \u00fb 6 p\u00ea\u015fmergey\u00ean din j\u00ee bir\u00eendar b\u00fbn pirotesto kir \u00fb ragihand, r\u00eatina xw\u00eena p\u00ea\u015fmerge xiyanete. Daxuyaniya Partiya Sosyal\u00eest a Kurdistan\u00ea wihaye: R\u00eatina Xw\u00eena P\u00ea\u015fmerge Xiyanet e Do li Her\u00eama Kurdistan\u00ea li derdora Am\u00eadiy\u00ea li ser \u00ear\u00ee\u015fa PKK\u00ea p\u00eanc P\u00ea\u015fmerge [&hellip;]","og_url":"https:\/\/darkamazi.info\/archives\/1022224","og_site_name":"Darka Maz\u00ee","article_publisher":"https:\/\/www.facebook.com\/DarMaziKurmanci","article_published_time":"2021-06-06T17:09:57+00:00","article_modified_time":"2021-09-11T09:53:43+00:00","og_image":[{"width":900,"height":497,"url":"https:\/\/darkamazi.info\/file\/2021\/06\/partiya-sosyalista-kurd-psk.jpg","type":"image\/jpeg"}],"author":"darka mazi","twitter_card":"summary_large_image","twitter_creator":"@DarkaMaziLatini","twitter_site":"@DarkaMaziLatini","twitter_misc":{"Written by":"darka mazi","Est. reading time":"2 minutes"},"schema":{"@context":"https:\/\/schema.org","@graph":[{"@type":"Article","@id":"https:\/\/darkamazi.info\/archives\/1022224#article","isPartOf":{"@id":"https:\/\/darkamazi.info\/archives\/1022224"},"author":{"name":"darka mazi","@id":"https:\/\/darkamazi.info\/#\/schema\/person\/5ad3e24553a0567993fa8ed4bd0a776c"},"headline":"PSK: R\u00eatina xw\u00eena p\u00ea\u015fmerge xiyanete","datePublished":"2021-06-06T17:09:57+00:00","dateModified":"2021-09-11T09:53:43+00:00","mainEntityOfPage":{"@id":"https:\/\/darkamazi.info\/archives\/1022224"},"wordCount":409,"publisher":{"@id":"https:\/\/darkamazi.info\/#organization"},"image":{"@id":"https:\/\/darkamazi.info\/archives\/1022224#primaryimage"},"thumbnailUrl":"https:\/\/darkamazi.info\/file\/2021\/06\/partiya-sosyalista-kurd-psk.jpg","keywords":["sereke"],"articleSection":["Kurdistan"],"inLanguage":"en-US"},{"@type":"WebPage","@id":"https:\/\/darkamazi.info\/archives\/1022224","url":"https:\/\/darkamazi.info\/archives\/1022224","name":"PSK: R\u00eatina xw\u00eena p\u00ea\u015fmerge xiyanete - Darka Maz\u00ee","isPartOf":{"@id":"https:\/\/darkamazi.info\/#website"},"primaryImageOfPage":{"@id":"https:\/\/darkamazi.info\/archives\/1022224#primaryimage"},"image":{"@id":"https:\/\/darkamazi.info\/archives\/1022224#primaryimage"},"thumbnailUrl":"https:\/\/darkamazi.info\/file\/2021\/06\/partiya-sosyalista-kurd-psk.jpg","datePublished":"2021-06-06T17:09:57+00:00","dateModified":"2021-09-11T09:53:43+00:00","breadcrumb":{"@id":"https:\/\/darkamazi.info\/archives\/1022224#breadcrumb"},"inLanguage":"en-US","potentialAction":[{"@type":"ReadAction","target":["https:\/\/darkamazi.info\/archives\/1022224"]}]},{"@type":"ImageObject","inLanguage":"en-US","@id":"https:\/\/darkamazi.info\/archives\/1022224#primaryimage","url":"https:\/\/darkamazi.info\/file\/2021\/06\/partiya-sosyalista-kurd-psk.jpg","contentUrl":"https:\/\/darkamazi.info\/file\/2021\/06\/partiya-sosyalista-kurd-psk.jpg","width":900,"height":497,"caption":"PSK: R\u00eatina xw\u00eena p\u00ea\u015fmerge xiyanete"},{"@type":"BreadcrumbList","@id":"https:\/\/darkamazi.info\/archives\/1022224#breadcrumb","itemListElement":[{"@type":"ListItem","position":1,"name":"Home","item":"https:\/\/darkamazi.info\/"},{"@type":"ListItem","position":2,"name":"PSK: R\u00eatina xw\u00eena p\u00ea\u015fmerge xiyanete"}]},{"@type":"WebSite","@id":"https:\/\/darkamazi.info\/#website","url":"https:\/\/darkamazi.info\/","name":"Darka Maz\u00ee","description":"P\u00eageha Zanyariy\u00ean Nebih\u00eest\u00ee","publisher":{"@id":"https:\/\/darkamazi.info\/#organization"},"potentialAction":[{"@type":"SearchAction","target":{"@type":"EntryPoint","urlTemplate":"https:\/\/darkamazi.info\/?s={search_term_string}"},"query-input":{"@type":"PropertyValueSpecification","valueRequired":true,"valueName":"search_term_string"}}],"inLanguage":"en-US"},{"@type":"Organization","@id":"https:\/\/darkamazi.info\/#organization","name":"Darka Maz\u00ee","url":"https:\/\/darkamazi.info\/","logo":{"@type":"ImageObject","inLanguage":"en-US","@id":"https:\/\/darkamazi.info\/#\/schema\/logo\/image\/","url":"https:\/\/darkamazi.info\/file\/2017\/12\/darka-mazi-logo.png","contentUrl":"https:\/\/darkamazi.info\/file\/2017\/12\/darka-mazi-logo.png","width":151,"height":75,"caption":"Darka Maz\u00ee"},"image":{"@id":"https:\/\/darkamazi.info\/#\/schema\/logo\/image\/"},"sameAs":["https:\/\/www.facebook.com\/DarMaziKurmanci","https:\/\/x.com\/DarkaMaziLatini","https:\/\/www.instagram.com\/darkamazi.kurmanci\/","https:\/\/www.youtube.com\/channel\/UCa5HkTdmI8U1qCUFuTw8B2g"]},{"@type":"Person","@id":"https:\/\/darkamazi.info\/#\/schema\/person\/5ad3e24553a0567993fa8ed4bd0a776c","name":"darka mazi","sameAs":["https:\/\/darkamazi.info\/"],"url":"https:\/\/darkamazi.info\/archives\/author\/kurdi"}]}},"_links":{"self":[{"href":"https:\/\/darkamazi.info\/funavuv\/wp\/v2\/posts\/1022224","targetHints":{"allow":["GET"]}}],"collection":[{"href":"https:\/\/darkamazi.info\/funavuv\/wp\/v2\/posts"}],"about":[{"href":"https:\/\/darkamazi.info\/funavuv\/wp\/v2\/types\/post"}],"author":[{"embeddable":true,"href":"https:\/\/darkamazi.info\/funavuv\/wp\/v2\/users\/2"}],"replies":[{"embeddable":true,"href":"https:\/\/darkamazi.info\/funavuv\/wp\/v2\/comments?post=1022224"}],"version-history":[{"count":0,"href":"https:\/\/darkamazi.info\/funavuv\/wp\/v2\/posts\/1022224\/revisions"}],"wp:featuredmedia":[{"embeddable":true,"href":"https:\/\/darkamazi.info\/funavuv\/wp\/v2\/media\/1022225"}],"wp:attachment":[{"href":"https:\/\/darkamazi.info\/funavuv\/wp\/v2\/media?parent=1022224"}],"wp:term":[{"taxonomy":"category","embeddable":true,"href":"https:\/\/darkamazi.info\/funavuv\/wp\/v2\/categories?post=1022224"},{"taxonomy":"post_tag","embeddable":true,"href":"https:\/\/darkamazi.info\/funavuv\/wp\/v2\/tags?post=1022224"}],"curies":[{"name":"wp","href":"https:\/\/api.w.org\/{rel}","templated":true}]}}