{"id":1022316,"date":"2021-06-09T20:50:04","date_gmt":"2021-06-09T17:50:04","guid":{"rendered":"https:\/\/darkamazi.info\/?p=1022316"},"modified":"2021-09-11T12:50:37","modified_gmt":"2021-09-11T09:50:37","slug":"supaye-pasdaren-irane-sunwaren-diroki-yen-rojhilate-kurdistane-talan-dikin","status":"publish","type":"post","link":"https:\/\/darkamazi.info\/archives\/1022316","title":{"rendered":"Supay\u00ea pasdar\u00ean \u00ceran\u00ea \u015f\u00fbnwar\u00ean d\u00eerok\u00ee y\u00ean Rojhilat\u00ea Kurdistan\u00ea talan dikin"},"content":{"rendered":"<h3 style=\"text-align: justify;\"><span style=\"font-family: 'arial black', sans-serif;\">Rej\u00eama \u00ceran\u00ea tev\u00ee t\u00eakdana xwezaya Kurdistan\u00ea \u00fb talankirina serwet \u00fb saman\u00ea Rojhilat\u00ea Kurdistan\u00ea, niha dest bi diz\u00een \u00fb talankirina \u015f\u00fbnwar\u00ean d\u00eerok\u00ee y\u00ean Rojhilat\u00ea Kurdistan\u00ea kiriye \u00fb li hin gund\u00ean s\u00eenor\u00ea bajar\u00ea Seqiz \u00e7end\u00een \u015f\u00fbnwar talan kirine.<\/span><\/h3>\n<h3 style=\"text-align: justify;\">Gr\u00fbpeke ser bi supay\u00ea pasdar\u00ean rej\u00eama \u00ceran\u00ea bi hinceta kar kirin di kargehek asin de li Seqiz\u00ea \u00fb D\u00eewandere ya ser bi par\u00eazgeha Sine ya rojhilat\u00ea Kurdistan\u00ea, mij\u00fbl\u00ee talankirina \u015f\u00fbnwar\u00ean d\u00eerok\u00ee y\u00ean Kurdistan\u00ea ne \u00fb li her\u00eam\u00ean Ebas Awa, \u00cebrah\u00eem Awa, Cafirxan, Kan\u00ee \u00c7erm\u00fb, Tewekelan, Al\u00eecan \u00fb \u00c7il\u00e7eme xwezaya wan bi tevah\u00ee tevl\u00eehev kiriye \u00fb zirarek her\u00ee mezin gihandiye \u015f\u00eaniy\u00ean wan her\u00eaman.<\/h3>\n<h3 style=\"text-align: justify;\">\u015e\u00eaniy\u00ean van her\u00eaman hin caran li \u015faredariy\u00ean Seqiz \u00fb D\u00eewandere, doz li dij\u00ee h\u00eaz\u00ean supay\u00ea pasdaran vekirine, l\u00ea bel\u00ea ne bi ten\u00ea berisva wan nehatiye day\u00een, belku ji h\u00eala supay\u00ea pasdaran ve gef li wan hatine kirin ku ger berdewam bin \u00fb doza li dij\u00ee wan vekin, r\u00ea bi wan nay\u00ea day\u00een li wan her\u00eaman ter\u015f \u00fb tewal\u00ea xwe bi\u00e7er\u00eenin \u00fb w\u00ea \u00e7\u00fbn \u00fb hatina \u00e7iya li wan qedexe bikin.<\/h3>\n<h3 style=\"text-align: justify;\">Supay\u00ea pasdaran ji aliy\u00ea \u00fb ji aliyek din \u00e7ekdar\u00ean PKK\u00ea li \u015eengal\u00ea ev dema \u00e7end salane \u015f\u00fbnwar\u00ean Kurdistan\u00ea talan dikin \u00fb di bazar\u00ean re\u015f de difiro\u015fn.<\/h3>\n<h3 style=\"text-align: justify;\"><\/h3>\n","protected":false},"excerpt":{"rendered":"<p>Rej\u00eama \u00ceran\u00ea tev\u00ee t\u00eakdana xwezaya Kurdistan\u00ea \u00fb talankirina serwet \u00fb saman\u00ea Rojhilat\u00ea Kurdistan\u00ea, niha dest bi diz\u00een \u00fb talankirina \u015f\u00fbnwar\u00ean d\u00eerok\u00ee y\u00ean Rojhilat\u00ea Kurdistan\u00ea kiriye \u00fb li hin gund\u00ean s\u00eenor\u00ea bajar\u00ea Seqiz \u00e7end\u00een \u015f\u00fbnwar talan kirine. Gr\u00fbpeke ser bi supay\u00ea pasdar\u00ean rej\u00eama \u00ceran\u00ea bi hinceta kar kirin di kargehek asin de li Seqiz\u00ea \u00fb D\u00eewandere [&hellip;]<\/p>\n","protected":false},"author":2,"featured_media":1022317,"comment_status":"closed","ping_status":"closed","sticky":false,"template":"","format":"standard","meta":{"footnotes":""},"categories":[29],"tags":[37],"class_list":["post-1022316","post","type-post","status-publish","format-standard","has-post-thumbnail","hentry","category-kurdistan","tag-sereke"],"blocksy_meta":[],"seo_head":"<!-- This site is optimized with the Yoast SEO plugin v27.5 - https:\/\/yoast.com\/product\/yoast-seo-wordpress\/ -->\n<title>Supay\u00ea pasdar\u00ean \u00ceran\u00ea \u015f\u00fbnwar\u00ean d\u00eerok\u00ee y\u00ean Rojhilat\u00ea Kurdistan\u00ea talan dikin - Darka Maz\u00ee<\/title>\n<meta name=\"robots\" content=\"index, follow, max-snippet:-1, max-image-preview:large, max-video-preview:-1\" \/>\n<link rel=\"canonical\" href=\"https:\/\/darkamazi.info\/archives\/1022316\" \/>\n<meta property=\"og:locale\" content=\"en_US\" \/>\n<meta property=\"og:type\" content=\"article\" \/>\n<meta property=\"og:title\" content=\"Supay\u00ea pasdar\u00ean \u00ceran\u00ea \u015f\u00fbnwar\u00ean d\u00eerok\u00ee y\u00ean Rojhilat\u00ea Kurdistan\u00ea talan dikin - Darka Maz\u00ee\" \/>\n<meta property=\"og:description\" content=\"Rej\u00eama \u00ceran\u00ea tev\u00ee t\u00eakdana xwezaya Kurdistan\u00ea \u00fb talankirina serwet \u00fb saman\u00ea Rojhilat\u00ea Kurdistan\u00ea, niha dest bi diz\u00een \u00fb talankirina \u015f\u00fbnwar\u00ean d\u00eerok\u00ee y\u00ean Rojhilat\u00ea Kurdistan\u00ea kiriye \u00fb li hin gund\u00ean s\u00eenor\u00ea bajar\u00ea Seqiz \u00e7end\u00een \u015f\u00fbnwar talan kirine. Gr\u00fbpeke ser bi supay\u00ea pasdar\u00ean rej\u00eama \u00ceran\u00ea bi hinceta kar kirin di kargehek asin de li Seqiz\u00ea \u00fb D\u00eewandere [&hellip;]\" \/>\n<meta property=\"og:url\" content=\"https:\/\/darkamazi.info\/archives\/1022316\" \/>\n<meta property=\"og:site_name\" content=\"Darka Maz\u00ee\" \/>\n<meta property=\"article:publisher\" content=\"https:\/\/www.facebook.com\/DarMaziKurmanci\" \/>\n<meta property=\"article:published_time\" content=\"2021-06-09T17:50:04+00:00\" \/>\n<meta property=\"article:modified_time\" content=\"2021-09-11T09:50:37+00:00\" \/>\n<meta property=\"og:image\" content=\"https:\/\/darkamazi.info\/file\/2021\/06\/kurdistan-rojhilat.jpg\" \/>\n\t<meta property=\"og:image:width\" content=\"900\" \/>\n\t<meta property=\"og:image:height\" content=\"497\" \/>\n\t<meta property=\"og:image:type\" content=\"image\/jpeg\" \/>\n<meta name=\"author\" content=\"darka mazi\" \/>\n<meta name=\"twitter:card\" content=\"summary_large_image\" \/>\n<meta name=\"twitter:creator\" content=\"@DarkaMaziLatini\" \/>\n<meta name=\"twitter:site\" content=\"@DarkaMaziLatini\" \/>\n<meta name=\"twitter:label1\" content=\"Written by\" \/>\n\t<meta name=\"twitter:data1\" content=\"darka mazi\" \/>\n\t<meta name=\"twitter:label2\" content=\"Est. reading time\" \/>\n\t<meta name=\"twitter:data2\" content=\"1 minute\" \/>\n<script type=\"application\/ld+json\" class=\"seo-schema-graph\">{\"@context\":\"https:\\\/\\\/schema.org\",\"@graph\":[{\"@type\":\"Article\",\"@id\":\"https:\\\/\\\/darkamazi.info\\\/archives\\\/1022316#article\",\"isPartOf\":{\"@id\":\"https:\\\/\\\/darkamazi.info\\\/archives\\\/1022316\"},\"author\":{\"name\":\"darka mazi\",\"@id\":\"https:\\\/\\\/darkamazi.info\\\/#\\\/schema\\\/person\\\/5ad3e24553a0567993fa8ed4bd0a776c\"},\"headline\":\"Supay\u00ea pasdar\u00ean \u00ceran\u00ea \u015f\u00fbnwar\u00ean d\u00eerok\u00ee y\u00ean Rojhilat\u00ea Kurdistan\u00ea talan dikin\",\"datePublished\":\"2021-06-09T17:50:04+00:00\",\"dateModified\":\"2021-09-11T09:50:37+00:00\",\"mainEntityOfPage\":{\"@id\":\"https:\\\/\\\/darkamazi.info\\\/archives\\\/1022316\"},\"wordCount\":235,\"publisher\":{\"@id\":\"https:\\\/\\\/darkamazi.info\\\/#organization\"},\"image\":{\"@id\":\"https:\\\/\\\/darkamazi.info\\\/archives\\\/1022316#primaryimage\"},\"thumbnailUrl\":\"https:\\\/\\\/darkamazi.info\\\/darka-content\\\/uploads\\\/2021\\\/06\\\/kurdistan-rojhilat.jpg\",\"keywords\":[\"sereke\"],\"articleSection\":[\"Kurdistan\"],\"inLanguage\":\"en-US\"},{\"@type\":\"WebPage\",\"@id\":\"https:\\\/\\\/darkamazi.info\\\/archives\\\/1022316\",\"url\":\"https:\\\/\\\/darkamazi.info\\\/archives\\\/1022316\",\"name\":\"Supay\u00ea pasdar\u00ean \u00ceran\u00ea \u015f\u00fbnwar\u00ean d\u00eerok\u00ee y\u00ean Rojhilat\u00ea Kurdistan\u00ea talan dikin - Darka Maz\u00ee\",\"isPartOf\":{\"@id\":\"https:\\\/\\\/darkamazi.info\\\/#website\"},\"primaryImageOfPage\":{\"@id\":\"https:\\\/\\\/darkamazi.info\\\/archives\\\/1022316#primaryimage\"},\"image\":{\"@id\":\"https:\\\/\\\/darkamazi.info\\\/archives\\\/1022316#primaryimage\"},\"thumbnailUrl\":\"https:\\\/\\\/darkamazi.info\\\/darka-content\\\/uploads\\\/2021\\\/06\\\/kurdistan-rojhilat.jpg\",\"datePublished\":\"2021-06-09T17:50:04+00:00\",\"dateModified\":\"2021-09-11T09:50:37+00:00\",\"breadcrumb\":{\"@id\":\"https:\\\/\\\/darkamazi.info\\\/archives\\\/1022316#breadcrumb\"},\"inLanguage\":\"en-US\",\"potentialAction\":[{\"@type\":\"ReadAction\",\"target\":[\"https:\\\/\\\/darkamazi.info\\\/archives\\\/1022316\"]}]},{\"@type\":\"ImageObject\",\"inLanguage\":\"en-US\",\"@id\":\"https:\\\/\\\/darkamazi.info\\\/archives\\\/1022316#primaryimage\",\"url\":\"https:\\\/\\\/darkamazi.info\\\/darka-content\\\/uploads\\\/2021\\\/06\\\/kurdistan-rojhilat.jpg\",\"contentUrl\":\"https:\\\/\\\/darkamazi.info\\\/darka-content\\\/uploads\\\/2021\\\/06\\\/kurdistan-rojhilat.jpg\",\"width\":900,\"height\":497,\"caption\":\"Supay\u00ea pasdar\u00ean \u00ceran\u00ea \u015f\u00fbnwar\u00ean d\u00eerok\u00ee y\u00ean Rojhilat\u00ea Kurdistan\u00ea talan dikin\"},{\"@type\":\"BreadcrumbList\",\"@id\":\"https:\\\/\\\/darkamazi.info\\\/archives\\\/1022316#breadcrumb\",\"itemListElement\":[{\"@type\":\"ListItem\",\"position\":1,\"name\":\"Home\",\"item\":\"https:\\\/\\\/darkamazi.info\\\/\"},{\"@type\":\"ListItem\",\"position\":2,\"name\":\"Supay\u00ea pasdar\u00ean \u00ceran\u00ea \u015f\u00fbnwar\u00ean d\u00eerok\u00ee y\u00ean Rojhilat\u00ea Kurdistan\u00ea talan dikin\"}]},{\"@type\":\"WebSite\",\"@id\":\"https:\\\/\\\/darkamazi.info\\\/#website\",\"url\":\"https:\\\/\\\/darkamazi.info\\\/\",\"name\":\"Darka Maz\u00ee\",\"description\":\"P\u00eageha Zanyariy\u00ean Nebih\u00eest\u00ee\",\"publisher\":{\"@id\":\"https:\\\/\\\/darkamazi.info\\\/#organization\"},\"potentialAction\":[{\"@type\":\"SearchAction\",\"target\":{\"@type\":\"EntryPoint\",\"urlTemplate\":\"https:\\\/\\\/darkamazi.info\\\/?s={search_term_string}\"},\"query-input\":{\"@type\":\"PropertyValueSpecification\",\"valueRequired\":true,\"valueName\":\"search_term_string\"}}],\"inLanguage\":\"en-US\"},{\"@type\":\"Organization\",\"@id\":\"https:\\\/\\\/darkamazi.info\\\/#organization\",\"name\":\"Darka Maz\u00ee\",\"url\":\"https:\\\/\\\/darkamazi.info\\\/\",\"logo\":{\"@type\":\"ImageObject\",\"inLanguage\":\"en-US\",\"@id\":\"https:\\\/\\\/darkamazi.info\\\/#\\\/schema\\\/logo\\\/image\\\/\",\"url\":\"https:\\\/\\\/darkamazi.info\\\/darka-content\\\/uploads\\\/2017\\\/12\\\/darka-mazi-logo.png\",\"contentUrl\":\"https:\\\/\\\/darkamazi.info\\\/darka-content\\\/uploads\\\/2017\\\/12\\\/darka-mazi-logo.png\",\"width\":151,\"height\":75,\"caption\":\"Darka Maz\u00ee\"},\"image\":{\"@id\":\"https:\\\/\\\/darkamazi.info\\\/#\\\/schema\\\/logo\\\/image\\\/\"},\"sameAs\":[\"https:\\\/\\\/www.facebook.com\\\/DarMaziKurmanci\",\"https:\\\/\\\/x.com\\\/DarkaMaziLatini\",\"https:\\\/\\\/www.instagram.com\\\/darkamazi.kurmanci\\\/\",\"https:\\\/\\\/www.youtube.com\\\/channel\\\/UCa5HkTdmI8U1qCUFuTw8B2g\"]},{\"@type\":\"Person\",\"@id\":\"https:\\\/\\\/darkamazi.info\\\/#\\\/schema\\\/person\\\/5ad3e24553a0567993fa8ed4bd0a776c\",\"name\":\"darka mazi\",\"sameAs\":[\"https:\\\/\\\/darkamazi.info\\\/\"],\"url\":\"https:\\\/\\\/darkamazi.info\\\/archives\\\/author\\\/kurdi\"}]}<\/script>\n<!-- \/ Yoast SEO plugin. -->","seo_head_json":{"title":"Supay\u00ea pasdar\u00ean \u00ceran\u00ea \u015f\u00fbnwar\u00ean d\u00eerok\u00ee y\u00ean Rojhilat\u00ea Kurdistan\u00ea talan dikin - Darka Maz\u00ee","robots":{"index":"index","follow":"follow","max-snippet":"max-snippet:-1","max-image-preview":"max-image-preview:large","max-video-preview":"max-video-preview:-1"},"canonical":"https:\/\/darkamazi.info\/archives\/1022316","og_locale":"en_US","og_type":"article","og_title":"Supay\u00ea pasdar\u00ean \u00ceran\u00ea \u015f\u00fbnwar\u00ean d\u00eerok\u00ee y\u00ean Rojhilat\u00ea Kurdistan\u00ea talan dikin - Darka Maz\u00ee","og_description":"Rej\u00eama \u00ceran\u00ea tev\u00ee t\u00eakdana xwezaya Kurdistan\u00ea \u00fb talankirina serwet \u00fb saman\u00ea Rojhilat\u00ea Kurdistan\u00ea, niha dest bi diz\u00een \u00fb talankirina \u015f\u00fbnwar\u00ean d\u00eerok\u00ee y\u00ean Rojhilat\u00ea Kurdistan\u00ea kiriye \u00fb li hin gund\u00ean s\u00eenor\u00ea bajar\u00ea Seqiz \u00e7end\u00een \u015f\u00fbnwar talan kirine. Gr\u00fbpeke ser bi supay\u00ea pasdar\u00ean rej\u00eama \u00ceran\u00ea bi hinceta kar kirin di kargehek asin de li Seqiz\u00ea \u00fb D\u00eewandere [&hellip;]","og_url":"https:\/\/darkamazi.info\/archives\/1022316","og_site_name":"Darka Maz\u00ee","article_publisher":"https:\/\/www.facebook.com\/DarMaziKurmanci","article_published_time":"2021-06-09T17:50:04+00:00","article_modified_time":"2021-09-11T09:50:37+00:00","og_image":[{"width":900,"height":497,"url":"https:\/\/darkamazi.info\/file\/2021\/06\/kurdistan-rojhilat.jpg","type":"image\/jpeg"}],"author":"darka mazi","twitter_card":"summary_large_image","twitter_creator":"@DarkaMaziLatini","twitter_site":"@DarkaMaziLatini","twitter_misc":{"Written by":"darka mazi","Est. reading time":"1 minute"},"schema":{"@context":"https:\/\/schema.org","@graph":[{"@type":"Article","@id":"https:\/\/darkamazi.info\/archives\/1022316#article","isPartOf":{"@id":"https:\/\/darkamazi.info\/archives\/1022316"},"author":{"name":"darka mazi","@id":"https:\/\/darkamazi.info\/#\/schema\/person\/5ad3e24553a0567993fa8ed4bd0a776c"},"headline":"Supay\u00ea pasdar\u00ean \u00ceran\u00ea \u015f\u00fbnwar\u00ean d\u00eerok\u00ee y\u00ean Rojhilat\u00ea Kurdistan\u00ea talan dikin","datePublished":"2021-06-09T17:50:04+00:00","dateModified":"2021-09-11T09:50:37+00:00","mainEntityOfPage":{"@id":"https:\/\/darkamazi.info\/archives\/1022316"},"wordCount":235,"publisher":{"@id":"https:\/\/darkamazi.info\/#organization"},"image":{"@id":"https:\/\/darkamazi.info\/archives\/1022316#primaryimage"},"thumbnailUrl":"https:\/\/darkamazi.info\/file\/2021\/06\/kurdistan-rojhilat.jpg","keywords":["sereke"],"articleSection":["Kurdistan"],"inLanguage":"en-US"},{"@type":"WebPage","@id":"https:\/\/darkamazi.info\/archives\/1022316","url":"https:\/\/darkamazi.info\/archives\/1022316","name":"Supay\u00ea pasdar\u00ean \u00ceran\u00ea \u015f\u00fbnwar\u00ean d\u00eerok\u00ee y\u00ean Rojhilat\u00ea Kurdistan\u00ea talan dikin - Darka Maz\u00ee","isPartOf":{"@id":"https:\/\/darkamazi.info\/#website"},"primaryImageOfPage":{"@id":"https:\/\/darkamazi.info\/archives\/1022316#primaryimage"},"image":{"@id":"https:\/\/darkamazi.info\/archives\/1022316#primaryimage"},"thumbnailUrl":"https:\/\/darkamazi.info\/file\/2021\/06\/kurdistan-rojhilat.jpg","datePublished":"2021-06-09T17:50:04+00:00","dateModified":"2021-09-11T09:50:37+00:00","breadcrumb":{"@id":"https:\/\/darkamazi.info\/archives\/1022316#breadcrumb"},"inLanguage":"en-US","potentialAction":[{"@type":"ReadAction","target":["https:\/\/darkamazi.info\/archives\/1022316"]}]},{"@type":"ImageObject","inLanguage":"en-US","@id":"https:\/\/darkamazi.info\/archives\/1022316#primaryimage","url":"https:\/\/darkamazi.info\/file\/2021\/06\/kurdistan-rojhilat.jpg","contentUrl":"https:\/\/darkamazi.info\/file\/2021\/06\/kurdistan-rojhilat.jpg","width":900,"height":497,"caption":"Supay\u00ea pasdar\u00ean \u00ceran\u00ea \u015f\u00fbnwar\u00ean d\u00eerok\u00ee y\u00ean Rojhilat\u00ea Kurdistan\u00ea talan dikin"},{"@type":"BreadcrumbList","@id":"https:\/\/darkamazi.info\/archives\/1022316#breadcrumb","itemListElement":[{"@type":"ListItem","position":1,"name":"Home","item":"https:\/\/darkamazi.info\/"},{"@type":"ListItem","position":2,"name":"Supay\u00ea pasdar\u00ean \u00ceran\u00ea \u015f\u00fbnwar\u00ean d\u00eerok\u00ee y\u00ean Rojhilat\u00ea Kurdistan\u00ea talan dikin"}]},{"@type":"WebSite","@id":"https:\/\/darkamazi.info\/#website","url":"https:\/\/darkamazi.info\/","name":"Darka Maz\u00ee","description":"P\u00eageha Zanyariy\u00ean Nebih\u00eest\u00ee","publisher":{"@id":"https:\/\/darkamazi.info\/#organization"},"potentialAction":[{"@type":"SearchAction","target":{"@type":"EntryPoint","urlTemplate":"https:\/\/darkamazi.info\/?s={search_term_string}"},"query-input":{"@type":"PropertyValueSpecification","valueRequired":true,"valueName":"search_term_string"}}],"inLanguage":"en-US"},{"@type":"Organization","@id":"https:\/\/darkamazi.info\/#organization","name":"Darka Maz\u00ee","url":"https:\/\/darkamazi.info\/","logo":{"@type":"ImageObject","inLanguage":"en-US","@id":"https:\/\/darkamazi.info\/#\/schema\/logo\/image\/","url":"https:\/\/darkamazi.info\/file\/2017\/12\/darka-mazi-logo.png","contentUrl":"https:\/\/darkamazi.info\/file\/2017\/12\/darka-mazi-logo.png","width":151,"height":75,"caption":"Darka Maz\u00ee"},"image":{"@id":"https:\/\/darkamazi.info\/#\/schema\/logo\/image\/"},"sameAs":["https:\/\/www.facebook.com\/DarMaziKurmanci","https:\/\/x.com\/DarkaMaziLatini","https:\/\/www.instagram.com\/darkamazi.kurmanci\/","https:\/\/www.youtube.com\/channel\/UCa5HkTdmI8U1qCUFuTw8B2g"]},{"@type":"Person","@id":"https:\/\/darkamazi.info\/#\/schema\/person\/5ad3e24553a0567993fa8ed4bd0a776c","name":"darka mazi","sameAs":["https:\/\/darkamazi.info\/"],"url":"https:\/\/darkamazi.info\/archives\/author\/kurdi"}]}},"_links":{"self":[{"href":"https:\/\/darkamazi.info\/funavuv\/wp\/v2\/posts\/1022316","targetHints":{"allow":["GET"]}}],"collection":[{"href":"https:\/\/darkamazi.info\/funavuv\/wp\/v2\/posts"}],"about":[{"href":"https:\/\/darkamazi.info\/funavuv\/wp\/v2\/types\/post"}],"author":[{"embeddable":true,"href":"https:\/\/darkamazi.info\/funavuv\/wp\/v2\/users\/2"}],"replies":[{"embeddable":true,"href":"https:\/\/darkamazi.info\/funavuv\/wp\/v2\/comments?post=1022316"}],"version-history":[{"count":0,"href":"https:\/\/darkamazi.info\/funavuv\/wp\/v2\/posts\/1022316\/revisions"}],"wp:featuredmedia":[{"embeddable":true,"href":"https:\/\/darkamazi.info\/funavuv\/wp\/v2\/media\/1022317"}],"wp:attachment":[{"href":"https:\/\/darkamazi.info\/funavuv\/wp\/v2\/media?parent=1022316"}],"wp:term":[{"taxonomy":"category","embeddable":true,"href":"https:\/\/darkamazi.info\/funavuv\/wp\/v2\/categories?post=1022316"},{"taxonomy":"post_tag","embeddable":true,"href":"https:\/\/darkamazi.info\/funavuv\/wp\/v2\/tags?post=1022316"}],"curies":[{"name":"wp","href":"https:\/\/api.w.org\/{rel}","templated":true}]}}