{"id":1022396,"date":"2021-06-10T20:31:40","date_gmt":"2021-06-10T17:31:40","guid":{"rendered":"https:\/\/darkamazi.info\/?p=1022396"},"modified":"2021-09-11T12:49:35","modified_gmt":"2021-09-11T09:49:35","slug":"serokwezir-mesrur-barzani-bi-serdaneke-fermi-gihiste-yunanistane","status":"publish","type":"post","link":"https:\/\/darkamazi.info\/archives\/1022396","title":{"rendered":"Serokwez\u00eer Mesr\u00fbr Barzan\u00ee bi serdaneke ferm\u00ee gihi\u015fte Y\u00fbnanistan\u00ea"},"content":{"rendered":"<h3 style=\"text-align: justify;\"><span style=\"font-family: 'arial black', sans-serif;\">Serokwez\u00eer\u00ea Her\u00eama Kurdistan\u00ea Mesr\u00fbr Barzan\u00ee \u00eero p\u00eanc\u015fem\u00ea 10\u00ea Hez\u00eerana 2021\u00ea, bi serdaneke ferm\u00ee gihi\u015fte At\u00eenaya paytexta Y\u00fbnanistan\u00ea.<\/span><\/h3>\n<h3 style=\"text-align: justify;\">Serokwez\u00eer Mesr\u00fbr Barzan\u00ee di serdana xwe de ligel rayedar\u00ean bilind \u00ean Y\u00fbnanistan\u00ea d\u00ea bicive.<\/h3>\n<h3 style=\"text-align: justify;\">Herwiha li ser ge\u015fedan\u00ean her\u00eam\u00ea \u00fb p\u00ea\u015fve\u00e7\u00fbn\u00ean p\u00eawendiy\u00ean navbera Her\u00eama Kurdistan\u00ea \u00fb Y\u00fbnanistan\u00ea, bi taybet\u00ee li ser derfet\u00ean sermayeguzar\u00ee \u00fb veberh\u00eanana Y\u00fbnanistan\u00ea li Her\u00eama Kurdistan\u00ea got\u00fbb\u00eaj were kirin.<\/h3>\n","protected":false},"excerpt":{"rendered":"<p>Serokwez\u00eer\u00ea Her\u00eama Kurdistan\u00ea Mesr\u00fbr Barzan\u00ee \u00eero p\u00eanc\u015fem\u00ea 10\u00ea Hez\u00eerana 2021\u00ea, bi serdaneke ferm\u00ee gihi\u015fte At\u00eenaya paytexta Y\u00fbnanistan\u00ea. Serokwez\u00eer Mesr\u00fbr Barzan\u00ee di serdana xwe de ligel rayedar\u00ean bilind \u00ean Y\u00fbnanistan\u00ea d\u00ea bicive. Herwiha li ser ge\u015fedan\u00ean her\u00eam\u00ea \u00fb p\u00ea\u015fve\u00e7\u00fbn\u00ean p\u00eawendiy\u00ean navbera Her\u00eama Kurdistan\u00ea \u00fb Y\u00fbnanistan\u00ea, bi taybet\u00ee li ser derfet\u00ean sermayeguzar\u00ee \u00fb veberh\u00eanana Y\u00fbnanistan\u00ea li Her\u00eama [&hellip;]<\/p>\n","protected":false},"author":2,"featured_media":1022399,"comment_status":"closed","ping_status":"closed","sticky":false,"template":"","format":"standard","meta":{"footnotes":""},"categories":[29],"tags":[37],"class_list":["post-1022396","post","type-post","status-publish","format-standard","has-post-thumbnail","hentry","category-kurdistan","tag-sereke"],"blocksy_meta":[],"seo_head":"<!-- This site is optimized with the Yoast SEO plugin v27.5 - https:\/\/yoast.com\/product\/yoast-seo-wordpress\/ -->\n<title>Serokwez\u00eer Mesr\u00fbr Barzan\u00ee bi serdaneke ferm\u00ee gihi\u015fte Y\u00fbnanistan\u00ea - Darka Maz\u00ee<\/title>\n<meta name=\"robots\" content=\"index, follow, max-snippet:-1, max-image-preview:large, max-video-preview:-1\" \/>\n<link rel=\"canonical\" href=\"https:\/\/darkamazi.info\/archives\/1022396\" \/>\n<meta property=\"og:locale\" content=\"en_US\" \/>\n<meta property=\"og:type\" content=\"article\" \/>\n<meta property=\"og:title\" content=\"Serokwez\u00eer Mesr\u00fbr Barzan\u00ee bi serdaneke ferm\u00ee gihi\u015fte Y\u00fbnanistan\u00ea - Darka Maz\u00ee\" \/>\n<meta property=\"og:description\" content=\"Serokwez\u00eer\u00ea Her\u00eama Kurdistan\u00ea Mesr\u00fbr Barzan\u00ee \u00eero p\u00eanc\u015fem\u00ea 10\u00ea Hez\u00eerana 2021\u00ea, bi serdaneke ferm\u00ee gihi\u015fte At\u00eenaya paytexta Y\u00fbnanistan\u00ea. Serokwez\u00eer Mesr\u00fbr Barzan\u00ee di serdana xwe de ligel rayedar\u00ean bilind \u00ean Y\u00fbnanistan\u00ea d\u00ea bicive. Herwiha li ser ge\u015fedan\u00ean her\u00eam\u00ea \u00fb p\u00ea\u015fve\u00e7\u00fbn\u00ean p\u00eawendiy\u00ean navbera Her\u00eama Kurdistan\u00ea \u00fb Y\u00fbnanistan\u00ea, bi taybet\u00ee li ser derfet\u00ean sermayeguzar\u00ee \u00fb veberh\u00eanana Y\u00fbnanistan\u00ea li Her\u00eama [&hellip;]\" \/>\n<meta property=\"og:url\" content=\"https:\/\/darkamazi.info\/archives\/1022396\" \/>\n<meta property=\"og:site_name\" content=\"Darka Maz\u00ee\" \/>\n<meta property=\"article:publisher\" content=\"https:\/\/www.facebook.com\/DarMaziKurmanci\" \/>\n<meta property=\"article:published_time\" content=\"2021-06-10T17:31:40+00:00\" \/>\n<meta property=\"article:modified_time\" content=\"2021-09-11T09:49:35+00:00\" \/>\n<meta property=\"og:image\" content=\"https:\/\/darkamazi.info\/file\/2021\/06\/aniha-1.jpg\" \/>\n\t<meta property=\"og:image:width\" content=\"822\" \/>\n\t<meta property=\"og:image:height\" content=\"454\" \/>\n\t<meta property=\"og:image:type\" content=\"image\/jpeg\" \/>\n<meta name=\"author\" content=\"darka mazi\" \/>\n<meta name=\"twitter:card\" content=\"summary_large_image\" \/>\n<meta name=\"twitter:creator\" content=\"@DarkaMaziLatini\" \/>\n<meta name=\"twitter:site\" content=\"@DarkaMaziLatini\" \/>\n<meta name=\"twitter:label1\" content=\"Written by\" \/>\n\t<meta name=\"twitter:data1\" content=\"darka mazi\" \/>\n\t<meta name=\"twitter:label2\" content=\"Est. reading time\" \/>\n\t<meta name=\"twitter:data2\" content=\"1 minute\" \/>\n<script type=\"application\/ld+json\" class=\"seo-schema-graph\">{\"@context\":\"https:\\\/\\\/schema.org\",\"@graph\":[{\"@type\":\"Article\",\"@id\":\"https:\\\/\\\/darkamazi.info\\\/archives\\\/1022396#article\",\"isPartOf\":{\"@id\":\"https:\\\/\\\/darkamazi.info\\\/archives\\\/1022396\"},\"author\":{\"name\":\"darka mazi\",\"@id\":\"https:\\\/\\\/darkamazi.info\\\/#\\\/schema\\\/person\\\/5ad3e24553a0567993fa8ed4bd0a776c\"},\"headline\":\"Serokwez\u00eer Mesr\u00fbr Barzan\u00ee bi serdaneke ferm\u00ee gihi\u015fte Y\u00fbnanistan\u00ea\",\"datePublished\":\"2021-06-10T17:31:40+00:00\",\"dateModified\":\"2021-09-11T09:49:35+00:00\",\"mainEntityOfPage\":{\"@id\":\"https:\\\/\\\/darkamazi.info\\\/archives\\\/1022396\"},\"wordCount\":95,\"publisher\":{\"@id\":\"https:\\\/\\\/darkamazi.info\\\/#organization\"},\"image\":{\"@id\":\"https:\\\/\\\/darkamazi.info\\\/archives\\\/1022396#primaryimage\"},\"thumbnailUrl\":\"https:\\\/\\\/darkamazi.info\\\/darka-content\\\/uploads\\\/2021\\\/06\\\/aniha-1.jpg\",\"keywords\":[\"sereke\"],\"articleSection\":[\"Kurdistan\"],\"inLanguage\":\"en-US\"},{\"@type\":\"WebPage\",\"@id\":\"https:\\\/\\\/darkamazi.info\\\/archives\\\/1022396\",\"url\":\"https:\\\/\\\/darkamazi.info\\\/archives\\\/1022396\",\"name\":\"Serokwez\u00eer Mesr\u00fbr Barzan\u00ee bi serdaneke ferm\u00ee gihi\u015fte Y\u00fbnanistan\u00ea - Darka Maz\u00ee\",\"isPartOf\":{\"@id\":\"https:\\\/\\\/darkamazi.info\\\/#website\"},\"primaryImageOfPage\":{\"@id\":\"https:\\\/\\\/darkamazi.info\\\/archives\\\/1022396#primaryimage\"},\"image\":{\"@id\":\"https:\\\/\\\/darkamazi.info\\\/archives\\\/1022396#primaryimage\"},\"thumbnailUrl\":\"https:\\\/\\\/darkamazi.info\\\/darka-content\\\/uploads\\\/2021\\\/06\\\/aniha-1.jpg\",\"datePublished\":\"2021-06-10T17:31:40+00:00\",\"dateModified\":\"2021-09-11T09:49:35+00:00\",\"breadcrumb\":{\"@id\":\"https:\\\/\\\/darkamazi.info\\\/archives\\\/1022396#breadcrumb\"},\"inLanguage\":\"en-US\",\"potentialAction\":[{\"@type\":\"ReadAction\",\"target\":[\"https:\\\/\\\/darkamazi.info\\\/archives\\\/1022396\"]}]},{\"@type\":\"ImageObject\",\"inLanguage\":\"en-US\",\"@id\":\"https:\\\/\\\/darkamazi.info\\\/archives\\\/1022396#primaryimage\",\"url\":\"https:\\\/\\\/darkamazi.info\\\/darka-content\\\/uploads\\\/2021\\\/06\\\/aniha-1.jpg\",\"contentUrl\":\"https:\\\/\\\/darkamazi.info\\\/darka-content\\\/uploads\\\/2021\\\/06\\\/aniha-1.jpg\",\"width\":822,\"height\":454},{\"@type\":\"BreadcrumbList\",\"@id\":\"https:\\\/\\\/darkamazi.info\\\/archives\\\/1022396#breadcrumb\",\"itemListElement\":[{\"@type\":\"ListItem\",\"position\":1,\"name\":\"Home\",\"item\":\"https:\\\/\\\/darkamazi.info\\\/\"},{\"@type\":\"ListItem\",\"position\":2,\"name\":\"Serokwez\u00eer Mesr\u00fbr Barzan\u00ee bi serdaneke ferm\u00ee gihi\u015fte Y\u00fbnanistan\u00ea\"}]},{\"@type\":\"WebSite\",\"@id\":\"https:\\\/\\\/darkamazi.info\\\/#website\",\"url\":\"https:\\\/\\\/darkamazi.info\\\/\",\"name\":\"Darka Maz\u00ee\",\"description\":\"P\u00eageha Zanyariy\u00ean Nebih\u00eest\u00ee\",\"publisher\":{\"@id\":\"https:\\\/\\\/darkamazi.info\\\/#organization\"},\"potentialAction\":[{\"@type\":\"SearchAction\",\"target\":{\"@type\":\"EntryPoint\",\"urlTemplate\":\"https:\\\/\\\/darkamazi.info\\\/?s={search_term_string}\"},\"query-input\":{\"@type\":\"PropertyValueSpecification\",\"valueRequired\":true,\"valueName\":\"search_term_string\"}}],\"inLanguage\":\"en-US\"},{\"@type\":\"Organization\",\"@id\":\"https:\\\/\\\/darkamazi.info\\\/#organization\",\"name\":\"Darka Maz\u00ee\",\"url\":\"https:\\\/\\\/darkamazi.info\\\/\",\"logo\":{\"@type\":\"ImageObject\",\"inLanguage\":\"en-US\",\"@id\":\"https:\\\/\\\/darkamazi.info\\\/#\\\/schema\\\/logo\\\/image\\\/\",\"url\":\"https:\\\/\\\/darkamazi.info\\\/darka-content\\\/uploads\\\/2017\\\/12\\\/darka-mazi-logo.png\",\"contentUrl\":\"https:\\\/\\\/darkamazi.info\\\/darka-content\\\/uploads\\\/2017\\\/12\\\/darka-mazi-logo.png\",\"width\":151,\"height\":75,\"caption\":\"Darka Maz\u00ee\"},\"image\":{\"@id\":\"https:\\\/\\\/darkamazi.info\\\/#\\\/schema\\\/logo\\\/image\\\/\"},\"sameAs\":[\"https:\\\/\\\/www.facebook.com\\\/DarMaziKurmanci\",\"https:\\\/\\\/x.com\\\/DarkaMaziLatini\",\"https:\\\/\\\/www.instagram.com\\\/darkamazi.kurmanci\\\/\",\"https:\\\/\\\/www.youtube.com\\\/channel\\\/UCa5HkTdmI8U1qCUFuTw8B2g\"]},{\"@type\":\"Person\",\"@id\":\"https:\\\/\\\/darkamazi.info\\\/#\\\/schema\\\/person\\\/5ad3e24553a0567993fa8ed4bd0a776c\",\"name\":\"darka mazi\",\"sameAs\":[\"https:\\\/\\\/darkamazi.info\\\/\"],\"url\":\"https:\\\/\\\/darkamazi.info\\\/archives\\\/author\\\/kurdi\"}]}<\/script>\n<!-- \/ Yoast SEO plugin. -->","seo_head_json":{"title":"Serokwez\u00eer Mesr\u00fbr Barzan\u00ee bi serdaneke ferm\u00ee gihi\u015fte Y\u00fbnanistan\u00ea - Darka Maz\u00ee","robots":{"index":"index","follow":"follow","max-snippet":"max-snippet:-1","max-image-preview":"max-image-preview:large","max-video-preview":"max-video-preview:-1"},"canonical":"https:\/\/darkamazi.info\/archives\/1022396","og_locale":"en_US","og_type":"article","og_title":"Serokwez\u00eer Mesr\u00fbr Barzan\u00ee bi serdaneke ferm\u00ee gihi\u015fte Y\u00fbnanistan\u00ea - Darka Maz\u00ee","og_description":"Serokwez\u00eer\u00ea Her\u00eama Kurdistan\u00ea Mesr\u00fbr Barzan\u00ee \u00eero p\u00eanc\u015fem\u00ea 10\u00ea Hez\u00eerana 2021\u00ea, bi serdaneke ferm\u00ee gihi\u015fte At\u00eenaya paytexta Y\u00fbnanistan\u00ea. Serokwez\u00eer Mesr\u00fbr Barzan\u00ee di serdana xwe de ligel rayedar\u00ean bilind \u00ean Y\u00fbnanistan\u00ea d\u00ea bicive. Herwiha li ser ge\u015fedan\u00ean her\u00eam\u00ea \u00fb p\u00ea\u015fve\u00e7\u00fbn\u00ean p\u00eawendiy\u00ean navbera Her\u00eama Kurdistan\u00ea \u00fb Y\u00fbnanistan\u00ea, bi taybet\u00ee li ser derfet\u00ean sermayeguzar\u00ee \u00fb veberh\u00eanana Y\u00fbnanistan\u00ea li Her\u00eama [&hellip;]","og_url":"https:\/\/darkamazi.info\/archives\/1022396","og_site_name":"Darka Maz\u00ee","article_publisher":"https:\/\/www.facebook.com\/DarMaziKurmanci","article_published_time":"2021-06-10T17:31:40+00:00","article_modified_time":"2021-09-11T09:49:35+00:00","og_image":[{"width":822,"height":454,"url":"https:\/\/darkamazi.info\/file\/2021\/06\/aniha-1.jpg","type":"image\/jpeg"}],"author":"darka mazi","twitter_card":"summary_large_image","twitter_creator":"@DarkaMaziLatini","twitter_site":"@DarkaMaziLatini","twitter_misc":{"Written by":"darka mazi","Est. reading time":"1 minute"},"schema":{"@context":"https:\/\/schema.org","@graph":[{"@type":"Article","@id":"https:\/\/darkamazi.info\/archives\/1022396#article","isPartOf":{"@id":"https:\/\/darkamazi.info\/archives\/1022396"},"author":{"name":"darka mazi","@id":"https:\/\/darkamazi.info\/#\/schema\/person\/5ad3e24553a0567993fa8ed4bd0a776c"},"headline":"Serokwez\u00eer Mesr\u00fbr Barzan\u00ee bi serdaneke ferm\u00ee gihi\u015fte Y\u00fbnanistan\u00ea","datePublished":"2021-06-10T17:31:40+00:00","dateModified":"2021-09-11T09:49:35+00:00","mainEntityOfPage":{"@id":"https:\/\/darkamazi.info\/archives\/1022396"},"wordCount":95,"publisher":{"@id":"https:\/\/darkamazi.info\/#organization"},"image":{"@id":"https:\/\/darkamazi.info\/archives\/1022396#primaryimage"},"thumbnailUrl":"https:\/\/darkamazi.info\/file\/2021\/06\/aniha-1.jpg","keywords":["sereke"],"articleSection":["Kurdistan"],"inLanguage":"en-US"},{"@type":"WebPage","@id":"https:\/\/darkamazi.info\/archives\/1022396","url":"https:\/\/darkamazi.info\/archives\/1022396","name":"Serokwez\u00eer Mesr\u00fbr Barzan\u00ee bi serdaneke ferm\u00ee gihi\u015fte Y\u00fbnanistan\u00ea - Darka Maz\u00ee","isPartOf":{"@id":"https:\/\/darkamazi.info\/#website"},"primaryImageOfPage":{"@id":"https:\/\/darkamazi.info\/archives\/1022396#primaryimage"},"image":{"@id":"https:\/\/darkamazi.info\/archives\/1022396#primaryimage"},"thumbnailUrl":"https:\/\/darkamazi.info\/file\/2021\/06\/aniha-1.jpg","datePublished":"2021-06-10T17:31:40+00:00","dateModified":"2021-09-11T09:49:35+00:00","breadcrumb":{"@id":"https:\/\/darkamazi.info\/archives\/1022396#breadcrumb"},"inLanguage":"en-US","potentialAction":[{"@type":"ReadAction","target":["https:\/\/darkamazi.info\/archives\/1022396"]}]},{"@type":"ImageObject","inLanguage":"en-US","@id":"https:\/\/darkamazi.info\/archives\/1022396#primaryimage","url":"https:\/\/darkamazi.info\/file\/2021\/06\/aniha-1.jpg","contentUrl":"https:\/\/darkamazi.info\/file\/2021\/06\/aniha-1.jpg","width":822,"height":454},{"@type":"BreadcrumbList","@id":"https:\/\/darkamazi.info\/archives\/1022396#breadcrumb","itemListElement":[{"@type":"ListItem","position":1,"name":"Home","item":"https:\/\/darkamazi.info\/"},{"@type":"ListItem","position":2,"name":"Serokwez\u00eer Mesr\u00fbr Barzan\u00ee bi serdaneke ferm\u00ee gihi\u015fte Y\u00fbnanistan\u00ea"}]},{"@type":"WebSite","@id":"https:\/\/darkamazi.info\/#website","url":"https:\/\/darkamazi.info\/","name":"Darka Maz\u00ee","description":"P\u00eageha Zanyariy\u00ean Nebih\u00eest\u00ee","publisher":{"@id":"https:\/\/darkamazi.info\/#organization"},"potentialAction":[{"@type":"SearchAction","target":{"@type":"EntryPoint","urlTemplate":"https:\/\/darkamazi.info\/?s={search_term_string}"},"query-input":{"@type":"PropertyValueSpecification","valueRequired":true,"valueName":"search_term_string"}}],"inLanguage":"en-US"},{"@type":"Organization","@id":"https:\/\/darkamazi.info\/#organization","name":"Darka Maz\u00ee","url":"https:\/\/darkamazi.info\/","logo":{"@type":"ImageObject","inLanguage":"en-US","@id":"https:\/\/darkamazi.info\/#\/schema\/logo\/image\/","url":"https:\/\/darkamazi.info\/file\/2017\/12\/darka-mazi-logo.png","contentUrl":"https:\/\/darkamazi.info\/file\/2017\/12\/darka-mazi-logo.png","width":151,"height":75,"caption":"Darka Maz\u00ee"},"image":{"@id":"https:\/\/darkamazi.info\/#\/schema\/logo\/image\/"},"sameAs":["https:\/\/www.facebook.com\/DarMaziKurmanci","https:\/\/x.com\/DarkaMaziLatini","https:\/\/www.instagram.com\/darkamazi.kurmanci\/","https:\/\/www.youtube.com\/channel\/UCa5HkTdmI8U1qCUFuTw8B2g"]},{"@type":"Person","@id":"https:\/\/darkamazi.info\/#\/schema\/person\/5ad3e24553a0567993fa8ed4bd0a776c","name":"darka mazi","sameAs":["https:\/\/darkamazi.info\/"],"url":"https:\/\/darkamazi.info\/archives\/author\/kurdi"}]}},"_links":{"self":[{"href":"https:\/\/darkamazi.info\/funavuv\/wp\/v2\/posts\/1022396","targetHints":{"allow":["GET"]}}],"collection":[{"href":"https:\/\/darkamazi.info\/funavuv\/wp\/v2\/posts"}],"about":[{"href":"https:\/\/darkamazi.info\/funavuv\/wp\/v2\/types\/post"}],"author":[{"embeddable":true,"href":"https:\/\/darkamazi.info\/funavuv\/wp\/v2\/users\/2"}],"replies":[{"embeddable":true,"href":"https:\/\/darkamazi.info\/funavuv\/wp\/v2\/comments?post=1022396"}],"version-history":[{"count":0,"href":"https:\/\/darkamazi.info\/funavuv\/wp\/v2\/posts\/1022396\/revisions"}],"wp:featuredmedia":[{"embeddable":true,"href":"https:\/\/darkamazi.info\/funavuv\/wp\/v2\/media\/1022399"}],"wp:attachment":[{"href":"https:\/\/darkamazi.info\/funavuv\/wp\/v2\/media?parent=1022396"}],"wp:term":[{"taxonomy":"category","embeddable":true,"href":"https:\/\/darkamazi.info\/funavuv\/wp\/v2\/categories?post=1022396"},{"taxonomy":"post_tag","embeddable":true,"href":"https:\/\/darkamazi.info\/funavuv\/wp\/v2\/tags?post=1022396"}],"curies":[{"name":"wp","href":"https:\/\/api.w.org\/{rel}","templated":true}]}}