{"id":1022423,"date":"2021-06-16T20:41:45","date_gmt":"2021-06-16T17:41:45","guid":{"rendered":"https:\/\/darkamazi.info\/?p=1022423"},"modified":"2021-09-11T13:53:56","modified_gmt":"2021-09-11T10:53:56","slug":"gelo-ma-qereyilan-xwest-birakuji-asteng-bike-an-ji-zixzixi-ne","status":"publish","type":"post","link":"https:\/\/darkamazi.info\/archives\/1022423","title":{"rendered":"Gelo ma Qereyilan xwest birakuj\u00ee asteng bike an j\u00ee zixzix\u00ee ne?"},"content":{"rendered":"<div class=\"wpb-content-wrapper\"><p>[darkamazi_row][darkamazi_column][darkamazi_video link=&#8221;https:\/\/www.youtube.com\/watch?v=zxqQZ6xg-wI&#8221; align=&#8221;center&#8221;][darkamazi_column_text]<\/p>\n<h3 style=\"text-align: justify;\"><span style=\"font-family: 'arial black', sans-serif;\">Pi\u015ft\u00ee \u015fehadeta 5 p\u00ea\u015fmergey\u00ean Kurdistan\u00ea li Met\u00eena, em bend\u00ea b\u00fbn ku r\u00eaveber\u00ea PKK \u00ea Mirad Qereyilan daxuyan\u00ee bide. Ji ber ku Qereyilan fermandar\u00ea gi\u015ft\u00ee y\u00ea bask\u00ea le\u015fker\u00ee y\u00ea PKK \u00ea, navenda Parastina gel e. 6 p\u00ea\u015fmergey\u00ean ku di hefteya bor\u00ee de \u015feh\u00eed b\u00fby, bi fermana Qereyilan hatib\u00fbn \u015feh\u00eed kirin. Kes\u00ea ku di derece yek da berpirs\u00ea p\u00ea\u015fmergey\u00ean jiyana xwe ji dest dane Mirad Qereyilan e. L\u00ea Qereyilan di axaftina xwe de ti\u015ft\u00ean ku ber\u00ea gotib\u00fb d\u00eesa dubare kir. W\u00ee pir axiv\u00ee l\u00ea ti\u015ftek ji negot. W\u00ee canbaz\u00eeya peyvan kir.<\/span><\/h3>\n<h3 style=\"text-align: justify;\">Di axaftina Qereyilan de, bingehek hewa gefxwarin\u00ea heb\u00fb wek\u00ee &#8220;ger h\u00fbn wek\u00ee ku em dib\u00eajin nekin, em \u00ea l\u00eadana P\u00ea\u015fmerge bidom\u00eenin&#8221;, ji ber ku w\u00ee \u015fehadeta 6 p\u00ea\u015fmerga bi zelal\u00ee \u015f\u00eerove nekir b\u00fbyer bi demagoj\u00ee \u00fb axaftin\u00ean hestyar\u00ee ve\u015fart. L\u00ea digel vana, di axaftina Qerayilan de j\u00ee \u00eet\u00eerafek gir\u00eeng heb\u00fb. Ger em r\u00eazik\u00ean axaftina Qerayilan bi hev re l\u00eakol\u00een bikin, em dikarin hem \u00eet\u00eeraf, hem popul\u00eezma w\u00ee \u00fb hem j\u00ee v\u00ea yek\u00ea ku w\u00ee dixwest li gor\u00ee nebza girsey\u00ea \u015ferbet belav bike xweya bikin.<\/h3>\n<h3 style=\"text-align: center;\"><span style=\"color: #8c0808; font-family: 'arial black', sans-serif;\">P\u00ea\u015fniyara Tirkiy\u00ea ji PKK \u00ea re \u00e7i b\u00fb?<\/span><\/h3>\n<h3 style=\"text-align: justify;\">Di axaftina xwe de Qereyilan b\u00ea ku tar\u00eex\u00ea diyar bike got me bi heyetek Tirk re hevd\u00eetin kir\u00eeye. Qereyilan got, \u201c\u00c7end meh ber\u00ea, bi minasebeta heyetek ji hin dostan, dewleta Tirk, Tey\u00eeb Erdogan bi xwe, ji me ra xeber \u015fand. w\u00ee \u00e7i got, &#8216;h\u00fbn li Bakur\u00ea Kurdistan\u00ea agirbest \u00eelan bikin, l\u00ea h\u00fbn li par\u00e7ey\u00ean din \u00ean Kurdistan\u00ea \u00e7i bikin j\u00ee, em \u00ea destwerdan\u00ea nekin.&#8217; &#8221; Gelek dezgeh\u00ean medya, taybet\u00ee R\u00fbdaw, ew derxist man\u015fetan \u00fb wek\u00ee b\u00fbyerek mezin serv\u00ees kir. L\u00eabel\u00ea, ev b\u00fbyer jixwe dihate zan\u00een.<\/h3>\n<h3 style=\"text-align: justify;\">PKK \u00ea di 25\u00ea Sibat\u00ea de ragihand ku ew bi riya rojnamevan\u00ea xwe Doxan \u00c7etin bi Tirkiy\u00ea re hevd\u00eetin\u00ea dike. Doxan \u00c7etin yek ji kadroy\u00ean sereke ye ku PKK p\u00ea bawer dike. Ew kesek e ku rasterast bi fermana Cem\u00eel Bayik \u00fb Mustafa Qaras\u00fb, tevdigere. W\u00ee bi tal\u00eemat\u00ean r\u00eaxistina xwe gotarek niv\u00eesand \u00fb ragihand ku &#8220;Tirkiye \u00fb welatek NATO bi PKK re di nava dan\u00fbstandinan de b\u00fbn&#8221;. Her wiha Kadroy\u00ea PKK\u00ea \u00c7et\u00een diyar kir ku Tirkiye di civ\u00een\u00ea de gotiye ku &#8220;H\u00eaza daray\u00ee ya Tirkiyey\u00ea heye ku sedsalek bi PKK re \u015fer bike heye&#8221; \u00fb gef li PKK xwerine. Pa\u015f\u00ea r\u00eaveber\u00ean PKK \u00ea daxuyaniy\u00ean e\u015fkere dan \u00fb pi\u015ftgir\u00ee dan n\u00fb\u00e7eya Dogan \u00c7et\u00een behsa w\u00ea kir\u00ee.<\/h3>\n<h3 style=\"text-align: center;\"><span style=\"font-family: 'arial black', sans-serif;\"><strong><span style=\"color: #8c0808;\">Qereyilan rastiy\u00ea dib\u00eaje an j\u00ee \u00c7etin Doxan?<\/span><\/strong><\/span><\/h3>\n<h3 style=\"text-align: justify;\">Ti\u015ft\u00ean Qereyilan \u00fb \u00c7et\u00een dib\u00eajin ji hev c\u00fbda ne. ji wan yek teref rastiy\u00ea nab\u00eaje. Ji ber ku ew dizanin dewleta tirk na rabe gotin\u00ean xwe a\u015fkera bike. Ji bo v\u00ea sedem\u00ea, PKK d\u00ea her car\u00ea v\u00ea civ\u00een\u00ea bi rengek c\u00fbda bike mijara megaz\u00een \u00ea. L\u00ea ti\u015ft\u00ea t\u00ea fehm kirin ewe ku hevd\u00eetinek \u00e7\u00eab\u00fb ye. Ya rasttir, &#8220;Ma pi\u015ft\u00ee sala 1999 an heya niha hevd\u00eetin\u00ean dewleta Tirk \u00fb PKK \u00ea qed sekinin e?&#8221;. B\u00ea guman na. Hevd\u00eetina PKK \u00fb dewleta Tirk her dem heye. Bi r\u00eaya Ocalan, bi r\u00eaya par\u00eazeran, bi r\u00eaya parlementeran, li ser Ewropa hertim hevd\u00eetin berdewam b\u00fbne. M\u00eenak, dema ku Efr\u00een ji h\u00eala Tirkiyey\u00ea ve hat dagirkirin, Qereyilan got, &#8220;R\u00fbsya \u00fb Tirkiyey\u00ea heyetek \u015fand\u00eeye \u00cemraliy\u00ea, ji bo em Efr\u00een\u00ea berdin zextek mezin li ser r\u00eaber\u00ea me dikin, em roj\u00ean p\u00ea\u015f de ji bo raya gi\u015ft\u00ee veb\u00eajin.&#8221; L\u00ea heya niha j\u00ee nehatiye e\u015fkere kirin. Ji ber v\u00ea yek\u00ea her dem hevd\u00eetin\u00ean PKK \u00fb dewleta tirk hene.<\/h3>\n<h3 style=\"text-align: justify;\">Ma maq\u00fbl e ku Tirkiye ji PKK \u00ea re gotibe &#8220;H\u00fbn li Tirkiy\u00ea agirbest\u00ea p\u00eak b\u00eenin, h\u00fbn li par\u00e7ey\u00ean din \u00e7i dikin, bikin&#8221;? B\u00ea guman ev ne ti\u015ftek\u00ee maq\u00fbl e.<\/h3>\n<h3 style=\"text-align: center;\"><span style=\"font-family: 'arial black', sans-serif;\"><strong><span style=\"color: #8c0808;\">Ma Ji 2016 an ve PKK \u00ea \u00e7i \u00e7alak\u00ee kirin ku zor\u00ea bide Tirkiy\u00ea?<\/span><\/strong><\/span><\/h3>\n<h3 style=\"text-align: justify;\">Beriya her ti\u015ft\u00ee, ma li Tirkiy\u00ea agir heye da ku agirbest hebe?\u00a0 PKK li Bakur\u00ea Kurdistan\u00ea \u00e7alakiyek ku d\u00ea dewlet\u00ea b\u00eazar bike nake. Ev ne ti\u015ftek\u00ee n\u00fb ye. Ji sala 2017 an vir ve wusa ye. PKK \u00ea Bakur\u00ea Kurdistan\u00ea vala kiriye. Ocelan \u00fb Haqan Fidan di 2013 an de li ser v\u00ea mijar\u00ea li hevhatin. Dema ku \u00eari\u015fa Da\u00ee\u015f \u00ea li ser Koban\u00ee p\u00eak hat, M\u0130T\u2019\u00ea bi otobusan ger\u00eela ji Amed, Garzan \u00fb Botan hildan \u00fb ew an\u00een\u00een ber s\u00eenor\u00ea Koban\u00ee, dan\u00een. Otobusek ger\u00eella ya ji Amed\u00ea, bi \u00e7ek \u00fb cil \u00fb berg, digel fermandar\u00ea w\u00ea (Gelhat) rakirin li r\u00eak\u00ea da j\u00ee b\u00eahnvedanek ji bo xwerin\u00ea dan \u00fb ew an\u00een ser s\u00eenor\u00ea Koban\u00ee. W\u00ea dem\u00ea \u015fer ji Bakur\u00ea Kurdistan\u00ea hate derxistin. K\u00eamek ger\u00eelay\u00ean li bakur may\u00een j\u00ee di \u015fer\u00ea xendekan de hatin tasfiye kirin. Ji w\u00ea dem\u00ea ve, ger\u00eela li Bakur yek \u00e7alakiyek p\u00eak neaniye. Di dema Darbeya 15 \u00ea T\u00eermeh\u00ea de, dema ku Tirkiye di hundur\u00ea xwe de belav di b\u00fb, d\u00eesa PKK \u00ea yek \u00e7alak\u00ee li ser dijmin\u00ee nekir. Evdila Ocelan \u00fb r\u00eaxistina w\u00ee 15 tirmih\u00ea li dor AKP kom b\u00fb nehi\u015ft dewlet t\u00eak bi\u00e7e. V\u00ea ca Qereyilan behsa \u00e7i agirbesta b\u00eaagir dike.<\/h3>\n<h3 style=\"text-align: justify;\">Niha Tirkiye di war\u00ea abor\u00ee, siyas\u00ee \u00fb d\u00eeplomat\u00eek de di rew\u015fa xwe ya her\u00ee xirab de ye, PKK \u00ea li Tirkiye an li Bakur\u00ea Kurdistan\u00ea yek \u00e7alakiyek ku dewlet\u00ea bihej\u00eene ne kir \u00fb nake. PKK \u00fb Tirkiy\u00ea bi zaneb\u00fbn \u015fer derbas\u00ee axa Ba\u015f\u00fbr\u00ea Kurdistan\u00ea kir\u00ee ye.<\/h3>\n<h3 style=\"text-align: justify;\">Ez dipirsim gelo bi rast\u00ee PKK \u00fb Tirkiye di v\u00ea mijar\u00ea de li hev kirin? An gotina Mirad Qereyilan a &#8220;Wan li Bakur agirbest ji me xwestin&#8221; \u00eetirafek din e? \u00c7ima PKK li Bakur \u015fer nake? \u00c7ima dib\u00eaje ku em ba\u015f\u00fbr\u00ea Kurdistan\u00ea dipar\u00eaz\u00een, l\u00ea \u00e7ima ew li dij\u00ee dagirkeriya Tirk li Bakur\u00ea Kurdistan\u00ea \u00e7alakiy\u00ean le\u015fker\u00ee nake? Mirad Qereyilan di axiftina xwe de, dib\u00eaje ku ew bi tekt\u00eek\u00ean mezin \u00ean n\u00fb her gav li ber xwe dide \u00fb dijmin nikare gav p\u00ea\u015fde pav\u00eaje. Ba\u015f e, \u00e7ima ew na\u00e7e \u00fb wan takt\u00eek\u00ean \u201cn\u00fb\u201d li Gabar, C\u00fbd\u00ee, Andok \u00fb herekol\u00ea na cerib\u00eene?<\/h3>\n<h3 style=\"text-align: center;\"><span style=\"color: #8c0808; font-family: 'arial black', sans-serif;\">PKK \u00ea t\u00eakil\u00eeyek \u00e7awa bi h\u00eaza Tirk ya li \u015e\u00ealadiz\u00ea \u00fb Kan\u00eemas\u00ea heye?<\/span><\/h3>\n<h3 style=\"text-align: justify;\">Ger berxwedanek wusa heye, \u00e7ima li \u00e7iyay\u00ean Bakur\u00ea Kurdistan\u00ea deng\u00ea yek f\u00ee\u015fek j\u00ee nah\u00ea? Qereyilan di axaftina xwe ya ku di 1 \u00ea Gulan\u00ea de li ANF\u00ea hat we\u015fandin de digot ku \u00ear\u00ee\u015fa li dij\u00ee binkey\u00ea kontrol\u00ea ya Tirk a li \u015e\u00ealadiz\u00ea, \u00ear\u00ee\u015fek hi\u015fyar\u00ee y\u00ea b\u00fb.<\/h3>\n<h3 style=\"text-align: justify;\">Qereyilan got, &#8220;Ji ber v\u00ea yek\u00ea, ew hi\u015fyar\u00eeyek b\u00fb ku van h\u00eaz\u00ean dagirkeran, \u00ean ku ber\u00ea li Ba\u015f\u00fbr bic\u00eeh b\u00fbne, hereket nekin \u00fb nekevin nava v\u00ee \u015fer\u00ee. Ger ev h\u00eaz tevl\u00ee \u015fer bibin, ew \u00ea li her dever\u00ea bibin hedefa h\u00eaz\u00ean me. Ev \u00eemkan me hene. Em bawer dikin ku d\u00ea ev peyam bigih\u00eeje c\u00eeh\u00ea p\u00eawend\u00eedar.\u201d Qereyilan, peyamek ji h\u00eaz\u00ean Tirk \u00ean dagirker \u00ean li Ba\u015f\u00fbr\u00ea Kurdistan\u00ea re \u015fand. D\u00eeyar b\u00fb ku PKK li ba\u015f\u00fbr\u00ea Kurdistan\u00ea ligel h\u00eaza Tirk dinava p\u00eawend\u00eeyan da ye. Ango PKK \u00ea li gel h\u00eaza tirk ya \u015e\u00ealadiz\u00ea peymana ne\u00eari\u015fkirin\u00ea \u00eemze kir\u00ee ye. Li hev du naxin.<\/h3>\n<h3 style=\"text-align: center;\"><span style=\"color: #8c0808; font-family: 'arial black', sans-serif;\">Qereyilan di nava peyv\u00ean xwe de \u00eet\u00eeraf kir?<\/span><\/h3>\n<h3 style=\"text-align: justify;\">Gava ku t\u00eakiliyek wusa k\u00fbr di navbera PKK \u00fb dewleta tirk de heye j\u00ee, y\u00ean ku \u015f\u00eeroveyek bi\u00e7\u00fbk j\u00ee dikin dib\u00eajin, &#8220;Hatina P\u00ea\u015fmerge ya qad\u00ea ji bo xizmeta dewleta Tirk e.&#8221; Dema ku PKK t\u00eakiliyek w\u00ee ya bi v\u00ee reng\u00ee ya bi guman bi dewleta Tirk re heye, l\u00ea ew her kes\u00ee wek\u00ee ajan\u00ea Tirk \u00fb xizmetkar\u00ea Tirkan, destn\u00ee\u015fan dike \u00fb\u00a0 sit\u00eark\u00ea ber\u00fbvaj\u00ee dike.<\/h3>\n<h3 style=\"text-align: justify;\">\u201c\u015eer\u00ea\u201d di navbera PKK \u00fb Tirkiy\u00ea de li Ba\u015f\u00fbr\u00ea Kurdistan\u00ea gihi\u015ftiye nuqteyek wusa ku \u015fereke \u00e7i layen xisar nabin. Tirkiye bi gotina ku ew li dij\u00ee PKK \u00ea \u015fer dike xaka xwe mezin dike, PKK j\u00ee di bin nav\u00ea \u201cez dij\u00ee dagirkeriy\u00ea \u015fer dikim\u201d girseya xwe mezin dike \u00fb li Ba\u015f\u00fbr xwe may\u00eende dike. Gava ku hem\u00ee per\u00e7e werin bahev, mirov bi zelal\u00ee dibine ku Tirkiye \u00fb PKK ne dijmin \u00ea hevin.<\/h3>\n<h3 style=\"text-align: justify;\">Ger wek\u00ee Qereyilan dib\u00eaje, Tirkan &#8220;li Bakur agirbest ji PKK xwestin&#8221;, wusa dixuye ku PKK w\u00ea qeb\u00fbl kiriye. Ji ber ku li Bakur \u015fer tune \u00fb \u015fer\u00ea li ba\u015f\u00fbr ten\u00ea zirar\u00ea dide ba\u015f\u00fbr\u00ea Kurdistan\u00ea.<\/h3>\n<h3 style=\"text-align: center;\"><span style=\"color: #8c0808; font-family: 'arial black', sans-serif;\">T\u00eagiha \u201cherem\u00ean Ger\u00eela\u201d di ferhenga PKK \u00ea de<\/span><\/h3>\n<h3 style=\"text-align: justify;\">Qereyilan din ava peyv\u00ean xwe de dib\u00eaje, &#8220;Wan sala 1995 an de bi peymanek\u00ea ev devere dane me, \u00fb di 2013 an de, me ger\u00eela ji Bakur ki\u015fand, me ew an\u00een vir. Kek Mes\u00fbd bi v\u00ea yek\u00ea dizanib\u00fb, w\u00ee \u00e7ima hing\u00ea deng\u00ea xwe nekir?&#8221; L\u00ea ji w\u00ea dem\u00ea \u00fb vir de gelek av di bin pir\u00ea re derbas b\u00fbye.<\/h3>\n<h3 style=\"text-align: justify;\">Y\u00ea Peymana 1995 an ji nav bir\u00ee PKK b\u00fb. Pi\u015ft\u00ee 2000 an, PKK \u00ea bi qada xebata xwe ve eleqedar, qeb\u00fbl kir ku ten\u00ea xebata siyas\u00ee ya legal li ba\u015f\u00fbr bime\u015f\u00ee ne. L\u00ea niha PKK hewl dide ku bi hevkariya He\u015fda \u015eab\u00ee \u00fb Iran\u00ea Her\u00eama Kurdistan\u00ea dorp\u00ea\u00e7 bike. Li gelek deveran \u015eervan\u00ean xwe weke le\u015fker\u00ean he\u015fda \u015fab\u00ee bi nav dike \u00fb bi c\u00eeh dibe. li gel h\u00eaz\u00ean dagirker dij\u00ee Hik\u00fbmeta herma Kurdistan\u00ea xebatek neyarane dime\u015f\u00eene.<\/h3>\n<h3 style=\"text-align: justify;\">Hik\u00fbmeta Kurdistan\u00ea \u00fb Serokwez\u00eer\u00ea w\u00ea rasterast Mesr\u00fbr Barzan\u00ee dikin hedef, mirovan digirin, \u00eenfaz dikin, dikevin nav siyaseta navxwey\u00ee ya Her\u00eama Kurdistan\u00ea, kadroy\u00ean xwe di\u015f\u00eenin di bin nav\u00ea gel de niv\u00eesgeh\u00ean PDK \u00ea li Sil\u00eamaniy\u00ea di\u015fawit\u00eenin. Dij\u00ee PDK me\u015fan dikin. Pa\u015f\u00ea ew dib\u00eaje em ber\u00ea li vir b\u00fbn, ev war\u00ea me ye.<\/h3>\n<h3 style=\"text-align: center;\"><span style=\"color: #8c0808; font-family: 'arial black', sans-serif;\">PKK ji tu kolonyal\u00ees \u00fb Dagirkeran daxwaza ax\u00ea nake, ten\u00ea ji her\u00eama Kurdistan\u00ea daxwaz dike.<\/span><\/h3>\n<h3 style=\"text-align: justify;\">PKK, Cemil Bay\u0131k \u00fb Mirad Qereyilan, ji tu welatek\u00ee daxwaz a ax\u00ea nakin, l\u00eabel\u00ea bi rihet\u00ee dib\u00eajin ku per\u00e7eyek axa Hik\u00fbmeta Her\u00eama Kurdistan\u00ea ya me ye. PKK ya ku bi t\u00eag\u00een\u00ean Tirkb\u00fbn \u00fb \u00ceran\u00ee b\u00fbn\u00ea dixaze li gel s\u00eestem\u00ean kolonyal\u00eezm\u00ea entegre bibe, l\u00ea ew PKK qet nafikire ku li gel Hik\u00fbmeta Her\u00eama Kurdistan\u00ea netegre bibe. Loma em dib\u00eajin \u00e7iyay\u00ean her\u00eama Kurdistan\u00ea di bin dagirkirina H\u00eaz\u00ean \u00c7ekdar \u00ean Tirk \u00fb PKK de ne.<\/h3>\n<h3 style=\"text-align: justify;\">Ew dib\u00eaje P\u00ea\u015fmergey\u00ean Roj nikarin werin Qamishlo, l\u00ea ew dib\u00eaje ka em bi \u00e7eken xwedest\u00ean xwe bihej\u00een\u00een \u00fb t\u00eakev\u00een navenda Duhok \u00ea. Ew P\u00ea\u015fmerge \u015feh\u00eed dike, l\u00ea m\u00eena ku P\u00ea\u015fmerge li \u00e7iyay\u00ea Agir\u00ee an j\u00ee D\u00earsim\u00ea \u00eari\u015f\u00ee w\u00ee dike, qiyamet\u00ea radike. Di hol\u00ea de \u00e7i birakuji n\u00eene. Gava ku du al\u00ee \u00ear\u00ee\u015f\u00ee hev dikin di be birakuj\u00ee. N\u00fbke \u00eari\u015fek PKK \u00ea heye. Pkk y\u00ea \u015fer\u00ea birakuj\u00ee zix zix\u00ee ne.<\/h3>\n<h3 style=\"text-align: justify;\">Parlamenter R\u00eav\u00eeng Hiror\u00ee, ku gund\u00ea w\u00ee di bin \u00eari\u015f\u00ean dagirkeran da ye, pir ba\u015f got, &#8220;Desteserkirina be\u015fek ji axa Her\u00eama Kurdistan\u00ea dagirker\u00ee ye; \u00c7i dewleta Tirk be \u00e7i PKK be qed ferq nake.\u201d Tevahiya axaftina Qereyilan ji bo ve\u015fartina v\u00ea tevgera dagirkirina du al\u00ee ya (PKK \u00fb Tirk) li ser xaka Hik\u00fbmeta Her\u00eama Kurdistan\u00ea b\u00fb.<\/h3>\n<p>[\/darkamazi_column_text][\/darkamazi_column][\/darkamazi_row]<\/p>\n<\/div>","protected":false},"excerpt":{"rendered":"<p>[darkamazi_row][darkamazi_column][darkamazi_video link=&#8221;https:\/\/www.youtube.com\/watch?v=zxqQZ6xg-wI&#8221; align=&#8221;center&#8221;][darkamazi_column_text] Pi\u015ft\u00ee \u015fehadeta 5 p\u00ea\u015fmergey\u00ean Kurdistan\u00ea li Met\u00eena, em bend\u00ea b\u00fbn ku r\u00eaveber\u00ea PKK \u00ea Mirad Qereyilan daxuyan\u00ee bide. Ji ber ku Qereyilan fermandar\u00ea gi\u015ft\u00ee y\u00ea bask\u00ea le\u015fker\u00ee y\u00ea PKK \u00ea, navenda Parastina gel e. 6 p\u00ea\u015fmergey\u00ean ku di hefteya bor\u00ee de \u015feh\u00eed b\u00fby, bi fermana Qereyilan hatib\u00fbn \u015feh\u00eed kirin. Kes\u00ea ku di [&hellip;]<\/p>\n","protected":false},"author":2,"featured_media":1022424,"comment_status":"closed","ping_status":"closed","sticky":false,"template":"epic_custom_post_template-1006382","format":"video","meta":{"footnotes":""},"categories":[65],"tags":[37],"class_list":["post-1022423","post","type-post","status-publish","format-video","has-post-thumbnail","hentry","category-vidiyo","tag-sereke","post_format-post-format-video"],"blocksy_meta":[],"seo_head":"<!-- This site is optimized with the Yoast SEO plugin v27.5 - https:\/\/yoast.com\/product\/yoast-seo-wordpress\/ -->\n<title>Gelo ma Qereyilan xwest birakuj\u00ee asteng bike an j\u00ee zixzix\u00ee ne? - Darka Maz\u00ee<\/title>\n<meta name=\"robots\" content=\"index, follow, max-snippet:-1, max-image-preview:large, max-video-preview:-1\" \/>\n<link rel=\"canonical\" href=\"https:\/\/darkamazi.info\/archives\/1022423\" \/>\n<meta property=\"og:locale\" content=\"en_US\" \/>\n<meta property=\"og:type\" content=\"article\" \/>\n<meta property=\"og:title\" content=\"Gelo ma Qereyilan xwest birakuj\u00ee asteng bike an j\u00ee zixzix\u00ee ne? - Darka Maz\u00ee\" \/>\n<meta property=\"og:description\" content=\"[darkamazi_row][darkamazi_column][darkamazi_video link=&#8221;https:\/\/www.youtube.com\/watch?v=zxqQZ6xg-wI&#8221; align=&#8221;center&#8221;][darkamazi_column_text] Pi\u015ft\u00ee \u015fehadeta 5 p\u00ea\u015fmergey\u00ean Kurdistan\u00ea li Met\u00eena, em bend\u00ea b\u00fbn ku r\u00eaveber\u00ea PKK \u00ea Mirad Qereyilan daxuyan\u00ee bide. Ji ber ku Qereyilan fermandar\u00ea gi\u015ft\u00ee y\u00ea bask\u00ea le\u015fker\u00ee y\u00ea PKK \u00ea, navenda Parastina gel e. 6 p\u00ea\u015fmergey\u00ean ku di hefteya bor\u00ee de \u015feh\u00eed b\u00fby, bi fermana Qereyilan hatib\u00fbn \u015feh\u00eed kirin. Kes\u00ea ku di [&hellip;]\" \/>\n<meta property=\"og:url\" content=\"https:\/\/darkamazi.info\/archives\/1022423\" \/>\n<meta property=\"og:site_name\" content=\"Darka Maz\u00ee\" \/>\n<meta property=\"article:publisher\" content=\"https:\/\/www.facebook.com\/DarMaziKurmanci\" \/>\n<meta property=\"article:published_time\" content=\"2021-06-16T17:41:45+00:00\" \/>\n<meta property=\"article:modified_time\" content=\"2021-09-11T10:53:56+00:00\" \/>\n<meta property=\"og:image\" content=\"https:\/\/darkamazi.info\/file\/2021\/06\/qereylan-3.jpg\" \/>\n\t<meta property=\"og:image:width\" content=\"900\" \/>\n\t<meta property=\"og:image:height\" content=\"497\" \/>\n\t<meta property=\"og:image:type\" content=\"image\/jpeg\" \/>\n<meta name=\"author\" content=\"darka mazi\" \/>\n<meta name=\"twitter:card\" content=\"summary_large_image\" \/>\n<meta name=\"twitter:creator\" content=\"@DarkaMaziLatini\" \/>\n<meta name=\"twitter:site\" content=\"@DarkaMaziLatini\" \/>\n<meta name=\"twitter:label1\" content=\"Written by\" \/>\n\t<meta name=\"twitter:data1\" content=\"darka mazi\" \/>\n\t<meta name=\"twitter:label2\" content=\"Est. reading time\" \/>\n\t<meta name=\"twitter:data2\" content=\"8 minutes\" \/>\n<script type=\"application\/ld+json\" class=\"seo-schema-graph\">{\"@context\":\"https:\\\/\\\/schema.org\",\"@graph\":[{\"@type\":\"Article\",\"@id\":\"https:\\\/\\\/darkamazi.info\\\/archives\\\/1022423#article\",\"isPartOf\":{\"@id\":\"https:\\\/\\\/darkamazi.info\\\/archives\\\/1022423\"},\"author\":{\"name\":\"darka mazi\",\"@id\":\"https:\\\/\\\/darkamazi.info\\\/#\\\/schema\\\/person\\\/5ad3e24553a0567993fa8ed4bd0a776c\"},\"headline\":\"Gelo ma Qereyilan xwest birakuj\u00ee asteng bike an j\u00ee zixzix\u00ee ne?\",\"datePublished\":\"2021-06-16T17:41:45+00:00\",\"dateModified\":\"2021-09-11T10:53:56+00:00\",\"mainEntityOfPage\":{\"@id\":\"https:\\\/\\\/darkamazi.info\\\/archives\\\/1022423\"},\"wordCount\":1934,\"publisher\":{\"@id\":\"https:\\\/\\\/darkamazi.info\\\/#organization\"},\"image\":{\"@id\":\"https:\\\/\\\/darkamazi.info\\\/archives\\\/1022423#primaryimage\"},\"thumbnailUrl\":\"https:\\\/\\\/darkamazi.info\\\/darka-content\\\/uploads\\\/2021\\\/06\\\/qereylan-3.jpg\",\"keywords\":[\"sereke\"],\"articleSection\":[\"V\u00eed\u00eeyo\"],\"inLanguage\":\"en-US\"},{\"@type\":\"WebPage\",\"@id\":\"https:\\\/\\\/darkamazi.info\\\/archives\\\/1022423\",\"url\":\"https:\\\/\\\/darkamazi.info\\\/archives\\\/1022423\",\"name\":\"Gelo ma Qereyilan xwest birakuj\u00ee asteng bike an j\u00ee zixzix\u00ee ne? - Darka Maz\u00ee\",\"isPartOf\":{\"@id\":\"https:\\\/\\\/darkamazi.info\\\/#website\"},\"primaryImageOfPage\":{\"@id\":\"https:\\\/\\\/darkamazi.info\\\/archives\\\/1022423#primaryimage\"},\"image\":{\"@id\":\"https:\\\/\\\/darkamazi.info\\\/archives\\\/1022423#primaryimage\"},\"thumbnailUrl\":\"https:\\\/\\\/darkamazi.info\\\/darka-content\\\/uploads\\\/2021\\\/06\\\/qereylan-3.jpg\",\"datePublished\":\"2021-06-16T17:41:45+00:00\",\"dateModified\":\"2021-09-11T10:53:56+00:00\",\"breadcrumb\":{\"@id\":\"https:\\\/\\\/darkamazi.info\\\/archives\\\/1022423#breadcrumb\"},\"inLanguage\":\"en-US\",\"potentialAction\":[{\"@type\":\"ReadAction\",\"target\":[\"https:\\\/\\\/darkamazi.info\\\/archives\\\/1022423\"]}]},{\"@type\":\"ImageObject\",\"inLanguage\":\"en-US\",\"@id\":\"https:\\\/\\\/darkamazi.info\\\/archives\\\/1022423#primaryimage\",\"url\":\"https:\\\/\\\/darkamazi.info\\\/darka-content\\\/uploads\\\/2021\\\/06\\\/qereylan-3.jpg\",\"contentUrl\":\"https:\\\/\\\/darkamazi.info\\\/darka-content\\\/uploads\\\/2021\\\/06\\\/qereylan-3.jpg\",\"width\":900,\"height\":497,\"caption\":\"Gelo ma Qereyilan xwest birakuj\u00ee asteng bike an j\u00ee zixzix\u00ee ne?\"},{\"@type\":\"BreadcrumbList\",\"@id\":\"https:\\\/\\\/darkamazi.info\\\/archives\\\/1022423#breadcrumb\",\"itemListElement\":[{\"@type\":\"ListItem\",\"position\":1,\"name\":\"Home\",\"item\":\"https:\\\/\\\/darkamazi.info\\\/\"},{\"@type\":\"ListItem\",\"position\":2,\"name\":\"Gelo ma Qereyilan xwest birakuj\u00ee asteng bike an j\u00ee zixzix\u00ee ne?\"}]},{\"@type\":\"WebSite\",\"@id\":\"https:\\\/\\\/darkamazi.info\\\/#website\",\"url\":\"https:\\\/\\\/darkamazi.info\\\/\",\"name\":\"Darka Maz\u00ee\",\"description\":\"P\u00eageha Zanyariy\u00ean Nebih\u00eest\u00ee\",\"publisher\":{\"@id\":\"https:\\\/\\\/darkamazi.info\\\/#organization\"},\"potentialAction\":[{\"@type\":\"SearchAction\",\"target\":{\"@type\":\"EntryPoint\",\"urlTemplate\":\"https:\\\/\\\/darkamazi.info\\\/?s={search_term_string}\"},\"query-input\":{\"@type\":\"PropertyValueSpecification\",\"valueRequired\":true,\"valueName\":\"search_term_string\"}}],\"inLanguage\":\"en-US\"},{\"@type\":\"Organization\",\"@id\":\"https:\\\/\\\/darkamazi.info\\\/#organization\",\"name\":\"Darka Maz\u00ee\",\"url\":\"https:\\\/\\\/darkamazi.info\\\/\",\"logo\":{\"@type\":\"ImageObject\",\"inLanguage\":\"en-US\",\"@id\":\"https:\\\/\\\/darkamazi.info\\\/#\\\/schema\\\/logo\\\/image\\\/\",\"url\":\"https:\\\/\\\/darkamazi.info\\\/darka-content\\\/uploads\\\/2017\\\/12\\\/darka-mazi-logo.png\",\"contentUrl\":\"https:\\\/\\\/darkamazi.info\\\/darka-content\\\/uploads\\\/2017\\\/12\\\/darka-mazi-logo.png\",\"width\":151,\"height\":75,\"caption\":\"Darka Maz\u00ee\"},\"image\":{\"@id\":\"https:\\\/\\\/darkamazi.info\\\/#\\\/schema\\\/logo\\\/image\\\/\"},\"sameAs\":[\"https:\\\/\\\/www.facebook.com\\\/DarMaziKurmanci\",\"https:\\\/\\\/x.com\\\/DarkaMaziLatini\",\"https:\\\/\\\/www.instagram.com\\\/darkamazi.kurmanci\\\/\",\"https:\\\/\\\/www.youtube.com\\\/channel\\\/UCa5HkTdmI8U1qCUFuTw8B2g\"]},{\"@type\":\"Person\",\"@id\":\"https:\\\/\\\/darkamazi.info\\\/#\\\/schema\\\/person\\\/5ad3e24553a0567993fa8ed4bd0a776c\",\"name\":\"darka mazi\",\"sameAs\":[\"https:\\\/\\\/darkamazi.info\\\/\"],\"url\":\"https:\\\/\\\/darkamazi.info\\\/archives\\\/author\\\/kurdi\"}]}<\/script>\n<!-- \/ Yoast SEO plugin. -->","seo_head_json":{"title":"Gelo ma Qereyilan xwest birakuj\u00ee asteng bike an j\u00ee zixzix\u00ee ne? - Darka Maz\u00ee","robots":{"index":"index","follow":"follow","max-snippet":"max-snippet:-1","max-image-preview":"max-image-preview:large","max-video-preview":"max-video-preview:-1"},"canonical":"https:\/\/darkamazi.info\/archives\/1022423","og_locale":"en_US","og_type":"article","og_title":"Gelo ma Qereyilan xwest birakuj\u00ee asteng bike an j\u00ee zixzix\u00ee ne? - Darka Maz\u00ee","og_description":"[darkamazi_row][darkamazi_column][darkamazi_video link=&#8221;https:\/\/www.youtube.com\/watch?v=zxqQZ6xg-wI&#8221; align=&#8221;center&#8221;][darkamazi_column_text] Pi\u015ft\u00ee \u015fehadeta 5 p\u00ea\u015fmergey\u00ean Kurdistan\u00ea li Met\u00eena, em bend\u00ea b\u00fbn ku r\u00eaveber\u00ea PKK \u00ea Mirad Qereyilan daxuyan\u00ee bide. Ji ber ku Qereyilan fermandar\u00ea gi\u015ft\u00ee y\u00ea bask\u00ea le\u015fker\u00ee y\u00ea PKK \u00ea, navenda Parastina gel e. 6 p\u00ea\u015fmergey\u00ean ku di hefteya bor\u00ee de \u015feh\u00eed b\u00fby, bi fermana Qereyilan hatib\u00fbn \u015feh\u00eed kirin. Kes\u00ea ku di [&hellip;]","og_url":"https:\/\/darkamazi.info\/archives\/1022423","og_site_name":"Darka Maz\u00ee","article_publisher":"https:\/\/www.facebook.com\/DarMaziKurmanci","article_published_time":"2021-06-16T17:41:45+00:00","article_modified_time":"2021-09-11T10:53:56+00:00","og_image":[{"width":900,"height":497,"url":"https:\/\/darkamazi.info\/file\/2021\/06\/qereylan-3.jpg","type":"image\/jpeg"}],"author":"darka mazi","twitter_card":"summary_large_image","twitter_creator":"@DarkaMaziLatini","twitter_site":"@DarkaMaziLatini","twitter_misc":{"Written by":"darka mazi","Est. reading time":"8 minutes"},"schema":{"@context":"https:\/\/schema.org","@graph":[{"@type":"Article","@id":"https:\/\/darkamazi.info\/archives\/1022423#article","isPartOf":{"@id":"https:\/\/darkamazi.info\/archives\/1022423"},"author":{"name":"darka mazi","@id":"https:\/\/darkamazi.info\/#\/schema\/person\/5ad3e24553a0567993fa8ed4bd0a776c"},"headline":"Gelo ma Qereyilan xwest birakuj\u00ee asteng bike an j\u00ee zixzix\u00ee ne?","datePublished":"2021-06-16T17:41:45+00:00","dateModified":"2021-09-11T10:53:56+00:00","mainEntityOfPage":{"@id":"https:\/\/darkamazi.info\/archives\/1022423"},"wordCount":1934,"publisher":{"@id":"https:\/\/darkamazi.info\/#organization"},"image":{"@id":"https:\/\/darkamazi.info\/archives\/1022423#primaryimage"},"thumbnailUrl":"https:\/\/darkamazi.info\/file\/2021\/06\/qereylan-3.jpg","keywords":["sereke"],"articleSection":["V\u00eed\u00eeyo"],"inLanguage":"en-US"},{"@type":"WebPage","@id":"https:\/\/darkamazi.info\/archives\/1022423","url":"https:\/\/darkamazi.info\/archives\/1022423","name":"Gelo ma Qereyilan xwest birakuj\u00ee asteng bike an j\u00ee zixzix\u00ee ne? - Darka Maz\u00ee","isPartOf":{"@id":"https:\/\/darkamazi.info\/#website"},"primaryImageOfPage":{"@id":"https:\/\/darkamazi.info\/archives\/1022423#primaryimage"},"image":{"@id":"https:\/\/darkamazi.info\/archives\/1022423#primaryimage"},"thumbnailUrl":"https:\/\/darkamazi.info\/file\/2021\/06\/qereylan-3.jpg","datePublished":"2021-06-16T17:41:45+00:00","dateModified":"2021-09-11T10:53:56+00:00","breadcrumb":{"@id":"https:\/\/darkamazi.info\/archives\/1022423#breadcrumb"},"inLanguage":"en-US","potentialAction":[{"@type":"ReadAction","target":["https:\/\/darkamazi.info\/archives\/1022423"]}]},{"@type":"ImageObject","inLanguage":"en-US","@id":"https:\/\/darkamazi.info\/archives\/1022423#primaryimage","url":"https:\/\/darkamazi.info\/file\/2021\/06\/qereylan-3.jpg","contentUrl":"https:\/\/darkamazi.info\/file\/2021\/06\/qereylan-3.jpg","width":900,"height":497,"caption":"Gelo ma Qereyilan xwest birakuj\u00ee asteng bike an j\u00ee zixzix\u00ee ne?"},{"@type":"BreadcrumbList","@id":"https:\/\/darkamazi.info\/archives\/1022423#breadcrumb","itemListElement":[{"@type":"ListItem","position":1,"name":"Home","item":"https:\/\/darkamazi.info\/"},{"@type":"ListItem","position":2,"name":"Gelo ma Qereyilan xwest birakuj\u00ee asteng bike an j\u00ee zixzix\u00ee ne?"}]},{"@type":"WebSite","@id":"https:\/\/darkamazi.info\/#website","url":"https:\/\/darkamazi.info\/","name":"Darka Maz\u00ee","description":"P\u00eageha Zanyariy\u00ean Nebih\u00eest\u00ee","publisher":{"@id":"https:\/\/darkamazi.info\/#organization"},"potentialAction":[{"@type":"SearchAction","target":{"@type":"EntryPoint","urlTemplate":"https:\/\/darkamazi.info\/?s={search_term_string}"},"query-input":{"@type":"PropertyValueSpecification","valueRequired":true,"valueName":"search_term_string"}}],"inLanguage":"en-US"},{"@type":"Organization","@id":"https:\/\/darkamazi.info\/#organization","name":"Darka Maz\u00ee","url":"https:\/\/darkamazi.info\/","logo":{"@type":"ImageObject","inLanguage":"en-US","@id":"https:\/\/darkamazi.info\/#\/schema\/logo\/image\/","url":"https:\/\/darkamazi.info\/file\/2017\/12\/darka-mazi-logo.png","contentUrl":"https:\/\/darkamazi.info\/file\/2017\/12\/darka-mazi-logo.png","width":151,"height":75,"caption":"Darka Maz\u00ee"},"image":{"@id":"https:\/\/darkamazi.info\/#\/schema\/logo\/image\/"},"sameAs":["https:\/\/www.facebook.com\/DarMaziKurmanci","https:\/\/x.com\/DarkaMaziLatini","https:\/\/www.instagram.com\/darkamazi.kurmanci\/","https:\/\/www.youtube.com\/channel\/UCa5HkTdmI8U1qCUFuTw8B2g"]},{"@type":"Person","@id":"https:\/\/darkamazi.info\/#\/schema\/person\/5ad3e24553a0567993fa8ed4bd0a776c","name":"darka mazi","sameAs":["https:\/\/darkamazi.info\/"],"url":"https:\/\/darkamazi.info\/archives\/author\/kurdi"}]}},"_links":{"self":[{"href":"https:\/\/darkamazi.info\/funavuv\/wp\/v2\/posts\/1022423","targetHints":{"allow":["GET"]}}],"collection":[{"href":"https:\/\/darkamazi.info\/funavuv\/wp\/v2\/posts"}],"about":[{"href":"https:\/\/darkamazi.info\/funavuv\/wp\/v2\/types\/post"}],"author":[{"embeddable":true,"href":"https:\/\/darkamazi.info\/funavuv\/wp\/v2\/users\/2"}],"replies":[{"embeddable":true,"href":"https:\/\/darkamazi.info\/funavuv\/wp\/v2\/comments?post=1022423"}],"version-history":[{"count":0,"href":"https:\/\/darkamazi.info\/funavuv\/wp\/v2\/posts\/1022423\/revisions"}],"wp:featuredmedia":[{"embeddable":true,"href":"https:\/\/darkamazi.info\/funavuv\/wp\/v2\/media\/1022424"}],"wp:attachment":[{"href":"https:\/\/darkamazi.info\/funavuv\/wp\/v2\/media?parent=1022423"}],"wp:term":[{"taxonomy":"category","embeddable":true,"href":"https:\/\/darkamazi.info\/funavuv\/wp\/v2\/categories?post=1022423"},{"taxonomy":"post_tag","embeddable":true,"href":"https:\/\/darkamazi.info\/funavuv\/wp\/v2\/tags?post=1022423"}],"curies":[{"name":"wp","href":"https:\/\/api.w.org\/{rel}","templated":true}]}}