{"id":1022966,"date":"2021-06-24T21:50:21","date_gmt":"2021-06-24T18:50:21","guid":{"rendered":"https:\/\/darkamazi.info\/?p=1022966"},"modified":"2021-09-11T12:40:17","modified_gmt":"2021-09-11T09:40:17","slug":"pkk-u-bebexti","status":"publish","type":"post","link":"https:\/\/darkamazi.info\/archives\/1022966","title":{"rendered":"PKK \u00fb b\u00eabext\u00ee"},"content":{"rendered":"<h3 style=\"text-align: justify;\"><span style=\"font-family: 'arial black', sans-serif;\">Dijmin tucar\u00ee bi h\u00eaza xwe pi\u015fta Kurdan ne\u015fikandiye. Kurd her wext\u00ea bi xiyanet \u00fb b\u00eabext\u00eey\u00ean navxwey\u00ee \u015fikestine. Di serhildana \u015e\u00eax Sa\u00eed de Qasim\u00ea Kor (hevling\u00ea \u015e\u00eax Sa\u00eed), di serhildana Sa\u00eed Riza de braz\u00eey\u00ea w\u00ee R\u00eaber (Rayber), di serhildana Barzan\u00eeyan de \u00cebrah\u00eem Ehmed \u00fb Talaban\u00eeyan b\u00eabext\u00ee li Kurdan kirine \u00fb b\u00fbne sedem\u00ea \u015fikestin \u00fb t\u00eak\u00e7\u00fbna serhildan\u00ea. \u00cero j\u00ee PKK daye d\u00fb w\u00ea \u015fop\u00ea \u00fb pi\u015fta Kurdan di\u015fk\u00eene.<\/span><\/h3>\n<h3 style=\"text-align: justify;\">PKK \u00fb armanca PKK hem ji al\u00ee Ocalan \u00fb hem ji al\u00ee hinek rayedar\u00ean art\u00ea\u015f \u00fb M\u00ceT\u00ea ve pir bi zelal\u00ee hatiye destn\u00ee\u015fan kirin. Kes\u00ean wek Orgeneral Tuncer Kili\u00e7, ajan\u00ea M\u00ceT\u00ea Mah\u00eer Kaynak, Yal\u00e7in Ku\u00e7uk, Duran Kalkan, Cem\u00eel Bayik, Murat Karayilan, Mustafa Karasu, A. Haydar Kaytan, Riza Altun \u00fb Bes\u00ea Hozat armanca PKK bi zelal\u00ee an\u00eene \u00fb t\u00eenin zim\u00ean. Ew j\u00ee dijber\u00eeya PDK, Barzan\u00ee \u00fb Kurdistanek serbixwe ye.<\/h3>\n<h3 style=\"text-align: justify;\">PKK \u00fb hem\u00fb propaganda \u00fb dijber\u00eeya PKK li ser dijminat\u00eeya Barzan\u00eeyan \u00fb avakirina dewleta Kurdistan\u00ea hatiye sazkirin. T\u00eakil\u00eey\u00ean w\u00ea y\u00ean bi her \u00e7ar dewlet\u00ean dag\u00eerker \u00fb YNK re d\u00eesa li ser b\u00ea bingeh\u00ea hatine dan\u00een. Kujtina p\u00ea\u015fmergeyan \u00fb alozkirina aram\u00eeya Her\u00eama Kurdistan\u00ea li ser v\u00ea bingeh\u00ea ye. R\u00fbxandin \u00fb w\u00earankirina Bakur\u00ea Kurdistan\u00ea \u00fb alozkirina Rojavay\u00ea Kurdistan\u00ea li ser v\u00ea bingeh\u00ea ye. Ji bo PDK \u00fb Barzan\u00eeyan di \u00e7av\u00ea Kurdan \u00fb awira gelemper\u00ee de re\u015f bike, PKK her ti\u015ft\u00ee dike, her vir \u00fb derewan dike \u00fb xiyanet\u00ean ku be\u015fek ji YNK li wan dike j\u00ee dixe stuy\u00ea PDK \u00fb Barzan\u00eeyan.<\/h3>\n<h3 style=\"text-align: justify;\">PKK a ku digot \u201e me li Met\u00eena p\u00ea\u015fmerge nekujtine \u201c d\u00eesa derew kir \u00fb derewa wan bi daxuyan\u00eey\u00ean fermandar\u00ea payebilind \u00ea PKK\u00ea Ozgur Jiyanda e\u015fkere b\u00fb. Ya balk\u00ea\u015ftir; endam \u00fb r\u00eavebir\u00ean PKK y\u00ean ku li Sil\u00eaman\u00ee \u00fb derdora w\u00ea ji al\u00ee hinek r\u00eavebir\u00ean YNK ve t\u00ean \u00eexbar kirin \u00fb bi balafir\u00ean Tirkan t\u00ean kujtin, d\u00eesa dixin stuy\u00ea PDK \u00fb Barzan\u00eeyan. L\u00ea ev vir \u00fb derewa wan j\u00ee bi wan de teq\u00eeya \u00fb ji al\u00ee Fayiq Gulp\u00ea ve hat e\u015fkere kirin.<\/h3>\n<h3 style=\"text-align: justify;\">Di derbar\u00ea \u00eexbar\u00ee \u00fb bombebarandina endam \u00fb r\u00eavebir\u00ean PKK de serok\u00ea ber\u00ea y\u00ea Part\u00eeya \u00c7areser\u00eeya Demokrat\u00eek a Kurdistan\u00ea (P\u00c7DK) Fayiq Gulp\u00ea, ji BasNews\u00ea re e\u015fkere kir \u00fb got: \u201e R\u00eavebir\u00ean PKK z\u00eadetir li s\u00eenor\u00ea Sil\u00eaman\u00eey\u00ea b\u00fbne armanca \u00ear\u00ee\u015f\u00ean dewleta Tirk \u00fb hatine kujtin. Dibe ku PKK j\u00ee dizane YNK \u00eexbar\u00eey\u00ea dike l\u00ea behs nake, heger p\u00eawend\u00eey\u00ean le\u015fker\u00ee di navbera PDK \u00fb Tirk\u00eey\u00ea de hebin, herweha p\u00eawend\u00eey\u00ean \u00eext\u00eexbarat\u00ee j\u00ee di navbera YNK \u00fb Tirk\u00eey\u00ea de hene \u00fb dibe ji ber w\u00ea sedem\u00ea endam\u00ean PKK z\u00eadetir li Sil\u00eaman\u00eey\u00ea dibin armanca \u00ear\u00ee\u015fan\u201c.<\/h3>\n<h3 style=\"text-align: justify;\">Xuyaye be\u015fek ji r\u00eavebir\u00ean YNK b\u00fbne hevkar\u00ean dewleta Tirk \u00fb li derdora Sil\u00eaman\u00eey\u00ea \u00eexbar\u00eeya endam \u00fb r\u00eavebir\u00ean PKK dikin. Her \u00e7iqas\u00ee YNK \u00fb PKK nexwazin v\u00ea e\u015fkere bikin j\u00ee, rast\u00ee di bin cilik\u00ea de nam\u00eene \u00fb derdikeve hol\u00ea. Her \u00e7iqas\u00ee PKK bi vir \u00fb derewan \u00eexbar\u00eeya endam\u00ean xwe t\u00eaxe stuy\u00ea PDK \u00fb Barzan\u00eeyan tohmetbar bike j\u00ee, pev\u00e7\u00fbn \u00fb \u015fer\u00ea hinek r\u00eavebir\u00ean YNK rast\u00eey\u00ea e\u015fkere dike \u00fb vir \u00fb derew\u00ean PKK li r\u00fby\u00ea wan dixe.<\/h3>\n<h3 style=\"text-align: justify;\">Li gor agah\u00eey\u00ean ku ji her\u00eama Sil\u00eaman\u00eey\u00ea t\u00ean \u00fb di \u00e7apemen\u00eey\u00ea de j\u00ee hatiye behskirin, ji ber sedema s\u00eexur\u00eeya asay\u00ee\u015fa YNK \u00fb \u00eexbar\u00eeya PKK, nakok\u00ee di navbera al\u00eegir \u00fb dijber\u00ean PKK de derketiye. YNK\u00ee y\u00ean ku al\u00eegir \u00fb dijber\u00ean PKK ne bi hev ketine \u00fb di encam\u00ea de \u015ferek\u00ee dijwar di navbera wan de derketiye. Herweha t\u00ea gotin ku di 15\u00ea v\u00ea meh\u00ea de s\u00eexur\u00ean nava asay\u00ee\u015fa YNK berpirsek\u00ee PKK radest\u00ee Tirkan kirine. Ev yek j\u00ee n\u00ee\u015fan dide ku di radestkirina endam \u00fb r\u00eavebir\u00ean PKK de ne til\u00eeya PDK l\u00ea til\u00eeya YNK heye. Bi v\u00ee away\u00ee carek din e\u015fkere b\u00fb ku PKK bi zanist\u00ee \u00fb bi qest\u00ee PDK \u00fb Barzan\u00eeyan gunehbar dike \u00fb b\u00eabext\u00eey\u00ean xwe vedi\u015f\u00eare.<\/h3>\n<h3 style=\"text-align: justify;\">Bi kurt \u00fb Kurmanc\u00ee heger em b\u00eajin; PKK \u00fb d\u00eeroka PKK li ser esas \u00fb bingeh\u00ea derew \u00fb b\u00eabext\u00eeyan hatiye avakirin. Tu kes bi derew \u00fb b\u00eabext\u00eeyan ne gihaye armanca xwe. Roj t\u00ea ew derew \u00fb b\u00eabext\u00ee li xwed\u00eey\u00ea xwe vedigerin \u00fb wek bombeyek\u00ea bi wan de diteqin.<\/h3>\n","protected":false},"excerpt":{"rendered":"<p>Dijmin tucar\u00ee bi h\u00eaza xwe pi\u015fta Kurdan ne\u015fikandiye. Kurd her wext\u00ea bi xiyanet \u00fb b\u00eabext\u00eey\u00ean navxwey\u00ee \u015fikestine. Di serhildana \u015e\u00eax Sa\u00eed de Qasim\u00ea Kor (hevling\u00ea \u015e\u00eax Sa\u00eed), di serhildana Sa\u00eed Riza de braz\u00eey\u00ea w\u00ee R\u00eaber (Rayber), di serhildana Barzan\u00eeyan de \u00cebrah\u00eem Ehmed \u00fb Talaban\u00eeyan b\u00eabext\u00ee li Kurdan kirine \u00fb b\u00fbne sedem\u00ea \u015fikestin \u00fb t\u00eak\u00e7\u00fbna serhildan\u00ea. [&hellip;]<\/p>\n","protected":false},"author":2,"featured_media":1022967,"comment_status":"closed","ping_status":"closed","sticky":false,"template":"","format":"standard","meta":{"footnotes":""},"categories":[29],"tags":[37],"class_list":["post-1022966","post","type-post","status-publish","format-standard","has-post-thumbnail","hentry","category-kurdistan","tag-sereke"],"blocksy_meta":[],"seo_head":"<!-- This site is optimized with the Yoast SEO plugin v27.5 - https:\/\/yoast.com\/product\/yoast-seo-wordpress\/ -->\n<title>PKK \u00fb b\u00eabext\u00ee - Darka Maz\u00ee<\/title>\n<meta name=\"robots\" content=\"index, follow, max-snippet:-1, max-image-preview:large, max-video-preview:-1\" \/>\n<link rel=\"canonical\" href=\"https:\/\/darkamazi.info\/archives\/1022966\" \/>\n<meta property=\"og:locale\" content=\"en_US\" \/>\n<meta property=\"og:type\" content=\"article\" \/>\n<meta property=\"og:title\" content=\"PKK \u00fb b\u00eabext\u00ee - Darka Maz\u00ee\" \/>\n<meta property=\"og:description\" content=\"Dijmin tucar\u00ee bi h\u00eaza xwe pi\u015fta Kurdan ne\u015fikandiye. Kurd her wext\u00ea bi xiyanet \u00fb b\u00eabext\u00eey\u00ean navxwey\u00ee \u015fikestine. Di serhildana \u015e\u00eax Sa\u00eed de Qasim\u00ea Kor (hevling\u00ea \u015e\u00eax Sa\u00eed), di serhildana Sa\u00eed Riza de braz\u00eey\u00ea w\u00ee R\u00eaber (Rayber), di serhildana Barzan\u00eeyan de \u00cebrah\u00eem Ehmed \u00fb Talaban\u00eeyan b\u00eabext\u00ee li Kurdan kirine \u00fb b\u00fbne sedem\u00ea \u015fikestin \u00fb t\u00eak\u00e7\u00fbna serhildan\u00ea. [&hellip;]\" \/>\n<meta property=\"og:url\" content=\"https:\/\/darkamazi.info\/archives\/1022966\" \/>\n<meta property=\"og:site_name\" content=\"Darka Maz\u00ee\" \/>\n<meta property=\"article:publisher\" content=\"https:\/\/www.facebook.com\/DarMaziKurmanci\" \/>\n<meta property=\"article:published_time\" content=\"2021-06-24T18:50:21+00:00\" \/>\n<meta property=\"article:modified_time\" content=\"2021-09-11T09:40:17+00:00\" \/>\n<meta property=\"og:image\" content=\"https:\/\/darkamazi.info\/file\/2021\/06\/pkk-ynk.jpg\" \/>\n\t<meta property=\"og:image:width\" content=\"900\" \/>\n\t<meta property=\"og:image:height\" content=\"497\" \/>\n\t<meta property=\"og:image:type\" content=\"image\/jpeg\" \/>\n<meta name=\"author\" content=\"darka mazi\" \/>\n<meta name=\"twitter:card\" content=\"summary_large_image\" \/>\n<meta name=\"twitter:creator\" content=\"@DarkaMaziLatini\" \/>\n<meta name=\"twitter:site\" content=\"@DarkaMaziLatini\" \/>\n<meta name=\"twitter:label1\" content=\"Written by\" \/>\n\t<meta name=\"twitter:data1\" content=\"darka mazi\" \/>\n\t<meta name=\"twitter:label2\" content=\"Est. reading time\" \/>\n\t<meta name=\"twitter:data2\" content=\"3 minutes\" \/>\n<script type=\"application\/ld+json\" class=\"seo-schema-graph\">{\"@context\":\"https:\\\/\\\/schema.org\",\"@graph\":[{\"@type\":\"Article\",\"@id\":\"https:\\\/\\\/darkamazi.info\\\/archives\\\/1022966#article\",\"isPartOf\":{\"@id\":\"https:\\\/\\\/darkamazi.info\\\/archives\\\/1022966\"},\"author\":{\"name\":\"darka mazi\",\"@id\":\"https:\\\/\\\/darkamazi.info\\\/#\\\/schema\\\/person\\\/5ad3e24553a0567993fa8ed4bd0a776c\"},\"headline\":\"PKK \u00fb b\u00eabext\u00ee\",\"datePublished\":\"2021-06-24T18:50:21+00:00\",\"dateModified\":\"2021-09-11T09:40:17+00:00\",\"mainEntityOfPage\":{\"@id\":\"https:\\\/\\\/darkamazi.info\\\/archives\\\/1022966\"},\"wordCount\":744,\"publisher\":{\"@id\":\"https:\\\/\\\/darkamazi.info\\\/#organization\"},\"image\":{\"@id\":\"https:\\\/\\\/darkamazi.info\\\/archives\\\/1022966#primaryimage\"},\"thumbnailUrl\":\"https:\\\/\\\/darkamazi.info\\\/darka-content\\\/uploads\\\/2021\\\/06\\\/pkk-ynk.jpg\",\"keywords\":[\"sereke\"],\"articleSection\":[\"Kurdistan\"],\"inLanguage\":\"en-US\"},{\"@type\":\"WebPage\",\"@id\":\"https:\\\/\\\/darkamazi.info\\\/archives\\\/1022966\",\"url\":\"https:\\\/\\\/darkamazi.info\\\/archives\\\/1022966\",\"name\":\"PKK \u00fb b\u00eabext\u00ee - Darka Maz\u00ee\",\"isPartOf\":{\"@id\":\"https:\\\/\\\/darkamazi.info\\\/#website\"},\"primaryImageOfPage\":{\"@id\":\"https:\\\/\\\/darkamazi.info\\\/archives\\\/1022966#primaryimage\"},\"image\":{\"@id\":\"https:\\\/\\\/darkamazi.info\\\/archives\\\/1022966#primaryimage\"},\"thumbnailUrl\":\"https:\\\/\\\/darkamazi.info\\\/darka-content\\\/uploads\\\/2021\\\/06\\\/pkk-ynk.jpg\",\"datePublished\":\"2021-06-24T18:50:21+00:00\",\"dateModified\":\"2021-09-11T09:40:17+00:00\",\"breadcrumb\":{\"@id\":\"https:\\\/\\\/darkamazi.info\\\/archives\\\/1022966#breadcrumb\"},\"inLanguage\":\"en-US\",\"potentialAction\":[{\"@type\":\"ReadAction\",\"target\":[\"https:\\\/\\\/darkamazi.info\\\/archives\\\/1022966\"]}]},{\"@type\":\"ImageObject\",\"inLanguage\":\"en-US\",\"@id\":\"https:\\\/\\\/darkamazi.info\\\/archives\\\/1022966#primaryimage\",\"url\":\"https:\\\/\\\/darkamazi.info\\\/darka-content\\\/uploads\\\/2021\\\/06\\\/pkk-ynk.jpg\",\"contentUrl\":\"https:\\\/\\\/darkamazi.info\\\/darka-content\\\/uploads\\\/2021\\\/06\\\/pkk-ynk.jpg\",\"width\":900,\"height\":497,\"caption\":\"PKK \u00fb b\u00eabext\u00ee\"},{\"@type\":\"BreadcrumbList\",\"@id\":\"https:\\\/\\\/darkamazi.info\\\/archives\\\/1022966#breadcrumb\",\"itemListElement\":[{\"@type\":\"ListItem\",\"position\":1,\"name\":\"Home\",\"item\":\"https:\\\/\\\/darkamazi.info\\\/\"},{\"@type\":\"ListItem\",\"position\":2,\"name\":\"PKK \u00fb b\u00eabext\u00ee\"}]},{\"@type\":\"WebSite\",\"@id\":\"https:\\\/\\\/darkamazi.info\\\/#website\",\"url\":\"https:\\\/\\\/darkamazi.info\\\/\",\"name\":\"Darka Maz\u00ee\",\"description\":\"P\u00eageha Zanyariy\u00ean Nebih\u00eest\u00ee\",\"publisher\":{\"@id\":\"https:\\\/\\\/darkamazi.info\\\/#organization\"},\"potentialAction\":[{\"@type\":\"SearchAction\",\"target\":{\"@type\":\"EntryPoint\",\"urlTemplate\":\"https:\\\/\\\/darkamazi.info\\\/?s={search_term_string}\"},\"query-input\":{\"@type\":\"PropertyValueSpecification\",\"valueRequired\":true,\"valueName\":\"search_term_string\"}}],\"inLanguage\":\"en-US\"},{\"@type\":\"Organization\",\"@id\":\"https:\\\/\\\/darkamazi.info\\\/#organization\",\"name\":\"Darka Maz\u00ee\",\"url\":\"https:\\\/\\\/darkamazi.info\\\/\",\"logo\":{\"@type\":\"ImageObject\",\"inLanguage\":\"en-US\",\"@id\":\"https:\\\/\\\/darkamazi.info\\\/#\\\/schema\\\/logo\\\/image\\\/\",\"url\":\"https:\\\/\\\/darkamazi.info\\\/darka-content\\\/uploads\\\/2017\\\/12\\\/darka-mazi-logo.png\",\"contentUrl\":\"https:\\\/\\\/darkamazi.info\\\/darka-content\\\/uploads\\\/2017\\\/12\\\/darka-mazi-logo.png\",\"width\":151,\"height\":75,\"caption\":\"Darka Maz\u00ee\"},\"image\":{\"@id\":\"https:\\\/\\\/darkamazi.info\\\/#\\\/schema\\\/logo\\\/image\\\/\"},\"sameAs\":[\"https:\\\/\\\/www.facebook.com\\\/DarMaziKurmanci\",\"https:\\\/\\\/x.com\\\/DarkaMaziLatini\",\"https:\\\/\\\/www.instagram.com\\\/darkamazi.kurmanci\\\/\",\"https:\\\/\\\/www.youtube.com\\\/channel\\\/UCa5HkTdmI8U1qCUFuTw8B2g\"]},{\"@type\":\"Person\",\"@id\":\"https:\\\/\\\/darkamazi.info\\\/#\\\/schema\\\/person\\\/5ad3e24553a0567993fa8ed4bd0a776c\",\"name\":\"darka mazi\",\"sameAs\":[\"https:\\\/\\\/darkamazi.info\\\/\"],\"url\":\"https:\\\/\\\/darkamazi.info\\\/archives\\\/author\\\/kurdi\"}]}<\/script>\n<!-- \/ Yoast SEO plugin. -->","seo_head_json":{"title":"PKK \u00fb b\u00eabext\u00ee - Darka Maz\u00ee","robots":{"index":"index","follow":"follow","max-snippet":"max-snippet:-1","max-image-preview":"max-image-preview:large","max-video-preview":"max-video-preview:-1"},"canonical":"https:\/\/darkamazi.info\/archives\/1022966","og_locale":"en_US","og_type":"article","og_title":"PKK \u00fb b\u00eabext\u00ee - Darka Maz\u00ee","og_description":"Dijmin tucar\u00ee bi h\u00eaza xwe pi\u015fta Kurdan ne\u015fikandiye. Kurd her wext\u00ea bi xiyanet \u00fb b\u00eabext\u00eey\u00ean navxwey\u00ee \u015fikestine. Di serhildana \u015e\u00eax Sa\u00eed de Qasim\u00ea Kor (hevling\u00ea \u015e\u00eax Sa\u00eed), di serhildana Sa\u00eed Riza de braz\u00eey\u00ea w\u00ee R\u00eaber (Rayber), di serhildana Barzan\u00eeyan de \u00cebrah\u00eem Ehmed \u00fb Talaban\u00eeyan b\u00eabext\u00ee li Kurdan kirine \u00fb b\u00fbne sedem\u00ea \u015fikestin \u00fb t\u00eak\u00e7\u00fbna serhildan\u00ea. [&hellip;]","og_url":"https:\/\/darkamazi.info\/archives\/1022966","og_site_name":"Darka Maz\u00ee","article_publisher":"https:\/\/www.facebook.com\/DarMaziKurmanci","article_published_time":"2021-06-24T18:50:21+00:00","article_modified_time":"2021-09-11T09:40:17+00:00","og_image":[{"width":900,"height":497,"url":"https:\/\/darkamazi.info\/file\/2021\/06\/pkk-ynk.jpg","type":"image\/jpeg"}],"author":"darka mazi","twitter_card":"summary_large_image","twitter_creator":"@DarkaMaziLatini","twitter_site":"@DarkaMaziLatini","twitter_misc":{"Written by":"darka mazi","Est. reading time":"3 minutes"},"schema":{"@context":"https:\/\/schema.org","@graph":[{"@type":"Article","@id":"https:\/\/darkamazi.info\/archives\/1022966#article","isPartOf":{"@id":"https:\/\/darkamazi.info\/archives\/1022966"},"author":{"name":"darka mazi","@id":"https:\/\/darkamazi.info\/#\/schema\/person\/5ad3e24553a0567993fa8ed4bd0a776c"},"headline":"PKK \u00fb b\u00eabext\u00ee","datePublished":"2021-06-24T18:50:21+00:00","dateModified":"2021-09-11T09:40:17+00:00","mainEntityOfPage":{"@id":"https:\/\/darkamazi.info\/archives\/1022966"},"wordCount":744,"publisher":{"@id":"https:\/\/darkamazi.info\/#organization"},"image":{"@id":"https:\/\/darkamazi.info\/archives\/1022966#primaryimage"},"thumbnailUrl":"https:\/\/darkamazi.info\/file\/2021\/06\/pkk-ynk.jpg","keywords":["sereke"],"articleSection":["Kurdistan"],"inLanguage":"en-US"},{"@type":"WebPage","@id":"https:\/\/darkamazi.info\/archives\/1022966","url":"https:\/\/darkamazi.info\/archives\/1022966","name":"PKK \u00fb b\u00eabext\u00ee - Darka Maz\u00ee","isPartOf":{"@id":"https:\/\/darkamazi.info\/#website"},"primaryImageOfPage":{"@id":"https:\/\/darkamazi.info\/archives\/1022966#primaryimage"},"image":{"@id":"https:\/\/darkamazi.info\/archives\/1022966#primaryimage"},"thumbnailUrl":"https:\/\/darkamazi.info\/file\/2021\/06\/pkk-ynk.jpg","datePublished":"2021-06-24T18:50:21+00:00","dateModified":"2021-09-11T09:40:17+00:00","breadcrumb":{"@id":"https:\/\/darkamazi.info\/archives\/1022966#breadcrumb"},"inLanguage":"en-US","potentialAction":[{"@type":"ReadAction","target":["https:\/\/darkamazi.info\/archives\/1022966"]}]},{"@type":"ImageObject","inLanguage":"en-US","@id":"https:\/\/darkamazi.info\/archives\/1022966#primaryimage","url":"https:\/\/darkamazi.info\/file\/2021\/06\/pkk-ynk.jpg","contentUrl":"https:\/\/darkamazi.info\/file\/2021\/06\/pkk-ynk.jpg","width":900,"height":497,"caption":"PKK \u00fb b\u00eabext\u00ee"},{"@type":"BreadcrumbList","@id":"https:\/\/darkamazi.info\/archives\/1022966#breadcrumb","itemListElement":[{"@type":"ListItem","position":1,"name":"Home","item":"https:\/\/darkamazi.info\/"},{"@type":"ListItem","position":2,"name":"PKK \u00fb b\u00eabext\u00ee"}]},{"@type":"WebSite","@id":"https:\/\/darkamazi.info\/#website","url":"https:\/\/darkamazi.info\/","name":"Darka Maz\u00ee","description":"P\u00eageha Zanyariy\u00ean Nebih\u00eest\u00ee","publisher":{"@id":"https:\/\/darkamazi.info\/#organization"},"potentialAction":[{"@type":"SearchAction","target":{"@type":"EntryPoint","urlTemplate":"https:\/\/darkamazi.info\/?s={search_term_string}"},"query-input":{"@type":"PropertyValueSpecification","valueRequired":true,"valueName":"search_term_string"}}],"inLanguage":"en-US"},{"@type":"Organization","@id":"https:\/\/darkamazi.info\/#organization","name":"Darka Maz\u00ee","url":"https:\/\/darkamazi.info\/","logo":{"@type":"ImageObject","inLanguage":"en-US","@id":"https:\/\/darkamazi.info\/#\/schema\/logo\/image\/","url":"https:\/\/darkamazi.info\/file\/2017\/12\/darka-mazi-logo.png","contentUrl":"https:\/\/darkamazi.info\/file\/2017\/12\/darka-mazi-logo.png","width":151,"height":75,"caption":"Darka Maz\u00ee"},"image":{"@id":"https:\/\/darkamazi.info\/#\/schema\/logo\/image\/"},"sameAs":["https:\/\/www.facebook.com\/DarMaziKurmanci","https:\/\/x.com\/DarkaMaziLatini","https:\/\/www.instagram.com\/darkamazi.kurmanci\/","https:\/\/www.youtube.com\/channel\/UCa5HkTdmI8U1qCUFuTw8B2g"]},{"@type":"Person","@id":"https:\/\/darkamazi.info\/#\/schema\/person\/5ad3e24553a0567993fa8ed4bd0a776c","name":"darka mazi","sameAs":["https:\/\/darkamazi.info\/"],"url":"https:\/\/darkamazi.info\/archives\/author\/kurdi"}]}},"_links":{"self":[{"href":"https:\/\/darkamazi.info\/funavuv\/wp\/v2\/posts\/1022966","targetHints":{"allow":["GET"]}}],"collection":[{"href":"https:\/\/darkamazi.info\/funavuv\/wp\/v2\/posts"}],"about":[{"href":"https:\/\/darkamazi.info\/funavuv\/wp\/v2\/types\/post"}],"author":[{"embeddable":true,"href":"https:\/\/darkamazi.info\/funavuv\/wp\/v2\/users\/2"}],"replies":[{"embeddable":true,"href":"https:\/\/darkamazi.info\/funavuv\/wp\/v2\/comments?post=1022966"}],"version-history":[{"count":0,"href":"https:\/\/darkamazi.info\/funavuv\/wp\/v2\/posts\/1022966\/revisions"}],"wp:featuredmedia":[{"embeddable":true,"href":"https:\/\/darkamazi.info\/funavuv\/wp\/v2\/media\/1022967"}],"wp:attachment":[{"href":"https:\/\/darkamazi.info\/funavuv\/wp\/v2\/media?parent=1022966"}],"wp:term":[{"taxonomy":"category","embeddable":true,"href":"https:\/\/darkamazi.info\/funavuv\/wp\/v2\/categories?post=1022966"},{"taxonomy":"post_tag","embeddable":true,"href":"https:\/\/darkamazi.info\/funavuv\/wp\/v2\/tags?post=1022966"}],"curies":[{"name":"wp","href":"https:\/\/api.w.org\/{rel}","templated":true}]}}