{"id":1023029,"date":"2021-06-28T16:56:17","date_gmt":"2021-06-28T13:56:17","guid":{"rendered":"https:\/\/darkamazi.info\/?p=1023029"},"modified":"2021-09-11T12:37:53","modified_gmt":"2021-09-11T09:37:53","slug":"pkke-li-diji-biryareke-qaymaqame-rewandize-sekini","status":"publish","type":"post","link":"https:\/\/darkamazi.info\/archives\/1023029","title":{"rendered":"PKKe li dij\u00ee biryareke qaymaqam\u00ea Rewandiz\u00ea sekin\u00ee"},"content":{"rendered":"<h3 style=\"text-align: justify;\"><span style=\"font-family: 'arial black', sans-serif;\">Hat h\u00een b\u00fbn ku \u00e7ekdar\u00ean PKK\u00ea li Ba\u015f\u00fbr\u00ea Kurdistan\u00ea pirsgir\u00eak\u00ean z\u00eadetir \u00e7\u00eadikin \u00fb tev\u00ee ku xwe bi par\u00eazvan\u00ean Xwezaya Kurdistan\u00ea \u00fb texa kedkar \u00fb r\u00eancberan \u00a0dzanin l\u00ea bel\u00ea li dij\u00ee daxwaz\u00ean wan disekinin \u00fb r\u00ea nadin hik\u00fbmeta ba\u015f\u00fbr hinek\u00ea bar\u00ea wan sivik bike.<\/span><\/h3>\n<h3 style=\"text-align: justify;\">\u00c7avkaniy\u00ean p\u00eageha Darka Maz\u00ee li Ba\u015f\u00fbr\u00ea Kurdistan\u00ea e\u015fkere kir, hin ji xwediy\u00ean sewalan li s\u00eenor\u00ea bajarok\u00ea Rewandiz\u00ea daxwaz ji qaymaqam\u00ea Rewandiz kirine r\u00eaya \u00e7\u00fbn \u00fb hatina wan pakij bike, l\u00ea bel\u00ea \u00e7ekdar\u00ean PKK\u00ea asteng ji boy v\u00ea yek\u00ea dirust kir\u00eene.<\/h3>\n<h3 style=\"text-align: justify;\">\u00c7avkaniy\u00ean p\u00eageha Darka Maz\u00ee her weha e\u015fkere kirin, li roja 13\/6\/2021an, li ser daxwaza xwediy\u00ean sewalan ji boy pakijkirina r\u00eaya \u00e7\u00fbn \u00fb hatina wan, qaymaqam\u00ea rewandiz\u00ea am\u00fbr\u00ean p\u00eaw\u00eest ji boy r\u00eaya di n\u00eavbera Z\u00een\u00ee Gerewan \u00fb Saws\u00eewkan \u015fandine daku r\u00ea were pakijkirin, l\u00ea bel\u00ea \u00e7ekdar\u00ean PKK\u00ea r\u00ea nedaye t\u00eem\u00ean qaymaqamiy\u00ea bi kar\u00ea xwe rabin \u00fb r\u00eaya xelk\u00ea pakij bikin.<\/h3>\n<h3 style=\"text-align: justify;\">\u00c7ekdar\u00ean PKK\u00ea gef li ajovan\u00ean qaymaqamiy\u00ea xwarine ku ger li wir kar bikin ew\u00ea gulleyan berdin wan \u00fb wan bikujin.<\/h3>\n","protected":false},"excerpt":{"rendered":"<p>Hat h\u00een b\u00fbn ku \u00e7ekdar\u00ean PKK\u00ea li Ba\u015f\u00fbr\u00ea Kurdistan\u00ea pirsgir\u00eak\u00ean z\u00eadetir \u00e7\u00eadikin \u00fb tev\u00ee ku xwe bi par\u00eazvan\u00ean Xwezaya Kurdistan\u00ea \u00fb texa kedkar \u00fb r\u00eancberan \u00a0dzanin l\u00ea bel\u00ea li dij\u00ee daxwaz\u00ean wan disekinin \u00fb r\u00ea nadin hik\u00fbmeta ba\u015f\u00fbr hinek\u00ea bar\u00ea wan sivik bike. \u00c7avkaniy\u00ean p\u00eageha Darka Maz\u00ee li Ba\u015f\u00fbr\u00ea Kurdistan\u00ea e\u015fkere kir, hin ji xwediy\u00ean [&hellip;]<\/p>\n","protected":false},"author":2,"featured_media":1023030,"comment_status":"closed","ping_status":"closed","sticky":false,"template":"","format":"standard","meta":{"footnotes":""},"categories":[29],"tags":[],"class_list":["post-1023029","post","type-post","status-publish","format-standard","has-post-thumbnail","hentry","category-kurdistan"],"blocksy_meta":[],"seo_head":"<!-- This site is optimized with the Yoast SEO plugin v27.5 - https:\/\/yoast.com\/product\/yoast-seo-wordpress\/ -->\n<title>PKKe li dij\u00ee biryareke qaymaqam\u00ea Rewandiz\u00ea sekin\u00ee - Darka Maz\u00ee<\/title>\n<meta name=\"robots\" content=\"index, follow, max-snippet:-1, max-image-preview:large, max-video-preview:-1\" \/>\n<link rel=\"canonical\" href=\"https:\/\/darkamazi.info\/archives\/1023029\" \/>\n<meta property=\"og:locale\" content=\"en_US\" \/>\n<meta property=\"og:type\" content=\"article\" \/>\n<meta property=\"og:title\" content=\"PKKe li dij\u00ee biryareke qaymaqam\u00ea Rewandiz\u00ea sekin\u00ee - Darka Maz\u00ee\" \/>\n<meta property=\"og:description\" content=\"Hat h\u00een b\u00fbn ku \u00e7ekdar\u00ean PKK\u00ea li Ba\u015f\u00fbr\u00ea Kurdistan\u00ea pirsgir\u00eak\u00ean z\u00eadetir \u00e7\u00eadikin \u00fb tev\u00ee ku xwe bi par\u00eazvan\u00ean Xwezaya Kurdistan\u00ea \u00fb texa kedkar \u00fb r\u00eancberan \u00a0dzanin l\u00ea bel\u00ea li dij\u00ee daxwaz\u00ean wan disekinin \u00fb r\u00ea nadin hik\u00fbmeta ba\u015f\u00fbr hinek\u00ea bar\u00ea wan sivik bike. \u00c7avkaniy\u00ean p\u00eageha Darka Maz\u00ee li Ba\u015f\u00fbr\u00ea Kurdistan\u00ea e\u015fkere kir, hin ji xwediy\u00ean [&hellip;]\" \/>\n<meta property=\"og:url\" content=\"https:\/\/darkamazi.info\/archives\/1023029\" \/>\n<meta property=\"og:site_name\" content=\"Darka Maz\u00ee\" \/>\n<meta property=\"article:publisher\" content=\"https:\/\/www.facebook.com\/DarMaziKurmanci\" \/>\n<meta property=\"article:published_time\" content=\"2021-06-28T13:56:17+00:00\" \/>\n<meta property=\"article:modified_time\" content=\"2021-09-11T09:37:53+00:00\" \/>\n<meta property=\"og:image\" content=\"https:\/\/darkamazi.info\/file\/2021\/06\/\u0631\u06d5\u0648\u0627\u0646\u062f\u0632-rewandiz.jpg\" \/>\n\t<meta property=\"og:image:width\" content=\"900\" \/>\n\t<meta property=\"og:image:height\" content=\"497\" \/>\n\t<meta property=\"og:image:type\" content=\"image\/jpeg\" \/>\n<meta name=\"author\" content=\"darka mazi\" \/>\n<meta name=\"twitter:card\" content=\"summary_large_image\" \/>\n<meta name=\"twitter:creator\" content=\"@DarkaMaziLatini\" \/>\n<meta name=\"twitter:site\" content=\"@DarkaMaziLatini\" \/>\n<meta name=\"twitter:label1\" content=\"Written by\" \/>\n\t<meta name=\"twitter:data1\" content=\"darka mazi\" \/>\n\t<meta name=\"twitter:label2\" content=\"Est. reading time\" \/>\n\t<meta name=\"twitter:data2\" content=\"1 minute\" \/>\n<script type=\"application\/ld+json\" class=\"seo-schema-graph\">{\"@context\":\"https:\\\/\\\/schema.org\",\"@graph\":[{\"@type\":\"Article\",\"@id\":\"https:\\\/\\\/darkamazi.info\\\/archives\\\/1023029#article\",\"isPartOf\":{\"@id\":\"https:\\\/\\\/darkamazi.info\\\/archives\\\/1023029\"},\"author\":{\"name\":\"darka mazi\",\"@id\":\"https:\\\/\\\/darkamazi.info\\\/#\\\/schema\\\/person\\\/5ad3e24553a0567993fa8ed4bd0a776c\"},\"headline\":\"PKKe li dij\u00ee biryareke qaymaqam\u00ea Rewandiz\u00ea sekin\u00ee\",\"datePublished\":\"2021-06-28T13:56:17+00:00\",\"dateModified\":\"2021-09-11T09:37:53+00:00\",\"mainEntityOfPage\":{\"@id\":\"https:\\\/\\\/darkamazi.info\\\/archives\\\/1023029\"},\"wordCount\":201,\"publisher\":{\"@id\":\"https:\\\/\\\/darkamazi.info\\\/#organization\"},\"image\":{\"@id\":\"https:\\\/\\\/darkamazi.info\\\/archives\\\/1023029#primaryimage\"},\"thumbnailUrl\":\"https:\\\/\\\/darkamazi.info\\\/darka-content\\\/uploads\\\/2021\\\/06\\\/\u0631\u06d5\u0648\u0627\u0646\u062f\u0632-rewandiz.jpg\",\"articleSection\":[\"Kurdistan\"],\"inLanguage\":\"en-US\"},{\"@type\":\"WebPage\",\"@id\":\"https:\\\/\\\/darkamazi.info\\\/archives\\\/1023029\",\"url\":\"https:\\\/\\\/darkamazi.info\\\/archives\\\/1023029\",\"name\":\"PKKe li dij\u00ee biryareke qaymaqam\u00ea Rewandiz\u00ea sekin\u00ee - Darka Maz\u00ee\",\"isPartOf\":{\"@id\":\"https:\\\/\\\/darkamazi.info\\\/#website\"},\"primaryImageOfPage\":{\"@id\":\"https:\\\/\\\/darkamazi.info\\\/archives\\\/1023029#primaryimage\"},\"image\":{\"@id\":\"https:\\\/\\\/darkamazi.info\\\/archives\\\/1023029#primaryimage\"},\"thumbnailUrl\":\"https:\\\/\\\/darkamazi.info\\\/darka-content\\\/uploads\\\/2021\\\/06\\\/\u0631\u06d5\u0648\u0627\u0646\u062f\u0632-rewandiz.jpg\",\"datePublished\":\"2021-06-28T13:56:17+00:00\",\"dateModified\":\"2021-09-11T09:37:53+00:00\",\"breadcrumb\":{\"@id\":\"https:\\\/\\\/darkamazi.info\\\/archives\\\/1023029#breadcrumb\"},\"inLanguage\":\"en-US\",\"potentialAction\":[{\"@type\":\"ReadAction\",\"target\":[\"https:\\\/\\\/darkamazi.info\\\/archives\\\/1023029\"]}]},{\"@type\":\"ImageObject\",\"inLanguage\":\"en-US\",\"@id\":\"https:\\\/\\\/darkamazi.info\\\/archives\\\/1023029#primaryimage\",\"url\":\"https:\\\/\\\/darkamazi.info\\\/darka-content\\\/uploads\\\/2021\\\/06\\\/\u0631\u06d5\u0648\u0627\u0646\u062f\u0632-rewandiz.jpg\",\"contentUrl\":\"https:\\\/\\\/darkamazi.info\\\/darka-content\\\/uploads\\\/2021\\\/06\\\/\u0631\u06d5\u0648\u0627\u0646\u062f\u0632-rewandiz.jpg\",\"width\":900,\"height\":497,\"caption\":\"PKKe li dij\u00ee biryareke qaymaqam\u00ea Rewandiz\u00ea sekin\u00ee\"},{\"@type\":\"BreadcrumbList\",\"@id\":\"https:\\\/\\\/darkamazi.info\\\/archives\\\/1023029#breadcrumb\",\"itemListElement\":[{\"@type\":\"ListItem\",\"position\":1,\"name\":\"Home\",\"item\":\"https:\\\/\\\/darkamazi.info\\\/\"},{\"@type\":\"ListItem\",\"position\":2,\"name\":\"PKKe li dij\u00ee biryareke qaymaqam\u00ea Rewandiz\u00ea sekin\u00ee\"}]},{\"@type\":\"WebSite\",\"@id\":\"https:\\\/\\\/darkamazi.info\\\/#website\",\"url\":\"https:\\\/\\\/darkamazi.info\\\/\",\"name\":\"Darka Maz\u00ee\",\"description\":\"P\u00eageha Zanyariy\u00ean Nebih\u00eest\u00ee\",\"publisher\":{\"@id\":\"https:\\\/\\\/darkamazi.info\\\/#organization\"},\"potentialAction\":[{\"@type\":\"SearchAction\",\"target\":{\"@type\":\"EntryPoint\",\"urlTemplate\":\"https:\\\/\\\/darkamazi.info\\\/?s={search_term_string}\"},\"query-input\":{\"@type\":\"PropertyValueSpecification\",\"valueRequired\":true,\"valueName\":\"search_term_string\"}}],\"inLanguage\":\"en-US\"},{\"@type\":\"Organization\",\"@id\":\"https:\\\/\\\/darkamazi.info\\\/#organization\",\"name\":\"Darka Maz\u00ee\",\"url\":\"https:\\\/\\\/darkamazi.info\\\/\",\"logo\":{\"@type\":\"ImageObject\",\"inLanguage\":\"en-US\",\"@id\":\"https:\\\/\\\/darkamazi.info\\\/#\\\/schema\\\/logo\\\/image\\\/\",\"url\":\"https:\\\/\\\/darkamazi.info\\\/darka-content\\\/uploads\\\/2017\\\/12\\\/darka-mazi-logo.png\",\"contentUrl\":\"https:\\\/\\\/darkamazi.info\\\/darka-content\\\/uploads\\\/2017\\\/12\\\/darka-mazi-logo.png\",\"width\":151,\"height\":75,\"caption\":\"Darka Maz\u00ee\"},\"image\":{\"@id\":\"https:\\\/\\\/darkamazi.info\\\/#\\\/schema\\\/logo\\\/image\\\/\"},\"sameAs\":[\"https:\\\/\\\/www.facebook.com\\\/DarMaziKurmanci\",\"https:\\\/\\\/x.com\\\/DarkaMaziLatini\",\"https:\\\/\\\/www.instagram.com\\\/darkamazi.kurmanci\\\/\",\"https:\\\/\\\/www.youtube.com\\\/channel\\\/UCa5HkTdmI8U1qCUFuTw8B2g\"]},{\"@type\":\"Person\",\"@id\":\"https:\\\/\\\/darkamazi.info\\\/#\\\/schema\\\/person\\\/5ad3e24553a0567993fa8ed4bd0a776c\",\"name\":\"darka mazi\",\"sameAs\":[\"https:\\\/\\\/darkamazi.info\\\/\"],\"url\":\"https:\\\/\\\/darkamazi.info\\\/archives\\\/author\\\/kurdi\"}]}<\/script>\n<!-- \/ Yoast SEO plugin. -->","seo_head_json":{"title":"PKKe li dij\u00ee biryareke qaymaqam\u00ea Rewandiz\u00ea sekin\u00ee - Darka Maz\u00ee","robots":{"index":"index","follow":"follow","max-snippet":"max-snippet:-1","max-image-preview":"max-image-preview:large","max-video-preview":"max-video-preview:-1"},"canonical":"https:\/\/darkamazi.info\/archives\/1023029","og_locale":"en_US","og_type":"article","og_title":"PKKe li dij\u00ee biryareke qaymaqam\u00ea Rewandiz\u00ea sekin\u00ee - Darka Maz\u00ee","og_description":"Hat h\u00een b\u00fbn ku \u00e7ekdar\u00ean PKK\u00ea li Ba\u015f\u00fbr\u00ea Kurdistan\u00ea pirsgir\u00eak\u00ean z\u00eadetir \u00e7\u00eadikin \u00fb tev\u00ee ku xwe bi par\u00eazvan\u00ean Xwezaya Kurdistan\u00ea \u00fb texa kedkar \u00fb r\u00eancberan \u00a0dzanin l\u00ea bel\u00ea li dij\u00ee daxwaz\u00ean wan disekinin \u00fb r\u00ea nadin hik\u00fbmeta ba\u015f\u00fbr hinek\u00ea bar\u00ea wan sivik bike. \u00c7avkaniy\u00ean p\u00eageha Darka Maz\u00ee li Ba\u015f\u00fbr\u00ea Kurdistan\u00ea e\u015fkere kir, hin ji xwediy\u00ean [&hellip;]","og_url":"https:\/\/darkamazi.info\/archives\/1023029","og_site_name":"Darka Maz\u00ee","article_publisher":"https:\/\/www.facebook.com\/DarMaziKurmanci","article_published_time":"2021-06-28T13:56:17+00:00","article_modified_time":"2021-09-11T09:37:53+00:00","og_image":[{"width":900,"height":497,"url":"https:\/\/darkamazi.info\/file\/2021\/06\/\u0631\u06d5\u0648\u0627\u0646\u062f\u0632-rewandiz.jpg","type":"image\/jpeg"}],"author":"darka mazi","twitter_card":"summary_large_image","twitter_creator":"@DarkaMaziLatini","twitter_site":"@DarkaMaziLatini","twitter_misc":{"Written by":"darka mazi","Est. reading time":"1 minute"},"schema":{"@context":"https:\/\/schema.org","@graph":[{"@type":"Article","@id":"https:\/\/darkamazi.info\/archives\/1023029#article","isPartOf":{"@id":"https:\/\/darkamazi.info\/archives\/1023029"},"author":{"name":"darka mazi","@id":"https:\/\/darkamazi.info\/#\/schema\/person\/5ad3e24553a0567993fa8ed4bd0a776c"},"headline":"PKKe li dij\u00ee biryareke qaymaqam\u00ea Rewandiz\u00ea sekin\u00ee","datePublished":"2021-06-28T13:56:17+00:00","dateModified":"2021-09-11T09:37:53+00:00","mainEntityOfPage":{"@id":"https:\/\/darkamazi.info\/archives\/1023029"},"wordCount":201,"publisher":{"@id":"https:\/\/darkamazi.info\/#organization"},"image":{"@id":"https:\/\/darkamazi.info\/archives\/1023029#primaryimage"},"thumbnailUrl":"https:\/\/darkamazi.info\/file\/2021\/06\/\u0631\u06d5\u0648\u0627\u0646\u062f\u0632-rewandiz.jpg","articleSection":["Kurdistan"],"inLanguage":"en-US"},{"@type":"WebPage","@id":"https:\/\/darkamazi.info\/archives\/1023029","url":"https:\/\/darkamazi.info\/archives\/1023029","name":"PKKe li dij\u00ee biryareke qaymaqam\u00ea Rewandiz\u00ea sekin\u00ee - Darka Maz\u00ee","isPartOf":{"@id":"https:\/\/darkamazi.info\/#website"},"primaryImageOfPage":{"@id":"https:\/\/darkamazi.info\/archives\/1023029#primaryimage"},"image":{"@id":"https:\/\/darkamazi.info\/archives\/1023029#primaryimage"},"thumbnailUrl":"https:\/\/darkamazi.info\/file\/2021\/06\/\u0631\u06d5\u0648\u0627\u0646\u062f\u0632-rewandiz.jpg","datePublished":"2021-06-28T13:56:17+00:00","dateModified":"2021-09-11T09:37:53+00:00","breadcrumb":{"@id":"https:\/\/darkamazi.info\/archives\/1023029#breadcrumb"},"inLanguage":"en-US","potentialAction":[{"@type":"ReadAction","target":["https:\/\/darkamazi.info\/archives\/1023029"]}]},{"@type":"ImageObject","inLanguage":"en-US","@id":"https:\/\/darkamazi.info\/archives\/1023029#primaryimage","url":"https:\/\/darkamazi.info\/file\/2021\/06\/\u0631\u06d5\u0648\u0627\u0646\u062f\u0632-rewandiz.jpg","contentUrl":"https:\/\/darkamazi.info\/file\/2021\/06\/\u0631\u06d5\u0648\u0627\u0646\u062f\u0632-rewandiz.jpg","width":900,"height":497,"caption":"PKKe li dij\u00ee biryareke qaymaqam\u00ea Rewandiz\u00ea sekin\u00ee"},{"@type":"BreadcrumbList","@id":"https:\/\/darkamazi.info\/archives\/1023029#breadcrumb","itemListElement":[{"@type":"ListItem","position":1,"name":"Home","item":"https:\/\/darkamazi.info\/"},{"@type":"ListItem","position":2,"name":"PKKe li dij\u00ee biryareke qaymaqam\u00ea Rewandiz\u00ea sekin\u00ee"}]},{"@type":"WebSite","@id":"https:\/\/darkamazi.info\/#website","url":"https:\/\/darkamazi.info\/","name":"Darka Maz\u00ee","description":"P\u00eageha Zanyariy\u00ean Nebih\u00eest\u00ee","publisher":{"@id":"https:\/\/darkamazi.info\/#organization"},"potentialAction":[{"@type":"SearchAction","target":{"@type":"EntryPoint","urlTemplate":"https:\/\/darkamazi.info\/?s={search_term_string}"},"query-input":{"@type":"PropertyValueSpecification","valueRequired":true,"valueName":"search_term_string"}}],"inLanguage":"en-US"},{"@type":"Organization","@id":"https:\/\/darkamazi.info\/#organization","name":"Darka Maz\u00ee","url":"https:\/\/darkamazi.info\/","logo":{"@type":"ImageObject","inLanguage":"en-US","@id":"https:\/\/darkamazi.info\/#\/schema\/logo\/image\/","url":"https:\/\/darkamazi.info\/file\/2017\/12\/darka-mazi-logo.png","contentUrl":"https:\/\/darkamazi.info\/file\/2017\/12\/darka-mazi-logo.png","width":151,"height":75,"caption":"Darka Maz\u00ee"},"image":{"@id":"https:\/\/darkamazi.info\/#\/schema\/logo\/image\/"},"sameAs":["https:\/\/www.facebook.com\/DarMaziKurmanci","https:\/\/x.com\/DarkaMaziLatini","https:\/\/www.instagram.com\/darkamazi.kurmanci\/","https:\/\/www.youtube.com\/channel\/UCa5HkTdmI8U1qCUFuTw8B2g"]},{"@type":"Person","@id":"https:\/\/darkamazi.info\/#\/schema\/person\/5ad3e24553a0567993fa8ed4bd0a776c","name":"darka mazi","sameAs":["https:\/\/darkamazi.info\/"],"url":"https:\/\/darkamazi.info\/archives\/author\/kurdi"}]}},"_links":{"self":[{"href":"https:\/\/darkamazi.info\/funavuv\/wp\/v2\/posts\/1023029","targetHints":{"allow":["GET"]}}],"collection":[{"href":"https:\/\/darkamazi.info\/funavuv\/wp\/v2\/posts"}],"about":[{"href":"https:\/\/darkamazi.info\/funavuv\/wp\/v2\/types\/post"}],"author":[{"embeddable":true,"href":"https:\/\/darkamazi.info\/funavuv\/wp\/v2\/users\/2"}],"replies":[{"embeddable":true,"href":"https:\/\/darkamazi.info\/funavuv\/wp\/v2\/comments?post=1023029"}],"version-history":[{"count":0,"href":"https:\/\/darkamazi.info\/funavuv\/wp\/v2\/posts\/1023029\/revisions"}],"wp:featuredmedia":[{"embeddable":true,"href":"https:\/\/darkamazi.info\/funavuv\/wp\/v2\/media\/1023030"}],"wp:attachment":[{"href":"https:\/\/darkamazi.info\/funavuv\/wp\/v2\/media?parent=1023029"}],"wp:term":[{"taxonomy":"category","embeddable":true,"href":"https:\/\/darkamazi.info\/funavuv\/wp\/v2\/categories?post=1023029"},{"taxonomy":"post_tag","embeddable":true,"href":"https:\/\/darkamazi.info\/funavuv\/wp\/v2\/tags?post=1023029"}],"curies":[{"name":"wp","href":"https:\/\/api.w.org\/{rel}","templated":true}]}}