{"id":1023093,"date":"2021-06-30T19:00:13","date_gmt":"2021-06-30T16:00:13","guid":{"rendered":"https:\/\/darkamazi.info\/?p=1023093"},"modified":"2021-09-11T12:36:41","modified_gmt":"2021-09-11T09:36:41","slug":"balafiren-tirkiye-li-ciyaye-singale-otomobileka-cekdaren-pkke-borduman-kir","status":"publish","type":"post","link":"https:\/\/darkamazi.info\/archives\/1023093","title":{"rendered":"Balafir\u00ean Tirkiy\u00ea li \u00e7iyay\u00ea \u015eingal\u00ea otomob\u00eeleka \u00e7ekdar\u00ean PKK\u00ea bord\u00fbman kir"},"content":{"rendered":"<h3 style=\"text-align: justify;\"><span style=\"font-family: 'arial black', sans-serif;\">\u200cHat ragihandin, \u00eero dan\u00ea \u00eavar\u00ea firokey\u00ean Tirkiy\u00ea li \u00e7iyay\u00ea \u015eingal\u00ea otomob\u00eeleka \u00e7ekdar\u00ean PKK\u00ea bord\u00fbman kirin.<\/span><\/h3>\n<h3 style=\"text-align: justify;\">Li gor\u00ee agahiyan, serkirdeyek\u00ee PKK\u00ea bi nav\u00ea Serhed \u015eingal\u00ea di w\u00ea otomob\u00eel\u00ea de b\u00fbye l\u00ea heta niha nay\u00ea zan\u00een hatiye ku\u015ftin yan na.<\/h3>\n<h3 style=\"text-align: justify;\">Ev \u00eari\u015f di demek\u00ee de ye ku \u00eero roja \u00e7ar\u015fem\u00ee 30\/6\/2021an, \u00eesixbarata Tirkiy\u00ea ragihand ku di operasyonek\u00ea de, te\u015fk\u00eelat\u00ean wan du berpirs\u00ean PKK\u00ea bi nav\u00ea Mahiye A\u00e7\u00eek \u00fb R\u00fbhxa Raciya li Sil\u00eamaniy\u00ea ku\u015ftine.<\/h3>\n","protected":false},"excerpt":{"rendered":"<p>\u200cHat ragihandin, \u00eero dan\u00ea \u00eavar\u00ea firokey\u00ean Tirkiy\u00ea li \u00e7iyay\u00ea \u015eingal\u00ea otomob\u00eeleka \u00e7ekdar\u00ean PKK\u00ea bord\u00fbman kirin. Li gor\u00ee agahiyan, serkirdeyek\u00ee PKK\u00ea bi nav\u00ea Serhed \u015eingal\u00ea di w\u00ea otomob\u00eel\u00ea de b\u00fbye l\u00ea heta niha nay\u00ea zan\u00een hatiye ku\u015ftin yan na. Ev \u00eari\u015f di demek\u00ee de ye ku \u00eero roja \u00e7ar\u015fem\u00ee 30\/6\/2021an, \u00eesixbarata Tirkiy\u00ea ragihand ku di operasyonek\u00ea [&hellip;]<\/p>\n","protected":false},"author":2,"featured_media":1023094,"comment_status":"closed","ping_status":"closed","sticky":false,"template":"","format":"standard","meta":{"footnotes":""},"categories":[29],"tags":[37],"class_list":["post-1023093","post","type-post","status-publish","format-standard","has-post-thumbnail","hentry","category-kurdistan","tag-sereke"],"blocksy_meta":[],"seo_head":"<!-- This site is optimized with the Yoast SEO plugin v27.5 - https:\/\/yoast.com\/product\/yoast-seo-wordpress\/ -->\n<title>Balafir\u00ean Tirkiy\u00ea li \u00e7iyay\u00ea \u015eingal\u00ea otomob\u00eeleka \u00e7ekdar\u00ean PKK\u00ea bord\u00fbman kir - Darka Maz\u00ee<\/title>\n<meta name=\"robots\" content=\"index, follow, max-snippet:-1, max-image-preview:large, max-video-preview:-1\" \/>\n<link rel=\"canonical\" href=\"https:\/\/darkamazi.info\/archives\/1023093\" \/>\n<meta property=\"og:locale\" content=\"en_US\" \/>\n<meta property=\"og:type\" content=\"article\" \/>\n<meta property=\"og:title\" content=\"Balafir\u00ean Tirkiy\u00ea li \u00e7iyay\u00ea \u015eingal\u00ea otomob\u00eeleka \u00e7ekdar\u00ean PKK\u00ea bord\u00fbman kir - Darka Maz\u00ee\" \/>\n<meta property=\"og:description\" content=\"\u200cHat ragihandin, \u00eero dan\u00ea \u00eavar\u00ea firokey\u00ean Tirkiy\u00ea li \u00e7iyay\u00ea \u015eingal\u00ea otomob\u00eeleka \u00e7ekdar\u00ean PKK\u00ea bord\u00fbman kirin. Li gor\u00ee agahiyan, serkirdeyek\u00ee PKK\u00ea bi nav\u00ea Serhed \u015eingal\u00ea di w\u00ea otomob\u00eel\u00ea de b\u00fbye l\u00ea heta niha nay\u00ea zan\u00een hatiye ku\u015ftin yan na. Ev \u00eari\u015f di demek\u00ee de ye ku \u00eero roja \u00e7ar\u015fem\u00ee 30\/6\/2021an, \u00eesixbarata Tirkiy\u00ea ragihand ku di operasyonek\u00ea [&hellip;]\" \/>\n<meta property=\"og:url\" content=\"https:\/\/darkamazi.info\/archives\/1023093\" \/>\n<meta property=\"og:site_name\" content=\"Darka Maz\u00ee\" \/>\n<meta property=\"article:publisher\" content=\"https:\/\/www.facebook.com\/DarMaziKurmanci\" \/>\n<meta property=\"article:published_time\" content=\"2021-06-30T16:00:13+00:00\" \/>\n<meta property=\"article:modified_time\" content=\"2021-09-11T09:36:41+00:00\" \/>\n<meta property=\"og:image\" content=\"https:\/\/darkamazi.info\/file\/2021\/06\/pkk-singal-balafir-tirkiye.jpg\" \/>\n\t<meta property=\"og:image:width\" content=\"900\" \/>\n\t<meta property=\"og:image:height\" content=\"497\" \/>\n\t<meta property=\"og:image:type\" content=\"image\/jpeg\" \/>\n<meta name=\"author\" content=\"darka mazi\" \/>\n<meta name=\"twitter:card\" content=\"summary_large_image\" \/>\n<meta name=\"twitter:creator\" content=\"@DarkaMaziLatini\" \/>\n<meta name=\"twitter:site\" content=\"@DarkaMaziLatini\" \/>\n<meta name=\"twitter:label1\" content=\"Written by\" \/>\n\t<meta name=\"twitter:data1\" content=\"darka mazi\" \/>\n\t<meta name=\"twitter:label2\" content=\"Est. reading time\" \/>\n\t<meta name=\"twitter:data2\" content=\"1 minute\" \/>\n<script type=\"application\/ld+json\" class=\"seo-schema-graph\">{\"@context\":\"https:\\\/\\\/schema.org\",\"@graph\":[{\"@type\":\"Article\",\"@id\":\"https:\\\/\\\/darkamazi.info\\\/archives\\\/1023093#article\",\"isPartOf\":{\"@id\":\"https:\\\/\\\/darkamazi.info\\\/archives\\\/1023093\"},\"author\":{\"name\":\"darka mazi\",\"@id\":\"https:\\\/\\\/darkamazi.info\\\/#\\\/schema\\\/person\\\/5ad3e24553a0567993fa8ed4bd0a776c\"},\"headline\":\"Balafir\u00ean Tirkiy\u00ea li \u00e7iyay\u00ea \u015eingal\u00ea otomob\u00eeleka \u00e7ekdar\u00ean PKK\u00ea bord\u00fbman kir\",\"datePublished\":\"2021-06-30T16:00:13+00:00\",\"dateModified\":\"2021-09-11T09:36:41+00:00\",\"mainEntityOfPage\":{\"@id\":\"https:\\\/\\\/darkamazi.info\\\/archives\\\/1023093\"},\"wordCount\":101,\"publisher\":{\"@id\":\"https:\\\/\\\/darkamazi.info\\\/#organization\"},\"image\":{\"@id\":\"https:\\\/\\\/darkamazi.info\\\/archives\\\/1023093#primaryimage\"},\"thumbnailUrl\":\"https:\\\/\\\/darkamazi.info\\\/darka-content\\\/uploads\\\/2021\\\/06\\\/pkk-singal-balafir-tirkiye.jpg\",\"keywords\":[\"sereke\"],\"articleSection\":[\"Kurdistan\"],\"inLanguage\":\"en-US\"},{\"@type\":\"WebPage\",\"@id\":\"https:\\\/\\\/darkamazi.info\\\/archives\\\/1023093\",\"url\":\"https:\\\/\\\/darkamazi.info\\\/archives\\\/1023093\",\"name\":\"Balafir\u00ean Tirkiy\u00ea li \u00e7iyay\u00ea \u015eingal\u00ea otomob\u00eeleka \u00e7ekdar\u00ean PKK\u00ea bord\u00fbman kir - Darka Maz\u00ee\",\"isPartOf\":{\"@id\":\"https:\\\/\\\/darkamazi.info\\\/#website\"},\"primaryImageOfPage\":{\"@id\":\"https:\\\/\\\/darkamazi.info\\\/archives\\\/1023093#primaryimage\"},\"image\":{\"@id\":\"https:\\\/\\\/darkamazi.info\\\/archives\\\/1023093#primaryimage\"},\"thumbnailUrl\":\"https:\\\/\\\/darkamazi.info\\\/darka-content\\\/uploads\\\/2021\\\/06\\\/pkk-singal-balafir-tirkiye.jpg\",\"datePublished\":\"2021-06-30T16:00:13+00:00\",\"dateModified\":\"2021-09-11T09:36:41+00:00\",\"breadcrumb\":{\"@id\":\"https:\\\/\\\/darkamazi.info\\\/archives\\\/1023093#breadcrumb\"},\"inLanguage\":\"en-US\",\"potentialAction\":[{\"@type\":\"ReadAction\",\"target\":[\"https:\\\/\\\/darkamazi.info\\\/archives\\\/1023093\"]}]},{\"@type\":\"ImageObject\",\"inLanguage\":\"en-US\",\"@id\":\"https:\\\/\\\/darkamazi.info\\\/archives\\\/1023093#primaryimage\",\"url\":\"https:\\\/\\\/darkamazi.info\\\/darka-content\\\/uploads\\\/2021\\\/06\\\/pkk-singal-balafir-tirkiye.jpg\",\"contentUrl\":\"https:\\\/\\\/darkamazi.info\\\/darka-content\\\/uploads\\\/2021\\\/06\\\/pkk-singal-balafir-tirkiye.jpg\",\"width\":900,\"height\":497,\"caption\":\"Balafir\u00ean Tirkiy\u00ea li \u00e7iyay\u00ea \u015eingal\u00ea otomob\u00eeleka \u00e7ekdar\u00ean PKK\u00ea bord\u00fbman kir\"},{\"@type\":\"BreadcrumbList\",\"@id\":\"https:\\\/\\\/darkamazi.info\\\/archives\\\/1023093#breadcrumb\",\"itemListElement\":[{\"@type\":\"ListItem\",\"position\":1,\"name\":\"Home\",\"item\":\"https:\\\/\\\/darkamazi.info\\\/\"},{\"@type\":\"ListItem\",\"position\":2,\"name\":\"Balafir\u00ean Tirkiy\u00ea li \u00e7iyay\u00ea \u015eingal\u00ea otomob\u00eeleka \u00e7ekdar\u00ean PKK\u00ea bord\u00fbman kir\"}]},{\"@type\":\"WebSite\",\"@id\":\"https:\\\/\\\/darkamazi.info\\\/#website\",\"url\":\"https:\\\/\\\/darkamazi.info\\\/\",\"name\":\"Darka Maz\u00ee\",\"description\":\"P\u00eageha Zanyariy\u00ean Nebih\u00eest\u00ee\",\"publisher\":{\"@id\":\"https:\\\/\\\/darkamazi.info\\\/#organization\"},\"potentialAction\":[{\"@type\":\"SearchAction\",\"target\":{\"@type\":\"EntryPoint\",\"urlTemplate\":\"https:\\\/\\\/darkamazi.info\\\/?s={search_term_string}\"},\"query-input\":{\"@type\":\"PropertyValueSpecification\",\"valueRequired\":true,\"valueName\":\"search_term_string\"}}],\"inLanguage\":\"en-US\"},{\"@type\":\"Organization\",\"@id\":\"https:\\\/\\\/darkamazi.info\\\/#organization\",\"name\":\"Darka Maz\u00ee\",\"url\":\"https:\\\/\\\/darkamazi.info\\\/\",\"logo\":{\"@type\":\"ImageObject\",\"inLanguage\":\"en-US\",\"@id\":\"https:\\\/\\\/darkamazi.info\\\/#\\\/schema\\\/logo\\\/image\\\/\",\"url\":\"https:\\\/\\\/darkamazi.info\\\/darka-content\\\/uploads\\\/2017\\\/12\\\/darka-mazi-logo.png\",\"contentUrl\":\"https:\\\/\\\/darkamazi.info\\\/darka-content\\\/uploads\\\/2017\\\/12\\\/darka-mazi-logo.png\",\"width\":151,\"height\":75,\"caption\":\"Darka Maz\u00ee\"},\"image\":{\"@id\":\"https:\\\/\\\/darkamazi.info\\\/#\\\/schema\\\/logo\\\/image\\\/\"},\"sameAs\":[\"https:\\\/\\\/www.facebook.com\\\/DarMaziKurmanci\",\"https:\\\/\\\/x.com\\\/DarkaMaziLatini\",\"https:\\\/\\\/www.instagram.com\\\/darkamazi.kurmanci\\\/\",\"https:\\\/\\\/www.youtube.com\\\/channel\\\/UCa5HkTdmI8U1qCUFuTw8B2g\"]},{\"@type\":\"Person\",\"@id\":\"https:\\\/\\\/darkamazi.info\\\/#\\\/schema\\\/person\\\/5ad3e24553a0567993fa8ed4bd0a776c\",\"name\":\"darka mazi\",\"sameAs\":[\"https:\\\/\\\/darkamazi.info\\\/\"],\"url\":\"https:\\\/\\\/darkamazi.info\\\/archives\\\/author\\\/kurdi\"}]}<\/script>\n<!-- \/ Yoast SEO plugin. -->","seo_head_json":{"title":"Balafir\u00ean Tirkiy\u00ea li \u00e7iyay\u00ea \u015eingal\u00ea otomob\u00eeleka \u00e7ekdar\u00ean PKK\u00ea bord\u00fbman kir - Darka Maz\u00ee","robots":{"index":"index","follow":"follow","max-snippet":"max-snippet:-1","max-image-preview":"max-image-preview:large","max-video-preview":"max-video-preview:-1"},"canonical":"https:\/\/darkamazi.info\/archives\/1023093","og_locale":"en_US","og_type":"article","og_title":"Balafir\u00ean Tirkiy\u00ea li \u00e7iyay\u00ea \u015eingal\u00ea otomob\u00eeleka \u00e7ekdar\u00ean PKK\u00ea bord\u00fbman kir - Darka Maz\u00ee","og_description":"\u200cHat ragihandin, \u00eero dan\u00ea \u00eavar\u00ea firokey\u00ean Tirkiy\u00ea li \u00e7iyay\u00ea \u015eingal\u00ea otomob\u00eeleka \u00e7ekdar\u00ean PKK\u00ea bord\u00fbman kirin. Li gor\u00ee agahiyan, serkirdeyek\u00ee PKK\u00ea bi nav\u00ea Serhed \u015eingal\u00ea di w\u00ea otomob\u00eel\u00ea de b\u00fbye l\u00ea heta niha nay\u00ea zan\u00een hatiye ku\u015ftin yan na. Ev \u00eari\u015f di demek\u00ee de ye ku \u00eero roja \u00e7ar\u015fem\u00ee 30\/6\/2021an, \u00eesixbarata Tirkiy\u00ea ragihand ku di operasyonek\u00ea [&hellip;]","og_url":"https:\/\/darkamazi.info\/archives\/1023093","og_site_name":"Darka Maz\u00ee","article_publisher":"https:\/\/www.facebook.com\/DarMaziKurmanci","article_published_time":"2021-06-30T16:00:13+00:00","article_modified_time":"2021-09-11T09:36:41+00:00","og_image":[{"width":900,"height":497,"url":"https:\/\/darkamazi.info\/file\/2021\/06\/pkk-singal-balafir-tirkiye.jpg","type":"image\/jpeg"}],"author":"darka mazi","twitter_card":"summary_large_image","twitter_creator":"@DarkaMaziLatini","twitter_site":"@DarkaMaziLatini","twitter_misc":{"Written by":"darka mazi","Est. reading time":"1 minute"},"schema":{"@context":"https:\/\/schema.org","@graph":[{"@type":"Article","@id":"https:\/\/darkamazi.info\/archives\/1023093#article","isPartOf":{"@id":"https:\/\/darkamazi.info\/archives\/1023093"},"author":{"name":"darka mazi","@id":"https:\/\/darkamazi.info\/#\/schema\/person\/5ad3e24553a0567993fa8ed4bd0a776c"},"headline":"Balafir\u00ean Tirkiy\u00ea li \u00e7iyay\u00ea \u015eingal\u00ea otomob\u00eeleka \u00e7ekdar\u00ean PKK\u00ea bord\u00fbman kir","datePublished":"2021-06-30T16:00:13+00:00","dateModified":"2021-09-11T09:36:41+00:00","mainEntityOfPage":{"@id":"https:\/\/darkamazi.info\/archives\/1023093"},"wordCount":101,"publisher":{"@id":"https:\/\/darkamazi.info\/#organization"},"image":{"@id":"https:\/\/darkamazi.info\/archives\/1023093#primaryimage"},"thumbnailUrl":"https:\/\/darkamazi.info\/file\/2021\/06\/pkk-singal-balafir-tirkiye.jpg","keywords":["sereke"],"articleSection":["Kurdistan"],"inLanguage":"en-US"},{"@type":"WebPage","@id":"https:\/\/darkamazi.info\/archives\/1023093","url":"https:\/\/darkamazi.info\/archives\/1023093","name":"Balafir\u00ean Tirkiy\u00ea li \u00e7iyay\u00ea \u015eingal\u00ea otomob\u00eeleka \u00e7ekdar\u00ean PKK\u00ea bord\u00fbman kir - Darka Maz\u00ee","isPartOf":{"@id":"https:\/\/darkamazi.info\/#website"},"primaryImageOfPage":{"@id":"https:\/\/darkamazi.info\/archives\/1023093#primaryimage"},"image":{"@id":"https:\/\/darkamazi.info\/archives\/1023093#primaryimage"},"thumbnailUrl":"https:\/\/darkamazi.info\/file\/2021\/06\/pkk-singal-balafir-tirkiye.jpg","datePublished":"2021-06-30T16:00:13+00:00","dateModified":"2021-09-11T09:36:41+00:00","breadcrumb":{"@id":"https:\/\/darkamazi.info\/archives\/1023093#breadcrumb"},"inLanguage":"en-US","potentialAction":[{"@type":"ReadAction","target":["https:\/\/darkamazi.info\/archives\/1023093"]}]},{"@type":"ImageObject","inLanguage":"en-US","@id":"https:\/\/darkamazi.info\/archives\/1023093#primaryimage","url":"https:\/\/darkamazi.info\/file\/2021\/06\/pkk-singal-balafir-tirkiye.jpg","contentUrl":"https:\/\/darkamazi.info\/file\/2021\/06\/pkk-singal-balafir-tirkiye.jpg","width":900,"height":497,"caption":"Balafir\u00ean Tirkiy\u00ea li \u00e7iyay\u00ea \u015eingal\u00ea otomob\u00eeleka \u00e7ekdar\u00ean PKK\u00ea bord\u00fbman kir"},{"@type":"BreadcrumbList","@id":"https:\/\/darkamazi.info\/archives\/1023093#breadcrumb","itemListElement":[{"@type":"ListItem","position":1,"name":"Home","item":"https:\/\/darkamazi.info\/"},{"@type":"ListItem","position":2,"name":"Balafir\u00ean Tirkiy\u00ea li \u00e7iyay\u00ea \u015eingal\u00ea otomob\u00eeleka \u00e7ekdar\u00ean PKK\u00ea bord\u00fbman kir"}]},{"@type":"WebSite","@id":"https:\/\/darkamazi.info\/#website","url":"https:\/\/darkamazi.info\/","name":"Darka Maz\u00ee","description":"P\u00eageha Zanyariy\u00ean Nebih\u00eest\u00ee","publisher":{"@id":"https:\/\/darkamazi.info\/#organization"},"potentialAction":[{"@type":"SearchAction","target":{"@type":"EntryPoint","urlTemplate":"https:\/\/darkamazi.info\/?s={search_term_string}"},"query-input":{"@type":"PropertyValueSpecification","valueRequired":true,"valueName":"search_term_string"}}],"inLanguage":"en-US"},{"@type":"Organization","@id":"https:\/\/darkamazi.info\/#organization","name":"Darka Maz\u00ee","url":"https:\/\/darkamazi.info\/","logo":{"@type":"ImageObject","inLanguage":"en-US","@id":"https:\/\/darkamazi.info\/#\/schema\/logo\/image\/","url":"https:\/\/darkamazi.info\/file\/2017\/12\/darka-mazi-logo.png","contentUrl":"https:\/\/darkamazi.info\/file\/2017\/12\/darka-mazi-logo.png","width":151,"height":75,"caption":"Darka Maz\u00ee"},"image":{"@id":"https:\/\/darkamazi.info\/#\/schema\/logo\/image\/"},"sameAs":["https:\/\/www.facebook.com\/DarMaziKurmanci","https:\/\/x.com\/DarkaMaziLatini","https:\/\/www.instagram.com\/darkamazi.kurmanci\/","https:\/\/www.youtube.com\/channel\/UCa5HkTdmI8U1qCUFuTw8B2g"]},{"@type":"Person","@id":"https:\/\/darkamazi.info\/#\/schema\/person\/5ad3e24553a0567993fa8ed4bd0a776c","name":"darka mazi","sameAs":["https:\/\/darkamazi.info\/"],"url":"https:\/\/darkamazi.info\/archives\/author\/kurdi"}]}},"_links":{"self":[{"href":"https:\/\/darkamazi.info\/funavuv\/wp\/v2\/posts\/1023093","targetHints":{"allow":["GET"]}}],"collection":[{"href":"https:\/\/darkamazi.info\/funavuv\/wp\/v2\/posts"}],"about":[{"href":"https:\/\/darkamazi.info\/funavuv\/wp\/v2\/types\/post"}],"author":[{"embeddable":true,"href":"https:\/\/darkamazi.info\/funavuv\/wp\/v2\/users\/2"}],"replies":[{"embeddable":true,"href":"https:\/\/darkamazi.info\/funavuv\/wp\/v2\/comments?post=1023093"}],"version-history":[{"count":0,"href":"https:\/\/darkamazi.info\/funavuv\/wp\/v2\/posts\/1023093\/revisions"}],"wp:featuredmedia":[{"embeddable":true,"href":"https:\/\/darkamazi.info\/funavuv\/wp\/v2\/media\/1023094"}],"wp:attachment":[{"href":"https:\/\/darkamazi.info\/funavuv\/wp\/v2\/media?parent=1023093"}],"wp:term":[{"taxonomy":"category","embeddable":true,"href":"https:\/\/darkamazi.info\/funavuv\/wp\/v2\/categories?post=1023093"},{"taxonomy":"post_tag","embeddable":true,"href":"https:\/\/darkamazi.info\/funavuv\/wp\/v2\/tags?post=1023093"}],"curies":[{"name":"wp","href":"https:\/\/api.w.org\/{rel}","templated":true}]}}