{"id":1023187,"date":"2021-07-05T18:39:32","date_gmt":"2021-07-05T15:39:32","guid":{"rendered":"https:\/\/darkamazi.info\/?p=1023187"},"modified":"2021-08-03T22:35:54","modified_gmt":"2021-08-03T19:35:54","slug":"afyona-gelan-u-afyona-kurdan-bese-5","status":"publish","type":"post","link":"https:\/\/darkamazi.info\/archives\/1023187","title":{"rendered":"Afyona gelan \u00fb Afyona kurdan &#8211; Be\u015f\u00ea 5"},"content":{"rendered":"<div class=\"wpb-content-wrapper\"><p>[darkamazi_row][darkamazi_column][darkamazi_video link=&#8221;https:\/\/www.youtube.com\/watch?v=7j_Kmzf4JYQ&#8221; align=&#8221;center&#8221;][darkamazi_column_text]<\/p>\n<h3 style=\"text-align: justify;\"><strong>Her sala r\u00eaxistina PKK\u00ea gotibe em\u00ea berxwedan\u00ea ge\u015f bikin, li w\u00ea sal\u00ea agir\u00ea ser pi\u015fta kurdan ge\u015ftir kir\u00eeye, v\u00ea berxwedana saxte ya ku r\u00eaxistin\u00ea derbas\u00ee ba\u015f\u00fbr kir\u00ee, ten\u00ea malw\u00earan\u00ee ji boy kurdan li pey xwe aniye.<\/strong><\/h3>\n<h3 style=\"text-align: justify;\">Di sala 2017an de r\u00eaxistina PKK\u00ea tam bi awayek mafyawar\u00ee \u00fb gr\u00fbp\u00ean navdewlet\u00ee y\u00ean tawana li ba\u015f\u00fbr tev ger\u00eeyaye, dev j\u00ea berde ku esker\u00ean tirk k\u00ea\u015f\u00ee v\u00ea per\u00e7eya welat kir, em li vir bas li w\u00ea derdeseriy\u00ea dikin ya ku li ser gel\u00ea belengaz barand\u00ee.<\/h3>\n<h3 style=\"text-align: justify;\">Tu kes ji tawan\u00ean r\u00eaxistin\u00ea rizgar neb\u00fb, ne p\u00ea\u015fmerge, ne kadroy\u00ean partiy\u00ean Kurdistan\u00ee \u00fb nej\u00ee \u015f\u00ean\u00ee \u00fb kasibkar\u00ean Ba\u015f\u00fbr, belku r\u00eaxistin\u00ea bi terz\u00ea fil\u00eem\u00ean Hollowed \u00ea ke\u00e7\u00ean bi\u00e7\u00fbk li ser r\u00eay\u00ean dibistan\u00ea j\u00ee revandin.<\/h3>\n<h3 style=\"text-align: justify;\">Bel\u00ea berxwedana PKKe qala w\u00ea dike, ev kar\u00ean gemarin y\u00ean ku derbir\u00een\u00ea ji lotkeya exlaq\u00ea r\u00eaveber\u00ea v\u00ea r\u00eaxistin\u00ea dike.<\/h3>\n<p>[\/darkamazi_column_text][darkamazi_empty_space height=&#8221;26px&#8221;][\/darkamazi_column][\/darkamazi_row][darkamazi_row][darkamazi_column][darkamazi_message message_box_style=&#8221;3d&#8221; message_box_color=&#8221;chino&#8221;]<\/p>\n<h1 style=\"text-align: center;\"><span style=\"font-family: 'arial black', sans-serif; color: #870303;\">C\u00eenayet\u00ean sala 2017an<\/span><\/h1>\n<h3><span style=\"font-family: 'arial black', sans-serif; color: #870303;\">1- Revandina P\u00ea\u015fmergeyek\u00ea Ba\u015f\u00fbr\u00ea Kurdistan\u00ea.<\/span><\/h3>\n<ul>\n<li>\n<h3><span style=\"font-family: arial, helvetica, sans-serif;\">Cor\u00ea tawan\u00ea: revandin.<\/span><\/h3>\n<\/li>\n<li>\n<h3><span style=\"font-family: arial, helvetica, sans-serif;\">Dem: 14\/1\/2017<\/span><\/h3>\n<\/li>\n<li>\n<h3><span style=\"font-family: arial, helvetica, sans-serif;\">C\u00eeh: binara Qend\u00eel\u00ea.<\/span><\/h3>\n<\/li>\n<\/ul>\n<p>[\/darkamazi_message][darkamazi_column_text]<\/p>\n<h3 style=\"text-align: justify;\">Asay\u00ee\u015fa PKK\u00ea li roja 14 meha Kan\u00fbna duyem\u00een ya sala 2017an, li zalgeha Pirde\u015fal ya quntara Qend\u00eel\u00ea hemwilat\u00eey\u00ea bi nav\u00ea El\u00ee Wesu Ebdulla ku p\u00ea\u015fmerg\u00ea yekeya 80 ya ser bi wezareta p\u00ea\u015fmerge ye, desteser kir, navb\u00fbr\u00ee xelk\u00ea gund\u00ea Xaneqa y\u00ea ser bi bajarok\u00ea Wert\u00ea ye, ew bo dema \u015fev \u00fb rojek\u00ee li cem PKK\u00ea ma \u00fb pa\u015f ku hat\u00eeye tehd\u00eed kirin, hat azad kirin.<\/h3>\n<p>[\/darkamazi_column_text][darkamazi_empty_space height=&#8221;26px&#8221;][\/darkamazi_column][\/darkamazi_row][darkamazi_row][darkamazi_column][darkamazi_message message_box_style=&#8221;3d&#8221; message_box_color=&#8221;chino&#8221;]<\/p>\n<h3><span style=\"font-family: 'arial black', sans-serif; color: #960303;\">2- \u015eewitandina ala Kurdistan\u00ea.<\/span><\/h3>\n<ul>\n<li>\n<h3><span style=\"font-family: arial, helvetica, sans-serif;\">Cor\u00ea tawan\u00ea: \u00ear\u00ee\u015f \u00fb \u015fewitandina ala Kurdistan\u00ea.<\/span><\/h3>\n<\/li>\n<li>\n<h3><span style=\"font-family: arial, helvetica, sans-serif;\">Dem: 13\/2\/2017<\/span><\/h3>\n<\/li>\n<li>\n<h3><span style=\"font-family: arial, helvetica, sans-serif;\">C\u00eeh: komelgeha Xanesor\u00ea.<\/span><\/h3>\n<\/li>\n<\/ul>\n<p>[\/darkamazi_message][darkamazi_column_text]<\/p>\n<h3 dir=\"ltr\" style=\"text-align: justify;\">\u00c7ekdar \u00fb al\u00eegir\u00ean PKK\u00ea li roja 13 meha \u015eubata sala 2017an bi hinceta xwep\u00ea\u015fandan\u00ea li komelgeha Xanesor\u00ea a ser bi \u015eingal\u00ea, \u00ear\u00ee\u015fa mala \u015f\u00eax Hizret Re\u015fo Pa\u00e7o kir \u00fb mala w\u00ee t\u00eakdan, PKK\u00ea di v\u00ea \u00ear\u00ee\u015f\u00ea de, alay\u00ea P\u00eeroz \u00ea Kurdistan\u00ea \u00fb w\u00eaney\u00ean Serok Barzan\u00ee li mala \u015e\u00eax Hizret \u015fewtandin.<\/h3>\n<p>[\/darkamazi_column_text][darkamazi_empty_space height=&#8221;26px&#8221;][darkamazi_message message_box_style=&#8221;3d&#8221; message_box_color=&#8221;chino&#8221;]<\/p>\n<h3><span style=\"font-family: 'arial black', sans-serif; color: #8f0101;\">3- Revandna 3 ke\u00e7\u00ean ba\u015f\u00fbr ku ji dbistan\u00ea vedger\u00een.<\/span><\/h3>\n<ul>\n<li>\n<h3><span style=\"font-family: arial, helvetica, sans-serif;\">Cor\u00ea tawan\u00ea: revandina ke\u00e7an.<\/span><\/h3>\n<\/li>\n<li>\n<h3><span style=\"font-family: arial, helvetica, sans-serif;\">Dem: 10\/3\/2017<\/span><\/h3>\n<\/li>\n<li>\n<h3><span style=\"font-family: arial, helvetica, sans-serif;\">Cih: P\u00eeremegr\u00fbn.<\/span><\/h3>\n<\/li>\n<\/ul>\n<p>[\/darkamazi_message][darkamazi_column_text]<\/p>\n<h3 dir=\"ltr\" style=\"text-align: justify;\">\u00c7ekdar\u00ean PKK\u00ea li roja 10 Adara sala 2017an, 3 ke\u00e7\u00ean temen 14 sal li s\u00eenor\u00ea bajarok\u00ea P\u00eeremegr\u00fbn revandin, ev ke\u00e7e li demek\u00ea ji dibistan\u00ea vediger\u00een mal\u00ean xwe, PKK\u00ea ew suwar\u00ee erebey\u00ea kirin, pi\u015ftre \u00fb wexta ku erebe bi r\u00ea ket\u00ee, du ji wan kar\u00een xwe rizgar bikin \u00fb yek j\u00ea bi zor\u00ee birine Qend\u00eel\u00ea \u00fb heya roja me ya \u00eero \u00e7arenv\u00eesa w\u00ea nediyare.<\/h3>\n<p>[\/darkamazi_column_text][darkamazi_empty_space height=&#8221;26px&#8221;][darkamazi_message message_box_style=&#8221;3d&#8221; message_box_color=&#8221;chino&#8221;]<\/p>\n<h3><span style=\"font-family: 'arial black', sans-serif; color: #910303;\">4- Revandina ke\u00e7eke \u00eazd\u00ee.<\/span><\/h3>\n<ul>\n<li>\n<h3><span style=\"font-family: arial, helvetica, sans-serif;\">Cor\u00ea tawan\u00ea: revandin.<\/span><\/h3>\n<\/li>\n<li>\n<h3><span style=\"font-family: arial, helvetica, sans-serif;\">Dem: 7\/4\/2017<\/span><\/h3>\n<\/li>\n<li>\n<h3><span style=\"font-family: arial, helvetica, sans-serif;\">C\u00eeh: S\u00eenor\u00ea \u015eingal\u00ea.<\/span><\/h3>\n<\/li>\n<\/ul>\n<p>[\/darkamazi_message][darkamazi_column_text]<\/p>\n<h3 dir=\"ltr\" style=\"text-align: justify;\">Asay\u00ee\u015fa PKK\u00ea li roja 7 meha N\u00eesana sala 2017an, ke\u00e7eke gund\u00ea Rozava y\u00ea gir\u00eaday\u00ee bajarok\u00ea Sin\u00fbn\u00ea, revand \u00fb bi dar\u00ea zor\u00ea di xwestin tevl\u00ee r\u00eaxistn\u00ea bikin, l\u00ea bel\u00ea malbata w\u00ea kar\u00een li doryana bi nav\u00ea Bork teq\u00ea li w\u00ea erebeya asay\u00ee\u015fa PKK\u00ea bikin \u00fb ke\u00e7a xwe j\u00ea bist\u00eenin.<\/h3>\n<p>[\/darkamazi_column_text][darkamazi_empty_space height=&#8221;26px&#8221;][darkamazi_message message_box_style=&#8221;3d&#8221; message_box_color=&#8221;chino&#8221;]<\/p>\n<h3><span style=\"font-family: 'arial black', sans-serif; color: #8c0101;\">5- Desteser kirina Qadroyek\u00ea PDK\u00ea.<\/span><\/h3>\n<ul>\n<li>\n<h3><span style=\"font-family: arial, helvetica, sans-serif;\">Cor\u00ea tawan\u00ea: desteser kirin.<\/span><\/h3>\n<\/li>\n<li>\n<h3><span style=\"font-family: arial, helvetica, sans-serif;\">Dem: 16\/7\/2017<\/span><\/h3>\n<\/li>\n<li>\n<h3><span style=\"font-family: arial, helvetica, sans-serif;\">C\u00eeh: gund\u00ea Eredina.<\/span><\/h3>\n<\/li>\n<\/ul>\n<p>[\/darkamazi_message][darkamazi_column_text]<\/p>\n<h3 dir=\"ltr\" style=\"text-align: justify;\">Hejmareke \u00e7ekdar\u00ean PKK\u00ea li roja 16 T\u00eermeha sala 2017an, daxwaz ji hemwilat\u00eey\u00ea bi nav\u00ea Kemal Re\u015f\u00eed Hac\u00ee ku berpirs\u00ea kom\u00eeta PDK\u00ea ye li Sersink\u00ea ku wan bi erebeya xwe derbas\u00ee s\u00eenor\u00ea Gar\u00ea bikin, l\u00ea bel\u00ea v\u00ee kes\u00ee red kir, loma ji h\u00eala wan \u00e7ekdaran ve t\u00ea desteser kirin \u00fb pi\u015ftre azad dikin.<\/h3>\n<p>[\/darkamazi_column_text][darkamazi_empty_space height=&#8221;26px&#8221;][darkamazi_message message_box_style=&#8221;3d&#8221; message_box_color=&#8221;chino&#8221;]<\/p>\n<h3><span style=\"font-family: 'arial black', sans-serif; color: #8c0303;\">6- Teqe kirin li d\u00fb hemwilatiy\u00ean siv\u00eel.<\/span><\/h3>\n<ul>\n<li>\n<h3><span style=\"font-family: arial, helvetica, sans-serif;\">Cor\u00ea tawan\u00ea: teror.<\/span><\/h3>\n<\/li>\n<li>\n<h3><span style=\"font-family: arial, helvetica, sans-serif;\">Dem: 3\/8\/2017<\/span><\/h3>\n<\/li>\n<li>\n<h3><span style=\"font-family: arial, helvetica, sans-serif;\">C\u00eeh: Xanesor.<\/span><\/h3>\n<\/li>\n<\/ul>\n<p>[\/darkamazi_message][darkamazi_column_text]<\/p>\n<h3 dir=\"ltr\" style=\"text-align: justify;\">\u00c7ekdar\u00ean PKK\u00ea li roja 3 Tebaxa sala 2017an, li s\u00eenor\u00ea komelgeha Xanesor\u00ea teqe li d\u00fb hemwilatiyan bi nav\u00ean F\u00eeras Newaf Mihemed Ehmed, Xdir Elaf kir, ev kes ji nav\u00e7eya Zumar \u00fb ji hoza Gerger\u00eeyan e, di encam\u00ea de, ev herdu kes bi giran\u00ee bir\u00eendar dibin \u00fb pi\u015ftre kes\u00ea bi nav\u00ea F\u00eeras li nexwe\u015fxaney\u00ea can da.<\/h3>\n<p>[\/darkamazi_column_text][darkamazi_empty_space height=&#8221;26px&#8221;][darkamazi_message message_box_style=&#8221;3d&#8221; message_box_color=&#8221;chino&#8221;]<\/p>\n<h3><span style=\"font-family: 'arial black', sans-serif; color: #870303;\">7- Diz\u00eena mazot\u00ea ji Kan\u00ee Mas\u00ea.<\/span><\/h3>\n<ul>\n<li>\n<h3><span style=\"font-family: arial, helvetica, sans-serif;\">Cor\u00ea tawan\u00ea: diz\u00eena mazot\u00ea.<\/span><\/h3>\n<\/li>\n<li>\n<h3><span style=\"font-family: arial, helvetica, sans-serif;\">Dem: 20\/8\/2017<\/span><\/h3>\n<\/li>\n<li>\n<h3><span style=\"font-family: arial, helvetica, sans-serif;\">C\u00eeh: gund\u00ea M\u00eeska.<\/span><\/h3>\n<\/li>\n<\/ul>\n<p>[\/darkamazi_message][darkamazi_column_text]<\/p>\n<h3 dir=\"ltr\" style=\"text-align: justify;\">Li roja 20 Tebaxa sala 2017an, hejmareke \u00e7ekdar\u00ean PKK\u00ea ku di 8 erebey\u00ean Toyota P\u00ceK AP de b\u00fbn \u00fb her erebeyek\u00ea tankerek 2000 l\u00eetr\u00ee p\u00eave hatb\u00fb gir\u00eadan, bi ser panz\u00eenxaneya gund\u00ea M\u00eeska de girtin, \u00e7ekdar\u00ean PKK\u00ea kam\u00eeray\u00ean panz\u00eenxan\u00ea vemirandin \u00fb 10 hezar l\u00eetr\u00ean panz\u00een\u00ea \u00fb 5 hezar l\u00eetr\u00ean Gazway\u00eel\u00ea j\u00ea diz\u00een, xwediy\u00ea panz\u00eenxaney\u00ea j\u00ee tehd\u00eed kir.<\/h3>\n<p>[\/darkamazi_column_text][darkamazi_empty_space height=&#8221;26px&#8221;][darkamazi_message message_box_style=&#8221;3d&#8221; message_box_color=&#8221;chino&#8221;]<\/p>\n<h3><span style=\"font-family: 'arial black', sans-serif; color: #870303;\">8- Teror kirina Qadroyek\u00ea PDK\u00ea \u00fb hemwelat\u00eeyek\u00ea Siv\u00eel.<\/span><\/h3>\n<ul>\n<li>\n<h3><span style=\"font-family: arial, helvetica, sans-serif;\">Cor\u00ea tawan\u00ea: teror kirin.<\/span><\/h3>\n<\/li>\n<li>\n<h3><span style=\"font-family: arial, helvetica, sans-serif;\">Dem: 25\/11\/2017<\/span><\/h3>\n<\/li>\n<li>\n<h3><span style=\"font-family: arial, helvetica, sans-serif;\">C\u00eeh: D\u00earalok.<\/span><\/h3>\n<\/li>\n<\/ul>\n<p>[\/darkamazi_message][darkamazi_column_text]<\/p>\n<h3 dir=\"ltr\" style=\"text-align: justify;\">\u00c7ekdar\u00ean PKK\u00ea li roja 25 meha \u00e7ir\u00eeya pa\u015f\u00een ya sala 2017an de, gulle berdan Qadroyek\u00ea Liqa 18 ya PDK\u00ea bi nav\u00ea Bilind Ebd\u00ee Ebdulrehman \u00fb hemwilat\u00eey\u00ea bi nav\u00ea Bari\u015f Enwer Sed\u00eeq y\u00ea Bakur\u00ea Kurdistan\u00ea kir, di encama v\u00ea c\u00eenayet\u00ea de, kadroy\u00ea PDK\u00ea y\u00ea bi nav\u00ea Bilind can da \u00fb Bari\u015f bir\u00eendar ket \u00fb ji h\u00eala PKK\u00ea ve bi bir\u00eendar\u00ee t\u00ea revandin.<\/h3>\n<p>[\/darkamazi_column_text][darkamazi_empty_space height=&#8221;26px&#8221;][darkamazi_message message_box_style=&#8221;3d&#8221; message_box_color=&#8221;chino&#8221;]<\/p>\n<h3><span style=\"font-family: 'arial black', sans-serif; color: #870303;\">9- Teror kirina Qadroyek\u00ea PDK\u00ea \u00fb hemwelat\u00eeyek\u00ea Siv\u00eel.<\/span><\/h3>\n<ul>\n<li>\n<h3><span style=\"font-family: arial, helvetica, sans-serif;\">Cor\u00ea tawan\u00ea: revandin \u00fb \u00ea\u015fkence dan.<\/span><\/h3>\n<\/li>\n<li>\n<h3><span style=\"font-family: arial, helvetica, sans-serif;\">Dem: 26\/12\/2017<\/span><\/h3>\n<\/li>\n<li>\n<h3><span style=\"font-family: arial, helvetica, sans-serif;\">C\u00eeh: bajarok\u00ea Amed\u00eey\u00ea.<\/span><\/h3>\n<\/li>\n<\/ul>\n<p>[\/darkamazi_message][darkamazi_column_text]<\/p>\n<h3 dir=\"ltr\" style=\"text-align: justify;\">\u00c7ekdar\u00ean PKK\u00ea li roja 26 meha Kan\u00fbna yekem ya sala 2017an, d\u00fb hemwilatiy\u00ean siv\u00eel bi nav\u00ea Hizirvan P\u00ea\u015fkeft \u00fb Mihemed Sefer desteser kirin \u00fb revandin, pa\u015f ku ev kes bi giran\u00ee hatine \u00ee\u015fkence kirin, t\u00ean azad kirin.<\/h3>\n<p>[\/darkamazi_column_text][darkamazi_empty_space height=&#8221;26px&#8221;][darkamazi_message message_box_style=&#8221;3d&#8221; message_box_color=&#8221;black&#8221;]<\/p>\n<h1 style=\"text-align: center;\"><span style=\"font-family: 'arial black', sans-serif; color: #ffffff;\"><span style=\"font-size: 18pt;\">Hindek ji c\u00eenayet\u00ean sal\u00ean 1997 &#8211; 2014 &#8211; 2016an.<\/span><br \/>\n<span style=\"font-size: 18pt;\">Li benda me bin<\/span> <\/span><\/h1>\n<p>[\/darkamazi_message][darkamazi_message message_box_style=&#8221;3d&#8221; message_box_color=&#8221;chino&#8221;]<\/p>\n<h3><span style=\"font-family: 'arial black', sans-serif; color: #870303;\">1- Teror kirina d\u00fb wez\u00eefedar\u00ean par\u00eazgeh\u00eeya Duhok\u00ea.<\/span><\/h3>\n<ul>\n<li>\n<h3><span style=\"font-family: arial, helvetica, sans-serif;\">Cor\u00ea tawan\u00ea: teror kirin.<\/span><\/h3>\n<\/li>\n<li>\n<h3><span style=\"font-family: arial, helvetica, sans-serif;\">Dem: 1\/10\/2016<\/span><\/h3>\n<\/li>\n<li>\n<h3><span style=\"font-family: arial, helvetica, sans-serif;\">C\u00eeh: \u00e7ep\u00ean \u015eingal\u00ea.<\/span><\/h3>\n<\/li>\n<\/ul>\n<p>[\/darkamazi_message][darkamazi_column_text]<\/p>\n<h3 dir=\"ltr\" style=\"text-align: justify;\">\u00c7ekdar\u00ean PKK\u00ea li roja yek\u00ea meha Oktobera sala 2016an, li ser r\u00eaya \u00e7ep\u00ean \u015eingal\u00ea, bi \u00e7ek\u00ea b\u00eadeng, teqe li d\u00fb wez\u00eefedar\u00ean Fermangeha r\u00eak \u00fb piran ya par\u00eazgeh\u00eeya Duhok\u00ea kir \u00fb \u015feh\u00eed kirin, ev her du wez\u00eefedar bi nav\u00ean Weys Ebdulla Se\u00eed \u00fb Ebulmenaf Teha dihatin nas kirin.<\/h3>\n<p>[\/darkamazi_column_text][darkamazi_empty_space height=&#8221;26px&#8221;][darkamazi_message message_box_style=&#8221;3d&#8221; message_box_color=&#8221;chino&#8221;]<\/p>\n<h3><span style=\"font-family: 'arial black', sans-serif; color: #870303;\">2- Qetil kirina Qadroyek\u00ea veqetiyay\u00ee y\u00ea PKK\u00ea li gel ke\u00e7a w\u00ee ya 3 sal.<\/span><\/h3>\n<ul>\n<li>\n<h3><span style=\"font-family: arial, helvetica, sans-serif;\">Cor\u00ea tawan\u00ea: qetil kirin.<\/span><\/h3>\n<\/li>\n<li>\n<h3><span style=\"font-family: arial, helvetica, sans-serif;\">Dem: 8\/8\/2014<\/span><\/h3>\n<\/li>\n<li>\n<h3><span style=\"font-family: arial, helvetica, sans-serif;\">C\u00eeh: gund\u00ea His\u00ean Re\u015fo.<\/span><\/h3>\n<\/li>\n<\/ul>\n<p>[\/darkamazi_message][darkamazi_column_text]<\/p>\n<h3 dir=\"ltr\" style=\"text-align: justify;\">Yek ji C\u00eenayet\u00ean her\u00ee weh\u015f\u00ee \u00fb qir\u00eaj y\u00ean r\u00eaxistina PKK\u00ea, li roja 8 Tebaxa sala 2014an li s\u00eenor\u00ea bajarok\u00ea Zaxo \u00e7\u00eab\u00fb, wexta ku bi ser mala Qadroyek\u00ea xwe y\u00ea veqetiyay\u00ee de girt\u00ee \u00fb ew li gel ke\u00e7a w\u00ee ya 3 sal\u00ee bi awayek\u00ee weh\u015f\u00ee qetil kir\u00een, ev kadroy\u00ea veqetiyay\u00ee bi nav\u00ea Usman Ebdulrehman Ehmed \u00fb kod nav\u00ea \u015eore\u015f Bal\u00ee\u00e7 b\u00fb.<\/h3>\n<p>[\/darkamazi_column_text][darkamazi_empty_space height=&#8221;26px&#8221;][darkamazi_message message_box_style=&#8221;3d&#8221; message_box_color=&#8221;chino&#8221;]<\/p>\n<h3><span style=\"font-family: 'arial black', sans-serif; color: #870303;\">3- Qetilama du malbat\u00ean ba\u015f\u00fbr li sala 1997\u00ea.<\/span><\/h3>\n<ul>\n<li>\n<h3><span style=\"font-family: arial, helvetica, sans-serif;\">Cor\u00ea tawan\u00ea: ku\u015ftina jin \u00fb zarokan.<\/span><\/h3>\n<\/li>\n<li>\n<h3><span style=\"font-family: arial, helvetica, sans-serif;\">Dem: 22\/10\/1997<\/span><\/h3>\n<\/li>\n<li>\n<h3><span style=\"font-family: arial, helvetica, sans-serif;\">C\u00eeh: \u015e\u00earwana mezin.<\/span><\/h3>\n<\/li>\n<\/ul>\n<p>[\/darkamazi_message][darkamazi_column_text]<\/p>\n<h3 dir=\"ltr\" style=\"text-align: justify;\">\u00c7ekdar\u00ean PKK\u00ea li saet 12 \u015feva 21 ser 22 meha Oktobera sala 1997an, li nav\u00e7eya \u015e\u00earwana mezin bi ser mala du hemwilatiyan de bi nav\u00ea Wehab Sel\u00eem Yehya Hesen \u00fb Yas\u00een Umer Hesen de girtin, xaniy\u00ean wan \u015fewtandin.<\/h3>\n<h3 dir=\"ltr\" style=\"text-align: justify;\">Ev b\u00fbyera dil bi \u00ea\u015f wusa b\u00fb:<br \/>\nPKK\u00ea hevj\u00eena Wehab ya bi nav\u00ea Qed\u00eefa Eyas ku du giyan b\u00fb li gel \u015fe\u015f zaroy\u00ean w\u00ea bi nav\u00ea Zer\u00eefa, \u00ceshaq, Dilovan, Tehs\u00een, Sac\u00eeda \u00fb Cah\u00eeda bi awayek\u00ee hov qetil kirin.<\/h3>\n<h3 dir=\"ltr\" style=\"text-align: justify;\">Herweha hemwilat\u00eey\u00ea din y\u00ea bi nav\u00ea Yas\u00een bir\u00eendar kir \u00fb hevj\u00eena w\u00ee ya bi nav\u00ea Ne\u015fm\u00eela Hesen Yehya li gel 5 zaroy\u00ean w\u00ea bi nav\u00ea Kurdistan, Xel\u00eel, N\u00ee\u015ft\u00eeman, S\u00eerwan \u00fb C\u00eehan qetil kirin, herweha xortek\u00ea din y\u00ea Yas\u00een bi nav\u00ea n\u00ea\u00e7\u00eervan bi giran\u00ee bir\u00eendar dibe.<\/h3>\n<h3 dir=\"ltr\" style=\"text-align: justify;\">H\u00eajay\u00ee gotin\u00ea ye, r\u00eaxistina PKK\u00ea van C\u00eenayet\u00ean ku li Ba\u015f\u00fbr\u00ea Kurdistan\u00ea li dij\u00ee gel\u00ea siv\u00eel encam dide, ji bo xwe bi berxwedan hesab dike, ji roja ku PKKe ket\u00eeye di ba\u015f\u00fbr de, ew bi away\u00ea mafyawar\u00ee tev digere, hem\u00fb leheng\u00eeya xwe li ser ser\u00ea gel\u00ea belengaz\u00ea ba\u015f\u00fbr diyar dike \u00fb li himber\u00ee dag\u00eerkeran \u00e7alakiy\u00ean w\u00ea tunene, PKKe ji boy gel\u00ea ba\u015f\u00fbr b\u00fbye barek\u00ee pir giran, gel\u00ea ba\u015f\u00fbr ji bextre\u015f\u00ee \u00fb derderseriy\u00ea z\u00eadetir tu x\u00earek ji ser\u00ea v\u00ea r\u00eaxistin\u00ea ned\u00eet\u00eeye.<\/h3>\n<p>[\/darkamazi_column_text][darkamazi_empty_space height=&#8221;26px&#8221;][\/darkamazi_column][\/darkamazi_row][darkamazi_row css=&#8221;.darkamazi_custom_1623165894749{padding-bottom: 10px !important;}&#8221;][darkamazi_column][mpc_alert preset=&#8221;mpc_preset_24&#8243; icon=&#8221;eti eti_link&#8221; icon_color=&#8221;#ffffff&#8221; icon_size=&#8221;30&#8243; icon_background_color=&#8221;#df5461&#8243; icon_padding_divider=&#8221;true&#8221; icon_padding_css=&#8221;padding-top:25px;padding-right:25px;padding-bottom:25px;padding-left:25px;&#8221; font_preset=&#8221;mpc_preset_13&#8243; font_color=&#8221;#ffffff&#8221; font_size=&#8221;20&#8243; font_transform=&#8221;none&#8221; font_align=&#8221;center&#8221; content_padding_divider=&#8221;true&#8221; content_padding_css=&#8221;padding-top:10px;padding-right:15px;padding-bottom:0px;padding-left:15px;&#8221; background_type=&#8221;gradient&#8221; background_gradient=&#8221;#d14945||#e5825e||0;100||90||linear&#8221; border_divider=&#8221;true&#8221; border_css=&#8221;border-top:0px;border-right:0px;border-bottom:3px;border-left:0px;border-color:#bc3a5d;border-style:solid;border-radius:5px;&#8221; padding_divider=&#8221;true&#8221; margin_divider=&#8221;true&#8221; mpc_ribbon__disable=&#8221;true&#8221;]<\/p>\n<h1 style=\"direction: rtl; text-align: center;\"><span style=\"font-size: 18pt;\"><a href=\"https:\/\/darkamazi.info\/archives\/1021127\" rel=\"noopener\"><span style=\"color: #ffffff;\"><strong>Bo d\u00eetina be\u015f\u00ea 1 kil\u00eek bike<\/strong><\/span><\/a><\/span><\/h1>\n<p>[\/mpc_alert][\/darkamazi_column][\/darkamazi_row][darkamazi_row css=&#8221;.darkamazi_custom_1623165903908{padding-bottom: 10px !important;}&#8221;][darkamazi_column][mpc_alert preset=&#8221;mpc_preset_24&#8243; icon=&#8221;eti eti_link&#8221; icon_color=&#8221;#ffffff&#8221; icon_size=&#8221;30&#8243; icon_background_color=&#8221;#df5461&#8243; icon_padding_divider=&#8221;true&#8221; icon_padding_css=&#8221;padding-top:25px;padding-right:25px;padding-bottom:25px;padding-left:25px;&#8221; font_preset=&#8221;mpc_preset_13&#8243; font_color=&#8221;#ffffff&#8221; font_size=&#8221;20&#8243; font_transform=&#8221;none&#8221; font_align=&#8221;center&#8221; content_padding_divider=&#8221;true&#8221; content_padding_css=&#8221;padding-top:10px;padding-right:15px;padding-bottom:0px;padding-left:15px;&#8221; background_type=&#8221;gradient&#8221; background_gradient=&#8221;#d14945||#e5825e||0;100||90||linear&#8221; border_divider=&#8221;true&#8221; border_css=&#8221;border-top:0px;border-right:0px;border-bottom:3px;border-left:0px;border-color:#bc3a5d;border-style:solid;border-radius:5px;&#8221; padding_divider=&#8221;true&#8221; margin_divider=&#8221;true&#8221; mpc_ribbon__disable=&#8221;true&#8221;]<\/p>\n<h1 style=\"direction: rtl; text-align: center;\"><span style=\"font-size: 18pt;\"><a href=\"https:\/\/darkamazi.info\/archives\/1021991\" rel=\"noopener\"><span style=\"color: #ffffff;\"><strong>Bo d\u00eetina be\u015f\u00ea 2 kil\u00eek bike<\/strong><\/span><\/a><\/span><\/h1>\n<p>[\/mpc_alert][\/darkamazi_column][\/darkamazi_row][darkamazi_row css=&#8221;.darkamazi_custom_1623165903908{padding-bottom: 10px !important;}&#8221;][darkamazi_column][mpc_alert preset=&#8221;mpc_preset_24&#8243; icon=&#8221;eti eti_link&#8221; icon_color=&#8221;#ffffff&#8221; icon_size=&#8221;30&#8243; icon_background_color=&#8221;#df5461&#8243; icon_padding_divider=&#8221;true&#8221; icon_padding_css=&#8221;padding-top:25px;padding-right:25px;padding-bottom:25px;padding-left:25px;&#8221; font_preset=&#8221;mpc_preset_13&#8243; font_color=&#8221;#ffffff&#8221; font_size=&#8221;20&#8243; font_transform=&#8221;none&#8221; font_align=&#8221;center&#8221; content_padding_divider=&#8221;true&#8221; content_padding_css=&#8221;padding-top:10px;padding-right:15px;padding-bottom:0px;padding-left:15px;&#8221; background_type=&#8221;gradient&#8221; background_gradient=&#8221;#d14945||#e5825e||0;100||90||linear&#8221; border_divider=&#8221;true&#8221; border_css=&#8221;border-top:0px;border-right:0px;border-bottom:3px;border-left:0px;border-color:#bc3a5d;border-style:solid;border-radius:5px;&#8221; padding_divider=&#8221;true&#8221; margin_divider=&#8221;true&#8221; mpc_ribbon__disable=&#8221;true&#8221;]<\/p>\n<h1 style=\"direction: rtl; text-align: center;\"><span style=\"font-size: 18pt;\"><a href=\"https:\/\/darkamazi.info\/archives\/1022021\" rel=\"noopener\"><span style=\"color: #ffffff;\"><strong>Bo d\u00eetina be\u015f\u00ea 3 kil\u00eek bike<\/strong><\/span><\/a><\/span><\/h1>\n<p>[\/mpc_alert][\/darkamazi_column][\/darkamazi_row][darkamazi_row css=&#8221;.darkamazi_custom_1623165903908{padding-bottom: 10px !important;}&#8221;][darkamazi_column][mpc_alert preset=&#8221;mpc_preset_24&#8243; icon=&#8221;eti eti_link&#8221; icon_color=&#8221;#ffffff&#8221; icon_size=&#8221;30&#8243; icon_background_color=&#8221;#df5461&#8243; icon_padding_divider=&#8221;true&#8221; icon_padding_css=&#8221;padding-top:25px;padding-right:25px;padding-bottom:25px;padding-left:25px;&#8221; font_preset=&#8221;mpc_preset_13&#8243; font_color=&#8221;#ffffff&#8221; font_size=&#8221;20&#8243; font_transform=&#8221;none&#8221; font_align=&#8221;center&#8221; content_padding_divider=&#8221;true&#8221; content_padding_css=&#8221;padding-top:10px;padding-right:15px;padding-bottom:0px;padding-left:15px;&#8221; background_type=&#8221;gradient&#8221; background_gradient=&#8221;#d14945||#e5825e||0;100||90||linear&#8221; border_divider=&#8221;true&#8221; border_css=&#8221;border-top:0px;border-right:0px;border-bottom:3px;border-left:0px;border-color:#bc3a5d;border-style:solid;border-radius:5px;&#8221; padding_divider=&#8221;true&#8221; margin_divider=&#8221;true&#8221; mpc_ribbon__disable=&#8221;true&#8221;]<\/p>\n<h1 style=\"direction: rtl; text-align: center;\"><span style=\"font-size: 18pt;\"><a href=\"https:\/\/darkamazi.info\/archives\/1022467\" rel=\"noopener\"><span style=\"color: #ffffff;\"><strong>Bo d\u00eetina be\u015f\u00ea 4 kil\u00eek bike<\/strong><\/span><\/a><\/span><\/h1>\n<p>[\/mpc_alert][\/darkamazi_column][\/darkamazi_row]<\/p>\n<\/div>","protected":false},"excerpt":{"rendered":"<p>[darkamazi_row][darkamazi_column][darkamazi_video link=&#8221;https:\/\/www.youtube.com\/watch?v=7j_Kmzf4JYQ&#8221; align=&#8221;center&#8221;][darkamazi_column_text] Her sala r\u00eaxistina PKK\u00ea gotibe em\u00ea berxwedan\u00ea ge\u015f bikin, li w\u00ea sal\u00ea agir\u00ea ser pi\u015fta kurdan ge\u015ftir kir\u00eeye, v\u00ea berxwedana saxte ya ku r\u00eaxistin\u00ea derbas\u00ee ba\u015f\u00fbr kir\u00ee, ten\u00ea malw\u00earan\u00ee ji boy kurdan li pey xwe aniye. Di sala 2017an de r\u00eaxistina PKK\u00ea tam bi awayek mafyawar\u00ee \u00fb gr\u00fbp\u00ean navdewlet\u00ee y\u00ean tawana li [&hellip;]<\/p>\n","protected":false},"author":2,"featured_media":1023188,"comment_status":"closed","ping_status":"closed","sticky":false,"template":"epic_custom_post_template-1006382","format":"video","meta":{"footnotes":""},"categories":[65],"tags":[37],"class_list":["post-1023187","post","type-post","status-publish","format-video","has-post-thumbnail","hentry","category-vidiyo","tag-sereke","post_format-post-format-video"],"blocksy_meta":[],"seo_head":"<!-- This site is optimized with the Yoast SEO plugin v27.5 - https:\/\/yoast.com\/product\/yoast-seo-wordpress\/ -->\n<title>Afyona gelan \u00fb Afyona kurdan - Be\u015f\u00ea 5 - Darka Maz\u00ee<\/title>\n<meta name=\"robots\" content=\"index, follow, max-snippet:-1, max-image-preview:large, max-video-preview:-1\" \/>\n<link rel=\"canonical\" href=\"https:\/\/darkamazi.info\/archives\/1023187\" \/>\n<meta property=\"og:locale\" content=\"en_US\" \/>\n<meta property=\"og:type\" content=\"article\" \/>\n<meta property=\"og:title\" content=\"Afyona gelan \u00fb Afyona kurdan - Be\u015f\u00ea 5 - Darka Maz\u00ee\" \/>\n<meta property=\"og:description\" content=\"[darkamazi_row][darkamazi_column][darkamazi_video link=&#8221;https:\/\/www.youtube.com\/watch?v=7j_Kmzf4JYQ&#8221; align=&#8221;center&#8221;][darkamazi_column_text] Her sala r\u00eaxistina PKK\u00ea gotibe em\u00ea berxwedan\u00ea ge\u015f bikin, li w\u00ea sal\u00ea agir\u00ea ser pi\u015fta kurdan ge\u015ftir kir\u00eeye, v\u00ea berxwedana saxte ya ku r\u00eaxistin\u00ea derbas\u00ee ba\u015f\u00fbr kir\u00ee, ten\u00ea malw\u00earan\u00ee ji boy kurdan li pey xwe aniye. Di sala 2017an de r\u00eaxistina PKK\u00ea tam bi awayek mafyawar\u00ee \u00fb gr\u00fbp\u00ean navdewlet\u00ee y\u00ean tawana li [&hellip;]\" \/>\n<meta property=\"og:url\" content=\"https:\/\/darkamazi.info\/archives\/1023187\" \/>\n<meta property=\"og:site_name\" content=\"Darka Maz\u00ee\" \/>\n<meta property=\"article:publisher\" content=\"https:\/\/www.facebook.com\/DarMaziKurmanci\" \/>\n<meta property=\"article:published_time\" content=\"2021-07-05T15:39:32+00:00\" \/>\n<meta property=\"article:modified_time\" content=\"2021-08-03T19:35:54+00:00\" \/>\n<meta property=\"og:image\" content=\"https:\/\/darkamazi.info\/file\/2021\/07\/tawan-2017.jpg\" \/>\n\t<meta property=\"og:image:width\" content=\"900\" \/>\n\t<meta property=\"og:image:height\" content=\"500\" \/>\n\t<meta property=\"og:image:type\" content=\"image\/jpeg\" \/>\n<meta name=\"author\" content=\"darka mazi\" \/>\n<meta name=\"twitter:card\" content=\"summary_large_image\" \/>\n<meta name=\"twitter:creator\" content=\"@DarkaMaziLatini\" \/>\n<meta name=\"twitter:site\" content=\"@DarkaMaziLatini\" \/>\n<meta name=\"twitter:label1\" content=\"Written by\" \/>\n\t<meta name=\"twitter:data1\" content=\"darka mazi\" \/>\n\t<meta name=\"twitter:label2\" content=\"Est. reading time\" \/>\n\t<meta name=\"twitter:data2\" content=\"6 minutes\" \/>\n<script type=\"application\/ld+json\" class=\"seo-schema-graph\">{\"@context\":\"https:\\\/\\\/schema.org\",\"@graph\":[{\"@type\":\"Article\",\"@id\":\"https:\\\/\\\/darkamazi.info\\\/archives\\\/1023187#article\",\"isPartOf\":{\"@id\":\"https:\\\/\\\/darkamazi.info\\\/archives\\\/1023187\"},\"author\":{\"name\":\"darka mazi\",\"@id\":\"https:\\\/\\\/darkamazi.info\\\/#\\\/schema\\\/person\\\/5ad3e24553a0567993fa8ed4bd0a776c\"},\"headline\":\"Afyona gelan \u00fb Afyona kurdan &#8211; Be\u015f\u00ea 5\",\"datePublished\":\"2021-07-05T15:39:32+00:00\",\"dateModified\":\"2021-08-03T19:35:54+00:00\",\"mainEntityOfPage\":{\"@id\":\"https:\\\/\\\/darkamazi.info\\\/archives\\\/1023187\"},\"wordCount\":2151,\"publisher\":{\"@id\":\"https:\\\/\\\/darkamazi.info\\\/#organization\"},\"image\":{\"@id\":\"https:\\\/\\\/darkamazi.info\\\/archives\\\/1023187#primaryimage\"},\"thumbnailUrl\":\"https:\\\/\\\/darkamazi.info\\\/darka-content\\\/uploads\\\/2021\\\/07\\\/tawan-2017.jpg\",\"keywords\":[\"sereke\"],\"articleSection\":[\"V\u00eed\u00eeyo\"],\"inLanguage\":\"en-US\"},{\"@type\":\"WebPage\",\"@id\":\"https:\\\/\\\/darkamazi.info\\\/archives\\\/1023187\",\"url\":\"https:\\\/\\\/darkamazi.info\\\/archives\\\/1023187\",\"name\":\"Afyona gelan \u00fb Afyona kurdan - Be\u015f\u00ea 5 - Darka Maz\u00ee\",\"isPartOf\":{\"@id\":\"https:\\\/\\\/darkamazi.info\\\/#website\"},\"primaryImageOfPage\":{\"@id\":\"https:\\\/\\\/darkamazi.info\\\/archives\\\/1023187#primaryimage\"},\"image\":{\"@id\":\"https:\\\/\\\/darkamazi.info\\\/archives\\\/1023187#primaryimage\"},\"thumbnailUrl\":\"https:\\\/\\\/darkamazi.info\\\/darka-content\\\/uploads\\\/2021\\\/07\\\/tawan-2017.jpg\",\"datePublished\":\"2021-07-05T15:39:32+00:00\",\"dateModified\":\"2021-08-03T19:35:54+00:00\",\"breadcrumb\":{\"@id\":\"https:\\\/\\\/darkamazi.info\\\/archives\\\/1023187#breadcrumb\"},\"inLanguage\":\"en-US\",\"potentialAction\":[{\"@type\":\"ReadAction\",\"target\":[\"https:\\\/\\\/darkamazi.info\\\/archives\\\/1023187\"]}]},{\"@type\":\"ImageObject\",\"inLanguage\":\"en-US\",\"@id\":\"https:\\\/\\\/darkamazi.info\\\/archives\\\/1023187#primaryimage\",\"url\":\"https:\\\/\\\/darkamazi.info\\\/darka-content\\\/uploads\\\/2021\\\/07\\\/tawan-2017.jpg\",\"contentUrl\":\"https:\\\/\\\/darkamazi.info\\\/darka-content\\\/uploads\\\/2021\\\/07\\\/tawan-2017.jpg\",\"width\":900,\"height\":500,\"caption\":\"Afyona gelan \u00fb Afyona kurdan - Be\u015f\u00ea 5\"},{\"@type\":\"BreadcrumbList\",\"@id\":\"https:\\\/\\\/darkamazi.info\\\/archives\\\/1023187#breadcrumb\",\"itemListElement\":[{\"@type\":\"ListItem\",\"position\":1,\"name\":\"Home\",\"item\":\"https:\\\/\\\/darkamazi.info\\\/\"},{\"@type\":\"ListItem\",\"position\":2,\"name\":\"Afyona gelan \u00fb Afyona kurdan &#8211; Be\u015f\u00ea 5\"}]},{\"@type\":\"WebSite\",\"@id\":\"https:\\\/\\\/darkamazi.info\\\/#website\",\"url\":\"https:\\\/\\\/darkamazi.info\\\/\",\"name\":\"Darka Maz\u00ee\",\"description\":\"P\u00eageha Zanyariy\u00ean Nebih\u00eest\u00ee\",\"publisher\":{\"@id\":\"https:\\\/\\\/darkamazi.info\\\/#organization\"},\"potentialAction\":[{\"@type\":\"SearchAction\",\"target\":{\"@type\":\"EntryPoint\",\"urlTemplate\":\"https:\\\/\\\/darkamazi.info\\\/?s={search_term_string}\"},\"query-input\":{\"@type\":\"PropertyValueSpecification\",\"valueRequired\":true,\"valueName\":\"search_term_string\"}}],\"inLanguage\":\"en-US\"},{\"@type\":\"Organization\",\"@id\":\"https:\\\/\\\/darkamazi.info\\\/#organization\",\"name\":\"Darka Maz\u00ee\",\"url\":\"https:\\\/\\\/darkamazi.info\\\/\",\"logo\":{\"@type\":\"ImageObject\",\"inLanguage\":\"en-US\",\"@id\":\"https:\\\/\\\/darkamazi.info\\\/#\\\/schema\\\/logo\\\/image\\\/\",\"url\":\"https:\\\/\\\/darkamazi.info\\\/darka-content\\\/uploads\\\/2017\\\/12\\\/darka-mazi-logo.png\",\"contentUrl\":\"https:\\\/\\\/darkamazi.info\\\/darka-content\\\/uploads\\\/2017\\\/12\\\/darka-mazi-logo.png\",\"width\":151,\"height\":75,\"caption\":\"Darka Maz\u00ee\"},\"image\":{\"@id\":\"https:\\\/\\\/darkamazi.info\\\/#\\\/schema\\\/logo\\\/image\\\/\"},\"sameAs\":[\"https:\\\/\\\/www.facebook.com\\\/DarMaziKurmanci\",\"https:\\\/\\\/x.com\\\/DarkaMaziLatini\",\"https:\\\/\\\/www.instagram.com\\\/darkamazi.kurmanci\\\/\",\"https:\\\/\\\/www.youtube.com\\\/channel\\\/UCa5HkTdmI8U1qCUFuTw8B2g\"]},{\"@type\":\"Person\",\"@id\":\"https:\\\/\\\/darkamazi.info\\\/#\\\/schema\\\/person\\\/5ad3e24553a0567993fa8ed4bd0a776c\",\"name\":\"darka mazi\",\"sameAs\":[\"https:\\\/\\\/darkamazi.info\\\/\"],\"url\":\"https:\\\/\\\/darkamazi.info\\\/archives\\\/author\\\/kurdi\"}]}<\/script>\n<!-- \/ Yoast SEO plugin. -->","seo_head_json":{"title":"Afyona gelan \u00fb Afyona kurdan - Be\u015f\u00ea 5 - Darka Maz\u00ee","robots":{"index":"index","follow":"follow","max-snippet":"max-snippet:-1","max-image-preview":"max-image-preview:large","max-video-preview":"max-video-preview:-1"},"canonical":"https:\/\/darkamazi.info\/archives\/1023187","og_locale":"en_US","og_type":"article","og_title":"Afyona gelan \u00fb Afyona kurdan - Be\u015f\u00ea 5 - Darka Maz\u00ee","og_description":"[darkamazi_row][darkamazi_column][darkamazi_video link=&#8221;https:\/\/www.youtube.com\/watch?v=7j_Kmzf4JYQ&#8221; align=&#8221;center&#8221;][darkamazi_column_text] Her sala r\u00eaxistina PKK\u00ea gotibe em\u00ea berxwedan\u00ea ge\u015f bikin, li w\u00ea sal\u00ea agir\u00ea ser pi\u015fta kurdan ge\u015ftir kir\u00eeye, v\u00ea berxwedana saxte ya ku r\u00eaxistin\u00ea derbas\u00ee ba\u015f\u00fbr kir\u00ee, ten\u00ea malw\u00earan\u00ee ji boy kurdan li pey xwe aniye. Di sala 2017an de r\u00eaxistina PKK\u00ea tam bi awayek mafyawar\u00ee \u00fb gr\u00fbp\u00ean navdewlet\u00ee y\u00ean tawana li [&hellip;]","og_url":"https:\/\/darkamazi.info\/archives\/1023187","og_site_name":"Darka Maz\u00ee","article_publisher":"https:\/\/www.facebook.com\/DarMaziKurmanci","article_published_time":"2021-07-05T15:39:32+00:00","article_modified_time":"2021-08-03T19:35:54+00:00","og_image":[{"width":900,"height":500,"url":"https:\/\/darkamazi.info\/file\/2021\/07\/tawan-2017.jpg","type":"image\/jpeg"}],"author":"darka mazi","twitter_card":"summary_large_image","twitter_creator":"@DarkaMaziLatini","twitter_site":"@DarkaMaziLatini","twitter_misc":{"Written by":"darka mazi","Est. reading time":"6 minutes"},"schema":{"@context":"https:\/\/schema.org","@graph":[{"@type":"Article","@id":"https:\/\/darkamazi.info\/archives\/1023187#article","isPartOf":{"@id":"https:\/\/darkamazi.info\/archives\/1023187"},"author":{"name":"darka mazi","@id":"https:\/\/darkamazi.info\/#\/schema\/person\/5ad3e24553a0567993fa8ed4bd0a776c"},"headline":"Afyona gelan \u00fb Afyona kurdan &#8211; Be\u015f\u00ea 5","datePublished":"2021-07-05T15:39:32+00:00","dateModified":"2021-08-03T19:35:54+00:00","mainEntityOfPage":{"@id":"https:\/\/darkamazi.info\/archives\/1023187"},"wordCount":2151,"publisher":{"@id":"https:\/\/darkamazi.info\/#organization"},"image":{"@id":"https:\/\/darkamazi.info\/archives\/1023187#primaryimage"},"thumbnailUrl":"https:\/\/darkamazi.info\/file\/2021\/07\/tawan-2017.jpg","keywords":["sereke"],"articleSection":["V\u00eed\u00eeyo"],"inLanguage":"en-US"},{"@type":"WebPage","@id":"https:\/\/darkamazi.info\/archives\/1023187","url":"https:\/\/darkamazi.info\/archives\/1023187","name":"Afyona gelan \u00fb Afyona kurdan - Be\u015f\u00ea 5 - Darka Maz\u00ee","isPartOf":{"@id":"https:\/\/darkamazi.info\/#website"},"primaryImageOfPage":{"@id":"https:\/\/darkamazi.info\/archives\/1023187#primaryimage"},"image":{"@id":"https:\/\/darkamazi.info\/archives\/1023187#primaryimage"},"thumbnailUrl":"https:\/\/darkamazi.info\/file\/2021\/07\/tawan-2017.jpg","datePublished":"2021-07-05T15:39:32+00:00","dateModified":"2021-08-03T19:35:54+00:00","breadcrumb":{"@id":"https:\/\/darkamazi.info\/archives\/1023187#breadcrumb"},"inLanguage":"en-US","potentialAction":[{"@type":"ReadAction","target":["https:\/\/darkamazi.info\/archives\/1023187"]}]},{"@type":"ImageObject","inLanguage":"en-US","@id":"https:\/\/darkamazi.info\/archives\/1023187#primaryimage","url":"https:\/\/darkamazi.info\/file\/2021\/07\/tawan-2017.jpg","contentUrl":"https:\/\/darkamazi.info\/file\/2021\/07\/tawan-2017.jpg","width":900,"height":500,"caption":"Afyona gelan \u00fb Afyona kurdan - Be\u015f\u00ea 5"},{"@type":"BreadcrumbList","@id":"https:\/\/darkamazi.info\/archives\/1023187#breadcrumb","itemListElement":[{"@type":"ListItem","position":1,"name":"Home","item":"https:\/\/darkamazi.info\/"},{"@type":"ListItem","position":2,"name":"Afyona gelan \u00fb Afyona kurdan &#8211; Be\u015f\u00ea 5"}]},{"@type":"WebSite","@id":"https:\/\/darkamazi.info\/#website","url":"https:\/\/darkamazi.info\/","name":"Darka Maz\u00ee","description":"P\u00eageha Zanyariy\u00ean Nebih\u00eest\u00ee","publisher":{"@id":"https:\/\/darkamazi.info\/#organization"},"potentialAction":[{"@type":"SearchAction","target":{"@type":"EntryPoint","urlTemplate":"https:\/\/darkamazi.info\/?s={search_term_string}"},"query-input":{"@type":"PropertyValueSpecification","valueRequired":true,"valueName":"search_term_string"}}],"inLanguage":"en-US"},{"@type":"Organization","@id":"https:\/\/darkamazi.info\/#organization","name":"Darka Maz\u00ee","url":"https:\/\/darkamazi.info\/","logo":{"@type":"ImageObject","inLanguage":"en-US","@id":"https:\/\/darkamazi.info\/#\/schema\/logo\/image\/","url":"https:\/\/darkamazi.info\/file\/2017\/12\/darka-mazi-logo.png","contentUrl":"https:\/\/darkamazi.info\/file\/2017\/12\/darka-mazi-logo.png","width":151,"height":75,"caption":"Darka Maz\u00ee"},"image":{"@id":"https:\/\/darkamazi.info\/#\/schema\/logo\/image\/"},"sameAs":["https:\/\/www.facebook.com\/DarMaziKurmanci","https:\/\/x.com\/DarkaMaziLatini","https:\/\/www.instagram.com\/darkamazi.kurmanci\/","https:\/\/www.youtube.com\/channel\/UCa5HkTdmI8U1qCUFuTw8B2g"]},{"@type":"Person","@id":"https:\/\/darkamazi.info\/#\/schema\/person\/5ad3e24553a0567993fa8ed4bd0a776c","name":"darka mazi","sameAs":["https:\/\/darkamazi.info\/"],"url":"https:\/\/darkamazi.info\/archives\/author\/kurdi"}]}},"_links":{"self":[{"href":"https:\/\/darkamazi.info\/funavuv\/wp\/v2\/posts\/1023187","targetHints":{"allow":["GET"]}}],"collection":[{"href":"https:\/\/darkamazi.info\/funavuv\/wp\/v2\/posts"}],"about":[{"href":"https:\/\/darkamazi.info\/funavuv\/wp\/v2\/types\/post"}],"author":[{"embeddable":true,"href":"https:\/\/darkamazi.info\/funavuv\/wp\/v2\/users\/2"}],"replies":[{"embeddable":true,"href":"https:\/\/darkamazi.info\/funavuv\/wp\/v2\/comments?post=1023187"}],"version-history":[{"count":0,"href":"https:\/\/darkamazi.info\/funavuv\/wp\/v2\/posts\/1023187\/revisions"}],"wp:featuredmedia":[{"embeddable":true,"href":"https:\/\/darkamazi.info\/funavuv\/wp\/v2\/media\/1023188"}],"wp:attachment":[{"href":"https:\/\/darkamazi.info\/funavuv\/wp\/v2\/media?parent=1023187"}],"wp:term":[{"taxonomy":"category","embeddable":true,"href":"https:\/\/darkamazi.info\/funavuv\/wp\/v2\/categories?post=1023187"},{"taxonomy":"post_tag","embeddable":true,"href":"https:\/\/darkamazi.info\/funavuv\/wp\/v2\/tags?post=1023187"}],"curies":[{"name":"wp","href":"https:\/\/api.w.org\/{rel}","templated":true}]}}