{"id":1023230,"date":"2021-07-06T14:45:27","date_gmt":"2021-07-06T11:45:27","guid":{"rendered":"https:\/\/darkamazi.info\/?p=1023230"},"modified":"2021-09-11T12:30:58","modified_gmt":"2021-09-11T09:30:58","slug":"talibane-tirkiye-tehdid-kir-u-heya-11-e-elune-wext-da","status":"publish","type":"post","link":"https:\/\/darkamazi.info\/archives\/1023230","title":{"rendered":"Tal\u00eeban\u00ea Tirkiy\u00ea tehd\u00eed kir \u00fb heya 11 \u00ea \u00eal\u00fbn\u00ea wext da"},"content":{"rendered":"<h3 style=\"text-align: justify;\"><span style=\"font-family: 'arial black', sans-serif;\">Pi\u015ft\u00ee h\u00eaz\u00ean NATO y\u00ea y\u00ean di bin serpere\u015ftiya Amer\u00eekay\u00ea de terka Afxansitan\u00ea kirin, Tal\u00eeban\u00ea ragihand ku her h\u00eaza biyan\u00ee li Afxanistan\u00ea bim\u00eene, bo wan dagirkere \u00fb d\u00ea wan dagirker qeb\u00fbl bike.<\/span><\/h3>\n<h3 style=\"text-align: justify;\">Tirkiye bi Amer\u00eekay\u00ea re lihev kirib\u00fb ku ewlehiya balafirgeha Kab\u00eel\u00ea ya bi nav\u00ea Hem\u00eed Karza\u00ee bike \u00fb li gor beyana Tal\u00eeban\u00ea; li ser may\u00eena le\u015fker\u00ean Tirkiy\u00ea li balafirgeh\u00ea weka tehd\u00eed hat qeb\u00fbl kirin.<\/h3>\n<h3 style=\"text-align: justify;\">Pi\u015ft\u00ee temam\u00ea welatan plan kirin da h\u00eaz\u00ean xwe ji Afxanistan\u00ea veki\u015f\u00eenin, hatib\u00fb gotin ku Tirkiy\u00ea qeb\u00fbl kiriye bi bihay\u00ea 130 m\u00eelyon dolar\u00ee li Kab\u00eel\u00ea bim\u00eene.<\/h3>\n<h3 style=\"text-align: justify;\">Tal\u00eeban\u00ea bo BBC y\u00ea ragihandib\u00fb ku pi\u015ft\u00ee \u00eal\u00fbn\u00ea her le\u015fker\u00ea biyan\u00ee ku li Afxanistan\u00ea bim\u00eene, d\u00ea m\u00fbameleya dagirkeriy\u00ea p\u00ea re b\u00eakirin.<\/h3>\n<h3 style=\"text-align: justify;\">Berdevk\u00ea Tal\u00eeban\u00ea Suheyl \u015eahin weha gotib\u00fb: \u201cTemam\u00ea h\u00eaz\u00ean biyan\u00ee, sozday\u00ee, \u015f\u00eawirmend, perwerdekar div\u00ea ji Afxanistan\u00ea veki\u015fin ji ber ku ew hem\u00fb per\u00e7eyek\u00ee ji y\u00ean dagirkeriy\u00ea ne.<\/h3>\n","protected":false},"excerpt":{"rendered":"<p>Pi\u015ft\u00ee h\u00eaz\u00ean NATO y\u00ea y\u00ean di bin serpere\u015ftiya Amer\u00eekay\u00ea de terka Afxansitan\u00ea kirin, Tal\u00eeban\u00ea ragihand ku her h\u00eaza biyan\u00ee li Afxanistan\u00ea bim\u00eene, bo wan dagirkere \u00fb d\u00ea wan dagirker qeb\u00fbl bike. Tirkiye bi Amer\u00eekay\u00ea re lihev kirib\u00fb ku ewlehiya balafirgeha Kab\u00eel\u00ea ya bi nav\u00ea Hem\u00eed Karza\u00ee bike \u00fb li gor beyana Tal\u00eeban\u00ea; li ser may\u00eena [&hellip;]<\/p>\n","protected":false},"author":2,"featured_media":1023236,"comment_status":"closed","ping_status":"closed","sticky":false,"template":"","format":"standard","meta":{"footnotes":""},"categories":[31],"tags":[37],"class_list":["post-1023230","post","type-post","status-publish","format-standard","has-post-thumbnail","hentry","category-rojhelata-navin","tag-sereke"],"blocksy_meta":[],"seo_head":"<!-- This site is optimized with the Yoast SEO plugin v27.5 - https:\/\/yoast.com\/product\/yoast-seo-wordpress\/ -->\n<title>Tal\u00eeban\u00ea Tirkiy\u00ea tehd\u00eed kir \u00fb heya 11 \u00ea \u00eal\u00fbn\u00ea wext da - Darka Maz\u00ee<\/title>\n<meta name=\"robots\" content=\"index, follow, max-snippet:-1, max-image-preview:large, max-video-preview:-1\" \/>\n<link rel=\"canonical\" href=\"https:\/\/darkamazi.info\/archives\/1023230\" \/>\n<meta property=\"og:locale\" content=\"en_US\" \/>\n<meta property=\"og:type\" content=\"article\" \/>\n<meta property=\"og:title\" content=\"Tal\u00eeban\u00ea Tirkiy\u00ea tehd\u00eed kir \u00fb heya 11 \u00ea \u00eal\u00fbn\u00ea wext da - Darka Maz\u00ee\" \/>\n<meta property=\"og:description\" content=\"Pi\u015ft\u00ee h\u00eaz\u00ean NATO y\u00ea y\u00ean di bin serpere\u015ftiya Amer\u00eekay\u00ea de terka Afxansitan\u00ea kirin, Tal\u00eeban\u00ea ragihand ku her h\u00eaza biyan\u00ee li Afxanistan\u00ea bim\u00eene, bo wan dagirkere \u00fb d\u00ea wan dagirker qeb\u00fbl bike. Tirkiye bi Amer\u00eekay\u00ea re lihev kirib\u00fb ku ewlehiya balafirgeha Kab\u00eel\u00ea ya bi nav\u00ea Hem\u00eed Karza\u00ee bike \u00fb li gor beyana Tal\u00eeban\u00ea; li ser may\u00eena [&hellip;]\" \/>\n<meta property=\"og:url\" content=\"https:\/\/darkamazi.info\/archives\/1023230\" \/>\n<meta property=\"og:site_name\" content=\"Darka Maz\u00ee\" \/>\n<meta property=\"article:publisher\" content=\"https:\/\/www.facebook.com\/DarMaziKurmanci\" \/>\n<meta property=\"article:published_time\" content=\"2021-07-06T11:45:27+00:00\" \/>\n<meta property=\"article:modified_time\" content=\"2021-09-11T09:30:58+00:00\" \/>\n<meta property=\"og:image\" content=\"https:\/\/darkamazi.info\/file\/2021\/07\/taliban-afxanistan.jpg\" \/>\n\t<meta property=\"og:image:width\" content=\"900\" \/>\n\t<meta property=\"og:image:height\" content=\"497\" \/>\n\t<meta property=\"og:image:type\" content=\"image\/jpeg\" \/>\n<meta name=\"author\" content=\"darka mazi\" \/>\n<meta name=\"twitter:card\" content=\"summary_large_image\" \/>\n<meta name=\"twitter:creator\" content=\"@DarkaMaziLatini\" \/>\n<meta name=\"twitter:site\" content=\"@DarkaMaziLatini\" \/>\n<meta name=\"twitter:label1\" content=\"Written by\" \/>\n\t<meta name=\"twitter:data1\" content=\"darka mazi\" \/>\n\t<meta name=\"twitter:label2\" content=\"Est. reading time\" \/>\n\t<meta name=\"twitter:data2\" content=\"1 minute\" \/>\n<script type=\"application\/ld+json\" class=\"seo-schema-graph\">{\"@context\":\"https:\\\/\\\/schema.org\",\"@graph\":[{\"@type\":\"Article\",\"@id\":\"https:\\\/\\\/darkamazi.info\\\/archives\\\/1023230#article\",\"isPartOf\":{\"@id\":\"https:\\\/\\\/darkamazi.info\\\/archives\\\/1023230\"},\"author\":{\"name\":\"darka mazi\",\"@id\":\"https:\\\/\\\/darkamazi.info\\\/#\\\/schema\\\/person\\\/5ad3e24553a0567993fa8ed4bd0a776c\"},\"headline\":\"Tal\u00eeban\u00ea Tirkiy\u00ea tehd\u00eed kir \u00fb heya 11 \u00ea \u00eal\u00fbn\u00ea wext da\",\"datePublished\":\"2021-07-06T11:45:27+00:00\",\"dateModified\":\"2021-09-11T09:30:58+00:00\",\"mainEntityOfPage\":{\"@id\":\"https:\\\/\\\/darkamazi.info\\\/archives\\\/1023230\"},\"wordCount\":184,\"publisher\":{\"@id\":\"https:\\\/\\\/darkamazi.info\\\/#organization\"},\"image\":{\"@id\":\"https:\\\/\\\/darkamazi.info\\\/archives\\\/1023230#primaryimage\"},\"thumbnailUrl\":\"https:\\\/\\\/darkamazi.info\\\/darka-content\\\/uploads\\\/2021\\\/07\\\/taliban-afxanistan.jpg\",\"keywords\":[\"sereke\"],\"articleSection\":[\"Rojhelata nav\u00een\"],\"inLanguage\":\"en-US\"},{\"@type\":\"WebPage\",\"@id\":\"https:\\\/\\\/darkamazi.info\\\/archives\\\/1023230\",\"url\":\"https:\\\/\\\/darkamazi.info\\\/archives\\\/1023230\",\"name\":\"Tal\u00eeban\u00ea Tirkiy\u00ea tehd\u00eed kir \u00fb heya 11 \u00ea \u00eal\u00fbn\u00ea wext da - Darka Maz\u00ee\",\"isPartOf\":{\"@id\":\"https:\\\/\\\/darkamazi.info\\\/#website\"},\"primaryImageOfPage\":{\"@id\":\"https:\\\/\\\/darkamazi.info\\\/archives\\\/1023230#primaryimage\"},\"image\":{\"@id\":\"https:\\\/\\\/darkamazi.info\\\/archives\\\/1023230#primaryimage\"},\"thumbnailUrl\":\"https:\\\/\\\/darkamazi.info\\\/darka-content\\\/uploads\\\/2021\\\/07\\\/taliban-afxanistan.jpg\",\"datePublished\":\"2021-07-06T11:45:27+00:00\",\"dateModified\":\"2021-09-11T09:30:58+00:00\",\"breadcrumb\":{\"@id\":\"https:\\\/\\\/darkamazi.info\\\/archives\\\/1023230#breadcrumb\"},\"inLanguage\":\"en-US\",\"potentialAction\":[{\"@type\":\"ReadAction\",\"target\":[\"https:\\\/\\\/darkamazi.info\\\/archives\\\/1023230\"]}]},{\"@type\":\"ImageObject\",\"inLanguage\":\"en-US\",\"@id\":\"https:\\\/\\\/darkamazi.info\\\/archives\\\/1023230#primaryimage\",\"url\":\"https:\\\/\\\/darkamazi.info\\\/darka-content\\\/uploads\\\/2021\\\/07\\\/taliban-afxanistan.jpg\",\"contentUrl\":\"https:\\\/\\\/darkamazi.info\\\/darka-content\\\/uploads\\\/2021\\\/07\\\/taliban-afxanistan.jpg\",\"width\":900,\"height\":497,\"caption\":\"Tal\u00eeban\u00ea Tirkiy\u00ea tehd\u00eed kir \u00fb heya 11 \u00ea \u00eal\u00fbn\u00ea wext da\"},{\"@type\":\"BreadcrumbList\",\"@id\":\"https:\\\/\\\/darkamazi.info\\\/archives\\\/1023230#breadcrumb\",\"itemListElement\":[{\"@type\":\"ListItem\",\"position\":1,\"name\":\"Home\",\"item\":\"https:\\\/\\\/darkamazi.info\\\/\"},{\"@type\":\"ListItem\",\"position\":2,\"name\":\"Tal\u00eeban\u00ea Tirkiy\u00ea tehd\u00eed kir \u00fb heya 11 \u00ea \u00eal\u00fbn\u00ea wext da\"}]},{\"@type\":\"WebSite\",\"@id\":\"https:\\\/\\\/darkamazi.info\\\/#website\",\"url\":\"https:\\\/\\\/darkamazi.info\\\/\",\"name\":\"Darka Maz\u00ee\",\"description\":\"P\u00eageha Zanyariy\u00ean Nebih\u00eest\u00ee\",\"publisher\":{\"@id\":\"https:\\\/\\\/darkamazi.info\\\/#organization\"},\"potentialAction\":[{\"@type\":\"SearchAction\",\"target\":{\"@type\":\"EntryPoint\",\"urlTemplate\":\"https:\\\/\\\/darkamazi.info\\\/?s={search_term_string}\"},\"query-input\":{\"@type\":\"PropertyValueSpecification\",\"valueRequired\":true,\"valueName\":\"search_term_string\"}}],\"inLanguage\":\"en-US\"},{\"@type\":\"Organization\",\"@id\":\"https:\\\/\\\/darkamazi.info\\\/#organization\",\"name\":\"Darka Maz\u00ee\",\"url\":\"https:\\\/\\\/darkamazi.info\\\/\",\"logo\":{\"@type\":\"ImageObject\",\"inLanguage\":\"en-US\",\"@id\":\"https:\\\/\\\/darkamazi.info\\\/#\\\/schema\\\/logo\\\/image\\\/\",\"url\":\"https:\\\/\\\/darkamazi.info\\\/darka-content\\\/uploads\\\/2017\\\/12\\\/darka-mazi-logo.png\",\"contentUrl\":\"https:\\\/\\\/darkamazi.info\\\/darka-content\\\/uploads\\\/2017\\\/12\\\/darka-mazi-logo.png\",\"width\":151,\"height\":75,\"caption\":\"Darka Maz\u00ee\"},\"image\":{\"@id\":\"https:\\\/\\\/darkamazi.info\\\/#\\\/schema\\\/logo\\\/image\\\/\"},\"sameAs\":[\"https:\\\/\\\/www.facebook.com\\\/DarMaziKurmanci\",\"https:\\\/\\\/x.com\\\/DarkaMaziLatini\",\"https:\\\/\\\/www.instagram.com\\\/darkamazi.kurmanci\\\/\",\"https:\\\/\\\/www.youtube.com\\\/channel\\\/UCa5HkTdmI8U1qCUFuTw8B2g\"]},{\"@type\":\"Person\",\"@id\":\"https:\\\/\\\/darkamazi.info\\\/#\\\/schema\\\/person\\\/5ad3e24553a0567993fa8ed4bd0a776c\",\"name\":\"darka mazi\",\"sameAs\":[\"https:\\\/\\\/darkamazi.info\\\/\"],\"url\":\"https:\\\/\\\/darkamazi.info\\\/archives\\\/author\\\/kurdi\"}]}<\/script>\n<!-- \/ Yoast SEO plugin. -->","seo_head_json":{"title":"Tal\u00eeban\u00ea Tirkiy\u00ea tehd\u00eed kir \u00fb heya 11 \u00ea \u00eal\u00fbn\u00ea wext da - Darka Maz\u00ee","robots":{"index":"index","follow":"follow","max-snippet":"max-snippet:-1","max-image-preview":"max-image-preview:large","max-video-preview":"max-video-preview:-1"},"canonical":"https:\/\/darkamazi.info\/archives\/1023230","og_locale":"en_US","og_type":"article","og_title":"Tal\u00eeban\u00ea Tirkiy\u00ea tehd\u00eed kir \u00fb heya 11 \u00ea \u00eal\u00fbn\u00ea wext da - Darka Maz\u00ee","og_description":"Pi\u015ft\u00ee h\u00eaz\u00ean NATO y\u00ea y\u00ean di bin serpere\u015ftiya Amer\u00eekay\u00ea de terka Afxansitan\u00ea kirin, Tal\u00eeban\u00ea ragihand ku her h\u00eaza biyan\u00ee li Afxanistan\u00ea bim\u00eene, bo wan dagirkere \u00fb d\u00ea wan dagirker qeb\u00fbl bike. Tirkiye bi Amer\u00eekay\u00ea re lihev kirib\u00fb ku ewlehiya balafirgeha Kab\u00eel\u00ea ya bi nav\u00ea Hem\u00eed Karza\u00ee bike \u00fb li gor beyana Tal\u00eeban\u00ea; li ser may\u00eena [&hellip;]","og_url":"https:\/\/darkamazi.info\/archives\/1023230","og_site_name":"Darka Maz\u00ee","article_publisher":"https:\/\/www.facebook.com\/DarMaziKurmanci","article_published_time":"2021-07-06T11:45:27+00:00","article_modified_time":"2021-09-11T09:30:58+00:00","og_image":[{"width":900,"height":497,"url":"https:\/\/darkamazi.info\/file\/2021\/07\/taliban-afxanistan.jpg","type":"image\/jpeg"}],"author":"darka mazi","twitter_card":"summary_large_image","twitter_creator":"@DarkaMaziLatini","twitter_site":"@DarkaMaziLatini","twitter_misc":{"Written by":"darka mazi","Est. reading time":"1 minute"},"schema":{"@context":"https:\/\/schema.org","@graph":[{"@type":"Article","@id":"https:\/\/darkamazi.info\/archives\/1023230#article","isPartOf":{"@id":"https:\/\/darkamazi.info\/archives\/1023230"},"author":{"name":"darka mazi","@id":"https:\/\/darkamazi.info\/#\/schema\/person\/5ad3e24553a0567993fa8ed4bd0a776c"},"headline":"Tal\u00eeban\u00ea Tirkiy\u00ea tehd\u00eed kir \u00fb heya 11 \u00ea \u00eal\u00fbn\u00ea wext da","datePublished":"2021-07-06T11:45:27+00:00","dateModified":"2021-09-11T09:30:58+00:00","mainEntityOfPage":{"@id":"https:\/\/darkamazi.info\/archives\/1023230"},"wordCount":184,"publisher":{"@id":"https:\/\/darkamazi.info\/#organization"},"image":{"@id":"https:\/\/darkamazi.info\/archives\/1023230#primaryimage"},"thumbnailUrl":"https:\/\/darkamazi.info\/file\/2021\/07\/taliban-afxanistan.jpg","keywords":["sereke"],"articleSection":["Rojhelata nav\u00een"],"inLanguage":"en-US"},{"@type":"WebPage","@id":"https:\/\/darkamazi.info\/archives\/1023230","url":"https:\/\/darkamazi.info\/archives\/1023230","name":"Tal\u00eeban\u00ea Tirkiy\u00ea tehd\u00eed kir \u00fb heya 11 \u00ea \u00eal\u00fbn\u00ea wext da - Darka Maz\u00ee","isPartOf":{"@id":"https:\/\/darkamazi.info\/#website"},"primaryImageOfPage":{"@id":"https:\/\/darkamazi.info\/archives\/1023230#primaryimage"},"image":{"@id":"https:\/\/darkamazi.info\/archives\/1023230#primaryimage"},"thumbnailUrl":"https:\/\/darkamazi.info\/file\/2021\/07\/taliban-afxanistan.jpg","datePublished":"2021-07-06T11:45:27+00:00","dateModified":"2021-09-11T09:30:58+00:00","breadcrumb":{"@id":"https:\/\/darkamazi.info\/archives\/1023230#breadcrumb"},"inLanguage":"en-US","potentialAction":[{"@type":"ReadAction","target":["https:\/\/darkamazi.info\/archives\/1023230"]}]},{"@type":"ImageObject","inLanguage":"en-US","@id":"https:\/\/darkamazi.info\/archives\/1023230#primaryimage","url":"https:\/\/darkamazi.info\/file\/2021\/07\/taliban-afxanistan.jpg","contentUrl":"https:\/\/darkamazi.info\/file\/2021\/07\/taliban-afxanistan.jpg","width":900,"height":497,"caption":"Tal\u00eeban\u00ea Tirkiy\u00ea tehd\u00eed kir \u00fb heya 11 \u00ea \u00eal\u00fbn\u00ea wext da"},{"@type":"BreadcrumbList","@id":"https:\/\/darkamazi.info\/archives\/1023230#breadcrumb","itemListElement":[{"@type":"ListItem","position":1,"name":"Home","item":"https:\/\/darkamazi.info\/"},{"@type":"ListItem","position":2,"name":"Tal\u00eeban\u00ea Tirkiy\u00ea tehd\u00eed kir \u00fb heya 11 \u00ea \u00eal\u00fbn\u00ea wext da"}]},{"@type":"WebSite","@id":"https:\/\/darkamazi.info\/#website","url":"https:\/\/darkamazi.info\/","name":"Darka Maz\u00ee","description":"P\u00eageha Zanyariy\u00ean Nebih\u00eest\u00ee","publisher":{"@id":"https:\/\/darkamazi.info\/#organization"},"potentialAction":[{"@type":"SearchAction","target":{"@type":"EntryPoint","urlTemplate":"https:\/\/darkamazi.info\/?s={search_term_string}"},"query-input":{"@type":"PropertyValueSpecification","valueRequired":true,"valueName":"search_term_string"}}],"inLanguage":"en-US"},{"@type":"Organization","@id":"https:\/\/darkamazi.info\/#organization","name":"Darka Maz\u00ee","url":"https:\/\/darkamazi.info\/","logo":{"@type":"ImageObject","inLanguage":"en-US","@id":"https:\/\/darkamazi.info\/#\/schema\/logo\/image\/","url":"https:\/\/darkamazi.info\/file\/2017\/12\/darka-mazi-logo.png","contentUrl":"https:\/\/darkamazi.info\/file\/2017\/12\/darka-mazi-logo.png","width":151,"height":75,"caption":"Darka Maz\u00ee"},"image":{"@id":"https:\/\/darkamazi.info\/#\/schema\/logo\/image\/"},"sameAs":["https:\/\/www.facebook.com\/DarMaziKurmanci","https:\/\/x.com\/DarkaMaziLatini","https:\/\/www.instagram.com\/darkamazi.kurmanci\/","https:\/\/www.youtube.com\/channel\/UCa5HkTdmI8U1qCUFuTw8B2g"]},{"@type":"Person","@id":"https:\/\/darkamazi.info\/#\/schema\/person\/5ad3e24553a0567993fa8ed4bd0a776c","name":"darka mazi","sameAs":["https:\/\/darkamazi.info\/"],"url":"https:\/\/darkamazi.info\/archives\/author\/kurdi"}]}},"_links":{"self":[{"href":"https:\/\/darkamazi.info\/funavuv\/wp\/v2\/posts\/1023230","targetHints":{"allow":["GET"]}}],"collection":[{"href":"https:\/\/darkamazi.info\/funavuv\/wp\/v2\/posts"}],"about":[{"href":"https:\/\/darkamazi.info\/funavuv\/wp\/v2\/types\/post"}],"author":[{"embeddable":true,"href":"https:\/\/darkamazi.info\/funavuv\/wp\/v2\/users\/2"}],"replies":[{"embeddable":true,"href":"https:\/\/darkamazi.info\/funavuv\/wp\/v2\/comments?post=1023230"}],"version-history":[{"count":0,"href":"https:\/\/darkamazi.info\/funavuv\/wp\/v2\/posts\/1023230\/revisions"}],"wp:featuredmedia":[{"embeddable":true,"href":"https:\/\/darkamazi.info\/funavuv\/wp\/v2\/media\/1023236"}],"wp:attachment":[{"href":"https:\/\/darkamazi.info\/funavuv\/wp\/v2\/media?parent=1023230"}],"wp:term":[{"taxonomy":"category","embeddable":true,"href":"https:\/\/darkamazi.info\/funavuv\/wp\/v2\/categories?post=1023230"},{"taxonomy":"post_tag","embeddable":true,"href":"https:\/\/darkamazi.info\/funavuv\/wp\/v2\/tags?post=1023230"}],"curies":[{"name":"wp","href":"https:\/\/api.w.org\/{rel}","templated":true}]}}