{"id":1023339,"date":"2021-07-11T14:33:00","date_gmt":"2021-07-11T11:33:00","guid":{"rendered":"https:\/\/darkamazi.info\/?p=1023339"},"modified":"2021-07-11T14:33:00","modified_gmt":"2021-07-11T11:33:00","slug":"casen-rejime-cihe-kare-sedan-kasibkaren-kurd-xerab-kir","status":"publish","type":"post","link":"https:\/\/darkamazi.info\/archives\/1023339","title":{"rendered":"Ca\u015f\u00ean Rej\u00eem\u00ea cih\u00ea kar\u00ea sedan kasibkar\u00ean Kurd xerab kir"},"content":{"rendered":"<h3 style=\"text-align: justify\"><span style=\"font-family: 'arial black', sans-serif\">Ca\u015f\u00ean Rej\u00eema \u00ceran\u00ea li Rojhilata welat, cihek\u00ea firo\u015ftina ajelan li dorbera baj\u00ear\u00ea Sine xerab kir ku \u00e7avkan\u00eeya debara bi sedan malbat\u00ean Kurd b\u00fb.<\/span><\/h3>\n<h3 style=\"text-align: justify\"><span style=\"font-family: arial, helvetica, sans-serif\">Kir\u00eagirtiy\u00ean Rej\u00eema \u00ceran\u00ea, li nav\u00e7eyeka baj\u00ear\u00ea Sine li Rojhilata Kurdistan\u00ea, cih\u00ea her\u00ee diyar \u00ea kir\u00een \u00fb firo\u015ftina pez xerab kir ku bi sedana kasibkar\u00ean Kurd li v\u00ee cih\u00ee debara jiyan\u00ea ji xwe re dab\u00een dikir.<\/span><\/h3>\n<h3 style=\"text-align: justify\"><span style=\"font-family: arial, helvetica, sans-serif\">Li gor\u00ee agah\u00eeyan, ev cih ku kepr\u00ean kasibkar\u00ean Kurd l\u00ea b\u00fbn, bi fermana Dadwer\u00ee Suhrab\u00ee serok\u00ea ca\u015fan \u00fb Sabir Sel\u00eem\u00ee hat\u00eeye xerab kirin.<\/span><\/h3>\n<h3 style=\"text-align: justify\"><span style=\"font-family: arial, helvetica, sans-serif\">Kes\u00ean ku kepr\u00ean wan hatine xerab kirin, ev kar hildane ser\u00ea kes\u00ea bi nav\u00ea Ari\u015f Ehmed\u00ee ku weke ca\u015f li gel Dawer\u00ee Suhrab\u00ee dixebte.<\/span><\/h3>\n<h3 style=\"text-align: justify\"><span style=\"font-family: arial, helvetica, sans-serif\">H\u00eaja gotin\u00ea ye, ev cih n\u00eaz\u00ee 8 salane kir\u00een \u00fb firo\u015ftina pez \u00fb ajelan l\u00ea t\u00ea me\u015fandin \u00fb cih\u00ea debara jiyana bi sedan malbat\u00ean Kurd \u00ean w\u00ea Sine y\u00ea ye.<\/span><\/h3>\n","protected":false},"excerpt":{"rendered":"<p>Ca\u015f\u00ean Rej\u00eema \u00ceran\u00ea li Rojhilata welat, cihek\u00ea firo\u015ftina ajelan li dorbera baj\u00ear\u00ea Sine xerab kir ku \u00e7avkan\u00eeya debara bi sedan malbat\u00ean Kurd b\u00fb. Kir\u00eagirtiy\u00ean Rej\u00eema \u00ceran\u00ea, li nav\u00e7eyeka baj\u00ear\u00ea Sine li Rojhilata Kurdistan\u00ea, cih\u00ea her\u00ee diyar \u00ea kir\u00een \u00fb firo\u015ftina pez xerab kir ku bi sedana kasibkar\u00ean Kurd li v\u00ee cih\u00ee debara jiyan\u00ea ji xwe [&hellip;]<\/p>\n","protected":false},"author":2,"featured_media":1023340,"comment_status":"closed","ping_status":"closed","sticky":false,"template":"","format":"standard","meta":{"footnotes":""},"categories":[29],"tags":[37],"class_list":["post-1023339","post","type-post","status-publish","format-standard","has-post-thumbnail","hentry","category-kurdistan","tag-sereke"],"blocksy_meta":[],"seo_head":"<!-- This site is optimized with the Yoast SEO plugin v27.5 - https:\/\/yoast.com\/product\/yoast-seo-wordpress\/ -->\n<title>Ca\u015f\u00ean Rej\u00eem\u00ea cih\u00ea kar\u00ea sedan kasibkar\u00ean Kurd xerab kir - Darka Maz\u00ee<\/title>\n<meta name=\"robots\" content=\"index, follow, max-snippet:-1, max-image-preview:large, max-video-preview:-1\" \/>\n<link rel=\"canonical\" href=\"https:\/\/darkamazi.info\/archives\/1023339\" \/>\n<meta property=\"og:locale\" content=\"en_US\" \/>\n<meta property=\"og:type\" content=\"article\" \/>\n<meta property=\"og:title\" content=\"Ca\u015f\u00ean Rej\u00eem\u00ea cih\u00ea kar\u00ea sedan kasibkar\u00ean Kurd xerab kir - Darka Maz\u00ee\" \/>\n<meta property=\"og:description\" content=\"Ca\u015f\u00ean Rej\u00eema \u00ceran\u00ea li Rojhilata welat, cihek\u00ea firo\u015ftina ajelan li dorbera baj\u00ear\u00ea Sine xerab kir ku \u00e7avkan\u00eeya debara bi sedan malbat\u00ean Kurd b\u00fb. Kir\u00eagirtiy\u00ean Rej\u00eema \u00ceran\u00ea, li nav\u00e7eyeka baj\u00ear\u00ea Sine li Rojhilata Kurdistan\u00ea, cih\u00ea her\u00ee diyar \u00ea kir\u00een \u00fb firo\u015ftina pez xerab kir ku bi sedana kasibkar\u00ean Kurd li v\u00ee cih\u00ee debara jiyan\u00ea ji xwe [&hellip;]\" \/>\n<meta property=\"og:url\" content=\"https:\/\/darkamazi.info\/archives\/1023339\" \/>\n<meta property=\"og:site_name\" content=\"Darka Maz\u00ee\" \/>\n<meta property=\"article:publisher\" content=\"https:\/\/www.facebook.com\/DarMaziKurmanci\" \/>\n<meta property=\"article:published_time\" content=\"2021-07-11T11:33:00+00:00\" \/>\n<meta property=\"og:image\" content=\"https:\/\/darkamazi.info\/file\/2021\/07\/iran-sine-kurd-1.jpg\" \/>\n\t<meta property=\"og:image:width\" content=\"900\" \/>\n\t<meta property=\"og:image:height\" content=\"497\" \/>\n\t<meta property=\"og:image:type\" content=\"image\/jpeg\" \/>\n<meta name=\"author\" content=\"darka mazi\" \/>\n<meta name=\"twitter:card\" content=\"summary_large_image\" \/>\n<meta name=\"twitter:creator\" content=\"@DarkaMaziLatini\" \/>\n<meta name=\"twitter:site\" content=\"@DarkaMaziLatini\" \/>\n<meta name=\"twitter:label1\" content=\"Written by\" \/>\n\t<meta name=\"twitter:data1\" content=\"darka mazi\" \/>\n\t<meta name=\"twitter:label2\" content=\"Est. reading time\" \/>\n\t<meta name=\"twitter:data2\" content=\"1 minute\" \/>\n<script type=\"application\/ld+json\" class=\"seo-schema-graph\">{\"@context\":\"https:\\\/\\\/schema.org\",\"@graph\":[{\"@type\":\"Article\",\"@id\":\"https:\\\/\\\/darkamazi.info\\\/archives\\\/1023339#article\",\"isPartOf\":{\"@id\":\"https:\\\/\\\/darkamazi.info\\\/archives\\\/1023339\"},\"author\":{\"name\":\"darka mazi\",\"@id\":\"https:\\\/\\\/darkamazi.info\\\/#\\\/schema\\\/person\\\/5ad3e24553a0567993fa8ed4bd0a776c\"},\"headline\":\"Ca\u015f\u00ean Rej\u00eem\u00ea cih\u00ea kar\u00ea sedan kasibkar\u00ean Kurd xerab kir\",\"datePublished\":\"2021-07-11T11:33:00+00:00\",\"mainEntityOfPage\":{\"@id\":\"https:\\\/\\\/darkamazi.info\\\/archives\\\/1023339\"},\"wordCount\":170,\"publisher\":{\"@id\":\"https:\\\/\\\/darkamazi.info\\\/#organization\"},\"image\":{\"@id\":\"https:\\\/\\\/darkamazi.info\\\/archives\\\/1023339#primaryimage\"},\"thumbnailUrl\":\"https:\\\/\\\/darkamazi.info\\\/darka-content\\\/uploads\\\/2021\\\/07\\\/iran-sine-kurd-1.jpg\",\"keywords\":[\"sereke\"],\"articleSection\":[\"Kurdistan\"],\"inLanguage\":\"en-US\"},{\"@type\":\"WebPage\",\"@id\":\"https:\\\/\\\/darkamazi.info\\\/archives\\\/1023339\",\"url\":\"https:\\\/\\\/darkamazi.info\\\/archives\\\/1023339\",\"name\":\"Ca\u015f\u00ean Rej\u00eem\u00ea cih\u00ea kar\u00ea sedan kasibkar\u00ean Kurd xerab kir - Darka Maz\u00ee\",\"isPartOf\":{\"@id\":\"https:\\\/\\\/darkamazi.info\\\/#website\"},\"primaryImageOfPage\":{\"@id\":\"https:\\\/\\\/darkamazi.info\\\/archives\\\/1023339#primaryimage\"},\"image\":{\"@id\":\"https:\\\/\\\/darkamazi.info\\\/archives\\\/1023339#primaryimage\"},\"thumbnailUrl\":\"https:\\\/\\\/darkamazi.info\\\/darka-content\\\/uploads\\\/2021\\\/07\\\/iran-sine-kurd-1.jpg\",\"datePublished\":\"2021-07-11T11:33:00+00:00\",\"breadcrumb\":{\"@id\":\"https:\\\/\\\/darkamazi.info\\\/archives\\\/1023339#breadcrumb\"},\"inLanguage\":\"en-US\",\"potentialAction\":[{\"@type\":\"ReadAction\",\"target\":[\"https:\\\/\\\/darkamazi.info\\\/archives\\\/1023339\"]}]},{\"@type\":\"ImageObject\",\"inLanguage\":\"en-US\",\"@id\":\"https:\\\/\\\/darkamazi.info\\\/archives\\\/1023339#primaryimage\",\"url\":\"https:\\\/\\\/darkamazi.info\\\/darka-content\\\/uploads\\\/2021\\\/07\\\/iran-sine-kurd-1.jpg\",\"contentUrl\":\"https:\\\/\\\/darkamazi.info\\\/darka-content\\\/uploads\\\/2021\\\/07\\\/iran-sine-kurd-1.jpg\",\"width\":900,\"height\":497,\"caption\":\"Ca\u015f\u00ean Rej\u00eem\u00ea cih\u00ea kar\u00ea sedan kasibkar\u00ean Kurd xerab kir\"},{\"@type\":\"BreadcrumbList\",\"@id\":\"https:\\\/\\\/darkamazi.info\\\/archives\\\/1023339#breadcrumb\",\"itemListElement\":[{\"@type\":\"ListItem\",\"position\":1,\"name\":\"Home\",\"item\":\"https:\\\/\\\/darkamazi.info\\\/\"},{\"@type\":\"ListItem\",\"position\":2,\"name\":\"Ca\u015f\u00ean Rej\u00eem\u00ea cih\u00ea kar\u00ea sedan kasibkar\u00ean Kurd xerab kir\"}]},{\"@type\":\"WebSite\",\"@id\":\"https:\\\/\\\/darkamazi.info\\\/#website\",\"url\":\"https:\\\/\\\/darkamazi.info\\\/\",\"name\":\"Darka Maz\u00ee\",\"description\":\"P\u00eageha Zanyariy\u00ean Nebih\u00eest\u00ee\",\"publisher\":{\"@id\":\"https:\\\/\\\/darkamazi.info\\\/#organization\"},\"potentialAction\":[{\"@type\":\"SearchAction\",\"target\":{\"@type\":\"EntryPoint\",\"urlTemplate\":\"https:\\\/\\\/darkamazi.info\\\/?s={search_term_string}\"},\"query-input\":{\"@type\":\"PropertyValueSpecification\",\"valueRequired\":true,\"valueName\":\"search_term_string\"}}],\"inLanguage\":\"en-US\"},{\"@type\":\"Organization\",\"@id\":\"https:\\\/\\\/darkamazi.info\\\/#organization\",\"name\":\"Darka Maz\u00ee\",\"url\":\"https:\\\/\\\/darkamazi.info\\\/\",\"logo\":{\"@type\":\"ImageObject\",\"inLanguage\":\"en-US\",\"@id\":\"https:\\\/\\\/darkamazi.info\\\/#\\\/schema\\\/logo\\\/image\\\/\",\"url\":\"https:\\\/\\\/darkamazi.info\\\/darka-content\\\/uploads\\\/2017\\\/12\\\/darka-mazi-logo.png\",\"contentUrl\":\"https:\\\/\\\/darkamazi.info\\\/darka-content\\\/uploads\\\/2017\\\/12\\\/darka-mazi-logo.png\",\"width\":151,\"height\":75,\"caption\":\"Darka Maz\u00ee\"},\"image\":{\"@id\":\"https:\\\/\\\/darkamazi.info\\\/#\\\/schema\\\/logo\\\/image\\\/\"},\"sameAs\":[\"https:\\\/\\\/www.facebook.com\\\/DarMaziKurmanci\",\"https:\\\/\\\/x.com\\\/DarkaMaziLatini\",\"https:\\\/\\\/www.instagram.com\\\/darkamazi.kurmanci\\\/\",\"https:\\\/\\\/www.youtube.com\\\/channel\\\/UCa5HkTdmI8U1qCUFuTw8B2g\"]},{\"@type\":\"Person\",\"@id\":\"https:\\\/\\\/darkamazi.info\\\/#\\\/schema\\\/person\\\/5ad3e24553a0567993fa8ed4bd0a776c\",\"name\":\"darka mazi\",\"sameAs\":[\"https:\\\/\\\/darkamazi.info\\\/\"],\"url\":\"https:\\\/\\\/darkamazi.info\\\/archives\\\/author\\\/kurdi\"}]}<\/script>\n<!-- \/ Yoast SEO plugin. -->","seo_head_json":{"title":"Ca\u015f\u00ean Rej\u00eem\u00ea cih\u00ea kar\u00ea sedan kasibkar\u00ean Kurd xerab kir - Darka Maz\u00ee","robots":{"index":"index","follow":"follow","max-snippet":"max-snippet:-1","max-image-preview":"max-image-preview:large","max-video-preview":"max-video-preview:-1"},"canonical":"https:\/\/darkamazi.info\/archives\/1023339","og_locale":"en_US","og_type":"article","og_title":"Ca\u015f\u00ean Rej\u00eem\u00ea cih\u00ea kar\u00ea sedan kasibkar\u00ean Kurd xerab kir - Darka Maz\u00ee","og_description":"Ca\u015f\u00ean Rej\u00eema \u00ceran\u00ea li Rojhilata welat, cihek\u00ea firo\u015ftina ajelan li dorbera baj\u00ear\u00ea Sine xerab kir ku \u00e7avkan\u00eeya debara bi sedan malbat\u00ean Kurd b\u00fb. Kir\u00eagirtiy\u00ean Rej\u00eema \u00ceran\u00ea, li nav\u00e7eyeka baj\u00ear\u00ea Sine li Rojhilata Kurdistan\u00ea, cih\u00ea her\u00ee diyar \u00ea kir\u00een \u00fb firo\u015ftina pez xerab kir ku bi sedana kasibkar\u00ean Kurd li v\u00ee cih\u00ee debara jiyan\u00ea ji xwe [&hellip;]","og_url":"https:\/\/darkamazi.info\/archives\/1023339","og_site_name":"Darka Maz\u00ee","article_publisher":"https:\/\/www.facebook.com\/DarMaziKurmanci","article_published_time":"2021-07-11T11:33:00+00:00","og_image":[{"width":900,"height":497,"url":"https:\/\/darkamazi.info\/file\/2021\/07\/iran-sine-kurd-1.jpg","type":"image\/jpeg"}],"author":"darka mazi","twitter_card":"summary_large_image","twitter_creator":"@DarkaMaziLatini","twitter_site":"@DarkaMaziLatini","twitter_misc":{"Written by":"darka mazi","Est. reading time":"1 minute"},"schema":{"@context":"https:\/\/schema.org","@graph":[{"@type":"Article","@id":"https:\/\/darkamazi.info\/archives\/1023339#article","isPartOf":{"@id":"https:\/\/darkamazi.info\/archives\/1023339"},"author":{"name":"darka mazi","@id":"https:\/\/darkamazi.info\/#\/schema\/person\/5ad3e24553a0567993fa8ed4bd0a776c"},"headline":"Ca\u015f\u00ean Rej\u00eem\u00ea cih\u00ea kar\u00ea sedan kasibkar\u00ean Kurd xerab kir","datePublished":"2021-07-11T11:33:00+00:00","mainEntityOfPage":{"@id":"https:\/\/darkamazi.info\/archives\/1023339"},"wordCount":170,"publisher":{"@id":"https:\/\/darkamazi.info\/#organization"},"image":{"@id":"https:\/\/darkamazi.info\/archives\/1023339#primaryimage"},"thumbnailUrl":"https:\/\/darkamazi.info\/file\/2021\/07\/iran-sine-kurd-1.jpg","keywords":["sereke"],"articleSection":["Kurdistan"],"inLanguage":"en-US"},{"@type":"WebPage","@id":"https:\/\/darkamazi.info\/archives\/1023339","url":"https:\/\/darkamazi.info\/archives\/1023339","name":"Ca\u015f\u00ean Rej\u00eem\u00ea cih\u00ea kar\u00ea sedan kasibkar\u00ean Kurd xerab kir - Darka Maz\u00ee","isPartOf":{"@id":"https:\/\/darkamazi.info\/#website"},"primaryImageOfPage":{"@id":"https:\/\/darkamazi.info\/archives\/1023339#primaryimage"},"image":{"@id":"https:\/\/darkamazi.info\/archives\/1023339#primaryimage"},"thumbnailUrl":"https:\/\/darkamazi.info\/file\/2021\/07\/iran-sine-kurd-1.jpg","datePublished":"2021-07-11T11:33:00+00:00","breadcrumb":{"@id":"https:\/\/darkamazi.info\/archives\/1023339#breadcrumb"},"inLanguage":"en-US","potentialAction":[{"@type":"ReadAction","target":["https:\/\/darkamazi.info\/archives\/1023339"]}]},{"@type":"ImageObject","inLanguage":"en-US","@id":"https:\/\/darkamazi.info\/archives\/1023339#primaryimage","url":"https:\/\/darkamazi.info\/file\/2021\/07\/iran-sine-kurd-1.jpg","contentUrl":"https:\/\/darkamazi.info\/file\/2021\/07\/iran-sine-kurd-1.jpg","width":900,"height":497,"caption":"Ca\u015f\u00ean Rej\u00eem\u00ea cih\u00ea kar\u00ea sedan kasibkar\u00ean Kurd xerab kir"},{"@type":"BreadcrumbList","@id":"https:\/\/darkamazi.info\/archives\/1023339#breadcrumb","itemListElement":[{"@type":"ListItem","position":1,"name":"Home","item":"https:\/\/darkamazi.info\/"},{"@type":"ListItem","position":2,"name":"Ca\u015f\u00ean Rej\u00eem\u00ea cih\u00ea kar\u00ea sedan kasibkar\u00ean Kurd xerab kir"}]},{"@type":"WebSite","@id":"https:\/\/darkamazi.info\/#website","url":"https:\/\/darkamazi.info\/","name":"Darka Maz\u00ee","description":"P\u00eageha Zanyariy\u00ean Nebih\u00eest\u00ee","publisher":{"@id":"https:\/\/darkamazi.info\/#organization"},"potentialAction":[{"@type":"SearchAction","target":{"@type":"EntryPoint","urlTemplate":"https:\/\/darkamazi.info\/?s={search_term_string}"},"query-input":{"@type":"PropertyValueSpecification","valueRequired":true,"valueName":"search_term_string"}}],"inLanguage":"en-US"},{"@type":"Organization","@id":"https:\/\/darkamazi.info\/#organization","name":"Darka Maz\u00ee","url":"https:\/\/darkamazi.info\/","logo":{"@type":"ImageObject","inLanguage":"en-US","@id":"https:\/\/darkamazi.info\/#\/schema\/logo\/image\/","url":"https:\/\/darkamazi.info\/file\/2017\/12\/darka-mazi-logo.png","contentUrl":"https:\/\/darkamazi.info\/file\/2017\/12\/darka-mazi-logo.png","width":151,"height":75,"caption":"Darka Maz\u00ee"},"image":{"@id":"https:\/\/darkamazi.info\/#\/schema\/logo\/image\/"},"sameAs":["https:\/\/www.facebook.com\/DarMaziKurmanci","https:\/\/x.com\/DarkaMaziLatini","https:\/\/www.instagram.com\/darkamazi.kurmanci\/","https:\/\/www.youtube.com\/channel\/UCa5HkTdmI8U1qCUFuTw8B2g"]},{"@type":"Person","@id":"https:\/\/darkamazi.info\/#\/schema\/person\/5ad3e24553a0567993fa8ed4bd0a776c","name":"darka mazi","sameAs":["https:\/\/darkamazi.info\/"],"url":"https:\/\/darkamazi.info\/archives\/author\/kurdi"}]}},"_links":{"self":[{"href":"https:\/\/darkamazi.info\/funavuv\/wp\/v2\/posts\/1023339","targetHints":{"allow":["GET"]}}],"collection":[{"href":"https:\/\/darkamazi.info\/funavuv\/wp\/v2\/posts"}],"about":[{"href":"https:\/\/darkamazi.info\/funavuv\/wp\/v2\/types\/post"}],"author":[{"embeddable":true,"href":"https:\/\/darkamazi.info\/funavuv\/wp\/v2\/users\/2"}],"replies":[{"embeddable":true,"href":"https:\/\/darkamazi.info\/funavuv\/wp\/v2\/comments?post=1023339"}],"version-history":[{"count":0,"href":"https:\/\/darkamazi.info\/funavuv\/wp\/v2\/posts\/1023339\/revisions"}],"wp:featuredmedia":[{"embeddable":true,"href":"https:\/\/darkamazi.info\/funavuv\/wp\/v2\/media\/1023340"}],"wp:attachment":[{"href":"https:\/\/darkamazi.info\/funavuv\/wp\/v2\/media?parent=1023339"}],"wp:term":[{"taxonomy":"category","embeddable":true,"href":"https:\/\/darkamazi.info\/funavuv\/wp\/v2\/categories?post=1023339"},{"taxonomy":"post_tag","embeddable":true,"href":"https:\/\/darkamazi.info\/funavuv\/wp\/v2\/tags?post=1023339"}],"curies":[{"name":"wp","href":"https:\/\/api.w.org\/{rel}","templated":true}]}}