{"id":1023447,"date":"2021-07-15T14:30:14","date_gmt":"2021-07-15T11:30:14","guid":{"rendered":"https:\/\/darkamazi.info\/?p=1023447"},"modified":"2021-07-15T14:30:14","modified_gmt":"2021-07-15T11:30:14","slug":"sixureki-lahur-li-nava-mala-mam-celal-hat-girtin","status":"publish","type":"post","link":"https:\/\/darkamazi.info\/archives\/1023447","title":{"rendered":"S\u00eexurek\u00ee Lahur li nava mala Mam Celal hat girtin"},"content":{"rendered":"<h3 style=\"text-align: justify\"><span style=\"font-family: 'arial black', sans-serif\">Li gor zanyariy\u00ean medyaya ferm\u00ee ya Yek\u00eetiya Ni\u015ftiman\u00ee ya Kurdistan\u00ea (YNK), li nava mala Mam Celal s\u00eexorek hatiye desteserkirin ku kar ji bo hevserok\u00ea ber\u00ea y\u00ea YNK\u00ea kiriye.<\/span><\/h3>\n<h3 style=\"text-align: justify\"><span style=\"font-family: arial, helvetica, sans-serif\">J\u00eaderek\u00ee bilind ji YNK\u00ea ji medyaya ferm\u00ee ya partiya xwe re ragihand, li nava mala Mam Celal ya li devera Deba\u015fan\u00ea li Sil\u00eamaniy\u00ea s\u00eexurek hatiye desteserkirin \u00fb ew li w\u00ea yek\u00ea mikur hatiye ku kar ji hevserok\u00ea ber\u00ea y\u00ea YNK\u00ea re kiriye \u00fb ji bo armanc\u00ean taybet \u00fb l\u00eadana li berjewendiy\u00ean bilind \u00ean YNK\u00ea hatiye bikaran\u00een.<\/span><\/h3>\n<h3 style=\"text-align: justify\"><span style=\"font-family: arial, helvetica, sans-serif\">Heta niha li ser w\u00ea babet\u00ea ti zanyar\u00ee nehatine belavkirin, l\u00ea medyaya YNK\u00ea amaje bi w\u00ea dane ku d\u00ea zanyariy\u00ean z\u00eadetir belav bikin.<\/span><\/h3>\n","protected":false},"excerpt":{"rendered":"<p>Li gor zanyariy\u00ean medyaya ferm\u00ee ya Yek\u00eetiya Ni\u015ftiman\u00ee ya Kurdistan\u00ea (YNK), li nava mala Mam Celal s\u00eexorek hatiye desteserkirin ku kar ji bo hevserok\u00ea ber\u00ea y\u00ea YNK\u00ea kiriye. J\u00eaderek\u00ee bilind ji YNK\u00ea ji medyaya ferm\u00ee ya partiya xwe re ragihand, li nava mala Mam Celal ya li devera Deba\u015fan\u00ea li Sil\u00eamaniy\u00ea s\u00eexurek hatiye desteserkirin \u00fb [&hellip;]<\/p>\n","protected":false},"author":2,"featured_media":1023448,"comment_status":"closed","ping_status":"closed","sticky":false,"template":"","format":"standard","meta":{"footnotes":""},"categories":[29],"tags":[37],"class_list":["post-1023447","post","type-post","status-publish","format-standard","has-post-thumbnail","hentry","category-kurdistan","tag-sereke"],"blocksy_meta":[],"seo_head":"<!-- This site is optimized with the Yoast SEO plugin v27.5 - https:\/\/yoast.com\/product\/yoast-seo-wordpress\/ -->\n<title>S\u00eexurek\u00ee Lahur li nava mala Mam Celal hat girtin - Darka Maz\u00ee<\/title>\n<meta name=\"robots\" content=\"index, follow, max-snippet:-1, max-image-preview:large, max-video-preview:-1\" \/>\n<link rel=\"canonical\" href=\"https:\/\/darkamazi.info\/archives\/1023447\" \/>\n<meta property=\"og:locale\" content=\"en_US\" \/>\n<meta property=\"og:type\" content=\"article\" \/>\n<meta property=\"og:title\" content=\"S\u00eexurek\u00ee Lahur li nava mala Mam Celal hat girtin - Darka Maz\u00ee\" \/>\n<meta property=\"og:description\" content=\"Li gor zanyariy\u00ean medyaya ferm\u00ee ya Yek\u00eetiya Ni\u015ftiman\u00ee ya Kurdistan\u00ea (YNK), li nava mala Mam Celal s\u00eexorek hatiye desteserkirin ku kar ji bo hevserok\u00ea ber\u00ea y\u00ea YNK\u00ea kiriye. J\u00eaderek\u00ee bilind ji YNK\u00ea ji medyaya ferm\u00ee ya partiya xwe re ragihand, li nava mala Mam Celal ya li devera Deba\u015fan\u00ea li Sil\u00eamaniy\u00ea s\u00eexurek hatiye desteserkirin \u00fb [&hellip;]\" \/>\n<meta property=\"og:url\" content=\"https:\/\/darkamazi.info\/archives\/1023447\" \/>\n<meta property=\"og:site_name\" content=\"Darka Maz\u00ee\" \/>\n<meta property=\"article:publisher\" content=\"https:\/\/www.facebook.com\/DarMaziKurmanci\" \/>\n<meta property=\"article:published_time\" content=\"2021-07-15T11:30:14+00:00\" \/>\n<meta property=\"og:image\" content=\"https:\/\/darkamazi.info\/file\/2021\/07\/lahur-talaabni-jala-talabani-bafel-qubad-spy-funny-1.jpg\" \/>\n\t<meta property=\"og:image:width\" content=\"900\" \/>\n\t<meta property=\"og:image:height\" content=\"497\" \/>\n\t<meta property=\"og:image:type\" content=\"image\/jpeg\" \/>\n<meta name=\"author\" content=\"darka mazi\" \/>\n<meta name=\"twitter:card\" content=\"summary_large_image\" \/>\n<meta name=\"twitter:creator\" content=\"@DarkaMaziLatini\" \/>\n<meta name=\"twitter:site\" content=\"@DarkaMaziLatini\" \/>\n<meta name=\"twitter:label1\" content=\"Written by\" \/>\n\t<meta name=\"twitter:data1\" content=\"darka mazi\" \/>\n\t<meta name=\"twitter:label2\" content=\"Est. reading time\" \/>\n\t<meta name=\"twitter:data2\" content=\"1 minute\" \/>\n<script type=\"application\/ld+json\" class=\"seo-schema-graph\">{\"@context\":\"https:\\\/\\\/schema.org\",\"@graph\":[{\"@type\":\"Article\",\"@id\":\"https:\\\/\\\/darkamazi.info\\\/archives\\\/1023447#article\",\"isPartOf\":{\"@id\":\"https:\\\/\\\/darkamazi.info\\\/archives\\\/1023447\"},\"author\":{\"name\":\"darka mazi\",\"@id\":\"https:\\\/\\\/darkamazi.info\\\/#\\\/schema\\\/person\\\/5ad3e24553a0567993fa8ed4bd0a776c\"},\"headline\":\"S\u00eexurek\u00ee Lahur li nava mala Mam Celal hat girtin\",\"datePublished\":\"2021-07-15T11:30:14+00:00\",\"mainEntityOfPage\":{\"@id\":\"https:\\\/\\\/darkamazi.info\\\/archives\\\/1023447\"},\"wordCount\":128,\"publisher\":{\"@id\":\"https:\\\/\\\/darkamazi.info\\\/#organization\"},\"image\":{\"@id\":\"https:\\\/\\\/darkamazi.info\\\/archives\\\/1023447#primaryimage\"},\"thumbnailUrl\":\"https:\\\/\\\/darkamazi.info\\\/darka-content\\\/uploads\\\/2021\\\/07\\\/lahur-talaabni-jala-talabani-bafel-qubad-spy-funny-1.jpg\",\"keywords\":[\"sereke\"],\"articleSection\":[\"Kurdistan\"],\"inLanguage\":\"en-US\"},{\"@type\":\"WebPage\",\"@id\":\"https:\\\/\\\/darkamazi.info\\\/archives\\\/1023447\",\"url\":\"https:\\\/\\\/darkamazi.info\\\/archives\\\/1023447\",\"name\":\"S\u00eexurek\u00ee Lahur li nava mala Mam Celal hat girtin - Darka Maz\u00ee\",\"isPartOf\":{\"@id\":\"https:\\\/\\\/darkamazi.info\\\/#website\"},\"primaryImageOfPage\":{\"@id\":\"https:\\\/\\\/darkamazi.info\\\/archives\\\/1023447#primaryimage\"},\"image\":{\"@id\":\"https:\\\/\\\/darkamazi.info\\\/archives\\\/1023447#primaryimage\"},\"thumbnailUrl\":\"https:\\\/\\\/darkamazi.info\\\/darka-content\\\/uploads\\\/2021\\\/07\\\/lahur-talaabni-jala-talabani-bafel-qubad-spy-funny-1.jpg\",\"datePublished\":\"2021-07-15T11:30:14+00:00\",\"breadcrumb\":{\"@id\":\"https:\\\/\\\/darkamazi.info\\\/archives\\\/1023447#breadcrumb\"},\"inLanguage\":\"en-US\",\"potentialAction\":[{\"@type\":\"ReadAction\",\"target\":[\"https:\\\/\\\/darkamazi.info\\\/archives\\\/1023447\"]}]},{\"@type\":\"ImageObject\",\"inLanguage\":\"en-US\",\"@id\":\"https:\\\/\\\/darkamazi.info\\\/archives\\\/1023447#primaryimage\",\"url\":\"https:\\\/\\\/darkamazi.info\\\/darka-content\\\/uploads\\\/2021\\\/07\\\/lahur-talaabni-jala-talabani-bafel-qubad-spy-funny-1.jpg\",\"contentUrl\":\"https:\\\/\\\/darkamazi.info\\\/darka-content\\\/uploads\\\/2021\\\/07\\\/lahur-talaabni-jala-talabani-bafel-qubad-spy-funny-1.jpg\",\"width\":900,\"height\":497},{\"@type\":\"BreadcrumbList\",\"@id\":\"https:\\\/\\\/darkamazi.info\\\/archives\\\/1023447#breadcrumb\",\"itemListElement\":[{\"@type\":\"ListItem\",\"position\":1,\"name\":\"Home\",\"item\":\"https:\\\/\\\/darkamazi.info\\\/\"},{\"@type\":\"ListItem\",\"position\":2,\"name\":\"S\u00eexurek\u00ee Lahur li nava mala Mam Celal hat girtin\"}]},{\"@type\":\"WebSite\",\"@id\":\"https:\\\/\\\/darkamazi.info\\\/#website\",\"url\":\"https:\\\/\\\/darkamazi.info\\\/\",\"name\":\"Darka Maz\u00ee\",\"description\":\"P\u00eageha Zanyariy\u00ean Nebih\u00eest\u00ee\",\"publisher\":{\"@id\":\"https:\\\/\\\/darkamazi.info\\\/#organization\"},\"potentialAction\":[{\"@type\":\"SearchAction\",\"target\":{\"@type\":\"EntryPoint\",\"urlTemplate\":\"https:\\\/\\\/darkamazi.info\\\/?s={search_term_string}\"},\"query-input\":{\"@type\":\"PropertyValueSpecification\",\"valueRequired\":true,\"valueName\":\"search_term_string\"}}],\"inLanguage\":\"en-US\"},{\"@type\":\"Organization\",\"@id\":\"https:\\\/\\\/darkamazi.info\\\/#organization\",\"name\":\"Darka Maz\u00ee\",\"url\":\"https:\\\/\\\/darkamazi.info\\\/\",\"logo\":{\"@type\":\"ImageObject\",\"inLanguage\":\"en-US\",\"@id\":\"https:\\\/\\\/darkamazi.info\\\/#\\\/schema\\\/logo\\\/image\\\/\",\"url\":\"https:\\\/\\\/darkamazi.info\\\/darka-content\\\/uploads\\\/2017\\\/12\\\/darka-mazi-logo.png\",\"contentUrl\":\"https:\\\/\\\/darkamazi.info\\\/darka-content\\\/uploads\\\/2017\\\/12\\\/darka-mazi-logo.png\",\"width\":151,\"height\":75,\"caption\":\"Darka Maz\u00ee\"},\"image\":{\"@id\":\"https:\\\/\\\/darkamazi.info\\\/#\\\/schema\\\/logo\\\/image\\\/\"},\"sameAs\":[\"https:\\\/\\\/www.facebook.com\\\/DarMaziKurmanci\",\"https:\\\/\\\/x.com\\\/DarkaMaziLatini\",\"https:\\\/\\\/www.instagram.com\\\/darkamazi.kurmanci\\\/\",\"https:\\\/\\\/www.youtube.com\\\/channel\\\/UCa5HkTdmI8U1qCUFuTw8B2g\"]},{\"@type\":\"Person\",\"@id\":\"https:\\\/\\\/darkamazi.info\\\/#\\\/schema\\\/person\\\/5ad3e24553a0567993fa8ed4bd0a776c\",\"name\":\"darka mazi\",\"sameAs\":[\"https:\\\/\\\/darkamazi.info\\\/\"],\"url\":\"https:\\\/\\\/darkamazi.info\\\/archives\\\/author\\\/kurdi\"}]}<\/script>\n<!-- \/ Yoast SEO plugin. -->","seo_head_json":{"title":"S\u00eexurek\u00ee Lahur li nava mala Mam Celal hat girtin - Darka Maz\u00ee","robots":{"index":"index","follow":"follow","max-snippet":"max-snippet:-1","max-image-preview":"max-image-preview:large","max-video-preview":"max-video-preview:-1"},"canonical":"https:\/\/darkamazi.info\/archives\/1023447","og_locale":"en_US","og_type":"article","og_title":"S\u00eexurek\u00ee Lahur li nava mala Mam Celal hat girtin - Darka Maz\u00ee","og_description":"Li gor zanyariy\u00ean medyaya ferm\u00ee ya Yek\u00eetiya Ni\u015ftiman\u00ee ya Kurdistan\u00ea (YNK), li nava mala Mam Celal s\u00eexorek hatiye desteserkirin ku kar ji bo hevserok\u00ea ber\u00ea y\u00ea YNK\u00ea kiriye. J\u00eaderek\u00ee bilind ji YNK\u00ea ji medyaya ferm\u00ee ya partiya xwe re ragihand, li nava mala Mam Celal ya li devera Deba\u015fan\u00ea li Sil\u00eamaniy\u00ea s\u00eexurek hatiye desteserkirin \u00fb [&hellip;]","og_url":"https:\/\/darkamazi.info\/archives\/1023447","og_site_name":"Darka Maz\u00ee","article_publisher":"https:\/\/www.facebook.com\/DarMaziKurmanci","article_published_time":"2021-07-15T11:30:14+00:00","og_image":[{"width":900,"height":497,"url":"https:\/\/darkamazi.info\/file\/2021\/07\/lahur-talaabni-jala-talabani-bafel-qubad-spy-funny-1.jpg","type":"image\/jpeg"}],"author":"darka mazi","twitter_card":"summary_large_image","twitter_creator":"@DarkaMaziLatini","twitter_site":"@DarkaMaziLatini","twitter_misc":{"Written by":"darka mazi","Est. reading time":"1 minute"},"schema":{"@context":"https:\/\/schema.org","@graph":[{"@type":"Article","@id":"https:\/\/darkamazi.info\/archives\/1023447#article","isPartOf":{"@id":"https:\/\/darkamazi.info\/archives\/1023447"},"author":{"name":"darka mazi","@id":"https:\/\/darkamazi.info\/#\/schema\/person\/5ad3e24553a0567993fa8ed4bd0a776c"},"headline":"S\u00eexurek\u00ee Lahur li nava mala Mam Celal hat girtin","datePublished":"2021-07-15T11:30:14+00:00","mainEntityOfPage":{"@id":"https:\/\/darkamazi.info\/archives\/1023447"},"wordCount":128,"publisher":{"@id":"https:\/\/darkamazi.info\/#organization"},"image":{"@id":"https:\/\/darkamazi.info\/archives\/1023447#primaryimage"},"thumbnailUrl":"https:\/\/darkamazi.info\/file\/2021\/07\/lahur-talaabni-jala-talabani-bafel-qubad-spy-funny-1.jpg","keywords":["sereke"],"articleSection":["Kurdistan"],"inLanguage":"en-US"},{"@type":"WebPage","@id":"https:\/\/darkamazi.info\/archives\/1023447","url":"https:\/\/darkamazi.info\/archives\/1023447","name":"S\u00eexurek\u00ee Lahur li nava mala Mam Celal hat girtin - Darka Maz\u00ee","isPartOf":{"@id":"https:\/\/darkamazi.info\/#website"},"primaryImageOfPage":{"@id":"https:\/\/darkamazi.info\/archives\/1023447#primaryimage"},"image":{"@id":"https:\/\/darkamazi.info\/archives\/1023447#primaryimage"},"thumbnailUrl":"https:\/\/darkamazi.info\/file\/2021\/07\/lahur-talaabni-jala-talabani-bafel-qubad-spy-funny-1.jpg","datePublished":"2021-07-15T11:30:14+00:00","breadcrumb":{"@id":"https:\/\/darkamazi.info\/archives\/1023447#breadcrumb"},"inLanguage":"en-US","potentialAction":[{"@type":"ReadAction","target":["https:\/\/darkamazi.info\/archives\/1023447"]}]},{"@type":"ImageObject","inLanguage":"en-US","@id":"https:\/\/darkamazi.info\/archives\/1023447#primaryimage","url":"https:\/\/darkamazi.info\/file\/2021\/07\/lahur-talaabni-jala-talabani-bafel-qubad-spy-funny-1.jpg","contentUrl":"https:\/\/darkamazi.info\/file\/2021\/07\/lahur-talaabni-jala-talabani-bafel-qubad-spy-funny-1.jpg","width":900,"height":497},{"@type":"BreadcrumbList","@id":"https:\/\/darkamazi.info\/archives\/1023447#breadcrumb","itemListElement":[{"@type":"ListItem","position":1,"name":"Home","item":"https:\/\/darkamazi.info\/"},{"@type":"ListItem","position":2,"name":"S\u00eexurek\u00ee Lahur li nava mala Mam Celal hat girtin"}]},{"@type":"WebSite","@id":"https:\/\/darkamazi.info\/#website","url":"https:\/\/darkamazi.info\/","name":"Darka Maz\u00ee","description":"P\u00eageha Zanyariy\u00ean Nebih\u00eest\u00ee","publisher":{"@id":"https:\/\/darkamazi.info\/#organization"},"potentialAction":[{"@type":"SearchAction","target":{"@type":"EntryPoint","urlTemplate":"https:\/\/darkamazi.info\/?s={search_term_string}"},"query-input":{"@type":"PropertyValueSpecification","valueRequired":true,"valueName":"search_term_string"}}],"inLanguage":"en-US"},{"@type":"Organization","@id":"https:\/\/darkamazi.info\/#organization","name":"Darka Maz\u00ee","url":"https:\/\/darkamazi.info\/","logo":{"@type":"ImageObject","inLanguage":"en-US","@id":"https:\/\/darkamazi.info\/#\/schema\/logo\/image\/","url":"https:\/\/darkamazi.info\/file\/2017\/12\/darka-mazi-logo.png","contentUrl":"https:\/\/darkamazi.info\/file\/2017\/12\/darka-mazi-logo.png","width":151,"height":75,"caption":"Darka Maz\u00ee"},"image":{"@id":"https:\/\/darkamazi.info\/#\/schema\/logo\/image\/"},"sameAs":["https:\/\/www.facebook.com\/DarMaziKurmanci","https:\/\/x.com\/DarkaMaziLatini","https:\/\/www.instagram.com\/darkamazi.kurmanci\/","https:\/\/www.youtube.com\/channel\/UCa5HkTdmI8U1qCUFuTw8B2g"]},{"@type":"Person","@id":"https:\/\/darkamazi.info\/#\/schema\/person\/5ad3e24553a0567993fa8ed4bd0a776c","name":"darka mazi","sameAs":["https:\/\/darkamazi.info\/"],"url":"https:\/\/darkamazi.info\/archives\/author\/kurdi"}]}},"_links":{"self":[{"href":"https:\/\/darkamazi.info\/funavuv\/wp\/v2\/posts\/1023447","targetHints":{"allow":["GET"]}}],"collection":[{"href":"https:\/\/darkamazi.info\/funavuv\/wp\/v2\/posts"}],"about":[{"href":"https:\/\/darkamazi.info\/funavuv\/wp\/v2\/types\/post"}],"author":[{"embeddable":true,"href":"https:\/\/darkamazi.info\/funavuv\/wp\/v2\/users\/2"}],"replies":[{"embeddable":true,"href":"https:\/\/darkamazi.info\/funavuv\/wp\/v2\/comments?post=1023447"}],"version-history":[{"count":0,"href":"https:\/\/darkamazi.info\/funavuv\/wp\/v2\/posts\/1023447\/revisions"}],"wp:featuredmedia":[{"embeddable":true,"href":"https:\/\/darkamazi.info\/funavuv\/wp\/v2\/media\/1023448"}],"wp:attachment":[{"href":"https:\/\/darkamazi.info\/funavuv\/wp\/v2\/media?parent=1023447"}],"wp:term":[{"taxonomy":"category","embeddable":true,"href":"https:\/\/darkamazi.info\/funavuv\/wp\/v2\/categories?post=1023447"},{"taxonomy":"post_tag","embeddable":true,"href":"https:\/\/darkamazi.info\/funavuv\/wp\/v2\/tags?post=1023447"}],"curies":[{"name":"wp","href":"https:\/\/api.w.org\/{rel}","templated":true}]}}