{"id":1023495,"date":"2021-07-17T19:34:17","date_gmt":"2021-07-17T16:34:17","guid":{"rendered":"https:\/\/darkamazi.info\/?p=1023495"},"modified":"2021-07-17T19:34:17","modified_gmt":"2021-07-17T16:34:17","slug":"ardogan-bila-pkke-li-benda-pevajoya-asitiye-nebe","status":"publish","type":"post","link":"https:\/\/darkamazi.info\/archives\/1023495","title":{"rendered":"Ardogan: Bila PKKe li benda P\u00eavajoya A\u015fitiy\u00ea nebe"},"content":{"rendered":"<h3 style=\"text-align: justify\"><span style=\"font-family: 'arial black', sans-serif\">Serokkomar\u00ea Tirkiy\u00ea \u00eero li derbara P\u00eavajoya \u00c7areseriy\u00ea a di n\u00eavbera Tirkiy\u00ea \u00fb PKK\u00ea de daxuyany\u00ean her\u00ee dijwar dan \u00fb got: Bila PKKe li benda \u00e7i bersivan ji gel\u00ea me nebe.<\/span><\/h3>\n<h3 style=\"text-align: justify\"><span style=\"font-family: arial, helvetica, sans-serif\">Serokkomar\u00ea Tirkiy\u00ea Receb Tay\u00eep Ardogan \u00eero roja \u015femiy\u00ea 17\/7\/2021 an li Erzeroma Bakur\u00ea Kurdistan di meras\u00eema vekirina hinek kargehan de axiv\u00ee \u00fb li derbara p\u00eavajoya \u00e7areseriy\u00ea got: \u201cDi dawiya p\u00eavajoy\u00ea da, me d\u00eet ku armanca r\u00eaxistin\u00ean teror\u00ea \u00fb aliy\u00ean siyas\u00ee \u00ean gir\u00eaday\u00ea wan ne l\u00eager\u00eena mafane, l\u00ea p\u00eakan\u00eena ajandaya wan ya tar\u00eeye\u201d.<\/span><\/h3>\n<h3 style=\"text-align: justify\"><span style=\"font-family: arial, helvetica, sans-serif\">Ardogan her wiha got: \u201cWek \u00e7awa teneka vala ten\u00ea deng derit\u00eaxe, bi siyaseta derew, b\u00eabext\u00ee, PKKe \u00e7i r\u00eakkeftineka bike bila bike, l\u00ea bila ew \u00e7aver\u00eaya tu bersivan ji gel\u00ea me neke.<\/span><\/h3>\n<h3 style=\"text-align: justify\"><span style=\"font-family: arial, helvetica, sans-serif\">Ardogan li hefteya b\u00fbr\u00ee j\u00ee li Amed\u00ea bas li P\u00eavajoya \u00c7areseriy\u00ea kir \u00fb got: P\u00eavajo me dest p\u00ea kir, l\u00ea ne me xelas kir, kes\u00ean ku dixwazin xw\u00een\u00ea birj\u00eenin wan p\u00eavajo t\u00eak bir, \u00eero j\u00ee HDPe pi\u015fitgriy\u00ea dide biloka \u00e7ep, ji xwe wan \u00fb biloka \u00e7ep xizman\u00eeya aydoloj\u00eek heye.<\/span><\/h3>\n","protected":false},"excerpt":{"rendered":"<p>Serokkomar\u00ea Tirkiy\u00ea \u00eero li derbara P\u00eavajoya \u00c7areseriy\u00ea a di n\u00eavbera Tirkiy\u00ea \u00fb PKK\u00ea de daxuyany\u00ean her\u00ee dijwar dan \u00fb got: Bila PKKe li benda \u00e7i bersivan ji gel\u00ea me nebe. Serokkomar\u00ea Tirkiy\u00ea Receb Tay\u00eep Ardogan \u00eero roja \u015femiy\u00ea 17\/7\/2021 an li Erzeroma Bakur\u00ea Kurdistan di meras\u00eema vekirina hinek kargehan de axiv\u00ee \u00fb li derbara p\u00eavajoya [&hellip;]<\/p>\n","protected":false},"author":2,"featured_media":1023497,"comment_status":"closed","ping_status":"closed","sticky":false,"template":"","format":"standard","meta":{"footnotes":""},"categories":[29],"tags":[37],"class_list":["post-1023495","post","type-post","status-publish","format-standard","has-post-thumbnail","hentry","category-kurdistan","tag-sereke"],"blocksy_meta":[],"seo_head":"<!-- This site is optimized with the Yoast SEO plugin v27.5 - https:\/\/yoast.com\/product\/yoast-seo-wordpress\/ -->\n<title>Ardogan: Bila PKKe li benda P\u00eavajoya A\u015fitiy\u00ea nebe - Darka Maz\u00ee<\/title>\n<meta name=\"robots\" content=\"index, follow, max-snippet:-1, max-image-preview:large, max-video-preview:-1\" \/>\n<link rel=\"canonical\" href=\"https:\/\/darkamazi.info\/archives\/1023495\" \/>\n<meta property=\"og:locale\" content=\"en_US\" \/>\n<meta property=\"og:type\" content=\"article\" \/>\n<meta property=\"og:title\" content=\"Ardogan: Bila PKKe li benda P\u00eavajoya A\u015fitiy\u00ea nebe - Darka Maz\u00ee\" \/>\n<meta property=\"og:description\" content=\"Serokkomar\u00ea Tirkiy\u00ea \u00eero li derbara P\u00eavajoya \u00c7areseriy\u00ea a di n\u00eavbera Tirkiy\u00ea \u00fb PKK\u00ea de daxuyany\u00ean her\u00ee dijwar dan \u00fb got: Bila PKKe li benda \u00e7i bersivan ji gel\u00ea me nebe. Serokkomar\u00ea Tirkiy\u00ea Receb Tay\u00eep Ardogan \u00eero roja \u015femiy\u00ea 17\/7\/2021 an li Erzeroma Bakur\u00ea Kurdistan di meras\u00eema vekirina hinek kargehan de axiv\u00ee \u00fb li derbara p\u00eavajoya [&hellip;]\" \/>\n<meta property=\"og:url\" content=\"https:\/\/darkamazi.info\/archives\/1023495\" \/>\n<meta property=\"og:site_name\" content=\"Darka Maz\u00ee\" \/>\n<meta property=\"article:publisher\" content=\"https:\/\/www.facebook.com\/DarMaziKurmanci\" \/>\n<meta property=\"article:published_time\" content=\"2021-07-17T16:34:17+00:00\" \/>\n<meta property=\"og:image\" content=\"https:\/\/darkamazi.info\/file\/2021\/07\/ardogan-pkk-erzerom-2.jpg\" \/>\n\t<meta property=\"og:image:width\" content=\"900\" \/>\n\t<meta property=\"og:image:height\" content=\"497\" \/>\n\t<meta property=\"og:image:type\" content=\"image\/jpeg\" \/>\n<meta name=\"author\" content=\"darka mazi\" \/>\n<meta name=\"twitter:card\" content=\"summary_large_image\" \/>\n<meta name=\"twitter:creator\" content=\"@DarkaMaziLatini\" \/>\n<meta name=\"twitter:site\" content=\"@DarkaMaziLatini\" \/>\n<meta name=\"twitter:label1\" content=\"Written by\" \/>\n\t<meta name=\"twitter:data1\" content=\"darka mazi\" \/>\n\t<meta name=\"twitter:label2\" content=\"Est. reading time\" \/>\n\t<meta name=\"twitter:data2\" content=\"1 minute\" \/>\n<script type=\"application\/ld+json\" class=\"seo-schema-graph\">{\"@context\":\"https:\\\/\\\/schema.org\",\"@graph\":[{\"@type\":\"Article\",\"@id\":\"https:\\\/\\\/darkamazi.info\\\/archives\\\/1023495#article\",\"isPartOf\":{\"@id\":\"https:\\\/\\\/darkamazi.info\\\/archives\\\/1023495\"},\"author\":{\"name\":\"darka mazi\",\"@id\":\"https:\\\/\\\/darkamazi.info\\\/#\\\/schema\\\/person\\\/5ad3e24553a0567993fa8ed4bd0a776c\"},\"headline\":\"Ardogan: Bila PKKe li benda P\u00eavajoya A\u015fitiy\u00ea nebe\",\"datePublished\":\"2021-07-17T16:34:17+00:00\",\"mainEntityOfPage\":{\"@id\":\"https:\\\/\\\/darkamazi.info\\\/archives\\\/1023495\"},\"wordCount\":197,\"publisher\":{\"@id\":\"https:\\\/\\\/darkamazi.info\\\/#organization\"},\"image\":{\"@id\":\"https:\\\/\\\/darkamazi.info\\\/archives\\\/1023495#primaryimage\"},\"thumbnailUrl\":\"https:\\\/\\\/darkamazi.info\\\/darka-content\\\/uploads\\\/2021\\\/07\\\/ardogan-pkk-erzerom-2.jpg\",\"keywords\":[\"sereke\"],\"articleSection\":[\"Kurdistan\"],\"inLanguage\":\"en-US\"},{\"@type\":\"WebPage\",\"@id\":\"https:\\\/\\\/darkamazi.info\\\/archives\\\/1023495\",\"url\":\"https:\\\/\\\/darkamazi.info\\\/archives\\\/1023495\",\"name\":\"Ardogan: Bila PKKe li benda P\u00eavajoya A\u015fitiy\u00ea nebe - Darka Maz\u00ee\",\"isPartOf\":{\"@id\":\"https:\\\/\\\/darkamazi.info\\\/#website\"},\"primaryImageOfPage\":{\"@id\":\"https:\\\/\\\/darkamazi.info\\\/archives\\\/1023495#primaryimage\"},\"image\":{\"@id\":\"https:\\\/\\\/darkamazi.info\\\/archives\\\/1023495#primaryimage\"},\"thumbnailUrl\":\"https:\\\/\\\/darkamazi.info\\\/darka-content\\\/uploads\\\/2021\\\/07\\\/ardogan-pkk-erzerom-2.jpg\",\"datePublished\":\"2021-07-17T16:34:17+00:00\",\"breadcrumb\":{\"@id\":\"https:\\\/\\\/darkamazi.info\\\/archives\\\/1023495#breadcrumb\"},\"inLanguage\":\"en-US\",\"potentialAction\":[{\"@type\":\"ReadAction\",\"target\":[\"https:\\\/\\\/darkamazi.info\\\/archives\\\/1023495\"]}]},{\"@type\":\"ImageObject\",\"inLanguage\":\"en-US\",\"@id\":\"https:\\\/\\\/darkamazi.info\\\/archives\\\/1023495#primaryimage\",\"url\":\"https:\\\/\\\/darkamazi.info\\\/darka-content\\\/uploads\\\/2021\\\/07\\\/ardogan-pkk-erzerom-2.jpg\",\"contentUrl\":\"https:\\\/\\\/darkamazi.info\\\/darka-content\\\/uploads\\\/2021\\\/07\\\/ardogan-pkk-erzerom-2.jpg\",\"width\":900,\"height\":497,\"caption\":\"Ardogan: Bila PKKe li benda P\u00eavajoya A\u015fitiy\u00ea nebe\"},{\"@type\":\"BreadcrumbList\",\"@id\":\"https:\\\/\\\/darkamazi.info\\\/archives\\\/1023495#breadcrumb\",\"itemListElement\":[{\"@type\":\"ListItem\",\"position\":1,\"name\":\"Home\",\"item\":\"https:\\\/\\\/darkamazi.info\\\/\"},{\"@type\":\"ListItem\",\"position\":2,\"name\":\"Ardogan: Bila PKKe li benda P\u00eavajoya A\u015fitiy\u00ea nebe\"}]},{\"@type\":\"WebSite\",\"@id\":\"https:\\\/\\\/darkamazi.info\\\/#website\",\"url\":\"https:\\\/\\\/darkamazi.info\\\/\",\"name\":\"Darka Maz\u00ee\",\"description\":\"P\u00eageha Zanyariy\u00ean Nebih\u00eest\u00ee\",\"publisher\":{\"@id\":\"https:\\\/\\\/darkamazi.info\\\/#organization\"},\"potentialAction\":[{\"@type\":\"SearchAction\",\"target\":{\"@type\":\"EntryPoint\",\"urlTemplate\":\"https:\\\/\\\/darkamazi.info\\\/?s={search_term_string}\"},\"query-input\":{\"@type\":\"PropertyValueSpecification\",\"valueRequired\":true,\"valueName\":\"search_term_string\"}}],\"inLanguage\":\"en-US\"},{\"@type\":\"Organization\",\"@id\":\"https:\\\/\\\/darkamazi.info\\\/#organization\",\"name\":\"Darka Maz\u00ee\",\"url\":\"https:\\\/\\\/darkamazi.info\\\/\",\"logo\":{\"@type\":\"ImageObject\",\"inLanguage\":\"en-US\",\"@id\":\"https:\\\/\\\/darkamazi.info\\\/#\\\/schema\\\/logo\\\/image\\\/\",\"url\":\"https:\\\/\\\/darkamazi.info\\\/darka-content\\\/uploads\\\/2017\\\/12\\\/darka-mazi-logo.png\",\"contentUrl\":\"https:\\\/\\\/darkamazi.info\\\/darka-content\\\/uploads\\\/2017\\\/12\\\/darka-mazi-logo.png\",\"width\":151,\"height\":75,\"caption\":\"Darka Maz\u00ee\"},\"image\":{\"@id\":\"https:\\\/\\\/darkamazi.info\\\/#\\\/schema\\\/logo\\\/image\\\/\"},\"sameAs\":[\"https:\\\/\\\/www.facebook.com\\\/DarMaziKurmanci\",\"https:\\\/\\\/x.com\\\/DarkaMaziLatini\",\"https:\\\/\\\/www.instagram.com\\\/darkamazi.kurmanci\\\/\",\"https:\\\/\\\/www.youtube.com\\\/channel\\\/UCa5HkTdmI8U1qCUFuTw8B2g\"]},{\"@type\":\"Person\",\"@id\":\"https:\\\/\\\/darkamazi.info\\\/#\\\/schema\\\/person\\\/5ad3e24553a0567993fa8ed4bd0a776c\",\"name\":\"darka mazi\",\"sameAs\":[\"https:\\\/\\\/darkamazi.info\\\/\"],\"url\":\"https:\\\/\\\/darkamazi.info\\\/archives\\\/author\\\/kurdi\"}]}<\/script>\n<!-- \/ Yoast SEO plugin. -->","seo_head_json":{"title":"Ardogan: Bila PKKe li benda P\u00eavajoya A\u015fitiy\u00ea nebe - Darka Maz\u00ee","robots":{"index":"index","follow":"follow","max-snippet":"max-snippet:-1","max-image-preview":"max-image-preview:large","max-video-preview":"max-video-preview:-1"},"canonical":"https:\/\/darkamazi.info\/archives\/1023495","og_locale":"en_US","og_type":"article","og_title":"Ardogan: Bila PKKe li benda P\u00eavajoya A\u015fitiy\u00ea nebe - Darka Maz\u00ee","og_description":"Serokkomar\u00ea Tirkiy\u00ea \u00eero li derbara P\u00eavajoya \u00c7areseriy\u00ea a di n\u00eavbera Tirkiy\u00ea \u00fb PKK\u00ea de daxuyany\u00ean her\u00ee dijwar dan \u00fb got: Bila PKKe li benda \u00e7i bersivan ji gel\u00ea me nebe. Serokkomar\u00ea Tirkiy\u00ea Receb Tay\u00eep Ardogan \u00eero roja \u015femiy\u00ea 17\/7\/2021 an li Erzeroma Bakur\u00ea Kurdistan di meras\u00eema vekirina hinek kargehan de axiv\u00ee \u00fb li derbara p\u00eavajoya [&hellip;]","og_url":"https:\/\/darkamazi.info\/archives\/1023495","og_site_name":"Darka Maz\u00ee","article_publisher":"https:\/\/www.facebook.com\/DarMaziKurmanci","article_published_time":"2021-07-17T16:34:17+00:00","og_image":[{"width":900,"height":497,"url":"https:\/\/darkamazi.info\/file\/2021\/07\/ardogan-pkk-erzerom-2.jpg","type":"image\/jpeg"}],"author":"darka mazi","twitter_card":"summary_large_image","twitter_creator":"@DarkaMaziLatini","twitter_site":"@DarkaMaziLatini","twitter_misc":{"Written by":"darka mazi","Est. reading time":"1 minute"},"schema":{"@context":"https:\/\/schema.org","@graph":[{"@type":"Article","@id":"https:\/\/darkamazi.info\/archives\/1023495#article","isPartOf":{"@id":"https:\/\/darkamazi.info\/archives\/1023495"},"author":{"name":"darka mazi","@id":"https:\/\/darkamazi.info\/#\/schema\/person\/5ad3e24553a0567993fa8ed4bd0a776c"},"headline":"Ardogan: Bila PKKe li benda P\u00eavajoya A\u015fitiy\u00ea nebe","datePublished":"2021-07-17T16:34:17+00:00","mainEntityOfPage":{"@id":"https:\/\/darkamazi.info\/archives\/1023495"},"wordCount":197,"publisher":{"@id":"https:\/\/darkamazi.info\/#organization"},"image":{"@id":"https:\/\/darkamazi.info\/archives\/1023495#primaryimage"},"thumbnailUrl":"https:\/\/darkamazi.info\/file\/2021\/07\/ardogan-pkk-erzerom-2.jpg","keywords":["sereke"],"articleSection":["Kurdistan"],"inLanguage":"en-US"},{"@type":"WebPage","@id":"https:\/\/darkamazi.info\/archives\/1023495","url":"https:\/\/darkamazi.info\/archives\/1023495","name":"Ardogan: Bila PKKe li benda P\u00eavajoya A\u015fitiy\u00ea nebe - Darka Maz\u00ee","isPartOf":{"@id":"https:\/\/darkamazi.info\/#website"},"primaryImageOfPage":{"@id":"https:\/\/darkamazi.info\/archives\/1023495#primaryimage"},"image":{"@id":"https:\/\/darkamazi.info\/archives\/1023495#primaryimage"},"thumbnailUrl":"https:\/\/darkamazi.info\/file\/2021\/07\/ardogan-pkk-erzerom-2.jpg","datePublished":"2021-07-17T16:34:17+00:00","breadcrumb":{"@id":"https:\/\/darkamazi.info\/archives\/1023495#breadcrumb"},"inLanguage":"en-US","potentialAction":[{"@type":"ReadAction","target":["https:\/\/darkamazi.info\/archives\/1023495"]}]},{"@type":"ImageObject","inLanguage":"en-US","@id":"https:\/\/darkamazi.info\/archives\/1023495#primaryimage","url":"https:\/\/darkamazi.info\/file\/2021\/07\/ardogan-pkk-erzerom-2.jpg","contentUrl":"https:\/\/darkamazi.info\/file\/2021\/07\/ardogan-pkk-erzerom-2.jpg","width":900,"height":497,"caption":"Ardogan: Bila PKKe li benda P\u00eavajoya A\u015fitiy\u00ea nebe"},{"@type":"BreadcrumbList","@id":"https:\/\/darkamazi.info\/archives\/1023495#breadcrumb","itemListElement":[{"@type":"ListItem","position":1,"name":"Home","item":"https:\/\/darkamazi.info\/"},{"@type":"ListItem","position":2,"name":"Ardogan: Bila PKKe li benda P\u00eavajoya A\u015fitiy\u00ea nebe"}]},{"@type":"WebSite","@id":"https:\/\/darkamazi.info\/#website","url":"https:\/\/darkamazi.info\/","name":"Darka Maz\u00ee","description":"P\u00eageha Zanyariy\u00ean Nebih\u00eest\u00ee","publisher":{"@id":"https:\/\/darkamazi.info\/#organization"},"potentialAction":[{"@type":"SearchAction","target":{"@type":"EntryPoint","urlTemplate":"https:\/\/darkamazi.info\/?s={search_term_string}"},"query-input":{"@type":"PropertyValueSpecification","valueRequired":true,"valueName":"search_term_string"}}],"inLanguage":"en-US"},{"@type":"Organization","@id":"https:\/\/darkamazi.info\/#organization","name":"Darka Maz\u00ee","url":"https:\/\/darkamazi.info\/","logo":{"@type":"ImageObject","inLanguage":"en-US","@id":"https:\/\/darkamazi.info\/#\/schema\/logo\/image\/","url":"https:\/\/darkamazi.info\/file\/2017\/12\/darka-mazi-logo.png","contentUrl":"https:\/\/darkamazi.info\/file\/2017\/12\/darka-mazi-logo.png","width":151,"height":75,"caption":"Darka Maz\u00ee"},"image":{"@id":"https:\/\/darkamazi.info\/#\/schema\/logo\/image\/"},"sameAs":["https:\/\/www.facebook.com\/DarMaziKurmanci","https:\/\/x.com\/DarkaMaziLatini","https:\/\/www.instagram.com\/darkamazi.kurmanci\/","https:\/\/www.youtube.com\/channel\/UCa5HkTdmI8U1qCUFuTw8B2g"]},{"@type":"Person","@id":"https:\/\/darkamazi.info\/#\/schema\/person\/5ad3e24553a0567993fa8ed4bd0a776c","name":"darka mazi","sameAs":["https:\/\/darkamazi.info\/"],"url":"https:\/\/darkamazi.info\/archives\/author\/kurdi"}]}},"_links":{"self":[{"href":"https:\/\/darkamazi.info\/funavuv\/wp\/v2\/posts\/1023495","targetHints":{"allow":["GET"]}}],"collection":[{"href":"https:\/\/darkamazi.info\/funavuv\/wp\/v2\/posts"}],"about":[{"href":"https:\/\/darkamazi.info\/funavuv\/wp\/v2\/types\/post"}],"author":[{"embeddable":true,"href":"https:\/\/darkamazi.info\/funavuv\/wp\/v2\/users\/2"}],"replies":[{"embeddable":true,"href":"https:\/\/darkamazi.info\/funavuv\/wp\/v2\/comments?post=1023495"}],"version-history":[{"count":0,"href":"https:\/\/darkamazi.info\/funavuv\/wp\/v2\/posts\/1023495\/revisions"}],"wp:featuredmedia":[{"embeddable":true,"href":"https:\/\/darkamazi.info\/funavuv\/wp\/v2\/media\/1023497"}],"wp:attachment":[{"href":"https:\/\/darkamazi.info\/funavuv\/wp\/v2\/media?parent=1023495"}],"wp:term":[{"taxonomy":"category","embeddable":true,"href":"https:\/\/darkamazi.info\/funavuv\/wp\/v2\/categories?post=1023495"},{"taxonomy":"post_tag","embeddable":true,"href":"https:\/\/darkamazi.info\/funavuv\/wp\/v2\/tags?post=1023495"}],"curies":[{"name":"wp","href":"https:\/\/api.w.org\/{rel}","templated":true}]}}