{"id":1023571,"date":"2021-07-22T15:10:26","date_gmt":"2021-07-22T12:10:26","guid":{"rendered":"https:\/\/darkamazi.info\/?p=1023571"},"modified":"2021-07-22T15:10:26","modified_gmt":"2021-07-22T12:10:26","slug":"balefiran-cekdaren-pkke-li-gunde-bebade-bombebaran-kirin","status":"publish","type":"post","link":"https:\/\/darkamazi.info\/archives\/1023571","title":{"rendered":"Balefiran \u00e7ekdar\u00ean PKK\u00ea li gund\u00ea B\u00eabad\u00ea bombebaran kirin"},"content":{"rendered":"<h3 style=\"text-align: justify\"><span style=\"font-family: 'arial black', sans-serif\">\u00c7ekdar\u00ean r\u00eaxistina PKK\u00ea, \u00eero li n\u00eaz\u00ee gund\u00ea B\u00eabad\u00ea y\u00ea gir\u00eaday par\u00eazgeh\u00eeya Dihok\u00ea li Ba\u015f\u00fbr\u00ea Kurdistan\u00ea ketin ber \u00ear\u00ee\u015fa balefiran \u00fb d\u00fb roket bi nuqtey\u00ean wan ketine.<\/span><\/h3>\n<h3 style=\"text-align: justify\"><span style=\"font-family: arial, helvetica, sans-serif\">\u00c7avkaniy\u00ean p\u00eageha Darka Maz\u00ee li Ba\u015f\u00fbr\u00ea Kurdistan\u00ea e\u015fkere kirin, \u00eero roja p\u00eanc\u015fem\u00ee 22\/7\/2021an, balefir\u00ean ceng\u00ea \u00ean dewleta Tirkiy\u00ea liv \u00fb tevger\u00ean \u00e7ekdar\u00ean PKK\u00ea li \u00e7iyay\u00ea Kil\u00eelo \u00ea hindava aqar\u00ea gund\u00ea B\u00eabad\u00ea bombebaran kirin.<\/span><\/h3>\n<h3 style=\"text-align: justify\"><span style=\"font-family: arial, helvetica, sans-serif\">\u00car\u00ee\u015f li sat 9:50 Sib\u00ea p\u00eakhat\u00eeye \u00fb balefiran d\u00fb roket li nuqtey\u00ean PKK\u00ea xistine.<\/span><\/h3>\n<h3 style=\"text-align: justify\"><span style=\"font-family: arial, helvetica, sans-serif\">R\u00eaxistina PKK\u00ea ji bo ku \u00e7ekdar\u00ean xwe ji \u00ear\u00ee\u015f\u00ean balefiran bipar\u00eaze, liv \u00fb tevger\u00ean wan xistine nava gund \u00fb n\u00eaz\u00ee bajarokan, ev y\u00eak dibe sedem ku rojane ev gund bikevin ber \u00ear\u00ee\u015f\u00ean as\u00eeman\u00ee \u00fb zirar digh\u00eeje \u015f\u00ean\u00eeyan.<\/span><\/h3>\n","protected":false},"excerpt":{"rendered":"<p>\u00c7ekdar\u00ean r\u00eaxistina PKK\u00ea, \u00eero li n\u00eaz\u00ee gund\u00ea B\u00eabad\u00ea y\u00ea gir\u00eaday par\u00eazgeh\u00eeya Dihok\u00ea li Ba\u015f\u00fbr\u00ea Kurdistan\u00ea ketin ber \u00ear\u00ee\u015fa balefiran \u00fb d\u00fb roket bi nuqtey\u00ean wan ketine. \u00c7avkaniy\u00ean p\u00eageha Darka Maz\u00ee li Ba\u015f\u00fbr\u00ea Kurdistan\u00ea e\u015fkere kirin, \u00eero roja p\u00eanc\u015fem\u00ee 22\/7\/2021an, balefir\u00ean ceng\u00ea \u00ean dewleta Tirkiy\u00ea liv \u00fb tevger\u00ean \u00e7ekdar\u00ean PKK\u00ea li \u00e7iyay\u00ea Kil\u00eelo \u00ea hindava aqar\u00ea [&hellip;]<\/p>\n","protected":false},"author":2,"featured_media":1023572,"comment_status":"closed","ping_status":"closed","sticky":false,"template":"","format":"standard","meta":{"footnotes":""},"categories":[29],"tags":[37],"class_list":["post-1023571","post","type-post","status-publish","format-standard","has-post-thumbnail","hentry","category-kurdistan","tag-sereke"],"blocksy_meta":[],"seo_head":"<!-- This site is optimized with the Yoast SEO plugin v27.5 - https:\/\/yoast.com\/product\/yoast-seo-wordpress\/ -->\n<title>Balefiran \u00e7ekdar\u00ean PKK\u00ea li gund\u00ea B\u00eabad\u00ea bombebaran kirin - Darka Maz\u00ee<\/title>\n<meta name=\"robots\" content=\"index, follow, max-snippet:-1, max-image-preview:large, max-video-preview:-1\" \/>\n<link rel=\"canonical\" href=\"https:\/\/darkamazi.info\/archives\/1023571\" \/>\n<meta property=\"og:locale\" content=\"en_US\" \/>\n<meta property=\"og:type\" content=\"article\" \/>\n<meta property=\"og:title\" content=\"Balefiran \u00e7ekdar\u00ean PKK\u00ea li gund\u00ea B\u00eabad\u00ea bombebaran kirin - Darka Maz\u00ee\" \/>\n<meta property=\"og:description\" content=\"\u00c7ekdar\u00ean r\u00eaxistina PKK\u00ea, \u00eero li n\u00eaz\u00ee gund\u00ea B\u00eabad\u00ea y\u00ea gir\u00eaday par\u00eazgeh\u00eeya Dihok\u00ea li Ba\u015f\u00fbr\u00ea Kurdistan\u00ea ketin ber \u00ear\u00ee\u015fa balefiran \u00fb d\u00fb roket bi nuqtey\u00ean wan ketine. \u00c7avkaniy\u00ean p\u00eageha Darka Maz\u00ee li Ba\u015f\u00fbr\u00ea Kurdistan\u00ea e\u015fkere kirin, \u00eero roja p\u00eanc\u015fem\u00ee 22\/7\/2021an, balefir\u00ean ceng\u00ea \u00ean dewleta Tirkiy\u00ea liv \u00fb tevger\u00ean \u00e7ekdar\u00ean PKK\u00ea li \u00e7iyay\u00ea Kil\u00eelo \u00ea hindava aqar\u00ea [&hellip;]\" \/>\n<meta property=\"og:url\" content=\"https:\/\/darkamazi.info\/archives\/1023571\" \/>\n<meta property=\"og:site_name\" content=\"Darka Maz\u00ee\" \/>\n<meta property=\"article:publisher\" content=\"https:\/\/www.facebook.com\/DarMaziKurmanci\" \/>\n<meta property=\"article:published_time\" content=\"2021-07-22T12:10:26+00:00\" \/>\n<meta property=\"og:image\" content=\"https:\/\/darkamazi.info\/file\/2021\/07\/pkk-duhok-kurdistan-\u06af\u0648\u0646\u062f\u06ce-\u0628\u06ce\u0628\u0627\u062f\u06ce-1.jpg\" \/>\n\t<meta property=\"og:image:width\" content=\"900\" \/>\n\t<meta property=\"og:image:height\" content=\"497\" \/>\n\t<meta property=\"og:image:type\" content=\"image\/jpeg\" \/>\n<meta name=\"author\" content=\"darka mazi\" \/>\n<meta name=\"twitter:card\" content=\"summary_large_image\" \/>\n<meta name=\"twitter:creator\" content=\"@DarkaMaziLatini\" \/>\n<meta name=\"twitter:site\" content=\"@DarkaMaziLatini\" \/>\n<meta name=\"twitter:label1\" content=\"Written by\" \/>\n\t<meta name=\"twitter:data1\" content=\"darka mazi\" \/>\n\t<meta name=\"twitter:label2\" content=\"Est. reading time\" \/>\n\t<meta name=\"twitter:data2\" content=\"1 minute\" \/>\n<script type=\"application\/ld+json\" class=\"seo-schema-graph\">{\"@context\":\"https:\\\/\\\/schema.org\",\"@graph\":[{\"@type\":\"Article\",\"@id\":\"https:\\\/\\\/darkamazi.info\\\/archives\\\/1023571#article\",\"isPartOf\":{\"@id\":\"https:\\\/\\\/darkamazi.info\\\/archives\\\/1023571\"},\"author\":{\"name\":\"darka mazi\",\"@id\":\"https:\\\/\\\/darkamazi.info\\\/#\\\/schema\\\/person\\\/5ad3e24553a0567993fa8ed4bd0a776c\"},\"headline\":\"Balefiran \u00e7ekdar\u00ean PKK\u00ea li gund\u00ea B\u00eabad\u00ea bombebaran kirin\",\"datePublished\":\"2021-07-22T12:10:26+00:00\",\"mainEntityOfPage\":{\"@id\":\"https:\\\/\\\/darkamazi.info\\\/archives\\\/1023571\"},\"wordCount\":147,\"publisher\":{\"@id\":\"https:\\\/\\\/darkamazi.info\\\/#organization\"},\"image\":{\"@id\":\"https:\\\/\\\/darkamazi.info\\\/archives\\\/1023571#primaryimage\"},\"thumbnailUrl\":\"https:\\\/\\\/darkamazi.info\\\/darka-content\\\/uploads\\\/2021\\\/07\\\/pkk-duhok-kurdistan-\u06af\u0648\u0646\u062f\u06ce-\u0628\u06ce\u0628\u0627\u062f\u06ce-1.jpg\",\"keywords\":[\"sereke\"],\"articleSection\":[\"Kurdistan\"],\"inLanguage\":\"en-US\"},{\"@type\":\"WebPage\",\"@id\":\"https:\\\/\\\/darkamazi.info\\\/archives\\\/1023571\",\"url\":\"https:\\\/\\\/darkamazi.info\\\/archives\\\/1023571\",\"name\":\"Balefiran \u00e7ekdar\u00ean PKK\u00ea li gund\u00ea B\u00eabad\u00ea bombebaran kirin - Darka Maz\u00ee\",\"isPartOf\":{\"@id\":\"https:\\\/\\\/darkamazi.info\\\/#website\"},\"primaryImageOfPage\":{\"@id\":\"https:\\\/\\\/darkamazi.info\\\/archives\\\/1023571#primaryimage\"},\"image\":{\"@id\":\"https:\\\/\\\/darkamazi.info\\\/archives\\\/1023571#primaryimage\"},\"thumbnailUrl\":\"https:\\\/\\\/darkamazi.info\\\/darka-content\\\/uploads\\\/2021\\\/07\\\/pkk-duhok-kurdistan-\u06af\u0648\u0646\u062f\u06ce-\u0628\u06ce\u0628\u0627\u062f\u06ce-1.jpg\",\"datePublished\":\"2021-07-22T12:10:26+00:00\",\"breadcrumb\":{\"@id\":\"https:\\\/\\\/darkamazi.info\\\/archives\\\/1023571#breadcrumb\"},\"inLanguage\":\"en-US\",\"potentialAction\":[{\"@type\":\"ReadAction\",\"target\":[\"https:\\\/\\\/darkamazi.info\\\/archives\\\/1023571\"]}]},{\"@type\":\"ImageObject\",\"inLanguage\":\"en-US\",\"@id\":\"https:\\\/\\\/darkamazi.info\\\/archives\\\/1023571#primaryimage\",\"url\":\"https:\\\/\\\/darkamazi.info\\\/darka-content\\\/uploads\\\/2021\\\/07\\\/pkk-duhok-kurdistan-\u06af\u0648\u0646\u062f\u06ce-\u0628\u06ce\u0628\u0627\u062f\u06ce-1.jpg\",\"contentUrl\":\"https:\\\/\\\/darkamazi.info\\\/darka-content\\\/uploads\\\/2021\\\/07\\\/pkk-duhok-kurdistan-\u06af\u0648\u0646\u062f\u06ce-\u0628\u06ce\u0628\u0627\u062f\u06ce-1.jpg\",\"width\":900,\"height\":497,\"caption\":\"Balefiran \u00e7ekdar\u00ean PKK\u00ea li gund\u00ea B\u00eabad\u00ea bombebaran kirin\"},{\"@type\":\"BreadcrumbList\",\"@id\":\"https:\\\/\\\/darkamazi.info\\\/archives\\\/1023571#breadcrumb\",\"itemListElement\":[{\"@type\":\"ListItem\",\"position\":1,\"name\":\"Home\",\"item\":\"https:\\\/\\\/darkamazi.info\\\/\"},{\"@type\":\"ListItem\",\"position\":2,\"name\":\"Balefiran \u00e7ekdar\u00ean PKK\u00ea li gund\u00ea B\u00eabad\u00ea bombebaran kirin\"}]},{\"@type\":\"WebSite\",\"@id\":\"https:\\\/\\\/darkamazi.info\\\/#website\",\"url\":\"https:\\\/\\\/darkamazi.info\\\/\",\"name\":\"Darka Maz\u00ee\",\"description\":\"P\u00eageha Zanyariy\u00ean Nebih\u00eest\u00ee\",\"publisher\":{\"@id\":\"https:\\\/\\\/darkamazi.info\\\/#organization\"},\"potentialAction\":[{\"@type\":\"SearchAction\",\"target\":{\"@type\":\"EntryPoint\",\"urlTemplate\":\"https:\\\/\\\/darkamazi.info\\\/?s={search_term_string}\"},\"query-input\":{\"@type\":\"PropertyValueSpecification\",\"valueRequired\":true,\"valueName\":\"search_term_string\"}}],\"inLanguage\":\"en-US\"},{\"@type\":\"Organization\",\"@id\":\"https:\\\/\\\/darkamazi.info\\\/#organization\",\"name\":\"Darka Maz\u00ee\",\"url\":\"https:\\\/\\\/darkamazi.info\\\/\",\"logo\":{\"@type\":\"ImageObject\",\"inLanguage\":\"en-US\",\"@id\":\"https:\\\/\\\/darkamazi.info\\\/#\\\/schema\\\/logo\\\/image\\\/\",\"url\":\"https:\\\/\\\/darkamazi.info\\\/darka-content\\\/uploads\\\/2017\\\/12\\\/darka-mazi-logo.png\",\"contentUrl\":\"https:\\\/\\\/darkamazi.info\\\/darka-content\\\/uploads\\\/2017\\\/12\\\/darka-mazi-logo.png\",\"width\":151,\"height\":75,\"caption\":\"Darka Maz\u00ee\"},\"image\":{\"@id\":\"https:\\\/\\\/darkamazi.info\\\/#\\\/schema\\\/logo\\\/image\\\/\"},\"sameAs\":[\"https:\\\/\\\/www.facebook.com\\\/DarMaziKurmanci\",\"https:\\\/\\\/x.com\\\/DarkaMaziLatini\",\"https:\\\/\\\/www.instagram.com\\\/darkamazi.kurmanci\\\/\",\"https:\\\/\\\/www.youtube.com\\\/channel\\\/UCa5HkTdmI8U1qCUFuTw8B2g\"]},{\"@type\":\"Person\",\"@id\":\"https:\\\/\\\/darkamazi.info\\\/#\\\/schema\\\/person\\\/5ad3e24553a0567993fa8ed4bd0a776c\",\"name\":\"darka mazi\",\"sameAs\":[\"https:\\\/\\\/darkamazi.info\\\/\"],\"url\":\"https:\\\/\\\/darkamazi.info\\\/archives\\\/author\\\/kurdi\"}]}<\/script>\n<!-- \/ Yoast SEO plugin. -->","seo_head_json":{"title":"Balefiran \u00e7ekdar\u00ean PKK\u00ea li gund\u00ea B\u00eabad\u00ea bombebaran kirin - Darka Maz\u00ee","robots":{"index":"index","follow":"follow","max-snippet":"max-snippet:-1","max-image-preview":"max-image-preview:large","max-video-preview":"max-video-preview:-1"},"canonical":"https:\/\/darkamazi.info\/archives\/1023571","og_locale":"en_US","og_type":"article","og_title":"Balefiran \u00e7ekdar\u00ean PKK\u00ea li gund\u00ea B\u00eabad\u00ea bombebaran kirin - Darka Maz\u00ee","og_description":"\u00c7ekdar\u00ean r\u00eaxistina PKK\u00ea, \u00eero li n\u00eaz\u00ee gund\u00ea B\u00eabad\u00ea y\u00ea gir\u00eaday par\u00eazgeh\u00eeya Dihok\u00ea li Ba\u015f\u00fbr\u00ea Kurdistan\u00ea ketin ber \u00ear\u00ee\u015fa balefiran \u00fb d\u00fb roket bi nuqtey\u00ean wan ketine. \u00c7avkaniy\u00ean p\u00eageha Darka Maz\u00ee li Ba\u015f\u00fbr\u00ea Kurdistan\u00ea e\u015fkere kirin, \u00eero roja p\u00eanc\u015fem\u00ee 22\/7\/2021an, balefir\u00ean ceng\u00ea \u00ean dewleta Tirkiy\u00ea liv \u00fb tevger\u00ean \u00e7ekdar\u00ean PKK\u00ea li \u00e7iyay\u00ea Kil\u00eelo \u00ea hindava aqar\u00ea [&hellip;]","og_url":"https:\/\/darkamazi.info\/archives\/1023571","og_site_name":"Darka Maz\u00ee","article_publisher":"https:\/\/www.facebook.com\/DarMaziKurmanci","article_published_time":"2021-07-22T12:10:26+00:00","og_image":[{"width":900,"height":497,"url":"https:\/\/darkamazi.info\/file\/2021\/07\/pkk-duhok-kurdistan-\u06af\u0648\u0646\u062f\u06ce-\u0628\u06ce\u0628\u0627\u062f\u06ce-1.jpg","type":"image\/jpeg"}],"author":"darka mazi","twitter_card":"summary_large_image","twitter_creator":"@DarkaMaziLatini","twitter_site":"@DarkaMaziLatini","twitter_misc":{"Written by":"darka mazi","Est. reading time":"1 minute"},"schema":{"@context":"https:\/\/schema.org","@graph":[{"@type":"Article","@id":"https:\/\/darkamazi.info\/archives\/1023571#article","isPartOf":{"@id":"https:\/\/darkamazi.info\/archives\/1023571"},"author":{"name":"darka mazi","@id":"https:\/\/darkamazi.info\/#\/schema\/person\/5ad3e24553a0567993fa8ed4bd0a776c"},"headline":"Balefiran \u00e7ekdar\u00ean PKK\u00ea li gund\u00ea B\u00eabad\u00ea bombebaran kirin","datePublished":"2021-07-22T12:10:26+00:00","mainEntityOfPage":{"@id":"https:\/\/darkamazi.info\/archives\/1023571"},"wordCount":147,"publisher":{"@id":"https:\/\/darkamazi.info\/#organization"},"image":{"@id":"https:\/\/darkamazi.info\/archives\/1023571#primaryimage"},"thumbnailUrl":"https:\/\/darkamazi.info\/file\/2021\/07\/pkk-duhok-kurdistan-\u06af\u0648\u0646\u062f\u06ce-\u0628\u06ce\u0628\u0627\u062f\u06ce-1.jpg","keywords":["sereke"],"articleSection":["Kurdistan"],"inLanguage":"en-US"},{"@type":"WebPage","@id":"https:\/\/darkamazi.info\/archives\/1023571","url":"https:\/\/darkamazi.info\/archives\/1023571","name":"Balefiran \u00e7ekdar\u00ean PKK\u00ea li gund\u00ea B\u00eabad\u00ea bombebaran kirin - Darka Maz\u00ee","isPartOf":{"@id":"https:\/\/darkamazi.info\/#website"},"primaryImageOfPage":{"@id":"https:\/\/darkamazi.info\/archives\/1023571#primaryimage"},"image":{"@id":"https:\/\/darkamazi.info\/archives\/1023571#primaryimage"},"thumbnailUrl":"https:\/\/darkamazi.info\/file\/2021\/07\/pkk-duhok-kurdistan-\u06af\u0648\u0646\u062f\u06ce-\u0628\u06ce\u0628\u0627\u062f\u06ce-1.jpg","datePublished":"2021-07-22T12:10:26+00:00","breadcrumb":{"@id":"https:\/\/darkamazi.info\/archives\/1023571#breadcrumb"},"inLanguage":"en-US","potentialAction":[{"@type":"ReadAction","target":["https:\/\/darkamazi.info\/archives\/1023571"]}]},{"@type":"ImageObject","inLanguage":"en-US","@id":"https:\/\/darkamazi.info\/archives\/1023571#primaryimage","url":"https:\/\/darkamazi.info\/file\/2021\/07\/pkk-duhok-kurdistan-\u06af\u0648\u0646\u062f\u06ce-\u0628\u06ce\u0628\u0627\u062f\u06ce-1.jpg","contentUrl":"https:\/\/darkamazi.info\/file\/2021\/07\/pkk-duhok-kurdistan-\u06af\u0648\u0646\u062f\u06ce-\u0628\u06ce\u0628\u0627\u062f\u06ce-1.jpg","width":900,"height":497,"caption":"Balefiran \u00e7ekdar\u00ean PKK\u00ea li gund\u00ea B\u00eabad\u00ea bombebaran kirin"},{"@type":"BreadcrumbList","@id":"https:\/\/darkamazi.info\/archives\/1023571#breadcrumb","itemListElement":[{"@type":"ListItem","position":1,"name":"Home","item":"https:\/\/darkamazi.info\/"},{"@type":"ListItem","position":2,"name":"Balefiran \u00e7ekdar\u00ean PKK\u00ea li gund\u00ea B\u00eabad\u00ea bombebaran kirin"}]},{"@type":"WebSite","@id":"https:\/\/darkamazi.info\/#website","url":"https:\/\/darkamazi.info\/","name":"Darka Maz\u00ee","description":"P\u00eageha Zanyariy\u00ean Nebih\u00eest\u00ee","publisher":{"@id":"https:\/\/darkamazi.info\/#organization"},"potentialAction":[{"@type":"SearchAction","target":{"@type":"EntryPoint","urlTemplate":"https:\/\/darkamazi.info\/?s={search_term_string}"},"query-input":{"@type":"PropertyValueSpecification","valueRequired":true,"valueName":"search_term_string"}}],"inLanguage":"en-US"},{"@type":"Organization","@id":"https:\/\/darkamazi.info\/#organization","name":"Darka Maz\u00ee","url":"https:\/\/darkamazi.info\/","logo":{"@type":"ImageObject","inLanguage":"en-US","@id":"https:\/\/darkamazi.info\/#\/schema\/logo\/image\/","url":"https:\/\/darkamazi.info\/file\/2017\/12\/darka-mazi-logo.png","contentUrl":"https:\/\/darkamazi.info\/file\/2017\/12\/darka-mazi-logo.png","width":151,"height":75,"caption":"Darka Maz\u00ee"},"image":{"@id":"https:\/\/darkamazi.info\/#\/schema\/logo\/image\/"},"sameAs":["https:\/\/www.facebook.com\/DarMaziKurmanci","https:\/\/x.com\/DarkaMaziLatini","https:\/\/www.instagram.com\/darkamazi.kurmanci\/","https:\/\/www.youtube.com\/channel\/UCa5HkTdmI8U1qCUFuTw8B2g"]},{"@type":"Person","@id":"https:\/\/darkamazi.info\/#\/schema\/person\/5ad3e24553a0567993fa8ed4bd0a776c","name":"darka mazi","sameAs":["https:\/\/darkamazi.info\/"],"url":"https:\/\/darkamazi.info\/archives\/author\/kurdi"}]}},"_links":{"self":[{"href":"https:\/\/darkamazi.info\/funavuv\/wp\/v2\/posts\/1023571","targetHints":{"allow":["GET"]}}],"collection":[{"href":"https:\/\/darkamazi.info\/funavuv\/wp\/v2\/posts"}],"about":[{"href":"https:\/\/darkamazi.info\/funavuv\/wp\/v2\/types\/post"}],"author":[{"embeddable":true,"href":"https:\/\/darkamazi.info\/funavuv\/wp\/v2\/users\/2"}],"replies":[{"embeddable":true,"href":"https:\/\/darkamazi.info\/funavuv\/wp\/v2\/comments?post=1023571"}],"version-history":[{"count":0,"href":"https:\/\/darkamazi.info\/funavuv\/wp\/v2\/posts\/1023571\/revisions"}],"wp:featuredmedia":[{"embeddable":true,"href":"https:\/\/darkamazi.info\/funavuv\/wp\/v2\/media\/1023572"}],"wp:attachment":[{"href":"https:\/\/darkamazi.info\/funavuv\/wp\/v2\/media?parent=1023571"}],"wp:term":[{"taxonomy":"category","embeddable":true,"href":"https:\/\/darkamazi.info\/funavuv\/wp\/v2\/categories?post=1023571"},{"taxonomy":"post_tag","embeddable":true,"href":"https:\/\/darkamazi.info\/funavuv\/wp\/v2\/tags?post=1023571"}],"curies":[{"name":"wp","href":"https:\/\/api.w.org\/{rel}","templated":true}]}}