{"id":1023698,"date":"2021-07-27T10:34:17","date_gmt":"2021-07-27T07:34:17","guid":{"rendered":"https:\/\/darkamazi.info\/?p=1023698"},"modified":"2021-07-27T10:34:17","modified_gmt":"2021-07-27T07:34:17","slug":"bi-dirusma-mirin-ji-diktator-re-li-irane-xwepesandan-didomin","status":"publish","type":"post","link":"https:\/\/darkamazi.info\/archives\/1023698","title":{"rendered":"Bi dir\u00fb\u015fma &#8220;Mirin ji d\u00eektator re&#8221; li \u00ceran\u00ea xwep\u00ea\u015fandan didomin"},"content":{"rendered":"<h4 style=\"text-align: justify\"><span style=\"font-family: 'arial black', sans-serif\">Gelek d\u00eemen\u00ean komb\u00fbn \u00fb me\u015fan li naverasta Tehran\u00ea hatin we\u015fandin ku t\u00ea de xwen\u00ee\u015fanderan dir\u00fb\u015fmey\u00ean dij\u00ee Hik\u00fbmet\u00ea \u00fb R\u00eaber\u00ea Komara \u00ceslam\u00eeya \u00ceran\u00ea berz kirin.<\/span><\/h4>\n<h4 style=\"text-align: justify\">Di heman dem\u00ea de, li ser medyaya civak\u00ee gelek v\u00eedyoy\u00ean xwep\u00ea\u015fandana protestoy\u00ee \u00fb me\u015fa li Kerec, bi dir\u00fb\u015fm\u00ean &#8220;Ji Kerec bo X\u00fbzistan\u00ea, yek\u00eet\u00ee, yek\u00eet\u00ee&#8221; \u00fb &#8220;mirin ji d\u00eektator re&#8221; hatin we\u015fandin.<\/h4>\n<h4 style=\"text-align: justify\">Roja du\u015fem\u00ea dan\u00ea n\u00eevro, xwep\u00ea\u015fander ber bi cadeya Cimhor\u00ee ya Tehran\u00ea ve me\u015fiyan, b\u00ea navber dir\u00fb\u015fm\u00ean &#8220;mirin ji d\u00eektator re&#8221; \u00fb &#8220;mirin ji Xameney\u00ee re, ji welat\u00ea me derkeve.&#8221; hatin we\u015fandin.<\/h4>\n<h4 style=\"text-align: justify\">12 roja pi\u015ft\u00ee destp\u00eakirina xwep\u00ea\u015fandanan li X\u00fbzistan\u00ea \u00fb belavb\u00fbna w\u00ea ya li bajar\u00ean din, xwep\u00ea\u015fandan li Tehran \u00fb Kerec p\u00eak hatin.<\/h4>\n<h4 style=\"text-align: justify\">Di xwep\u00ea\u015fandan\u00ean li \u00ceran\u00ea dir\u00fb\u015fmey\u00ean cuda cuda weke &#8220;ne Xeze \u00fb ne j\u00ee Lubnan, can\u00ea min feday\u00ea \u00ceran\u00ea&#8221;, &#8220;Mela ji welat\u00ea me bicehimin&#8221;, \u00fb &#8220;Reza \u015eah ruha te \u015fad&#8221; hatin av\u00eatin.<\/h4>\n<h4 style=\"text-align: justify\">M\u00eet\u00eeng pi\u015ft\u00ee betlaneya hefteyek\u00eaya li Tehran\u00ea ku ji ber Koronay\u00ea hatib\u00fb ragihandin di roja yekem de p\u00eak hat.<\/h4>\n","protected":false},"excerpt":{"rendered":"<p>Gelek d\u00eemen\u00ean komb\u00fbn \u00fb me\u015fan li naverasta Tehran\u00ea hatin we\u015fandin ku t\u00ea de xwen\u00ee\u015fanderan dir\u00fb\u015fmey\u00ean dij\u00ee Hik\u00fbmet\u00ea \u00fb R\u00eaber\u00ea Komara \u00ceslam\u00eeya \u00ceran\u00ea berz kirin. Di heman dem\u00ea de, li ser medyaya civak\u00ee gelek v\u00eedyoy\u00ean xwep\u00ea\u015fandana protestoy\u00ee \u00fb me\u015fa li Kerec, bi dir\u00fb\u015fm\u00ean &#8220;Ji Kerec bo X\u00fbzistan\u00ea, yek\u00eet\u00ee, yek\u00eet\u00ee&#8221; \u00fb &#8220;mirin ji d\u00eektator re&#8221; hatin we\u015fandin. [&hellip;]<\/p>\n","protected":false},"author":2,"featured_media":1023699,"comment_status":"closed","ping_status":"closed","sticky":false,"template":"","format":"standard","meta":{"footnotes":""},"categories":[31],"tags":[37],"class_list":["post-1023698","post","type-post","status-publish","format-standard","has-post-thumbnail","hentry","category-rojhelata-navin","tag-sereke"],"blocksy_meta":[],"seo_head":"<!-- This site is optimized with the Yoast SEO plugin v27.5 - https:\/\/yoast.com\/product\/yoast-seo-wordpress\/ -->\n<title>Bi dir\u00fb\u015fma &quot;Mirin ji d\u00eektator re&quot; li \u00ceran\u00ea xwep\u00ea\u015fandan didomin - Darka Maz\u00ee<\/title>\n<meta name=\"robots\" content=\"index, follow, max-snippet:-1, max-image-preview:large, max-video-preview:-1\" \/>\n<link rel=\"canonical\" href=\"https:\/\/darkamazi.info\/archives\/1023698\" \/>\n<meta property=\"og:locale\" content=\"en_US\" \/>\n<meta property=\"og:type\" content=\"article\" \/>\n<meta property=\"og:title\" content=\"Bi dir\u00fb\u015fma &quot;Mirin ji d\u00eektator re&quot; li \u00ceran\u00ea xwep\u00ea\u015fandan didomin - Darka Maz\u00ee\" \/>\n<meta property=\"og:description\" content=\"Gelek d\u00eemen\u00ean komb\u00fbn \u00fb me\u015fan li naverasta Tehran\u00ea hatin we\u015fandin ku t\u00ea de xwen\u00ee\u015fanderan dir\u00fb\u015fmey\u00ean dij\u00ee Hik\u00fbmet\u00ea \u00fb R\u00eaber\u00ea Komara \u00ceslam\u00eeya \u00ceran\u00ea berz kirin. Di heman dem\u00ea de, li ser medyaya civak\u00ee gelek v\u00eedyoy\u00ean xwep\u00ea\u015fandana protestoy\u00ee \u00fb me\u015fa li Kerec, bi dir\u00fb\u015fm\u00ean &#8220;Ji Kerec bo X\u00fbzistan\u00ea, yek\u00eet\u00ee, yek\u00eet\u00ee&#8221; \u00fb &#8220;mirin ji d\u00eektator re&#8221; hatin we\u015fandin. [&hellip;]\" \/>\n<meta property=\"og:url\" content=\"https:\/\/darkamazi.info\/archives\/1023698\" \/>\n<meta property=\"og:site_name\" content=\"Darka Maz\u00ee\" \/>\n<meta property=\"article:publisher\" content=\"https:\/\/www.facebook.com\/DarMaziKurmanci\" \/>\n<meta property=\"article:published_time\" content=\"2021-07-27T07:34:17+00:00\" \/>\n<meta property=\"og:image\" content=\"https:\/\/darkamazi.info\/file\/2021\/07\/iran-rehran-protasto.jpg\" \/>\n\t<meta property=\"og:image:width\" content=\"900\" \/>\n\t<meta property=\"og:image:height\" content=\"497\" \/>\n\t<meta property=\"og:image:type\" content=\"image\/jpeg\" \/>\n<meta name=\"author\" content=\"darka mazi\" \/>\n<meta name=\"twitter:card\" content=\"summary_large_image\" \/>\n<meta name=\"twitter:creator\" content=\"@DarkaMaziLatini\" \/>\n<meta name=\"twitter:site\" content=\"@DarkaMaziLatini\" \/>\n<meta name=\"twitter:label1\" content=\"Written by\" \/>\n\t<meta name=\"twitter:data1\" content=\"darka mazi\" \/>\n\t<meta name=\"twitter:label2\" content=\"Est. reading time\" \/>\n\t<meta name=\"twitter:data2\" content=\"1 minute\" \/>\n<script type=\"application\/ld+json\" class=\"seo-schema-graph\">{\"@context\":\"https:\\\/\\\/schema.org\",\"@graph\":[{\"@type\":\"Article\",\"@id\":\"https:\\\/\\\/darkamazi.info\\\/archives\\\/1023698#article\",\"isPartOf\":{\"@id\":\"https:\\\/\\\/darkamazi.info\\\/archives\\\/1023698\"},\"author\":{\"name\":\"darka mazi\",\"@id\":\"https:\\\/\\\/darkamazi.info\\\/#\\\/schema\\\/person\\\/5ad3e24553a0567993fa8ed4bd0a776c\"},\"headline\":\"Bi dir\u00fb\u015fma &#8220;Mirin ji d\u00eektator re&#8221; li \u00ceran\u00ea xwep\u00ea\u015fandan didomin\",\"datePublished\":\"2021-07-27T07:34:17+00:00\",\"mainEntityOfPage\":{\"@id\":\"https:\\\/\\\/darkamazi.info\\\/archives\\\/1023698\"},\"wordCount\":207,\"publisher\":{\"@id\":\"https:\\\/\\\/darkamazi.info\\\/#organization\"},\"image\":{\"@id\":\"https:\\\/\\\/darkamazi.info\\\/archives\\\/1023698#primaryimage\"},\"thumbnailUrl\":\"https:\\\/\\\/darkamazi.info\\\/darka-content\\\/uploads\\\/2021\\\/07\\\/iran-rehran-protasto.jpg\",\"keywords\":[\"sereke\"],\"articleSection\":[\"Rojhelata nav\u00een\"],\"inLanguage\":\"en-US\"},{\"@type\":\"WebPage\",\"@id\":\"https:\\\/\\\/darkamazi.info\\\/archives\\\/1023698\",\"url\":\"https:\\\/\\\/darkamazi.info\\\/archives\\\/1023698\",\"name\":\"Bi dir\u00fb\u015fma \\\"Mirin ji d\u00eektator re\\\" li \u00ceran\u00ea xwep\u00ea\u015fandan didomin - Darka Maz\u00ee\",\"isPartOf\":{\"@id\":\"https:\\\/\\\/darkamazi.info\\\/#website\"},\"primaryImageOfPage\":{\"@id\":\"https:\\\/\\\/darkamazi.info\\\/archives\\\/1023698#primaryimage\"},\"image\":{\"@id\":\"https:\\\/\\\/darkamazi.info\\\/archives\\\/1023698#primaryimage\"},\"thumbnailUrl\":\"https:\\\/\\\/darkamazi.info\\\/darka-content\\\/uploads\\\/2021\\\/07\\\/iran-rehran-protasto.jpg\",\"datePublished\":\"2021-07-27T07:34:17+00:00\",\"breadcrumb\":{\"@id\":\"https:\\\/\\\/darkamazi.info\\\/archives\\\/1023698#breadcrumb\"},\"inLanguage\":\"en-US\",\"potentialAction\":[{\"@type\":\"ReadAction\",\"target\":[\"https:\\\/\\\/darkamazi.info\\\/archives\\\/1023698\"]}]},{\"@type\":\"ImageObject\",\"inLanguage\":\"en-US\",\"@id\":\"https:\\\/\\\/darkamazi.info\\\/archives\\\/1023698#primaryimage\",\"url\":\"https:\\\/\\\/darkamazi.info\\\/darka-content\\\/uploads\\\/2021\\\/07\\\/iran-rehran-protasto.jpg\",\"contentUrl\":\"https:\\\/\\\/darkamazi.info\\\/darka-content\\\/uploads\\\/2021\\\/07\\\/iran-rehran-protasto.jpg\",\"width\":900,\"height\":497,\"caption\":\"Bi dir\u00fb\u015fma \\\"Mirin ji d\u00eektator re\\\" li \u00ceran\u00ea xwep\u00ea\u015fandan didomin\"},{\"@type\":\"BreadcrumbList\",\"@id\":\"https:\\\/\\\/darkamazi.info\\\/archives\\\/1023698#breadcrumb\",\"itemListElement\":[{\"@type\":\"ListItem\",\"position\":1,\"name\":\"Home\",\"item\":\"https:\\\/\\\/darkamazi.info\\\/\"},{\"@type\":\"ListItem\",\"position\":2,\"name\":\"Bi dir\u00fb\u015fma &#8220;Mirin ji d\u00eektator re&#8221; li \u00ceran\u00ea xwep\u00ea\u015fandan didomin\"}]},{\"@type\":\"WebSite\",\"@id\":\"https:\\\/\\\/darkamazi.info\\\/#website\",\"url\":\"https:\\\/\\\/darkamazi.info\\\/\",\"name\":\"Darka Maz\u00ee\",\"description\":\"P\u00eageha Zanyariy\u00ean Nebih\u00eest\u00ee\",\"publisher\":{\"@id\":\"https:\\\/\\\/darkamazi.info\\\/#organization\"},\"potentialAction\":[{\"@type\":\"SearchAction\",\"target\":{\"@type\":\"EntryPoint\",\"urlTemplate\":\"https:\\\/\\\/darkamazi.info\\\/?s={search_term_string}\"},\"query-input\":{\"@type\":\"PropertyValueSpecification\",\"valueRequired\":true,\"valueName\":\"search_term_string\"}}],\"inLanguage\":\"en-US\"},{\"@type\":\"Organization\",\"@id\":\"https:\\\/\\\/darkamazi.info\\\/#organization\",\"name\":\"Darka Maz\u00ee\",\"url\":\"https:\\\/\\\/darkamazi.info\\\/\",\"logo\":{\"@type\":\"ImageObject\",\"inLanguage\":\"en-US\",\"@id\":\"https:\\\/\\\/darkamazi.info\\\/#\\\/schema\\\/logo\\\/image\\\/\",\"url\":\"https:\\\/\\\/darkamazi.info\\\/darka-content\\\/uploads\\\/2017\\\/12\\\/darka-mazi-logo.png\",\"contentUrl\":\"https:\\\/\\\/darkamazi.info\\\/darka-content\\\/uploads\\\/2017\\\/12\\\/darka-mazi-logo.png\",\"width\":151,\"height\":75,\"caption\":\"Darka Maz\u00ee\"},\"image\":{\"@id\":\"https:\\\/\\\/darkamazi.info\\\/#\\\/schema\\\/logo\\\/image\\\/\"},\"sameAs\":[\"https:\\\/\\\/www.facebook.com\\\/DarMaziKurmanci\",\"https:\\\/\\\/x.com\\\/DarkaMaziLatini\",\"https:\\\/\\\/www.instagram.com\\\/darkamazi.kurmanci\\\/\",\"https:\\\/\\\/www.youtube.com\\\/channel\\\/UCa5HkTdmI8U1qCUFuTw8B2g\"]},{\"@type\":\"Person\",\"@id\":\"https:\\\/\\\/darkamazi.info\\\/#\\\/schema\\\/person\\\/5ad3e24553a0567993fa8ed4bd0a776c\",\"name\":\"darka mazi\",\"sameAs\":[\"https:\\\/\\\/darkamazi.info\\\/\"],\"url\":\"https:\\\/\\\/darkamazi.info\\\/archives\\\/author\\\/kurdi\"}]}<\/script>\n<!-- \/ Yoast SEO plugin. -->","seo_head_json":{"title":"Bi dir\u00fb\u015fma \"Mirin ji d\u00eektator re\" li \u00ceran\u00ea xwep\u00ea\u015fandan didomin - Darka Maz\u00ee","robots":{"index":"index","follow":"follow","max-snippet":"max-snippet:-1","max-image-preview":"max-image-preview:large","max-video-preview":"max-video-preview:-1"},"canonical":"https:\/\/darkamazi.info\/archives\/1023698","og_locale":"en_US","og_type":"article","og_title":"Bi dir\u00fb\u015fma \"Mirin ji d\u00eektator re\" li \u00ceran\u00ea xwep\u00ea\u015fandan didomin - Darka Maz\u00ee","og_description":"Gelek d\u00eemen\u00ean komb\u00fbn \u00fb me\u015fan li naverasta Tehran\u00ea hatin we\u015fandin ku t\u00ea de xwen\u00ee\u015fanderan dir\u00fb\u015fmey\u00ean dij\u00ee Hik\u00fbmet\u00ea \u00fb R\u00eaber\u00ea Komara \u00ceslam\u00eeya \u00ceran\u00ea berz kirin. Di heman dem\u00ea de, li ser medyaya civak\u00ee gelek v\u00eedyoy\u00ean xwep\u00ea\u015fandana protestoy\u00ee \u00fb me\u015fa li Kerec, bi dir\u00fb\u015fm\u00ean &#8220;Ji Kerec bo X\u00fbzistan\u00ea, yek\u00eet\u00ee, yek\u00eet\u00ee&#8221; \u00fb &#8220;mirin ji d\u00eektator re&#8221; hatin we\u015fandin. [&hellip;]","og_url":"https:\/\/darkamazi.info\/archives\/1023698","og_site_name":"Darka Maz\u00ee","article_publisher":"https:\/\/www.facebook.com\/DarMaziKurmanci","article_published_time":"2021-07-27T07:34:17+00:00","og_image":[{"width":900,"height":497,"url":"https:\/\/darkamazi.info\/file\/2021\/07\/iran-rehran-protasto.jpg","type":"image\/jpeg"}],"author":"darka mazi","twitter_card":"summary_large_image","twitter_creator":"@DarkaMaziLatini","twitter_site":"@DarkaMaziLatini","twitter_misc":{"Written by":"darka mazi","Est. reading time":"1 minute"},"schema":{"@context":"https:\/\/schema.org","@graph":[{"@type":"Article","@id":"https:\/\/darkamazi.info\/archives\/1023698#article","isPartOf":{"@id":"https:\/\/darkamazi.info\/archives\/1023698"},"author":{"name":"darka mazi","@id":"https:\/\/darkamazi.info\/#\/schema\/person\/5ad3e24553a0567993fa8ed4bd0a776c"},"headline":"Bi dir\u00fb\u015fma &#8220;Mirin ji d\u00eektator re&#8221; li \u00ceran\u00ea xwep\u00ea\u015fandan didomin","datePublished":"2021-07-27T07:34:17+00:00","mainEntityOfPage":{"@id":"https:\/\/darkamazi.info\/archives\/1023698"},"wordCount":207,"publisher":{"@id":"https:\/\/darkamazi.info\/#organization"},"image":{"@id":"https:\/\/darkamazi.info\/archives\/1023698#primaryimage"},"thumbnailUrl":"https:\/\/darkamazi.info\/file\/2021\/07\/iran-rehran-protasto.jpg","keywords":["sereke"],"articleSection":["Rojhelata nav\u00een"],"inLanguage":"en-US"},{"@type":"WebPage","@id":"https:\/\/darkamazi.info\/archives\/1023698","url":"https:\/\/darkamazi.info\/archives\/1023698","name":"Bi dir\u00fb\u015fma \"Mirin ji d\u00eektator re\" li \u00ceran\u00ea xwep\u00ea\u015fandan didomin - Darka Maz\u00ee","isPartOf":{"@id":"https:\/\/darkamazi.info\/#website"},"primaryImageOfPage":{"@id":"https:\/\/darkamazi.info\/archives\/1023698#primaryimage"},"image":{"@id":"https:\/\/darkamazi.info\/archives\/1023698#primaryimage"},"thumbnailUrl":"https:\/\/darkamazi.info\/file\/2021\/07\/iran-rehran-protasto.jpg","datePublished":"2021-07-27T07:34:17+00:00","breadcrumb":{"@id":"https:\/\/darkamazi.info\/archives\/1023698#breadcrumb"},"inLanguage":"en-US","potentialAction":[{"@type":"ReadAction","target":["https:\/\/darkamazi.info\/archives\/1023698"]}]},{"@type":"ImageObject","inLanguage":"en-US","@id":"https:\/\/darkamazi.info\/archives\/1023698#primaryimage","url":"https:\/\/darkamazi.info\/file\/2021\/07\/iran-rehran-protasto.jpg","contentUrl":"https:\/\/darkamazi.info\/file\/2021\/07\/iran-rehran-protasto.jpg","width":900,"height":497,"caption":"Bi dir\u00fb\u015fma \"Mirin ji d\u00eektator re\" li \u00ceran\u00ea xwep\u00ea\u015fandan didomin"},{"@type":"BreadcrumbList","@id":"https:\/\/darkamazi.info\/archives\/1023698#breadcrumb","itemListElement":[{"@type":"ListItem","position":1,"name":"Home","item":"https:\/\/darkamazi.info\/"},{"@type":"ListItem","position":2,"name":"Bi dir\u00fb\u015fma &#8220;Mirin ji d\u00eektator re&#8221; li \u00ceran\u00ea xwep\u00ea\u015fandan didomin"}]},{"@type":"WebSite","@id":"https:\/\/darkamazi.info\/#website","url":"https:\/\/darkamazi.info\/","name":"Darka Maz\u00ee","description":"P\u00eageha Zanyariy\u00ean Nebih\u00eest\u00ee","publisher":{"@id":"https:\/\/darkamazi.info\/#organization"},"potentialAction":[{"@type":"SearchAction","target":{"@type":"EntryPoint","urlTemplate":"https:\/\/darkamazi.info\/?s={search_term_string}"},"query-input":{"@type":"PropertyValueSpecification","valueRequired":true,"valueName":"search_term_string"}}],"inLanguage":"en-US"},{"@type":"Organization","@id":"https:\/\/darkamazi.info\/#organization","name":"Darka Maz\u00ee","url":"https:\/\/darkamazi.info\/","logo":{"@type":"ImageObject","inLanguage":"en-US","@id":"https:\/\/darkamazi.info\/#\/schema\/logo\/image\/","url":"https:\/\/darkamazi.info\/file\/2017\/12\/darka-mazi-logo.png","contentUrl":"https:\/\/darkamazi.info\/file\/2017\/12\/darka-mazi-logo.png","width":151,"height":75,"caption":"Darka Maz\u00ee"},"image":{"@id":"https:\/\/darkamazi.info\/#\/schema\/logo\/image\/"},"sameAs":["https:\/\/www.facebook.com\/DarMaziKurmanci","https:\/\/x.com\/DarkaMaziLatini","https:\/\/www.instagram.com\/darkamazi.kurmanci\/","https:\/\/www.youtube.com\/channel\/UCa5HkTdmI8U1qCUFuTw8B2g"]},{"@type":"Person","@id":"https:\/\/darkamazi.info\/#\/schema\/person\/5ad3e24553a0567993fa8ed4bd0a776c","name":"darka mazi","sameAs":["https:\/\/darkamazi.info\/"],"url":"https:\/\/darkamazi.info\/archives\/author\/kurdi"}]}},"_links":{"self":[{"href":"https:\/\/darkamazi.info\/funavuv\/wp\/v2\/posts\/1023698","targetHints":{"allow":["GET"]}}],"collection":[{"href":"https:\/\/darkamazi.info\/funavuv\/wp\/v2\/posts"}],"about":[{"href":"https:\/\/darkamazi.info\/funavuv\/wp\/v2\/types\/post"}],"author":[{"embeddable":true,"href":"https:\/\/darkamazi.info\/funavuv\/wp\/v2\/users\/2"}],"replies":[{"embeddable":true,"href":"https:\/\/darkamazi.info\/funavuv\/wp\/v2\/comments?post=1023698"}],"version-history":[{"count":0,"href":"https:\/\/darkamazi.info\/funavuv\/wp\/v2\/posts\/1023698\/revisions"}],"wp:featuredmedia":[{"embeddable":true,"href":"https:\/\/darkamazi.info\/funavuv\/wp\/v2\/media\/1023699"}],"wp:attachment":[{"href":"https:\/\/darkamazi.info\/funavuv\/wp\/v2\/media?parent=1023698"}],"wp:term":[{"taxonomy":"category","embeddable":true,"href":"https:\/\/darkamazi.info\/funavuv\/wp\/v2\/categories?post=1023698"},{"taxonomy":"post_tag","embeddable":true,"href":"https:\/\/darkamazi.info\/funavuv\/wp\/v2\/tags?post=1023698"}],"curies":[{"name":"wp","href":"https:\/\/api.w.org\/{rel}","templated":true}]}}