{"id":1023702,"date":"2021-07-27T12:24:00","date_gmt":"2021-07-27T09:24:00","guid":{"rendered":"https:\/\/darkamazi.info\/?p=1023702"},"modified":"2021-07-27T12:24:00","modified_gmt":"2021-07-27T09:24:00","slug":"osman-milo-pkk-li-ser-daxwaza-hesdi-sabi-erisi-pesmerge-dike","status":"publish","type":"post","link":"https:\/\/darkamazi.info\/archives\/1023702","title":{"rendered":"Osman Milo: PKK li ser daxwaza He\u015fd\u00ee \u015eab\u00ee \u00ear\u00ee\u015f\u00ee P\u00ea\u015fmerge dike"},"content":{"rendered":"<h4 style=\"text-align: justify\"><span style=\"font-family: 'arial black', sans-serif\">Serkirdey\u00ea Rojavay\u00ea Kurdistan\u00ea \u00fb endam\u00ea Serkirdayetiya Partiya Demokrata Kurdistana S\u00fbriy\u00ea (PDKS) Osman Milo dib\u00eaje \u00ear\u00ee\u015f\u00ean PKK\u00ea \u00eest\u00eekrara Her\u00eama Kurdistan\u00ea dikin armanc \u00fb PKK li ser daxwaza dagirker\u00ean Kurdistan\u00ea \u00fb He\u015fd\u00ee \u015eab\u00ee \u00ear\u00ee\u015f\u00ee P\u00ea\u015fmerge dike.<\/span><\/h4>\n<h4 style=\"text-align: justify\">Endam\u00ea Serkidayetiya PDKS\u00ea Osman Milo ji BasNews\u00ea re axiv\u00ee \u00fb ragihand ew \u00ear\u00ee\u015f\u00ean PKK\u00ea bo ser P\u00ea\u015fmerge \u00eest\u00eekrara Her\u00eama Kurdistan\u00ea dike armanc \u00fb PKK li her cih\u00ea ku l\u00ea be ew erka p\u00ea hatiye spartin c\u00eebic\u00ee dike.<\/h4>\n<h4 style=\"text-align: justify\">Duh\u00ea Serfermandar\u00ea P\u00ea\u015fmerge Cemal Em\u00eenk\u00ee a\u015fkere kirib\u00fb \u00e7ekdar\u00ean PKK\u00ea li Xel\u00eefan \u00fb B\u00eaxim\u00ea \u00ear\u00ee\u015f\u00ee xala kontrola ya P\u00ea\u015fmerge kiriye.<\/h4>\n<h4 style=\"text-align: justify\">Derbar\u00ea \u00ear\u00ee\u015f\u00ean her\u00ee daw\u00ee y\u00ean PKK\u00ea li ser P\u00ea\u015fmergeyan j\u00ee Osman Milo dib\u00eaje PKK dixwaze aloziyan saz bike \u00fb xelk\u00ea bitirs\u00eene \u00fb her deng\u00ea azad hey\u00ee w\u00ee deng\u00ee jinav bibe.<\/h4>\n<h4 style=\"text-align: justify\">Li ser ku\u015ftina xelk\u00ea li j\u00ear \u00ee\u015fkencey\u00ean PKK\u00ea j\u00ee Cemal Em\u00eenk\u00ee dib\u00eaje ku\u015ftina xelk\u00ea, desteserkirina \u00e7alakvan\u00ean meden\u00ee \u00fb endam\u00ean hizban b\u00eay\u00ee h\u00ee\u00e7 yasayek\u00ea destn\u00ee\u015fan dike ku aqliyeteke v\u00ea hizbe n\u00eene \u00fb armanca w\u00ea t\u00eakdana aramiy\u00ea ye.<\/h4>\n<h4 style=\"text-align: justify\">Cih\u00ea behs\u00ea ye beriya bi \u00e7end rojan h\u00eaz\u00ean ser bi Partiya Yek\u00eetiya Demokrat\u00eek (PYD) ku h\u00eaza siyas\u00ee ya PKK\u00ea ye li Rojavay\u00ea Kurdistan\u00ea 4 endam\u00ean PDKS\u00ea li Qami\u015flo desteserkirib\u00fbn.<\/h4>\n<h4 style=\"text-align: justify\">Herwiha beriya bi 2 hefteyan j\u00ee ciwanek\u00ee bi nav\u00ea Em\u00een \u00cesa li j\u00ear \u00ee\u015fkencey\u00ea da \u00fb di zindan\u00ean PYD\u00ea de hatib\u00fb ku\u015ftin.<\/h4>\n","protected":false},"excerpt":{"rendered":"<p>Serkirdey\u00ea Rojavay\u00ea Kurdistan\u00ea \u00fb endam\u00ea Serkirdayetiya Partiya Demokrata Kurdistana S\u00fbriy\u00ea (PDKS) Osman Milo dib\u00eaje \u00ear\u00ee\u015f\u00ean PKK\u00ea \u00eest\u00eekrara Her\u00eama Kurdistan\u00ea dikin armanc \u00fb PKK li ser daxwaza dagirker\u00ean Kurdistan\u00ea \u00fb He\u015fd\u00ee \u015eab\u00ee \u00ear\u00ee\u015f\u00ee P\u00ea\u015fmerge dike. Endam\u00ea Serkidayetiya PDKS\u00ea Osman Milo ji BasNews\u00ea re axiv\u00ee \u00fb ragihand ew \u00ear\u00ee\u015f\u00ean PKK\u00ea bo ser P\u00ea\u015fmerge \u00eest\u00eekrara Her\u00eama Kurdistan\u00ea dike [&hellip;]<\/p>\n","protected":false},"author":2,"featured_media":1023703,"comment_status":"closed","ping_status":"closed","sticky":false,"template":"","format":"standard","meta":{"footnotes":""},"categories":[29],"tags":[37],"class_list":["post-1023702","post","type-post","status-publish","format-standard","has-post-thumbnail","hentry","category-kurdistan","tag-sereke"],"blocksy_meta":[],"seo_head":"<!-- This site is optimized with the Yoast SEO plugin v27.5 - https:\/\/yoast.com\/product\/yoast-seo-wordpress\/ -->\n<title>Osman Milo: PKK li ser daxwaza He\u015fd\u00ee \u015eab\u00ee \u00ear\u00ee\u015f\u00ee P\u00ea\u015fmerge dike - Darka Maz\u00ee<\/title>\n<meta name=\"robots\" content=\"index, follow, max-snippet:-1, max-image-preview:large, max-video-preview:-1\" \/>\n<link rel=\"canonical\" href=\"https:\/\/darkamazi.info\/archives\/1023702\" \/>\n<meta property=\"og:locale\" content=\"en_US\" \/>\n<meta property=\"og:type\" content=\"article\" \/>\n<meta property=\"og:title\" content=\"Osman Milo: PKK li ser daxwaza He\u015fd\u00ee \u015eab\u00ee \u00ear\u00ee\u015f\u00ee P\u00ea\u015fmerge dike - Darka Maz\u00ee\" \/>\n<meta property=\"og:description\" content=\"Serkirdey\u00ea Rojavay\u00ea Kurdistan\u00ea \u00fb endam\u00ea Serkirdayetiya Partiya Demokrata Kurdistana S\u00fbriy\u00ea (PDKS) Osman Milo dib\u00eaje \u00ear\u00ee\u015f\u00ean PKK\u00ea \u00eest\u00eekrara Her\u00eama Kurdistan\u00ea dikin armanc \u00fb PKK li ser daxwaza dagirker\u00ean Kurdistan\u00ea \u00fb He\u015fd\u00ee \u015eab\u00ee \u00ear\u00ee\u015f\u00ee P\u00ea\u015fmerge dike. Endam\u00ea Serkidayetiya PDKS\u00ea Osman Milo ji BasNews\u00ea re axiv\u00ee \u00fb ragihand ew \u00ear\u00ee\u015f\u00ean PKK\u00ea bo ser P\u00ea\u015fmerge \u00eest\u00eekrara Her\u00eama Kurdistan\u00ea dike [&hellip;]\" \/>\n<meta property=\"og:url\" content=\"https:\/\/darkamazi.info\/archives\/1023702\" \/>\n<meta property=\"og:site_name\" content=\"Darka Maz\u00ee\" \/>\n<meta property=\"article:publisher\" content=\"https:\/\/www.facebook.com\/DarMaziKurmanci\" \/>\n<meta property=\"article:published_time\" content=\"2021-07-27T09:24:00+00:00\" \/>\n<meta property=\"og:image\" content=\"https:\/\/darkamazi.info\/file\/2021\/07\/pkk-2.jpg\" \/>\n\t<meta property=\"og:image:width\" content=\"900\" \/>\n\t<meta property=\"og:image:height\" content=\"497\" \/>\n\t<meta property=\"og:image:type\" content=\"image\/jpeg\" \/>\n<meta name=\"author\" content=\"darka mazi\" \/>\n<meta name=\"twitter:card\" content=\"summary_large_image\" \/>\n<meta name=\"twitter:creator\" content=\"@DarkaMaziLatini\" \/>\n<meta name=\"twitter:site\" content=\"@DarkaMaziLatini\" \/>\n<meta name=\"twitter:label1\" content=\"Written by\" \/>\n\t<meta name=\"twitter:data1\" content=\"darka mazi\" \/>\n\t<meta name=\"twitter:label2\" content=\"Est. reading time\" \/>\n\t<meta name=\"twitter:data2\" content=\"1 minute\" \/>\n<script type=\"application\/ld+json\" class=\"seo-schema-graph\">{\"@context\":\"https:\\\/\\\/schema.org\",\"@graph\":[{\"@type\":\"Article\",\"@id\":\"https:\\\/\\\/darkamazi.info\\\/archives\\\/1023702#article\",\"isPartOf\":{\"@id\":\"https:\\\/\\\/darkamazi.info\\\/archives\\\/1023702\"},\"author\":{\"name\":\"darka mazi\",\"@id\":\"https:\\\/\\\/darkamazi.info\\\/#\\\/schema\\\/person\\\/5ad3e24553a0567993fa8ed4bd0a776c\"},\"headline\":\"Osman Milo: PKK li ser daxwaza He\u015fd\u00ee \u015eab\u00ee \u00ear\u00ee\u015f\u00ee P\u00ea\u015fmerge dike\",\"datePublished\":\"2021-07-27T09:24:00+00:00\",\"mainEntityOfPage\":{\"@id\":\"https:\\\/\\\/darkamazi.info\\\/archives\\\/1023702\"},\"wordCount\":256,\"publisher\":{\"@id\":\"https:\\\/\\\/darkamazi.info\\\/#organization\"},\"image\":{\"@id\":\"https:\\\/\\\/darkamazi.info\\\/archives\\\/1023702#primaryimage\"},\"thumbnailUrl\":\"https:\\\/\\\/darkamazi.info\\\/darka-content\\\/uploads\\\/2021\\\/07\\\/pkk-2.jpg\",\"keywords\":[\"sereke\"],\"articleSection\":[\"Kurdistan\"],\"inLanguage\":\"en-US\"},{\"@type\":\"WebPage\",\"@id\":\"https:\\\/\\\/darkamazi.info\\\/archives\\\/1023702\",\"url\":\"https:\\\/\\\/darkamazi.info\\\/archives\\\/1023702\",\"name\":\"Osman Milo: PKK li ser daxwaza He\u015fd\u00ee \u015eab\u00ee \u00ear\u00ee\u015f\u00ee P\u00ea\u015fmerge dike - Darka Maz\u00ee\",\"isPartOf\":{\"@id\":\"https:\\\/\\\/darkamazi.info\\\/#website\"},\"primaryImageOfPage\":{\"@id\":\"https:\\\/\\\/darkamazi.info\\\/archives\\\/1023702#primaryimage\"},\"image\":{\"@id\":\"https:\\\/\\\/darkamazi.info\\\/archives\\\/1023702#primaryimage\"},\"thumbnailUrl\":\"https:\\\/\\\/darkamazi.info\\\/darka-content\\\/uploads\\\/2021\\\/07\\\/pkk-2.jpg\",\"datePublished\":\"2021-07-27T09:24:00+00:00\",\"breadcrumb\":{\"@id\":\"https:\\\/\\\/darkamazi.info\\\/archives\\\/1023702#breadcrumb\"},\"inLanguage\":\"en-US\",\"potentialAction\":[{\"@type\":\"ReadAction\",\"target\":[\"https:\\\/\\\/darkamazi.info\\\/archives\\\/1023702\"]}]},{\"@type\":\"ImageObject\",\"inLanguage\":\"en-US\",\"@id\":\"https:\\\/\\\/darkamazi.info\\\/archives\\\/1023702#primaryimage\",\"url\":\"https:\\\/\\\/darkamazi.info\\\/darka-content\\\/uploads\\\/2021\\\/07\\\/pkk-2.jpg\",\"contentUrl\":\"https:\\\/\\\/darkamazi.info\\\/darka-content\\\/uploads\\\/2021\\\/07\\\/pkk-2.jpg\",\"width\":900,\"height\":497,\"caption\":\"Osman Milo: PKK li ser daxwaza He\u015fd\u00ee \u015eab\u00ee \u00ear\u00ee\u015f\u00ee P\u00ea\u015fmerge dike\"},{\"@type\":\"BreadcrumbList\",\"@id\":\"https:\\\/\\\/darkamazi.info\\\/archives\\\/1023702#breadcrumb\",\"itemListElement\":[{\"@type\":\"ListItem\",\"position\":1,\"name\":\"Home\",\"item\":\"https:\\\/\\\/darkamazi.info\\\/\"},{\"@type\":\"ListItem\",\"position\":2,\"name\":\"Osman Milo: PKK li ser daxwaza He\u015fd\u00ee \u015eab\u00ee \u00ear\u00ee\u015f\u00ee P\u00ea\u015fmerge dike\"}]},{\"@type\":\"WebSite\",\"@id\":\"https:\\\/\\\/darkamazi.info\\\/#website\",\"url\":\"https:\\\/\\\/darkamazi.info\\\/\",\"name\":\"Darka Maz\u00ee\",\"description\":\"P\u00eageha Zanyariy\u00ean Nebih\u00eest\u00ee\",\"publisher\":{\"@id\":\"https:\\\/\\\/darkamazi.info\\\/#organization\"},\"potentialAction\":[{\"@type\":\"SearchAction\",\"target\":{\"@type\":\"EntryPoint\",\"urlTemplate\":\"https:\\\/\\\/darkamazi.info\\\/?s={search_term_string}\"},\"query-input\":{\"@type\":\"PropertyValueSpecification\",\"valueRequired\":true,\"valueName\":\"search_term_string\"}}],\"inLanguage\":\"en-US\"},{\"@type\":\"Organization\",\"@id\":\"https:\\\/\\\/darkamazi.info\\\/#organization\",\"name\":\"Darka Maz\u00ee\",\"url\":\"https:\\\/\\\/darkamazi.info\\\/\",\"logo\":{\"@type\":\"ImageObject\",\"inLanguage\":\"en-US\",\"@id\":\"https:\\\/\\\/darkamazi.info\\\/#\\\/schema\\\/logo\\\/image\\\/\",\"url\":\"https:\\\/\\\/darkamazi.info\\\/darka-content\\\/uploads\\\/2017\\\/12\\\/darka-mazi-logo.png\",\"contentUrl\":\"https:\\\/\\\/darkamazi.info\\\/darka-content\\\/uploads\\\/2017\\\/12\\\/darka-mazi-logo.png\",\"width\":151,\"height\":75,\"caption\":\"Darka Maz\u00ee\"},\"image\":{\"@id\":\"https:\\\/\\\/darkamazi.info\\\/#\\\/schema\\\/logo\\\/image\\\/\"},\"sameAs\":[\"https:\\\/\\\/www.facebook.com\\\/DarMaziKurmanci\",\"https:\\\/\\\/x.com\\\/DarkaMaziLatini\",\"https:\\\/\\\/www.instagram.com\\\/darkamazi.kurmanci\\\/\",\"https:\\\/\\\/www.youtube.com\\\/channel\\\/UCa5HkTdmI8U1qCUFuTw8B2g\"]},{\"@type\":\"Person\",\"@id\":\"https:\\\/\\\/darkamazi.info\\\/#\\\/schema\\\/person\\\/5ad3e24553a0567993fa8ed4bd0a776c\",\"name\":\"darka mazi\",\"sameAs\":[\"https:\\\/\\\/darkamazi.info\\\/\"],\"url\":\"https:\\\/\\\/darkamazi.info\\\/archives\\\/author\\\/kurdi\"}]}<\/script>\n<!-- \/ Yoast SEO plugin. -->","seo_head_json":{"title":"Osman Milo: PKK li ser daxwaza He\u015fd\u00ee \u015eab\u00ee \u00ear\u00ee\u015f\u00ee P\u00ea\u015fmerge dike - Darka Maz\u00ee","robots":{"index":"index","follow":"follow","max-snippet":"max-snippet:-1","max-image-preview":"max-image-preview:large","max-video-preview":"max-video-preview:-1"},"canonical":"https:\/\/darkamazi.info\/archives\/1023702","og_locale":"en_US","og_type":"article","og_title":"Osman Milo: PKK li ser daxwaza He\u015fd\u00ee \u015eab\u00ee \u00ear\u00ee\u015f\u00ee P\u00ea\u015fmerge dike - Darka Maz\u00ee","og_description":"Serkirdey\u00ea Rojavay\u00ea Kurdistan\u00ea \u00fb endam\u00ea Serkirdayetiya Partiya Demokrata Kurdistana S\u00fbriy\u00ea (PDKS) Osman Milo dib\u00eaje \u00ear\u00ee\u015f\u00ean PKK\u00ea \u00eest\u00eekrara Her\u00eama Kurdistan\u00ea dikin armanc \u00fb PKK li ser daxwaza dagirker\u00ean Kurdistan\u00ea \u00fb He\u015fd\u00ee \u015eab\u00ee \u00ear\u00ee\u015f\u00ee P\u00ea\u015fmerge dike. Endam\u00ea Serkidayetiya PDKS\u00ea Osman Milo ji BasNews\u00ea re axiv\u00ee \u00fb ragihand ew \u00ear\u00ee\u015f\u00ean PKK\u00ea bo ser P\u00ea\u015fmerge \u00eest\u00eekrara Her\u00eama Kurdistan\u00ea dike [&hellip;]","og_url":"https:\/\/darkamazi.info\/archives\/1023702","og_site_name":"Darka Maz\u00ee","article_publisher":"https:\/\/www.facebook.com\/DarMaziKurmanci","article_published_time":"2021-07-27T09:24:00+00:00","og_image":[{"width":900,"height":497,"url":"https:\/\/darkamazi.info\/file\/2021\/07\/pkk-2.jpg","type":"image\/jpeg"}],"author":"darka mazi","twitter_card":"summary_large_image","twitter_creator":"@DarkaMaziLatini","twitter_site":"@DarkaMaziLatini","twitter_misc":{"Written by":"darka mazi","Est. reading time":"1 minute"},"schema":{"@context":"https:\/\/schema.org","@graph":[{"@type":"Article","@id":"https:\/\/darkamazi.info\/archives\/1023702#article","isPartOf":{"@id":"https:\/\/darkamazi.info\/archives\/1023702"},"author":{"name":"darka mazi","@id":"https:\/\/darkamazi.info\/#\/schema\/person\/5ad3e24553a0567993fa8ed4bd0a776c"},"headline":"Osman Milo: PKK li ser daxwaza He\u015fd\u00ee \u015eab\u00ee \u00ear\u00ee\u015f\u00ee P\u00ea\u015fmerge dike","datePublished":"2021-07-27T09:24:00+00:00","mainEntityOfPage":{"@id":"https:\/\/darkamazi.info\/archives\/1023702"},"wordCount":256,"publisher":{"@id":"https:\/\/darkamazi.info\/#organization"},"image":{"@id":"https:\/\/darkamazi.info\/archives\/1023702#primaryimage"},"thumbnailUrl":"https:\/\/darkamazi.info\/file\/2021\/07\/pkk-2.jpg","keywords":["sereke"],"articleSection":["Kurdistan"],"inLanguage":"en-US"},{"@type":"WebPage","@id":"https:\/\/darkamazi.info\/archives\/1023702","url":"https:\/\/darkamazi.info\/archives\/1023702","name":"Osman Milo: PKK li ser daxwaza He\u015fd\u00ee \u015eab\u00ee \u00ear\u00ee\u015f\u00ee P\u00ea\u015fmerge dike - Darka Maz\u00ee","isPartOf":{"@id":"https:\/\/darkamazi.info\/#website"},"primaryImageOfPage":{"@id":"https:\/\/darkamazi.info\/archives\/1023702#primaryimage"},"image":{"@id":"https:\/\/darkamazi.info\/archives\/1023702#primaryimage"},"thumbnailUrl":"https:\/\/darkamazi.info\/file\/2021\/07\/pkk-2.jpg","datePublished":"2021-07-27T09:24:00+00:00","breadcrumb":{"@id":"https:\/\/darkamazi.info\/archives\/1023702#breadcrumb"},"inLanguage":"en-US","potentialAction":[{"@type":"ReadAction","target":["https:\/\/darkamazi.info\/archives\/1023702"]}]},{"@type":"ImageObject","inLanguage":"en-US","@id":"https:\/\/darkamazi.info\/archives\/1023702#primaryimage","url":"https:\/\/darkamazi.info\/file\/2021\/07\/pkk-2.jpg","contentUrl":"https:\/\/darkamazi.info\/file\/2021\/07\/pkk-2.jpg","width":900,"height":497,"caption":"Osman Milo: PKK li ser daxwaza He\u015fd\u00ee \u015eab\u00ee \u00ear\u00ee\u015f\u00ee P\u00ea\u015fmerge dike"},{"@type":"BreadcrumbList","@id":"https:\/\/darkamazi.info\/archives\/1023702#breadcrumb","itemListElement":[{"@type":"ListItem","position":1,"name":"Home","item":"https:\/\/darkamazi.info\/"},{"@type":"ListItem","position":2,"name":"Osman Milo: PKK li ser daxwaza He\u015fd\u00ee \u015eab\u00ee \u00ear\u00ee\u015f\u00ee P\u00ea\u015fmerge dike"}]},{"@type":"WebSite","@id":"https:\/\/darkamazi.info\/#website","url":"https:\/\/darkamazi.info\/","name":"Darka Maz\u00ee","description":"P\u00eageha Zanyariy\u00ean Nebih\u00eest\u00ee","publisher":{"@id":"https:\/\/darkamazi.info\/#organization"},"potentialAction":[{"@type":"SearchAction","target":{"@type":"EntryPoint","urlTemplate":"https:\/\/darkamazi.info\/?s={search_term_string}"},"query-input":{"@type":"PropertyValueSpecification","valueRequired":true,"valueName":"search_term_string"}}],"inLanguage":"en-US"},{"@type":"Organization","@id":"https:\/\/darkamazi.info\/#organization","name":"Darka Maz\u00ee","url":"https:\/\/darkamazi.info\/","logo":{"@type":"ImageObject","inLanguage":"en-US","@id":"https:\/\/darkamazi.info\/#\/schema\/logo\/image\/","url":"https:\/\/darkamazi.info\/file\/2017\/12\/darka-mazi-logo.png","contentUrl":"https:\/\/darkamazi.info\/file\/2017\/12\/darka-mazi-logo.png","width":151,"height":75,"caption":"Darka Maz\u00ee"},"image":{"@id":"https:\/\/darkamazi.info\/#\/schema\/logo\/image\/"},"sameAs":["https:\/\/www.facebook.com\/DarMaziKurmanci","https:\/\/x.com\/DarkaMaziLatini","https:\/\/www.instagram.com\/darkamazi.kurmanci\/","https:\/\/www.youtube.com\/channel\/UCa5HkTdmI8U1qCUFuTw8B2g"]},{"@type":"Person","@id":"https:\/\/darkamazi.info\/#\/schema\/person\/5ad3e24553a0567993fa8ed4bd0a776c","name":"darka mazi","sameAs":["https:\/\/darkamazi.info\/"],"url":"https:\/\/darkamazi.info\/archives\/author\/kurdi"}]}},"_links":{"self":[{"href":"https:\/\/darkamazi.info\/funavuv\/wp\/v2\/posts\/1023702","targetHints":{"allow":["GET"]}}],"collection":[{"href":"https:\/\/darkamazi.info\/funavuv\/wp\/v2\/posts"}],"about":[{"href":"https:\/\/darkamazi.info\/funavuv\/wp\/v2\/types\/post"}],"author":[{"embeddable":true,"href":"https:\/\/darkamazi.info\/funavuv\/wp\/v2\/users\/2"}],"replies":[{"embeddable":true,"href":"https:\/\/darkamazi.info\/funavuv\/wp\/v2\/comments?post=1023702"}],"version-history":[{"count":0,"href":"https:\/\/darkamazi.info\/funavuv\/wp\/v2\/posts\/1023702\/revisions"}],"wp:featuredmedia":[{"embeddable":true,"href":"https:\/\/darkamazi.info\/funavuv\/wp\/v2\/media\/1023703"}],"wp:attachment":[{"href":"https:\/\/darkamazi.info\/funavuv\/wp\/v2\/media?parent=1023702"}],"wp:term":[{"taxonomy":"category","embeddable":true,"href":"https:\/\/darkamazi.info\/funavuv\/wp\/v2\/categories?post=1023702"},{"taxonomy":"post_tag","embeddable":true,"href":"https:\/\/darkamazi.info\/funavuv\/wp\/v2\/tags?post=1023702"}],"curies":[{"name":"wp","href":"https:\/\/api.w.org\/{rel}","templated":true}]}}