{"id":1023723,"date":"2021-07-28T10:08:50","date_gmt":"2021-07-28T07:08:50","guid":{"rendered":"https:\/\/darkamazi.info\/?p=1023723"},"modified":"2021-07-28T10:08:50","modified_gmt":"2021-07-28T07:08:50","slug":"2-leskeren-tirkiye-li-xakurke-hatin-kustin","status":"publish","type":"post","link":"https:\/\/darkamazi.info\/archives\/1023723","title":{"rendered":"2 le\u015fker\u00ean Tirkiy\u00ea li Xakurk\u00ea hatin ku\u015ftin"},"content":{"rendered":"<h3 style=\"text-align: justify\"><span style=\"font-family: 'arial black', sans-serif\">Li her\u00eama Xakurk\u00ea ya Ba\u015f\u00fbr\u00ea Kurdistan\u00ea \u015fer di navbera le\u015fker\u00ean art\u00ea\u015fa Tirkiy\u00ea \u00fb ger\u00eelay\u00ean PKK\u00ea de derket \u00fb di encam\u00ea de 2 le\u015fker hatin ku\u015ftin \u00fb le\u015fkerek\u00ee din j\u00ee bir\u00eenda b\u00fb. Herwiha ger\u00eelayek PKK\u00ea j\u00ee can\u00ea xwe ji dest daye.<\/span><\/h3>\n<h3 style=\"text-align: justify\"><span style=\"font-family: arial, helvetica, sans-serif\">Wezareta Berevaniya Tirkiy\u00ea di daxuyaniyek\u00ea de ragihandiye, li her\u00eama Xakurk\u00ea ya Ba\u015f\u00fbr\u00ea Kurdistan\u00ea pev\u00e7\u00fbn di navre le\u015fker\u00ean wan \u00fb ger\u00eelay\u00ean PKK\u00ea de derket.<\/span><\/h3>\n<h3 style=\"text-align: justify\"><span style=\"font-family: arial, helvetica, sans-serif\">Li gor daxuyaniy\u00ea le\u015fker\u00eana wan li nav\u00e7eya Operasyona Pen\u00e7e (\u00c7eng) de hatiye ku\u015ftin \u00fb le\u015fkerek\u00ee din j\u00ee bir\u00eendar b\u00fbye.<\/span><\/h3>\n<h3 style=\"text-align: justify\"><span style=\"font-family: arial, helvetica, sans-serif\">Wezareta Berevaniya Tirkiy\u00ea e\u015fkere kir ku, ew serbaz\u00ean wan di encama pev\u00e7\u00fbneke li gel PKK\u00ea de can\u00ea xwe ji dest dane.<\/span><\/h3>\n<h3 style=\"text-align: justify\"><span style=\"font-family: arial, helvetica, sans-serif\">Li gor daxuyaniy\u00ea di encama pev\u00e7\u00fbn\u00ea de ger\u00eelayek\u00ee PKK\u00ea j\u00ee can\u00ea xwe ji daye.<\/span><\/h3>\n<h3 style=\"text-align: justify\"><span style=\"font-family: arial, helvetica, sans-serif\">Derbar\u00ea mijar\u00ea de heta niha PKK\u00ea \u00fb bask\u00ea w\u00ea y\u00ea \u00e7ekdar ti daxuyan\u00ee nedane.<\/span><\/h3>\n","protected":false},"excerpt":{"rendered":"<p>Li her\u00eama Xakurk\u00ea ya Ba\u015f\u00fbr\u00ea Kurdistan\u00ea \u015fer di navbera le\u015fker\u00ean art\u00ea\u015fa Tirkiy\u00ea \u00fb ger\u00eelay\u00ean PKK\u00ea de derket \u00fb di encam\u00ea de 2 le\u015fker hatin ku\u015ftin \u00fb le\u015fkerek\u00ee din j\u00ee bir\u00eenda b\u00fb. Herwiha ger\u00eelayek PKK\u00ea j\u00ee can\u00ea xwe ji dest daye. Wezareta Berevaniya Tirkiy\u00ea di daxuyaniyek\u00ea de ragihandiye, li her\u00eama Xakurk\u00ea ya Ba\u015f\u00fbr\u00ea Kurdistan\u00ea pev\u00e7\u00fbn di [&hellip;]<\/p>\n","protected":false},"author":2,"featured_media":1023724,"comment_status":"closed","ping_status":"closed","sticky":false,"template":"","format":"standard","meta":{"footnotes":""},"categories":[29],"tags":[37],"class_list":["post-1023723","post","type-post","status-publish","format-standard","has-post-thumbnail","hentry","category-kurdistan","tag-sereke"],"blocksy_meta":[],"seo_head":"<!-- This site is optimized with the Yoast SEO plugin v27.5 - https:\/\/yoast.com\/product\/yoast-seo-wordpress\/ -->\n<title>2 le\u015fker\u00ean Tirkiy\u00ea li Xakurk\u00ea hatin ku\u015ftin - Darka Maz\u00ee<\/title>\n<meta name=\"robots\" content=\"index, follow, max-snippet:-1, max-image-preview:large, max-video-preview:-1\" \/>\n<link rel=\"canonical\" href=\"https:\/\/darkamazi.info\/archives\/1023723\" \/>\n<meta property=\"og:locale\" content=\"en_US\" \/>\n<meta property=\"og:type\" content=\"article\" \/>\n<meta property=\"og:title\" content=\"2 le\u015fker\u00ean Tirkiy\u00ea li Xakurk\u00ea hatin ku\u015ftin - Darka Maz\u00ee\" \/>\n<meta property=\"og:description\" content=\"Li her\u00eama Xakurk\u00ea ya Ba\u015f\u00fbr\u00ea Kurdistan\u00ea \u015fer di navbera le\u015fker\u00ean art\u00ea\u015fa Tirkiy\u00ea \u00fb ger\u00eelay\u00ean PKK\u00ea de derket \u00fb di encam\u00ea de 2 le\u015fker hatin ku\u015ftin \u00fb le\u015fkerek\u00ee din j\u00ee bir\u00eenda b\u00fb. Herwiha ger\u00eelayek PKK\u00ea j\u00ee can\u00ea xwe ji dest daye. Wezareta Berevaniya Tirkiy\u00ea di daxuyaniyek\u00ea de ragihandiye, li her\u00eama Xakurk\u00ea ya Ba\u015f\u00fbr\u00ea Kurdistan\u00ea pev\u00e7\u00fbn di [&hellip;]\" \/>\n<meta property=\"og:url\" content=\"https:\/\/darkamazi.info\/archives\/1023723\" \/>\n<meta property=\"og:site_name\" content=\"Darka Maz\u00ee\" \/>\n<meta property=\"article:publisher\" content=\"https:\/\/www.facebook.com\/DarMaziKurmanci\" \/>\n<meta property=\"article:published_time\" content=\"2021-07-28T07:08:50+00:00\" \/>\n<meta property=\"og:image\" content=\"https:\/\/darkamazi.info\/file\/2021\/07\/\u062e\u0627\u0643\u0648\u0631\u0643-xakurk-hakurk-1.jpg\" \/>\n\t<meta property=\"og:image:width\" content=\"900\" \/>\n\t<meta property=\"og:image:height\" content=\"497\" \/>\n\t<meta property=\"og:image:type\" content=\"image\/jpeg\" \/>\n<meta name=\"author\" content=\"darka mazi\" \/>\n<meta name=\"twitter:card\" content=\"summary_large_image\" \/>\n<meta name=\"twitter:creator\" content=\"@DarkaMaziLatini\" \/>\n<meta name=\"twitter:site\" content=\"@DarkaMaziLatini\" \/>\n<meta name=\"twitter:label1\" content=\"Written by\" \/>\n\t<meta name=\"twitter:data1\" content=\"darka mazi\" \/>\n\t<meta name=\"twitter:label2\" content=\"Est. reading time\" \/>\n\t<meta name=\"twitter:data2\" content=\"1 minute\" \/>\n<script type=\"application\/ld+json\" class=\"seo-schema-graph\">{\"@context\":\"https:\\\/\\\/schema.org\",\"@graph\":[{\"@type\":\"Article\",\"@id\":\"https:\\\/\\\/darkamazi.info\\\/archives\\\/1023723#article\",\"isPartOf\":{\"@id\":\"https:\\\/\\\/darkamazi.info\\\/archives\\\/1023723\"},\"author\":{\"name\":\"darka mazi\",\"@id\":\"https:\\\/\\\/darkamazi.info\\\/#\\\/schema\\\/person\\\/5ad3e24553a0567993fa8ed4bd0a776c\"},\"headline\":\"2 le\u015fker\u00ean Tirkiy\u00ea li Xakurk\u00ea hatin ku\u015ftin\",\"datePublished\":\"2021-07-28T07:08:50+00:00\",\"mainEntityOfPage\":{\"@id\":\"https:\\\/\\\/darkamazi.info\\\/archives\\\/1023723\"},\"wordCount\":165,\"publisher\":{\"@id\":\"https:\\\/\\\/darkamazi.info\\\/#organization\"},\"image\":{\"@id\":\"https:\\\/\\\/darkamazi.info\\\/archives\\\/1023723#primaryimage\"},\"thumbnailUrl\":\"https:\\\/\\\/darkamazi.info\\\/darka-content\\\/uploads\\\/2021\\\/07\\\/\u062e\u0627\u0643\u0648\u0631\u0643-xakurk-hakurk-1.jpg\",\"keywords\":[\"sereke\"],\"articleSection\":[\"Kurdistan\"],\"inLanguage\":\"en-US\"},{\"@type\":\"WebPage\",\"@id\":\"https:\\\/\\\/darkamazi.info\\\/archives\\\/1023723\",\"url\":\"https:\\\/\\\/darkamazi.info\\\/archives\\\/1023723\",\"name\":\"2 le\u015fker\u00ean Tirkiy\u00ea li Xakurk\u00ea hatin ku\u015ftin - Darka Maz\u00ee\",\"isPartOf\":{\"@id\":\"https:\\\/\\\/darkamazi.info\\\/#website\"},\"primaryImageOfPage\":{\"@id\":\"https:\\\/\\\/darkamazi.info\\\/archives\\\/1023723#primaryimage\"},\"image\":{\"@id\":\"https:\\\/\\\/darkamazi.info\\\/archives\\\/1023723#primaryimage\"},\"thumbnailUrl\":\"https:\\\/\\\/darkamazi.info\\\/darka-content\\\/uploads\\\/2021\\\/07\\\/\u062e\u0627\u0643\u0648\u0631\u0643-xakurk-hakurk-1.jpg\",\"datePublished\":\"2021-07-28T07:08:50+00:00\",\"breadcrumb\":{\"@id\":\"https:\\\/\\\/darkamazi.info\\\/archives\\\/1023723#breadcrumb\"},\"inLanguage\":\"en-US\",\"potentialAction\":[{\"@type\":\"ReadAction\",\"target\":[\"https:\\\/\\\/darkamazi.info\\\/archives\\\/1023723\"]}]},{\"@type\":\"ImageObject\",\"inLanguage\":\"en-US\",\"@id\":\"https:\\\/\\\/darkamazi.info\\\/archives\\\/1023723#primaryimage\",\"url\":\"https:\\\/\\\/darkamazi.info\\\/darka-content\\\/uploads\\\/2021\\\/07\\\/\u062e\u0627\u0643\u0648\u0631\u0643-xakurk-hakurk-1.jpg\",\"contentUrl\":\"https:\\\/\\\/darkamazi.info\\\/darka-content\\\/uploads\\\/2021\\\/07\\\/\u062e\u0627\u0643\u0648\u0631\u0643-xakurk-hakurk-1.jpg\",\"width\":900,\"height\":497,\"caption\":\"2 le\u015fker\u00ean Tirkiy\u00ea li Xakurk\u00ea hatin ku\u015ftin\"},{\"@type\":\"BreadcrumbList\",\"@id\":\"https:\\\/\\\/darkamazi.info\\\/archives\\\/1023723#breadcrumb\",\"itemListElement\":[{\"@type\":\"ListItem\",\"position\":1,\"name\":\"Home\",\"item\":\"https:\\\/\\\/darkamazi.info\\\/\"},{\"@type\":\"ListItem\",\"position\":2,\"name\":\"2 le\u015fker\u00ean Tirkiy\u00ea li Xakurk\u00ea hatin ku\u015ftin\"}]},{\"@type\":\"WebSite\",\"@id\":\"https:\\\/\\\/darkamazi.info\\\/#website\",\"url\":\"https:\\\/\\\/darkamazi.info\\\/\",\"name\":\"Darka Maz\u00ee\",\"description\":\"P\u00eageha Zanyariy\u00ean Nebih\u00eest\u00ee\",\"publisher\":{\"@id\":\"https:\\\/\\\/darkamazi.info\\\/#organization\"},\"potentialAction\":[{\"@type\":\"SearchAction\",\"target\":{\"@type\":\"EntryPoint\",\"urlTemplate\":\"https:\\\/\\\/darkamazi.info\\\/?s={search_term_string}\"},\"query-input\":{\"@type\":\"PropertyValueSpecification\",\"valueRequired\":true,\"valueName\":\"search_term_string\"}}],\"inLanguage\":\"en-US\"},{\"@type\":\"Organization\",\"@id\":\"https:\\\/\\\/darkamazi.info\\\/#organization\",\"name\":\"Darka Maz\u00ee\",\"url\":\"https:\\\/\\\/darkamazi.info\\\/\",\"logo\":{\"@type\":\"ImageObject\",\"inLanguage\":\"en-US\",\"@id\":\"https:\\\/\\\/darkamazi.info\\\/#\\\/schema\\\/logo\\\/image\\\/\",\"url\":\"https:\\\/\\\/darkamazi.info\\\/darka-content\\\/uploads\\\/2017\\\/12\\\/darka-mazi-logo.png\",\"contentUrl\":\"https:\\\/\\\/darkamazi.info\\\/darka-content\\\/uploads\\\/2017\\\/12\\\/darka-mazi-logo.png\",\"width\":151,\"height\":75,\"caption\":\"Darka Maz\u00ee\"},\"image\":{\"@id\":\"https:\\\/\\\/darkamazi.info\\\/#\\\/schema\\\/logo\\\/image\\\/\"},\"sameAs\":[\"https:\\\/\\\/www.facebook.com\\\/DarMaziKurmanci\",\"https:\\\/\\\/x.com\\\/DarkaMaziLatini\",\"https:\\\/\\\/www.instagram.com\\\/darkamazi.kurmanci\\\/\",\"https:\\\/\\\/www.youtube.com\\\/channel\\\/UCa5HkTdmI8U1qCUFuTw8B2g\"]},{\"@type\":\"Person\",\"@id\":\"https:\\\/\\\/darkamazi.info\\\/#\\\/schema\\\/person\\\/5ad3e24553a0567993fa8ed4bd0a776c\",\"name\":\"darka mazi\",\"sameAs\":[\"https:\\\/\\\/darkamazi.info\\\/\"],\"url\":\"https:\\\/\\\/darkamazi.info\\\/archives\\\/author\\\/kurdi\"}]}<\/script>\n<!-- \/ Yoast SEO plugin. -->","seo_head_json":{"title":"2 le\u015fker\u00ean Tirkiy\u00ea li Xakurk\u00ea hatin ku\u015ftin - Darka Maz\u00ee","robots":{"index":"index","follow":"follow","max-snippet":"max-snippet:-1","max-image-preview":"max-image-preview:large","max-video-preview":"max-video-preview:-1"},"canonical":"https:\/\/darkamazi.info\/archives\/1023723","og_locale":"en_US","og_type":"article","og_title":"2 le\u015fker\u00ean Tirkiy\u00ea li Xakurk\u00ea hatin ku\u015ftin - Darka Maz\u00ee","og_description":"Li her\u00eama Xakurk\u00ea ya Ba\u015f\u00fbr\u00ea Kurdistan\u00ea \u015fer di navbera le\u015fker\u00ean art\u00ea\u015fa Tirkiy\u00ea \u00fb ger\u00eelay\u00ean PKK\u00ea de derket \u00fb di encam\u00ea de 2 le\u015fker hatin ku\u015ftin \u00fb le\u015fkerek\u00ee din j\u00ee bir\u00eenda b\u00fb. Herwiha ger\u00eelayek PKK\u00ea j\u00ee can\u00ea xwe ji dest daye. Wezareta Berevaniya Tirkiy\u00ea di daxuyaniyek\u00ea de ragihandiye, li her\u00eama Xakurk\u00ea ya Ba\u015f\u00fbr\u00ea Kurdistan\u00ea pev\u00e7\u00fbn di [&hellip;]","og_url":"https:\/\/darkamazi.info\/archives\/1023723","og_site_name":"Darka Maz\u00ee","article_publisher":"https:\/\/www.facebook.com\/DarMaziKurmanci","article_published_time":"2021-07-28T07:08:50+00:00","og_image":[{"width":900,"height":497,"url":"https:\/\/darkamazi.info\/file\/2021\/07\/\u062e\u0627\u0643\u0648\u0631\u0643-xakurk-hakurk-1.jpg","type":"image\/jpeg"}],"author":"darka mazi","twitter_card":"summary_large_image","twitter_creator":"@DarkaMaziLatini","twitter_site":"@DarkaMaziLatini","twitter_misc":{"Written by":"darka mazi","Est. reading time":"1 minute"},"schema":{"@context":"https:\/\/schema.org","@graph":[{"@type":"Article","@id":"https:\/\/darkamazi.info\/archives\/1023723#article","isPartOf":{"@id":"https:\/\/darkamazi.info\/archives\/1023723"},"author":{"name":"darka mazi","@id":"https:\/\/darkamazi.info\/#\/schema\/person\/5ad3e24553a0567993fa8ed4bd0a776c"},"headline":"2 le\u015fker\u00ean Tirkiy\u00ea li Xakurk\u00ea hatin ku\u015ftin","datePublished":"2021-07-28T07:08:50+00:00","mainEntityOfPage":{"@id":"https:\/\/darkamazi.info\/archives\/1023723"},"wordCount":165,"publisher":{"@id":"https:\/\/darkamazi.info\/#organization"},"image":{"@id":"https:\/\/darkamazi.info\/archives\/1023723#primaryimage"},"thumbnailUrl":"https:\/\/darkamazi.info\/file\/2021\/07\/\u062e\u0627\u0643\u0648\u0631\u0643-xakurk-hakurk-1.jpg","keywords":["sereke"],"articleSection":["Kurdistan"],"inLanguage":"en-US"},{"@type":"WebPage","@id":"https:\/\/darkamazi.info\/archives\/1023723","url":"https:\/\/darkamazi.info\/archives\/1023723","name":"2 le\u015fker\u00ean Tirkiy\u00ea li Xakurk\u00ea hatin ku\u015ftin - Darka Maz\u00ee","isPartOf":{"@id":"https:\/\/darkamazi.info\/#website"},"primaryImageOfPage":{"@id":"https:\/\/darkamazi.info\/archives\/1023723#primaryimage"},"image":{"@id":"https:\/\/darkamazi.info\/archives\/1023723#primaryimage"},"thumbnailUrl":"https:\/\/darkamazi.info\/file\/2021\/07\/\u062e\u0627\u0643\u0648\u0631\u0643-xakurk-hakurk-1.jpg","datePublished":"2021-07-28T07:08:50+00:00","breadcrumb":{"@id":"https:\/\/darkamazi.info\/archives\/1023723#breadcrumb"},"inLanguage":"en-US","potentialAction":[{"@type":"ReadAction","target":["https:\/\/darkamazi.info\/archives\/1023723"]}]},{"@type":"ImageObject","inLanguage":"en-US","@id":"https:\/\/darkamazi.info\/archives\/1023723#primaryimage","url":"https:\/\/darkamazi.info\/file\/2021\/07\/\u062e\u0627\u0643\u0648\u0631\u0643-xakurk-hakurk-1.jpg","contentUrl":"https:\/\/darkamazi.info\/file\/2021\/07\/\u062e\u0627\u0643\u0648\u0631\u0643-xakurk-hakurk-1.jpg","width":900,"height":497,"caption":"2 le\u015fker\u00ean Tirkiy\u00ea li Xakurk\u00ea hatin ku\u015ftin"},{"@type":"BreadcrumbList","@id":"https:\/\/darkamazi.info\/archives\/1023723#breadcrumb","itemListElement":[{"@type":"ListItem","position":1,"name":"Home","item":"https:\/\/darkamazi.info\/"},{"@type":"ListItem","position":2,"name":"2 le\u015fker\u00ean Tirkiy\u00ea li Xakurk\u00ea hatin ku\u015ftin"}]},{"@type":"WebSite","@id":"https:\/\/darkamazi.info\/#website","url":"https:\/\/darkamazi.info\/","name":"Darka Maz\u00ee","description":"P\u00eageha Zanyariy\u00ean Nebih\u00eest\u00ee","publisher":{"@id":"https:\/\/darkamazi.info\/#organization"},"potentialAction":[{"@type":"SearchAction","target":{"@type":"EntryPoint","urlTemplate":"https:\/\/darkamazi.info\/?s={search_term_string}"},"query-input":{"@type":"PropertyValueSpecification","valueRequired":true,"valueName":"search_term_string"}}],"inLanguage":"en-US"},{"@type":"Organization","@id":"https:\/\/darkamazi.info\/#organization","name":"Darka Maz\u00ee","url":"https:\/\/darkamazi.info\/","logo":{"@type":"ImageObject","inLanguage":"en-US","@id":"https:\/\/darkamazi.info\/#\/schema\/logo\/image\/","url":"https:\/\/darkamazi.info\/file\/2017\/12\/darka-mazi-logo.png","contentUrl":"https:\/\/darkamazi.info\/file\/2017\/12\/darka-mazi-logo.png","width":151,"height":75,"caption":"Darka Maz\u00ee"},"image":{"@id":"https:\/\/darkamazi.info\/#\/schema\/logo\/image\/"},"sameAs":["https:\/\/www.facebook.com\/DarMaziKurmanci","https:\/\/x.com\/DarkaMaziLatini","https:\/\/www.instagram.com\/darkamazi.kurmanci\/","https:\/\/www.youtube.com\/channel\/UCa5HkTdmI8U1qCUFuTw8B2g"]},{"@type":"Person","@id":"https:\/\/darkamazi.info\/#\/schema\/person\/5ad3e24553a0567993fa8ed4bd0a776c","name":"darka mazi","sameAs":["https:\/\/darkamazi.info\/"],"url":"https:\/\/darkamazi.info\/archives\/author\/kurdi"}]}},"_links":{"self":[{"href":"https:\/\/darkamazi.info\/funavuv\/wp\/v2\/posts\/1023723","targetHints":{"allow":["GET"]}}],"collection":[{"href":"https:\/\/darkamazi.info\/funavuv\/wp\/v2\/posts"}],"about":[{"href":"https:\/\/darkamazi.info\/funavuv\/wp\/v2\/types\/post"}],"author":[{"embeddable":true,"href":"https:\/\/darkamazi.info\/funavuv\/wp\/v2\/users\/2"}],"replies":[{"embeddable":true,"href":"https:\/\/darkamazi.info\/funavuv\/wp\/v2\/comments?post=1023723"}],"version-history":[{"count":0,"href":"https:\/\/darkamazi.info\/funavuv\/wp\/v2\/posts\/1023723\/revisions"}],"wp:featuredmedia":[{"embeddable":true,"href":"https:\/\/darkamazi.info\/funavuv\/wp\/v2\/media\/1023724"}],"wp:attachment":[{"href":"https:\/\/darkamazi.info\/funavuv\/wp\/v2\/media?parent=1023723"}],"wp:term":[{"taxonomy":"category","embeddable":true,"href":"https:\/\/darkamazi.info\/funavuv\/wp\/v2\/categories?post=1023723"},{"taxonomy":"post_tag","embeddable":true,"href":"https:\/\/darkamazi.info\/funavuv\/wp\/v2\/tags?post=1023723"}],"curies":[{"name":"wp","href":"https:\/\/api.w.org\/{rel}","templated":true}]}}