{"id":1023760,"date":"2021-07-29T12:55:38","date_gmt":"2021-07-29T09:55:38","guid":{"rendered":"https:\/\/darkamazi.info\/?p=1023760"},"modified":"2021-07-29T12:55:38","modified_gmt":"2021-07-29T09:55:38","slug":"dewleta-tirk-bombe-li-malen-welatiyan-barandin","status":"publish","type":"post","link":"https:\/\/darkamazi.info\/archives\/1023760","title":{"rendered":"Dewleta Tirk bombe li mal\u00ean welatiyan barandin"},"content":{"rendered":"<h3 style=\"text-align: justify\"><span style=\"font-family: 'arial black', sans-serif\">Art\u00ea\u015fa Tirkiy\u00ea \u00fb kom\u00ean \u00e7ekdar \u00ean ser bi w\u00ea ve, li bakur\u00ea rojavay\u00ea Minbic\u00ea top av\u00eatin gundek\u00ee, ji ber \u00eari\u015f\u00ea xisar li gelek malan b\u00fb, gundek\u00ee \u015eehbay\u00ea j\u00ee b\u00fb armanca topbarana dag\u00eerkeran.<\/span><\/h3>\n<h3 style=\"text-align: justify\"><span style=\"font-family: arial, helvetica, sans-serif\">Li gor\u00ee navenda ragihandin \u00fb \u00e7apemeniy\u00ea a enc\u00fbmena le\u015fkir\u00ee a Minbic\u00ea, art\u00ea\u015fa Tirkiy\u00ea \u00fb kom\u00ean \u00e7ekdar\u00ean gir\u00eaday\u00ee w\u00ea ji biryargeha li gund\u00ea Ya\u015fl\u00eey\u00ea li rojavay\u00ea Minbic\u00ea top av\u00eatin gund\u00ea El Seyada \u00fb ji ber v\u00ea \u00eari\u015f\u00ea xisar li mal\u00ean siv\u00eel\u00ean b\u00fb.<\/span><\/h3>\n<h3 style=\"text-align: justify\"><span style=\"font-family: arial, helvetica, sans-serif\">Enc\u00fbmena le\u015fkir\u00ee a Minbic\u00ea diyar kir ku dewleta Tirk bi \u00eari\u015fa li ser siv\u00eelan, qan\u00fbn\u00ean navnetewey\u00ee bin p\u00ea dike.<\/span><\/h3>\n<h3 style=\"text-align: justify\"><span style=\"font-family: arial, helvetica, sans-serif\">Di w\u00eaneyan da y\u00ean ku ji aliy\u00ea navenda ragihandin \u00fb \u00e7apemeniy\u00ea ya enc\u00fbmena le\u015fkir\u00ee a Minbic\u00ea hatin we\u015fandin, t\u00ea d\u00eetin ku xisareke giran li mal\u00ean siv\u00eelan b\u00fbye.<\/span><\/h3>\n<h3 style=\"text-align: justify\"><span style=\"font-family: arial, helvetica, sans-serif\">Art\u00ea\u015fa Tirk tev\u00ee \u00e7etey\u00ean xwe her wiha topbaran li gund\u00ea Mi\u015f\u00earifiy\u00ea y\u00ea her\u00eama \u015eehbay\u00ea barandin.<\/span><\/h3>\n","protected":false},"excerpt":{"rendered":"<p>Art\u00ea\u015fa Tirkiy\u00ea \u00fb kom\u00ean \u00e7ekdar \u00ean ser bi w\u00ea ve, li bakur\u00ea rojavay\u00ea Minbic\u00ea top av\u00eatin gundek\u00ee, ji ber \u00eari\u015f\u00ea xisar li gelek malan b\u00fb, gundek\u00ee \u015eehbay\u00ea j\u00ee b\u00fb armanca topbarana dag\u00eerkeran. Li gor\u00ee navenda ragihandin \u00fb \u00e7apemeniy\u00ea a enc\u00fbmena le\u015fkir\u00ee a Minbic\u00ea, art\u00ea\u015fa Tirkiy\u00ea \u00fb kom\u00ean \u00e7ekdar\u00ean gir\u00eaday\u00ee w\u00ea ji biryargeha li gund\u00ea Ya\u015fl\u00eey\u00ea [&hellip;]<\/p>\n","protected":false},"author":2,"featured_media":1023763,"comment_status":"closed","ping_status":"closed","sticky":false,"template":"","format":"standard","meta":{"footnotes":""},"categories":[29],"tags":[37],"class_list":["post-1023760","post","type-post","status-publish","format-standard","has-post-thumbnail","hentry","category-kurdistan","tag-sereke"],"blocksy_meta":[],"seo_head":"<!-- This site is optimized with the Yoast SEO plugin v27.5 - https:\/\/yoast.com\/product\/yoast-seo-wordpress\/ -->\n<title>Dewleta Tirk bombe li mal\u00ean welatiyan barandin - Darka Maz\u00ee<\/title>\n<meta name=\"robots\" content=\"index, follow, max-snippet:-1, max-image-preview:large, max-video-preview:-1\" \/>\n<link rel=\"canonical\" href=\"https:\/\/darkamazi.info\/archives\/1023760\" \/>\n<meta property=\"og:locale\" content=\"en_US\" \/>\n<meta property=\"og:type\" content=\"article\" \/>\n<meta property=\"og:title\" content=\"Dewleta Tirk bombe li mal\u00ean welatiyan barandin - Darka Maz\u00ee\" \/>\n<meta property=\"og:description\" content=\"Art\u00ea\u015fa Tirkiy\u00ea \u00fb kom\u00ean \u00e7ekdar \u00ean ser bi w\u00ea ve, li bakur\u00ea rojavay\u00ea Minbic\u00ea top av\u00eatin gundek\u00ee, ji ber \u00eari\u015f\u00ea xisar li gelek malan b\u00fb, gundek\u00ee \u015eehbay\u00ea j\u00ee b\u00fb armanca topbarana dag\u00eerkeran. Li gor\u00ee navenda ragihandin \u00fb \u00e7apemeniy\u00ea a enc\u00fbmena le\u015fkir\u00ee a Minbic\u00ea, art\u00ea\u015fa Tirkiy\u00ea \u00fb kom\u00ean \u00e7ekdar\u00ean gir\u00eaday\u00ee w\u00ea ji biryargeha li gund\u00ea Ya\u015fl\u00eey\u00ea [&hellip;]\" \/>\n<meta property=\"og:url\" content=\"https:\/\/darkamazi.info\/archives\/1023760\" \/>\n<meta property=\"og:site_name\" content=\"Darka Maz\u00ee\" \/>\n<meta property=\"article:publisher\" content=\"https:\/\/www.facebook.com\/DarMaziKurmanci\" \/>\n<meta property=\"article:published_time\" content=\"2021-07-29T09:55:38+00:00\" \/>\n<meta property=\"og:image\" content=\"https:\/\/darkamazi.info\/file\/2021\/07\/Minbic-u-Sehba-\u0645\u0646\u0628\u062c-\u0648-\u0634\u0647\u0628\u0627-rojava-1.jpg\" \/>\n\t<meta property=\"og:image:width\" content=\"900\" \/>\n\t<meta property=\"og:image:height\" content=\"497\" \/>\n\t<meta property=\"og:image:type\" content=\"image\/jpeg\" \/>\n<meta name=\"author\" content=\"darka mazi\" \/>\n<meta name=\"twitter:card\" content=\"summary_large_image\" \/>\n<meta name=\"twitter:creator\" content=\"@DarkaMaziLatini\" \/>\n<meta name=\"twitter:site\" content=\"@DarkaMaziLatini\" \/>\n<meta name=\"twitter:label1\" content=\"Written by\" \/>\n\t<meta name=\"twitter:data1\" content=\"darka mazi\" \/>\n\t<meta name=\"twitter:label2\" content=\"Est. reading time\" \/>\n\t<meta name=\"twitter:data2\" content=\"1 minute\" \/>\n<script type=\"application\/ld+json\" class=\"seo-schema-graph\">{\"@context\":\"https:\\\/\\\/schema.org\",\"@graph\":[{\"@type\":\"Article\",\"@id\":\"https:\\\/\\\/darkamazi.info\\\/archives\\\/1023760#article\",\"isPartOf\":{\"@id\":\"https:\\\/\\\/darkamazi.info\\\/archives\\\/1023760\"},\"author\":{\"name\":\"darka mazi\",\"@id\":\"https:\\\/\\\/darkamazi.info\\\/#\\\/schema\\\/person\\\/5ad3e24553a0567993fa8ed4bd0a776c\"},\"headline\":\"Dewleta Tirk bombe li mal\u00ean welatiyan barandin\",\"datePublished\":\"2021-07-29T09:55:38+00:00\",\"mainEntityOfPage\":{\"@id\":\"https:\\\/\\\/darkamazi.info\\\/archives\\\/1023760\"},\"wordCount\":172,\"publisher\":{\"@id\":\"https:\\\/\\\/darkamazi.info\\\/#organization\"},\"image\":{\"@id\":\"https:\\\/\\\/darkamazi.info\\\/archives\\\/1023760#primaryimage\"},\"thumbnailUrl\":\"https:\\\/\\\/darkamazi.info\\\/darka-content\\\/uploads\\\/2021\\\/07\\\/Minbic-u-Sehba-\u0645\u0646\u0628\u062c-\u0648-\u0634\u0647\u0628\u0627-rojava-1.jpg\",\"keywords\":[\"sereke\"],\"articleSection\":[\"Kurdistan\"],\"inLanguage\":\"en-US\"},{\"@type\":\"WebPage\",\"@id\":\"https:\\\/\\\/darkamazi.info\\\/archives\\\/1023760\",\"url\":\"https:\\\/\\\/darkamazi.info\\\/archives\\\/1023760\",\"name\":\"Dewleta Tirk bombe li mal\u00ean welatiyan barandin - Darka Maz\u00ee\",\"isPartOf\":{\"@id\":\"https:\\\/\\\/darkamazi.info\\\/#website\"},\"primaryImageOfPage\":{\"@id\":\"https:\\\/\\\/darkamazi.info\\\/archives\\\/1023760#primaryimage\"},\"image\":{\"@id\":\"https:\\\/\\\/darkamazi.info\\\/archives\\\/1023760#primaryimage\"},\"thumbnailUrl\":\"https:\\\/\\\/darkamazi.info\\\/darka-content\\\/uploads\\\/2021\\\/07\\\/Minbic-u-Sehba-\u0645\u0646\u0628\u062c-\u0648-\u0634\u0647\u0628\u0627-rojava-1.jpg\",\"datePublished\":\"2021-07-29T09:55:38+00:00\",\"breadcrumb\":{\"@id\":\"https:\\\/\\\/darkamazi.info\\\/archives\\\/1023760#breadcrumb\"},\"inLanguage\":\"en-US\",\"potentialAction\":[{\"@type\":\"ReadAction\",\"target\":[\"https:\\\/\\\/darkamazi.info\\\/archives\\\/1023760\"]}]},{\"@type\":\"ImageObject\",\"inLanguage\":\"en-US\",\"@id\":\"https:\\\/\\\/darkamazi.info\\\/archives\\\/1023760#primaryimage\",\"url\":\"https:\\\/\\\/darkamazi.info\\\/darka-content\\\/uploads\\\/2021\\\/07\\\/Minbic-u-Sehba-\u0645\u0646\u0628\u062c-\u0648-\u0634\u0647\u0628\u0627-rojava-1.jpg\",\"contentUrl\":\"https:\\\/\\\/darkamazi.info\\\/darka-content\\\/uploads\\\/2021\\\/07\\\/Minbic-u-Sehba-\u0645\u0646\u0628\u062c-\u0648-\u0634\u0647\u0628\u0627-rojava-1.jpg\",\"width\":900,\"height\":497,\"caption\":\"Dewleta Tirkiy\u00ea Minbic \u00fb \u015eehba bombebaran kirin\"},{\"@type\":\"BreadcrumbList\",\"@id\":\"https:\\\/\\\/darkamazi.info\\\/archives\\\/1023760#breadcrumb\",\"itemListElement\":[{\"@type\":\"ListItem\",\"position\":1,\"name\":\"Home\",\"item\":\"https:\\\/\\\/darkamazi.info\\\/\"},{\"@type\":\"ListItem\",\"position\":2,\"name\":\"Dewleta Tirk bombe li mal\u00ean welatiyan barandin\"}]},{\"@type\":\"WebSite\",\"@id\":\"https:\\\/\\\/darkamazi.info\\\/#website\",\"url\":\"https:\\\/\\\/darkamazi.info\\\/\",\"name\":\"Darka Maz\u00ee\",\"description\":\"P\u00eageha Zanyariy\u00ean Nebih\u00eest\u00ee\",\"publisher\":{\"@id\":\"https:\\\/\\\/darkamazi.info\\\/#organization\"},\"potentialAction\":[{\"@type\":\"SearchAction\",\"target\":{\"@type\":\"EntryPoint\",\"urlTemplate\":\"https:\\\/\\\/darkamazi.info\\\/?s={search_term_string}\"},\"query-input\":{\"@type\":\"PropertyValueSpecification\",\"valueRequired\":true,\"valueName\":\"search_term_string\"}}],\"inLanguage\":\"en-US\"},{\"@type\":\"Organization\",\"@id\":\"https:\\\/\\\/darkamazi.info\\\/#organization\",\"name\":\"Darka Maz\u00ee\",\"url\":\"https:\\\/\\\/darkamazi.info\\\/\",\"logo\":{\"@type\":\"ImageObject\",\"inLanguage\":\"en-US\",\"@id\":\"https:\\\/\\\/darkamazi.info\\\/#\\\/schema\\\/logo\\\/image\\\/\",\"url\":\"https:\\\/\\\/darkamazi.info\\\/darka-content\\\/uploads\\\/2017\\\/12\\\/darka-mazi-logo.png\",\"contentUrl\":\"https:\\\/\\\/darkamazi.info\\\/darka-content\\\/uploads\\\/2017\\\/12\\\/darka-mazi-logo.png\",\"width\":151,\"height\":75,\"caption\":\"Darka Maz\u00ee\"},\"image\":{\"@id\":\"https:\\\/\\\/darkamazi.info\\\/#\\\/schema\\\/logo\\\/image\\\/\"},\"sameAs\":[\"https:\\\/\\\/www.facebook.com\\\/DarMaziKurmanci\",\"https:\\\/\\\/x.com\\\/DarkaMaziLatini\",\"https:\\\/\\\/www.instagram.com\\\/darkamazi.kurmanci\\\/\",\"https:\\\/\\\/www.youtube.com\\\/channel\\\/UCa5HkTdmI8U1qCUFuTw8B2g\"]},{\"@type\":\"Person\",\"@id\":\"https:\\\/\\\/darkamazi.info\\\/#\\\/schema\\\/person\\\/5ad3e24553a0567993fa8ed4bd0a776c\",\"name\":\"darka mazi\",\"sameAs\":[\"https:\\\/\\\/darkamazi.info\\\/\"],\"url\":\"https:\\\/\\\/darkamazi.info\\\/archives\\\/author\\\/kurdi\"}]}<\/script>\n<!-- \/ Yoast SEO plugin. -->","seo_head_json":{"title":"Dewleta Tirk bombe li mal\u00ean welatiyan barandin - Darka Maz\u00ee","robots":{"index":"index","follow":"follow","max-snippet":"max-snippet:-1","max-image-preview":"max-image-preview:large","max-video-preview":"max-video-preview:-1"},"canonical":"https:\/\/darkamazi.info\/archives\/1023760","og_locale":"en_US","og_type":"article","og_title":"Dewleta Tirk bombe li mal\u00ean welatiyan barandin - Darka Maz\u00ee","og_description":"Art\u00ea\u015fa Tirkiy\u00ea \u00fb kom\u00ean \u00e7ekdar \u00ean ser bi w\u00ea ve, li bakur\u00ea rojavay\u00ea Minbic\u00ea top av\u00eatin gundek\u00ee, ji ber \u00eari\u015f\u00ea xisar li gelek malan b\u00fb, gundek\u00ee \u015eehbay\u00ea j\u00ee b\u00fb armanca topbarana dag\u00eerkeran. Li gor\u00ee navenda ragihandin \u00fb \u00e7apemeniy\u00ea a enc\u00fbmena le\u015fkir\u00ee a Minbic\u00ea, art\u00ea\u015fa Tirkiy\u00ea \u00fb kom\u00ean \u00e7ekdar\u00ean gir\u00eaday\u00ee w\u00ea ji biryargeha li gund\u00ea Ya\u015fl\u00eey\u00ea [&hellip;]","og_url":"https:\/\/darkamazi.info\/archives\/1023760","og_site_name":"Darka Maz\u00ee","article_publisher":"https:\/\/www.facebook.com\/DarMaziKurmanci","article_published_time":"2021-07-29T09:55:38+00:00","og_image":[{"width":900,"height":497,"url":"https:\/\/darkamazi.info\/file\/2021\/07\/Minbic-u-Sehba-\u0645\u0646\u0628\u062c-\u0648-\u0634\u0647\u0628\u0627-rojava-1.jpg","type":"image\/jpeg"}],"author":"darka mazi","twitter_card":"summary_large_image","twitter_creator":"@DarkaMaziLatini","twitter_site":"@DarkaMaziLatini","twitter_misc":{"Written by":"darka mazi","Est. reading time":"1 minute"},"schema":{"@context":"https:\/\/schema.org","@graph":[{"@type":"Article","@id":"https:\/\/darkamazi.info\/archives\/1023760#article","isPartOf":{"@id":"https:\/\/darkamazi.info\/archives\/1023760"},"author":{"name":"darka mazi","@id":"https:\/\/darkamazi.info\/#\/schema\/person\/5ad3e24553a0567993fa8ed4bd0a776c"},"headline":"Dewleta Tirk bombe li mal\u00ean welatiyan barandin","datePublished":"2021-07-29T09:55:38+00:00","mainEntityOfPage":{"@id":"https:\/\/darkamazi.info\/archives\/1023760"},"wordCount":172,"publisher":{"@id":"https:\/\/darkamazi.info\/#organization"},"image":{"@id":"https:\/\/darkamazi.info\/archives\/1023760#primaryimage"},"thumbnailUrl":"https:\/\/darkamazi.info\/file\/2021\/07\/Minbic-u-Sehba-\u0645\u0646\u0628\u062c-\u0648-\u0634\u0647\u0628\u0627-rojava-1.jpg","keywords":["sereke"],"articleSection":["Kurdistan"],"inLanguage":"en-US"},{"@type":"WebPage","@id":"https:\/\/darkamazi.info\/archives\/1023760","url":"https:\/\/darkamazi.info\/archives\/1023760","name":"Dewleta Tirk bombe li mal\u00ean welatiyan barandin - Darka Maz\u00ee","isPartOf":{"@id":"https:\/\/darkamazi.info\/#website"},"primaryImageOfPage":{"@id":"https:\/\/darkamazi.info\/archives\/1023760#primaryimage"},"image":{"@id":"https:\/\/darkamazi.info\/archives\/1023760#primaryimage"},"thumbnailUrl":"https:\/\/darkamazi.info\/file\/2021\/07\/Minbic-u-Sehba-\u0645\u0646\u0628\u062c-\u0648-\u0634\u0647\u0628\u0627-rojava-1.jpg","datePublished":"2021-07-29T09:55:38+00:00","breadcrumb":{"@id":"https:\/\/darkamazi.info\/archives\/1023760#breadcrumb"},"inLanguage":"en-US","potentialAction":[{"@type":"ReadAction","target":["https:\/\/darkamazi.info\/archives\/1023760"]}]},{"@type":"ImageObject","inLanguage":"en-US","@id":"https:\/\/darkamazi.info\/archives\/1023760#primaryimage","url":"https:\/\/darkamazi.info\/file\/2021\/07\/Minbic-u-Sehba-\u0645\u0646\u0628\u062c-\u0648-\u0634\u0647\u0628\u0627-rojava-1.jpg","contentUrl":"https:\/\/darkamazi.info\/file\/2021\/07\/Minbic-u-Sehba-\u0645\u0646\u0628\u062c-\u0648-\u0634\u0647\u0628\u0627-rojava-1.jpg","width":900,"height":497,"caption":"Dewleta Tirkiy\u00ea Minbic \u00fb \u015eehba bombebaran kirin"},{"@type":"BreadcrumbList","@id":"https:\/\/darkamazi.info\/archives\/1023760#breadcrumb","itemListElement":[{"@type":"ListItem","position":1,"name":"Home","item":"https:\/\/darkamazi.info\/"},{"@type":"ListItem","position":2,"name":"Dewleta Tirk bombe li mal\u00ean welatiyan barandin"}]},{"@type":"WebSite","@id":"https:\/\/darkamazi.info\/#website","url":"https:\/\/darkamazi.info\/","name":"Darka Maz\u00ee","description":"P\u00eageha Zanyariy\u00ean Nebih\u00eest\u00ee","publisher":{"@id":"https:\/\/darkamazi.info\/#organization"},"potentialAction":[{"@type":"SearchAction","target":{"@type":"EntryPoint","urlTemplate":"https:\/\/darkamazi.info\/?s={search_term_string}"},"query-input":{"@type":"PropertyValueSpecification","valueRequired":true,"valueName":"search_term_string"}}],"inLanguage":"en-US"},{"@type":"Organization","@id":"https:\/\/darkamazi.info\/#organization","name":"Darka Maz\u00ee","url":"https:\/\/darkamazi.info\/","logo":{"@type":"ImageObject","inLanguage":"en-US","@id":"https:\/\/darkamazi.info\/#\/schema\/logo\/image\/","url":"https:\/\/darkamazi.info\/file\/2017\/12\/darka-mazi-logo.png","contentUrl":"https:\/\/darkamazi.info\/file\/2017\/12\/darka-mazi-logo.png","width":151,"height":75,"caption":"Darka Maz\u00ee"},"image":{"@id":"https:\/\/darkamazi.info\/#\/schema\/logo\/image\/"},"sameAs":["https:\/\/www.facebook.com\/DarMaziKurmanci","https:\/\/x.com\/DarkaMaziLatini","https:\/\/www.instagram.com\/darkamazi.kurmanci\/","https:\/\/www.youtube.com\/channel\/UCa5HkTdmI8U1qCUFuTw8B2g"]},{"@type":"Person","@id":"https:\/\/darkamazi.info\/#\/schema\/person\/5ad3e24553a0567993fa8ed4bd0a776c","name":"darka mazi","sameAs":["https:\/\/darkamazi.info\/"],"url":"https:\/\/darkamazi.info\/archives\/author\/kurdi"}]}},"_links":{"self":[{"href":"https:\/\/darkamazi.info\/funavuv\/wp\/v2\/posts\/1023760","targetHints":{"allow":["GET"]}}],"collection":[{"href":"https:\/\/darkamazi.info\/funavuv\/wp\/v2\/posts"}],"about":[{"href":"https:\/\/darkamazi.info\/funavuv\/wp\/v2\/types\/post"}],"author":[{"embeddable":true,"href":"https:\/\/darkamazi.info\/funavuv\/wp\/v2\/users\/2"}],"replies":[{"embeddable":true,"href":"https:\/\/darkamazi.info\/funavuv\/wp\/v2\/comments?post=1023760"}],"version-history":[{"count":0,"href":"https:\/\/darkamazi.info\/funavuv\/wp\/v2\/posts\/1023760\/revisions"}],"wp:featuredmedia":[{"embeddable":true,"href":"https:\/\/darkamazi.info\/funavuv\/wp\/v2\/media\/1023763"}],"wp:attachment":[{"href":"https:\/\/darkamazi.info\/funavuv\/wp\/v2\/media?parent=1023760"}],"wp:term":[{"taxonomy":"category","embeddable":true,"href":"https:\/\/darkamazi.info\/funavuv\/wp\/v2\/categories?post=1023760"},{"taxonomy":"post_tag","embeddable":true,"href":"https:\/\/darkamazi.info\/funavuv\/wp\/v2\/tags?post=1023760"}],"curies":[{"name":"wp","href":"https:\/\/api.w.org\/{rel}","templated":true}]}}