{"id":1023797,"date":"2021-07-31T16:36:29","date_gmt":"2021-07-31T13:36:29","guid":{"rendered":"https:\/\/darkamazi.info\/?p=1023797"},"modified":"2022-08-30T18:40:10","modified_gmt":"2022-08-30T15:40:10","slug":"erisen-li-ser-kurden-metropolen-tirkan","status":"publish","type":"post","link":"https:\/\/darkamazi.info\/archives\/1023797","title":{"rendered":"\u00car\u00ee\u015f\u00ean li ser Kurd\u00ean metropol\u00ean Tirkan"},"content":{"rendered":"<ul>\n<li>\n<h3 style=\"text-align: justify;\"><span style=\"font-family: arial, helvetica, sans-serif;\">Fuat Onen<\/span><\/h3>\n<\/li>\n<\/ul>\n<h3 style=\"text-align: justify;\"><span style=\"font-family: 'arial black', sans-serif;\">Heta 15 sal ber\u00ea j\u00ee \u00e7i li Bakur\u00ea Kurdistan\u00ea \u00fb \u00e7i li Anatolia \u00fb Trakya bi gi\u015ft\u00ee Tirkan hefza xwe ji Kurdan dikirin. L\u00ea ji sala 2007an virde p\u00eavajoyeke n\u00fb dest p\u00ea kir. M\u00eet\u00eeng\u00ean Cumh\u00fbr\u00eeyet\u00ea, Mit\u00eeng\u00ean Alayan destp\u00eakeke n\u00fb b\u00fb. Li M\u00ears\u00een, \u00cezm\u00eer, Bursa, Stenbol\u00ea Kurd hatin tengavkirin. H\u00eaz\u00ean m\u00eel\u00eeter li pa\u015f \u00fb h\u00eaz\u00ean para-m\u00eel\u00eeter li p\u00ea\u015f l\u00ea bi koord\u00eene ber\u00ea xwe dan Kurd\u00ean metropolan.<\/span><\/h3>\n<h3 style=\"text-align: justify;\"><span style=\"font-family: 'arial black', sans-serif; color: #870303;\">\u00car\u00ee\u015f\u00ean li ser Kurdan Ji navendek\u00ea t\u00ea germkirin \u00fb sarkirin.<\/span><\/h3>\n<h3 style=\"text-align: justify;\"><span style=\"font-family: arial, helvetica, sans-serif;\">\u00car\u00ee\u015f\u00ee karker\u00ean demsal\u00ee, dezgeh\u00ean Kurd\u00ee kirin. Tirsa Kurdan ji ser xwe rakirin. Kurd\u00ean b\u00ea r\u00eaxistin\u00ean netewey\u00ee bi \u015f\u00fbnve gav av\u00eatin. Di kontrola dewlet\u00ea de van hic\u00fbm\u00ean n\u00eejadperest Kurd\u00ean metropolan sil kirin. \u00cad\u00ee hesab\u00ea Kurdan di nav civata Tirkan de nema. Ev rew\u015feke metirs\u00eedar e \u00fb div\u00ea her Kurd\u00ea bix\u00eeret bi v\u00ea yek\u00ea bi\u00ea\u015fe \u00fb s\u00eeyaseta Kurd li \u00e7areyan bigere.<\/span><\/h3>\n<h3 style=\"text-align: justify;\"><span style=\"font-family: arial, helvetica, sans-serif;\">Pi\u015ft\u00ee her hic\u00fbm\u00ea rayedar\u00ean dewlet\u00ea dib\u00eajin ev b\u00fbyer\u00ean takekes\u00ee ne \u00fb t\u00eakil\u00eey\u00ea van b\u00fbyeran bi dijminat\u00eeya Kurd \u00fb Tirkan n\u00een e. L\u00ea em dizanin ku li metropol\u00ean Tirkiyey\u00ea j\u00ee li hember Kurdan \u015ferek\u00ee bi kontrol t\u00ea me\u015fandin. Ji navendek\u00ea t\u00ea germkirin \u00fb sarkirin.<\/span><\/h3>\n<h3 style=\"text-align: justify;\"><span style=\"font-family: arial, helvetica, sans-serif;\">Dagirker ji bo jenos\u00eeda domdar encam bide hesab\u00ea her ti\u015ft\u00ee dike \u00fb di amadeba\u015f\u00eey\u00ea de ye. Y\u00ean kar\u00ea xwe nakin EM in. P\u00eaw\u00eest e rojek ber\u00ee rojek\u00ea teref\u00ean s\u00eeyas\u00ee y\u00ean Kurd \u00fb Kurdistan\u00ee v\u00ea mijar\u00ea t\u00eaxe rojeva xwe \u00fb nex\u015fer\u00eayeke cid\u00ee biafir\u00eenin.<\/span><\/h3>\n<h3 style=\"text-align: justify;\"><span style=\"font-family: 'arial black', sans-serif; color: #870303;\">Dem dema x\u00eeret\u00ea ye!<\/span><\/h3>\n<h3 style=\"text-align: justify;\"><span style=\"font-family: arial, helvetica, sans-serif;\">Div\u00ea ney\u00ea jib\u00eerkirin ku di v\u00ea serdem\u00ea de p\u00eavajoy\u00ean &#8220;a\u015f\u00eet\u00ee, \u00e7areseriy\u00ea&#8221; j\u00ee dihate me\u015fandin.<\/span><\/h3>\n<h3 style=\"text-align: justify;\"><span style=\"font-family: arial, helvetica, sans-serif;\">Ev her du kar bi hev re dihate kirin. Retor\u00eeka a\u015f\u00eet\u00ee \u00fb birat\u00eey\u00ea j\u00ee Kurd di war\u00ea fikr\u00ee de b\u00eas\u00eeleh hi\u015ft.<\/span><\/h3>\n<h3 style=\"text-align: justify;\"><span style=\"font-family: arial, helvetica, sans-serif;\">Em di qonaxeke n\u00fb de ne \u00fb div\u00ea di v\u00ea mijar\u00ea de em dereng nem\u00eenin. Ji dema M\u00eet\u00eeng\u00ean C\u00fbmh\u00fbr\u00eeyet\u00ea \u00fb vir de em kom\u00eetey\u00ean parastin\u00ea y\u00ean hevpar p\u00ea\u015fniyar dikin. \u00db bi ya me div\u00ea em bi cid\u00eeyet v\u00ea p\u00ea\u015fn\u00eeyar\u00ea rojane bikin.<\/span><\/h3>\n<h3 style=\"text-align: justify;\"><span style=\"font-family: arial, helvetica, sans-serif;\">Dem dema x\u00eeret\u00ea ye!!!<\/span><\/h3>\n","protected":false},"excerpt":{"rendered":"<p>Fuat Onen Heta 15 sal ber\u00ea j\u00ee \u00e7i li Bakur\u00ea Kurdistan\u00ea \u00fb \u00e7i li Anatolia \u00fb Trakya bi gi\u015ft\u00ee Tirkan hefza xwe ji Kurdan dikirin. L\u00ea ji sala 2007an virde p\u00eavajoyeke n\u00fb dest p\u00ea kir. M\u00eet\u00eeng\u00ean Cumh\u00fbr\u00eeyet\u00ea, Mit\u00eeng\u00ean Alayan destp\u00eakeke n\u00fb b\u00fb. Li M\u00ears\u00een, \u00cezm\u00eer, Bursa, Stenbol\u00ea Kurd hatin tengavkirin. H\u00eaz\u00ean m\u00eel\u00eeter li pa\u015f \u00fb [&hellip;]<\/p>\n","protected":false},"author":2,"featured_media":1023799,"comment_status":"closed","ping_status":"closed","sticky":false,"template":"","format":"standard","meta":{"footnotes":""},"categories":[28],"tags":[84,37],"class_list":["post-1023797","post","type-post","status-publish","format-standard","has-post-thumbnail","hentry","category-nerin","tag-fuat-onen","tag-sereke"],"blocksy_meta":[],"seo_head":"<!-- This site is optimized with the Yoast SEO plugin v27.5 - https:\/\/yoast.com\/product\/yoast-seo-wordpress\/ -->\n<title>\u00car\u00ee\u015f\u00ean li ser Kurd\u00ean metropol\u00ean Tirkan - Darka Maz\u00ee<\/title>\n<meta name=\"robots\" content=\"index, follow, max-snippet:-1, max-image-preview:large, max-video-preview:-1\" \/>\n<link rel=\"canonical\" href=\"https:\/\/darkamazi.info\/archives\/1023797\" \/>\n<meta property=\"og:locale\" content=\"en_US\" \/>\n<meta property=\"og:type\" content=\"article\" \/>\n<meta property=\"og:title\" content=\"\u00car\u00ee\u015f\u00ean li ser Kurd\u00ean metropol\u00ean Tirkan - Darka Maz\u00ee\" \/>\n<meta property=\"og:description\" content=\"Fuat Onen Heta 15 sal ber\u00ea j\u00ee \u00e7i li Bakur\u00ea Kurdistan\u00ea \u00fb \u00e7i li Anatolia \u00fb Trakya bi gi\u015ft\u00ee Tirkan hefza xwe ji Kurdan dikirin. L\u00ea ji sala 2007an virde p\u00eavajoyeke n\u00fb dest p\u00ea kir. M\u00eet\u00eeng\u00ean Cumh\u00fbr\u00eeyet\u00ea, Mit\u00eeng\u00ean Alayan destp\u00eakeke n\u00fb b\u00fb. Li M\u00ears\u00een, \u00cezm\u00eer, Bursa, Stenbol\u00ea Kurd hatin tengavkirin. H\u00eaz\u00ean m\u00eel\u00eeter li pa\u015f \u00fb [&hellip;]\" \/>\n<meta property=\"og:url\" content=\"https:\/\/darkamazi.info\/archives\/1023797\" \/>\n<meta property=\"og:site_name\" content=\"Darka Maz\u00ee\" \/>\n<meta property=\"article:publisher\" content=\"https:\/\/www.facebook.com\/DarMaziKurmanci\" \/>\n<meta property=\"article:published_time\" content=\"2021-07-31T13:36:29+00:00\" \/>\n<meta property=\"article:modified_time\" content=\"2022-08-30T15:40:10+00:00\" \/>\n<meta property=\"og:image\" content=\"https:\/\/darkamazi.info\/file\/2021\/07\/Fuat-Onen-tirkiye-metropol-2.jpg\" \/>\n\t<meta property=\"og:image:width\" content=\"900\" \/>\n\t<meta property=\"og:image:height\" content=\"497\" \/>\n\t<meta property=\"og:image:type\" content=\"image\/jpeg\" \/>\n<meta name=\"author\" content=\"darka mazi\" \/>\n<meta name=\"twitter:card\" content=\"summary_large_image\" \/>\n<meta name=\"twitter:creator\" content=\"@DarkaMaziLatini\" \/>\n<meta name=\"twitter:site\" content=\"@DarkaMaziLatini\" \/>\n<meta name=\"twitter:label1\" content=\"Written by\" \/>\n\t<meta name=\"twitter:data1\" content=\"darka mazi\" \/>\n\t<meta name=\"twitter:label2\" content=\"Est. reading time\" \/>\n\t<meta name=\"twitter:data2\" content=\"2 minutes\" \/>\n<script type=\"application\/ld+json\" class=\"seo-schema-graph\">{\"@context\":\"https:\\\/\\\/schema.org\",\"@graph\":[{\"@type\":\"Article\",\"@id\":\"https:\\\/\\\/darkamazi.info\\\/archives\\\/1023797#article\",\"isPartOf\":{\"@id\":\"https:\\\/\\\/darkamazi.info\\\/archives\\\/1023797\"},\"author\":{\"name\":\"darka mazi\",\"@id\":\"https:\\\/\\\/darkamazi.info\\\/#\\\/schema\\\/person\\\/5ad3e24553a0567993fa8ed4bd0a776c\"},\"headline\":\"\u00car\u00ee\u015f\u00ean li ser Kurd\u00ean metropol\u00ean Tirkan\",\"datePublished\":\"2021-07-31T13:36:29+00:00\",\"dateModified\":\"2022-08-30T15:40:10+00:00\",\"mainEntityOfPage\":{\"@id\":\"https:\\\/\\\/darkamazi.info\\\/archives\\\/1023797\"},\"wordCount\":389,\"publisher\":{\"@id\":\"https:\\\/\\\/darkamazi.info\\\/#organization\"},\"image\":{\"@id\":\"https:\\\/\\\/darkamazi.info\\\/archives\\\/1023797#primaryimage\"},\"thumbnailUrl\":\"https:\\\/\\\/darkamazi.info\\\/darka-content\\\/uploads\\\/2021\\\/07\\\/Fuat-Onen-tirkiye-metropol-2.jpg\",\"keywords\":[\"Fuat Onen\",\"sereke\"],\"articleSection\":[\"Ner\u00een\"],\"inLanguage\":\"en-US\"},{\"@type\":\"WebPage\",\"@id\":\"https:\\\/\\\/darkamazi.info\\\/archives\\\/1023797\",\"url\":\"https:\\\/\\\/darkamazi.info\\\/archives\\\/1023797\",\"name\":\"\u00car\u00ee\u015f\u00ean li ser Kurd\u00ean metropol\u00ean Tirkan - Darka Maz\u00ee\",\"isPartOf\":{\"@id\":\"https:\\\/\\\/darkamazi.info\\\/#website\"},\"primaryImageOfPage\":{\"@id\":\"https:\\\/\\\/darkamazi.info\\\/archives\\\/1023797#primaryimage\"},\"image\":{\"@id\":\"https:\\\/\\\/darkamazi.info\\\/archives\\\/1023797#primaryimage\"},\"thumbnailUrl\":\"https:\\\/\\\/darkamazi.info\\\/darka-content\\\/uploads\\\/2021\\\/07\\\/Fuat-Onen-tirkiye-metropol-2.jpg\",\"datePublished\":\"2021-07-31T13:36:29+00:00\",\"dateModified\":\"2022-08-30T15:40:10+00:00\",\"breadcrumb\":{\"@id\":\"https:\\\/\\\/darkamazi.info\\\/archives\\\/1023797#breadcrumb\"},\"inLanguage\":\"en-US\",\"potentialAction\":[{\"@type\":\"ReadAction\",\"target\":[\"https:\\\/\\\/darkamazi.info\\\/archives\\\/1023797\"]}]},{\"@type\":\"ImageObject\",\"inLanguage\":\"en-US\",\"@id\":\"https:\\\/\\\/darkamazi.info\\\/archives\\\/1023797#primaryimage\",\"url\":\"https:\\\/\\\/darkamazi.info\\\/darka-content\\\/uploads\\\/2021\\\/07\\\/Fuat-Onen-tirkiye-metropol-2.jpg\",\"contentUrl\":\"https:\\\/\\\/darkamazi.info\\\/darka-content\\\/uploads\\\/2021\\\/07\\\/Fuat-Onen-tirkiye-metropol-2.jpg\",\"width\":900,\"height\":497,\"caption\":\"\u00car\u00ee\u015f\u00ean li ser Kurdan Ji navendek\u00ea t\u00ea germkirin \u00fb sarkirin.\"},{\"@type\":\"BreadcrumbList\",\"@id\":\"https:\\\/\\\/darkamazi.info\\\/archives\\\/1023797#breadcrumb\",\"itemListElement\":[{\"@type\":\"ListItem\",\"position\":1,\"name\":\"Home\",\"item\":\"https:\\\/\\\/darkamazi.info\\\/\"},{\"@type\":\"ListItem\",\"position\":2,\"name\":\"\u00car\u00ee\u015f\u00ean li ser Kurd\u00ean metropol\u00ean Tirkan\"}]},{\"@type\":\"WebSite\",\"@id\":\"https:\\\/\\\/darkamazi.info\\\/#website\",\"url\":\"https:\\\/\\\/darkamazi.info\\\/\",\"name\":\"Darka Maz\u00ee\",\"description\":\"P\u00eageha Zanyariy\u00ean Nebih\u00eest\u00ee\",\"publisher\":{\"@id\":\"https:\\\/\\\/darkamazi.info\\\/#organization\"},\"potentialAction\":[{\"@type\":\"SearchAction\",\"target\":{\"@type\":\"EntryPoint\",\"urlTemplate\":\"https:\\\/\\\/darkamazi.info\\\/?s={search_term_string}\"},\"query-input\":{\"@type\":\"PropertyValueSpecification\",\"valueRequired\":true,\"valueName\":\"search_term_string\"}}],\"inLanguage\":\"en-US\"},{\"@type\":\"Organization\",\"@id\":\"https:\\\/\\\/darkamazi.info\\\/#organization\",\"name\":\"Darka Maz\u00ee\",\"url\":\"https:\\\/\\\/darkamazi.info\\\/\",\"logo\":{\"@type\":\"ImageObject\",\"inLanguage\":\"en-US\",\"@id\":\"https:\\\/\\\/darkamazi.info\\\/#\\\/schema\\\/logo\\\/image\\\/\",\"url\":\"https:\\\/\\\/darkamazi.info\\\/darka-content\\\/uploads\\\/2017\\\/12\\\/darka-mazi-logo.png\",\"contentUrl\":\"https:\\\/\\\/darkamazi.info\\\/darka-content\\\/uploads\\\/2017\\\/12\\\/darka-mazi-logo.png\",\"width\":151,\"height\":75,\"caption\":\"Darka Maz\u00ee\"},\"image\":{\"@id\":\"https:\\\/\\\/darkamazi.info\\\/#\\\/schema\\\/logo\\\/image\\\/\"},\"sameAs\":[\"https:\\\/\\\/www.facebook.com\\\/DarMaziKurmanci\",\"https:\\\/\\\/x.com\\\/DarkaMaziLatini\",\"https:\\\/\\\/www.instagram.com\\\/darkamazi.kurmanci\\\/\",\"https:\\\/\\\/www.youtube.com\\\/channel\\\/UCa5HkTdmI8U1qCUFuTw8B2g\"]},{\"@type\":\"Person\",\"@id\":\"https:\\\/\\\/darkamazi.info\\\/#\\\/schema\\\/person\\\/5ad3e24553a0567993fa8ed4bd0a776c\",\"name\":\"darka mazi\",\"sameAs\":[\"https:\\\/\\\/darkamazi.info\\\/\"],\"url\":\"https:\\\/\\\/darkamazi.info\\\/archives\\\/author\\\/kurdi\"}]}<\/script>\n<!-- \/ Yoast SEO plugin. -->","seo_head_json":{"title":"\u00car\u00ee\u015f\u00ean li ser Kurd\u00ean metropol\u00ean Tirkan - Darka Maz\u00ee","robots":{"index":"index","follow":"follow","max-snippet":"max-snippet:-1","max-image-preview":"max-image-preview:large","max-video-preview":"max-video-preview:-1"},"canonical":"https:\/\/darkamazi.info\/archives\/1023797","og_locale":"en_US","og_type":"article","og_title":"\u00car\u00ee\u015f\u00ean li ser Kurd\u00ean metropol\u00ean Tirkan - Darka Maz\u00ee","og_description":"Fuat Onen Heta 15 sal ber\u00ea j\u00ee \u00e7i li Bakur\u00ea Kurdistan\u00ea \u00fb \u00e7i li Anatolia \u00fb Trakya bi gi\u015ft\u00ee Tirkan hefza xwe ji Kurdan dikirin. L\u00ea ji sala 2007an virde p\u00eavajoyeke n\u00fb dest p\u00ea kir. M\u00eet\u00eeng\u00ean Cumh\u00fbr\u00eeyet\u00ea, Mit\u00eeng\u00ean Alayan destp\u00eakeke n\u00fb b\u00fb. Li M\u00ears\u00een, \u00cezm\u00eer, Bursa, Stenbol\u00ea Kurd hatin tengavkirin. H\u00eaz\u00ean m\u00eel\u00eeter li pa\u015f \u00fb [&hellip;]","og_url":"https:\/\/darkamazi.info\/archives\/1023797","og_site_name":"Darka Maz\u00ee","article_publisher":"https:\/\/www.facebook.com\/DarMaziKurmanci","article_published_time":"2021-07-31T13:36:29+00:00","article_modified_time":"2022-08-30T15:40:10+00:00","og_image":[{"width":900,"height":497,"url":"https:\/\/darkamazi.info\/file\/2021\/07\/Fuat-Onen-tirkiye-metropol-2.jpg","type":"image\/jpeg"}],"author":"darka mazi","twitter_card":"summary_large_image","twitter_creator":"@DarkaMaziLatini","twitter_site":"@DarkaMaziLatini","twitter_misc":{"Written by":"darka mazi","Est. reading time":"2 minutes"},"schema":{"@context":"https:\/\/schema.org","@graph":[{"@type":"Article","@id":"https:\/\/darkamazi.info\/archives\/1023797#article","isPartOf":{"@id":"https:\/\/darkamazi.info\/archives\/1023797"},"author":{"name":"darka mazi","@id":"https:\/\/darkamazi.info\/#\/schema\/person\/5ad3e24553a0567993fa8ed4bd0a776c"},"headline":"\u00car\u00ee\u015f\u00ean li ser Kurd\u00ean metropol\u00ean Tirkan","datePublished":"2021-07-31T13:36:29+00:00","dateModified":"2022-08-30T15:40:10+00:00","mainEntityOfPage":{"@id":"https:\/\/darkamazi.info\/archives\/1023797"},"wordCount":389,"publisher":{"@id":"https:\/\/darkamazi.info\/#organization"},"image":{"@id":"https:\/\/darkamazi.info\/archives\/1023797#primaryimage"},"thumbnailUrl":"https:\/\/darkamazi.info\/file\/2021\/07\/Fuat-Onen-tirkiye-metropol-2.jpg","keywords":["Fuat Onen","sereke"],"articleSection":["Ner\u00een"],"inLanguage":"en-US"},{"@type":"WebPage","@id":"https:\/\/darkamazi.info\/archives\/1023797","url":"https:\/\/darkamazi.info\/archives\/1023797","name":"\u00car\u00ee\u015f\u00ean li ser Kurd\u00ean metropol\u00ean Tirkan - Darka Maz\u00ee","isPartOf":{"@id":"https:\/\/darkamazi.info\/#website"},"primaryImageOfPage":{"@id":"https:\/\/darkamazi.info\/archives\/1023797#primaryimage"},"image":{"@id":"https:\/\/darkamazi.info\/archives\/1023797#primaryimage"},"thumbnailUrl":"https:\/\/darkamazi.info\/file\/2021\/07\/Fuat-Onen-tirkiye-metropol-2.jpg","datePublished":"2021-07-31T13:36:29+00:00","dateModified":"2022-08-30T15:40:10+00:00","breadcrumb":{"@id":"https:\/\/darkamazi.info\/archives\/1023797#breadcrumb"},"inLanguage":"en-US","potentialAction":[{"@type":"ReadAction","target":["https:\/\/darkamazi.info\/archives\/1023797"]}]},{"@type":"ImageObject","inLanguage":"en-US","@id":"https:\/\/darkamazi.info\/archives\/1023797#primaryimage","url":"https:\/\/darkamazi.info\/file\/2021\/07\/Fuat-Onen-tirkiye-metropol-2.jpg","contentUrl":"https:\/\/darkamazi.info\/file\/2021\/07\/Fuat-Onen-tirkiye-metropol-2.jpg","width":900,"height":497,"caption":"\u00car\u00ee\u015f\u00ean li ser Kurdan Ji navendek\u00ea t\u00ea germkirin \u00fb sarkirin."},{"@type":"BreadcrumbList","@id":"https:\/\/darkamazi.info\/archives\/1023797#breadcrumb","itemListElement":[{"@type":"ListItem","position":1,"name":"Home","item":"https:\/\/darkamazi.info\/"},{"@type":"ListItem","position":2,"name":"\u00car\u00ee\u015f\u00ean li ser Kurd\u00ean metropol\u00ean Tirkan"}]},{"@type":"WebSite","@id":"https:\/\/darkamazi.info\/#website","url":"https:\/\/darkamazi.info\/","name":"Darka Maz\u00ee","description":"P\u00eageha Zanyariy\u00ean Nebih\u00eest\u00ee","publisher":{"@id":"https:\/\/darkamazi.info\/#organization"},"potentialAction":[{"@type":"SearchAction","target":{"@type":"EntryPoint","urlTemplate":"https:\/\/darkamazi.info\/?s={search_term_string}"},"query-input":{"@type":"PropertyValueSpecification","valueRequired":true,"valueName":"search_term_string"}}],"inLanguage":"en-US"},{"@type":"Organization","@id":"https:\/\/darkamazi.info\/#organization","name":"Darka Maz\u00ee","url":"https:\/\/darkamazi.info\/","logo":{"@type":"ImageObject","inLanguage":"en-US","@id":"https:\/\/darkamazi.info\/#\/schema\/logo\/image\/","url":"https:\/\/darkamazi.info\/file\/2017\/12\/darka-mazi-logo.png","contentUrl":"https:\/\/darkamazi.info\/file\/2017\/12\/darka-mazi-logo.png","width":151,"height":75,"caption":"Darka Maz\u00ee"},"image":{"@id":"https:\/\/darkamazi.info\/#\/schema\/logo\/image\/"},"sameAs":["https:\/\/www.facebook.com\/DarMaziKurmanci","https:\/\/x.com\/DarkaMaziLatini","https:\/\/www.instagram.com\/darkamazi.kurmanci\/","https:\/\/www.youtube.com\/channel\/UCa5HkTdmI8U1qCUFuTw8B2g"]},{"@type":"Person","@id":"https:\/\/darkamazi.info\/#\/schema\/person\/5ad3e24553a0567993fa8ed4bd0a776c","name":"darka mazi","sameAs":["https:\/\/darkamazi.info\/"],"url":"https:\/\/darkamazi.info\/archives\/author\/kurdi"}]}},"_links":{"self":[{"href":"https:\/\/darkamazi.info\/funavuv\/wp\/v2\/posts\/1023797","targetHints":{"allow":["GET"]}}],"collection":[{"href":"https:\/\/darkamazi.info\/funavuv\/wp\/v2\/posts"}],"about":[{"href":"https:\/\/darkamazi.info\/funavuv\/wp\/v2\/types\/post"}],"author":[{"embeddable":true,"href":"https:\/\/darkamazi.info\/funavuv\/wp\/v2\/users\/2"}],"replies":[{"embeddable":true,"href":"https:\/\/darkamazi.info\/funavuv\/wp\/v2\/comments?post=1023797"}],"version-history":[{"count":0,"href":"https:\/\/darkamazi.info\/funavuv\/wp\/v2\/posts\/1023797\/revisions"}],"wp:featuredmedia":[{"embeddable":true,"href":"https:\/\/darkamazi.info\/funavuv\/wp\/v2\/media\/1023799"}],"wp:attachment":[{"href":"https:\/\/darkamazi.info\/funavuv\/wp\/v2\/media?parent=1023797"}],"wp:term":[{"taxonomy":"category","embeddable":true,"href":"https:\/\/darkamazi.info\/funavuv\/wp\/v2\/categories?post=1023797"},{"taxonomy":"post_tag","embeddable":true,"href":"https:\/\/darkamazi.info\/funavuv\/wp\/v2\/tags?post=1023797"}],"curies":[{"name":"wp","href":"https:\/\/api.w.org\/{rel}","templated":true}]}}