{"id":1023840,"date":"2021-08-02T11:56:16","date_gmt":"2021-08-02T08:56:16","guid":{"rendered":"https:\/\/darkamazi.info\/?p=1023840"},"modified":"2021-08-02T11:56:16","modified_gmt":"2021-08-02T08:56:16","slug":"tirkiye-22-endamen-hdpe-girtin","status":"publish","type":"post","link":"https:\/\/darkamazi.info\/archives\/1023840","title":{"rendered":"Tirkiy\u00ea 22 endam\u00ean HDP\u00ea girtin"},"content":{"rendered":"<h3 style=\"text-align: justify\"><span style=\"font-family: 'arial black', sans-serif\">Li her y\u00eak ji baj\u00ear\u00ea D\u00eelok\u00ea y\u00ea Bakur\u00ea Kurdistan\u00ea \u00fb Stenbola Tirkiy\u00ea, hejmara 22 kesan ji endam\u00ean Part\u00eeya Demokrat\u00eek a Gelan hatin girtin.<\/span><\/h3>\n<h3 style=\"text-align: justify\"><span style=\"font-family: arial, helvetica, sans-serif\">Li par\u00eazgeha D\u00eelok\u00ea duh demjim\u00ear 18.00 ji aliy\u00ea r\u00eaxistina bajar a Partiya Demokrat\u00eek a Gelan (HDP) ve kongreyeke rojnamevaniy\u00ea li ber avahiya partiy\u00ea hat sazkirin.<\/span><\/h3>\n<h3 style=\"text-align: justify\"><span style=\"font-family: arial, helvetica, sans-serif\">Hejmareke z\u00eade ya ciwanan j\u00ee di w\u00ea kongreya rojnamevan\u00ee de cih girtin ku ji bo \u015fermezarkirina ku\u015ftina malbata Kurd a li Konyay\u00ea hatib\u00fb r\u00eakxistin.<\/span><\/h3>\n<h3 style=\"text-align: justify\"><span style=\"font-family: arial, helvetica, sans-serif\">L\u00ea 2 demjim\u00ear pi\u015ft\u00ee w\u00ea kongreya rojnamevan\u00ee kes\u00ean bi nav\u00ean Ahmet Yildiz, Eray U\u00e7er, Hasan Emre \u00c7el\u00eek, Muslum \u015eah\u00eensoy, Serhat Karahan, Mustafa Ya\u015fodun \u00fb Alper Kulaz ku endam\u00ean Enc\u00fbmena Ciwanan a HDP\u00ea b\u00fbn, ji aliy\u00ea pol\u00ees ve hatin desteserkirin.<\/span><\/h3>\n<h3 style=\"text-align: justify\"><span style=\"font-family: arial, helvetica, sans-serif\">Li gor zanyariyan dema ew ciwan di\u00e7\u00fbn bo mal\u00ean xwe ji aliy\u00ea h\u00eaz\u00ean ser bi `Dije Teror`\u00ea ve r\u00ea li ber wan hat girtin \u00fb hatin desteserkirin.<\/span><\/h3>\n<h3 style=\"text-align: justify\"><span style=\"font-family: arial, helvetica, sans-serif\">Li aliy\u00ea din bajar\u00ea Stenbol\u00ea j\u00ee 15 endam\u00ean r\u00eaveber\u00ean xwecih\u00ee y\u00ean HDP\u00ea ji aliy\u00ea pol\u00ees ve hatin girtin.<\/span><\/h3>\n<h3 style=\"text-align: justify\"><span style=\"font-family: arial, helvetica, sans-serif\">Te\u015fk\u00eelata HDP\u00ea ya li Stenbol\u00ea duh li Meydana Esenyurt\u00ea \u00e7alakiyek saz kir \u00fb ji gelek nav\u00e7ey\u00ean Stenbol\u00ea xelk \u00e7\u00fbn bo w\u00ea her\u00eam\u00ea. L\u00ea pol\u00ees r\u00ea li ber karwan\u00ea otomob\u00eel\u00ean ku ji Sultangaz\u00ee di\u00e7\u00fbn Esenyurt\u00ea girtin \u00fb 15 endam \u00fb r\u00eaveber\u00ean HDP\u00ea girtin.<\/span><\/h3>\n","protected":false},"excerpt":{"rendered":"<p>Li her y\u00eak ji baj\u00ear\u00ea D\u00eelok\u00ea y\u00ea Bakur\u00ea Kurdistan\u00ea \u00fb Stenbola Tirkiy\u00ea, hejmara 22 kesan ji endam\u00ean Part\u00eeya Demokrat\u00eek a Gelan hatin girtin. Li par\u00eazgeha D\u00eelok\u00ea duh demjim\u00ear 18.00 ji aliy\u00ea r\u00eaxistina bajar a Partiya Demokrat\u00eek a Gelan (HDP) ve kongreyeke rojnamevaniy\u00ea li ber avahiya partiy\u00ea hat sazkirin. Hejmareke z\u00eade ya ciwanan j\u00ee di w\u00ea [&hellip;]<\/p>\n","protected":false},"author":2,"featured_media":1023841,"comment_status":"closed","ping_status":"closed","sticky":false,"template":"","format":"standard","meta":{"footnotes":""},"categories":[29],"tags":[37],"class_list":["post-1023840","post","type-post","status-publish","format-standard","has-post-thumbnail","hentry","category-kurdistan","tag-sereke"],"blocksy_meta":[],"seo_head":"<!-- This site is optimized with the Yoast SEO plugin v27.5 - https:\/\/yoast.com\/product\/yoast-seo-wordpress\/ -->\n<title>Tirkiy\u00ea 22 endam\u00ean HDP\u00ea girtin - Darka Maz\u00ee<\/title>\n<meta name=\"robots\" content=\"index, follow, max-snippet:-1, max-image-preview:large, max-video-preview:-1\" \/>\n<link rel=\"canonical\" href=\"https:\/\/darkamazi.info\/archives\/1023840\" \/>\n<meta property=\"og:locale\" content=\"en_US\" \/>\n<meta property=\"og:type\" content=\"article\" \/>\n<meta property=\"og:title\" content=\"Tirkiy\u00ea 22 endam\u00ean HDP\u00ea girtin - Darka Maz\u00ee\" \/>\n<meta property=\"og:description\" content=\"Li her y\u00eak ji baj\u00ear\u00ea D\u00eelok\u00ea y\u00ea Bakur\u00ea Kurdistan\u00ea \u00fb Stenbola Tirkiy\u00ea, hejmara 22 kesan ji endam\u00ean Part\u00eeya Demokrat\u00eek a Gelan hatin girtin. Li par\u00eazgeha D\u00eelok\u00ea duh demjim\u00ear 18.00 ji aliy\u00ea r\u00eaxistina bajar a Partiya Demokrat\u00eek a Gelan (HDP) ve kongreyeke rojnamevaniy\u00ea li ber avahiya partiy\u00ea hat sazkirin. Hejmareke z\u00eade ya ciwanan j\u00ee di w\u00ea [&hellip;]\" \/>\n<meta property=\"og:url\" content=\"https:\/\/darkamazi.info\/archives\/1023840\" \/>\n<meta property=\"og:site_name\" content=\"Darka Maz\u00ee\" \/>\n<meta property=\"article:publisher\" content=\"https:\/\/www.facebook.com\/DarMaziKurmanci\" \/>\n<meta property=\"article:published_time\" content=\"2021-08-02T08:56:16+00:00\" \/>\n<meta property=\"og:image\" content=\"https:\/\/darkamazi.info\/file\/2021\/08\/hdp-stenbol-dilok-pkk-konya-1.jpg\" \/>\n\t<meta property=\"og:image:width\" content=\"900\" \/>\n\t<meta property=\"og:image:height\" content=\"497\" \/>\n\t<meta property=\"og:image:type\" content=\"image\/jpeg\" \/>\n<meta name=\"author\" content=\"darka mazi\" \/>\n<meta name=\"twitter:card\" content=\"summary_large_image\" \/>\n<meta name=\"twitter:creator\" content=\"@DarkaMaziLatini\" \/>\n<meta name=\"twitter:site\" content=\"@DarkaMaziLatini\" \/>\n<meta name=\"twitter:label1\" content=\"Written by\" \/>\n\t<meta name=\"twitter:data1\" content=\"darka mazi\" \/>\n\t<meta name=\"twitter:label2\" content=\"Est. reading time\" \/>\n\t<meta name=\"twitter:data2\" content=\"1 minute\" \/>\n<script type=\"application\/ld+json\" class=\"seo-schema-graph\">{\"@context\":\"https:\\\/\\\/schema.org\",\"@graph\":[{\"@type\":\"Article\",\"@id\":\"https:\\\/\\\/darkamazi.info\\\/archives\\\/1023840#article\",\"isPartOf\":{\"@id\":\"https:\\\/\\\/darkamazi.info\\\/archives\\\/1023840\"},\"author\":{\"name\":\"darka mazi\",\"@id\":\"https:\\\/\\\/darkamazi.info\\\/#\\\/schema\\\/person\\\/5ad3e24553a0567993fa8ed4bd0a776c\"},\"headline\":\"Tirkiy\u00ea 22 endam\u00ean HDP\u00ea girtin\",\"datePublished\":\"2021-08-02T08:56:16+00:00\",\"mainEntityOfPage\":{\"@id\":\"https:\\\/\\\/darkamazi.info\\\/archives\\\/1023840\"},\"wordCount\":238,\"publisher\":{\"@id\":\"https:\\\/\\\/darkamazi.info\\\/#organization\"},\"image\":{\"@id\":\"https:\\\/\\\/darkamazi.info\\\/archives\\\/1023840#primaryimage\"},\"thumbnailUrl\":\"https:\\\/\\\/darkamazi.info\\\/darka-content\\\/uploads\\\/2021\\\/08\\\/hdp-stenbol-dilok-pkk-konya-1.jpg\",\"keywords\":[\"sereke\"],\"articleSection\":[\"Kurdistan\"],\"inLanguage\":\"en-US\"},{\"@type\":\"WebPage\",\"@id\":\"https:\\\/\\\/darkamazi.info\\\/archives\\\/1023840\",\"url\":\"https:\\\/\\\/darkamazi.info\\\/archives\\\/1023840\",\"name\":\"Tirkiy\u00ea 22 endam\u00ean HDP\u00ea girtin - Darka Maz\u00ee\",\"isPartOf\":{\"@id\":\"https:\\\/\\\/darkamazi.info\\\/#website\"},\"primaryImageOfPage\":{\"@id\":\"https:\\\/\\\/darkamazi.info\\\/archives\\\/1023840#primaryimage\"},\"image\":{\"@id\":\"https:\\\/\\\/darkamazi.info\\\/archives\\\/1023840#primaryimage\"},\"thumbnailUrl\":\"https:\\\/\\\/darkamazi.info\\\/darka-content\\\/uploads\\\/2021\\\/08\\\/hdp-stenbol-dilok-pkk-konya-1.jpg\",\"datePublished\":\"2021-08-02T08:56:16+00:00\",\"breadcrumb\":{\"@id\":\"https:\\\/\\\/darkamazi.info\\\/archives\\\/1023840#breadcrumb\"},\"inLanguage\":\"en-US\",\"potentialAction\":[{\"@type\":\"ReadAction\",\"target\":[\"https:\\\/\\\/darkamazi.info\\\/archives\\\/1023840\"]}]},{\"@type\":\"ImageObject\",\"inLanguage\":\"en-US\",\"@id\":\"https:\\\/\\\/darkamazi.info\\\/archives\\\/1023840#primaryimage\",\"url\":\"https:\\\/\\\/darkamazi.info\\\/darka-content\\\/uploads\\\/2021\\\/08\\\/hdp-stenbol-dilok-pkk-konya-1.jpg\",\"contentUrl\":\"https:\\\/\\\/darkamazi.info\\\/darka-content\\\/uploads\\\/2021\\\/08\\\/hdp-stenbol-dilok-pkk-konya-1.jpg\",\"width\":900,\"height\":497,\"caption\":\"Tirkiy\u00ea 22 endam\u00ean HDP\u00ea girtin\"},{\"@type\":\"BreadcrumbList\",\"@id\":\"https:\\\/\\\/darkamazi.info\\\/archives\\\/1023840#breadcrumb\",\"itemListElement\":[{\"@type\":\"ListItem\",\"position\":1,\"name\":\"Home\",\"item\":\"https:\\\/\\\/darkamazi.info\\\/\"},{\"@type\":\"ListItem\",\"position\":2,\"name\":\"Tirkiy\u00ea 22 endam\u00ean HDP\u00ea girtin\"}]},{\"@type\":\"WebSite\",\"@id\":\"https:\\\/\\\/darkamazi.info\\\/#website\",\"url\":\"https:\\\/\\\/darkamazi.info\\\/\",\"name\":\"Darka Maz\u00ee\",\"description\":\"P\u00eageha Zanyariy\u00ean Nebih\u00eest\u00ee\",\"publisher\":{\"@id\":\"https:\\\/\\\/darkamazi.info\\\/#organization\"},\"potentialAction\":[{\"@type\":\"SearchAction\",\"target\":{\"@type\":\"EntryPoint\",\"urlTemplate\":\"https:\\\/\\\/darkamazi.info\\\/?s={search_term_string}\"},\"query-input\":{\"@type\":\"PropertyValueSpecification\",\"valueRequired\":true,\"valueName\":\"search_term_string\"}}],\"inLanguage\":\"en-US\"},{\"@type\":\"Organization\",\"@id\":\"https:\\\/\\\/darkamazi.info\\\/#organization\",\"name\":\"Darka Maz\u00ee\",\"url\":\"https:\\\/\\\/darkamazi.info\\\/\",\"logo\":{\"@type\":\"ImageObject\",\"inLanguage\":\"en-US\",\"@id\":\"https:\\\/\\\/darkamazi.info\\\/#\\\/schema\\\/logo\\\/image\\\/\",\"url\":\"https:\\\/\\\/darkamazi.info\\\/darka-content\\\/uploads\\\/2017\\\/12\\\/darka-mazi-logo.png\",\"contentUrl\":\"https:\\\/\\\/darkamazi.info\\\/darka-content\\\/uploads\\\/2017\\\/12\\\/darka-mazi-logo.png\",\"width\":151,\"height\":75,\"caption\":\"Darka Maz\u00ee\"},\"image\":{\"@id\":\"https:\\\/\\\/darkamazi.info\\\/#\\\/schema\\\/logo\\\/image\\\/\"},\"sameAs\":[\"https:\\\/\\\/www.facebook.com\\\/DarMaziKurmanci\",\"https:\\\/\\\/x.com\\\/DarkaMaziLatini\",\"https:\\\/\\\/www.instagram.com\\\/darkamazi.kurmanci\\\/\",\"https:\\\/\\\/www.youtube.com\\\/channel\\\/UCa5HkTdmI8U1qCUFuTw8B2g\"]},{\"@type\":\"Person\",\"@id\":\"https:\\\/\\\/darkamazi.info\\\/#\\\/schema\\\/person\\\/5ad3e24553a0567993fa8ed4bd0a776c\",\"name\":\"darka mazi\",\"sameAs\":[\"https:\\\/\\\/darkamazi.info\\\/\"],\"url\":\"https:\\\/\\\/darkamazi.info\\\/archives\\\/author\\\/kurdi\"}]}<\/script>\n<!-- \/ Yoast SEO plugin. -->","seo_head_json":{"title":"Tirkiy\u00ea 22 endam\u00ean HDP\u00ea girtin - Darka Maz\u00ee","robots":{"index":"index","follow":"follow","max-snippet":"max-snippet:-1","max-image-preview":"max-image-preview:large","max-video-preview":"max-video-preview:-1"},"canonical":"https:\/\/darkamazi.info\/archives\/1023840","og_locale":"en_US","og_type":"article","og_title":"Tirkiy\u00ea 22 endam\u00ean HDP\u00ea girtin - Darka Maz\u00ee","og_description":"Li her y\u00eak ji baj\u00ear\u00ea D\u00eelok\u00ea y\u00ea Bakur\u00ea Kurdistan\u00ea \u00fb Stenbola Tirkiy\u00ea, hejmara 22 kesan ji endam\u00ean Part\u00eeya Demokrat\u00eek a Gelan hatin girtin. Li par\u00eazgeha D\u00eelok\u00ea duh demjim\u00ear 18.00 ji aliy\u00ea r\u00eaxistina bajar a Partiya Demokrat\u00eek a Gelan (HDP) ve kongreyeke rojnamevaniy\u00ea li ber avahiya partiy\u00ea hat sazkirin. Hejmareke z\u00eade ya ciwanan j\u00ee di w\u00ea [&hellip;]","og_url":"https:\/\/darkamazi.info\/archives\/1023840","og_site_name":"Darka Maz\u00ee","article_publisher":"https:\/\/www.facebook.com\/DarMaziKurmanci","article_published_time":"2021-08-02T08:56:16+00:00","og_image":[{"width":900,"height":497,"url":"https:\/\/darkamazi.info\/file\/2021\/08\/hdp-stenbol-dilok-pkk-konya-1.jpg","type":"image\/jpeg"}],"author":"darka mazi","twitter_card":"summary_large_image","twitter_creator":"@DarkaMaziLatini","twitter_site":"@DarkaMaziLatini","twitter_misc":{"Written by":"darka mazi","Est. reading time":"1 minute"},"schema":{"@context":"https:\/\/schema.org","@graph":[{"@type":"Article","@id":"https:\/\/darkamazi.info\/archives\/1023840#article","isPartOf":{"@id":"https:\/\/darkamazi.info\/archives\/1023840"},"author":{"name":"darka mazi","@id":"https:\/\/darkamazi.info\/#\/schema\/person\/5ad3e24553a0567993fa8ed4bd0a776c"},"headline":"Tirkiy\u00ea 22 endam\u00ean HDP\u00ea girtin","datePublished":"2021-08-02T08:56:16+00:00","mainEntityOfPage":{"@id":"https:\/\/darkamazi.info\/archives\/1023840"},"wordCount":238,"publisher":{"@id":"https:\/\/darkamazi.info\/#organization"},"image":{"@id":"https:\/\/darkamazi.info\/archives\/1023840#primaryimage"},"thumbnailUrl":"https:\/\/darkamazi.info\/file\/2021\/08\/hdp-stenbol-dilok-pkk-konya-1.jpg","keywords":["sereke"],"articleSection":["Kurdistan"],"inLanguage":"en-US"},{"@type":"WebPage","@id":"https:\/\/darkamazi.info\/archives\/1023840","url":"https:\/\/darkamazi.info\/archives\/1023840","name":"Tirkiy\u00ea 22 endam\u00ean HDP\u00ea girtin - Darka Maz\u00ee","isPartOf":{"@id":"https:\/\/darkamazi.info\/#website"},"primaryImageOfPage":{"@id":"https:\/\/darkamazi.info\/archives\/1023840#primaryimage"},"image":{"@id":"https:\/\/darkamazi.info\/archives\/1023840#primaryimage"},"thumbnailUrl":"https:\/\/darkamazi.info\/file\/2021\/08\/hdp-stenbol-dilok-pkk-konya-1.jpg","datePublished":"2021-08-02T08:56:16+00:00","breadcrumb":{"@id":"https:\/\/darkamazi.info\/archives\/1023840#breadcrumb"},"inLanguage":"en-US","potentialAction":[{"@type":"ReadAction","target":["https:\/\/darkamazi.info\/archives\/1023840"]}]},{"@type":"ImageObject","inLanguage":"en-US","@id":"https:\/\/darkamazi.info\/archives\/1023840#primaryimage","url":"https:\/\/darkamazi.info\/file\/2021\/08\/hdp-stenbol-dilok-pkk-konya-1.jpg","contentUrl":"https:\/\/darkamazi.info\/file\/2021\/08\/hdp-stenbol-dilok-pkk-konya-1.jpg","width":900,"height":497,"caption":"Tirkiy\u00ea 22 endam\u00ean HDP\u00ea girtin"},{"@type":"BreadcrumbList","@id":"https:\/\/darkamazi.info\/archives\/1023840#breadcrumb","itemListElement":[{"@type":"ListItem","position":1,"name":"Home","item":"https:\/\/darkamazi.info\/"},{"@type":"ListItem","position":2,"name":"Tirkiy\u00ea 22 endam\u00ean HDP\u00ea girtin"}]},{"@type":"WebSite","@id":"https:\/\/darkamazi.info\/#website","url":"https:\/\/darkamazi.info\/","name":"Darka Maz\u00ee","description":"P\u00eageha Zanyariy\u00ean Nebih\u00eest\u00ee","publisher":{"@id":"https:\/\/darkamazi.info\/#organization"},"potentialAction":[{"@type":"SearchAction","target":{"@type":"EntryPoint","urlTemplate":"https:\/\/darkamazi.info\/?s={search_term_string}"},"query-input":{"@type":"PropertyValueSpecification","valueRequired":true,"valueName":"search_term_string"}}],"inLanguage":"en-US"},{"@type":"Organization","@id":"https:\/\/darkamazi.info\/#organization","name":"Darka Maz\u00ee","url":"https:\/\/darkamazi.info\/","logo":{"@type":"ImageObject","inLanguage":"en-US","@id":"https:\/\/darkamazi.info\/#\/schema\/logo\/image\/","url":"https:\/\/darkamazi.info\/file\/2017\/12\/darka-mazi-logo.png","contentUrl":"https:\/\/darkamazi.info\/file\/2017\/12\/darka-mazi-logo.png","width":151,"height":75,"caption":"Darka Maz\u00ee"},"image":{"@id":"https:\/\/darkamazi.info\/#\/schema\/logo\/image\/"},"sameAs":["https:\/\/www.facebook.com\/DarMaziKurmanci","https:\/\/x.com\/DarkaMaziLatini","https:\/\/www.instagram.com\/darkamazi.kurmanci\/","https:\/\/www.youtube.com\/channel\/UCa5HkTdmI8U1qCUFuTw8B2g"]},{"@type":"Person","@id":"https:\/\/darkamazi.info\/#\/schema\/person\/5ad3e24553a0567993fa8ed4bd0a776c","name":"darka mazi","sameAs":["https:\/\/darkamazi.info\/"],"url":"https:\/\/darkamazi.info\/archives\/author\/kurdi"}]}},"_links":{"self":[{"href":"https:\/\/darkamazi.info\/funavuv\/wp\/v2\/posts\/1023840","targetHints":{"allow":["GET"]}}],"collection":[{"href":"https:\/\/darkamazi.info\/funavuv\/wp\/v2\/posts"}],"about":[{"href":"https:\/\/darkamazi.info\/funavuv\/wp\/v2\/types\/post"}],"author":[{"embeddable":true,"href":"https:\/\/darkamazi.info\/funavuv\/wp\/v2\/users\/2"}],"replies":[{"embeddable":true,"href":"https:\/\/darkamazi.info\/funavuv\/wp\/v2\/comments?post=1023840"}],"version-history":[{"count":0,"href":"https:\/\/darkamazi.info\/funavuv\/wp\/v2\/posts\/1023840\/revisions"}],"wp:featuredmedia":[{"embeddable":true,"href":"https:\/\/darkamazi.info\/funavuv\/wp\/v2\/media\/1023841"}],"wp:attachment":[{"href":"https:\/\/darkamazi.info\/funavuv\/wp\/v2\/media?parent=1023840"}],"wp:term":[{"taxonomy":"category","embeddable":true,"href":"https:\/\/darkamazi.info\/funavuv\/wp\/v2\/categories?post=1023840"},{"taxonomy":"post_tag","embeddable":true,"href":"https:\/\/darkamazi.info\/funavuv\/wp\/v2\/tags?post=1023840"}],"curies":[{"name":"wp","href":"https:\/\/api.w.org\/{rel}","templated":true}]}}