{"id":1023881,"date":"2021-08-03T12:42:04","date_gmt":"2021-08-03T09:42:04","guid":{"rendered":"https:\/\/darkamazi.info\/?p=1023881"},"modified":"2021-08-03T12:43:07","modified_gmt":"2021-08-03T09:43:07","slug":"dive-diyaloga-bi-same-re-di-bin-cavderiya-navdewleti-de-be","status":"publish","type":"post","link":"https:\/\/darkamazi.info\/archives\/1023881","title":{"rendered":"Div\u00ea diyaloga bi \u015eam\u00ea re di bin \u00e7avd\u00eariya navdewlet\u00ee de be"},"content":{"rendered":"<h4 style=\"text-align: justify\"><span style=\"font-family: 'arial black', sans-serif\">Endam\u00ea Kom\u00eeteya P\u00eawendiy\u00ean Derve y\u00ean Enc\u00fbmena Ni\u015ftiman\u00ee ya Kurd\u00ee li S\u00fbriy\u00ea (ENKS) \u00cebrah\u00eem Biro diyar kir ku xelk\u00ea S\u00fbriy\u00ea tev dixwazin dan\u00fbstandin\u00ea bikin, l\u00ea di bin biryar\u00ean navdewlet\u00ee de \u00fb di bin \u00e7avd\u00eariya navdewlet\u00ee de.<\/span><\/h4>\n<h4 style=\"text-align: justify\">\u00cebrah\u00eem Biro be\u015fdar\u00ee bultena n\u00fb\u00e7eyan Kurdistan24\u00ea b\u00fb \u00fb li ser gotin\u00ean Fermandar\u00ea Gi\u015ft\u00ee y\u00ea H\u00eaz\u00ean S\u00fbriya Demokrat\u00eek (HSD) General Mezl\u00fbm Ebd\u00ee ku gotib\u00fb div\u00ea diyalog bi \u015eam\u00ea re were kirin, \u00cebrah\u00eem Biro diyar kir: \u201cMilet\u00ea S\u00fbriy\u00ea tev dixwazin dan\u00fbstandin\u00ea bikin, l\u00ea di bin biryar\u00ean navdewlet\u00ee de \u00fb di bin \u00e7avd\u00eariya navdewlet\u00ee de, ti aliyek eger bixwaze ten\u00ea bi rej\u00eem\u00ea re bide \u00fb bist\u00eene, ev serkeftin nabe, ji ber ku ev rej\u00eem eger ti\u015ftek bida milet\u00ea S\u00fbr\u00ee, bi deh salan \u015fer \u00fb ku\u015ftin \u00fb penaberkirin \u00fb valakirina S\u00fbriy\u00ea nedikir.\u201d<\/h4>\n<h4 style=\"text-align: justify\">Biro destn\u00ee\u015fan kir: \u201cB\u00eaguman guhertina rej\u00eem\u00ea, daxwazeke sereke ya xelk\u00ea S\u00fbriy\u00ea ye, Be\u015far Esed weke Serok\u00ea S\u00fbriy\u00ea nay\u00ea qeb\u00fblkirin ji aliy\u00ea her kes\u00ee ve, heta dost\u00ean rej\u00eem\u00ea j\u00ee dizanin ku Be\u015far Esed ne \u00e7areser\u00ee ye.\u201d<\/h4>\n<h4 style=\"text-align: justify\">Endam\u00ea Kom\u00eeteya P\u00eawendiy\u00ean Derve y\u00ean ENKS\u00ea diyar kir: \u201cDan\u00fbstandin\u00ean Kurd\u00ee \u2013 Kurd\u00ee demeke dir\u00eaj bi \u00e7avd\u00eariya Amer\u00eekay\u00ea hat kirin \u00fb h\u00eaviyek ji milet\u00ea me re \u00e7\u00eakir ji ber ku ber\u00ea s\u00ea r\u00eakeftin di bin serperi\u015ftiya cenab\u00ea Serok Barzan\u00ee de \u00e7\u00eab\u00fbn \u00fb PYD\u00ea binp\u00ea kirin. V\u00ea car\u00ea me got Amer\u00eeka weke h\u00eazeke mezin bi ser bikeve, l\u00ea mixabin heta niha ew gav\u00ean berbi\u00e7av neb\u00fbn.\u201d<\/h4>\n<h4 style=\"text-align: justify\">\u00cebrah\u00eem Biro e\u015fkere kir\u201cDi aliy\u00ea serbaz\u00ee de ji sala 2014an heta niha, Amer\u00eekay\u00ea gelek dan\u00fbstandin di navbera me \u00fb aliy\u00ea din de kir, gelek hewl da ku kar\u00ea esker\u00ee bi hev re bikin, l\u00ea qet qeb\u00fbl nakin P\u00ea\u015fmergey\u00ea Roj vegerin \u00fb kar\u00ea xwe bikin li dever\u00ean Kurd\u00ee, heta niha got\u00fbb\u00eaj j\u00ee li ser nehatiye kirin.\u201d<\/h4>\n<h4 style=\"text-align: justify\">Li ser pirsa \u201cGelo h\u00fbn p\u00ea\u015fb\u00een\u00ee dikin ku di demeke n\u00eaz de got\u00fbb\u00eajeke din a diyaloga Kurd\u00ee \u2013 Kurd\u00ee \u00e7\u00eabibe?\u201d, Biro e\u015fkere kir: \u201cEm bi h\u00eav\u00ee ne ku \u00e7\u00eabibe, l\u00ea ev 6 meh di ser \u00eedareya Biden re derbas b\u00fb heta niha n\u00fbnerek\u00ee xwe ji bo S\u00fbriy\u00ea bi tevah\u00ee dananiye. Ev j\u00ee n\u00ee\u015fana gir\u00eeng\u00eenedana bi rew\u015fa S\u00fbriy\u00ea bi tevah\u00ee ye, jixwe bi taybet\u00ee di dever\u00ean Kurd\u00ee de Amer\u00eeka hinek\u00ee \u00e7av\u00ea xwe girtiye. Li dever\u00ean Kurd\u00ee bi heb\u00fbna Amer\u00eekay\u00ea Efr\u00een \u00e7\u00fb, Ser\u00ea Kaniy\u00ea \u00e7\u00fb, Gir\u00ea Sp\u00ee \u00e7\u00fb, gelek gir\u00eeng\u00ee neda dever\u00ean Kurd\u00ee.\u201d<\/h4>\n<h4>ROJEVA KURD<\/h4>\n","protected":false},"excerpt":{"rendered":"<p>Endam\u00ea Kom\u00eeteya P\u00eawendiy\u00ean Derve y\u00ean Enc\u00fbmena Ni\u015ftiman\u00ee ya Kurd\u00ee li S\u00fbriy\u00ea (ENKS) \u00cebrah\u00eem Biro diyar kir ku xelk\u00ea S\u00fbriy\u00ea tev dixwazin dan\u00fbstandin\u00ea bikin, l\u00ea di bin biryar\u00ean navdewlet\u00ee de \u00fb di bin \u00e7avd\u00eariya navdewlet\u00ee de. \u00cebrah\u00eem Biro be\u015fdar\u00ee bultena n\u00fb\u00e7eyan Kurdistan24\u00ea b\u00fb \u00fb li ser gotin\u00ean Fermandar\u00ea Gi\u015ft\u00ee y\u00ea H\u00eaz\u00ean S\u00fbriya Demokrat\u00eek (HSD) General Mezl\u00fbm [&hellip;]<\/p>\n","protected":false},"author":2,"featured_media":1023882,"comment_status":"closed","ping_status":"closed","sticky":false,"template":"","format":"standard","meta":{"footnotes":""},"categories":[29],"tags":[37],"class_list":["post-1023881","post","type-post","status-publish","format-standard","has-post-thumbnail","hentry","category-kurdistan","tag-sereke"],"blocksy_meta":[],"seo_head":"<!-- This site is optimized with the Yoast SEO plugin v27.5 - https:\/\/yoast.com\/product\/yoast-seo-wordpress\/ -->\n<title>Div\u00ea diyaloga bi \u015eam\u00ea re di bin \u00e7avd\u00eariya navdewlet\u00ee de be - Darka Maz\u00ee<\/title>\n<meta name=\"robots\" content=\"index, follow, max-snippet:-1, max-image-preview:large, max-video-preview:-1\" \/>\n<link rel=\"canonical\" href=\"https:\/\/darkamazi.info\/archives\/1023881\" \/>\n<meta property=\"og:locale\" content=\"en_US\" \/>\n<meta property=\"og:type\" content=\"article\" \/>\n<meta property=\"og:title\" content=\"Div\u00ea diyaloga bi \u015eam\u00ea re di bin \u00e7avd\u00eariya navdewlet\u00ee de be - Darka Maz\u00ee\" \/>\n<meta property=\"og:description\" content=\"Endam\u00ea Kom\u00eeteya P\u00eawendiy\u00ean Derve y\u00ean Enc\u00fbmena Ni\u015ftiman\u00ee ya Kurd\u00ee li S\u00fbriy\u00ea (ENKS) \u00cebrah\u00eem Biro diyar kir ku xelk\u00ea S\u00fbriy\u00ea tev dixwazin dan\u00fbstandin\u00ea bikin, l\u00ea di bin biryar\u00ean navdewlet\u00ee de \u00fb di bin \u00e7avd\u00eariya navdewlet\u00ee de. \u00cebrah\u00eem Biro be\u015fdar\u00ee bultena n\u00fb\u00e7eyan Kurdistan24\u00ea b\u00fb \u00fb li ser gotin\u00ean Fermandar\u00ea Gi\u015ft\u00ee y\u00ea H\u00eaz\u00ean S\u00fbriya Demokrat\u00eek (HSD) General Mezl\u00fbm [&hellip;]\" \/>\n<meta property=\"og:url\" content=\"https:\/\/darkamazi.info\/archives\/1023881\" \/>\n<meta property=\"og:site_name\" content=\"Darka Maz\u00ee\" \/>\n<meta property=\"article:publisher\" content=\"https:\/\/www.facebook.com\/DarMaziKurmanci\" \/>\n<meta property=\"article:published_time\" content=\"2021-08-03T09:42:04+00:00\" \/>\n<meta property=\"article:modified_time\" content=\"2021-08-03T09:43:07+00:00\" \/>\n<meta property=\"og:image\" content=\"https:\/\/darkamazi.info\/file\/2021\/08\/ibrahim-biro.jpg\" \/>\n\t<meta property=\"og:image:width\" content=\"900\" \/>\n\t<meta property=\"og:image:height\" content=\"497\" \/>\n\t<meta property=\"og:image:type\" content=\"image\/jpeg\" \/>\n<meta name=\"author\" content=\"darka mazi\" \/>\n<meta name=\"twitter:card\" content=\"summary_large_image\" \/>\n<meta name=\"twitter:creator\" content=\"@DarkaMaziLatini\" \/>\n<meta name=\"twitter:site\" content=\"@DarkaMaziLatini\" \/>\n<meta name=\"twitter:label1\" content=\"Written by\" \/>\n\t<meta name=\"twitter:data1\" content=\"darka mazi\" \/>\n\t<meta name=\"twitter:label2\" content=\"Est. reading time\" \/>\n\t<meta name=\"twitter:data2\" content=\"2 minutes\" \/>\n<script type=\"application\/ld+json\" class=\"seo-schema-graph\">{\"@context\":\"https:\\\/\\\/schema.org\",\"@graph\":[{\"@type\":\"Article\",\"@id\":\"https:\\\/\\\/darkamazi.info\\\/archives\\\/1023881#article\",\"isPartOf\":{\"@id\":\"https:\\\/\\\/darkamazi.info\\\/archives\\\/1023881\"},\"author\":{\"name\":\"darka mazi\",\"@id\":\"https:\\\/\\\/darkamazi.info\\\/#\\\/schema\\\/person\\\/5ad3e24553a0567993fa8ed4bd0a776c\"},\"headline\":\"Div\u00ea diyaloga bi \u015eam\u00ea re di bin \u00e7avd\u00eariya navdewlet\u00ee de be\",\"datePublished\":\"2021-08-03T09:42:04+00:00\",\"dateModified\":\"2021-08-03T09:43:07+00:00\",\"mainEntityOfPage\":{\"@id\":\"https:\\\/\\\/darkamazi.info\\\/archives\\\/1023881\"},\"wordCount\":459,\"publisher\":{\"@id\":\"https:\\\/\\\/darkamazi.info\\\/#organization\"},\"image\":{\"@id\":\"https:\\\/\\\/darkamazi.info\\\/archives\\\/1023881#primaryimage\"},\"thumbnailUrl\":\"https:\\\/\\\/darkamazi.info\\\/darka-content\\\/uploads\\\/2021\\\/08\\\/ibrahim-biro.jpg\",\"keywords\":[\"sereke\"],\"articleSection\":[\"Kurdistan\"],\"inLanguage\":\"en-US\"},{\"@type\":\"WebPage\",\"@id\":\"https:\\\/\\\/darkamazi.info\\\/archives\\\/1023881\",\"url\":\"https:\\\/\\\/darkamazi.info\\\/archives\\\/1023881\",\"name\":\"Div\u00ea diyaloga bi \u015eam\u00ea re di bin \u00e7avd\u00eariya navdewlet\u00ee de be - Darka Maz\u00ee\",\"isPartOf\":{\"@id\":\"https:\\\/\\\/darkamazi.info\\\/#website\"},\"primaryImageOfPage\":{\"@id\":\"https:\\\/\\\/darkamazi.info\\\/archives\\\/1023881#primaryimage\"},\"image\":{\"@id\":\"https:\\\/\\\/darkamazi.info\\\/archives\\\/1023881#primaryimage\"},\"thumbnailUrl\":\"https:\\\/\\\/darkamazi.info\\\/darka-content\\\/uploads\\\/2021\\\/08\\\/ibrahim-biro.jpg\",\"datePublished\":\"2021-08-03T09:42:04+00:00\",\"dateModified\":\"2021-08-03T09:43:07+00:00\",\"breadcrumb\":{\"@id\":\"https:\\\/\\\/darkamazi.info\\\/archives\\\/1023881#breadcrumb\"},\"inLanguage\":\"en-US\",\"potentialAction\":[{\"@type\":\"ReadAction\",\"target\":[\"https:\\\/\\\/darkamazi.info\\\/archives\\\/1023881\"]}]},{\"@type\":\"ImageObject\",\"inLanguage\":\"en-US\",\"@id\":\"https:\\\/\\\/darkamazi.info\\\/archives\\\/1023881#primaryimage\",\"url\":\"https:\\\/\\\/darkamazi.info\\\/darka-content\\\/uploads\\\/2021\\\/08\\\/ibrahim-biro.jpg\",\"contentUrl\":\"https:\\\/\\\/darkamazi.info\\\/darka-content\\\/uploads\\\/2021\\\/08\\\/ibrahim-biro.jpg\",\"width\":900,\"height\":497,\"caption\":\"Div\u00ea diyaloga bi \u015eam\u00ea re di bin \u00e7avd\u00eariya navdewlet\u00ee de be\"},{\"@type\":\"BreadcrumbList\",\"@id\":\"https:\\\/\\\/darkamazi.info\\\/archives\\\/1023881#breadcrumb\",\"itemListElement\":[{\"@type\":\"ListItem\",\"position\":1,\"name\":\"Home\",\"item\":\"https:\\\/\\\/darkamazi.info\\\/\"},{\"@type\":\"ListItem\",\"position\":2,\"name\":\"Div\u00ea diyaloga bi \u015eam\u00ea re di bin \u00e7avd\u00eariya navdewlet\u00ee de be\"}]},{\"@type\":\"WebSite\",\"@id\":\"https:\\\/\\\/darkamazi.info\\\/#website\",\"url\":\"https:\\\/\\\/darkamazi.info\\\/\",\"name\":\"Darka Maz\u00ee\",\"description\":\"P\u00eageha Zanyariy\u00ean Nebih\u00eest\u00ee\",\"publisher\":{\"@id\":\"https:\\\/\\\/darkamazi.info\\\/#organization\"},\"potentialAction\":[{\"@type\":\"SearchAction\",\"target\":{\"@type\":\"EntryPoint\",\"urlTemplate\":\"https:\\\/\\\/darkamazi.info\\\/?s={search_term_string}\"},\"query-input\":{\"@type\":\"PropertyValueSpecification\",\"valueRequired\":true,\"valueName\":\"search_term_string\"}}],\"inLanguage\":\"en-US\"},{\"@type\":\"Organization\",\"@id\":\"https:\\\/\\\/darkamazi.info\\\/#organization\",\"name\":\"Darka Maz\u00ee\",\"url\":\"https:\\\/\\\/darkamazi.info\\\/\",\"logo\":{\"@type\":\"ImageObject\",\"inLanguage\":\"en-US\",\"@id\":\"https:\\\/\\\/darkamazi.info\\\/#\\\/schema\\\/logo\\\/image\\\/\",\"url\":\"https:\\\/\\\/darkamazi.info\\\/darka-content\\\/uploads\\\/2017\\\/12\\\/darka-mazi-logo.png\",\"contentUrl\":\"https:\\\/\\\/darkamazi.info\\\/darka-content\\\/uploads\\\/2017\\\/12\\\/darka-mazi-logo.png\",\"width\":151,\"height\":75,\"caption\":\"Darka Maz\u00ee\"},\"image\":{\"@id\":\"https:\\\/\\\/darkamazi.info\\\/#\\\/schema\\\/logo\\\/image\\\/\"},\"sameAs\":[\"https:\\\/\\\/www.facebook.com\\\/DarMaziKurmanci\",\"https:\\\/\\\/x.com\\\/DarkaMaziLatini\",\"https:\\\/\\\/www.instagram.com\\\/darkamazi.kurmanci\\\/\",\"https:\\\/\\\/www.youtube.com\\\/channel\\\/UCa5HkTdmI8U1qCUFuTw8B2g\"]},{\"@type\":\"Person\",\"@id\":\"https:\\\/\\\/darkamazi.info\\\/#\\\/schema\\\/person\\\/5ad3e24553a0567993fa8ed4bd0a776c\",\"name\":\"darka mazi\",\"sameAs\":[\"https:\\\/\\\/darkamazi.info\\\/\"],\"url\":\"https:\\\/\\\/darkamazi.info\\\/archives\\\/author\\\/kurdi\"}]}<\/script>\n<!-- \/ Yoast SEO plugin. -->","seo_head_json":{"title":"Div\u00ea diyaloga bi \u015eam\u00ea re di bin \u00e7avd\u00eariya navdewlet\u00ee de be - Darka Maz\u00ee","robots":{"index":"index","follow":"follow","max-snippet":"max-snippet:-1","max-image-preview":"max-image-preview:large","max-video-preview":"max-video-preview:-1"},"canonical":"https:\/\/darkamazi.info\/archives\/1023881","og_locale":"en_US","og_type":"article","og_title":"Div\u00ea diyaloga bi \u015eam\u00ea re di bin \u00e7avd\u00eariya navdewlet\u00ee de be - Darka Maz\u00ee","og_description":"Endam\u00ea Kom\u00eeteya P\u00eawendiy\u00ean Derve y\u00ean Enc\u00fbmena Ni\u015ftiman\u00ee ya Kurd\u00ee li S\u00fbriy\u00ea (ENKS) \u00cebrah\u00eem Biro diyar kir ku xelk\u00ea S\u00fbriy\u00ea tev dixwazin dan\u00fbstandin\u00ea bikin, l\u00ea di bin biryar\u00ean navdewlet\u00ee de \u00fb di bin \u00e7avd\u00eariya navdewlet\u00ee de. \u00cebrah\u00eem Biro be\u015fdar\u00ee bultena n\u00fb\u00e7eyan Kurdistan24\u00ea b\u00fb \u00fb li ser gotin\u00ean Fermandar\u00ea Gi\u015ft\u00ee y\u00ea H\u00eaz\u00ean S\u00fbriya Demokrat\u00eek (HSD) General Mezl\u00fbm [&hellip;]","og_url":"https:\/\/darkamazi.info\/archives\/1023881","og_site_name":"Darka Maz\u00ee","article_publisher":"https:\/\/www.facebook.com\/DarMaziKurmanci","article_published_time":"2021-08-03T09:42:04+00:00","article_modified_time":"2021-08-03T09:43:07+00:00","og_image":[{"width":900,"height":497,"url":"https:\/\/darkamazi.info\/file\/2021\/08\/ibrahim-biro.jpg","type":"image\/jpeg"}],"author":"darka mazi","twitter_card":"summary_large_image","twitter_creator":"@DarkaMaziLatini","twitter_site":"@DarkaMaziLatini","twitter_misc":{"Written by":"darka mazi","Est. reading time":"2 minutes"},"schema":{"@context":"https:\/\/schema.org","@graph":[{"@type":"Article","@id":"https:\/\/darkamazi.info\/archives\/1023881#article","isPartOf":{"@id":"https:\/\/darkamazi.info\/archives\/1023881"},"author":{"name":"darka mazi","@id":"https:\/\/darkamazi.info\/#\/schema\/person\/5ad3e24553a0567993fa8ed4bd0a776c"},"headline":"Div\u00ea diyaloga bi \u015eam\u00ea re di bin \u00e7avd\u00eariya navdewlet\u00ee de be","datePublished":"2021-08-03T09:42:04+00:00","dateModified":"2021-08-03T09:43:07+00:00","mainEntityOfPage":{"@id":"https:\/\/darkamazi.info\/archives\/1023881"},"wordCount":459,"publisher":{"@id":"https:\/\/darkamazi.info\/#organization"},"image":{"@id":"https:\/\/darkamazi.info\/archives\/1023881#primaryimage"},"thumbnailUrl":"https:\/\/darkamazi.info\/file\/2021\/08\/ibrahim-biro.jpg","keywords":["sereke"],"articleSection":["Kurdistan"],"inLanguage":"en-US"},{"@type":"WebPage","@id":"https:\/\/darkamazi.info\/archives\/1023881","url":"https:\/\/darkamazi.info\/archives\/1023881","name":"Div\u00ea diyaloga bi \u015eam\u00ea re di bin \u00e7avd\u00eariya navdewlet\u00ee de be - Darka Maz\u00ee","isPartOf":{"@id":"https:\/\/darkamazi.info\/#website"},"primaryImageOfPage":{"@id":"https:\/\/darkamazi.info\/archives\/1023881#primaryimage"},"image":{"@id":"https:\/\/darkamazi.info\/archives\/1023881#primaryimage"},"thumbnailUrl":"https:\/\/darkamazi.info\/file\/2021\/08\/ibrahim-biro.jpg","datePublished":"2021-08-03T09:42:04+00:00","dateModified":"2021-08-03T09:43:07+00:00","breadcrumb":{"@id":"https:\/\/darkamazi.info\/archives\/1023881#breadcrumb"},"inLanguage":"en-US","potentialAction":[{"@type":"ReadAction","target":["https:\/\/darkamazi.info\/archives\/1023881"]}]},{"@type":"ImageObject","inLanguage":"en-US","@id":"https:\/\/darkamazi.info\/archives\/1023881#primaryimage","url":"https:\/\/darkamazi.info\/file\/2021\/08\/ibrahim-biro.jpg","contentUrl":"https:\/\/darkamazi.info\/file\/2021\/08\/ibrahim-biro.jpg","width":900,"height":497,"caption":"Div\u00ea diyaloga bi \u015eam\u00ea re di bin \u00e7avd\u00eariya navdewlet\u00ee de be"},{"@type":"BreadcrumbList","@id":"https:\/\/darkamazi.info\/archives\/1023881#breadcrumb","itemListElement":[{"@type":"ListItem","position":1,"name":"Home","item":"https:\/\/darkamazi.info\/"},{"@type":"ListItem","position":2,"name":"Div\u00ea diyaloga bi \u015eam\u00ea re di bin \u00e7avd\u00eariya navdewlet\u00ee de be"}]},{"@type":"WebSite","@id":"https:\/\/darkamazi.info\/#website","url":"https:\/\/darkamazi.info\/","name":"Darka Maz\u00ee","description":"P\u00eageha Zanyariy\u00ean Nebih\u00eest\u00ee","publisher":{"@id":"https:\/\/darkamazi.info\/#organization"},"potentialAction":[{"@type":"SearchAction","target":{"@type":"EntryPoint","urlTemplate":"https:\/\/darkamazi.info\/?s={search_term_string}"},"query-input":{"@type":"PropertyValueSpecification","valueRequired":true,"valueName":"search_term_string"}}],"inLanguage":"en-US"},{"@type":"Organization","@id":"https:\/\/darkamazi.info\/#organization","name":"Darka Maz\u00ee","url":"https:\/\/darkamazi.info\/","logo":{"@type":"ImageObject","inLanguage":"en-US","@id":"https:\/\/darkamazi.info\/#\/schema\/logo\/image\/","url":"https:\/\/darkamazi.info\/file\/2017\/12\/darka-mazi-logo.png","contentUrl":"https:\/\/darkamazi.info\/file\/2017\/12\/darka-mazi-logo.png","width":151,"height":75,"caption":"Darka Maz\u00ee"},"image":{"@id":"https:\/\/darkamazi.info\/#\/schema\/logo\/image\/"},"sameAs":["https:\/\/www.facebook.com\/DarMaziKurmanci","https:\/\/x.com\/DarkaMaziLatini","https:\/\/www.instagram.com\/darkamazi.kurmanci\/","https:\/\/www.youtube.com\/channel\/UCa5HkTdmI8U1qCUFuTw8B2g"]},{"@type":"Person","@id":"https:\/\/darkamazi.info\/#\/schema\/person\/5ad3e24553a0567993fa8ed4bd0a776c","name":"darka mazi","sameAs":["https:\/\/darkamazi.info\/"],"url":"https:\/\/darkamazi.info\/archives\/author\/kurdi"}]}},"_links":{"self":[{"href":"https:\/\/darkamazi.info\/funavuv\/wp\/v2\/posts\/1023881","targetHints":{"allow":["GET"]}}],"collection":[{"href":"https:\/\/darkamazi.info\/funavuv\/wp\/v2\/posts"}],"about":[{"href":"https:\/\/darkamazi.info\/funavuv\/wp\/v2\/types\/post"}],"author":[{"embeddable":true,"href":"https:\/\/darkamazi.info\/funavuv\/wp\/v2\/users\/2"}],"replies":[{"embeddable":true,"href":"https:\/\/darkamazi.info\/funavuv\/wp\/v2\/comments?post=1023881"}],"version-history":[{"count":0,"href":"https:\/\/darkamazi.info\/funavuv\/wp\/v2\/posts\/1023881\/revisions"}],"wp:featuredmedia":[{"embeddable":true,"href":"https:\/\/darkamazi.info\/funavuv\/wp\/v2\/media\/1023882"}],"wp:attachment":[{"href":"https:\/\/darkamazi.info\/funavuv\/wp\/v2\/media?parent=1023881"}],"wp:term":[{"taxonomy":"category","embeddable":true,"href":"https:\/\/darkamazi.info\/funavuv\/wp\/v2\/categories?post=1023881"},{"taxonomy":"post_tag","embeddable":true,"href":"https:\/\/darkamazi.info\/funavuv\/wp\/v2\/tags?post=1023881"}],"curies":[{"name":"wp","href":"https:\/\/api.w.org\/{rel}","templated":true}]}}