{"id":1024014,"date":"2021-08-04T21:40:01","date_gmt":"2021-08-04T18:40:01","guid":{"rendered":"https:\/\/darkamazi.info\/?p=1024014"},"modified":"2021-08-04T21:40:01","modified_gmt":"2021-08-04T18:40:01","slug":"li-bane-a-rojhilate-kurdistane-heri-kem-3-kolber-di-rudana-tirafike-de-mirin","status":"publish","type":"post","link":"https:\/\/darkamazi.info\/archives\/1024014","title":{"rendered":"Li Bane a Rojhilat\u00ea kurdistan\u00ea her\u00ee k\u00eam 3 kolber di r\u00fbdana tiraf\u00eek\u00ea de mirin"},"content":{"rendered":"<h4 style=\"text-align: justify\"><span style=\"font-family: 'arial black', sans-serif\">Li bajarok\u00ea Bane y\u00ea Rojhilat\u00ea Kurdistan\u00ea her\u00ee k\u00eam 3 kolber\u00ean kurd di r\u00fbdana tiraf\u00eek\u00ea de can\u00ea xwe ji dest dan.<\/span><\/h4>\n<h4 style=\"text-align: justify\">Malpera maf\u00ean mirov ya Hengaw ragihandiye, \u00eero dan\u00ea sib\u00ea dema komek kolber bi otomob\u00eel\u00ea ji kolberiy\u00ea vedigeriyan, li n\u00eaz\u00eek\u00ee gund\u00ea Ker\u00eemava y\u00ea bajarok\u00ea Bane li p\u00eekabek\u00ee qelib\u00een.<\/h4>\n<h4 style=\"text-align: justify\">Li gor\u00ee agahiyan, di w\u00ea r\u00fbdan\u00ea de 3 kolber mirin \u00fb 7 kolber j\u00ee bir\u00eendar b\u00fbn.<\/h4>\n<h4 style=\"text-align: justify\">T\u00ea gotin ku rew\u015fa hinek ji kolber\u00ean bir\u00eendar ba\u015f n\u00eene loma tirsa w\u00ea heye hejmara miriyan z\u00eade bibe.<\/h4>\n<h4 style=\"text-align: justify\">Kolber\u00ean ku mirine, ev in: Cemal \u015eer\u00eef\u00ee, Mehd\u00ee Mazwanbend \u00fb Mizefer Penah\u00ee.<\/h4>\n","protected":false},"excerpt":{"rendered":"<p>Li bajarok\u00ea Bane y\u00ea Rojhilat\u00ea Kurdistan\u00ea her\u00ee k\u00eam 3 kolber\u00ean kurd di r\u00fbdana tiraf\u00eek\u00ea de can\u00ea xwe ji dest dan. Malpera maf\u00ean mirov ya Hengaw ragihandiye, \u00eero dan\u00ea sib\u00ea dema komek kolber bi otomob\u00eel\u00ea ji kolberiy\u00ea vedigeriyan, li n\u00eaz\u00eek\u00ee gund\u00ea Ker\u00eemava y\u00ea bajarok\u00ea Bane li p\u00eekabek\u00ee qelib\u00een. Li gor\u00ee agahiyan, di w\u00ea r\u00fbdan\u00ea de 3 [&hellip;]<\/p>\n","protected":false},"author":2,"featured_media":1024015,"comment_status":"closed","ping_status":"closed","sticky":false,"template":"","format":"standard","meta":{"footnotes":""},"categories":[29],"tags":[37],"class_list":["post-1024014","post","type-post","status-publish","format-standard","has-post-thumbnail","hentry","category-kurdistan","tag-sereke"],"blocksy_meta":[],"seo_head":"<!-- This site is optimized with the Yoast SEO plugin v27.5 - https:\/\/yoast.com\/product\/yoast-seo-wordpress\/ -->\n<title>Li Bane a Rojhilat\u00ea kurdistan\u00ea her\u00ee k\u00eam 3 kolber di r\u00fbdana tiraf\u00eek\u00ea de mirin - Darka Maz\u00ee<\/title>\n<meta name=\"robots\" content=\"index, follow, max-snippet:-1, max-image-preview:large, max-video-preview:-1\" \/>\n<link rel=\"canonical\" href=\"https:\/\/darkamazi.info\/archives\/1024014\" \/>\n<meta property=\"og:locale\" content=\"en_US\" \/>\n<meta property=\"og:type\" content=\"article\" \/>\n<meta property=\"og:title\" content=\"Li Bane a Rojhilat\u00ea kurdistan\u00ea her\u00ee k\u00eam 3 kolber di r\u00fbdana tiraf\u00eek\u00ea de mirin - Darka Maz\u00ee\" \/>\n<meta property=\"og:description\" content=\"Li bajarok\u00ea Bane y\u00ea Rojhilat\u00ea Kurdistan\u00ea her\u00ee k\u00eam 3 kolber\u00ean kurd di r\u00fbdana tiraf\u00eek\u00ea de can\u00ea xwe ji dest dan. Malpera maf\u00ean mirov ya Hengaw ragihandiye, \u00eero dan\u00ea sib\u00ea dema komek kolber bi otomob\u00eel\u00ea ji kolberiy\u00ea vedigeriyan, li n\u00eaz\u00eek\u00ee gund\u00ea Ker\u00eemava y\u00ea bajarok\u00ea Bane li p\u00eekabek\u00ee qelib\u00een. Li gor\u00ee agahiyan, di w\u00ea r\u00fbdan\u00ea de 3 [&hellip;]\" \/>\n<meta property=\"og:url\" content=\"https:\/\/darkamazi.info\/archives\/1024014\" \/>\n<meta property=\"og:site_name\" content=\"Darka Maz\u00ee\" \/>\n<meta property=\"article:publisher\" content=\"https:\/\/www.facebook.com\/DarMaziKurmanci\" \/>\n<meta property=\"article:published_time\" content=\"2021-08-04T18:40:01+00:00\" \/>\n<meta property=\"og:image\" content=\"https:\/\/darkamazi.info\/file\/2021\/08\/kolber.jpg\" \/>\n\t<meta property=\"og:image:width\" content=\"900\" \/>\n\t<meta property=\"og:image:height\" content=\"497\" \/>\n\t<meta property=\"og:image:type\" content=\"image\/jpeg\" \/>\n<meta name=\"author\" content=\"darka mazi\" \/>\n<meta name=\"twitter:card\" content=\"summary_large_image\" \/>\n<meta name=\"twitter:creator\" content=\"@DarkaMaziLatini\" \/>\n<meta name=\"twitter:site\" content=\"@DarkaMaziLatini\" \/>\n<meta name=\"twitter:label1\" content=\"Written by\" \/>\n\t<meta name=\"twitter:data1\" content=\"darka mazi\" \/>\n\t<meta name=\"twitter:label2\" content=\"Est. reading time\" \/>\n\t<meta name=\"twitter:data2\" content=\"1 minute\" \/>\n<script type=\"application\/ld+json\" class=\"seo-schema-graph\">{\"@context\":\"https:\\\/\\\/schema.org\",\"@graph\":[{\"@type\":\"Article\",\"@id\":\"https:\\\/\\\/darkamazi.info\\\/archives\\\/1024014#article\",\"isPartOf\":{\"@id\":\"https:\\\/\\\/darkamazi.info\\\/archives\\\/1024014\"},\"author\":{\"name\":\"darka mazi\",\"@id\":\"https:\\\/\\\/darkamazi.info\\\/#\\\/schema\\\/person\\\/5ad3e24553a0567993fa8ed4bd0a776c\"},\"headline\":\"Li Bane a Rojhilat\u00ea kurdistan\u00ea her\u00ee k\u00eam 3 kolber di r\u00fbdana tiraf\u00eek\u00ea de mirin\",\"datePublished\":\"2021-08-04T18:40:01+00:00\",\"mainEntityOfPage\":{\"@id\":\"https:\\\/\\\/darkamazi.info\\\/archives\\\/1024014\"},\"wordCount\":125,\"publisher\":{\"@id\":\"https:\\\/\\\/darkamazi.info\\\/#organization\"},\"image\":{\"@id\":\"https:\\\/\\\/darkamazi.info\\\/archives\\\/1024014#primaryimage\"},\"thumbnailUrl\":\"https:\\\/\\\/darkamazi.info\\\/darka-content\\\/uploads\\\/2021\\\/08\\\/kolber.jpg\",\"keywords\":[\"sereke\"],\"articleSection\":[\"Kurdistan\"],\"inLanguage\":\"en-US\"},{\"@type\":\"WebPage\",\"@id\":\"https:\\\/\\\/darkamazi.info\\\/archives\\\/1024014\",\"url\":\"https:\\\/\\\/darkamazi.info\\\/archives\\\/1024014\",\"name\":\"Li Bane a Rojhilat\u00ea kurdistan\u00ea her\u00ee k\u00eam 3 kolber di r\u00fbdana tiraf\u00eek\u00ea de mirin - Darka Maz\u00ee\",\"isPartOf\":{\"@id\":\"https:\\\/\\\/darkamazi.info\\\/#website\"},\"primaryImageOfPage\":{\"@id\":\"https:\\\/\\\/darkamazi.info\\\/archives\\\/1024014#primaryimage\"},\"image\":{\"@id\":\"https:\\\/\\\/darkamazi.info\\\/archives\\\/1024014#primaryimage\"},\"thumbnailUrl\":\"https:\\\/\\\/darkamazi.info\\\/darka-content\\\/uploads\\\/2021\\\/08\\\/kolber.jpg\",\"datePublished\":\"2021-08-04T18:40:01+00:00\",\"breadcrumb\":{\"@id\":\"https:\\\/\\\/darkamazi.info\\\/archives\\\/1024014#breadcrumb\"},\"inLanguage\":\"en-US\",\"potentialAction\":[{\"@type\":\"ReadAction\",\"target\":[\"https:\\\/\\\/darkamazi.info\\\/archives\\\/1024014\"]}]},{\"@type\":\"ImageObject\",\"inLanguage\":\"en-US\",\"@id\":\"https:\\\/\\\/darkamazi.info\\\/archives\\\/1024014#primaryimage\",\"url\":\"https:\\\/\\\/darkamazi.info\\\/darka-content\\\/uploads\\\/2021\\\/08\\\/kolber.jpg\",\"contentUrl\":\"https:\\\/\\\/darkamazi.info\\\/darka-content\\\/uploads\\\/2021\\\/08\\\/kolber.jpg\",\"width\":900,\"height\":497,\"caption\":\"Li Bane a Rojhilat\u00ea kurdistan\u00ea her\u00ee k\u00eam 3 kolber di r\u00fbdana tiraf\u00eek\u00ea de mirin\"},{\"@type\":\"BreadcrumbList\",\"@id\":\"https:\\\/\\\/darkamazi.info\\\/archives\\\/1024014#breadcrumb\",\"itemListElement\":[{\"@type\":\"ListItem\",\"position\":1,\"name\":\"Home\",\"item\":\"https:\\\/\\\/darkamazi.info\\\/\"},{\"@type\":\"ListItem\",\"position\":2,\"name\":\"Li Bane a Rojhilat\u00ea kurdistan\u00ea her\u00ee k\u00eam 3 kolber di r\u00fbdana tiraf\u00eek\u00ea de mirin\"}]},{\"@type\":\"WebSite\",\"@id\":\"https:\\\/\\\/darkamazi.info\\\/#website\",\"url\":\"https:\\\/\\\/darkamazi.info\\\/\",\"name\":\"Darka Maz\u00ee\",\"description\":\"P\u00eageha Zanyariy\u00ean Nebih\u00eest\u00ee\",\"publisher\":{\"@id\":\"https:\\\/\\\/darkamazi.info\\\/#organization\"},\"potentialAction\":[{\"@type\":\"SearchAction\",\"target\":{\"@type\":\"EntryPoint\",\"urlTemplate\":\"https:\\\/\\\/darkamazi.info\\\/?s={search_term_string}\"},\"query-input\":{\"@type\":\"PropertyValueSpecification\",\"valueRequired\":true,\"valueName\":\"search_term_string\"}}],\"inLanguage\":\"en-US\"},{\"@type\":\"Organization\",\"@id\":\"https:\\\/\\\/darkamazi.info\\\/#organization\",\"name\":\"Darka Maz\u00ee\",\"url\":\"https:\\\/\\\/darkamazi.info\\\/\",\"logo\":{\"@type\":\"ImageObject\",\"inLanguage\":\"en-US\",\"@id\":\"https:\\\/\\\/darkamazi.info\\\/#\\\/schema\\\/logo\\\/image\\\/\",\"url\":\"https:\\\/\\\/darkamazi.info\\\/darka-content\\\/uploads\\\/2017\\\/12\\\/darka-mazi-logo.png\",\"contentUrl\":\"https:\\\/\\\/darkamazi.info\\\/darka-content\\\/uploads\\\/2017\\\/12\\\/darka-mazi-logo.png\",\"width\":151,\"height\":75,\"caption\":\"Darka Maz\u00ee\"},\"image\":{\"@id\":\"https:\\\/\\\/darkamazi.info\\\/#\\\/schema\\\/logo\\\/image\\\/\"},\"sameAs\":[\"https:\\\/\\\/www.facebook.com\\\/DarMaziKurmanci\",\"https:\\\/\\\/x.com\\\/DarkaMaziLatini\",\"https:\\\/\\\/www.instagram.com\\\/darkamazi.kurmanci\\\/\",\"https:\\\/\\\/www.youtube.com\\\/channel\\\/UCa5HkTdmI8U1qCUFuTw8B2g\"]},{\"@type\":\"Person\",\"@id\":\"https:\\\/\\\/darkamazi.info\\\/#\\\/schema\\\/person\\\/5ad3e24553a0567993fa8ed4bd0a776c\",\"name\":\"darka mazi\",\"sameAs\":[\"https:\\\/\\\/darkamazi.info\\\/\"],\"url\":\"https:\\\/\\\/darkamazi.info\\\/archives\\\/author\\\/kurdi\"}]}<\/script>\n<!-- \/ Yoast SEO plugin. -->","seo_head_json":{"title":"Li Bane a Rojhilat\u00ea kurdistan\u00ea her\u00ee k\u00eam 3 kolber di r\u00fbdana tiraf\u00eek\u00ea de mirin - Darka Maz\u00ee","robots":{"index":"index","follow":"follow","max-snippet":"max-snippet:-1","max-image-preview":"max-image-preview:large","max-video-preview":"max-video-preview:-1"},"canonical":"https:\/\/darkamazi.info\/archives\/1024014","og_locale":"en_US","og_type":"article","og_title":"Li Bane a Rojhilat\u00ea kurdistan\u00ea her\u00ee k\u00eam 3 kolber di r\u00fbdana tiraf\u00eek\u00ea de mirin - Darka Maz\u00ee","og_description":"Li bajarok\u00ea Bane y\u00ea Rojhilat\u00ea Kurdistan\u00ea her\u00ee k\u00eam 3 kolber\u00ean kurd di r\u00fbdana tiraf\u00eek\u00ea de can\u00ea xwe ji dest dan. Malpera maf\u00ean mirov ya Hengaw ragihandiye, \u00eero dan\u00ea sib\u00ea dema komek kolber bi otomob\u00eel\u00ea ji kolberiy\u00ea vedigeriyan, li n\u00eaz\u00eek\u00ee gund\u00ea Ker\u00eemava y\u00ea bajarok\u00ea Bane li p\u00eekabek\u00ee qelib\u00een. Li gor\u00ee agahiyan, di w\u00ea r\u00fbdan\u00ea de 3 [&hellip;]","og_url":"https:\/\/darkamazi.info\/archives\/1024014","og_site_name":"Darka Maz\u00ee","article_publisher":"https:\/\/www.facebook.com\/DarMaziKurmanci","article_published_time":"2021-08-04T18:40:01+00:00","og_image":[{"width":900,"height":497,"url":"https:\/\/darkamazi.info\/file\/2021\/08\/kolber.jpg","type":"image\/jpeg"}],"author":"darka mazi","twitter_card":"summary_large_image","twitter_creator":"@DarkaMaziLatini","twitter_site":"@DarkaMaziLatini","twitter_misc":{"Written by":"darka mazi","Est. reading time":"1 minute"},"schema":{"@context":"https:\/\/schema.org","@graph":[{"@type":"Article","@id":"https:\/\/darkamazi.info\/archives\/1024014#article","isPartOf":{"@id":"https:\/\/darkamazi.info\/archives\/1024014"},"author":{"name":"darka mazi","@id":"https:\/\/darkamazi.info\/#\/schema\/person\/5ad3e24553a0567993fa8ed4bd0a776c"},"headline":"Li Bane a Rojhilat\u00ea kurdistan\u00ea her\u00ee k\u00eam 3 kolber di r\u00fbdana tiraf\u00eek\u00ea de mirin","datePublished":"2021-08-04T18:40:01+00:00","mainEntityOfPage":{"@id":"https:\/\/darkamazi.info\/archives\/1024014"},"wordCount":125,"publisher":{"@id":"https:\/\/darkamazi.info\/#organization"},"image":{"@id":"https:\/\/darkamazi.info\/archives\/1024014#primaryimage"},"thumbnailUrl":"https:\/\/darkamazi.info\/file\/2021\/08\/kolber.jpg","keywords":["sereke"],"articleSection":["Kurdistan"],"inLanguage":"en-US"},{"@type":"WebPage","@id":"https:\/\/darkamazi.info\/archives\/1024014","url":"https:\/\/darkamazi.info\/archives\/1024014","name":"Li Bane a Rojhilat\u00ea kurdistan\u00ea her\u00ee k\u00eam 3 kolber di r\u00fbdana tiraf\u00eek\u00ea de mirin - Darka Maz\u00ee","isPartOf":{"@id":"https:\/\/darkamazi.info\/#website"},"primaryImageOfPage":{"@id":"https:\/\/darkamazi.info\/archives\/1024014#primaryimage"},"image":{"@id":"https:\/\/darkamazi.info\/archives\/1024014#primaryimage"},"thumbnailUrl":"https:\/\/darkamazi.info\/file\/2021\/08\/kolber.jpg","datePublished":"2021-08-04T18:40:01+00:00","breadcrumb":{"@id":"https:\/\/darkamazi.info\/archives\/1024014#breadcrumb"},"inLanguage":"en-US","potentialAction":[{"@type":"ReadAction","target":["https:\/\/darkamazi.info\/archives\/1024014"]}]},{"@type":"ImageObject","inLanguage":"en-US","@id":"https:\/\/darkamazi.info\/archives\/1024014#primaryimage","url":"https:\/\/darkamazi.info\/file\/2021\/08\/kolber.jpg","contentUrl":"https:\/\/darkamazi.info\/file\/2021\/08\/kolber.jpg","width":900,"height":497,"caption":"Li Bane a Rojhilat\u00ea kurdistan\u00ea her\u00ee k\u00eam 3 kolber di r\u00fbdana tiraf\u00eek\u00ea de mirin"},{"@type":"BreadcrumbList","@id":"https:\/\/darkamazi.info\/archives\/1024014#breadcrumb","itemListElement":[{"@type":"ListItem","position":1,"name":"Home","item":"https:\/\/darkamazi.info\/"},{"@type":"ListItem","position":2,"name":"Li Bane a Rojhilat\u00ea kurdistan\u00ea her\u00ee k\u00eam 3 kolber di r\u00fbdana tiraf\u00eek\u00ea de mirin"}]},{"@type":"WebSite","@id":"https:\/\/darkamazi.info\/#website","url":"https:\/\/darkamazi.info\/","name":"Darka Maz\u00ee","description":"P\u00eageha Zanyariy\u00ean Nebih\u00eest\u00ee","publisher":{"@id":"https:\/\/darkamazi.info\/#organization"},"potentialAction":[{"@type":"SearchAction","target":{"@type":"EntryPoint","urlTemplate":"https:\/\/darkamazi.info\/?s={search_term_string}"},"query-input":{"@type":"PropertyValueSpecification","valueRequired":true,"valueName":"search_term_string"}}],"inLanguage":"en-US"},{"@type":"Organization","@id":"https:\/\/darkamazi.info\/#organization","name":"Darka Maz\u00ee","url":"https:\/\/darkamazi.info\/","logo":{"@type":"ImageObject","inLanguage":"en-US","@id":"https:\/\/darkamazi.info\/#\/schema\/logo\/image\/","url":"https:\/\/darkamazi.info\/file\/2017\/12\/darka-mazi-logo.png","contentUrl":"https:\/\/darkamazi.info\/file\/2017\/12\/darka-mazi-logo.png","width":151,"height":75,"caption":"Darka Maz\u00ee"},"image":{"@id":"https:\/\/darkamazi.info\/#\/schema\/logo\/image\/"},"sameAs":["https:\/\/www.facebook.com\/DarMaziKurmanci","https:\/\/x.com\/DarkaMaziLatini","https:\/\/www.instagram.com\/darkamazi.kurmanci\/","https:\/\/www.youtube.com\/channel\/UCa5HkTdmI8U1qCUFuTw8B2g"]},{"@type":"Person","@id":"https:\/\/darkamazi.info\/#\/schema\/person\/5ad3e24553a0567993fa8ed4bd0a776c","name":"darka mazi","sameAs":["https:\/\/darkamazi.info\/"],"url":"https:\/\/darkamazi.info\/archives\/author\/kurdi"}]}},"_links":{"self":[{"href":"https:\/\/darkamazi.info\/funavuv\/wp\/v2\/posts\/1024014","targetHints":{"allow":["GET"]}}],"collection":[{"href":"https:\/\/darkamazi.info\/funavuv\/wp\/v2\/posts"}],"about":[{"href":"https:\/\/darkamazi.info\/funavuv\/wp\/v2\/types\/post"}],"author":[{"embeddable":true,"href":"https:\/\/darkamazi.info\/funavuv\/wp\/v2\/users\/2"}],"replies":[{"embeddable":true,"href":"https:\/\/darkamazi.info\/funavuv\/wp\/v2\/comments?post=1024014"}],"version-history":[{"count":0,"href":"https:\/\/darkamazi.info\/funavuv\/wp\/v2\/posts\/1024014\/revisions"}],"wp:featuredmedia":[{"embeddable":true,"href":"https:\/\/darkamazi.info\/funavuv\/wp\/v2\/media\/1024015"}],"wp:attachment":[{"href":"https:\/\/darkamazi.info\/funavuv\/wp\/v2\/media?parent=1024014"}],"wp:term":[{"taxonomy":"category","embeddable":true,"href":"https:\/\/darkamazi.info\/funavuv\/wp\/v2\/categories?post=1024014"},{"taxonomy":"post_tag","embeddable":true,"href":"https:\/\/darkamazi.info\/funavuv\/wp\/v2\/tags?post=1024014"}],"curies":[{"name":"wp","href":"https:\/\/api.w.org\/{rel}","templated":true}]}}