{"id":1024095,"date":"2021-08-09T13:09:30","date_gmt":"2021-08-09T10:09:30","guid":{"rendered":"https:\/\/darkamazi.info\/?p=1024095"},"modified":"2021-10-25T17:03:07","modified_gmt":"2021-10-25T14:03:07","slug":"gefa-be-exlaqi-ya-fermandare-hsde-3","status":"publish","type":"post","link":"https:\/\/darkamazi.info\/archives\/1024095","title":{"rendered":"Gefa b\u00ea exlaq\u00ee ya fermandar\u00ea HSD\u00ea \u2013 \u00ab3\u00bb"},"content":{"rendered":"<ul>\n<li>\n<h3><span style=\"color: #3366ff;\">Be\u015fa: 3<\/span><\/h3>\n<\/li>\n<\/ul>\n<h3 style=\"text-align: justify;\"><span style=\"font-family: 'arial black', sans-serif;\">Fermandar\u00ea HSD \u00ea \u00abMehm\u00fbd Berxwedan\u00bb an j\u00ee nav\u00ea w\u00ee y\u00ea PKK\u00ea \u00abMehm\u00fbd\u00ea Re\u015f\u00bb, axiv\u00eeye, \u00abGer P\u00ea\u015fmerge \u00ear\u00ee\u015f\u00ee her\u00eam\u00ean Ger\u00eela bike, em\u00ea b\u00eaal\u00ee nem\u00eenin, diyar e ku em\u00ea k\u00ea bipar\u00eazin\u00bb, ne hewceye ku em gotin\u00ea h\u00eave w\u00eave badin, gotina Mehm\u00fbd\u00ea Re\u015f ten\u00ea yek \u015f\u00eeroveya w\u00ea heye: Ev gef, gefek\u00ee pir b\u00ea exlaq\u00ee ye.<\/span><\/h3>\n<h1 style=\"text-align: center;\"><span style=\"font-family: 'arial black', sans-serif; color: #8c0303;\">Mehm\u00fbd Efendi, ma cihek din tune ku tu l\u00ea \u015fer bik\u00ee?<\/span><\/h1>\n<h3 style=\"text-align: justify;\"><span style=\"font-family: arial, helvetica, sans-serif;\">Mehm\u00fbde Re\u015f, ger tu ewqas\u00ee amade y\u00ee ji bo \u015fer, bin\u00eare, roja din li Konyay\u00ea 7 Kurd hatin qetilkirin, here wir, \u015fer bike, tu dikar\u00ee heyfa wan hil\u00een\u00ee, Cih\u00ean ku h\u00fbn j\u00eare dib\u00eajin qad\u00ean Ger\u00eela, hem\u00fb li Bakur\u00ea Kurdistan\u00ea di dest\u00ea art\u00ea\u015fa Tirk de ne, li wan\u00a0 \u00e7iyay\u00ean ku ber\u00eeya 10 salan Ger\u00eela t\u00eade birkan\u00ea dikir \u00fb govend dig\u00eara niha yek Ger\u00eela ji bo tov\u00ee j\u00ee t\u00eade n\u00eene, weke p\u00ea\u015fn\u00eeyar\u00ee here wan deveran rizgar bike.<\/span><\/h3>\n<h3 style=\"text-align: justify;\"><span style=\"font-family: arial, helvetica, sans-serif;\">Me dest ji wan hem\u00fbyan berden, tu dikar\u00ee bi\u00e7\u00ee Efr\u00eena Reng\u00een ya ku we tesl\u00eem\u00ee dagirkeran kir\u00ee, rizgar bik\u00ee, d\u00ea hem\u00fb Kurd \u015fanaz\u00eey\u00ea bi te bikin, ew Efr\u00eena h\u00eaj\u00ee kesek nizane ka we \u00e7awe \u00fb \u00e7ima ji ni\u015fkave berday\u00ee, bi dehan jin\u00ean Kurd hatin revandin \u00fb di zindan\u00ean Tirkiy\u00ea de ne, here wana rizgar bike.<\/span><\/h3>\n<h3 style=\"text-align: justify;\"><span style=\"font-family: arial, helvetica, sans-serif;\">R\u00eaza yekem\u00een de wez\u00eefeya rizgarkirina Efr\u00een\u00ea ya te ye, ji ber ku te Efr\u00een berda \u00fb tu rev\u00ee.<\/span><\/h3>\n<h1 style=\"text-align: center;\"><span style=\"font-family: 'arial black', sans-serif; color: #8c0303;\">Mehm\u00fbd Re\u015f, yek ji fermandar\u00ean Efr\u00een\u00ea ye<\/span><\/h1>\n<h3 style=\"text-align: justify;\"><span style=\"font-family: arial, helvetica, sans-serif;\">Mehm\u00fbd\u00ea Re\u015f xwe li ser qenepa xwe dir\u00eaj kir\u00eeye \u00fb dib\u00eaje ku ew \u00e7iqas biryardar \u00fb dilxwaze ku Kurdan bikuje, dib\u00eaje \u00abEm\u00ea \u00ear\u00ee\u015f\u00ee P\u00ea\u015fmerge bikin\u00bb, Mehmud\u00ea Cebilxanec\u00ee li Efr\u00een\u00ea j\u00ee wiha gotin\u00ean mezin di axiv\u00ee, w\u00ee got ku Efr\u00een d\u00ea ji bo Tirkiy\u00ea bibe dojeh. Kordinasyona \u015fer ferman da w\u00ee, ku bi\u00e7e \u00e7\u00eeyay\u00ea Hawara L\u00ea w\u00ee tal\u00eemata ku bi\u00e7e \u00e7iyay\u00ea Hawara p\u00eaknean\u00ee, w\u00ee zarok\u00ean bi\u00e7\u00fbk \u00fb gel \u015fand \u00e7iyay\u00ea Hawara, ew ji navenda baj\u00ear derneket.<\/span><\/h3>\n<h3 style=\"text-align: justify;\"><span style=\"font-family: 'arial black', sans-serif; color: #808080;\">Mehm\u00fbd\u00ea Re\u015f xelk\u00ea Efr\u00een\u00ea ji xwe re kirin mertal\u00ea zind\u00ee, w\u00ee biryargeha xwe li nava baj\u00ear, hema li k\u00ealeka nexwe\u015fxaneya Efr\u00een\u00ea dan\u00ee \u00fb \u015fer li wir kordine dikir, w\u00ee digot dijmin li nexwe\u015fxaney\u00ea naxe loma j\u00ee w\u00ee xwe sipart bin s\u00eebera nexwe\u015fxana Efr\u00een\u00ea, bir\u00eendar \u00fb kes\u00ean li nexwe\u015fxaney\u00ea kirin hedefa \u00eari\u015f\u00ean art\u00ea\u015fa Tirk a fa\u015fist \u00fb dagirker.<\/span><\/h3>\n<h3 style=\"text-align: justify;\"><span style=\"font-family: arial, helvetica, sans-serif;\">Ji bo Mehmud\u00ea Re\u015f 2 Tugay\u00ean ku her y\u00eak ji 250 \u015eervanan p\u00eak dihat ji Her\u00eama Ciz\u00eer\u00ea hatin r\u00eakirin, l\u00ea mixabin ji wan her 2 tugayan ten\u00ea 50 \u015eervan sax filit\u00een, heman dem\u00ea 1500 kadiroy\u00ean devera Efr\u00een\u00ea dibin fermana w\u00ee de b\u00fbn \u00fb biqas\u00ee wana j\u00ee h\u00eaza gel p\u00eare b\u00fb l\u00ea w\u00ee n\u00eaz\u00ee 3000 \u015eeh\u00eed pay xwe hi\u015ftin \u00fb rev\u00ee \u00e7\u00fb \u015eehbay\u00ea.<\/span><\/h3>\n<h3 style=\"text-align: justify;\"><span style=\"font-family: arial, helvetica, sans-serif;\">Bel\u00ea li ser w\u00ee kurs\u00eek\u00ea pesin day\u00een \u00fb peyn belavkirin pir h\u00easane, weke fermandarek\u00ee serfiraz j\u00ee di axive, l\u00ea ew Mehm\u00fbd\u00ea Re\u015f y\u00ea li ser w\u00ee kurs\u00eek\u00ea gefan dixwe gava f\u00ee\u015fek paq\u00eeya j\u00ee xwe dide pi\u015f zarok\u00ean v\u00ee gel\u00ee \u00fb di ve\u015f\u00eare.<\/span><\/h3>\n<h1 style=\"text-align: center;\"><span style=\"font-family: 'arial black', sans-serif; color: #8c0303;\">Mehmud\u00ea Cebilxanec\u00ee dixwaze xwe ji PKK\u00ea re \u00eesbat bike?<\/span><\/h1>\n<h3 style=\"text-align: justify;\"><span style=\"font-family: arial, helvetica, sans-serif;\">Reva Mahm\u00fbde Re\u015f a ji \u015fer\u00ea Efr\u00een\u00ea b\u00fb sedema berteka \u015eervan\u00ean YPG\u00ea \u00fb raya gi\u015ft\u00ee ku PKKe mecb\u00fbr ma Mehm\u00fbd\u00ea Re\u015f bibe l\u00eapirs\u00een\u00ea.<\/span><\/h3>\n<h3 style=\"text-align: justify;\"><span style=\"font-family: arial, helvetica, sans-serif;\">Ew ji Rojava j\u00ee birin \u00e7\u00eeyay\u00ea Gar\u00ea, dewrek\u00ee perwerd\u00ea li navenda \u00eedeoloj\u00ee d\u00eet, Mehm\u00fbde Re\u015f ji bo ku d\u00eesa vegere Rojava bi dehan r\u00fbpel rapor niv\u00eesandin, ew pi\u015ft\u00ee \u00e7end mehan \u015f\u00fbnda vegeriya Rojava.<\/span><\/h3>\n<h3 style=\"text-align: justify;\"><span style=\"font-family: arial, helvetica, sans-serif;\">Dema ku Mehm\u00fbd\u00ea Re\u015f veger\u00eeyay Rojava di derbar\u00ea \u015fikefta perwerdehiy\u00ea ya ku ew li wir mab\u00fb de di got: \u00abMirov li \u015fikefeta Perwerd\u00ea ji dayik buna xwe po\u015fman dibe, heke d\u00eesa gaz\u00ee min bikin ez\u00ea birevim, l\u00ea ez na\u00e7im w\u00ea \u015fikeft\u00ea\u00bb.<\/span><\/h3>\n<h3 style=\"text-align: justify;\"><span style=\"font-family: arial, helvetica, sans-serif;\">Evcar ji bo ku venegere w\u00ea \u015fikeft\u00ea, ji w\u00ee re \u00e7i bib\u00eajin ew ,m\u00eena PKK yi yek aqil bizav\u00ea dike, ew m\u00eena fermandeyek\u00ee mezin\u00ea \u015fer gefan li P\u00ea\u015fmerge dike, l\u00ea em ba\u015f dizanin ku Mehm\u00fbd k\u00ee ye, w\u00ee bi xwe ew w\u00earek\u00ee n\u00eene ku were f\u00ee\u015fekek\u00ea j\u00ee bi teq\u00eene, l\u00eabel\u00ea, ew\u00ea bixwaze li sitargeha Ciz\u00eer\u00ea r\u00fbne \u00fb zarok\u00ean xelk\u00ea bi\u015f\u00eene mirin\u00ea, m\u00eena ku w\u00ee li Efr\u00een\u00ea kir\u00ee.<\/span><\/h3>\n<h1 style=\"text-align: center;\"><span style=\"font-family: arial, helvetica, sans-serif; color: #8c0303;\">Gelo ma ew\u00ea Ereb, \u015e\u00eee \u00fb bi \u00c7ep\u00ean Tirk d\u00ea \u00eari\u015f\u00ee P\u00ea\u015fmerge bikin?<\/span><\/h1>\n<h3 style=\"text-align: justify;\"><span style=\"font-family: arial, helvetica, sans-serif;\">Mehm\u00fbd Re\u015f gefa HSD\u00ea ku ji 70% ji w\u00ea h\u00eaz\u00ea Ereb-Suryan\u00ee p\u00eak t\u00ea, dixweze \u00eari\u015f\u00ee P\u00ea\u015fmerge bike, ango ew\u00ea Ereban bajo ser\u00a0 Kurdistan\u00ea ve, ew\u00ea le\u015fker\u00ean Ereb li dij\u00ee P\u00ea\u015fmerge bidine \u015fer kirin? m\u00eena Saddam, w\u00ee j\u00ee le\u015fker\u00ean ku ji Felast\u00een\u00ea an\u00eeb\u00fbn r\u00eakirib\u00fbn ser Kurdistan\u00ea, m\u00eena DA\u00ce\u015e \u00ea, wan j\u00ee ew teror\u00eest\u00ean ji welat\u00ean c\u00fbrbec\u00fbr p\u00eakdihatin ve \u00ear\u00ee\u015f\u00ee Kurdistan\u00ea dikirin.<\/span><\/h3>\n<h1 style=\"text-align: justify;\"><span style=\"font-family: 'arial black', sans-serif; color: #808080;\">Di bin van gotin\u00ean Mehm\u00fbd Re\u015f de rastiya PKK\u00ea heye, PKKe ne tevgereke Kurdistan\u00ee ye, PKK ne tevgerek welatpar\u00eaze, y\u00ea ku li ser pilan \u00fb daxwaz\u00eeya kes\u00ean din \u00ear\u00ee\u015f\u00ee Kurdan bike ew nabin Kurd.<\/span><\/h1>\n<h3 style=\"text-align: justify;\"><span style=\"font-family: arial, helvetica, sans-serif;\">PKK bi har\u00eekar\u00eeya r\u00eaxistin\u00ean \u00e7ep\u00ea Tirkan y\u00ean li gel wan, bi har\u00eekar\u00eeya Ereb\u00ean di nava HSD\u00ea de \u00fb \u015e\u00eee y\u00ean di nava He\u015fda \u015eab\u00ee de di xwazin \u00eari\u015f\u00ee Kurdistana Ba\u015fur bikin, PKK ev qas xay\u00een \u00fb b\u00eanir b\u00fbye.<\/span><\/h3>\n<h3 style=\"text-align: justify;\"><span style=\"font-family: arial, helvetica, sans-serif;\">Er\u00ea PKKe dikare r\u00eabaz\u00ean x\u00eeyanet\u00ea li dij\u00ee Kurdistan\u00ea p\u00eakb\u00eene, me di destp\u00eak\u00ea de gefa Mehm\u00fbd\u00ea Re\u015f wek\u00ee gefek b\u00eaexlaq binav kir, l\u00ea gava ku em li v\u00ea zaw\u00eey\u00ea l\u00ea din\u00ear\u00een, ew ne ten\u00ea b\u00eaexlaq\u00ee ye, di heman dem\u00ea de gefxarinek pir xay\u00een \u00fb dijminkar\u00eeye.<\/span><\/h3>\n","protected":false},"excerpt":{"rendered":"<p>Be\u015fa: 3 Fermandar\u00ea HSD \u00ea \u00abMehm\u00fbd Berxwedan\u00bb an j\u00ee nav\u00ea w\u00ee y\u00ea PKK\u00ea \u00abMehm\u00fbd\u00ea Re\u015f\u00bb, axiv\u00eeye, \u00abGer P\u00ea\u015fmerge \u00ear\u00ee\u015f\u00ee her\u00eam\u00ean Ger\u00eela bike, em\u00ea b\u00eaal\u00ee nem\u00eenin, diyar e ku em\u00ea k\u00ea bipar\u00eazin\u00bb, ne hewceye ku em gotin\u00ea h\u00eave w\u00eave badin, gotina Mehm\u00fbd\u00ea Re\u015f ten\u00ea yek \u015f\u00eeroveya w\u00ea heye: Ev gef, gefek\u00ee pir b\u00ea exlaq\u00ee ye. Mehm\u00fbd [&hellip;]<\/p>\n","protected":false},"author":2,"featured_media":1024096,"comment_status":"closed","ping_status":"closed","sticky":false,"template":"","format":"standard","meta":{"footnotes":""},"categories":[28],"tags":[70,37],"class_list":["post-1024095","post","type-post","status-publish","format-standard","has-post-thumbnail","hentry","category-nerin","tag-mehmude-res","tag-sereke"],"blocksy_meta":[],"seo_head":"<!-- This site is optimized with the Yoast SEO plugin v27.5 - https:\/\/yoast.com\/product\/yoast-seo-wordpress\/ -->\n<title>Gefa b\u00ea exlaq\u00ee ya fermandar\u00ea HSD\u00ea \u2013 \u00ab3\u00bb - Darka Maz\u00ee<\/title>\n<meta name=\"robots\" content=\"index, follow, max-snippet:-1, max-image-preview:large, max-video-preview:-1\" \/>\n<link rel=\"canonical\" href=\"https:\/\/darkamazi.info\/archives\/1024095\" \/>\n<meta property=\"og:locale\" content=\"en_US\" \/>\n<meta property=\"og:type\" content=\"article\" \/>\n<meta property=\"og:title\" content=\"Gefa b\u00ea exlaq\u00ee ya fermandar\u00ea HSD\u00ea \u2013 \u00ab3\u00bb - Darka Maz\u00ee\" \/>\n<meta property=\"og:description\" content=\"Be\u015fa: 3 Fermandar\u00ea HSD \u00ea \u00abMehm\u00fbd Berxwedan\u00bb an j\u00ee nav\u00ea w\u00ee y\u00ea PKK\u00ea \u00abMehm\u00fbd\u00ea Re\u015f\u00bb, axiv\u00eeye, \u00abGer P\u00ea\u015fmerge \u00ear\u00ee\u015f\u00ee her\u00eam\u00ean Ger\u00eela bike, em\u00ea b\u00eaal\u00ee nem\u00eenin, diyar e ku em\u00ea k\u00ea bipar\u00eazin\u00bb, ne hewceye ku em gotin\u00ea h\u00eave w\u00eave badin, gotina Mehm\u00fbd\u00ea Re\u015f ten\u00ea yek \u015f\u00eeroveya w\u00ea heye: Ev gef, gefek\u00ee pir b\u00ea exlaq\u00ee ye. Mehm\u00fbd [&hellip;]\" \/>\n<meta property=\"og:url\" content=\"https:\/\/darkamazi.info\/archives\/1024095\" \/>\n<meta property=\"og:site_name\" content=\"Darka Maz\u00ee\" \/>\n<meta property=\"article:publisher\" content=\"https:\/\/www.facebook.com\/DarMaziKurmanci\" \/>\n<meta property=\"article:published_time\" content=\"2021-08-09T10:09:30+00:00\" \/>\n<meta property=\"article:modified_time\" content=\"2021-10-25T14:03:07+00:00\" \/>\n<meta property=\"og:image\" content=\"https:\/\/darkamazi.info\/file\/2021\/08\/\u0645\u0647\u200c\u062d\u0645\u0648\u0648\u062f-\u0628\u06d5\u0631\u062e\u0648\u06d5\u062f\u0627\u0646-Mehmud-Berxwedan-okk-hsd-npg-ypg-qsd-rojava-3.jpg\" \/>\n\t<meta property=\"og:image:width\" content=\"900\" \/>\n\t<meta property=\"og:image:height\" content=\"497\" \/>\n\t<meta property=\"og:image:type\" content=\"image\/jpeg\" \/>\n<meta name=\"author\" content=\"darka mazi\" \/>\n<meta name=\"twitter:card\" content=\"summary_large_image\" \/>\n<meta name=\"twitter:creator\" content=\"@DarkaMaziLatini\" \/>\n<meta name=\"twitter:site\" content=\"@DarkaMaziLatini\" \/>\n<meta name=\"twitter:label1\" content=\"Written by\" \/>\n\t<meta name=\"twitter:data1\" content=\"darka mazi\" \/>\n\t<meta name=\"twitter:label2\" content=\"Est. reading time\" \/>\n\t<meta name=\"twitter:data2\" content=\"4 minutes\" \/>\n<script type=\"application\/ld+json\" class=\"seo-schema-graph\">{\"@context\":\"https:\\\/\\\/schema.org\",\"@graph\":[{\"@type\":\"Article\",\"@id\":\"https:\\\/\\\/darkamazi.info\\\/archives\\\/1024095#article\",\"isPartOf\":{\"@id\":\"https:\\\/\\\/darkamazi.info\\\/archives\\\/1024095\"},\"author\":{\"name\":\"darka mazi\",\"@id\":\"https:\\\/\\\/darkamazi.info\\\/#\\\/schema\\\/person\\\/5ad3e24553a0567993fa8ed4bd0a776c\"},\"headline\":\"Gefa b\u00ea exlaq\u00ee ya fermandar\u00ea HSD\u00ea \u2013 \u00ab3\u00bb\",\"datePublished\":\"2021-08-09T10:09:30+00:00\",\"dateModified\":\"2021-10-25T14:03:07+00:00\",\"mainEntityOfPage\":{\"@id\":\"https:\\\/\\\/darkamazi.info\\\/archives\\\/1024095\"},\"wordCount\":991,\"publisher\":{\"@id\":\"https:\\\/\\\/darkamazi.info\\\/#organization\"},\"image\":{\"@id\":\"https:\\\/\\\/darkamazi.info\\\/archives\\\/1024095#primaryimage\"},\"thumbnailUrl\":\"https:\\\/\\\/darkamazi.info\\\/darka-content\\\/uploads\\\/2021\\\/08\\\/\u0645\u0647\u200c\u062d\u0645\u0648\u0648\u062f-\u0628\u06d5\u0631\u062e\u0648\u06d5\u062f\u0627\u0646-Mehmud-Berxwedan-okk-hsd-npg-ypg-qsd-rojava-3.jpg\",\"keywords\":[\"Mehm\u00fbd\u00ea Re\u015f\",\"sereke\"],\"articleSection\":[\"Ner\u00een\"],\"inLanguage\":\"en-US\"},{\"@type\":\"WebPage\",\"@id\":\"https:\\\/\\\/darkamazi.info\\\/archives\\\/1024095\",\"url\":\"https:\\\/\\\/darkamazi.info\\\/archives\\\/1024095\",\"name\":\"Gefa b\u00ea exlaq\u00ee ya fermandar\u00ea HSD\u00ea \u2013 \u00ab3\u00bb - Darka Maz\u00ee\",\"isPartOf\":{\"@id\":\"https:\\\/\\\/darkamazi.info\\\/#website\"},\"primaryImageOfPage\":{\"@id\":\"https:\\\/\\\/darkamazi.info\\\/archives\\\/1024095#primaryimage\"},\"image\":{\"@id\":\"https:\\\/\\\/darkamazi.info\\\/archives\\\/1024095#primaryimage\"},\"thumbnailUrl\":\"https:\\\/\\\/darkamazi.info\\\/darka-content\\\/uploads\\\/2021\\\/08\\\/\u0645\u0647\u200c\u062d\u0645\u0648\u0648\u062f-\u0628\u06d5\u0631\u062e\u0648\u06d5\u062f\u0627\u0646-Mehmud-Berxwedan-okk-hsd-npg-ypg-qsd-rojava-3.jpg\",\"datePublished\":\"2021-08-09T10:09:30+00:00\",\"dateModified\":\"2021-10-25T14:03:07+00:00\",\"breadcrumb\":{\"@id\":\"https:\\\/\\\/darkamazi.info\\\/archives\\\/1024095#breadcrumb\"},\"inLanguage\":\"en-US\",\"potentialAction\":[{\"@type\":\"ReadAction\",\"target\":[\"https:\\\/\\\/darkamazi.info\\\/archives\\\/1024095\"]}]},{\"@type\":\"ImageObject\",\"inLanguage\":\"en-US\",\"@id\":\"https:\\\/\\\/darkamazi.info\\\/archives\\\/1024095#primaryimage\",\"url\":\"https:\\\/\\\/darkamazi.info\\\/darka-content\\\/uploads\\\/2021\\\/08\\\/\u0645\u0647\u200c\u062d\u0645\u0648\u0648\u062f-\u0628\u06d5\u0631\u062e\u0648\u06d5\u062f\u0627\u0646-Mehmud-Berxwedan-okk-hsd-npg-ypg-qsd-rojava-3.jpg\",\"contentUrl\":\"https:\\\/\\\/darkamazi.info\\\/darka-content\\\/uploads\\\/2021\\\/08\\\/\u0645\u0647\u200c\u062d\u0645\u0648\u0648\u062f-\u0628\u06d5\u0631\u062e\u0648\u06d5\u062f\u0627\u0646-Mehmud-Berxwedan-okk-hsd-npg-ypg-qsd-rojava-3.jpg\",\"width\":900,\"height\":497},{\"@type\":\"BreadcrumbList\",\"@id\":\"https:\\\/\\\/darkamazi.info\\\/archives\\\/1024095#breadcrumb\",\"itemListElement\":[{\"@type\":\"ListItem\",\"position\":1,\"name\":\"Home\",\"item\":\"https:\\\/\\\/darkamazi.info\\\/\"},{\"@type\":\"ListItem\",\"position\":2,\"name\":\"Gefa b\u00ea exlaq\u00ee ya fermandar\u00ea HSD\u00ea \u2013 \u00ab3\u00bb\"}]},{\"@type\":\"WebSite\",\"@id\":\"https:\\\/\\\/darkamazi.info\\\/#website\",\"url\":\"https:\\\/\\\/darkamazi.info\\\/\",\"name\":\"Darka Maz\u00ee\",\"description\":\"P\u00eageha Zanyariy\u00ean Nebih\u00eest\u00ee\",\"publisher\":{\"@id\":\"https:\\\/\\\/darkamazi.info\\\/#organization\"},\"potentialAction\":[{\"@type\":\"SearchAction\",\"target\":{\"@type\":\"EntryPoint\",\"urlTemplate\":\"https:\\\/\\\/darkamazi.info\\\/?s={search_term_string}\"},\"query-input\":{\"@type\":\"PropertyValueSpecification\",\"valueRequired\":true,\"valueName\":\"search_term_string\"}}],\"inLanguage\":\"en-US\"},{\"@type\":\"Organization\",\"@id\":\"https:\\\/\\\/darkamazi.info\\\/#organization\",\"name\":\"Darka Maz\u00ee\",\"url\":\"https:\\\/\\\/darkamazi.info\\\/\",\"logo\":{\"@type\":\"ImageObject\",\"inLanguage\":\"en-US\",\"@id\":\"https:\\\/\\\/darkamazi.info\\\/#\\\/schema\\\/logo\\\/image\\\/\",\"url\":\"https:\\\/\\\/darkamazi.info\\\/darka-content\\\/uploads\\\/2017\\\/12\\\/darka-mazi-logo.png\",\"contentUrl\":\"https:\\\/\\\/darkamazi.info\\\/darka-content\\\/uploads\\\/2017\\\/12\\\/darka-mazi-logo.png\",\"width\":151,\"height\":75,\"caption\":\"Darka Maz\u00ee\"},\"image\":{\"@id\":\"https:\\\/\\\/darkamazi.info\\\/#\\\/schema\\\/logo\\\/image\\\/\"},\"sameAs\":[\"https:\\\/\\\/www.facebook.com\\\/DarMaziKurmanci\",\"https:\\\/\\\/x.com\\\/DarkaMaziLatini\",\"https:\\\/\\\/www.instagram.com\\\/darkamazi.kurmanci\\\/\",\"https:\\\/\\\/www.youtube.com\\\/channel\\\/UCa5HkTdmI8U1qCUFuTw8B2g\"]},{\"@type\":\"Person\",\"@id\":\"https:\\\/\\\/darkamazi.info\\\/#\\\/schema\\\/person\\\/5ad3e24553a0567993fa8ed4bd0a776c\",\"name\":\"darka mazi\",\"sameAs\":[\"https:\\\/\\\/darkamazi.info\\\/\"],\"url\":\"https:\\\/\\\/darkamazi.info\\\/archives\\\/author\\\/kurdi\"}]}<\/script>\n<!-- \/ Yoast SEO plugin. -->","seo_head_json":{"title":"Gefa b\u00ea exlaq\u00ee ya fermandar\u00ea HSD\u00ea \u2013 \u00ab3\u00bb - Darka Maz\u00ee","robots":{"index":"index","follow":"follow","max-snippet":"max-snippet:-1","max-image-preview":"max-image-preview:large","max-video-preview":"max-video-preview:-1"},"canonical":"https:\/\/darkamazi.info\/archives\/1024095","og_locale":"en_US","og_type":"article","og_title":"Gefa b\u00ea exlaq\u00ee ya fermandar\u00ea HSD\u00ea \u2013 \u00ab3\u00bb - Darka Maz\u00ee","og_description":"Be\u015fa: 3 Fermandar\u00ea HSD \u00ea \u00abMehm\u00fbd Berxwedan\u00bb an j\u00ee nav\u00ea w\u00ee y\u00ea PKK\u00ea \u00abMehm\u00fbd\u00ea Re\u015f\u00bb, axiv\u00eeye, \u00abGer P\u00ea\u015fmerge \u00ear\u00ee\u015f\u00ee her\u00eam\u00ean Ger\u00eela bike, em\u00ea b\u00eaal\u00ee nem\u00eenin, diyar e ku em\u00ea k\u00ea bipar\u00eazin\u00bb, ne hewceye ku em gotin\u00ea h\u00eave w\u00eave badin, gotina Mehm\u00fbd\u00ea Re\u015f ten\u00ea yek \u015f\u00eeroveya w\u00ea heye: Ev gef, gefek\u00ee pir b\u00ea exlaq\u00ee ye. Mehm\u00fbd [&hellip;]","og_url":"https:\/\/darkamazi.info\/archives\/1024095","og_site_name":"Darka Maz\u00ee","article_publisher":"https:\/\/www.facebook.com\/DarMaziKurmanci","article_published_time":"2021-08-09T10:09:30+00:00","article_modified_time":"2021-10-25T14:03:07+00:00","og_image":[{"width":900,"height":497,"url":"https:\/\/darkamazi.info\/file\/2021\/08\/\u0645\u0647\u200c\u062d\u0645\u0648\u0648\u062f-\u0628\u06d5\u0631\u062e\u0648\u06d5\u062f\u0627\u0646-Mehmud-Berxwedan-okk-hsd-npg-ypg-qsd-rojava-3.jpg","type":"image\/jpeg"}],"author":"darka mazi","twitter_card":"summary_large_image","twitter_creator":"@DarkaMaziLatini","twitter_site":"@DarkaMaziLatini","twitter_misc":{"Written by":"darka mazi","Est. reading time":"4 minutes"},"schema":{"@context":"https:\/\/schema.org","@graph":[{"@type":"Article","@id":"https:\/\/darkamazi.info\/archives\/1024095#article","isPartOf":{"@id":"https:\/\/darkamazi.info\/archives\/1024095"},"author":{"name":"darka mazi","@id":"https:\/\/darkamazi.info\/#\/schema\/person\/5ad3e24553a0567993fa8ed4bd0a776c"},"headline":"Gefa b\u00ea exlaq\u00ee ya fermandar\u00ea HSD\u00ea \u2013 \u00ab3\u00bb","datePublished":"2021-08-09T10:09:30+00:00","dateModified":"2021-10-25T14:03:07+00:00","mainEntityOfPage":{"@id":"https:\/\/darkamazi.info\/archives\/1024095"},"wordCount":991,"publisher":{"@id":"https:\/\/darkamazi.info\/#organization"},"image":{"@id":"https:\/\/darkamazi.info\/archives\/1024095#primaryimage"},"thumbnailUrl":"https:\/\/darkamazi.info\/file\/2021\/08\/\u0645\u0647\u200c\u062d\u0645\u0648\u0648\u062f-\u0628\u06d5\u0631\u062e\u0648\u06d5\u062f\u0627\u0646-Mehmud-Berxwedan-okk-hsd-npg-ypg-qsd-rojava-3.jpg","keywords":["Mehm\u00fbd\u00ea Re\u015f","sereke"],"articleSection":["Ner\u00een"],"inLanguage":"en-US"},{"@type":"WebPage","@id":"https:\/\/darkamazi.info\/archives\/1024095","url":"https:\/\/darkamazi.info\/archives\/1024095","name":"Gefa b\u00ea exlaq\u00ee ya fermandar\u00ea HSD\u00ea \u2013 \u00ab3\u00bb - Darka Maz\u00ee","isPartOf":{"@id":"https:\/\/darkamazi.info\/#website"},"primaryImageOfPage":{"@id":"https:\/\/darkamazi.info\/archives\/1024095#primaryimage"},"image":{"@id":"https:\/\/darkamazi.info\/archives\/1024095#primaryimage"},"thumbnailUrl":"https:\/\/darkamazi.info\/file\/2021\/08\/\u0645\u0647\u200c\u062d\u0645\u0648\u0648\u062f-\u0628\u06d5\u0631\u062e\u0648\u06d5\u062f\u0627\u0646-Mehmud-Berxwedan-okk-hsd-npg-ypg-qsd-rojava-3.jpg","datePublished":"2021-08-09T10:09:30+00:00","dateModified":"2021-10-25T14:03:07+00:00","breadcrumb":{"@id":"https:\/\/darkamazi.info\/archives\/1024095#breadcrumb"},"inLanguage":"en-US","potentialAction":[{"@type":"ReadAction","target":["https:\/\/darkamazi.info\/archives\/1024095"]}]},{"@type":"ImageObject","inLanguage":"en-US","@id":"https:\/\/darkamazi.info\/archives\/1024095#primaryimage","url":"https:\/\/darkamazi.info\/file\/2021\/08\/\u0645\u0647\u200c\u062d\u0645\u0648\u0648\u062f-\u0628\u06d5\u0631\u062e\u0648\u06d5\u062f\u0627\u0646-Mehmud-Berxwedan-okk-hsd-npg-ypg-qsd-rojava-3.jpg","contentUrl":"https:\/\/darkamazi.info\/file\/2021\/08\/\u0645\u0647\u200c\u062d\u0645\u0648\u0648\u062f-\u0628\u06d5\u0631\u062e\u0648\u06d5\u062f\u0627\u0646-Mehmud-Berxwedan-okk-hsd-npg-ypg-qsd-rojava-3.jpg","width":900,"height":497},{"@type":"BreadcrumbList","@id":"https:\/\/darkamazi.info\/archives\/1024095#breadcrumb","itemListElement":[{"@type":"ListItem","position":1,"name":"Home","item":"https:\/\/darkamazi.info\/"},{"@type":"ListItem","position":2,"name":"Gefa b\u00ea exlaq\u00ee ya fermandar\u00ea HSD\u00ea \u2013 \u00ab3\u00bb"}]},{"@type":"WebSite","@id":"https:\/\/darkamazi.info\/#website","url":"https:\/\/darkamazi.info\/","name":"Darka Maz\u00ee","description":"P\u00eageha Zanyariy\u00ean Nebih\u00eest\u00ee","publisher":{"@id":"https:\/\/darkamazi.info\/#organization"},"potentialAction":[{"@type":"SearchAction","target":{"@type":"EntryPoint","urlTemplate":"https:\/\/darkamazi.info\/?s={search_term_string}"},"query-input":{"@type":"PropertyValueSpecification","valueRequired":true,"valueName":"search_term_string"}}],"inLanguage":"en-US"},{"@type":"Organization","@id":"https:\/\/darkamazi.info\/#organization","name":"Darka Maz\u00ee","url":"https:\/\/darkamazi.info\/","logo":{"@type":"ImageObject","inLanguage":"en-US","@id":"https:\/\/darkamazi.info\/#\/schema\/logo\/image\/","url":"https:\/\/darkamazi.info\/file\/2017\/12\/darka-mazi-logo.png","contentUrl":"https:\/\/darkamazi.info\/file\/2017\/12\/darka-mazi-logo.png","width":151,"height":75,"caption":"Darka Maz\u00ee"},"image":{"@id":"https:\/\/darkamazi.info\/#\/schema\/logo\/image\/"},"sameAs":["https:\/\/www.facebook.com\/DarMaziKurmanci","https:\/\/x.com\/DarkaMaziLatini","https:\/\/www.instagram.com\/darkamazi.kurmanci\/","https:\/\/www.youtube.com\/channel\/UCa5HkTdmI8U1qCUFuTw8B2g"]},{"@type":"Person","@id":"https:\/\/darkamazi.info\/#\/schema\/person\/5ad3e24553a0567993fa8ed4bd0a776c","name":"darka mazi","sameAs":["https:\/\/darkamazi.info\/"],"url":"https:\/\/darkamazi.info\/archives\/author\/kurdi"}]}},"_links":{"self":[{"href":"https:\/\/darkamazi.info\/funavuv\/wp\/v2\/posts\/1024095","targetHints":{"allow":["GET"]}}],"collection":[{"href":"https:\/\/darkamazi.info\/funavuv\/wp\/v2\/posts"}],"about":[{"href":"https:\/\/darkamazi.info\/funavuv\/wp\/v2\/types\/post"}],"author":[{"embeddable":true,"href":"https:\/\/darkamazi.info\/funavuv\/wp\/v2\/users\/2"}],"replies":[{"embeddable":true,"href":"https:\/\/darkamazi.info\/funavuv\/wp\/v2\/comments?post=1024095"}],"version-history":[{"count":0,"href":"https:\/\/darkamazi.info\/funavuv\/wp\/v2\/posts\/1024095\/revisions"}],"wp:featuredmedia":[{"embeddable":true,"href":"https:\/\/darkamazi.info\/funavuv\/wp\/v2\/media\/1024096"}],"wp:attachment":[{"href":"https:\/\/darkamazi.info\/funavuv\/wp\/v2\/media?parent=1024095"}],"wp:term":[{"taxonomy":"category","embeddable":true,"href":"https:\/\/darkamazi.info\/funavuv\/wp\/v2\/categories?post=1024095"},{"taxonomy":"post_tag","embeddable":true,"href":"https:\/\/darkamazi.info\/funavuv\/wp\/v2\/tags?post=1024095"}],"curies":[{"name":"wp","href":"https:\/\/api.w.org\/{rel}","templated":true}]}}