{"id":1024133,"date":"2021-08-10T14:47:02","date_gmt":"2021-08-10T11:47:02","guid":{"rendered":"https:\/\/darkamazi.info\/?p=1024133"},"modified":"2021-08-10T14:47:02","modified_gmt":"2021-08-10T11:47:02","slug":"mame-cirokfiros","status":"publish","type":"post","link":"https:\/\/darkamazi.info\/archives\/1024133","title":{"rendered":"Mam\u00ea \u00e7\u00eerokfiro\u015f"},"content":{"rendered":"<h4 style=\"text-align: justify\"><span style=\"font-family: 'arial black', sans-serif\">Mam Ferhad li gundek\u00ee mezin y\u00ea Kurdistan\u00ea li gel malbata xwe dij\u00ee, piyawek\u00ee \u00e7\u00eerokzan \u00fb rewanb\u00eaj \u00fb r\u00fbxwe\u015f b\u00fb, hem\u00fb kesan j\u00ea hezdikirin, ta radeyek\u00ea kar\u00ee b\u00fb bi kurd biniv\u00ees\u00eene \u00fb bixw\u00eene.<\/span><\/h4>\n<h4 style=\"text-align: justify\"><\/h4>\n<h4 style=\"text-align: justify\">Mam Ferhad bi zarokb\u00fbna xwe hogir\u00ee \u00e7\u00eerokan bi b\u00fb, ji dap\u00eer \u00fb bap\u00eer \u00fb ji jinan \u00fb piyaw\u00ean gund\u00ea xwe \u00fb gund\u00ean n\u00eaz\u00eeka gund\u00ea xwe bi dehan h\u00eekayet \u00fb \u00e7\u00eerok\u00ean filiklor\u00ee \u00fb mill\u00ee y\u00ean resen ji wan wergirti b\u00fb, gelek caran ew \u00e7\u00eerok jibo zarok\u00ean gund\u00ea xwe digotin \u00fb xwe\u015f\u00ee dixist dil\u00ea wan.<\/h4>\n<h4 style=\"text-align: justify\"><\/h4>\n<h4 style=\"text-align: justify\">Mam Ferhad \u00fb Meta gul\u00e7\u00een\u00ea x\u00eazana w\u00ee\u066b ke\u00e7 \u00fb kurek\u00ee wan\u00ee ciwan \u00fb z\u00eerek heb\u00fb, li qutabxana gund\u00ea xwe qonaxa xwendin\u00ea ya seretay\u00ee tewaw kirin. l\u00ea qutabxan navend\u00ee li gund\u00ea wan neb\u00fb, \u00fb jibo ke\u00e7 \u00fb kur\u00ea xwe bi xwendin bidin, \u00e7\u00ealek, bizin \u00fb mih\u00ean xwe firo\u015ftin \u00fb li \u015far\u00ea Sil\u00eamaniy\u00ea xan\u00ee kir\u00ea kirin \u00fb li Sl\u00eamaniy\u00ea ni\u015ftec\u00ee b\u00fbn.<\/h4>\n<h4 style=\"text-align: justify\"><\/h4>\n<h4 style=\"text-align: justify\">Ke\u00e7 \u00fb kur\u00ea xwe li qutabxana navend\u00ee tomarkirin\u00a0 \u00fb xwendina xwe berdewam kirin.<\/h4>\n<h4 style=\"text-align: justify\"><\/h4>\n<h4 style=\"text-align: justify\">Mam Ferhad maweyek\u00ea bi d\u00fb kar de geriya, l\u00ea h\u00ee\u00e7 karek bi dest neket, fikir\u00ee ku dib\u00ea karek\u00ee bike bo dab\u00eenkirina p\u00eadviy\u00ean jiyana x\u00eazana xwe.<\/h4>\n<h4 style=\"text-align: justify\"><\/h4>\n<h4 style=\"text-align: justify\">Meta Gul\u00e7\u00een\u00ea: piyaw\u00ea mal\u00ea, xerciya me berve k\u00eamkirin\u00ea de dere.<\/h4>\n<h4 style=\"text-align: justify\"><\/h4>\n<h4 style=\"text-align: justify\">p\u00eaw\u00eeste tu karek\u00ee bib\u00eene.<\/h4>\n<h4 style=\"text-align: justify\"><\/h4>\n<h4 style=\"text-align: justify\">Mam Ferhad: karek di b\u00eera min de heye &#8230; ez bi niyazim sibeh\u00ea ez ezm\u00fbn bikim.<\/h4>\n<h4 style=\"text-align: justify\"><\/h4>\n<h4 style=\"text-align: justify\">Meta Gul\u00e7\u00een\u00ea: \u00e7i kar d b\u00eera te de ye?<\/h4>\n<h4 style=\"text-align: justify\"><\/h4>\n<h4 style=\"text-align: justify\">Mam Ferhad: di b\u00eera min de ye ez roj\u00ea \u00e7end \u00e7\u00eerokan ji \u00e7\u00eerok\u00ean xwe bifri\u015fim.<\/h4>\n<h4 style=\"text-align: justify\"><\/h4>\n<h4 style=\"text-align: justify\">Meta Gul\u00e7\u00een\u00ea: bi ken \u00e7\u00eerokan difr\u015fe?! veca k\u00ee y\u00ea \u00e7\u00eerokan ji te wergre \u00fb bikire?<\/h4>\n<h4 style=\"text-align: justify\"><\/h4>\n<h4 style=\"text-align: justify\">Mam Ferhad: zarok\u00ean gerek\u00ean \u015far, ez \u00ea bifro\u015fim wan.<\/h4>\n<h4 style=\"text-align: justify\">Roja din pi\u015ft\u00ee n\u00eevro Mam Ferhad \u00e7\u00fb kolaneke qelebalix li gerekeke Sil\u00eamaniy\u00ea.zarok pir ji derve b\u00fbn, \u00fb \u00e7end jin li ber dev\u00ea deriyan b\u00fbn.<\/h4>\n<h4 style=\"text-align: justify\"><\/h4>\n<h4 style=\"text-align: justify\">Mam Ferhad: bi dengek\u00ee bilind: \u00e7\u00eerok &#8230;\u00e7\u00eerok &#8230;<\/h4>\n<h4 style=\"text-align: justify\"><\/h4>\n<h4 style=\"text-align: justify\">Jinek\u00ea: mam t\u00eeroka dfri\u015fe? \u00ea kan\u00ee t\u00eerok\u00ean te!(t\u00eerok ew dar\u00ea p\u00ea nan\u00ea t\u00eer\u00ea \u00e7\u00ea dikirin).<\/h4>\n<h4 style=\"text-align: justify\"><\/h4>\n<h4 style=\"text-align: justify\">Mam Ferhad: na x\u00fb\u015fke giyan, ne t\u00eerok &#8230; \u00e7\u00eerok \u00fb h\u00eekayetan difri\u015fim.<\/h4>\n<h4 style=\"text-align: justify\"><\/h4>\n<h4 style=\"text-align: justify\">Zarok l\u00ea kom b\u00fbn: mame giyan, kan\u00ee \u00e7\u00eerok\u00ean t\u00ea?!<\/h4>\n<h4 style=\"text-align: justify\"><\/h4>\n<h4 style=\"text-align: justify\">Mam Ferhad: dest bir bi aliy\u00ea ser\u00ea xwe de \u00fb got:<\/h4>\n<h4 style=\"text-align: justify\"><\/h4>\n<h4 style=\"text-align: justify\">Zarokno, \u00e7\u00eerok di vir de ne. zarok p\u00ea ji kena fetis\u00een. ber\u00ee anha ti\u015ft\u00ean wisa bi ber guh\u00ea wan neketi b\u00fb.<\/h4>\n<h4 style=\"text-align: justify\"><\/h4>\n<h4 style=\"text-align: justify\">Mam Ferhad: eger her yek ji we bi\u00e7e cem dayika xwe \u00fb hindek pere b\u00eene, w\u00ea \u00e7\u00eerokek\u00ea werbigre. b\u00eahtir p\u00ea dikenin.zarok \u00e7\u00fbn cem dayik\u00ean xwe pere h\u00eanan \u00fb dan mam Ferhad \u00fb li dora w\u00ee r\u00fbni\u015ftin \u00fb bi ciwan\u00ee l\u00ea guhdar kirin.<\/h4>\n<h4 style=\"text-align: justify\"><\/h4>\n<h4 style=\"text-align: justify\">Mam Ferhad: \u00e7\u00eerokeke Kom\u00eed\u00ee xwe\u015f ji wan re got, zarok pir p\u00ea k\u00eafxwe\u015f b\u00fbn \u00fb keniyan.<\/h4>\n<h4 style=\"text-align: justify\"><\/h4>\n<h4 style=\"text-align: justify\">Zarok: mam\u00ea \u00e7\u00eerokfiro\u015f, sibeyn\u00ea j\u00ee we re. em \u00e7\u00eerokeke din ji te digrin.<\/h4>\n<h4 style=\"text-align: justify\"><\/h4>\n<h4 style=\"text-align: justify\">Mam Ferhad w\u00ea roj\u00ea li s\u00ea kolan\u00ean w\u00ea gerek\u00ea, s\u00ea \u00e7\u00eerok firo\u015ftin zarokan, \u00fb perak\u00ee ba\u015f bi dest ket, ji w\u00ea \u015fevbuh\u00eak\u00ea de zarokan ban dikir\u00ea Mam\u00ea \u00e7\u00eerokfiro\u015f \u00fb wisa hate naskirin.<\/h4>\n<h4 style=\"text-align: justify\">Mam\u00ea \u00e7\u00eerokfiro\u015f hate mal\u00ea \u00fb pere dane Meta Gul\u00e7\u00een\u00ea \u00fb got: Gul\u00e7\u00een xan van pera werbigre, sib\u00ea ez \u00ea bazareke ba\u015f bikim.<\/h4>\n<h4 style=\"text-align: justify\"><\/h4>\n<h4 style=\"text-align: justify\">Meta Gul\u00e7\u00een: Ferhad giyan, ev pere li ku b\u00fbn?<\/h4>\n<h4 style=\"text-align: justify\"><\/h4>\n<h4 style=\"text-align: justify\">Mam ferhad: ma min negot ez \u00e7\u00eerok\u00ean xwe difro\u015fim. ev per\u00ea firo\u015ftina s\u00ea \u00e7\u00eerok\u00ean min in.<\/h4>\n<h4 style=\"text-align: justify\"><\/h4>\n<h4 style=\"text-align: justify\">Ji w\u00ea roj\u00ea de, Mam Ferhad riya xwe bi her kolanek\u00ea dixist, zarokan bi k\u00eafxwe\u015f\u00ee ban dikirin: were &#8230; were mam\u00ea \u00e7\u00eerokfiro\u015f. em \u00ea \u00e7\u00eerokan ji te bikirin.<\/h4>\n<h4 style=\"text-align: justify\"><\/h4>\n<h4 style=\"text-align: justify\">Di maweya salek\u00ea de, Mam Ferhad perey\u00ean ba\u015f bi dest ket, pirt\u00fbkxaneyek vekir, li gel \u00e7apxaneyek\u00ea j\u00ee r\u00eakewt, her car\u00ea \u00e7end \u00e7\u00eerok ji \u00e7\u00eerok\u00ean xwe \u00e7apdikirin \u00fb belav dikir, di maweyeke k\u00eam de ew difro\u015ftin. pirt\u00fbkxane j\u00ee firehtir kir.<\/h4>\n<h4 style=\"text-align: justify\"><\/h4>\n<h4 style=\"text-align: justify\">Pirt\u00fbkkir pir b\u00fbn bi zaneb\u00fbn. ke\u00e7 \u00fb kur\u00ea w\u00ee j\u00ee li zankoya Sil\u00eamaniy\u00ea hatin qeb\u00fbl kirin.<\/h4>\n<h4 style=\"text-align: justify\"><\/h4>\n<h4 style=\"text-align: justify\">BE SINOR<\/h4>\n","protected":false},"excerpt":{"rendered":"<p>Mam Ferhad li gundek\u00ee mezin y\u00ea Kurdistan\u00ea li gel malbata xwe dij\u00ee, piyawek\u00ee \u00e7\u00eerokzan \u00fb rewanb\u00eaj \u00fb r\u00fbxwe\u015f b\u00fb, hem\u00fb kesan j\u00ea hezdikirin, ta radeyek\u00ea kar\u00ee b\u00fb bi kurd biniv\u00ees\u00eene \u00fb bixw\u00eene. Mam Ferhad bi zarokb\u00fbna xwe hogir\u00ee \u00e7\u00eerokan bi b\u00fb, ji dap\u00eer \u00fb bap\u00eer \u00fb ji jinan \u00fb piyaw\u00ean gund\u00ea xwe \u00fb gund\u00ean n\u00eaz\u00eeka [&hellip;]<\/p>\n","protected":false},"author":2,"featured_media":1024134,"comment_status":"closed","ping_status":"closed","sticky":false,"template":"","format":"standard","meta":{"footnotes":""},"categories":[34,4],"tags":[37],"class_list":["post-1024133","post","type-post","status-publish","format-standard","has-post-thumbnail","hentry","category-cand-u-huner","category-hemereng","tag-sereke"],"blocksy_meta":[],"seo_head":"<!-- This site is optimized with the Yoast SEO plugin v27.5 - https:\/\/yoast.com\/product\/yoast-seo-wordpress\/ -->\n<title>Mam\u00ea \u00e7\u00eerokfiro\u015f - Darka Maz\u00ee<\/title>\n<meta name=\"robots\" content=\"index, follow, max-snippet:-1, max-image-preview:large, max-video-preview:-1\" \/>\n<link rel=\"canonical\" href=\"https:\/\/darkamazi.info\/archives\/1024133\" \/>\n<meta property=\"og:locale\" content=\"en_US\" \/>\n<meta property=\"og:type\" content=\"article\" \/>\n<meta property=\"og:title\" content=\"Mam\u00ea \u00e7\u00eerokfiro\u015f - Darka Maz\u00ee\" \/>\n<meta property=\"og:description\" content=\"Mam Ferhad li gundek\u00ee mezin y\u00ea Kurdistan\u00ea li gel malbata xwe dij\u00ee, piyawek\u00ee \u00e7\u00eerokzan \u00fb rewanb\u00eaj \u00fb r\u00fbxwe\u015f b\u00fb, hem\u00fb kesan j\u00ea hezdikirin, ta radeyek\u00ea kar\u00ee b\u00fb bi kurd biniv\u00ees\u00eene \u00fb bixw\u00eene. Mam Ferhad bi zarokb\u00fbna xwe hogir\u00ee \u00e7\u00eerokan bi b\u00fb, ji dap\u00eer \u00fb bap\u00eer \u00fb ji jinan \u00fb piyaw\u00ean gund\u00ea xwe \u00fb gund\u00ean n\u00eaz\u00eeka [&hellip;]\" \/>\n<meta property=\"og:url\" content=\"https:\/\/darkamazi.info\/archives\/1024133\" \/>\n<meta property=\"og:site_name\" content=\"Darka Maz\u00ee\" \/>\n<meta property=\"article:publisher\" content=\"https:\/\/www.facebook.com\/DarMaziKurmanci\" \/>\n<meta property=\"article:published_time\" content=\"2021-08-10T11:47:02+00:00\" \/>\n<meta property=\"og:image\" content=\"https:\/\/darkamazi.info\/file\/2021\/08\/kale-mer.jpg\" \/>\n\t<meta property=\"og:image:width\" content=\"900\" \/>\n\t<meta property=\"og:image:height\" content=\"497\" \/>\n\t<meta property=\"og:image:type\" content=\"image\/jpeg\" \/>\n<meta name=\"author\" content=\"darka mazi\" \/>\n<meta name=\"twitter:card\" content=\"summary_large_image\" \/>\n<meta name=\"twitter:creator\" content=\"@DarkaMaziLatini\" \/>\n<meta name=\"twitter:site\" content=\"@DarkaMaziLatini\" \/>\n<meta name=\"twitter:label1\" content=\"Written by\" \/>\n\t<meta name=\"twitter:data1\" content=\"darka mazi\" \/>\n\t<meta name=\"twitter:label2\" content=\"Est. reading time\" \/>\n\t<meta name=\"twitter:data2\" content=\"3 minutes\" \/>\n<script type=\"application\/ld+json\" class=\"seo-schema-graph\">{\"@context\":\"https:\\\/\\\/schema.org\",\"@graph\":[{\"@type\":\"Article\",\"@id\":\"https:\\\/\\\/darkamazi.info\\\/archives\\\/1024133#article\",\"isPartOf\":{\"@id\":\"https:\\\/\\\/darkamazi.info\\\/archives\\\/1024133\"},\"author\":{\"name\":\"darka mazi\",\"@id\":\"https:\\\/\\\/darkamazi.info\\\/#\\\/schema\\\/person\\\/5ad3e24553a0567993fa8ed4bd0a776c\"},\"headline\":\"Mam\u00ea \u00e7\u00eerokfiro\u015f\",\"datePublished\":\"2021-08-10T11:47:02+00:00\",\"mainEntityOfPage\":{\"@id\":\"https:\\\/\\\/darkamazi.info\\\/archives\\\/1024133\"},\"wordCount\":655,\"publisher\":{\"@id\":\"https:\\\/\\\/darkamazi.info\\\/#organization\"},\"image\":{\"@id\":\"https:\\\/\\\/darkamazi.info\\\/archives\\\/1024133#primaryimage\"},\"thumbnailUrl\":\"https:\\\/\\\/darkamazi.info\\\/darka-content\\\/uploads\\\/2021\\\/08\\\/kale-mer.jpg\",\"keywords\":[\"sereke\"],\"articleSection\":[\"\u00c7and \u00db Huner\",\"Hemereng\"],\"inLanguage\":\"en-US\"},{\"@type\":\"WebPage\",\"@id\":\"https:\\\/\\\/darkamazi.info\\\/archives\\\/1024133\",\"url\":\"https:\\\/\\\/darkamazi.info\\\/archives\\\/1024133\",\"name\":\"Mam\u00ea \u00e7\u00eerokfiro\u015f - Darka Maz\u00ee\",\"isPartOf\":{\"@id\":\"https:\\\/\\\/darkamazi.info\\\/#website\"},\"primaryImageOfPage\":{\"@id\":\"https:\\\/\\\/darkamazi.info\\\/archives\\\/1024133#primaryimage\"},\"image\":{\"@id\":\"https:\\\/\\\/darkamazi.info\\\/archives\\\/1024133#primaryimage\"},\"thumbnailUrl\":\"https:\\\/\\\/darkamazi.info\\\/darka-content\\\/uploads\\\/2021\\\/08\\\/kale-mer.jpg\",\"datePublished\":\"2021-08-10T11:47:02+00:00\",\"breadcrumb\":{\"@id\":\"https:\\\/\\\/darkamazi.info\\\/archives\\\/1024133#breadcrumb\"},\"inLanguage\":\"en-US\",\"potentialAction\":[{\"@type\":\"ReadAction\",\"target\":[\"https:\\\/\\\/darkamazi.info\\\/archives\\\/1024133\"]}]},{\"@type\":\"ImageObject\",\"inLanguage\":\"en-US\",\"@id\":\"https:\\\/\\\/darkamazi.info\\\/archives\\\/1024133#primaryimage\",\"url\":\"https:\\\/\\\/darkamazi.info\\\/darka-content\\\/uploads\\\/2021\\\/08\\\/kale-mer.jpg\",\"contentUrl\":\"https:\\\/\\\/darkamazi.info\\\/darka-content\\\/uploads\\\/2021\\\/08\\\/kale-mer.jpg\",\"width\":900,\"height\":497,\"caption\":\"Mam\u00ea \u00e7\u00eerokfiro\u015f\"},{\"@type\":\"BreadcrumbList\",\"@id\":\"https:\\\/\\\/darkamazi.info\\\/archives\\\/1024133#breadcrumb\",\"itemListElement\":[{\"@type\":\"ListItem\",\"position\":1,\"name\":\"Home\",\"item\":\"https:\\\/\\\/darkamazi.info\\\/\"},{\"@type\":\"ListItem\",\"position\":2,\"name\":\"Mam\u00ea \u00e7\u00eerokfiro\u015f\"}]},{\"@type\":\"WebSite\",\"@id\":\"https:\\\/\\\/darkamazi.info\\\/#website\",\"url\":\"https:\\\/\\\/darkamazi.info\\\/\",\"name\":\"Darka Maz\u00ee\",\"description\":\"P\u00eageha Zanyariy\u00ean Nebih\u00eest\u00ee\",\"publisher\":{\"@id\":\"https:\\\/\\\/darkamazi.info\\\/#organization\"},\"potentialAction\":[{\"@type\":\"SearchAction\",\"target\":{\"@type\":\"EntryPoint\",\"urlTemplate\":\"https:\\\/\\\/darkamazi.info\\\/?s={search_term_string}\"},\"query-input\":{\"@type\":\"PropertyValueSpecification\",\"valueRequired\":true,\"valueName\":\"search_term_string\"}}],\"inLanguage\":\"en-US\"},{\"@type\":\"Organization\",\"@id\":\"https:\\\/\\\/darkamazi.info\\\/#organization\",\"name\":\"Darka Maz\u00ee\",\"url\":\"https:\\\/\\\/darkamazi.info\\\/\",\"logo\":{\"@type\":\"ImageObject\",\"inLanguage\":\"en-US\",\"@id\":\"https:\\\/\\\/darkamazi.info\\\/#\\\/schema\\\/logo\\\/image\\\/\",\"url\":\"https:\\\/\\\/darkamazi.info\\\/darka-content\\\/uploads\\\/2017\\\/12\\\/darka-mazi-logo.png\",\"contentUrl\":\"https:\\\/\\\/darkamazi.info\\\/darka-content\\\/uploads\\\/2017\\\/12\\\/darka-mazi-logo.png\",\"width\":151,\"height\":75,\"caption\":\"Darka Maz\u00ee\"},\"image\":{\"@id\":\"https:\\\/\\\/darkamazi.info\\\/#\\\/schema\\\/logo\\\/image\\\/\"},\"sameAs\":[\"https:\\\/\\\/www.facebook.com\\\/DarMaziKurmanci\",\"https:\\\/\\\/x.com\\\/DarkaMaziLatini\",\"https:\\\/\\\/www.instagram.com\\\/darkamazi.kurmanci\\\/\",\"https:\\\/\\\/www.youtube.com\\\/channel\\\/UCa5HkTdmI8U1qCUFuTw8B2g\"]},{\"@type\":\"Person\",\"@id\":\"https:\\\/\\\/darkamazi.info\\\/#\\\/schema\\\/person\\\/5ad3e24553a0567993fa8ed4bd0a776c\",\"name\":\"darka mazi\",\"sameAs\":[\"https:\\\/\\\/darkamazi.info\\\/\"],\"url\":\"https:\\\/\\\/darkamazi.info\\\/archives\\\/author\\\/kurdi\"}]}<\/script>\n<!-- \/ Yoast SEO plugin. -->","seo_head_json":{"title":"Mam\u00ea \u00e7\u00eerokfiro\u015f - Darka Maz\u00ee","robots":{"index":"index","follow":"follow","max-snippet":"max-snippet:-1","max-image-preview":"max-image-preview:large","max-video-preview":"max-video-preview:-1"},"canonical":"https:\/\/darkamazi.info\/archives\/1024133","og_locale":"en_US","og_type":"article","og_title":"Mam\u00ea \u00e7\u00eerokfiro\u015f - Darka Maz\u00ee","og_description":"Mam Ferhad li gundek\u00ee mezin y\u00ea Kurdistan\u00ea li gel malbata xwe dij\u00ee, piyawek\u00ee \u00e7\u00eerokzan \u00fb rewanb\u00eaj \u00fb r\u00fbxwe\u015f b\u00fb, hem\u00fb kesan j\u00ea hezdikirin, ta radeyek\u00ea kar\u00ee b\u00fb bi kurd biniv\u00ees\u00eene \u00fb bixw\u00eene. Mam Ferhad bi zarokb\u00fbna xwe hogir\u00ee \u00e7\u00eerokan bi b\u00fb, ji dap\u00eer \u00fb bap\u00eer \u00fb ji jinan \u00fb piyaw\u00ean gund\u00ea xwe \u00fb gund\u00ean n\u00eaz\u00eeka [&hellip;]","og_url":"https:\/\/darkamazi.info\/archives\/1024133","og_site_name":"Darka Maz\u00ee","article_publisher":"https:\/\/www.facebook.com\/DarMaziKurmanci","article_published_time":"2021-08-10T11:47:02+00:00","og_image":[{"width":900,"height":497,"url":"https:\/\/darkamazi.info\/file\/2021\/08\/kale-mer.jpg","type":"image\/jpeg"}],"author":"darka mazi","twitter_card":"summary_large_image","twitter_creator":"@DarkaMaziLatini","twitter_site":"@DarkaMaziLatini","twitter_misc":{"Written by":"darka mazi","Est. reading time":"3 minutes"},"schema":{"@context":"https:\/\/schema.org","@graph":[{"@type":"Article","@id":"https:\/\/darkamazi.info\/archives\/1024133#article","isPartOf":{"@id":"https:\/\/darkamazi.info\/archives\/1024133"},"author":{"name":"darka mazi","@id":"https:\/\/darkamazi.info\/#\/schema\/person\/5ad3e24553a0567993fa8ed4bd0a776c"},"headline":"Mam\u00ea \u00e7\u00eerokfiro\u015f","datePublished":"2021-08-10T11:47:02+00:00","mainEntityOfPage":{"@id":"https:\/\/darkamazi.info\/archives\/1024133"},"wordCount":655,"publisher":{"@id":"https:\/\/darkamazi.info\/#organization"},"image":{"@id":"https:\/\/darkamazi.info\/archives\/1024133#primaryimage"},"thumbnailUrl":"https:\/\/darkamazi.info\/file\/2021\/08\/kale-mer.jpg","keywords":["sereke"],"articleSection":["\u00c7and \u00db Huner","Hemereng"],"inLanguage":"en-US"},{"@type":"WebPage","@id":"https:\/\/darkamazi.info\/archives\/1024133","url":"https:\/\/darkamazi.info\/archives\/1024133","name":"Mam\u00ea \u00e7\u00eerokfiro\u015f - Darka Maz\u00ee","isPartOf":{"@id":"https:\/\/darkamazi.info\/#website"},"primaryImageOfPage":{"@id":"https:\/\/darkamazi.info\/archives\/1024133#primaryimage"},"image":{"@id":"https:\/\/darkamazi.info\/archives\/1024133#primaryimage"},"thumbnailUrl":"https:\/\/darkamazi.info\/file\/2021\/08\/kale-mer.jpg","datePublished":"2021-08-10T11:47:02+00:00","breadcrumb":{"@id":"https:\/\/darkamazi.info\/archives\/1024133#breadcrumb"},"inLanguage":"en-US","potentialAction":[{"@type":"ReadAction","target":["https:\/\/darkamazi.info\/archives\/1024133"]}]},{"@type":"ImageObject","inLanguage":"en-US","@id":"https:\/\/darkamazi.info\/archives\/1024133#primaryimage","url":"https:\/\/darkamazi.info\/file\/2021\/08\/kale-mer.jpg","contentUrl":"https:\/\/darkamazi.info\/file\/2021\/08\/kale-mer.jpg","width":900,"height":497,"caption":"Mam\u00ea \u00e7\u00eerokfiro\u015f"},{"@type":"BreadcrumbList","@id":"https:\/\/darkamazi.info\/archives\/1024133#breadcrumb","itemListElement":[{"@type":"ListItem","position":1,"name":"Home","item":"https:\/\/darkamazi.info\/"},{"@type":"ListItem","position":2,"name":"Mam\u00ea \u00e7\u00eerokfiro\u015f"}]},{"@type":"WebSite","@id":"https:\/\/darkamazi.info\/#website","url":"https:\/\/darkamazi.info\/","name":"Darka Maz\u00ee","description":"P\u00eageha Zanyariy\u00ean Nebih\u00eest\u00ee","publisher":{"@id":"https:\/\/darkamazi.info\/#organization"},"potentialAction":[{"@type":"SearchAction","target":{"@type":"EntryPoint","urlTemplate":"https:\/\/darkamazi.info\/?s={search_term_string}"},"query-input":{"@type":"PropertyValueSpecification","valueRequired":true,"valueName":"search_term_string"}}],"inLanguage":"en-US"},{"@type":"Organization","@id":"https:\/\/darkamazi.info\/#organization","name":"Darka Maz\u00ee","url":"https:\/\/darkamazi.info\/","logo":{"@type":"ImageObject","inLanguage":"en-US","@id":"https:\/\/darkamazi.info\/#\/schema\/logo\/image\/","url":"https:\/\/darkamazi.info\/file\/2017\/12\/darka-mazi-logo.png","contentUrl":"https:\/\/darkamazi.info\/file\/2017\/12\/darka-mazi-logo.png","width":151,"height":75,"caption":"Darka Maz\u00ee"},"image":{"@id":"https:\/\/darkamazi.info\/#\/schema\/logo\/image\/"},"sameAs":["https:\/\/www.facebook.com\/DarMaziKurmanci","https:\/\/x.com\/DarkaMaziLatini","https:\/\/www.instagram.com\/darkamazi.kurmanci\/","https:\/\/www.youtube.com\/channel\/UCa5HkTdmI8U1qCUFuTw8B2g"]},{"@type":"Person","@id":"https:\/\/darkamazi.info\/#\/schema\/person\/5ad3e24553a0567993fa8ed4bd0a776c","name":"darka mazi","sameAs":["https:\/\/darkamazi.info\/"],"url":"https:\/\/darkamazi.info\/archives\/author\/kurdi"}]}},"_links":{"self":[{"href":"https:\/\/darkamazi.info\/funavuv\/wp\/v2\/posts\/1024133","targetHints":{"allow":["GET"]}}],"collection":[{"href":"https:\/\/darkamazi.info\/funavuv\/wp\/v2\/posts"}],"about":[{"href":"https:\/\/darkamazi.info\/funavuv\/wp\/v2\/types\/post"}],"author":[{"embeddable":true,"href":"https:\/\/darkamazi.info\/funavuv\/wp\/v2\/users\/2"}],"replies":[{"embeddable":true,"href":"https:\/\/darkamazi.info\/funavuv\/wp\/v2\/comments?post=1024133"}],"version-history":[{"count":0,"href":"https:\/\/darkamazi.info\/funavuv\/wp\/v2\/posts\/1024133\/revisions"}],"wp:featuredmedia":[{"embeddable":true,"href":"https:\/\/darkamazi.info\/funavuv\/wp\/v2\/media\/1024134"}],"wp:attachment":[{"href":"https:\/\/darkamazi.info\/funavuv\/wp\/v2\/media?parent=1024133"}],"wp:term":[{"taxonomy":"category","embeddable":true,"href":"https:\/\/darkamazi.info\/funavuv\/wp\/v2\/categories?post=1024133"},{"taxonomy":"post_tag","embeddable":true,"href":"https:\/\/darkamazi.info\/funavuv\/wp\/v2\/tags?post=1024133"}],"curies":[{"name":"wp","href":"https:\/\/api.w.org\/{rel}","templated":true}]}}