{"id":1024241,"date":"2021-08-16T18:42:22","date_gmt":"2021-08-16T15:42:22","guid":{"rendered":"https:\/\/darkamazi.info\/?p=1024241"},"modified":"2021-08-16T18:42:22","modified_gmt":"2021-08-16T15:42:22","slug":"sindoqa-resa-pkke-li-sengale-hat-hedefkirin","status":"publish","type":"post","link":"https:\/\/darkamazi.info\/archives\/1024241","title":{"rendered":"Sindoqa Re\u015fa PKK\u00ea li \u015eengal\u00ea hat hedefkirin"},"content":{"rendered":"<div class=\"wpb-content-wrapper\"><p>[darkamazi_row][darkamazi_column][darkamazi_column_text]<\/p>\n<h3 style=\"text-align: justify\"><span style=\"font-family: 'arial black', sans-serif\">Balefir\u00ean Tirkiy\u00ea \u00eero li yek ji tax\u00ean \u015eengal\u00ea \u00ear\u00ee\u015feke as\u00eeman\u00ee encam da \u00fb berpirsek\u00ee her\u00ee mezin \u00ea PKK\u00ea y\u00ea bi nav\u00ea &#8220;Se\u00eed Hesen Se\u00eed&#8221; di trumb\u00eala w\u00ee de armanc kir \u00fb ew ku\u015ft.<\/span><\/h3>\n<ul>\n<li>\n<h3><strong><span style=\"font-family: arial, helvetica, sans-serif;color: #8a0101\">Gelo ev kes k\u00eeye \u00fb \u00e7ima Tirkiy\u00ea ew hedef kir?<\/span><\/strong><\/h3>\n<\/li>\n<li>\n<h3><strong><span style=\"font-family: arial, helvetica, sans-serif;color: #8a0101\">Gir\u00eeng\u00eeya w\u00ee li cem PKK\u00ea \u00fb he\u015fda \u015eeb\u00ee \u00e7\u00ee ye?<\/span><\/strong><\/h3>\n<\/li>\n<li>\n<h3><strong><span style=\"font-family: arial, helvetica, sans-serif;color: #8a0101\">Rola w\u00ee di komkujiya gund\u00ea Koco de \u00e7i b\u00fb?<\/span><\/strong><\/h3>\n<\/li>\n<\/ul>\n<h3 style=\"text-align: center\"><span style=\"font-family: 'arial black', sans-serif;color: #808080\">Di v\u00ea rapora p\u00eageha &#8220;Darka Maz\u00ee&#8221; de, em\u00ea bi dukom\u00eant dos\u00eeya w\u00ee bixin ber \u00e7avan.<\/span><\/h3>\n<h3 style=\"text-align: justify\"><span style=\"font-family: arial, helvetica, sans-serif\">Balefireke b\u00ea p\u00eelot ya art\u00ea\u015fa Tirkiy\u00ea, \u00eero 16\/8\/2021an, li dema n\u00eevroj\u00ea, erebeyeka ji cor\u00ea \u00abToyota land Cruiser\u00bb bi hejmara Sil\u00eamaniy\u00ea li navenda \u015eengal\u00ea bordoman kir, \u00ear\u00ee\u015f li ser cadeya bazar p\u00eakhat \u00fb di encam\u00ea de, kes\u00ea bi nav\u00ea \u00abSe\u00eed Hesen Se\u00eed\u00bb fermandar\u00ea Yek\u00eeney\u00ean Berxwedana \u015eengal\u00ea YB\u015e\u2019\u00ea bask\u00ea PKK\u00ea li \u015eengal\u00ea li gel biraz\u00eey\u00ea w\u00ee y\u00ea bi nav\u00ea \u00eesa Re\u015fman Hesen \u00fb d\u00fb kes\u00ean din ku\u015ftin.<\/span><\/h3>\n<h3 style=\"text-align: justify\"><span style=\"font-family: arial, helvetica, sans-serif\"><img loading=\"lazy\" decoding=\"async\" width=\"900\" height=\"497\" class=\"aligncenter darka-image-1024252 size-full\" src=\"https:\/\/darkamazi.info\/file\/2021\/08\/\u0633\u0647\u200c\u0639\u06cc\u062f-\u062d\u0647\u200c\u0633\u0647\u200c\u0646-\u06cc\u0647\u200c\u0628\u0647\u200c\u0634\u0647\u200c-\u067e\u0647\u200c\u0643\u0647\u200c\u0643\u0647\u200c-\u0634\u0646\u06af\u0627\u0644-\u06cc\u0647\u200c\u0628\u0647\u200c\u0634\u0647\u200c-\u062d\u0647\u200c\u0634\u062f\u0627-\u0634\u0647\u200c\u0639\u0628\u06cc-seid-hesen-ybs-pkk-singal-hasida-sabi-0.jpg\" alt=\"\" srcset=\"https:\/\/darkamazi.info\/file\/2021\/08\/\u0633\u0647\u200c\u0639\u06cc\u062f-\u062d\u0647\u200c\u0633\u0647\u200c\u0646-\u06cc\u0647\u200c\u0628\u0647\u200c\u0634\u0647\u200c-\u067e\u0647\u200c\u0643\u0647\u200c\u0643\u0647\u200c-\u0634\u0646\u06af\u0627\u0644-\u06cc\u0647\u200c\u0628\u0647\u200c\u0634\u0647\u200c-\u062d\u0647\u200c\u0634\u062f\u0627-\u0634\u0647\u200c\u0639\u0628\u06cc-seid-hesen-ybs-pkk-singal-hasida-sabi-0.jpg 900w, https:\/\/darkamazi.info\/file\/2021\/08\/\u0633\u0647\u200c\u0639\u06cc\u062f-\u062d\u0647\u200c\u0633\u0647\u200c\u0646-\u06cc\u0647\u200c\u0628\u0647\u200c\u0634\u0647\u200c-\u067e\u0647\u200c\u0643\u0647\u200c\u0643\u0647\u200c-\u0634\u0646\u06af\u0627\u0644-\u06cc\u0647\u200c\u0628\u0647\u200c\u0634\u0647\u200c-\u062d\u0647\u200c\u0634\u062f\u0627-\u0634\u0647\u200c\u0639\u0628\u06cc-seid-hesen-ybs-pkk-singal-hasida-sabi-0-300x166.jpg 300w, https:\/\/darkamazi.info\/file\/2021\/08\/\u0633\u0647\u200c\u0639\u06cc\u062f-\u062d\u0647\u200c\u0633\u0647\u200c\u0646-\u06cc\u0647\u200c\u0628\u0647\u200c\u0634\u0647\u200c-\u067e\u0647\u200c\u0643\u0647\u200c\u0643\u0647\u200c-\u0634\u0646\u06af\u0627\u0644-\u06cc\u0647\u200c\u0628\u0647\u200c\u0634\u0647\u200c-\u062d\u0647\u200c\u0634\u062f\u0627-\u0634\u0647\u200c\u0639\u0628\u06cc-seid-hesen-ybs-pkk-singal-hasida-sabi-0-768x424.jpg 768w\" sizes=\"auto, (max-width: 900px) 100vw, 900px\" \/><\/span><\/h3>\n<h3 style=\"text-align: justify\"><span style=\"font-family: arial, helvetica, sans-serif\">P\u00eageha Darka Maz\u00ee ji \u00e7avkaniy\u00ean xwe y\u00ean Ba\u015f\u00fbr\u00ea Kurdistan\u00ea agahiy\u00ean her\u00ee taybet li derbara Se\u00eed Hesen bi dest xistine kan\u00ea bi tu away\u00ee bi fermana r\u00eaxistina PKK\u00ea ji bo xizmeta He\u015fda \u015eeb\u00ee li dij\u00ee gel\u00ea \u00eazd\u00ee \u00fb h\u00eaza p\u00ea\u015fmergehan xebit\u00eeye, herweha b\u00fbyera p\u00ea\u015f\u00ee girtina w\u00ee li rizgarkirina \u015f\u00eaniy\u00ean gund\u00ea Koco ber\u00eeya komkujiya 15 Tebaxa sala 2014an.<\/span><\/h3>\n<p>[\/darkamazi_column_text][darkamazi_message message_box_style=&#8221;3d&#8221; message_box_color=&#8221;grey&#8221;]<\/p>\n<h1 style=\"text-align: center\"><span style=\"font-family: 'arial black', sans-serif;color: #910000\">Se\u00eed Hesen k\u00ee ye:<\/span><\/h1>\n<ul>\n<li>\n<h3><span style=\"font-family: 'arial black', sans-serif\">Nav: Se\u00eed Hesen Se\u00eed Xizir.<\/span><\/h3>\n<\/li>\n<li>\n<h3><span style=\"font-family: 'arial black', sans-serif\">Ol: \u00eazd\u00ee, ji Hoza Hebaba.<\/span><\/h3>\n<\/li>\n<li>\n<h3><span style=\"font-family: 'arial black', sans-serif\">Gund: ji gund\u00ea Zuman\u00ea gir\u00eaday\u00ee \u015eengal\u00ea.<\/span><\/h3>\n<\/li>\n<li>\n<h3><span style=\"font-family: 'arial black', sans-serif\">Mezintir\u00een berpirs\u00ea \u00eazd\u00eey\u00ea \u00ceraq\u00ea ye li nava PKK\u00ea.<\/span><\/h3>\n<\/li>\n<li>\n<h3><span style=\"font-family: 'arial black', sans-serif\">Li 9\/4\/2003\u00ea tevl\u00ee ref\u00ean PKK\u00ea b\u00fbye.<\/span><\/h3>\n<\/li>\n<li>\n<h3><span style=\"font-family: 'arial black', sans-serif\">Ke\u00e7a w\u00ee li sala 2017an bi bordomana balefir\u00ean ceng\u00ee y\u00ean Tirkiy\u00ea li Qend\u00eel\u00ea hat\u00eeye ku\u015ftin.<\/span><\/h3>\n<\/li>\n<li>\n<h3><span style=\"font-family: 'arial black', sans-serif\">Bav\u00ea 5 zarokane.<\/span><\/h3>\n<\/li>\n<li>\n<h3><span style=\"font-family: 'arial black', sans-serif\">Di nava PKK\u00ea de bi kod nav\u00ea Bahoz t\u00ea nas kirin.<\/span><\/h3>\n<\/li>\n<li>\n<h3><span style=\"font-family: 'arial black', sans-serif\">Berpirs\u00ea \u00eestixbarata PKK\u00ea b\u00fb li \u015eengal\u00ea.<\/span><\/h3>\n<\/li>\n<li>\n<h3><span style=\"font-family: 'arial black', sans-serif\">Endam\u00ea serkirdatiya Part\u00eeya Azad\u00eeya Demokrat\u00eeya \u00cazd\u00ee PADE ya gir\u00eaday\u00ee PKK\u00ea ye.<\/span><\/h3>\n<\/li>\n<li>\n<h3><span style=\"font-family: 'arial black', sans-serif\">R\u00eakxer \u00fb hemahengkar\u00ea serek\u00ee ye li n\u00eavbera r\u00eaxistina PKK\u00ea \u00fb He\u015fda \u015eeib\u00ee.<\/span><\/h3>\n<\/li>\n<li>\n<h3><span style=\"font-family: 'arial black', sans-serif\">Berpirs\u00ea kar\u00fbbar\u00ean siyas\u00ee y\u00ea yek\u00eeney\u00ean berxwedana \u015eengal\u00ea YB\u015e\u2019\u00ea ye.<\/span><\/h3>\n<\/li>\n<li>\n<h3><span style=\"font-family: 'arial black', sans-serif\">Gir\u00eengiyeka mezin li cem r\u00eaxistina PKK\u00ea \u00fb he\u015fda \u015eeb\u00ee heb\u00fb.<\/span><\/h3>\n<\/li>\n<li>\n<h3><span style=\"font-family: 'arial black', sans-serif\">Kerb \u00fb k\u00eeneke mezin li himber\u00ee gel\u00ea Kurdistan\u00ea \u00fb h\u00eaza p\u00ea\u015fmergehan heb\u00fb.<\/span><\/h3>\n<\/li>\n<\/ul>\n<p>[\/darkamazi_message][darkamazi_column_text]<\/p>\n<h3 style=\"text-align: center\"><span style=\"font-family: 'arial black', sans-serif;color: #8a0101\"><img loading=\"lazy\" decoding=\"async\" width=\"900\" height=\"497\" class=\"aligncenter darka-image-1024254 size-full\" src=\"https:\/\/darkamazi.info\/file\/2021\/08\/\u0633\u0647\u200c\u0639\u06cc\u062f-\u062d\u0647\u200c\u0633\u0647\u200c\u0646-\u06cc\u0647\u200c\u0628\u0647\u200c\u0634\u0647\u200c-\u067e\u0647\u200c\u0643\u0647\u200c\u0643\u0647\u200c-\u0634\u0646\u06af\u0627\u0644-\u06cc\u0647\u200c\u0628\u0647\u200c\u0634\u0647\u200c-\u062d\u0647\u200c\u0634\u062f\u0627-\u0634\u0647\u200c\u0639\u0628\u06cc-seid-hesen-ybs-pkk-singal-hasida-sabi10.jpg\" alt=\"\" srcset=\"https:\/\/darkamazi.info\/file\/2021\/08\/\u0633\u0647\u200c\u0639\u06cc\u062f-\u062d\u0647\u200c\u0633\u0647\u200c\u0646-\u06cc\u0647\u200c\u0628\u0647\u200c\u0634\u0647\u200c-\u067e\u0647\u200c\u0643\u0647\u200c\u0643\u0647\u200c-\u0634\u0646\u06af\u0627\u0644-\u06cc\u0647\u200c\u0628\u0647\u200c\u0634\u0647\u200c-\u062d\u0647\u200c\u0634\u062f\u0627-\u0634\u0647\u200c\u0639\u0628\u06cc-seid-hesen-ybs-pkk-singal-hasida-sabi10.jpg 900w, https:\/\/darkamazi.info\/file\/2021\/08\/\u0633\u0647\u200c\u0639\u06cc\u062f-\u062d\u0647\u200c\u0633\u0647\u200c\u0646-\u06cc\u0647\u200c\u0628\u0647\u200c\u0634\u0647\u200c-\u067e\u0647\u200c\u0643\u0647\u200c\u0643\u0647\u200c-\u0634\u0646\u06af\u0627\u0644-\u06cc\u0647\u200c\u0628\u0647\u200c\u0634\u0647\u200c-\u062d\u0647\u200c\u0634\u062f\u0627-\u0634\u0647\u200c\u0639\u0628\u06cc-seid-hesen-ybs-pkk-singal-hasida-sabi10-300x166.jpg 300w, https:\/\/darkamazi.info\/file\/2021\/08\/\u0633\u0647\u200c\u0639\u06cc\u062f-\u062d\u0647\u200c\u0633\u0647\u200c\u0646-\u06cc\u0647\u200c\u0628\u0647\u200c\u0634\u0647\u200c-\u067e\u0647\u200c\u0643\u0647\u200c\u0643\u0647\u200c-\u0634\u0646\u06af\u0627\u0644-\u06cc\u0647\u200c\u0628\u0647\u200c\u0634\u0647\u200c-\u062d\u0647\u200c\u0634\u062f\u0627-\u0634\u0647\u200c\u0639\u0628\u06cc-seid-hesen-ybs-pkk-singal-hasida-sabi10-768x424.jpg 768w\" sizes=\"auto, (max-width: 900px) 100vw, 900px\" \/><\/span><\/h3>\n<h3 style=\"text-align: center\"><span style=\"font-family: 'arial black', sans-serif;color: #8a0101\">\u00c7ima Se\u00eed Hesen ji komkujiya Koco berpirsyare?<\/span><\/h3>\n<h3 style=\"text-align: justify\"><span style=\"font-family: arial, helvetica, sans-serif\">Li gor\u00ee agahiy\u00ean taybet y\u00ean ku p\u00eageha me li ba\u015f\u00fbr\u00ea kurdistan\u00ea bi dest xistine, li serdema \u00ear\u00ee\u015fa DAI\u015e\u00ea ya li ser gund\u00ea Koco ku li roja 8 Tebaxa 2014an \u00fb dema teror\u00eest\u00ean DAI\u015e\u00ea gund\u00ea Koco xistiye dorp\u00ea\u00e7\u00ea, li w\u00ea dem\u00ea h\u00eaza p\u00ea\u015fmergehan \u00fb Hik\u00fbmeta Ba\u015f\u00fbr\u00ea Kurdistan\u00ea bi al\u00eekariya Amer\u00eek\u00eeyan li r\u00eayek\u00ea di geriyan ku \u015f\u00eaniy\u00ean gund\u00ea Koco rizgar bikin.<\/span><\/h3>\n<h3 style=\"text-align: justify\"><span style=\"font-family: arial, helvetica, sans-serif\">Li 10\u00ee Tebax\u00ea h\u00eazeke p\u00ea\u015fmerge ji saziya Dije Terora Kurdistan\u00ea bi al\u00eekariya Amer\u00eek\u00eeyan pilanek ji bo rizgar kirina \u015f\u00eaniyan dana, l\u00ea bel\u00ea wexta ku PKK\u00ea zan\u00ee \u015f\u00eaniy\u00ean gund\u00ea Koco w\u00ea werin rizgar kirin, rasterast Tel\u00eemat ji Se\u00eed Hesen re \u015fandin ku p\u00ea\u015fiy\u00ea li v\u00ea plana p\u00ea\u015fmergehan bigre.<\/span><\/h3>\n<h3 style=\"text-align: center\"><span style=\"font-family: 'arial black', sans-serif;color: #8a0101\">Plana p\u00ea\u015fmergehan \u00fb Amer\u00eek\u00eeyan ev b\u00fb:<\/span><\/h3>\n<h3 style=\"text-align: justify\"><span style=\"font-family: arial, helvetica, sans-serif\">H\u00eazek bispor ji p\u00ea\u015fmergehan ji saziya dije terora Kurdistan\u00ea bi hemaheng\u00ee \u00fb al\u00eekariya h\u00eazeke Amer\u00eek\u00ee ji yek\u00eeney\u00ean \u00abMarines\u00bb w\u00ea bi balefir\u00ean kopter y\u00ean bi nav\u00ea \u00abChinook\u00bb derbas\u00ee Koco bin \u00fb \u015f\u00eaniy\u00ean gund ji dorp\u00ea\u00e7a DAI\u015e\u00ea rizgar bikin, biryar ew b\u00fb plan li \u015feva 10 ser 11 tebax\u00ea were c\u00ee bi c\u00ee kirin.<\/span><\/h3>\n<h3 style=\"direction: rtl;text-align: justify\"><img loading=\"lazy\" decoding=\"async\" width=\"900\" height=\"497\" class=\"aligncenter darka-image-1024245 size-full\" src=\"https:\/\/darkamazi.info\/file\/2021\/08\/\u0633\u0647\u200c\u0639\u06cc\u062f-\u062d\u0647\u200c\u0633\u0647\u200c\u0646-\u06cc\u0647\u200c\u0628\u0647\u200c\u0634\u0647\u200c-\u067e\u0647\u200c\u0643\u0647\u200c\u0643\u0647\u200c-\u0634\u0646\u06af\u0627\u0644-\u06cc\u0647\u200c\u0628\u0647\u200c\u0634\u0647\u200c-\u062d\u0647\u200c\u0634\u062f\u0627-\u0634\u0647\u200c\u0639\u0628\u06cc-seid-hesen-ybs-pkk-singal-hasida-sabi-2.jpg\" alt=\"\" srcset=\"https:\/\/darkamazi.info\/file\/2021\/08\/\u0633\u0647\u200c\u0639\u06cc\u062f-\u062d\u0647\u200c\u0633\u0647\u200c\u0646-\u06cc\u0647\u200c\u0628\u0647\u200c\u0634\u0647\u200c-\u067e\u0647\u200c\u0643\u0647\u200c\u0643\u0647\u200c-\u0634\u0646\u06af\u0627\u0644-\u06cc\u0647\u200c\u0628\u0647\u200c\u0634\u0647\u200c-\u062d\u0647\u200c\u0634\u062f\u0627-\u0634\u0647\u200c\u0639\u0628\u06cc-seid-hesen-ybs-pkk-singal-hasida-sabi-2.jpg 900w, https:\/\/darkamazi.info\/file\/2021\/08\/\u0633\u0647\u200c\u0639\u06cc\u062f-\u062d\u0647\u200c\u0633\u0647\u200c\u0646-\u06cc\u0647\u200c\u0628\u0647\u200c\u0634\u0647\u200c-\u067e\u0647\u200c\u0643\u0647\u200c\u0643\u0647\u200c-\u0634\u0646\u06af\u0627\u0644-\u06cc\u0647\u200c\u0628\u0647\u200c\u0634\u0647\u200c-\u062d\u0647\u200c\u0634\u062f\u0627-\u0634\u0647\u200c\u0639\u0628\u06cc-seid-hesen-ybs-pkk-singal-hasida-sabi-2-300x166.jpg 300w, https:\/\/darkamazi.info\/file\/2021\/08\/\u0633\u0647\u200c\u0639\u06cc\u062f-\u062d\u0647\u200c\u0633\u0647\u200c\u0646-\u06cc\u0647\u200c\u0628\u0647\u200c\u0634\u0647\u200c-\u067e\u0647\u200c\u0643\u0647\u200c\u0643\u0647\u200c-\u0634\u0646\u06af\u0627\u0644-\u06cc\u0647\u200c\u0628\u0647\u200c\u0634\u0647\u200c-\u062d\u0647\u200c\u0634\u062f\u0627-\u0634\u0647\u200c\u0639\u0628\u06cc-seid-hesen-ybs-pkk-singal-hasida-sabi-2-768x424.jpg 768w\" sizes=\"auto, (max-width: 900px) 100vw, 900px\" \/><\/h3>\n<h3 style=\"text-align: justify\"><span style=\"font-family: arial, helvetica, sans-serif\">Se\u00eed Hesen her rast bi Tel\u00eemat \u00fb pi\u015ftgiriya PKK\u00ea li roja 11 Tebaxa 2014an, hinek \u015f\u00eaniy\u00ean \u00eazd\u00ee y\u00ean ku li \u00e7iyay\u00ea \u015eengal\u00ea diman xapandin \u00fb ew \u00eeqna kirin ku xwep\u00ea\u015fandanek\u00ea li dij\u00ee h\u00eaza p\u00ea\u015fmergehan \u00fb Amer\u00eek\u00eeyan encam bidin, ev hewla PKK\u00ea encam girt \u00fb bi sedema xwep\u00ea\u015fandana awarey\u00ean \u015eengal\u00ea Amer\u00eek\u00eeyan xwe ji plan\u00ea vek\u015fand \u00fb ev y\u00eak b\u00fb sedem ku \u015f\u00eaniy\u00ean Koco di dorp\u00ea\u00e7\u00ea de bim\u00eenin \u00fb roja 15 Tebax\u00ea DAI\u015e\u00ea ew qetilam li wir p\u00eakan\u00ee.<\/span><\/h3>\n<h3 style=\"text-align: center\"><span style=\"color: #8a0101;font-family: 'arial black', sans-serif\">Armanca PKK\u00ea \u00fb Se\u00eed Hesen ji komkujiya Koco \u00e7i b\u00fb?<\/span><\/h3>\n<h3 style=\"text-align: justify\"><span style=\"font-family: arial, helvetica, sans-serif\">R\u00eaxistina PKK\u00ea wexta zan\u00ee ku h\u00eaza p\u00ea\u015fmergehan ji boy rizgar kirina \u015f\u00eaniy\u00ean Koco di tevger\u00ea de ye, p\u00eelan dana ku ev hewl encam\u00ea negire, PKK\u00ea dixwest qetilam li Koco were encam day\u00een ji bo ku pi\u015ftre bib\u00eaje: ev h\u00eaza p\u00ea\u015fmergehan b\u00fb ku nikar\u00ee \u015f\u00eaniy\u00ean Koco rizgar bike, ji bo ku pi\u015ftre bih\u00eat hik\u00fbmeta Ba\u015f\u00fbr\u00ea kurdistan\u00ea bi qetilam\u00ea s\u00fb\u00e7bar bike, ya rast PKK\u00ea ev y\u00eak encam da \u00fb di medyaya xwe de bi awayek\u00ee e\u015fkere dest bi serv\u00eeskirina derewan kir.<\/span><\/h3>\n<p><img loading=\"lazy\" decoding=\"async\" width=\"900\" height=\"497\" class=\"aligncenter darka-image-1024246 size-full\" src=\"https:\/\/darkamazi.info\/file\/2021\/08\/\u0633\u0647\u200c\u0639\u06cc\u062f-\u062d\u0647\u200c\u0633\u0647\u200c\u0646-\u06cc\u0647\u200c\u0628\u0647\u200c\u0634\u0647\u200c-\u067e\u0647\u200c\u0643\u0647\u200c\u0643\u0647\u200c-\u0634\u0646\u06af\u0627\u0644-\u06cc\u0647\u200c\u0628\u0647\u200c\u0634\u0647\u200c-\u062d\u0647\u200c\u0634\u062f\u0627-\u0634\u0647\u200c\u0639\u0628\u06cc-seid-hesen-ybs-pkk-singal-hasida-sabi-3.jpg\" alt=\"\" srcset=\"https:\/\/darkamazi.info\/file\/2021\/08\/\u0633\u0647\u200c\u0639\u06cc\u062f-\u062d\u0647\u200c\u0633\u0647\u200c\u0646-\u06cc\u0647\u200c\u0628\u0647\u200c\u0634\u0647\u200c-\u067e\u0647\u200c\u0643\u0647\u200c\u0643\u0647\u200c-\u0634\u0646\u06af\u0627\u0644-\u06cc\u0647\u200c\u0628\u0647\u200c\u0634\u0647\u200c-\u062d\u0647\u200c\u0634\u062f\u0627-\u0634\u0647\u200c\u0639\u0628\u06cc-seid-hesen-ybs-pkk-singal-hasida-sabi-3.jpg 900w, https:\/\/darkamazi.info\/file\/2021\/08\/\u0633\u0647\u200c\u0639\u06cc\u062f-\u062d\u0647\u200c\u0633\u0647\u200c\u0646-\u06cc\u0647\u200c\u0628\u0647\u200c\u0634\u0647\u200c-\u067e\u0647\u200c\u0643\u0647\u200c\u0643\u0647\u200c-\u0634\u0646\u06af\u0627\u0644-\u06cc\u0647\u200c\u0628\u0647\u200c\u0634\u0647\u200c-\u062d\u0647\u200c\u0634\u062f\u0627-\u0634\u0647\u200c\u0639\u0628\u06cc-seid-hesen-ybs-pkk-singal-hasida-sabi-3-300x166.jpg 300w, https:\/\/darkamazi.info\/file\/2021\/08\/\u0633\u0647\u200c\u0639\u06cc\u062f-\u062d\u0647\u200c\u0633\u0647\u200c\u0646-\u06cc\u0647\u200c\u0628\u0647\u200c\u0634\u0647\u200c-\u067e\u0647\u200c\u0643\u0647\u200c\u0643\u0647\u200c-\u0634\u0646\u06af\u0627\u0644-\u06cc\u0647\u200c\u0628\u0647\u200c\u0634\u0647\u200c-\u062d\u0647\u200c\u0634\u062f\u0627-\u0634\u0647\u200c\u0639\u0628\u06cc-seid-hesen-ybs-pkk-singal-hasida-sabi-3-768x424.jpg 768w\" sizes=\"auto, (max-width: 900px) 100vw, 900px\" \/><\/p>\n<h3 style=\"text-align: justify\"><span style=\"font-family: arial, helvetica, sans-serif\">R\u00eaxistina PKK\u00ea li \u00e7 demek\u00ea berjewend\u00eeya gel\u00ea \u00eazd\u00ee li ber \u00e7av negirt\u00eeye, belku ew dixwaze \u00cazd\u00eeyan weke metiryalek\u00ee ji boy berjewend\u00eeya r\u00eaxistin\u00ea bi kar b\u00eene \u00fb bi r\u00eaya kes\u00ean m\u00eena Se\u00eed Hesen ew xapandine, ev siyaseta PKK\u00ea b\u00fbye sedem ku heya niha \u015eengal bibe meydana \u015fer \u00fb 80% ji \u015f\u00eaniy\u00ean w\u00ea aware \u00fb ko\u00e7ber bim\u00eenin.<\/span><\/h3>\n<p>[\/darkamazi_column_text][\/darkamazi_column][\/darkamazi_row]<\/p>\n<\/div>","protected":false},"excerpt":{"rendered":"<p>[darkamazi_row][darkamazi_column][darkamazi_column_text] Balefir\u00ean Tirkiy\u00ea \u00eero li yek ji tax\u00ean \u015eengal\u00ea \u00ear\u00ee\u015feke as\u00eeman\u00ee encam da \u00fb berpirsek\u00ee her\u00ee mezin \u00ea PKK\u00ea y\u00ea bi nav\u00ea &#8220;Se\u00eed Hesen Se\u00eed&#8221; di trumb\u00eala w\u00ee de armanc kir \u00fb ew ku\u015ft. Gelo ev kes k\u00eeye \u00fb \u00e7ima Tirkiy\u00ea ew hedef kir? Gir\u00eeng\u00eeya w\u00ee li cem PKK\u00ea \u00fb he\u015fda \u015eeb\u00ee \u00e7\u00ee ye? Rola [&hellip;]<\/p>\n","protected":false},"author":2,"featured_media":1024250,"comment_status":"closed","ping_status":"closed","sticky":false,"template":"","format":"image","meta":{"footnotes":""},"categories":[40],"tags":[37,62],"class_list":["post-1024241","post","type-post","status-publish","format-image","has-post-thumbnail","hentry","category-niheni","tag-sereke","tag-singal","post_format-post-format-image"],"blocksy_meta":[],"seo_head":"<!-- This site is optimized with the Yoast SEO plugin v27.5 - https:\/\/yoast.com\/product\/yoast-seo-wordpress\/ -->\n<title>Sindoqa Re\u015fa PKK\u00ea li \u015eengal\u00ea hat hedefkirin - Darka Maz\u00ee<\/title>\n<meta name=\"robots\" content=\"index, follow, max-snippet:-1, max-image-preview:large, max-video-preview:-1\" \/>\n<link rel=\"canonical\" href=\"https:\/\/darkamazi.info\/archives\/1024241\" \/>\n<meta property=\"og:locale\" content=\"en_US\" \/>\n<meta property=\"og:type\" content=\"article\" \/>\n<meta property=\"og:title\" content=\"Sindoqa Re\u015fa PKK\u00ea li \u015eengal\u00ea hat hedefkirin - Darka Maz\u00ee\" \/>\n<meta property=\"og:description\" content=\"[darkamazi_row][darkamazi_column][darkamazi_column_text] Balefir\u00ean Tirkiy\u00ea \u00eero li yek ji tax\u00ean \u015eengal\u00ea \u00ear\u00ee\u015feke as\u00eeman\u00ee encam da \u00fb berpirsek\u00ee her\u00ee mezin \u00ea PKK\u00ea y\u00ea bi nav\u00ea &#8220;Se\u00eed Hesen Se\u00eed&#8221; di trumb\u00eala w\u00ee de armanc kir \u00fb ew ku\u015ft. Gelo ev kes k\u00eeye \u00fb \u00e7ima Tirkiy\u00ea ew hedef kir? Gir\u00eeng\u00eeya w\u00ee li cem PKK\u00ea \u00fb he\u015fda \u015eeb\u00ee \u00e7\u00ee ye? Rola [&hellip;]\" \/>\n<meta property=\"og:url\" content=\"https:\/\/darkamazi.info\/archives\/1024241\" \/>\n<meta property=\"og:site_name\" content=\"Darka Maz\u00ee\" \/>\n<meta property=\"article:publisher\" content=\"https:\/\/www.facebook.com\/DarMaziKurmanci\" \/>\n<meta property=\"article:published_time\" content=\"2021-08-16T15:42:22+00:00\" \/>\n<meta property=\"og:image\" content=\"https:\/\/darkamazi.info\/file\/2021\/08\/\u0633\u0647\u200c\u0639\u06cc\u062f-\u062d\u0647\u200c\u0633\u0647\u200c\u0646-\u06cc\u0647\u200c\u0628\u0647\u200c\u0634\u0647\u200c-\u067e\u0647\u200c\u0643\u0647\u200c\u0643\u0647\u200c-\u0634\u0646\u06af\u0627\u0644-\u06cc\u0647\u200c\u0628\u0647\u200c\u0634\u0647\u200c-\u062d\u0647\u200c\u0634\u062f\u0627-\u0634\u0647\u200c\u0639\u0628\u06cc-seid-hesen-ybs-pkk-singal-hasida-sabi-6.jpg\" \/>\n\t<meta property=\"og:image:width\" content=\"900\" \/>\n\t<meta property=\"og:image:height\" content=\"497\" \/>\n\t<meta property=\"og:image:type\" content=\"image\/jpeg\" \/>\n<meta name=\"author\" content=\"darka mazi\" \/>\n<meta name=\"twitter:card\" content=\"summary_large_image\" \/>\n<meta name=\"twitter:creator\" content=\"@DarkaMaziLatini\" \/>\n<meta name=\"twitter:site\" content=\"@DarkaMaziLatini\" \/>\n<meta name=\"twitter:label1\" content=\"Written by\" \/>\n\t<meta name=\"twitter:data1\" content=\"darka mazi\" \/>\n\t<meta name=\"twitter:label2\" content=\"Est. reading time\" \/>\n\t<meta name=\"twitter:data2\" content=\"4 minutes\" \/>\n<script type=\"application\/ld+json\" class=\"seo-schema-graph\">{\"@context\":\"https:\\\/\\\/schema.org\",\"@graph\":[{\"@type\":\"Article\",\"@id\":\"https:\\\/\\\/darkamazi.info\\\/archives\\\/1024241#article\",\"isPartOf\":{\"@id\":\"https:\\\/\\\/darkamazi.info\\\/archives\\\/1024241\"},\"author\":{\"name\":\"darka mazi\",\"@id\":\"https:\\\/\\\/darkamazi.info\\\/#\\\/schema\\\/person\\\/5ad3e24553a0567993fa8ed4bd0a776c\"},\"headline\":\"Sindoqa Re\u015fa PKK\u00ea li \u015eengal\u00ea hat hedefkirin\",\"datePublished\":\"2021-08-16T15:42:22+00:00\",\"mainEntityOfPage\":{\"@id\":\"https:\\\/\\\/darkamazi.info\\\/archives\\\/1024241\"},\"wordCount\":880,\"publisher\":{\"@id\":\"https:\\\/\\\/darkamazi.info\\\/#organization\"},\"image\":{\"@id\":\"https:\\\/\\\/darkamazi.info\\\/archives\\\/1024241#primaryimage\"},\"thumbnailUrl\":\"https:\\\/\\\/darkamazi.info\\\/darka-content\\\/uploads\\\/2021\\\/08\\\/\u0633\u0647\u200c\u0639\u06cc\u062f-\u062d\u0647\u200c\u0633\u0647\u200c\u0646-\u06cc\u0647\u200c\u0628\u0647\u200c\u0634\u0647\u200c-\u067e\u0647\u200c\u0643\u0647\u200c\u0643\u0647\u200c-\u0634\u0646\u06af\u0627\u0644-\u06cc\u0647\u200c\u0628\u0647\u200c\u0634\u0647\u200c-\u062d\u0647\u200c\u0634\u062f\u0627-\u0634\u0647\u200c\u0639\u0628\u06cc-seid-hesen-ybs-pkk-singal-hasida-sabi-6.jpg\",\"keywords\":[\"sereke\",\"\u015eingal\"],\"articleSection\":[\"Nih\u00ean\u00ee\"],\"inLanguage\":\"en-US\"},{\"@type\":\"WebPage\",\"@id\":\"https:\\\/\\\/darkamazi.info\\\/archives\\\/1024241\",\"url\":\"https:\\\/\\\/darkamazi.info\\\/archives\\\/1024241\",\"name\":\"Sindoqa Re\u015fa PKK\u00ea li \u015eengal\u00ea hat hedefkirin - Darka Maz\u00ee\",\"isPartOf\":{\"@id\":\"https:\\\/\\\/darkamazi.info\\\/#website\"},\"primaryImageOfPage\":{\"@id\":\"https:\\\/\\\/darkamazi.info\\\/archives\\\/1024241#primaryimage\"},\"image\":{\"@id\":\"https:\\\/\\\/darkamazi.info\\\/archives\\\/1024241#primaryimage\"},\"thumbnailUrl\":\"https:\\\/\\\/darkamazi.info\\\/darka-content\\\/uploads\\\/2021\\\/08\\\/\u0633\u0647\u200c\u0639\u06cc\u062f-\u062d\u0647\u200c\u0633\u0647\u200c\u0646-\u06cc\u0647\u200c\u0628\u0647\u200c\u0634\u0647\u200c-\u067e\u0647\u200c\u0643\u0647\u200c\u0643\u0647\u200c-\u0634\u0646\u06af\u0627\u0644-\u06cc\u0647\u200c\u0628\u0647\u200c\u0634\u0647\u200c-\u062d\u0647\u200c\u0634\u062f\u0627-\u0634\u0647\u200c\u0639\u0628\u06cc-seid-hesen-ybs-pkk-singal-hasida-sabi-6.jpg\",\"datePublished\":\"2021-08-16T15:42:22+00:00\",\"breadcrumb\":{\"@id\":\"https:\\\/\\\/darkamazi.info\\\/archives\\\/1024241#breadcrumb\"},\"inLanguage\":\"en-US\",\"potentialAction\":[{\"@type\":\"ReadAction\",\"target\":[\"https:\\\/\\\/darkamazi.info\\\/archives\\\/1024241\"]}]},{\"@type\":\"ImageObject\",\"inLanguage\":\"en-US\",\"@id\":\"https:\\\/\\\/darkamazi.info\\\/archives\\\/1024241#primaryimage\",\"url\":\"https:\\\/\\\/darkamazi.info\\\/darka-content\\\/uploads\\\/2021\\\/08\\\/\u0633\u0647\u200c\u0639\u06cc\u062f-\u062d\u0647\u200c\u0633\u0647\u200c\u0646-\u06cc\u0647\u200c\u0628\u0647\u200c\u0634\u0647\u200c-\u067e\u0647\u200c\u0643\u0647\u200c\u0643\u0647\u200c-\u0634\u0646\u06af\u0627\u0644-\u06cc\u0647\u200c\u0628\u0647\u200c\u0634\u0647\u200c-\u062d\u0647\u200c\u0634\u062f\u0627-\u0634\u0647\u200c\u0639\u0628\u06cc-seid-hesen-ybs-pkk-singal-hasida-sabi-6.jpg\",\"contentUrl\":\"https:\\\/\\\/darkamazi.info\\\/darka-content\\\/uploads\\\/2021\\\/08\\\/\u0633\u0647\u200c\u0639\u06cc\u062f-\u062d\u0647\u200c\u0633\u0647\u200c\u0646-\u06cc\u0647\u200c\u0628\u0647\u200c\u0634\u0647\u200c-\u067e\u0647\u200c\u0643\u0647\u200c\u0643\u0647\u200c-\u0634\u0646\u06af\u0627\u0644-\u06cc\u0647\u200c\u0628\u0647\u200c\u0634\u0647\u200c-\u062d\u0647\u200c\u0634\u062f\u0627-\u0634\u0647\u200c\u0639\u0628\u06cc-seid-hesen-ybs-pkk-singal-hasida-sabi-6.jpg\",\"width\":900,\"height\":497},{\"@type\":\"BreadcrumbList\",\"@id\":\"https:\\\/\\\/darkamazi.info\\\/archives\\\/1024241#breadcrumb\",\"itemListElement\":[{\"@type\":\"ListItem\",\"position\":1,\"name\":\"Home\",\"item\":\"https:\\\/\\\/darkamazi.info\\\/\"},{\"@type\":\"ListItem\",\"position\":2,\"name\":\"Sindoqa Re\u015fa PKK\u00ea li \u015eengal\u00ea hat hedefkirin\"}]},{\"@type\":\"WebSite\",\"@id\":\"https:\\\/\\\/darkamazi.info\\\/#website\",\"url\":\"https:\\\/\\\/darkamazi.info\\\/\",\"name\":\"Darka Maz\u00ee\",\"description\":\"P\u00eageha Zanyariy\u00ean Nebih\u00eest\u00ee\",\"publisher\":{\"@id\":\"https:\\\/\\\/darkamazi.info\\\/#organization\"},\"potentialAction\":[{\"@type\":\"SearchAction\",\"target\":{\"@type\":\"EntryPoint\",\"urlTemplate\":\"https:\\\/\\\/darkamazi.info\\\/?s={search_term_string}\"},\"query-input\":{\"@type\":\"PropertyValueSpecification\",\"valueRequired\":true,\"valueName\":\"search_term_string\"}}],\"inLanguage\":\"en-US\"},{\"@type\":\"Organization\",\"@id\":\"https:\\\/\\\/darkamazi.info\\\/#organization\",\"name\":\"Darka Maz\u00ee\",\"url\":\"https:\\\/\\\/darkamazi.info\\\/\",\"logo\":{\"@type\":\"ImageObject\",\"inLanguage\":\"en-US\",\"@id\":\"https:\\\/\\\/darkamazi.info\\\/#\\\/schema\\\/logo\\\/image\\\/\",\"url\":\"https:\\\/\\\/darkamazi.info\\\/darka-content\\\/uploads\\\/2017\\\/12\\\/darka-mazi-logo.png\",\"contentUrl\":\"https:\\\/\\\/darkamazi.info\\\/darka-content\\\/uploads\\\/2017\\\/12\\\/darka-mazi-logo.png\",\"width\":151,\"height\":75,\"caption\":\"Darka Maz\u00ee\"},\"image\":{\"@id\":\"https:\\\/\\\/darkamazi.info\\\/#\\\/schema\\\/logo\\\/image\\\/\"},\"sameAs\":[\"https:\\\/\\\/www.facebook.com\\\/DarMaziKurmanci\",\"https:\\\/\\\/x.com\\\/DarkaMaziLatini\",\"https:\\\/\\\/www.instagram.com\\\/darkamazi.kurmanci\\\/\",\"https:\\\/\\\/www.youtube.com\\\/channel\\\/UCa5HkTdmI8U1qCUFuTw8B2g\"]},{\"@type\":\"Person\",\"@id\":\"https:\\\/\\\/darkamazi.info\\\/#\\\/schema\\\/person\\\/5ad3e24553a0567993fa8ed4bd0a776c\",\"name\":\"darka mazi\",\"sameAs\":[\"https:\\\/\\\/darkamazi.info\\\/\"],\"url\":\"https:\\\/\\\/darkamazi.info\\\/archives\\\/author\\\/kurdi\"}]}<\/script>\n<!-- \/ Yoast SEO plugin. -->","seo_head_json":{"title":"Sindoqa Re\u015fa PKK\u00ea li \u015eengal\u00ea hat hedefkirin - Darka Maz\u00ee","robots":{"index":"index","follow":"follow","max-snippet":"max-snippet:-1","max-image-preview":"max-image-preview:large","max-video-preview":"max-video-preview:-1"},"canonical":"https:\/\/darkamazi.info\/archives\/1024241","og_locale":"en_US","og_type":"article","og_title":"Sindoqa Re\u015fa PKK\u00ea li \u015eengal\u00ea hat hedefkirin - Darka Maz\u00ee","og_description":"[darkamazi_row][darkamazi_column][darkamazi_column_text] Balefir\u00ean Tirkiy\u00ea \u00eero li yek ji tax\u00ean \u015eengal\u00ea \u00ear\u00ee\u015feke as\u00eeman\u00ee encam da \u00fb berpirsek\u00ee her\u00ee mezin \u00ea PKK\u00ea y\u00ea bi nav\u00ea &#8220;Se\u00eed Hesen Se\u00eed&#8221; di trumb\u00eala w\u00ee de armanc kir \u00fb ew ku\u015ft. Gelo ev kes k\u00eeye \u00fb \u00e7ima Tirkiy\u00ea ew hedef kir? Gir\u00eeng\u00eeya w\u00ee li cem PKK\u00ea \u00fb he\u015fda \u015eeb\u00ee \u00e7\u00ee ye? Rola [&hellip;]","og_url":"https:\/\/darkamazi.info\/archives\/1024241","og_site_name":"Darka Maz\u00ee","article_publisher":"https:\/\/www.facebook.com\/DarMaziKurmanci","article_published_time":"2021-08-16T15:42:22+00:00","og_image":[{"width":900,"height":497,"url":"https:\/\/darkamazi.info\/file\/2021\/08\/\u0633\u0647\u200c\u0639\u06cc\u062f-\u062d\u0647\u200c\u0633\u0647\u200c\u0646-\u06cc\u0647\u200c\u0628\u0647\u200c\u0634\u0647\u200c-\u067e\u0647\u200c\u0643\u0647\u200c\u0643\u0647\u200c-\u0634\u0646\u06af\u0627\u0644-\u06cc\u0647\u200c\u0628\u0647\u200c\u0634\u0647\u200c-\u062d\u0647\u200c\u0634\u062f\u0627-\u0634\u0647\u200c\u0639\u0628\u06cc-seid-hesen-ybs-pkk-singal-hasida-sabi-6.jpg","type":"image\/jpeg"}],"author":"darka mazi","twitter_card":"summary_large_image","twitter_creator":"@DarkaMaziLatini","twitter_site":"@DarkaMaziLatini","twitter_misc":{"Written by":"darka mazi","Est. reading time":"4 minutes"},"schema":{"@context":"https:\/\/schema.org","@graph":[{"@type":"Article","@id":"https:\/\/darkamazi.info\/archives\/1024241#article","isPartOf":{"@id":"https:\/\/darkamazi.info\/archives\/1024241"},"author":{"name":"darka mazi","@id":"https:\/\/darkamazi.info\/#\/schema\/person\/5ad3e24553a0567993fa8ed4bd0a776c"},"headline":"Sindoqa Re\u015fa PKK\u00ea li \u015eengal\u00ea hat hedefkirin","datePublished":"2021-08-16T15:42:22+00:00","mainEntityOfPage":{"@id":"https:\/\/darkamazi.info\/archives\/1024241"},"wordCount":880,"publisher":{"@id":"https:\/\/darkamazi.info\/#organization"},"image":{"@id":"https:\/\/darkamazi.info\/archives\/1024241#primaryimage"},"thumbnailUrl":"https:\/\/darkamazi.info\/file\/2021\/08\/\u0633\u0647\u200c\u0639\u06cc\u062f-\u062d\u0647\u200c\u0633\u0647\u200c\u0646-\u06cc\u0647\u200c\u0628\u0647\u200c\u0634\u0647\u200c-\u067e\u0647\u200c\u0643\u0647\u200c\u0643\u0647\u200c-\u0634\u0646\u06af\u0627\u0644-\u06cc\u0647\u200c\u0628\u0647\u200c\u0634\u0647\u200c-\u062d\u0647\u200c\u0634\u062f\u0627-\u0634\u0647\u200c\u0639\u0628\u06cc-seid-hesen-ybs-pkk-singal-hasida-sabi-6.jpg","keywords":["sereke","\u015eingal"],"articleSection":["Nih\u00ean\u00ee"],"inLanguage":"en-US"},{"@type":"WebPage","@id":"https:\/\/darkamazi.info\/archives\/1024241","url":"https:\/\/darkamazi.info\/archives\/1024241","name":"Sindoqa Re\u015fa PKK\u00ea li \u015eengal\u00ea hat hedefkirin - Darka Maz\u00ee","isPartOf":{"@id":"https:\/\/darkamazi.info\/#website"},"primaryImageOfPage":{"@id":"https:\/\/darkamazi.info\/archives\/1024241#primaryimage"},"image":{"@id":"https:\/\/darkamazi.info\/archives\/1024241#primaryimage"},"thumbnailUrl":"https:\/\/darkamazi.info\/file\/2021\/08\/\u0633\u0647\u200c\u0639\u06cc\u062f-\u062d\u0647\u200c\u0633\u0647\u200c\u0646-\u06cc\u0647\u200c\u0628\u0647\u200c\u0634\u0647\u200c-\u067e\u0647\u200c\u0643\u0647\u200c\u0643\u0647\u200c-\u0634\u0646\u06af\u0627\u0644-\u06cc\u0647\u200c\u0628\u0647\u200c\u0634\u0647\u200c-\u062d\u0647\u200c\u0634\u062f\u0627-\u0634\u0647\u200c\u0639\u0628\u06cc-seid-hesen-ybs-pkk-singal-hasida-sabi-6.jpg","datePublished":"2021-08-16T15:42:22+00:00","breadcrumb":{"@id":"https:\/\/darkamazi.info\/archives\/1024241#breadcrumb"},"inLanguage":"en-US","potentialAction":[{"@type":"ReadAction","target":["https:\/\/darkamazi.info\/archives\/1024241"]}]},{"@type":"ImageObject","inLanguage":"en-US","@id":"https:\/\/darkamazi.info\/archives\/1024241#primaryimage","url":"https:\/\/darkamazi.info\/file\/2021\/08\/\u0633\u0647\u200c\u0639\u06cc\u062f-\u062d\u0647\u200c\u0633\u0647\u200c\u0646-\u06cc\u0647\u200c\u0628\u0647\u200c\u0634\u0647\u200c-\u067e\u0647\u200c\u0643\u0647\u200c\u0643\u0647\u200c-\u0634\u0646\u06af\u0627\u0644-\u06cc\u0647\u200c\u0628\u0647\u200c\u0634\u0647\u200c-\u062d\u0647\u200c\u0634\u062f\u0627-\u0634\u0647\u200c\u0639\u0628\u06cc-seid-hesen-ybs-pkk-singal-hasida-sabi-6.jpg","contentUrl":"https:\/\/darkamazi.info\/file\/2021\/08\/\u0633\u0647\u200c\u0639\u06cc\u062f-\u062d\u0647\u200c\u0633\u0647\u200c\u0646-\u06cc\u0647\u200c\u0628\u0647\u200c\u0634\u0647\u200c-\u067e\u0647\u200c\u0643\u0647\u200c\u0643\u0647\u200c-\u0634\u0646\u06af\u0627\u0644-\u06cc\u0647\u200c\u0628\u0647\u200c\u0634\u0647\u200c-\u062d\u0647\u200c\u0634\u062f\u0627-\u0634\u0647\u200c\u0639\u0628\u06cc-seid-hesen-ybs-pkk-singal-hasida-sabi-6.jpg","width":900,"height":497},{"@type":"BreadcrumbList","@id":"https:\/\/darkamazi.info\/archives\/1024241#breadcrumb","itemListElement":[{"@type":"ListItem","position":1,"name":"Home","item":"https:\/\/darkamazi.info\/"},{"@type":"ListItem","position":2,"name":"Sindoqa Re\u015fa PKK\u00ea li \u015eengal\u00ea hat hedefkirin"}]},{"@type":"WebSite","@id":"https:\/\/darkamazi.info\/#website","url":"https:\/\/darkamazi.info\/","name":"Darka Maz\u00ee","description":"P\u00eageha Zanyariy\u00ean Nebih\u00eest\u00ee","publisher":{"@id":"https:\/\/darkamazi.info\/#organization"},"potentialAction":[{"@type":"SearchAction","target":{"@type":"EntryPoint","urlTemplate":"https:\/\/darkamazi.info\/?s={search_term_string}"},"query-input":{"@type":"PropertyValueSpecification","valueRequired":true,"valueName":"search_term_string"}}],"inLanguage":"en-US"},{"@type":"Organization","@id":"https:\/\/darkamazi.info\/#organization","name":"Darka Maz\u00ee","url":"https:\/\/darkamazi.info\/","logo":{"@type":"ImageObject","inLanguage":"en-US","@id":"https:\/\/darkamazi.info\/#\/schema\/logo\/image\/","url":"https:\/\/darkamazi.info\/file\/2017\/12\/darka-mazi-logo.png","contentUrl":"https:\/\/darkamazi.info\/file\/2017\/12\/darka-mazi-logo.png","width":151,"height":75,"caption":"Darka Maz\u00ee"},"image":{"@id":"https:\/\/darkamazi.info\/#\/schema\/logo\/image\/"},"sameAs":["https:\/\/www.facebook.com\/DarMaziKurmanci","https:\/\/x.com\/DarkaMaziLatini","https:\/\/www.instagram.com\/darkamazi.kurmanci\/","https:\/\/www.youtube.com\/channel\/UCa5HkTdmI8U1qCUFuTw8B2g"]},{"@type":"Person","@id":"https:\/\/darkamazi.info\/#\/schema\/person\/5ad3e24553a0567993fa8ed4bd0a776c","name":"darka mazi","sameAs":["https:\/\/darkamazi.info\/"],"url":"https:\/\/darkamazi.info\/archives\/author\/kurdi"}]}},"_links":{"self":[{"href":"https:\/\/darkamazi.info\/funavuv\/wp\/v2\/posts\/1024241","targetHints":{"allow":["GET"]}}],"collection":[{"href":"https:\/\/darkamazi.info\/funavuv\/wp\/v2\/posts"}],"about":[{"href":"https:\/\/darkamazi.info\/funavuv\/wp\/v2\/types\/post"}],"author":[{"embeddable":true,"href":"https:\/\/darkamazi.info\/funavuv\/wp\/v2\/users\/2"}],"replies":[{"embeddable":true,"href":"https:\/\/darkamazi.info\/funavuv\/wp\/v2\/comments?post=1024241"}],"version-history":[{"count":0,"href":"https:\/\/darkamazi.info\/funavuv\/wp\/v2\/posts\/1024241\/revisions"}],"wp:featuredmedia":[{"embeddable":true,"href":"https:\/\/darkamazi.info\/funavuv\/wp\/v2\/media\/1024250"}],"wp:attachment":[{"href":"https:\/\/darkamazi.info\/funavuv\/wp\/v2\/media?parent=1024241"}],"wp:term":[{"taxonomy":"category","embeddable":true,"href":"https:\/\/darkamazi.info\/funavuv\/wp\/v2\/categories?post=1024241"},{"taxonomy":"post_tag","embeddable":true,"href":"https:\/\/darkamazi.info\/funavuv\/wp\/v2\/tags?post=1024241"}],"curies":[{"name":"wp","href":"https:\/\/api.w.org\/{rel}","templated":true}]}}