{"id":1024334,"date":"2021-08-19T13:13:43","date_gmt":"2021-08-19T10:13:43","guid":{"rendered":"https:\/\/darkamazi.info\/?p=1024334"},"modified":"2021-08-19T13:13:43","modified_gmt":"2021-08-19T10:13:43","slug":"taliban-ji-welatiyan-dixwaze-ji-firingeha-kabule-derkevin","status":"publish","type":"post","link":"https:\/\/darkamazi.info\/archives\/1024334","title":{"rendered":"Tal\u00eeban ji Welat\u00eeyan Dixwaze ji Fir\u00eengeha Kabul\u00ea Derkevin"},"content":{"rendered":"<h3 style=\"text-align: justify\"><span style=\"font-family: 'arial black', sans-serif\">Ajansa n\u00fb\u00e7eyan ya Reuters\u00ea ragihand ku li fir\u00eengeha Kabul \u00fb li dora w\u00ea ji roja Yek\u015fem\u00ea vir ve 12 kes hatine ku\u015ftin.<\/span><\/h3>\n<h3 style=\"text-align: justify\">\n<span style=\"font-family: arial, helvetica, sans-serif\">Reuters\u00ea ew agah\u00ee ji zar\u00ea karbidest\u00ean NATO \u00fb Tal\u00eeban\u00ea ragihand.<\/span><\/h3>\n<h3 style=\"text-align: justify\">\n<span style=\"font-family: arial, helvetica, sans-serif\">Karbidestek\u00ee Tal\u00eeban\u00ea d\u00eeyar kir ku ew ku\u015ftin ji guleyan yan ji geremol\u00ea \u00e7\u00eab\u00fbne \u00fb bang li Afgan\u00ean maf\u00ean wan y\u00ean r\u00eaw\u00eet\u00eey\u00ean tune kir ku vegerin mal\u00ea.<\/span><\/h3>\n<h3 style=\"text-align: justify\">\n<span style=\"font-family: arial, helvetica, sans-serif\">W\u00ee karbidest\u00ea ku nav\u00ea w\u00ee nehat e\u015fkere kirin got ku ew naxwazin li fir\u00eengeh\u00ea zarar\u00ea bidin ti kes\u00ee.<\/span><\/h3>\n<h3 style=\"text-align: justify\">\n<span style=\"font-family: arial, helvetica, sans-serif\">Tal\u00eeban\u00ea roja Yek\u015fem\u00ea kontrola Kabul\u00ea xistib\u00fb bin dest\u00ea xwe \u00fb ji w\u00ea roj\u00ea vir ve li fir\u00eengeha w\u00ee bajar\u00ee geremol \u00e7\u00eadibe.<\/span><\/h3>\n","protected":false},"excerpt":{"rendered":"<p>Ajansa n\u00fb\u00e7eyan ya Reuters\u00ea ragihand ku li fir\u00eengeha Kabul \u00fb li dora w\u00ea ji roja Yek\u015fem\u00ea vir ve 12 kes hatine ku\u015ftin. Reuters\u00ea ew agah\u00ee ji zar\u00ea karbidest\u00ean NATO \u00fb Tal\u00eeban\u00ea ragihand. Karbidestek\u00ee Tal\u00eeban\u00ea d\u00eeyar kir ku ew ku\u015ftin ji guleyan yan ji geremol\u00ea \u00e7\u00eab\u00fbne \u00fb bang li Afgan\u00ean maf\u00ean wan y\u00ean r\u00eaw\u00eet\u00eey\u00ean tune kir [&hellip;]<\/p>\n","protected":false},"author":2,"featured_media":1024337,"comment_status":"closed","ping_status":"closed","sticky":false,"template":"","format":"standard","meta":{"footnotes":""},"categories":[30],"tags":[37],"class_list":["post-1024334","post","type-post","status-publish","format-standard","has-post-thumbnail","hentry","category-cihan","tag-sereke"],"blocksy_meta":[],"seo_head":"<!-- This site is optimized with the Yoast SEO plugin v27.5 - https:\/\/yoast.com\/product\/yoast-seo-wordpress\/ -->\n<title>Tal\u00eeban ji Welat\u00eeyan Dixwaze ji Fir\u00eengeha Kabul\u00ea Derkevin - Darka Maz\u00ee<\/title>\n<meta name=\"robots\" content=\"index, follow, max-snippet:-1, max-image-preview:large, max-video-preview:-1\" \/>\n<link rel=\"canonical\" href=\"https:\/\/darkamazi.info\/archives\/1024334\" \/>\n<meta property=\"og:locale\" content=\"en_US\" \/>\n<meta property=\"og:type\" content=\"article\" \/>\n<meta property=\"og:title\" content=\"Tal\u00eeban ji Welat\u00eeyan Dixwaze ji Fir\u00eengeha Kabul\u00ea Derkevin - Darka Maz\u00ee\" \/>\n<meta property=\"og:description\" content=\"Ajansa n\u00fb\u00e7eyan ya Reuters\u00ea ragihand ku li fir\u00eengeha Kabul \u00fb li dora w\u00ea ji roja Yek\u015fem\u00ea vir ve 12 kes hatine ku\u015ftin. Reuters\u00ea ew agah\u00ee ji zar\u00ea karbidest\u00ean NATO \u00fb Tal\u00eeban\u00ea ragihand. Karbidestek\u00ee Tal\u00eeban\u00ea d\u00eeyar kir ku ew ku\u015ftin ji guleyan yan ji geremol\u00ea \u00e7\u00eab\u00fbne \u00fb bang li Afgan\u00ean maf\u00ean wan y\u00ean r\u00eaw\u00eet\u00eey\u00ean tune kir [&hellip;]\" \/>\n<meta property=\"og:url\" content=\"https:\/\/darkamazi.info\/archives\/1024334\" \/>\n<meta property=\"og:site_name\" content=\"Darka Maz\u00ee\" \/>\n<meta property=\"article:publisher\" content=\"https:\/\/www.facebook.com\/DarMaziKurmanci\" \/>\n<meta property=\"article:published_time\" content=\"2021-08-19T10:13:43+00:00\" \/>\n<meta property=\"og:image\" content=\"https:\/\/darkamazi.info\/file\/2021\/08\/taliban-kabul-afghanistan-2.jpg\" \/>\n\t<meta property=\"og:image:width\" content=\"900\" \/>\n\t<meta property=\"og:image:height\" content=\"497\" \/>\n\t<meta property=\"og:image:type\" content=\"image\/jpeg\" \/>\n<meta name=\"author\" content=\"darka mazi\" \/>\n<meta name=\"twitter:card\" content=\"summary_large_image\" \/>\n<meta name=\"twitter:creator\" content=\"@DarkaMaziLatini\" \/>\n<meta name=\"twitter:site\" content=\"@DarkaMaziLatini\" \/>\n<meta name=\"twitter:label1\" content=\"Written by\" \/>\n\t<meta name=\"twitter:data1\" content=\"darka mazi\" \/>\n\t<meta name=\"twitter:label2\" content=\"Est. reading time\" \/>\n\t<meta name=\"twitter:data2\" content=\"1 minute\" \/>\n<script type=\"application\/ld+json\" class=\"seo-schema-graph\">{\"@context\":\"https:\\\/\\\/schema.org\",\"@graph\":[{\"@type\":\"Article\",\"@id\":\"https:\\\/\\\/darkamazi.info\\\/archives\\\/1024334#article\",\"isPartOf\":{\"@id\":\"https:\\\/\\\/darkamazi.info\\\/archives\\\/1024334\"},\"author\":{\"name\":\"darka mazi\",\"@id\":\"https:\\\/\\\/darkamazi.info\\\/#\\\/schema\\\/person\\\/5ad3e24553a0567993fa8ed4bd0a776c\"},\"headline\":\"Tal\u00eeban ji Welat\u00eeyan Dixwaze ji Fir\u00eengeha Kabul\u00ea Derkevin\",\"datePublished\":\"2021-08-19T10:13:43+00:00\",\"mainEntityOfPage\":{\"@id\":\"https:\\\/\\\/darkamazi.info\\\/archives\\\/1024334\"},\"wordCount\":125,\"publisher\":{\"@id\":\"https:\\\/\\\/darkamazi.info\\\/#organization\"},\"image\":{\"@id\":\"https:\\\/\\\/darkamazi.info\\\/archives\\\/1024334#primaryimage\"},\"thumbnailUrl\":\"https:\\\/\\\/darkamazi.info\\\/darka-content\\\/uploads\\\/2021\\\/08\\\/taliban-kabul-afghanistan-2.jpg\",\"keywords\":[\"sereke\"],\"articleSection\":[\"C\u00eehan\"],\"inLanguage\":\"en-US\"},{\"@type\":\"WebPage\",\"@id\":\"https:\\\/\\\/darkamazi.info\\\/archives\\\/1024334\",\"url\":\"https:\\\/\\\/darkamazi.info\\\/archives\\\/1024334\",\"name\":\"Tal\u00eeban ji Welat\u00eeyan Dixwaze ji Fir\u00eengeha Kabul\u00ea Derkevin - Darka Maz\u00ee\",\"isPartOf\":{\"@id\":\"https:\\\/\\\/darkamazi.info\\\/#website\"},\"primaryImageOfPage\":{\"@id\":\"https:\\\/\\\/darkamazi.info\\\/archives\\\/1024334#primaryimage\"},\"image\":{\"@id\":\"https:\\\/\\\/darkamazi.info\\\/archives\\\/1024334#primaryimage\"},\"thumbnailUrl\":\"https:\\\/\\\/darkamazi.info\\\/darka-content\\\/uploads\\\/2021\\\/08\\\/taliban-kabul-afghanistan-2.jpg\",\"datePublished\":\"2021-08-19T10:13:43+00:00\",\"breadcrumb\":{\"@id\":\"https:\\\/\\\/darkamazi.info\\\/archives\\\/1024334#breadcrumb\"},\"inLanguage\":\"en-US\",\"potentialAction\":[{\"@type\":\"ReadAction\",\"target\":[\"https:\\\/\\\/darkamazi.info\\\/archives\\\/1024334\"]}]},{\"@type\":\"ImageObject\",\"inLanguage\":\"en-US\",\"@id\":\"https:\\\/\\\/darkamazi.info\\\/archives\\\/1024334#primaryimage\",\"url\":\"https:\\\/\\\/darkamazi.info\\\/darka-content\\\/uploads\\\/2021\\\/08\\\/taliban-kabul-afghanistan-2.jpg\",\"contentUrl\":\"https:\\\/\\\/darkamazi.info\\\/darka-content\\\/uploads\\\/2021\\\/08\\\/taliban-kabul-afghanistan-2.jpg\",\"width\":900,\"height\":497,\"caption\":\"taliban-kabul-afghanistan (2)\"},{\"@type\":\"BreadcrumbList\",\"@id\":\"https:\\\/\\\/darkamazi.info\\\/archives\\\/1024334#breadcrumb\",\"itemListElement\":[{\"@type\":\"ListItem\",\"position\":1,\"name\":\"Home\",\"item\":\"https:\\\/\\\/darkamazi.info\\\/\"},{\"@type\":\"ListItem\",\"position\":2,\"name\":\"Tal\u00eeban ji Welat\u00eeyan Dixwaze ji Fir\u00eengeha Kabul\u00ea Derkevin\"}]},{\"@type\":\"WebSite\",\"@id\":\"https:\\\/\\\/darkamazi.info\\\/#website\",\"url\":\"https:\\\/\\\/darkamazi.info\\\/\",\"name\":\"Darka Maz\u00ee\",\"description\":\"P\u00eageha Zanyariy\u00ean Nebih\u00eest\u00ee\",\"publisher\":{\"@id\":\"https:\\\/\\\/darkamazi.info\\\/#organization\"},\"potentialAction\":[{\"@type\":\"SearchAction\",\"target\":{\"@type\":\"EntryPoint\",\"urlTemplate\":\"https:\\\/\\\/darkamazi.info\\\/?s={search_term_string}\"},\"query-input\":{\"@type\":\"PropertyValueSpecification\",\"valueRequired\":true,\"valueName\":\"search_term_string\"}}],\"inLanguage\":\"en-US\"},{\"@type\":\"Organization\",\"@id\":\"https:\\\/\\\/darkamazi.info\\\/#organization\",\"name\":\"Darka Maz\u00ee\",\"url\":\"https:\\\/\\\/darkamazi.info\\\/\",\"logo\":{\"@type\":\"ImageObject\",\"inLanguage\":\"en-US\",\"@id\":\"https:\\\/\\\/darkamazi.info\\\/#\\\/schema\\\/logo\\\/image\\\/\",\"url\":\"https:\\\/\\\/darkamazi.info\\\/darka-content\\\/uploads\\\/2017\\\/12\\\/darka-mazi-logo.png\",\"contentUrl\":\"https:\\\/\\\/darkamazi.info\\\/darka-content\\\/uploads\\\/2017\\\/12\\\/darka-mazi-logo.png\",\"width\":151,\"height\":75,\"caption\":\"Darka Maz\u00ee\"},\"image\":{\"@id\":\"https:\\\/\\\/darkamazi.info\\\/#\\\/schema\\\/logo\\\/image\\\/\"},\"sameAs\":[\"https:\\\/\\\/www.facebook.com\\\/DarMaziKurmanci\",\"https:\\\/\\\/x.com\\\/DarkaMaziLatini\",\"https:\\\/\\\/www.instagram.com\\\/darkamazi.kurmanci\\\/\",\"https:\\\/\\\/www.youtube.com\\\/channel\\\/UCa5HkTdmI8U1qCUFuTw8B2g\"]},{\"@type\":\"Person\",\"@id\":\"https:\\\/\\\/darkamazi.info\\\/#\\\/schema\\\/person\\\/5ad3e24553a0567993fa8ed4bd0a776c\",\"name\":\"darka mazi\",\"sameAs\":[\"https:\\\/\\\/darkamazi.info\\\/\"],\"url\":\"https:\\\/\\\/darkamazi.info\\\/archives\\\/author\\\/kurdi\"}]}<\/script>\n<!-- \/ Yoast SEO plugin. -->","seo_head_json":{"title":"Tal\u00eeban ji Welat\u00eeyan Dixwaze ji Fir\u00eengeha Kabul\u00ea Derkevin - Darka Maz\u00ee","robots":{"index":"index","follow":"follow","max-snippet":"max-snippet:-1","max-image-preview":"max-image-preview:large","max-video-preview":"max-video-preview:-1"},"canonical":"https:\/\/darkamazi.info\/archives\/1024334","og_locale":"en_US","og_type":"article","og_title":"Tal\u00eeban ji Welat\u00eeyan Dixwaze ji Fir\u00eengeha Kabul\u00ea Derkevin - Darka Maz\u00ee","og_description":"Ajansa n\u00fb\u00e7eyan ya Reuters\u00ea ragihand ku li fir\u00eengeha Kabul \u00fb li dora w\u00ea ji roja Yek\u015fem\u00ea vir ve 12 kes hatine ku\u015ftin. Reuters\u00ea ew agah\u00ee ji zar\u00ea karbidest\u00ean NATO \u00fb Tal\u00eeban\u00ea ragihand. Karbidestek\u00ee Tal\u00eeban\u00ea d\u00eeyar kir ku ew ku\u015ftin ji guleyan yan ji geremol\u00ea \u00e7\u00eab\u00fbne \u00fb bang li Afgan\u00ean maf\u00ean wan y\u00ean r\u00eaw\u00eet\u00eey\u00ean tune kir [&hellip;]","og_url":"https:\/\/darkamazi.info\/archives\/1024334","og_site_name":"Darka Maz\u00ee","article_publisher":"https:\/\/www.facebook.com\/DarMaziKurmanci","article_published_time":"2021-08-19T10:13:43+00:00","og_image":[{"width":900,"height":497,"url":"https:\/\/darkamazi.info\/file\/2021\/08\/taliban-kabul-afghanistan-2.jpg","type":"image\/jpeg"}],"author":"darka mazi","twitter_card":"summary_large_image","twitter_creator":"@DarkaMaziLatini","twitter_site":"@DarkaMaziLatini","twitter_misc":{"Written by":"darka mazi","Est. reading time":"1 minute"},"schema":{"@context":"https:\/\/schema.org","@graph":[{"@type":"Article","@id":"https:\/\/darkamazi.info\/archives\/1024334#article","isPartOf":{"@id":"https:\/\/darkamazi.info\/archives\/1024334"},"author":{"name":"darka mazi","@id":"https:\/\/darkamazi.info\/#\/schema\/person\/5ad3e24553a0567993fa8ed4bd0a776c"},"headline":"Tal\u00eeban ji Welat\u00eeyan Dixwaze ji Fir\u00eengeha Kabul\u00ea Derkevin","datePublished":"2021-08-19T10:13:43+00:00","mainEntityOfPage":{"@id":"https:\/\/darkamazi.info\/archives\/1024334"},"wordCount":125,"publisher":{"@id":"https:\/\/darkamazi.info\/#organization"},"image":{"@id":"https:\/\/darkamazi.info\/archives\/1024334#primaryimage"},"thumbnailUrl":"https:\/\/darkamazi.info\/file\/2021\/08\/taliban-kabul-afghanistan-2.jpg","keywords":["sereke"],"articleSection":["C\u00eehan"],"inLanguage":"en-US"},{"@type":"WebPage","@id":"https:\/\/darkamazi.info\/archives\/1024334","url":"https:\/\/darkamazi.info\/archives\/1024334","name":"Tal\u00eeban ji Welat\u00eeyan Dixwaze ji Fir\u00eengeha Kabul\u00ea Derkevin - Darka Maz\u00ee","isPartOf":{"@id":"https:\/\/darkamazi.info\/#website"},"primaryImageOfPage":{"@id":"https:\/\/darkamazi.info\/archives\/1024334#primaryimage"},"image":{"@id":"https:\/\/darkamazi.info\/archives\/1024334#primaryimage"},"thumbnailUrl":"https:\/\/darkamazi.info\/file\/2021\/08\/taliban-kabul-afghanistan-2.jpg","datePublished":"2021-08-19T10:13:43+00:00","breadcrumb":{"@id":"https:\/\/darkamazi.info\/archives\/1024334#breadcrumb"},"inLanguage":"en-US","potentialAction":[{"@type":"ReadAction","target":["https:\/\/darkamazi.info\/archives\/1024334"]}]},{"@type":"ImageObject","inLanguage":"en-US","@id":"https:\/\/darkamazi.info\/archives\/1024334#primaryimage","url":"https:\/\/darkamazi.info\/file\/2021\/08\/taliban-kabul-afghanistan-2.jpg","contentUrl":"https:\/\/darkamazi.info\/file\/2021\/08\/taliban-kabul-afghanistan-2.jpg","width":900,"height":497,"caption":"taliban-kabul-afghanistan (2)"},{"@type":"BreadcrumbList","@id":"https:\/\/darkamazi.info\/archives\/1024334#breadcrumb","itemListElement":[{"@type":"ListItem","position":1,"name":"Home","item":"https:\/\/darkamazi.info\/"},{"@type":"ListItem","position":2,"name":"Tal\u00eeban ji Welat\u00eeyan Dixwaze ji Fir\u00eengeha Kabul\u00ea Derkevin"}]},{"@type":"WebSite","@id":"https:\/\/darkamazi.info\/#website","url":"https:\/\/darkamazi.info\/","name":"Darka Maz\u00ee","description":"P\u00eageha Zanyariy\u00ean Nebih\u00eest\u00ee","publisher":{"@id":"https:\/\/darkamazi.info\/#organization"},"potentialAction":[{"@type":"SearchAction","target":{"@type":"EntryPoint","urlTemplate":"https:\/\/darkamazi.info\/?s={search_term_string}"},"query-input":{"@type":"PropertyValueSpecification","valueRequired":true,"valueName":"search_term_string"}}],"inLanguage":"en-US"},{"@type":"Organization","@id":"https:\/\/darkamazi.info\/#organization","name":"Darka Maz\u00ee","url":"https:\/\/darkamazi.info\/","logo":{"@type":"ImageObject","inLanguage":"en-US","@id":"https:\/\/darkamazi.info\/#\/schema\/logo\/image\/","url":"https:\/\/darkamazi.info\/file\/2017\/12\/darka-mazi-logo.png","contentUrl":"https:\/\/darkamazi.info\/file\/2017\/12\/darka-mazi-logo.png","width":151,"height":75,"caption":"Darka Maz\u00ee"},"image":{"@id":"https:\/\/darkamazi.info\/#\/schema\/logo\/image\/"},"sameAs":["https:\/\/www.facebook.com\/DarMaziKurmanci","https:\/\/x.com\/DarkaMaziLatini","https:\/\/www.instagram.com\/darkamazi.kurmanci\/","https:\/\/www.youtube.com\/channel\/UCa5HkTdmI8U1qCUFuTw8B2g"]},{"@type":"Person","@id":"https:\/\/darkamazi.info\/#\/schema\/person\/5ad3e24553a0567993fa8ed4bd0a776c","name":"darka mazi","sameAs":["https:\/\/darkamazi.info\/"],"url":"https:\/\/darkamazi.info\/archives\/author\/kurdi"}]}},"_links":{"self":[{"href":"https:\/\/darkamazi.info\/funavuv\/wp\/v2\/posts\/1024334","targetHints":{"allow":["GET"]}}],"collection":[{"href":"https:\/\/darkamazi.info\/funavuv\/wp\/v2\/posts"}],"about":[{"href":"https:\/\/darkamazi.info\/funavuv\/wp\/v2\/types\/post"}],"author":[{"embeddable":true,"href":"https:\/\/darkamazi.info\/funavuv\/wp\/v2\/users\/2"}],"replies":[{"embeddable":true,"href":"https:\/\/darkamazi.info\/funavuv\/wp\/v2\/comments?post=1024334"}],"version-history":[{"count":0,"href":"https:\/\/darkamazi.info\/funavuv\/wp\/v2\/posts\/1024334\/revisions"}],"wp:featuredmedia":[{"embeddable":true,"href":"https:\/\/darkamazi.info\/funavuv\/wp\/v2\/media\/1024337"}],"wp:attachment":[{"href":"https:\/\/darkamazi.info\/funavuv\/wp\/v2\/media?parent=1024334"}],"wp:term":[{"taxonomy":"category","embeddable":true,"href":"https:\/\/darkamazi.info\/funavuv\/wp\/v2\/categories?post=1024334"},{"taxonomy":"post_tag","embeddable":true,"href":"https:\/\/darkamazi.info\/funavuv\/wp\/v2\/tags?post=1024334"}],"curies":[{"name":"wp","href":"https:\/\/api.w.org\/{rel}","templated":true}]}}