{"id":1024460,"date":"2021-08-24T21:48:41","date_gmt":"2021-08-24T18:48:41","guid":{"rendered":"https:\/\/darkamazi.info\/?p=1024460"},"modified":"2021-09-09T18:41:27","modified_gmt":"2021-09-09T15:41:27","slug":"qewimi-bafil-ewladen-sex-cengi-terra-u-berra-kirin","status":"publish","type":"post","link":"https:\/\/darkamazi.info\/archives\/1024460","title":{"rendered":"Qewim\u00ee Bafil ewlad\u00ean \u015e\u00eax Ceng\u00ee terra \u00fb berra kirin!!"},"content":{"rendered":"<h3 style=\"text-align: justify;\"><span style=\"font-family: 'arial black', sans-serif;\">Lekol\u00een \u00fb taq\u00eeba Bafil Taleban\u00ee li ser mulk \u00fb saman\u00ea ewlad\u00ean \u015e\u00eax Ceng\u00ee dewam dikin, her\u00ee daw\u00ee Bafil dest\u00ea xwe dan\u00eeye ser tev mulk \u00fb saman\u00ea wan y\u00ea li Bexday\u00ea, Aras \u015e\u00eax Ceng\u00ee y\u00ea biray\u00ea Lahur j\u00ee li Bexday\u00ea ji ber Bafil reviya ye.<\/span><\/h3>\n<h3 style=\"text-align: justify;\"><span style=\"font-family: arial, helvetica, sans-serif;\">P\u00eageha \u201cDarka Maz\u00ee\u201d agahy\u00ean her\u00ee taybet li derbara lekol\u00eena Bafil Taleban\u00ee li ser mulk \u00fb saman\u00ea Lahur \u015e\u00eax ceng\u00ee hevserok\u00ea derxist\u00ee y\u00ea YNK\u00ea bi dest xistine \u00fb kan\u00ea bi tu away\u00ee li Bexday\u00ea dest\u00ea xwe dan\u00eeye ser ko\u00e7k \u00fb v\u00ealay\u00ean ewlad\u00ean \u015e\u00eax Ceng\u00ee.<\/span><\/h3>\n<h3 style=\"text-align: center;\"><span style=\"font-family: 'arial black', sans-serif; color: #870101;\">V\u00ealaya Lahur ya li n\u00eaz\u00ee ko\u00e7ka serokatiy\u00ea bir<\/span><\/h3>\n<h3 style=\"text-align: justify;\"><span style=\"font-family: arial, helvetica, sans-serif;\">\u00c7avkaniy\u00ean p\u00eageha me li Bexday\u00ea dest n\u00ee\u015fan kirine ku li roja 7\/8\/2021an, Bafil Taleban\u00ee berpirs\u00ea karg\u00ear\u00ee y\u00ea ko\u00e7k\u00ean Celal Taleban\u00ee li Bexda a paytexta \u00ceraq\u00ea erikdar kir ku taq\u00eeba mulk \u00fb saman\u00ea ewlad\u00ean \u015e\u00eax Ceng\u00ee bi taybet y\u00ean Lahur li Bexday\u00ea bike.<\/span><\/h3>\n<h3 style=\"text-align: justify;\"><span style=\"font-family: arial, helvetica, sans-serif;\">Berpirs\u00ea ko\u00e7k\u00ean Celal Taleban\u00ee ku nav\u00ea w\u00ee Dil\u015fad e \u00fb bi kod nav\u00ea \u201cDil\u015fad \u00cedare\u201d t\u00ea nas kirin, li heman roj\u00ea serdana Em\u00eed \u201cSalar Heme Xan\u201d fermandar\u00ea l\u00eewaya 2 a serokt\u00eeya komar\u00ea kir\u00eeye \u00fb j\u00eare got\u00eeye: Fermana Bafil bi min reye, ez dixwazim her \u00e7i agah\u00eeyeke we li derbara mulk \u00fb saman\u00ea ewlad\u00ean \u015e\u00eax Ceng\u00ee hebe bidin, serok Bafil ferman day\u00ee ye ev mulk b\u00ean girtin\u00bb.<\/span><\/h3>\n<h3 style=\"text-align: center;\"><span style=\"font-family: 'arial black', sans-serif; color: #870101;\">Aras rev\u00eeyaye \u00fb \u00e7\u00fbye cem Her\u00eam Kemal Axa<\/span><\/h3>\n<h3 style=\"text-align: justify;\"><span style=\"font-family: arial, helvetica, sans-serif;\">\u00c7avkaniy\u00ean me dest n\u00ee\u015fan kirine, li roja 2\/8\/2021an j\u00ee, her bi fermana Bafil Taleban\u00ee fewceke esker\u00ee a gir\u00eaday\u00ee sekreter\u00eeya taybet a mala Celal Taleban\u00ee li Bexday\u00ea, bir\u00eeye ser ko\u00e7ka Lahur \u015e\u00eax Ceng\u00ee li nav\u00e7eya Cadiriy\u00ea ku dikeve di \u00e7argo\u015feya serokt\u00eeya komar\u00ea de.<\/span><\/h3>\n<h3 style=\"text-align: justify;\"><span style=\"font-family: arial, helvetica, sans-serif;\">Agahiy\u00ean ku gih\u00ee\u015ftine p\u00eageha me xweya kirine ku li wexta gih\u00ee\u015ftina w\u00ea fewca esker\u00ee, Aras \u015e\u00eax Ceng\u00ee y\u00ea biray\u00ea Lahur li gel 8 z\u00earevan\u00ean gir\u00eaday Lahur di w\u00ea ko\u00e7k\u00ea de b\u00fbn, l\u00ea bel\u00ea Aras bi z\u00earevan\u00ean Lahur ve reviya, Aras pena ji boy Her\u00eam Kemal Axa \u00fb Fer\u00eeq Simko y\u00ea al\u00eekar\u00ea wek\u00eel\u00ea wezareta navxwe bir \u00fb li cih\u00ea wan li nav\u00e7eya cadiriy\u00ea ma.<\/span><\/h3>\n<h3 style=\"text-align: justify;\"><span style=\"font-family: arial, helvetica, sans-serif;\">H\u00eajay gotin\u00ea ye, ji roja 8 meha rab\u00fbr\u00ee ve, Bafil Taleban\u00ee \u00fb Qubad Taleban\u00ee, Lahur ceng\u00ee ji nav r\u00eaz\u00ean YNK\u00ea derxstine \u00fb b\u00ea tes\u00eer kir\u00eeye, niha j\u00ee Bafil Taleban\u00ee xwest\u00eeye Lahur Ceng\u00ee Her\u00eama Kurdistan\u00ea bi c\u00ee bi h\u00eale \u00fb beriya niha dem ji boy w\u00ee dest n\u00ee\u015fa kir b\u00fb.<\/span><\/h3>\n","protected":false},"excerpt":{"rendered":"<p>Lekol\u00een \u00fb taq\u00eeba Bafil Taleban\u00ee li ser mulk \u00fb saman\u00ea ewlad\u00ean \u015e\u00eax Ceng\u00ee dewam dikin, her\u00ee daw\u00ee Bafil dest\u00ea xwe dan\u00eeye ser tev mulk \u00fb saman\u00ea wan y\u00ea li Bexday\u00ea, Aras \u015e\u00eax Ceng\u00ee y\u00ea biray\u00ea Lahur j\u00ee li Bexday\u00ea ji ber Bafil reviya ye. P\u00eageha \u201cDarka Maz\u00ee\u201d agahy\u00ean her\u00ee taybet li derbara lekol\u00eena Bafil Taleban\u00ee [&hellip;]<\/p>\n","protected":false},"author":2,"featured_media":1024461,"comment_status":"closed","ping_status":"closed","sticky":false,"template":"","format":"standard","meta":{"footnotes":""},"categories":[40],"tags":[43,37],"class_list":["post-1024460","post","type-post","status-publish","format-standard","has-post-thumbnail","hentry","category-niheni","tag-lahur-cengi","tag-sereke"],"blocksy_meta":[],"seo_head":"<!-- This site is optimized with the Yoast SEO plugin v27.5 - https:\/\/yoast.com\/product\/yoast-seo-wordpress\/ -->\n<title>Qewim\u00ee Bafil ewlad\u00ean \u015e\u00eax Ceng\u00ee terra \u00fb berra kirin!! - Darka Maz\u00ee<\/title>\n<meta name=\"robots\" content=\"index, follow, max-snippet:-1, max-image-preview:large, max-video-preview:-1\" \/>\n<link rel=\"canonical\" href=\"https:\/\/darkamazi.info\/archives\/1024460\" \/>\n<meta property=\"og:locale\" content=\"en_US\" \/>\n<meta property=\"og:type\" content=\"article\" \/>\n<meta property=\"og:title\" content=\"Qewim\u00ee Bafil ewlad\u00ean \u015e\u00eax Ceng\u00ee terra \u00fb berra kirin!! - Darka Maz\u00ee\" \/>\n<meta property=\"og:description\" content=\"Lekol\u00een \u00fb taq\u00eeba Bafil Taleban\u00ee li ser mulk \u00fb saman\u00ea ewlad\u00ean \u015e\u00eax Ceng\u00ee dewam dikin, her\u00ee daw\u00ee Bafil dest\u00ea xwe dan\u00eeye ser tev mulk \u00fb saman\u00ea wan y\u00ea li Bexday\u00ea, Aras \u015e\u00eax Ceng\u00ee y\u00ea biray\u00ea Lahur j\u00ee li Bexday\u00ea ji ber Bafil reviya ye. P\u00eageha \u201cDarka Maz\u00ee\u201d agahy\u00ean her\u00ee taybet li derbara lekol\u00eena Bafil Taleban\u00ee [&hellip;]\" \/>\n<meta property=\"og:url\" content=\"https:\/\/darkamazi.info\/archives\/1024460\" \/>\n<meta property=\"og:site_name\" content=\"Darka Maz\u00ee\" \/>\n<meta property=\"article:publisher\" content=\"https:\/\/www.facebook.com\/DarMaziKurmanci\" \/>\n<meta property=\"article:published_time\" content=\"2021-08-24T18:48:41+00:00\" \/>\n<meta property=\"article:modified_time\" content=\"2021-09-09T15:41:27+00:00\" \/>\n<meta property=\"og:image\" content=\"https:\/\/darkamazi.info\/file\/2021\/08\/\u0628\u0627\u0641\u06b5-\u062a\u0627\u0644\u0647\u200c\u0628\u0627\u0646\u06cc-\u0644\u0627\u0647\u0648\u0631-\u0626\u0627\u0631\u0627\u0633-\u0634\u06ce\u062e-\u062c\u0647\u200c\u0646\u06af\u06cc-ynk-lahur-talebani-talabani-1.jpg\" \/>\n\t<meta property=\"og:image:width\" content=\"900\" \/>\n\t<meta property=\"og:image:height\" content=\"497\" \/>\n\t<meta property=\"og:image:type\" content=\"image\/jpeg\" \/>\n<meta name=\"author\" content=\"darka mazi\" \/>\n<meta name=\"twitter:card\" content=\"summary_large_image\" \/>\n<meta name=\"twitter:creator\" content=\"@DarkaMaziLatini\" \/>\n<meta name=\"twitter:site\" content=\"@DarkaMaziLatini\" \/>\n<meta name=\"twitter:label1\" content=\"Written by\" \/>\n\t<meta name=\"twitter:data1\" content=\"darka mazi\" \/>\n\t<meta name=\"twitter:label2\" content=\"Est. reading time\" \/>\n\t<meta name=\"twitter:data2\" content=\"2 minutes\" \/>\n<script type=\"application\/ld+json\" class=\"seo-schema-graph\">{\"@context\":\"https:\\\/\\\/schema.org\",\"@graph\":[{\"@type\":\"Article\",\"@id\":\"https:\\\/\\\/darkamazi.info\\\/archives\\\/1024460#article\",\"isPartOf\":{\"@id\":\"https:\\\/\\\/darkamazi.info\\\/archives\\\/1024460\"},\"author\":{\"name\":\"darka mazi\",\"@id\":\"https:\\\/\\\/darkamazi.info\\\/#\\\/schema\\\/person\\\/5ad3e24553a0567993fa8ed4bd0a776c\"},\"headline\":\"Qewim\u00ee Bafil ewlad\u00ean \u015e\u00eax Ceng\u00ee terra \u00fb berra kirin!!\",\"datePublished\":\"2021-08-24T18:48:41+00:00\",\"dateModified\":\"2021-09-09T15:41:27+00:00\",\"mainEntityOfPage\":{\"@id\":\"https:\\\/\\\/darkamazi.info\\\/archives\\\/1024460\"},\"wordCount\":429,\"publisher\":{\"@id\":\"https:\\\/\\\/darkamazi.info\\\/#organization\"},\"image\":{\"@id\":\"https:\\\/\\\/darkamazi.info\\\/archives\\\/1024460#primaryimage\"},\"thumbnailUrl\":\"https:\\\/\\\/darkamazi.info\\\/darka-content\\\/uploads\\\/2021\\\/08\\\/\u0628\u0627\u0641\u06b5-\u062a\u0627\u0644\u0647\u200c\u0628\u0627\u0646\u06cc-\u0644\u0627\u0647\u0648\u0631-\u0626\u0627\u0631\u0627\u0633-\u0634\u06ce\u062e-\u062c\u0647\u200c\u0646\u06af\u06cc-ynk-lahur-talebani-talabani-1.jpg\",\"keywords\":[\"Lahur Ceng\u00ee\",\"sereke\"],\"articleSection\":[\"Nih\u00ean\u00ee\"],\"inLanguage\":\"en-US\"},{\"@type\":\"WebPage\",\"@id\":\"https:\\\/\\\/darkamazi.info\\\/archives\\\/1024460\",\"url\":\"https:\\\/\\\/darkamazi.info\\\/archives\\\/1024460\",\"name\":\"Qewim\u00ee Bafil ewlad\u00ean \u015e\u00eax Ceng\u00ee terra \u00fb berra kirin!! - Darka Maz\u00ee\",\"isPartOf\":{\"@id\":\"https:\\\/\\\/darkamazi.info\\\/#website\"},\"primaryImageOfPage\":{\"@id\":\"https:\\\/\\\/darkamazi.info\\\/archives\\\/1024460#primaryimage\"},\"image\":{\"@id\":\"https:\\\/\\\/darkamazi.info\\\/archives\\\/1024460#primaryimage\"},\"thumbnailUrl\":\"https:\\\/\\\/darkamazi.info\\\/darka-content\\\/uploads\\\/2021\\\/08\\\/\u0628\u0627\u0641\u06b5-\u062a\u0627\u0644\u0647\u200c\u0628\u0627\u0646\u06cc-\u0644\u0627\u0647\u0648\u0631-\u0626\u0627\u0631\u0627\u0633-\u0634\u06ce\u062e-\u062c\u0647\u200c\u0646\u06af\u06cc-ynk-lahur-talebani-talabani-1.jpg\",\"datePublished\":\"2021-08-24T18:48:41+00:00\",\"dateModified\":\"2021-09-09T15:41:27+00:00\",\"breadcrumb\":{\"@id\":\"https:\\\/\\\/darkamazi.info\\\/archives\\\/1024460#breadcrumb\"},\"inLanguage\":\"en-US\",\"potentialAction\":[{\"@type\":\"ReadAction\",\"target\":[\"https:\\\/\\\/darkamazi.info\\\/archives\\\/1024460\"]}]},{\"@type\":\"ImageObject\",\"inLanguage\":\"en-US\",\"@id\":\"https:\\\/\\\/darkamazi.info\\\/archives\\\/1024460#primaryimage\",\"url\":\"https:\\\/\\\/darkamazi.info\\\/darka-content\\\/uploads\\\/2021\\\/08\\\/\u0628\u0627\u0641\u06b5-\u062a\u0627\u0644\u0647\u200c\u0628\u0627\u0646\u06cc-\u0644\u0627\u0647\u0648\u0631-\u0626\u0627\u0631\u0627\u0633-\u0634\u06ce\u062e-\u062c\u0647\u200c\u0646\u06af\u06cc-ynk-lahur-talebani-talabani-1.jpg\",\"contentUrl\":\"https:\\\/\\\/darkamazi.info\\\/darka-content\\\/uploads\\\/2021\\\/08\\\/\u0628\u0627\u0641\u06b5-\u062a\u0627\u0644\u0647\u200c\u0628\u0627\u0646\u06cc-\u0644\u0627\u0647\u0648\u0631-\u0626\u0627\u0631\u0627\u0633-\u0634\u06ce\u062e-\u062c\u0647\u200c\u0646\u06af\u06cc-ynk-lahur-talebani-talabani-1.jpg\",\"width\":900,\"height\":497,\"caption\":\"\u0628\u0627\u0641\u06b5-\u062a\u0627\u0644\u0647\u200c\u0628\u0627\u0646\u06cc-\u0644\u0627\u0647\u0648\u0631-\u0626\u0627\u0631\u0627\u0633-\u0634\u06ce\u062e \u062c\u0647\u200c\u0646\u06af\u06cc-ynk-lahur-talebani-talabani (1)\"},{\"@type\":\"BreadcrumbList\",\"@id\":\"https:\\\/\\\/darkamazi.info\\\/archives\\\/1024460#breadcrumb\",\"itemListElement\":[{\"@type\":\"ListItem\",\"position\":1,\"name\":\"Home\",\"item\":\"https:\\\/\\\/darkamazi.info\\\/\"},{\"@type\":\"ListItem\",\"position\":2,\"name\":\"Qewim\u00ee Bafil ewlad\u00ean \u015e\u00eax Ceng\u00ee terra \u00fb berra kirin!!\"}]},{\"@type\":\"WebSite\",\"@id\":\"https:\\\/\\\/darkamazi.info\\\/#website\",\"url\":\"https:\\\/\\\/darkamazi.info\\\/\",\"name\":\"Darka Maz\u00ee\",\"description\":\"P\u00eageha Zanyariy\u00ean Nebih\u00eest\u00ee\",\"publisher\":{\"@id\":\"https:\\\/\\\/darkamazi.info\\\/#organization\"},\"potentialAction\":[{\"@type\":\"SearchAction\",\"target\":{\"@type\":\"EntryPoint\",\"urlTemplate\":\"https:\\\/\\\/darkamazi.info\\\/?s={search_term_string}\"},\"query-input\":{\"@type\":\"PropertyValueSpecification\",\"valueRequired\":true,\"valueName\":\"search_term_string\"}}],\"inLanguage\":\"en-US\"},{\"@type\":\"Organization\",\"@id\":\"https:\\\/\\\/darkamazi.info\\\/#organization\",\"name\":\"Darka Maz\u00ee\",\"url\":\"https:\\\/\\\/darkamazi.info\\\/\",\"logo\":{\"@type\":\"ImageObject\",\"inLanguage\":\"en-US\",\"@id\":\"https:\\\/\\\/darkamazi.info\\\/#\\\/schema\\\/logo\\\/image\\\/\",\"url\":\"https:\\\/\\\/darkamazi.info\\\/darka-content\\\/uploads\\\/2017\\\/12\\\/darka-mazi-logo.png\",\"contentUrl\":\"https:\\\/\\\/darkamazi.info\\\/darka-content\\\/uploads\\\/2017\\\/12\\\/darka-mazi-logo.png\",\"width\":151,\"height\":75,\"caption\":\"Darka Maz\u00ee\"},\"image\":{\"@id\":\"https:\\\/\\\/darkamazi.info\\\/#\\\/schema\\\/logo\\\/image\\\/\"},\"sameAs\":[\"https:\\\/\\\/www.facebook.com\\\/DarMaziKurmanci\",\"https:\\\/\\\/x.com\\\/DarkaMaziLatini\",\"https:\\\/\\\/www.instagram.com\\\/darkamazi.kurmanci\\\/\",\"https:\\\/\\\/www.youtube.com\\\/channel\\\/UCa5HkTdmI8U1qCUFuTw8B2g\"]},{\"@type\":\"Person\",\"@id\":\"https:\\\/\\\/darkamazi.info\\\/#\\\/schema\\\/person\\\/5ad3e24553a0567993fa8ed4bd0a776c\",\"name\":\"darka mazi\",\"sameAs\":[\"https:\\\/\\\/darkamazi.info\\\/\"],\"url\":\"https:\\\/\\\/darkamazi.info\\\/archives\\\/author\\\/kurdi\"}]}<\/script>\n<!-- \/ Yoast SEO plugin. -->","seo_head_json":{"title":"Qewim\u00ee Bafil ewlad\u00ean \u015e\u00eax Ceng\u00ee terra \u00fb berra kirin!! - Darka Maz\u00ee","robots":{"index":"index","follow":"follow","max-snippet":"max-snippet:-1","max-image-preview":"max-image-preview:large","max-video-preview":"max-video-preview:-1"},"canonical":"https:\/\/darkamazi.info\/archives\/1024460","og_locale":"en_US","og_type":"article","og_title":"Qewim\u00ee Bafil ewlad\u00ean \u015e\u00eax Ceng\u00ee terra \u00fb berra kirin!! - Darka Maz\u00ee","og_description":"Lekol\u00een \u00fb taq\u00eeba Bafil Taleban\u00ee li ser mulk \u00fb saman\u00ea ewlad\u00ean \u015e\u00eax Ceng\u00ee dewam dikin, her\u00ee daw\u00ee Bafil dest\u00ea xwe dan\u00eeye ser tev mulk \u00fb saman\u00ea wan y\u00ea li Bexday\u00ea, Aras \u015e\u00eax Ceng\u00ee y\u00ea biray\u00ea Lahur j\u00ee li Bexday\u00ea ji ber Bafil reviya ye. P\u00eageha \u201cDarka Maz\u00ee\u201d agahy\u00ean her\u00ee taybet li derbara lekol\u00eena Bafil Taleban\u00ee [&hellip;]","og_url":"https:\/\/darkamazi.info\/archives\/1024460","og_site_name":"Darka Maz\u00ee","article_publisher":"https:\/\/www.facebook.com\/DarMaziKurmanci","article_published_time":"2021-08-24T18:48:41+00:00","article_modified_time":"2021-09-09T15:41:27+00:00","og_image":[{"width":900,"height":497,"url":"https:\/\/darkamazi.info\/file\/2021\/08\/\u0628\u0627\u0641\u06b5-\u062a\u0627\u0644\u0647\u200c\u0628\u0627\u0646\u06cc-\u0644\u0627\u0647\u0648\u0631-\u0626\u0627\u0631\u0627\u0633-\u0634\u06ce\u062e-\u062c\u0647\u200c\u0646\u06af\u06cc-ynk-lahur-talebani-talabani-1.jpg","type":"image\/jpeg"}],"author":"darka mazi","twitter_card":"summary_large_image","twitter_creator":"@DarkaMaziLatini","twitter_site":"@DarkaMaziLatini","twitter_misc":{"Written by":"darka mazi","Est. reading time":"2 minutes"},"schema":{"@context":"https:\/\/schema.org","@graph":[{"@type":"Article","@id":"https:\/\/darkamazi.info\/archives\/1024460#article","isPartOf":{"@id":"https:\/\/darkamazi.info\/archives\/1024460"},"author":{"name":"darka mazi","@id":"https:\/\/darkamazi.info\/#\/schema\/person\/5ad3e24553a0567993fa8ed4bd0a776c"},"headline":"Qewim\u00ee Bafil ewlad\u00ean \u015e\u00eax Ceng\u00ee terra \u00fb berra kirin!!","datePublished":"2021-08-24T18:48:41+00:00","dateModified":"2021-09-09T15:41:27+00:00","mainEntityOfPage":{"@id":"https:\/\/darkamazi.info\/archives\/1024460"},"wordCount":429,"publisher":{"@id":"https:\/\/darkamazi.info\/#organization"},"image":{"@id":"https:\/\/darkamazi.info\/archives\/1024460#primaryimage"},"thumbnailUrl":"https:\/\/darkamazi.info\/file\/2021\/08\/\u0628\u0627\u0641\u06b5-\u062a\u0627\u0644\u0647\u200c\u0628\u0627\u0646\u06cc-\u0644\u0627\u0647\u0648\u0631-\u0626\u0627\u0631\u0627\u0633-\u0634\u06ce\u062e-\u062c\u0647\u200c\u0646\u06af\u06cc-ynk-lahur-talebani-talabani-1.jpg","keywords":["Lahur Ceng\u00ee","sereke"],"articleSection":["Nih\u00ean\u00ee"],"inLanguage":"en-US"},{"@type":"WebPage","@id":"https:\/\/darkamazi.info\/archives\/1024460","url":"https:\/\/darkamazi.info\/archives\/1024460","name":"Qewim\u00ee Bafil ewlad\u00ean \u015e\u00eax Ceng\u00ee terra \u00fb berra kirin!! - Darka Maz\u00ee","isPartOf":{"@id":"https:\/\/darkamazi.info\/#website"},"primaryImageOfPage":{"@id":"https:\/\/darkamazi.info\/archives\/1024460#primaryimage"},"image":{"@id":"https:\/\/darkamazi.info\/archives\/1024460#primaryimage"},"thumbnailUrl":"https:\/\/darkamazi.info\/file\/2021\/08\/\u0628\u0627\u0641\u06b5-\u062a\u0627\u0644\u0647\u200c\u0628\u0627\u0646\u06cc-\u0644\u0627\u0647\u0648\u0631-\u0626\u0627\u0631\u0627\u0633-\u0634\u06ce\u062e-\u062c\u0647\u200c\u0646\u06af\u06cc-ynk-lahur-talebani-talabani-1.jpg","datePublished":"2021-08-24T18:48:41+00:00","dateModified":"2021-09-09T15:41:27+00:00","breadcrumb":{"@id":"https:\/\/darkamazi.info\/archives\/1024460#breadcrumb"},"inLanguage":"en-US","potentialAction":[{"@type":"ReadAction","target":["https:\/\/darkamazi.info\/archives\/1024460"]}]},{"@type":"ImageObject","inLanguage":"en-US","@id":"https:\/\/darkamazi.info\/archives\/1024460#primaryimage","url":"https:\/\/darkamazi.info\/file\/2021\/08\/\u0628\u0627\u0641\u06b5-\u062a\u0627\u0644\u0647\u200c\u0628\u0627\u0646\u06cc-\u0644\u0627\u0647\u0648\u0631-\u0626\u0627\u0631\u0627\u0633-\u0634\u06ce\u062e-\u062c\u0647\u200c\u0646\u06af\u06cc-ynk-lahur-talebani-talabani-1.jpg","contentUrl":"https:\/\/darkamazi.info\/file\/2021\/08\/\u0628\u0627\u0641\u06b5-\u062a\u0627\u0644\u0647\u200c\u0628\u0627\u0646\u06cc-\u0644\u0627\u0647\u0648\u0631-\u0626\u0627\u0631\u0627\u0633-\u0634\u06ce\u062e-\u062c\u0647\u200c\u0646\u06af\u06cc-ynk-lahur-talebani-talabani-1.jpg","width":900,"height":497,"caption":"\u0628\u0627\u0641\u06b5-\u062a\u0627\u0644\u0647\u200c\u0628\u0627\u0646\u06cc-\u0644\u0627\u0647\u0648\u0631-\u0626\u0627\u0631\u0627\u0633-\u0634\u06ce\u062e \u062c\u0647\u200c\u0646\u06af\u06cc-ynk-lahur-talebani-talabani (1)"},{"@type":"BreadcrumbList","@id":"https:\/\/darkamazi.info\/archives\/1024460#breadcrumb","itemListElement":[{"@type":"ListItem","position":1,"name":"Home","item":"https:\/\/darkamazi.info\/"},{"@type":"ListItem","position":2,"name":"Qewim\u00ee Bafil ewlad\u00ean \u015e\u00eax Ceng\u00ee terra \u00fb berra kirin!!"}]},{"@type":"WebSite","@id":"https:\/\/darkamazi.info\/#website","url":"https:\/\/darkamazi.info\/","name":"Darka Maz\u00ee","description":"P\u00eageha Zanyariy\u00ean Nebih\u00eest\u00ee","publisher":{"@id":"https:\/\/darkamazi.info\/#organization"},"potentialAction":[{"@type":"SearchAction","target":{"@type":"EntryPoint","urlTemplate":"https:\/\/darkamazi.info\/?s={search_term_string}"},"query-input":{"@type":"PropertyValueSpecification","valueRequired":true,"valueName":"search_term_string"}}],"inLanguage":"en-US"},{"@type":"Organization","@id":"https:\/\/darkamazi.info\/#organization","name":"Darka Maz\u00ee","url":"https:\/\/darkamazi.info\/","logo":{"@type":"ImageObject","inLanguage":"en-US","@id":"https:\/\/darkamazi.info\/#\/schema\/logo\/image\/","url":"https:\/\/darkamazi.info\/file\/2017\/12\/darka-mazi-logo.png","contentUrl":"https:\/\/darkamazi.info\/file\/2017\/12\/darka-mazi-logo.png","width":151,"height":75,"caption":"Darka Maz\u00ee"},"image":{"@id":"https:\/\/darkamazi.info\/#\/schema\/logo\/image\/"},"sameAs":["https:\/\/www.facebook.com\/DarMaziKurmanci","https:\/\/x.com\/DarkaMaziLatini","https:\/\/www.instagram.com\/darkamazi.kurmanci\/","https:\/\/www.youtube.com\/channel\/UCa5HkTdmI8U1qCUFuTw8B2g"]},{"@type":"Person","@id":"https:\/\/darkamazi.info\/#\/schema\/person\/5ad3e24553a0567993fa8ed4bd0a776c","name":"darka mazi","sameAs":["https:\/\/darkamazi.info\/"],"url":"https:\/\/darkamazi.info\/archives\/author\/kurdi"}]}},"_links":{"self":[{"href":"https:\/\/darkamazi.info\/funavuv\/wp\/v2\/posts\/1024460","targetHints":{"allow":["GET"]}}],"collection":[{"href":"https:\/\/darkamazi.info\/funavuv\/wp\/v2\/posts"}],"about":[{"href":"https:\/\/darkamazi.info\/funavuv\/wp\/v2\/types\/post"}],"author":[{"embeddable":true,"href":"https:\/\/darkamazi.info\/funavuv\/wp\/v2\/users\/2"}],"replies":[{"embeddable":true,"href":"https:\/\/darkamazi.info\/funavuv\/wp\/v2\/comments?post=1024460"}],"version-history":[{"count":0,"href":"https:\/\/darkamazi.info\/funavuv\/wp\/v2\/posts\/1024460\/revisions"}],"wp:featuredmedia":[{"embeddable":true,"href":"https:\/\/darkamazi.info\/funavuv\/wp\/v2\/media\/1024461"}],"wp:attachment":[{"href":"https:\/\/darkamazi.info\/funavuv\/wp\/v2\/media?parent=1024460"}],"wp:term":[{"taxonomy":"category","embeddable":true,"href":"https:\/\/darkamazi.info\/funavuv\/wp\/v2\/categories?post=1024460"},{"taxonomy":"post_tag","embeddable":true,"href":"https:\/\/darkamazi.info\/funavuv\/wp\/v2\/tags?post=1024460"}],"curies":[{"name":"wp","href":"https:\/\/api.w.org\/{rel}","templated":true}]}}