{"id":1024463,"date":"2021-08-25T11:40:49","date_gmt":"2021-08-25T08:40:49","guid":{"rendered":"https:\/\/darkamazi.info\/?p=1024463"},"modified":"2021-09-09T18:40:18","modified_gmt":"2021-09-09T15:40:18","slug":"mesrur-barzani-hewlen-me-ji-bo-naskirina-jenosida-enfale-berdewamin","status":"publish","type":"post","link":"https:\/\/darkamazi.info\/archives\/1024463","title":{"rendered":"Mesr\u00fbr Barzan\u00ee: Hewl\u00ean me ji bo naskirina jenos\u00eeda Enfal\u00ea berdewamin"},"content":{"rendered":"<h3 style=\"text-align: justify;\"><span style=\"font-family: 'arial black', sans-serif;\">Serokwez\u00eer\u00ea Her\u00eama Kurdistan\u00ea Mesr\u00fbr Barzan\u00ee di 33em\u00een salvegera proseya Enfala Bad\u00eenan\u00ea de peyamek belav kir \u00fb t\u00ea de ragihand, p\u00eaw\u00eest e Hik\u00fbmeta Iraq\u00ea kes\u00fbkar\u00ean qurbaniy\u00ean tawana jenos\u00eeda Enfal\u00ea qereb\u00fb bike.<\/span><\/h3>\n<h3 style=\"text-align: center;\"><span style=\"font-family: 'arial black', sans-serif; color: #850101;\">Peyama Serokwez\u00eer\u00ea Her\u00eama Kurdistan\u00ea:<\/span><\/h3>\n<h3 style=\"text-align: justify;\"><span style=\"font-family: arial, helvetica, sans-serif;\">Di s\u00ee \u00fb s\u00ea saliya enfala Bad\u00eenan\u00ea de, em qurbaniy\u00ean v\u00ea tawana hovane bi r\u00eazdar\u00ee bib\u00eer t\u00eenin ku di qonaxa daw\u00ee ya Enfalan de, rej\u00eema Beis a Iraq\u00ea dest bi proseya Enfalan li Bad\u00eenan kir \u00fb di encam\u00ea de, bi hezaran mirov\u00ean b\u00eaguneh ji p\u00eakhatey\u00ean cuda \u00ean her\u00eam\u00ea hatin \u015feh\u00eedkirin \u00fb windakirin, bi sedan gund hatin w\u00earankirin \u00fb bi dehan hezar kes j\u00ee ko\u00e7berkirin \u00fb derbiderkirin.<\/span><\/h3>\n<h3 style=\"text-align: justify;\"><span style=\"font-family: arial, helvetica, sans-serif;\">Di v\u00ea b\u00eeran\u00eena xemg\u00een de, careke din tekez dikin ku p\u00eaw\u00eest e Hik\u00fbmeta Iraq\u00ea kes\u00fbkar\u00ean qurbaniy\u00ean tawana jenos\u00eeda Enfal\u00ea qereb\u00fb bike. Em di hewl\u00ean xwe de j\u00ee berdewam dibin ji bo naskirina jenos\u00eeda Enfal\u00ea ji aliy\u00ea civaka navdewlet\u00ee ve. Herwiha Hik\u00fbmeta Her\u00eama Kurdistan\u00ea, pabendb\u00fbna xwe bi xizmetkirina z\u00eadetir a kes\u00fbkar\u00ean \u015feh\u00eed \u00fb enfalkiriyan dubare dike.<\/span><\/h3>\n<h3 style=\"text-align: justify;\"><span style=\"font-family: arial, helvetica, sans-serif;\">R\u00eaz ji bo giyan\u00ean pak \u00ean qurbaniy\u00ean jenos\u00eeda Enfalan \u00fb hem\u00fb \u015feh\u00eed\u00ean Kurdistan\u00ea<\/span><\/h3>\n","protected":false},"excerpt":{"rendered":"<p>Serokwez\u00eer\u00ea Her\u00eama Kurdistan\u00ea Mesr\u00fbr Barzan\u00ee di 33em\u00een salvegera proseya Enfala Bad\u00eenan\u00ea de peyamek belav kir \u00fb t\u00ea de ragihand, p\u00eaw\u00eest e Hik\u00fbmeta Iraq\u00ea kes\u00fbkar\u00ean qurbaniy\u00ean tawana jenos\u00eeda Enfal\u00ea qereb\u00fb bike. Peyama Serokwez\u00eer\u00ea Her\u00eama Kurdistan\u00ea: Di s\u00ee \u00fb s\u00ea saliya enfala Bad\u00eenan\u00ea de, em qurbaniy\u00ean v\u00ea tawana hovane bi r\u00eazdar\u00ee bib\u00eer t\u00eenin ku di qonaxa daw\u00ee [&hellip;]<\/p>\n","protected":false},"author":2,"featured_media":1024466,"comment_status":"closed","ping_status":"closed","sticky":false,"template":"","format":"standard","meta":{"footnotes":""},"categories":[29],"tags":[37],"class_list":["post-1024463","post","type-post","status-publish","format-standard","has-post-thumbnail","hentry","category-kurdistan","tag-sereke"],"blocksy_meta":[],"seo_head":"<!-- This site is optimized with the Yoast SEO plugin v27.5 - https:\/\/yoast.com\/product\/yoast-seo-wordpress\/ -->\n<title>Mesr\u00fbr Barzan\u00ee: Hewl\u00ean me ji bo naskirina jenos\u00eeda Enfal\u00ea berdewamin - Darka Maz\u00ee<\/title>\n<meta name=\"robots\" content=\"index, follow, max-snippet:-1, max-image-preview:large, max-video-preview:-1\" \/>\n<link rel=\"canonical\" href=\"https:\/\/darkamazi.info\/archives\/1024463\" \/>\n<meta property=\"og:locale\" content=\"en_US\" \/>\n<meta property=\"og:type\" content=\"article\" \/>\n<meta property=\"og:title\" content=\"Mesr\u00fbr Barzan\u00ee: Hewl\u00ean me ji bo naskirina jenos\u00eeda Enfal\u00ea berdewamin - Darka Maz\u00ee\" \/>\n<meta property=\"og:description\" content=\"Serokwez\u00eer\u00ea Her\u00eama Kurdistan\u00ea Mesr\u00fbr Barzan\u00ee di 33em\u00een salvegera proseya Enfala Bad\u00eenan\u00ea de peyamek belav kir \u00fb t\u00ea de ragihand, p\u00eaw\u00eest e Hik\u00fbmeta Iraq\u00ea kes\u00fbkar\u00ean qurbaniy\u00ean tawana jenos\u00eeda Enfal\u00ea qereb\u00fb bike. Peyama Serokwez\u00eer\u00ea Her\u00eama Kurdistan\u00ea: Di s\u00ee \u00fb s\u00ea saliya enfala Bad\u00eenan\u00ea de, em qurbaniy\u00ean v\u00ea tawana hovane bi r\u00eazdar\u00ee bib\u00eer t\u00eenin ku di qonaxa daw\u00ee [&hellip;]\" \/>\n<meta property=\"og:url\" content=\"https:\/\/darkamazi.info\/archives\/1024463\" \/>\n<meta property=\"og:site_name\" content=\"Darka Maz\u00ee\" \/>\n<meta property=\"article:publisher\" content=\"https:\/\/www.facebook.com\/DarMaziKurmanci\" \/>\n<meta property=\"article:published_time\" content=\"2021-08-25T08:40:49+00:00\" \/>\n<meta property=\"article:modified_time\" content=\"2021-09-09T15:40:18+00:00\" \/>\n<meta property=\"og:image\" content=\"https:\/\/darkamazi.info\/file\/2021\/08\/anfal-enfal-kurdistan.jpg\" \/>\n\t<meta property=\"og:image:width\" content=\"900\" \/>\n\t<meta property=\"og:image:height\" content=\"497\" \/>\n\t<meta property=\"og:image:type\" content=\"image\/jpeg\" \/>\n<meta name=\"author\" content=\"darka mazi\" \/>\n<meta name=\"twitter:card\" content=\"summary_large_image\" \/>\n<meta name=\"twitter:creator\" content=\"@DarkaMaziLatini\" \/>\n<meta name=\"twitter:site\" content=\"@DarkaMaziLatini\" \/>\n<meta name=\"twitter:label1\" content=\"Written by\" \/>\n\t<meta name=\"twitter:data1\" content=\"darka mazi\" \/>\n\t<meta name=\"twitter:label2\" content=\"Est. reading time\" \/>\n\t<meta name=\"twitter:data2\" content=\"1 minute\" \/>\n<script type=\"application\/ld+json\" class=\"seo-schema-graph\">{\"@context\":\"https:\\\/\\\/schema.org\",\"@graph\":[{\"@type\":\"Article\",\"@id\":\"https:\\\/\\\/darkamazi.info\\\/archives\\\/1024463#article\",\"isPartOf\":{\"@id\":\"https:\\\/\\\/darkamazi.info\\\/archives\\\/1024463\"},\"author\":{\"name\":\"darka mazi\",\"@id\":\"https:\\\/\\\/darkamazi.info\\\/#\\\/schema\\\/person\\\/5ad3e24553a0567993fa8ed4bd0a776c\"},\"headline\":\"Mesr\u00fbr Barzan\u00ee: Hewl\u00ean me ji bo naskirina jenos\u00eeda Enfal\u00ea berdewamin\",\"datePublished\":\"2021-08-25T08:40:49+00:00\",\"dateModified\":\"2021-09-09T15:40:18+00:00\",\"mainEntityOfPage\":{\"@id\":\"https:\\\/\\\/darkamazi.info\\\/archives\\\/1024463\"},\"wordCount\":227,\"publisher\":{\"@id\":\"https:\\\/\\\/darkamazi.info\\\/#organization\"},\"image\":{\"@id\":\"https:\\\/\\\/darkamazi.info\\\/archives\\\/1024463#primaryimage\"},\"thumbnailUrl\":\"https:\\\/\\\/darkamazi.info\\\/darka-content\\\/uploads\\\/2021\\\/08\\\/anfal-enfal-kurdistan.jpg\",\"keywords\":[\"sereke\"],\"articleSection\":[\"Kurdistan\"],\"inLanguage\":\"en-US\"},{\"@type\":\"WebPage\",\"@id\":\"https:\\\/\\\/darkamazi.info\\\/archives\\\/1024463\",\"url\":\"https:\\\/\\\/darkamazi.info\\\/archives\\\/1024463\",\"name\":\"Mesr\u00fbr Barzan\u00ee: Hewl\u00ean me ji bo naskirina jenos\u00eeda Enfal\u00ea berdewamin - Darka Maz\u00ee\",\"isPartOf\":{\"@id\":\"https:\\\/\\\/darkamazi.info\\\/#website\"},\"primaryImageOfPage\":{\"@id\":\"https:\\\/\\\/darkamazi.info\\\/archives\\\/1024463#primaryimage\"},\"image\":{\"@id\":\"https:\\\/\\\/darkamazi.info\\\/archives\\\/1024463#primaryimage\"},\"thumbnailUrl\":\"https:\\\/\\\/darkamazi.info\\\/darka-content\\\/uploads\\\/2021\\\/08\\\/anfal-enfal-kurdistan.jpg\",\"datePublished\":\"2021-08-25T08:40:49+00:00\",\"dateModified\":\"2021-09-09T15:40:18+00:00\",\"breadcrumb\":{\"@id\":\"https:\\\/\\\/darkamazi.info\\\/archives\\\/1024463#breadcrumb\"},\"inLanguage\":\"en-US\",\"potentialAction\":[{\"@type\":\"ReadAction\",\"target\":[\"https:\\\/\\\/darkamazi.info\\\/archives\\\/1024463\"]}]},{\"@type\":\"ImageObject\",\"inLanguage\":\"en-US\",\"@id\":\"https:\\\/\\\/darkamazi.info\\\/archives\\\/1024463#primaryimage\",\"url\":\"https:\\\/\\\/darkamazi.info\\\/darka-content\\\/uploads\\\/2021\\\/08\\\/anfal-enfal-kurdistan.jpg\",\"contentUrl\":\"https:\\\/\\\/darkamazi.info\\\/darka-content\\\/uploads\\\/2021\\\/08\\\/anfal-enfal-kurdistan.jpg\",\"width\":900,\"height\":497,\"caption\":\"anfal-enfal-kurdistan\"},{\"@type\":\"BreadcrumbList\",\"@id\":\"https:\\\/\\\/darkamazi.info\\\/archives\\\/1024463#breadcrumb\",\"itemListElement\":[{\"@type\":\"ListItem\",\"position\":1,\"name\":\"Home\",\"item\":\"https:\\\/\\\/darkamazi.info\\\/\"},{\"@type\":\"ListItem\",\"position\":2,\"name\":\"Mesr\u00fbr Barzan\u00ee: Hewl\u00ean me ji bo naskirina jenos\u00eeda Enfal\u00ea berdewamin\"}]},{\"@type\":\"WebSite\",\"@id\":\"https:\\\/\\\/darkamazi.info\\\/#website\",\"url\":\"https:\\\/\\\/darkamazi.info\\\/\",\"name\":\"Darka Maz\u00ee\",\"description\":\"P\u00eageha Zanyariy\u00ean Nebih\u00eest\u00ee\",\"publisher\":{\"@id\":\"https:\\\/\\\/darkamazi.info\\\/#organization\"},\"potentialAction\":[{\"@type\":\"SearchAction\",\"target\":{\"@type\":\"EntryPoint\",\"urlTemplate\":\"https:\\\/\\\/darkamazi.info\\\/?s={search_term_string}\"},\"query-input\":{\"@type\":\"PropertyValueSpecification\",\"valueRequired\":true,\"valueName\":\"search_term_string\"}}],\"inLanguage\":\"en-US\"},{\"@type\":\"Organization\",\"@id\":\"https:\\\/\\\/darkamazi.info\\\/#organization\",\"name\":\"Darka Maz\u00ee\",\"url\":\"https:\\\/\\\/darkamazi.info\\\/\",\"logo\":{\"@type\":\"ImageObject\",\"inLanguage\":\"en-US\",\"@id\":\"https:\\\/\\\/darkamazi.info\\\/#\\\/schema\\\/logo\\\/image\\\/\",\"url\":\"https:\\\/\\\/darkamazi.info\\\/darka-content\\\/uploads\\\/2017\\\/12\\\/darka-mazi-logo.png\",\"contentUrl\":\"https:\\\/\\\/darkamazi.info\\\/darka-content\\\/uploads\\\/2017\\\/12\\\/darka-mazi-logo.png\",\"width\":151,\"height\":75,\"caption\":\"Darka Maz\u00ee\"},\"image\":{\"@id\":\"https:\\\/\\\/darkamazi.info\\\/#\\\/schema\\\/logo\\\/image\\\/\"},\"sameAs\":[\"https:\\\/\\\/www.facebook.com\\\/DarMaziKurmanci\",\"https:\\\/\\\/x.com\\\/DarkaMaziLatini\",\"https:\\\/\\\/www.instagram.com\\\/darkamazi.kurmanci\\\/\",\"https:\\\/\\\/www.youtube.com\\\/channel\\\/UCa5HkTdmI8U1qCUFuTw8B2g\"]},{\"@type\":\"Person\",\"@id\":\"https:\\\/\\\/darkamazi.info\\\/#\\\/schema\\\/person\\\/5ad3e24553a0567993fa8ed4bd0a776c\",\"name\":\"darka mazi\",\"sameAs\":[\"https:\\\/\\\/darkamazi.info\\\/\"],\"url\":\"https:\\\/\\\/darkamazi.info\\\/archives\\\/author\\\/kurdi\"}]}<\/script>\n<!-- \/ Yoast SEO plugin. -->","seo_head_json":{"title":"Mesr\u00fbr Barzan\u00ee: Hewl\u00ean me ji bo naskirina jenos\u00eeda Enfal\u00ea berdewamin - Darka Maz\u00ee","robots":{"index":"index","follow":"follow","max-snippet":"max-snippet:-1","max-image-preview":"max-image-preview:large","max-video-preview":"max-video-preview:-1"},"canonical":"https:\/\/darkamazi.info\/archives\/1024463","og_locale":"en_US","og_type":"article","og_title":"Mesr\u00fbr Barzan\u00ee: Hewl\u00ean me ji bo naskirina jenos\u00eeda Enfal\u00ea berdewamin - Darka Maz\u00ee","og_description":"Serokwez\u00eer\u00ea Her\u00eama Kurdistan\u00ea Mesr\u00fbr Barzan\u00ee di 33em\u00een salvegera proseya Enfala Bad\u00eenan\u00ea de peyamek belav kir \u00fb t\u00ea de ragihand, p\u00eaw\u00eest e Hik\u00fbmeta Iraq\u00ea kes\u00fbkar\u00ean qurbaniy\u00ean tawana jenos\u00eeda Enfal\u00ea qereb\u00fb bike. Peyama Serokwez\u00eer\u00ea Her\u00eama Kurdistan\u00ea: Di s\u00ee \u00fb s\u00ea saliya enfala Bad\u00eenan\u00ea de, em qurbaniy\u00ean v\u00ea tawana hovane bi r\u00eazdar\u00ee bib\u00eer t\u00eenin ku di qonaxa daw\u00ee [&hellip;]","og_url":"https:\/\/darkamazi.info\/archives\/1024463","og_site_name":"Darka Maz\u00ee","article_publisher":"https:\/\/www.facebook.com\/DarMaziKurmanci","article_published_time":"2021-08-25T08:40:49+00:00","article_modified_time":"2021-09-09T15:40:18+00:00","og_image":[{"width":900,"height":497,"url":"https:\/\/darkamazi.info\/file\/2021\/08\/anfal-enfal-kurdistan.jpg","type":"image\/jpeg"}],"author":"darka mazi","twitter_card":"summary_large_image","twitter_creator":"@DarkaMaziLatini","twitter_site":"@DarkaMaziLatini","twitter_misc":{"Written by":"darka mazi","Est. reading time":"1 minute"},"schema":{"@context":"https:\/\/schema.org","@graph":[{"@type":"Article","@id":"https:\/\/darkamazi.info\/archives\/1024463#article","isPartOf":{"@id":"https:\/\/darkamazi.info\/archives\/1024463"},"author":{"name":"darka mazi","@id":"https:\/\/darkamazi.info\/#\/schema\/person\/5ad3e24553a0567993fa8ed4bd0a776c"},"headline":"Mesr\u00fbr Barzan\u00ee: Hewl\u00ean me ji bo naskirina jenos\u00eeda Enfal\u00ea berdewamin","datePublished":"2021-08-25T08:40:49+00:00","dateModified":"2021-09-09T15:40:18+00:00","mainEntityOfPage":{"@id":"https:\/\/darkamazi.info\/archives\/1024463"},"wordCount":227,"publisher":{"@id":"https:\/\/darkamazi.info\/#organization"},"image":{"@id":"https:\/\/darkamazi.info\/archives\/1024463#primaryimage"},"thumbnailUrl":"https:\/\/darkamazi.info\/file\/2021\/08\/anfal-enfal-kurdistan.jpg","keywords":["sereke"],"articleSection":["Kurdistan"],"inLanguage":"en-US"},{"@type":"WebPage","@id":"https:\/\/darkamazi.info\/archives\/1024463","url":"https:\/\/darkamazi.info\/archives\/1024463","name":"Mesr\u00fbr Barzan\u00ee: Hewl\u00ean me ji bo naskirina jenos\u00eeda Enfal\u00ea berdewamin - Darka Maz\u00ee","isPartOf":{"@id":"https:\/\/darkamazi.info\/#website"},"primaryImageOfPage":{"@id":"https:\/\/darkamazi.info\/archives\/1024463#primaryimage"},"image":{"@id":"https:\/\/darkamazi.info\/archives\/1024463#primaryimage"},"thumbnailUrl":"https:\/\/darkamazi.info\/file\/2021\/08\/anfal-enfal-kurdistan.jpg","datePublished":"2021-08-25T08:40:49+00:00","dateModified":"2021-09-09T15:40:18+00:00","breadcrumb":{"@id":"https:\/\/darkamazi.info\/archives\/1024463#breadcrumb"},"inLanguage":"en-US","potentialAction":[{"@type":"ReadAction","target":["https:\/\/darkamazi.info\/archives\/1024463"]}]},{"@type":"ImageObject","inLanguage":"en-US","@id":"https:\/\/darkamazi.info\/archives\/1024463#primaryimage","url":"https:\/\/darkamazi.info\/file\/2021\/08\/anfal-enfal-kurdistan.jpg","contentUrl":"https:\/\/darkamazi.info\/file\/2021\/08\/anfal-enfal-kurdistan.jpg","width":900,"height":497,"caption":"anfal-enfal-kurdistan"},{"@type":"BreadcrumbList","@id":"https:\/\/darkamazi.info\/archives\/1024463#breadcrumb","itemListElement":[{"@type":"ListItem","position":1,"name":"Home","item":"https:\/\/darkamazi.info\/"},{"@type":"ListItem","position":2,"name":"Mesr\u00fbr Barzan\u00ee: Hewl\u00ean me ji bo naskirina jenos\u00eeda Enfal\u00ea berdewamin"}]},{"@type":"WebSite","@id":"https:\/\/darkamazi.info\/#website","url":"https:\/\/darkamazi.info\/","name":"Darka Maz\u00ee","description":"P\u00eageha Zanyariy\u00ean Nebih\u00eest\u00ee","publisher":{"@id":"https:\/\/darkamazi.info\/#organization"},"potentialAction":[{"@type":"SearchAction","target":{"@type":"EntryPoint","urlTemplate":"https:\/\/darkamazi.info\/?s={search_term_string}"},"query-input":{"@type":"PropertyValueSpecification","valueRequired":true,"valueName":"search_term_string"}}],"inLanguage":"en-US"},{"@type":"Organization","@id":"https:\/\/darkamazi.info\/#organization","name":"Darka Maz\u00ee","url":"https:\/\/darkamazi.info\/","logo":{"@type":"ImageObject","inLanguage":"en-US","@id":"https:\/\/darkamazi.info\/#\/schema\/logo\/image\/","url":"https:\/\/darkamazi.info\/file\/2017\/12\/darka-mazi-logo.png","contentUrl":"https:\/\/darkamazi.info\/file\/2017\/12\/darka-mazi-logo.png","width":151,"height":75,"caption":"Darka Maz\u00ee"},"image":{"@id":"https:\/\/darkamazi.info\/#\/schema\/logo\/image\/"},"sameAs":["https:\/\/www.facebook.com\/DarMaziKurmanci","https:\/\/x.com\/DarkaMaziLatini","https:\/\/www.instagram.com\/darkamazi.kurmanci\/","https:\/\/www.youtube.com\/channel\/UCa5HkTdmI8U1qCUFuTw8B2g"]},{"@type":"Person","@id":"https:\/\/darkamazi.info\/#\/schema\/person\/5ad3e24553a0567993fa8ed4bd0a776c","name":"darka mazi","sameAs":["https:\/\/darkamazi.info\/"],"url":"https:\/\/darkamazi.info\/archives\/author\/kurdi"}]}},"_links":{"self":[{"href":"https:\/\/darkamazi.info\/funavuv\/wp\/v2\/posts\/1024463","targetHints":{"allow":["GET"]}}],"collection":[{"href":"https:\/\/darkamazi.info\/funavuv\/wp\/v2\/posts"}],"about":[{"href":"https:\/\/darkamazi.info\/funavuv\/wp\/v2\/types\/post"}],"author":[{"embeddable":true,"href":"https:\/\/darkamazi.info\/funavuv\/wp\/v2\/users\/2"}],"replies":[{"embeddable":true,"href":"https:\/\/darkamazi.info\/funavuv\/wp\/v2\/comments?post=1024463"}],"version-history":[{"count":0,"href":"https:\/\/darkamazi.info\/funavuv\/wp\/v2\/posts\/1024463\/revisions"}],"wp:featuredmedia":[{"embeddable":true,"href":"https:\/\/darkamazi.info\/funavuv\/wp\/v2\/media\/1024466"}],"wp:attachment":[{"href":"https:\/\/darkamazi.info\/funavuv\/wp\/v2\/media?parent=1024463"}],"wp:term":[{"taxonomy":"category","embeddable":true,"href":"https:\/\/darkamazi.info\/funavuv\/wp\/v2\/categories?post=1024463"},{"taxonomy":"post_tag","embeddable":true,"href":"https:\/\/darkamazi.info\/funavuv\/wp\/v2\/tags?post=1024463"}],"curies":[{"name":"wp","href":"https:\/\/api.w.org\/{rel}","templated":true}]}}