{"id":1024538,"date":"2021-08-28T20:09:22","date_gmt":"2021-08-28T17:09:22","guid":{"rendered":"https:\/\/darkamazi.info\/?p=1024538"},"modified":"2021-09-09T18:33:05","modified_gmt":"2021-09-09T15:33:05","slug":"emmanuel-macron-isev-te-hewlere","status":"publish","type":"post","link":"https:\/\/darkamazi.info\/archives\/1024538","title":{"rendered":"Emmanuel Macron \u00ee\u015fev t\u00ea Hewl\u00ear\u00ea"},"content":{"rendered":"<h3 style=\"text-align: justify;\"><span style=\"font-family: 'arial black', sans-serif;\">Serkomar\u00ea Fransa Emmanuel Macron ragihand, ew\u00ea \u00ee\u015fev serdana Hewl\u00eara paytexta Her\u00eama Kurdistan\u00ea bike.<\/span><\/h3>\n<h3 style=\"text-align: justify;\"><span style=\"font-family: arial, helvetica, sans-serif;\">Serkomar\u00ea Fransa Emmanuel Macron \u00eero serdana Bexday\u00ea kir \u00fb be\u015fdar\u00ee l\u00fbtkeya hevkar\u00ee \u00fb hevbe\u015fiya welat\u00ean her\u00eam\u00ee b\u00fb.<\/span><\/h3>\n<h3 style=\"text-align: justify;\"><span style=\"font-family: arial, helvetica, sans-serif;\">Pi\u015ft\u00ee civ\u00een\u00ea Macron ragihand, ew\u00ea \u00ee\u015fev serdana Hewl\u00ear\u00ea bike \u00fb bi mezin\u00ean Kurdistan\u00ea re hevd\u00eetin bike.<\/span><\/h3>\n<h3 style=\"text-align: justify;\"><span style=\"font-family: arial, helvetica, sans-serif;\">Serkomar\u00ea Fransa da zan\u00een j\u00ee, ew\u00ea her wiha serdana serbaz\u00ean Frans\u00ee y\u00ean li Her\u00eama Kurdistan\u00ea bike, pa\u015f\u00ea d\u00ea here d\u00eetina bajar\u00ea M\u00fbsil\u00ea \u00fb w\u00earankariy\u00ean DAI\u015e\u00ea bib\u00eene.<\/span><\/h3>\n","protected":false},"excerpt":{"rendered":"<p>Serkomar\u00ea Fransa Emmanuel Macron ragihand, ew\u00ea \u00ee\u015fev serdana Hewl\u00eara paytexta Her\u00eama Kurdistan\u00ea bike. Serkomar\u00ea Fransa Emmanuel Macron \u00eero serdana Bexday\u00ea kir \u00fb be\u015fdar\u00ee l\u00fbtkeya hevkar\u00ee \u00fb hevbe\u015fiya welat\u00ean her\u00eam\u00ee b\u00fb. Pi\u015ft\u00ee civ\u00een\u00ea Macron ragihand, ew\u00ea \u00ee\u015fev serdana Hewl\u00ear\u00ea bike \u00fb bi mezin\u00ean Kurdistan\u00ea re hevd\u00eetin bike. Serkomar\u00ea Fransa da zan\u00een j\u00ee, ew\u00ea her wiha serdana [&hellip;]<\/p>\n","protected":false},"author":2,"featured_media":1024540,"comment_status":"closed","ping_status":"closed","sticky":false,"template":"","format":"standard","meta":{"footnotes":""},"categories":[29],"tags":[37],"class_list":["post-1024538","post","type-post","status-publish","format-standard","has-post-thumbnail","hentry","category-kurdistan","tag-sereke"],"blocksy_meta":[],"seo_head":"<!-- This site is optimized with the Yoast SEO plugin v27.5 - https:\/\/yoast.com\/product\/yoast-seo-wordpress\/ -->\n<title>Emmanuel Macron \u00ee\u015fev t\u00ea Hewl\u00ear\u00ea - Darka Maz\u00ee<\/title>\n<meta name=\"robots\" content=\"index, follow, max-snippet:-1, max-image-preview:large, max-video-preview:-1\" \/>\n<link rel=\"canonical\" href=\"https:\/\/darkamazi.info\/archives\/1024538\" \/>\n<meta property=\"og:locale\" content=\"en_US\" \/>\n<meta property=\"og:type\" content=\"article\" \/>\n<meta property=\"og:title\" content=\"Emmanuel Macron \u00ee\u015fev t\u00ea Hewl\u00ear\u00ea - Darka Maz\u00ee\" \/>\n<meta property=\"og:description\" content=\"Serkomar\u00ea Fransa Emmanuel Macron ragihand, ew\u00ea \u00ee\u015fev serdana Hewl\u00eara paytexta Her\u00eama Kurdistan\u00ea bike. Serkomar\u00ea Fransa Emmanuel Macron \u00eero serdana Bexday\u00ea kir \u00fb be\u015fdar\u00ee l\u00fbtkeya hevkar\u00ee \u00fb hevbe\u015fiya welat\u00ean her\u00eam\u00ee b\u00fb. Pi\u015ft\u00ee civ\u00een\u00ea Macron ragihand, ew\u00ea \u00ee\u015fev serdana Hewl\u00ear\u00ea bike \u00fb bi mezin\u00ean Kurdistan\u00ea re hevd\u00eetin bike. Serkomar\u00ea Fransa da zan\u00een j\u00ee, ew\u00ea her wiha serdana [&hellip;]\" \/>\n<meta property=\"og:url\" content=\"https:\/\/darkamazi.info\/archives\/1024538\" \/>\n<meta property=\"og:site_name\" content=\"Darka Maz\u00ee\" \/>\n<meta property=\"article:publisher\" content=\"https:\/\/www.facebook.com\/DarMaziKurmanci\" \/>\n<meta property=\"article:published_time\" content=\"2021-08-28T17:09:22+00:00\" \/>\n<meta property=\"article:modified_time\" content=\"2021-09-09T15:33:05+00:00\" \/>\n<meta property=\"og:image\" content=\"https:\/\/darkamazi.info\/file\/2021\/08\/Macron-ERBIL-2.jpg\" \/>\n\t<meta property=\"og:image:width\" content=\"900\" \/>\n\t<meta property=\"og:image:height\" content=\"497\" \/>\n\t<meta property=\"og:image:type\" content=\"image\/jpeg\" \/>\n<meta name=\"author\" content=\"darka mazi\" \/>\n<meta name=\"twitter:card\" content=\"summary_large_image\" \/>\n<meta name=\"twitter:creator\" content=\"@DarkaMaziLatini\" \/>\n<meta name=\"twitter:site\" content=\"@DarkaMaziLatini\" \/>\n<meta name=\"twitter:label1\" content=\"Written by\" \/>\n\t<meta name=\"twitter:data1\" content=\"darka mazi\" \/>\n<script type=\"application\/ld+json\" class=\"seo-schema-graph\">{\"@context\":\"https:\\\/\\\/schema.org\",\"@graph\":[{\"@type\":\"Article\",\"@id\":\"https:\\\/\\\/darkamazi.info\\\/archives\\\/1024538#article\",\"isPartOf\":{\"@id\":\"https:\\\/\\\/darkamazi.info\\\/archives\\\/1024538\"},\"author\":{\"name\":\"darka mazi\",\"@id\":\"https:\\\/\\\/darkamazi.info\\\/#\\\/schema\\\/person\\\/5ad3e24553a0567993fa8ed4bd0a776c\"},\"headline\":\"Emmanuel Macron \u00ee\u015fev t\u00ea Hewl\u00ear\u00ea\",\"datePublished\":\"2021-08-28T17:09:22+00:00\",\"dateModified\":\"2021-09-09T15:33:05+00:00\",\"mainEntityOfPage\":{\"@id\":\"https:\\\/\\\/darkamazi.info\\\/archives\\\/1024538\"},\"wordCount\":95,\"publisher\":{\"@id\":\"https:\\\/\\\/darkamazi.info\\\/#organization\"},\"image\":{\"@id\":\"https:\\\/\\\/darkamazi.info\\\/archives\\\/1024538#primaryimage\"},\"thumbnailUrl\":\"https:\\\/\\\/darkamazi.info\\\/darka-content\\\/uploads\\\/2021\\\/08\\\/Macron-ERBIL-2.jpg\",\"keywords\":[\"sereke\"],\"articleSection\":[\"Kurdistan\"],\"inLanguage\":\"en-US\"},{\"@type\":\"WebPage\",\"@id\":\"https:\\\/\\\/darkamazi.info\\\/archives\\\/1024538\",\"url\":\"https:\\\/\\\/darkamazi.info\\\/archives\\\/1024538\",\"name\":\"Emmanuel Macron \u00ee\u015fev t\u00ea Hewl\u00ear\u00ea - Darka Maz\u00ee\",\"isPartOf\":{\"@id\":\"https:\\\/\\\/darkamazi.info\\\/#website\"},\"primaryImageOfPage\":{\"@id\":\"https:\\\/\\\/darkamazi.info\\\/archives\\\/1024538#primaryimage\"},\"image\":{\"@id\":\"https:\\\/\\\/darkamazi.info\\\/archives\\\/1024538#primaryimage\"},\"thumbnailUrl\":\"https:\\\/\\\/darkamazi.info\\\/darka-content\\\/uploads\\\/2021\\\/08\\\/Macron-ERBIL-2.jpg\",\"datePublished\":\"2021-08-28T17:09:22+00:00\",\"dateModified\":\"2021-09-09T15:33:05+00:00\",\"breadcrumb\":{\"@id\":\"https:\\\/\\\/darkamazi.info\\\/archives\\\/1024538#breadcrumb\"},\"inLanguage\":\"en-US\",\"potentialAction\":[{\"@type\":\"ReadAction\",\"target\":[\"https:\\\/\\\/darkamazi.info\\\/archives\\\/1024538\"]}]},{\"@type\":\"ImageObject\",\"inLanguage\":\"en-US\",\"@id\":\"https:\\\/\\\/darkamazi.info\\\/archives\\\/1024538#primaryimage\",\"url\":\"https:\\\/\\\/darkamazi.info\\\/darka-content\\\/uploads\\\/2021\\\/08\\\/Macron-ERBIL-2.jpg\",\"contentUrl\":\"https:\\\/\\\/darkamazi.info\\\/darka-content\\\/uploads\\\/2021\\\/08\\\/Macron-ERBIL-2.jpg\",\"width\":900,\"height\":497,\"caption\":\"Macron \u00ee\u015fev t\u00ea Hewl\u00ear\u00ea\"},{\"@type\":\"BreadcrumbList\",\"@id\":\"https:\\\/\\\/darkamazi.info\\\/archives\\\/1024538#breadcrumb\",\"itemListElement\":[{\"@type\":\"ListItem\",\"position\":1,\"name\":\"Home\",\"item\":\"https:\\\/\\\/darkamazi.info\\\/\"},{\"@type\":\"ListItem\",\"position\":2,\"name\":\"Emmanuel Macron \u00ee\u015fev t\u00ea Hewl\u00ear\u00ea\"}]},{\"@type\":\"WebSite\",\"@id\":\"https:\\\/\\\/darkamazi.info\\\/#website\",\"url\":\"https:\\\/\\\/darkamazi.info\\\/\",\"name\":\"Darka Maz\u00ee\",\"description\":\"P\u00eageha Zanyariy\u00ean Nebih\u00eest\u00ee\",\"publisher\":{\"@id\":\"https:\\\/\\\/darkamazi.info\\\/#organization\"},\"potentialAction\":[{\"@type\":\"SearchAction\",\"target\":{\"@type\":\"EntryPoint\",\"urlTemplate\":\"https:\\\/\\\/darkamazi.info\\\/?s={search_term_string}\"},\"query-input\":{\"@type\":\"PropertyValueSpecification\",\"valueRequired\":true,\"valueName\":\"search_term_string\"}}],\"inLanguage\":\"en-US\"},{\"@type\":\"Organization\",\"@id\":\"https:\\\/\\\/darkamazi.info\\\/#organization\",\"name\":\"Darka Maz\u00ee\",\"url\":\"https:\\\/\\\/darkamazi.info\\\/\",\"logo\":{\"@type\":\"ImageObject\",\"inLanguage\":\"en-US\",\"@id\":\"https:\\\/\\\/darkamazi.info\\\/#\\\/schema\\\/logo\\\/image\\\/\",\"url\":\"https:\\\/\\\/darkamazi.info\\\/darka-content\\\/uploads\\\/2017\\\/12\\\/darka-mazi-logo.png\",\"contentUrl\":\"https:\\\/\\\/darkamazi.info\\\/darka-content\\\/uploads\\\/2017\\\/12\\\/darka-mazi-logo.png\",\"width\":151,\"height\":75,\"caption\":\"Darka Maz\u00ee\"},\"image\":{\"@id\":\"https:\\\/\\\/darkamazi.info\\\/#\\\/schema\\\/logo\\\/image\\\/\"},\"sameAs\":[\"https:\\\/\\\/www.facebook.com\\\/DarMaziKurmanci\",\"https:\\\/\\\/x.com\\\/DarkaMaziLatini\",\"https:\\\/\\\/www.instagram.com\\\/darkamazi.kurmanci\\\/\",\"https:\\\/\\\/www.youtube.com\\\/channel\\\/UCa5HkTdmI8U1qCUFuTw8B2g\"]},{\"@type\":\"Person\",\"@id\":\"https:\\\/\\\/darkamazi.info\\\/#\\\/schema\\\/person\\\/5ad3e24553a0567993fa8ed4bd0a776c\",\"name\":\"darka mazi\",\"sameAs\":[\"https:\\\/\\\/darkamazi.info\\\/\"],\"url\":\"https:\\\/\\\/darkamazi.info\\\/archives\\\/author\\\/kurdi\"}]}<\/script>\n<!-- \/ Yoast SEO plugin. -->","seo_head_json":{"title":"Emmanuel Macron \u00ee\u015fev t\u00ea Hewl\u00ear\u00ea - Darka Maz\u00ee","robots":{"index":"index","follow":"follow","max-snippet":"max-snippet:-1","max-image-preview":"max-image-preview:large","max-video-preview":"max-video-preview:-1"},"canonical":"https:\/\/darkamazi.info\/archives\/1024538","og_locale":"en_US","og_type":"article","og_title":"Emmanuel Macron \u00ee\u015fev t\u00ea Hewl\u00ear\u00ea - Darka Maz\u00ee","og_description":"Serkomar\u00ea Fransa Emmanuel Macron ragihand, ew\u00ea \u00ee\u015fev serdana Hewl\u00eara paytexta Her\u00eama Kurdistan\u00ea bike. Serkomar\u00ea Fransa Emmanuel Macron \u00eero serdana Bexday\u00ea kir \u00fb be\u015fdar\u00ee l\u00fbtkeya hevkar\u00ee \u00fb hevbe\u015fiya welat\u00ean her\u00eam\u00ee b\u00fb. Pi\u015ft\u00ee civ\u00een\u00ea Macron ragihand, ew\u00ea \u00ee\u015fev serdana Hewl\u00ear\u00ea bike \u00fb bi mezin\u00ean Kurdistan\u00ea re hevd\u00eetin bike. Serkomar\u00ea Fransa da zan\u00een j\u00ee, ew\u00ea her wiha serdana [&hellip;]","og_url":"https:\/\/darkamazi.info\/archives\/1024538","og_site_name":"Darka Maz\u00ee","article_publisher":"https:\/\/www.facebook.com\/DarMaziKurmanci","article_published_time":"2021-08-28T17:09:22+00:00","article_modified_time":"2021-09-09T15:33:05+00:00","og_image":[{"width":900,"height":497,"url":"https:\/\/darkamazi.info\/file\/2021\/08\/Macron-ERBIL-2.jpg","type":"image\/jpeg"}],"author":"darka mazi","twitter_card":"summary_large_image","twitter_creator":"@DarkaMaziLatini","twitter_site":"@DarkaMaziLatini","twitter_misc":{"Written by":"darka mazi"},"schema":{"@context":"https:\/\/schema.org","@graph":[{"@type":"Article","@id":"https:\/\/darkamazi.info\/archives\/1024538#article","isPartOf":{"@id":"https:\/\/darkamazi.info\/archives\/1024538"},"author":{"name":"darka mazi","@id":"https:\/\/darkamazi.info\/#\/schema\/person\/5ad3e24553a0567993fa8ed4bd0a776c"},"headline":"Emmanuel Macron \u00ee\u015fev t\u00ea Hewl\u00ear\u00ea","datePublished":"2021-08-28T17:09:22+00:00","dateModified":"2021-09-09T15:33:05+00:00","mainEntityOfPage":{"@id":"https:\/\/darkamazi.info\/archives\/1024538"},"wordCount":95,"publisher":{"@id":"https:\/\/darkamazi.info\/#organization"},"image":{"@id":"https:\/\/darkamazi.info\/archives\/1024538#primaryimage"},"thumbnailUrl":"https:\/\/darkamazi.info\/file\/2021\/08\/Macron-ERBIL-2.jpg","keywords":["sereke"],"articleSection":["Kurdistan"],"inLanguage":"en-US"},{"@type":"WebPage","@id":"https:\/\/darkamazi.info\/archives\/1024538","url":"https:\/\/darkamazi.info\/archives\/1024538","name":"Emmanuel Macron \u00ee\u015fev t\u00ea Hewl\u00ear\u00ea - Darka Maz\u00ee","isPartOf":{"@id":"https:\/\/darkamazi.info\/#website"},"primaryImageOfPage":{"@id":"https:\/\/darkamazi.info\/archives\/1024538#primaryimage"},"image":{"@id":"https:\/\/darkamazi.info\/archives\/1024538#primaryimage"},"thumbnailUrl":"https:\/\/darkamazi.info\/file\/2021\/08\/Macron-ERBIL-2.jpg","datePublished":"2021-08-28T17:09:22+00:00","dateModified":"2021-09-09T15:33:05+00:00","breadcrumb":{"@id":"https:\/\/darkamazi.info\/archives\/1024538#breadcrumb"},"inLanguage":"en-US","potentialAction":[{"@type":"ReadAction","target":["https:\/\/darkamazi.info\/archives\/1024538"]}]},{"@type":"ImageObject","inLanguage":"en-US","@id":"https:\/\/darkamazi.info\/archives\/1024538#primaryimage","url":"https:\/\/darkamazi.info\/file\/2021\/08\/Macron-ERBIL-2.jpg","contentUrl":"https:\/\/darkamazi.info\/file\/2021\/08\/Macron-ERBIL-2.jpg","width":900,"height":497,"caption":"Macron \u00ee\u015fev t\u00ea Hewl\u00ear\u00ea"},{"@type":"BreadcrumbList","@id":"https:\/\/darkamazi.info\/archives\/1024538#breadcrumb","itemListElement":[{"@type":"ListItem","position":1,"name":"Home","item":"https:\/\/darkamazi.info\/"},{"@type":"ListItem","position":2,"name":"Emmanuel Macron \u00ee\u015fev t\u00ea Hewl\u00ear\u00ea"}]},{"@type":"WebSite","@id":"https:\/\/darkamazi.info\/#website","url":"https:\/\/darkamazi.info\/","name":"Darka Maz\u00ee","description":"P\u00eageha Zanyariy\u00ean Nebih\u00eest\u00ee","publisher":{"@id":"https:\/\/darkamazi.info\/#organization"},"potentialAction":[{"@type":"SearchAction","target":{"@type":"EntryPoint","urlTemplate":"https:\/\/darkamazi.info\/?s={search_term_string}"},"query-input":{"@type":"PropertyValueSpecification","valueRequired":true,"valueName":"search_term_string"}}],"inLanguage":"en-US"},{"@type":"Organization","@id":"https:\/\/darkamazi.info\/#organization","name":"Darka Maz\u00ee","url":"https:\/\/darkamazi.info\/","logo":{"@type":"ImageObject","inLanguage":"en-US","@id":"https:\/\/darkamazi.info\/#\/schema\/logo\/image\/","url":"https:\/\/darkamazi.info\/file\/2017\/12\/darka-mazi-logo.png","contentUrl":"https:\/\/darkamazi.info\/file\/2017\/12\/darka-mazi-logo.png","width":151,"height":75,"caption":"Darka Maz\u00ee"},"image":{"@id":"https:\/\/darkamazi.info\/#\/schema\/logo\/image\/"},"sameAs":["https:\/\/www.facebook.com\/DarMaziKurmanci","https:\/\/x.com\/DarkaMaziLatini","https:\/\/www.instagram.com\/darkamazi.kurmanci\/","https:\/\/www.youtube.com\/channel\/UCa5HkTdmI8U1qCUFuTw8B2g"]},{"@type":"Person","@id":"https:\/\/darkamazi.info\/#\/schema\/person\/5ad3e24553a0567993fa8ed4bd0a776c","name":"darka mazi","sameAs":["https:\/\/darkamazi.info\/"],"url":"https:\/\/darkamazi.info\/archives\/author\/kurdi"}]}},"_links":{"self":[{"href":"https:\/\/darkamazi.info\/funavuv\/wp\/v2\/posts\/1024538","targetHints":{"allow":["GET"]}}],"collection":[{"href":"https:\/\/darkamazi.info\/funavuv\/wp\/v2\/posts"}],"about":[{"href":"https:\/\/darkamazi.info\/funavuv\/wp\/v2\/types\/post"}],"author":[{"embeddable":true,"href":"https:\/\/darkamazi.info\/funavuv\/wp\/v2\/users\/2"}],"replies":[{"embeddable":true,"href":"https:\/\/darkamazi.info\/funavuv\/wp\/v2\/comments?post=1024538"}],"version-history":[{"count":0,"href":"https:\/\/darkamazi.info\/funavuv\/wp\/v2\/posts\/1024538\/revisions"}],"wp:featuredmedia":[{"embeddable":true,"href":"https:\/\/darkamazi.info\/funavuv\/wp\/v2\/media\/1024540"}],"wp:attachment":[{"href":"https:\/\/darkamazi.info\/funavuv\/wp\/v2\/media?parent=1024538"}],"wp:term":[{"taxonomy":"category","embeddable":true,"href":"https:\/\/darkamazi.info\/funavuv\/wp\/v2\/categories?post=1024538"},{"taxonomy":"post_tag","embeddable":true,"href":"https:\/\/darkamazi.info\/funavuv\/wp\/v2\/tags?post=1024538"}],"curies":[{"name":"wp","href":"https:\/\/api.w.org\/{rel}","templated":true}]}}