{"id":1024592,"date":"2021-08-31T16:14:02","date_gmt":"2021-08-31T13:14:02","guid":{"rendered":"https:\/\/darkamazi.info\/?p=1024592"},"modified":"2021-09-09T18:29:11","modified_gmt":"2021-09-09T15:29:11","slug":"jina-leheng-a-kurd-fata-res","status":"publish","type":"post","link":"https:\/\/darkamazi.info\/archives\/1024592","title":{"rendered":"Jina leheng a kurd: Fata Re\u015f"},"content":{"rendered":"<h3 style=\"text-align: justify;\"><span style=\"font-family: 'arial black', sans-serif;\">Jin\u00ean kurd di d\u00eerok\u00ea de di gelek qadan de bi serkeftina xwe ya dibe m\u00eenak derketine p\u00ea\u015f. Yek ji jin\u00ean kurd a leheng ku bi nasnameya xwe ya \u015fer derketiye p\u00ea\u015f Fata Re\u015f e. Di l\u00eeteratura Rojava de wek\u00ee Re\u00eesa E\u015f\u00eereta Kurd a Amazon, Prensesa Kurdan, \u015e\u00eara Kurdistan\u00ea, Lehenga Kurdistan\u00ea t\u00ea bib\u00eeran\u00een. Fata Re\u015f di heman dem\u00ea de li dij\u00ee qalib\u00ean zayenda civak\u00ee y\u00ean t\u00eakildar\u00ee le\u015fker\u00ee \u00fb \u015fer j\u00ee b\u00fbye m\u00eenak. Li dij\u00ee rol\u00ean baviksalar\u00ee y\u00ean kevne\u015fopiya bi salan b\u00fb m\u00eenakeke mayinde.<\/span><\/h3>\n<h3 style=\"text-align: center;\"><span style=\"color: #8c0808; font-family: 'arial black', sans-serif;\">Fata Re\u015f bal\u00ea dik\u015f\u00eene <\/span><\/h3>\n<h3 style=\"text-align: justify;\">Di derbar\u00ea zayin \u00fb mirina Fata Re\u015f de agahiy\u00ean teqez li ber destan tune ne. Fata Re\u015f xwi\u015fka Bilal\u00ea Re\u015f \u00ea serek\u00ea e\u015f\u00eereta\u00a0Sinemilli ye. Li dora sal\u00ean 1820-30&#8217;yan Fata Re\u015f dikin b\u00fbka Gund\u00ea Emiran\u00ea. D\u00eesa li dora sal\u00ean 1840&#8217;\u00ee B\u00eelal\u00ea Re\u015f di\u00e7e ser dilovaniya xwe \u00fb dewsa w\u00ee Beko Axa t\u00ea. L\u00ea bel\u00ea e\u015f\u00eeret ji ber zilma w\u00ee Beko ji axatiy\u00ea dixin \u00fb dewsa w\u00ee law\u00ea B\u00eelal\u00ea Re\u015f El\u00ee dibe axa. Ew j\u00ee p\u00eanc salan axatiy\u00ea dike \u00fb pi\u015ftre di\u00e7e ser dilovaniya xwe. E\u015f\u00eeret\u00ea pi\u015ftre Fata Re\u015f kirine serek. Dema di 1853&#8217;yan de \u015fer\u00ea Qirim\u00ea dest p\u00ea dike bi banga Osmaniyan bi li dora 300 siwar\u00ee \u00fb peyayan ji bo be\u015fdar\u00ee v\u00ee \u015fer\u00ee bibe di\u00e7e Stenbol\u00ea. Di w\u00ea dem\u00ea de \u00cengiliz \u00fb Fransiz\u00ee j\u00ee tev\u00ee Osmaniyan be\u015fdar\u00ee v\u00ee \u015fer\u00ee dibin. Di nava le\u015fker\u00ean ji Ewropay\u00ea hatine de niv\u00eeskar, rojnameger, w\u00eanesaz j\u00ee heb\u00fbne. Yek\u00eetiya m\u00eel\u00ees a di bin kontrola Fata Re\u015f de bala welatiy\u00ean Stenbol\u00ea \u00fb Rojavayiyan dik\u015f\u00eene. Ji vana yek w\u00ea dem\u00ea d\u00eerokzan\u00ea huner\u00ea Gusieppe Fossati y\u00ea tam\u00eera Ayasofyay\u00ea dikir b\u00fb. X\u00eazkirin\u00ea Gusieppe Fossati di 15&#8217;\u00ea N\u00eesana 1854&#8217;an de bi r\u00eaya Kovara L\u2019Illustration Journal Universel li ser \u00e7apemeniya Fransay\u00ea derdikeve p\u00ea\u015f. Li bin\u00ea gravur\u00ea \u2018Kara Fatima, l\u2019h\u00e9roine du Kurdistan, a\u2019 Constantinople\u2019 angot &#8216;Lehenga Kurdistan\u00ea Fata Re\u015f li Stenbol\u00ea ye&#8217; t\u00ea niv\u00eesandin.<\/h3>\n<h3 style=\"text-align: justify;\"><img loading=\"lazy\" decoding=\"async\" width=\"768\" height=\"431\" class=\"aligncenter darka-image-1024593 size-full\" src=\"https:\/\/darkamazi.info\/file\/2021\/08\/jina-kurd.jpg\" alt=\"Jina leheng a kurd: Fata Re\u015f\" srcset=\"https:\/\/darkamazi.info\/file\/2021\/08\/jina-kurd.jpg 768w, https:\/\/darkamazi.info\/file\/2021\/08\/jina-kurd-300x168.jpg 300w\" sizes=\"auto, (max-width: 768px) 100vw, 768px\" \/><\/h3>\n<h3 style=\"text-align: center;\"><span style=\"color: #8c0808; font-family: 'arial black', sans-serif;\">Pad\u00ee\u015fah ji Fata Re\u015f pirs dike \u00fb wiha dib\u00eaje:&#8221;Jineke weke te leheng \u00e7awa bi tirk\u00ee nizane? Fata Re\u015f dib\u00eaje pad\u00ee\u015fah ger te bi kurd\u00ee bizanib\u00fbya w\u00ea dem\u00ea hewce nedikir ku h\u00fbn bi tirk\u00ee bizanibin.&#8221; Ji v\u00ea gotin\u00ea j\u00ee diyar dibe ku Fata Re\u015f bi nirx\u00ean xwe y\u00ean civak\u00ee \u00fb netewey\u00ee gir\u00eaday\u00eeye.<\/span><\/h3>\n<h3 style=\"text-align: center;\"><strong><span style=\"color: #8c0808; font-family: 'arial black', sans-serif;\">Li ser Fata Re\u015f n\u00fb\u00e7e dihatin we\u015fandin <\/span><\/strong><\/h3>\n<h3 style=\"text-align: justify;\">V\u00ea sefera Fata Re\u015f bi taybet li ser medyaya Ewropay\u00ea deng dide. Di van salan de li ser hespa xwe siwar dib\u00fb \u00fb wek\u00ee &#8220;m\u00earan&#8221; li Qada Uskudar\u00ea digeriya. Di kovar \u00fb rojnameger\u00ean \u00cengiliz, Elman, Fransiz\u00ee, Sw\u00ead\u00ee, Osmaniyan \u00ean m\u00eena The \u0130llustrated London News, Globus, Le Tourdu Monde, Svenska Family-Journalen, Jiyana Jinan de li ser Fata Re\u015f n\u00fb\u00e7e dihatin we\u015fandin. Li ser v\u00ea ger\u00ea n\u00fb\u00e7eya yekem di Rojnameya The \u0130llustrated London News de bi sernava &#8216;Fata Re\u015f li Stenbol\u00ea ye&#8217; t\u00ea we\u015fandin. Di 22&#8217;y\u00ea N\u00eesana 1854&#8217;an de rojname cihek\u00ee berfireh dide serdana Fata Re\u015f a Stenbol\u00ea. Di n\u00fb\u00e7ey\u00ea de t\u00ea gotin ev jina kurd bi 300 \u015fervanan t\u00ea Stenbol\u00ea da ku bi 1&#8217;em\u00een I. Abdulmecid re hevd\u00eetin\u00ea bike \u00fb b\u00eene ziman ku ew \u00ea li gel Osmaniyan cih bigire. Li gor n\u00fb\u00e7ey\u00ea Fata Re\u015f bi eleqeyek\u00ea ji aliy\u00ea Sultan ve li qesr\u00ea hatiye p\u00ea\u015fwaz\u00eekirin. Her wiha di rojnamey\u00ea de dihat gotin hevj\u00een\u00ea Fata Re\u015f ber\u00ea ji ber bi Sultan li hev nekiriye ew av\u00eatine Zindana Kandiyay\u00ea.<\/h3>\n<h3 style=\"text-align: center;\"><span style=\"color: #8c0808; font-family: 'arial black', sans-serif;\">Di \u00e7apemeniya Elmanan de j\u00ee cih digire <\/span><\/h3>\n<h3 style=\"text-align: justify;\">Fata Re\u015f a ku di d\u00eeroka jina kurd de xwediy\u00ea cihek\u00ee gir\u00eeng e li hinek her\u00eam\u00ean kurdan wek\u00ee Fata N\u00ear j\u00ee dihat binavkirin. Li ser jiyana w\u00ea r\u00eewayet\u00ean cuda hene. Ji xeyn\u00ee \u00e7apemeniya \u00cengil\u00eez \u00fb Fransiyan di \u00e7apemeniya Elmanan de j\u00ee Fata Re\u015f cih digire. Di niv\u00eesa gravur ya di Globusa Kovara etnoloj\u00ee \u00fb antropoloji ya Elmanan de di 1868&#8217;an de behsa Fata Re\u015f t\u00ea kirin. Di vir de j\u00ee Fata Re\u015f wek\u00ee &#8220;Fata Re\u015f, eine kurdische prinzessin&#8221;, &#8220;Fata Re\u015f a Prensesa Kurdan&#8221; t\u00ea binavkirin.<\/h3>\n<h3 style=\"text-align: center;\"><span style=\"color: #8c0808; font-family: 'arial black', sans-serif;\">Cih\u00ean b\u00eahnvedan\u00ea y\u00ean li ser nav\u00ea w\u00ea <\/span><\/h3>\n<h3 style=\"text-align: justify;\">Li gor xebat\u00ean qad\u00ea y\u00ean Mehmet Bayrak Fata Re\u015f di nav kurd\u00ean Mera\u015f\u00ea de \u00eero h\u00een wek\u00ee Fata Re\u015f \u00fb Fato Pa\u015fa t\u00ea zan\u00een. Hinek kes\u00ean ji binyata w\u00ea t\u00ean pa\u015fnav\u00ea wan Fatare\u015f e. Li \u00c7iyay\u00ea Engizek\u00ea y\u00ea e\u015f\u00eereta Sinemiliya l\u00ea pir dij\u00een cih\u00ean b\u00eahnvedan\u00ea y\u00ean wek\u00ee \u00e7em \u00fb zozanan \u00ean li ser nav\u00ea w\u00ea &#8220;Nale Fatara\u015fe&#8221; hene.<\/h3>\n<h3 style=\"text-align: justify;\"><img loading=\"lazy\" decoding=\"async\" width=\"768\" height=\"431\" class=\"aligncenter darka-image-1024594 size-full\" src=\"https:\/\/darkamazi.info\/file\/2021\/08\/p5rvckxbu74mrqmrgqu8.jpg\" alt=\"Jina leheng a kurd: Fata Re\u015f\" srcset=\"https:\/\/darkamazi.info\/file\/2021\/08\/p5rvckxbu74mrqmrgqu8.jpg 768w, https:\/\/darkamazi.info\/file\/2021\/08\/p5rvckxbu74mrqmrgqu8-300x168.jpg 300w\" sizes=\"auto, (max-width: 768px) 100vw, 768px\" \/><\/h3>\n<h3 style=\"text-align: center;\"><span style=\"color: #8c0808; font-family: 'arial black', sans-serif;\">\u015eibandina Fata Re\u015f \u00fb Jeanne d\u2019Arc<\/span><\/h3>\n<h3 style=\"text-align: justify;\">Di 1881&#8217;\u00ea de di kovareke Sw\u00ead\u00ee de li ser Fata Re\u015f niv\u00eesa bi nav\u00ea &#8220;Amazonek&#8221; t\u00ea niv\u00eesandin. Di niv\u00ees\u00ea de t\u00ea gotin di sedsala me de yeka di\u015fibe Tassos Clorinda, Fata Re\u015f derketiye ser r\u00fby\u00ea erd\u00ea. Her wiha di niv\u00ees\u00ea de bal\u00ea dik\u015f\u00eenin ser \u015fibandina di navbera Jeanne d\u2019Arc \u00fb Fata Re\u015f de. L\u00eeteratura tirk\u00ee ya ber\u00ee Komar\u00ea \u00fb pi\u015ft\u00ee Komar\u00ea ya derbar\u00ea Fata Re\u015f de dibe du be\u015f. Di serdema Osmaniyan de di 1867&#8217;an de y\u00ea cara yekem bal\u00ea dik\u015f\u00eene ser Fata Re\u015f ji fermandar\u00ean Firka-i \u00cesl\u00e2hiye \u00fb wek\u00ee d\u00eerokzan t\u00ea binavkirin Ahmet Cevdet Pa\u015fa ye. Di berhema xwe ya Ma&#8217;ruzat de behsa Fata Re\u015f \u00fb e\u015f\u00eereta Cerid dike. Di nava we\u015fan\u00ean Osmaniyan de j\u00ee y\u00ea cara yekem wek\u00ee Amazon behsa Fata Re\u015f dike Ahmed Midhat Efend\u00ee ye. Ev niv\u00eesa ku niv\u00eeskar\u00ean kurd wek\u00ee \u00e7avkan\u00eey\u00ea digirin bi serniv\u00eesa &#8220;Amazon ango jin\u00ean \u015fervan&#8221; t\u00ea niv\u00eesandin. Her \u00e7iqas di hinek \u00e7avkaniya tirk\u00ee de wek\u00ee jina &#8216;tirk&#8217; derbas bibe j\u00ee ev ne rast e. Di we\u015fan\u00ean serdema komar\u00ea de nasnameya Fata Re\u015f t\u00ea ve\u015fartin \u00fb wek\u00ee jin\u00ean be\u015fdar\u00ee T\u00eako\u015f\u00eena Netewey\u00ee b\u00fbne t\u00ea binavkirin.<\/h3>\n<h3 style=\"text-align: center;\"><span style=\"color: #8c0808; font-family: 'arial black', sans-serif;\">Parastina ziman\u00ea kurd\u00ee ya ji aliy\u00ea Fata Re\u015f ve<\/span><\/h3>\n<h3 style=\"text-align: justify;\">Di j\u00eaderk\u00ean kurd\u00ee y\u00ean ber\u00ea de pir k\u00eam li nav\u00ea Fata Re\u015f t\u00ea rasthatin. Di pirt\u00fbka bi nav\u00ea Adler Von Kurdistan a Kam\u00fbran Bedirxan a di 1937&#8217;an de li Elmanyay\u00ea t\u00ea we\u015fandin nav\u00ea Fata Re\u015f derbas dibe \u00fb pesn\u00ea w\u00ea t\u00ea vedan. Pad\u00ee\u015fah ji Fata Re\u015f pirs dike \u00fb wiha dib\u00eaje:&#8221;Jineke weke te leheng \u00e7awa bi tirk\u00ee nizane? Fata Re\u015f dib\u00eaje pad\u00ee\u015fah ger te bi kurd\u00ee bizanib\u00fbya w\u00ea dem\u00ea hewce nedikir ku h\u00fbn bi tirk\u00ee bizanibin.&#8221; Ji v\u00ea gotin\u00ea j\u00ee diyar dibe ku Fata Re\u015f bi nirx\u00ean xwe y\u00ean civak\u00ee \u00fb netewey\u00ee gir\u00eaday\u00eeye.<\/h3>\n<h3 style=\"text-align: justify;\"><span style=\"color: #8c0808; font-family: 'arial black', sans-serif;\">Roza Met\u00eena<\/span><\/h3>\n","protected":false},"excerpt":{"rendered":"<p>Jin\u00ean kurd di d\u00eerok\u00ea de di gelek qadan de bi serkeftina xwe ya dibe m\u00eenak derketine p\u00ea\u015f. Yek ji jin\u00ean kurd a leheng ku bi nasnameya xwe ya \u015fer derketiye p\u00ea\u015f Fata Re\u015f e. Di l\u00eeteratura Rojava de wek\u00ee Re\u00eesa E\u015f\u00eereta Kurd a Amazon, Prensesa Kurdan, \u015e\u00eara Kurdistan\u00ea, Lehenga Kurdistan\u00ea t\u00ea bib\u00eeran\u00een. Fata Re\u015f di [&hellip;]<\/p>\n","protected":false},"author":2,"featured_media":1024595,"comment_status":"closed","ping_status":"closed","sticky":false,"template":"","format":"standard","meta":{"footnotes":""},"categories":[34,4],"tags":[37],"class_list":["post-1024592","post","type-post","status-publish","format-standard","has-post-thumbnail","hentry","category-cand-u-huner","category-hemereng","tag-sereke"],"blocksy_meta":[],"seo_head":"<!-- This site is optimized with the Yoast SEO plugin v27.5 - https:\/\/yoast.com\/product\/yoast-seo-wordpress\/ -->\n<title>Jina leheng a kurd: Fata Re\u015f - Darka Maz\u00ee<\/title>\n<meta name=\"robots\" content=\"index, follow, max-snippet:-1, max-image-preview:large, max-video-preview:-1\" \/>\n<link rel=\"canonical\" href=\"https:\/\/darkamazi.info\/archives\/1024592\" \/>\n<meta property=\"og:locale\" content=\"en_US\" \/>\n<meta property=\"og:type\" content=\"article\" \/>\n<meta property=\"og:title\" content=\"Jina leheng a kurd: Fata Re\u015f - Darka Maz\u00ee\" \/>\n<meta property=\"og:description\" content=\"Jin\u00ean kurd di d\u00eerok\u00ea de di gelek qadan de bi serkeftina xwe ya dibe m\u00eenak derketine p\u00ea\u015f. Yek ji jin\u00ean kurd a leheng ku bi nasnameya xwe ya \u015fer derketiye p\u00ea\u015f Fata Re\u015f e. Di l\u00eeteratura Rojava de wek\u00ee Re\u00eesa E\u015f\u00eereta Kurd a Amazon, Prensesa Kurdan, \u015e\u00eara Kurdistan\u00ea, Lehenga Kurdistan\u00ea t\u00ea bib\u00eeran\u00een. Fata Re\u015f di [&hellip;]\" \/>\n<meta property=\"og:url\" content=\"https:\/\/darkamazi.info\/archives\/1024592\" \/>\n<meta property=\"og:site_name\" content=\"Darka Maz\u00ee\" \/>\n<meta property=\"article:publisher\" content=\"https:\/\/www.facebook.com\/DarMaziKurmanci\" \/>\n<meta property=\"article:published_time\" content=\"2021-08-31T13:14:02+00:00\" \/>\n<meta property=\"article:modified_time\" content=\"2021-09-09T15:29:11+00:00\" \/>\n<meta property=\"og:image\" content=\"https:\/\/darkamazi.info\/file\/2021\/08\/fata-res-\u0641\u0627\u062a\u0627-\u0631\u06d5\u0634.jpg\" \/>\n\t<meta property=\"og:image:width\" content=\"900\" \/>\n\t<meta property=\"og:image:height\" content=\"497\" \/>\n\t<meta property=\"og:image:type\" content=\"image\/jpeg\" \/>\n<meta name=\"author\" content=\"darka mazi\" \/>\n<meta name=\"twitter:card\" content=\"summary_large_image\" \/>\n<meta name=\"twitter:creator\" content=\"@DarkaMaziLatini\" \/>\n<meta name=\"twitter:site\" content=\"@DarkaMaziLatini\" \/>\n<meta name=\"twitter:label1\" content=\"Written by\" \/>\n\t<meta name=\"twitter:data1\" content=\"darka mazi\" \/>\n\t<meta name=\"twitter:label2\" content=\"Est. reading time\" \/>\n\t<meta name=\"twitter:data2\" content=\"5 minutes\" \/>\n<script type=\"application\/ld+json\" class=\"seo-schema-graph\">{\"@context\":\"https:\\\/\\\/schema.org\",\"@graph\":[{\"@type\":\"Article\",\"@id\":\"https:\\\/\\\/darkamazi.info\\\/archives\\\/1024592#article\",\"isPartOf\":{\"@id\":\"https:\\\/\\\/darkamazi.info\\\/archives\\\/1024592\"},\"author\":{\"name\":\"darka mazi\",\"@id\":\"https:\\\/\\\/darkamazi.info\\\/#\\\/schema\\\/person\\\/5ad3e24553a0567993fa8ed4bd0a776c\"},\"headline\":\"Jina leheng a kurd: Fata Re\u015f\",\"datePublished\":\"2021-08-31T13:14:02+00:00\",\"dateModified\":\"2021-09-09T15:29:11+00:00\",\"mainEntityOfPage\":{\"@id\":\"https:\\\/\\\/darkamazi.info\\\/archives\\\/1024592\"},\"wordCount\":1115,\"publisher\":{\"@id\":\"https:\\\/\\\/darkamazi.info\\\/#organization\"},\"image\":{\"@id\":\"https:\\\/\\\/darkamazi.info\\\/archives\\\/1024592#primaryimage\"},\"thumbnailUrl\":\"https:\\\/\\\/darkamazi.info\\\/darka-content\\\/uploads\\\/2021\\\/08\\\/fata-res-\u0641\u0627\u062a\u0627-\u0631\u06d5\u0634.jpg\",\"keywords\":[\"sereke\"],\"articleSection\":[\"\u00c7and \u00db Huner\",\"Hemereng\"],\"inLanguage\":\"en-US\"},{\"@type\":\"WebPage\",\"@id\":\"https:\\\/\\\/darkamazi.info\\\/archives\\\/1024592\",\"url\":\"https:\\\/\\\/darkamazi.info\\\/archives\\\/1024592\",\"name\":\"Jina leheng a kurd: Fata Re\u015f - Darka Maz\u00ee\",\"isPartOf\":{\"@id\":\"https:\\\/\\\/darkamazi.info\\\/#website\"},\"primaryImageOfPage\":{\"@id\":\"https:\\\/\\\/darkamazi.info\\\/archives\\\/1024592#primaryimage\"},\"image\":{\"@id\":\"https:\\\/\\\/darkamazi.info\\\/archives\\\/1024592#primaryimage\"},\"thumbnailUrl\":\"https:\\\/\\\/darkamazi.info\\\/darka-content\\\/uploads\\\/2021\\\/08\\\/fata-res-\u0641\u0627\u062a\u0627-\u0631\u06d5\u0634.jpg\",\"datePublished\":\"2021-08-31T13:14:02+00:00\",\"dateModified\":\"2021-09-09T15:29:11+00:00\",\"breadcrumb\":{\"@id\":\"https:\\\/\\\/darkamazi.info\\\/archives\\\/1024592#breadcrumb\"},\"inLanguage\":\"en-US\",\"potentialAction\":[{\"@type\":\"ReadAction\",\"target\":[\"https:\\\/\\\/darkamazi.info\\\/archives\\\/1024592\"]}]},{\"@type\":\"ImageObject\",\"inLanguage\":\"en-US\",\"@id\":\"https:\\\/\\\/darkamazi.info\\\/archives\\\/1024592#primaryimage\",\"url\":\"https:\\\/\\\/darkamazi.info\\\/darka-content\\\/uploads\\\/2021\\\/08\\\/fata-res-\u0641\u0627\u062a\u0627-\u0631\u06d5\u0634.jpg\",\"contentUrl\":\"https:\\\/\\\/darkamazi.info\\\/darka-content\\\/uploads\\\/2021\\\/08\\\/fata-res-\u0641\u0627\u062a\u0627-\u0631\u06d5\u0634.jpg\",\"width\":900,\"height\":497,\"caption\":\"Jina leheng a kurd: Fata Re\u015f\"},{\"@type\":\"BreadcrumbList\",\"@id\":\"https:\\\/\\\/darkamazi.info\\\/archives\\\/1024592#breadcrumb\",\"itemListElement\":[{\"@type\":\"ListItem\",\"position\":1,\"name\":\"Home\",\"item\":\"https:\\\/\\\/darkamazi.info\\\/\"},{\"@type\":\"ListItem\",\"position\":2,\"name\":\"Jina leheng a kurd: Fata Re\u015f\"}]},{\"@type\":\"WebSite\",\"@id\":\"https:\\\/\\\/darkamazi.info\\\/#website\",\"url\":\"https:\\\/\\\/darkamazi.info\\\/\",\"name\":\"Darka Maz\u00ee\",\"description\":\"P\u00eageha Zanyariy\u00ean Nebih\u00eest\u00ee\",\"publisher\":{\"@id\":\"https:\\\/\\\/darkamazi.info\\\/#organization\"},\"potentialAction\":[{\"@type\":\"SearchAction\",\"target\":{\"@type\":\"EntryPoint\",\"urlTemplate\":\"https:\\\/\\\/darkamazi.info\\\/?s={search_term_string}\"},\"query-input\":{\"@type\":\"PropertyValueSpecification\",\"valueRequired\":true,\"valueName\":\"search_term_string\"}}],\"inLanguage\":\"en-US\"},{\"@type\":\"Organization\",\"@id\":\"https:\\\/\\\/darkamazi.info\\\/#organization\",\"name\":\"Darka Maz\u00ee\",\"url\":\"https:\\\/\\\/darkamazi.info\\\/\",\"logo\":{\"@type\":\"ImageObject\",\"inLanguage\":\"en-US\",\"@id\":\"https:\\\/\\\/darkamazi.info\\\/#\\\/schema\\\/logo\\\/image\\\/\",\"url\":\"https:\\\/\\\/darkamazi.info\\\/darka-content\\\/uploads\\\/2017\\\/12\\\/darka-mazi-logo.png\",\"contentUrl\":\"https:\\\/\\\/darkamazi.info\\\/darka-content\\\/uploads\\\/2017\\\/12\\\/darka-mazi-logo.png\",\"width\":151,\"height\":75,\"caption\":\"Darka Maz\u00ee\"},\"image\":{\"@id\":\"https:\\\/\\\/darkamazi.info\\\/#\\\/schema\\\/logo\\\/image\\\/\"},\"sameAs\":[\"https:\\\/\\\/www.facebook.com\\\/DarMaziKurmanci\",\"https:\\\/\\\/x.com\\\/DarkaMaziLatini\",\"https:\\\/\\\/www.instagram.com\\\/darkamazi.kurmanci\\\/\",\"https:\\\/\\\/www.youtube.com\\\/channel\\\/UCa5HkTdmI8U1qCUFuTw8B2g\"]},{\"@type\":\"Person\",\"@id\":\"https:\\\/\\\/darkamazi.info\\\/#\\\/schema\\\/person\\\/5ad3e24553a0567993fa8ed4bd0a776c\",\"name\":\"darka mazi\",\"sameAs\":[\"https:\\\/\\\/darkamazi.info\\\/\"],\"url\":\"https:\\\/\\\/darkamazi.info\\\/archives\\\/author\\\/kurdi\"}]}<\/script>\n<!-- \/ Yoast SEO plugin. -->","seo_head_json":{"title":"Jina leheng a kurd: Fata Re\u015f - Darka Maz\u00ee","robots":{"index":"index","follow":"follow","max-snippet":"max-snippet:-1","max-image-preview":"max-image-preview:large","max-video-preview":"max-video-preview:-1"},"canonical":"https:\/\/darkamazi.info\/archives\/1024592","og_locale":"en_US","og_type":"article","og_title":"Jina leheng a kurd: Fata Re\u015f - Darka Maz\u00ee","og_description":"Jin\u00ean kurd di d\u00eerok\u00ea de di gelek qadan de bi serkeftina xwe ya dibe m\u00eenak derketine p\u00ea\u015f. Yek ji jin\u00ean kurd a leheng ku bi nasnameya xwe ya \u015fer derketiye p\u00ea\u015f Fata Re\u015f e. Di l\u00eeteratura Rojava de wek\u00ee Re\u00eesa E\u015f\u00eereta Kurd a Amazon, Prensesa Kurdan, \u015e\u00eara Kurdistan\u00ea, Lehenga Kurdistan\u00ea t\u00ea bib\u00eeran\u00een. Fata Re\u015f di [&hellip;]","og_url":"https:\/\/darkamazi.info\/archives\/1024592","og_site_name":"Darka Maz\u00ee","article_publisher":"https:\/\/www.facebook.com\/DarMaziKurmanci","article_published_time":"2021-08-31T13:14:02+00:00","article_modified_time":"2021-09-09T15:29:11+00:00","og_image":[{"width":900,"height":497,"url":"https:\/\/darkamazi.info\/file\/2021\/08\/fata-res-\u0641\u0627\u062a\u0627-\u0631\u06d5\u0634.jpg","type":"image\/jpeg"}],"author":"darka mazi","twitter_card":"summary_large_image","twitter_creator":"@DarkaMaziLatini","twitter_site":"@DarkaMaziLatini","twitter_misc":{"Written by":"darka mazi","Est. reading time":"5 minutes"},"schema":{"@context":"https:\/\/schema.org","@graph":[{"@type":"Article","@id":"https:\/\/darkamazi.info\/archives\/1024592#article","isPartOf":{"@id":"https:\/\/darkamazi.info\/archives\/1024592"},"author":{"name":"darka mazi","@id":"https:\/\/darkamazi.info\/#\/schema\/person\/5ad3e24553a0567993fa8ed4bd0a776c"},"headline":"Jina leheng a kurd: Fata Re\u015f","datePublished":"2021-08-31T13:14:02+00:00","dateModified":"2021-09-09T15:29:11+00:00","mainEntityOfPage":{"@id":"https:\/\/darkamazi.info\/archives\/1024592"},"wordCount":1115,"publisher":{"@id":"https:\/\/darkamazi.info\/#organization"},"image":{"@id":"https:\/\/darkamazi.info\/archives\/1024592#primaryimage"},"thumbnailUrl":"https:\/\/darkamazi.info\/file\/2021\/08\/fata-res-\u0641\u0627\u062a\u0627-\u0631\u06d5\u0634.jpg","keywords":["sereke"],"articleSection":["\u00c7and \u00db Huner","Hemereng"],"inLanguage":"en-US"},{"@type":"WebPage","@id":"https:\/\/darkamazi.info\/archives\/1024592","url":"https:\/\/darkamazi.info\/archives\/1024592","name":"Jina leheng a kurd: Fata Re\u015f - Darka Maz\u00ee","isPartOf":{"@id":"https:\/\/darkamazi.info\/#website"},"primaryImageOfPage":{"@id":"https:\/\/darkamazi.info\/archives\/1024592#primaryimage"},"image":{"@id":"https:\/\/darkamazi.info\/archives\/1024592#primaryimage"},"thumbnailUrl":"https:\/\/darkamazi.info\/file\/2021\/08\/fata-res-\u0641\u0627\u062a\u0627-\u0631\u06d5\u0634.jpg","datePublished":"2021-08-31T13:14:02+00:00","dateModified":"2021-09-09T15:29:11+00:00","breadcrumb":{"@id":"https:\/\/darkamazi.info\/archives\/1024592#breadcrumb"},"inLanguage":"en-US","potentialAction":[{"@type":"ReadAction","target":["https:\/\/darkamazi.info\/archives\/1024592"]}]},{"@type":"ImageObject","inLanguage":"en-US","@id":"https:\/\/darkamazi.info\/archives\/1024592#primaryimage","url":"https:\/\/darkamazi.info\/file\/2021\/08\/fata-res-\u0641\u0627\u062a\u0627-\u0631\u06d5\u0634.jpg","contentUrl":"https:\/\/darkamazi.info\/file\/2021\/08\/fata-res-\u0641\u0627\u062a\u0627-\u0631\u06d5\u0634.jpg","width":900,"height":497,"caption":"Jina leheng a kurd: Fata Re\u015f"},{"@type":"BreadcrumbList","@id":"https:\/\/darkamazi.info\/archives\/1024592#breadcrumb","itemListElement":[{"@type":"ListItem","position":1,"name":"Home","item":"https:\/\/darkamazi.info\/"},{"@type":"ListItem","position":2,"name":"Jina leheng a kurd: Fata Re\u015f"}]},{"@type":"WebSite","@id":"https:\/\/darkamazi.info\/#website","url":"https:\/\/darkamazi.info\/","name":"Darka Maz\u00ee","description":"P\u00eageha Zanyariy\u00ean Nebih\u00eest\u00ee","publisher":{"@id":"https:\/\/darkamazi.info\/#organization"},"potentialAction":[{"@type":"SearchAction","target":{"@type":"EntryPoint","urlTemplate":"https:\/\/darkamazi.info\/?s={search_term_string}"},"query-input":{"@type":"PropertyValueSpecification","valueRequired":true,"valueName":"search_term_string"}}],"inLanguage":"en-US"},{"@type":"Organization","@id":"https:\/\/darkamazi.info\/#organization","name":"Darka Maz\u00ee","url":"https:\/\/darkamazi.info\/","logo":{"@type":"ImageObject","inLanguage":"en-US","@id":"https:\/\/darkamazi.info\/#\/schema\/logo\/image\/","url":"https:\/\/darkamazi.info\/file\/2017\/12\/darka-mazi-logo.png","contentUrl":"https:\/\/darkamazi.info\/file\/2017\/12\/darka-mazi-logo.png","width":151,"height":75,"caption":"Darka Maz\u00ee"},"image":{"@id":"https:\/\/darkamazi.info\/#\/schema\/logo\/image\/"},"sameAs":["https:\/\/www.facebook.com\/DarMaziKurmanci","https:\/\/x.com\/DarkaMaziLatini","https:\/\/www.instagram.com\/darkamazi.kurmanci\/","https:\/\/www.youtube.com\/channel\/UCa5HkTdmI8U1qCUFuTw8B2g"]},{"@type":"Person","@id":"https:\/\/darkamazi.info\/#\/schema\/person\/5ad3e24553a0567993fa8ed4bd0a776c","name":"darka mazi","sameAs":["https:\/\/darkamazi.info\/"],"url":"https:\/\/darkamazi.info\/archives\/author\/kurdi"}]}},"_links":{"self":[{"href":"https:\/\/darkamazi.info\/funavuv\/wp\/v2\/posts\/1024592","targetHints":{"allow":["GET"]}}],"collection":[{"href":"https:\/\/darkamazi.info\/funavuv\/wp\/v2\/posts"}],"about":[{"href":"https:\/\/darkamazi.info\/funavuv\/wp\/v2\/types\/post"}],"author":[{"embeddable":true,"href":"https:\/\/darkamazi.info\/funavuv\/wp\/v2\/users\/2"}],"replies":[{"embeddable":true,"href":"https:\/\/darkamazi.info\/funavuv\/wp\/v2\/comments?post=1024592"}],"version-history":[{"count":0,"href":"https:\/\/darkamazi.info\/funavuv\/wp\/v2\/posts\/1024592\/revisions"}],"wp:featuredmedia":[{"embeddable":true,"href":"https:\/\/darkamazi.info\/funavuv\/wp\/v2\/media\/1024595"}],"wp:attachment":[{"href":"https:\/\/darkamazi.info\/funavuv\/wp\/v2\/media?parent=1024592"}],"wp:term":[{"taxonomy":"category","embeddable":true,"href":"https:\/\/darkamazi.info\/funavuv\/wp\/v2\/categories?post=1024592"},{"taxonomy":"post_tag","embeddable":true,"href":"https:\/\/darkamazi.info\/funavuv\/wp\/v2\/tags?post=1024592"}],"curies":[{"name":"wp","href":"https:\/\/api.w.org\/{rel}","templated":true}]}}