{"id":1024608,"date":"2021-09-01T18:48:33","date_gmt":"2021-09-01T15:48:33","guid":{"rendered":"https:\/\/darkamazi.info\/?p=1024608"},"modified":"2021-09-09T18:28:16","modified_gmt":"2021-09-09T15:28:16","slug":"pkke-ev-du-zaroke-ji-revandin","status":"publish","type":"post","link":"https:\/\/darkamazi.info\/archives\/1024608","title":{"rendered":"PKK\u00ea ev du zaroke j\u00ee revandin"},"content":{"rendered":"<h3 style=\"text-align: justify;\"><span style=\"font-family: 'arial black', sans-serif;\">Dereng\u00ea \u00eavara roja s\u00ea\u015fem\u00ea \u00e7alakvan\u00ean ji Rojavay\u00ea Kurdistan\u00ea ragihandin ku r\u00eaxistina \u2018\u2019Ciwan\u00ean \u015eore\u015fger\u2019\u2019 a PKK\u00ea 2 zarok\u00ean kur dli taxa \u015e\u00eax Meqs\u00fbd a Heleb\u00ea revandine \u00fb wan \u00e7ekdar kiriye.<\/span><\/h3>\n<h3 style=\"text-align: justify;\">Rojnameger \u00fb \u00e7alakvan\u00ea maf\u00ea mirov li Rojavay\u00ea Kurdistan\u00ea Rohat Mihemed ji BasNews\u00ea re axiv\u00ee \u00fb a\u015fkere kir roja s\u00ea\u015fem\u00ea li taxa \u015e\u00eax Meqs\u00fbd a Heleb\u00ea 2 zarok\u00ean temen\u00ea wan di j\u00ear 16 salan de hatine revandin \u00fb \u00e7ekdarkirin ji aliy\u00ea r\u00eaxistina \u2018\u2019Ciwan\u00ean \u015eore\u015fger\u2019\u2019 a ser bi PKK\u00ea.<\/h3>\n<h3 style=\"text-align: justify;\">Herwiha Rohamat Mihemed ragihand nav\u00ea zarokek\u00ee Ciwan Hebe\u015f \u00fb y\u00ea din j\u00ee Kawe Birome ye \u00fb temen\u00ea wan di j\u00ear 16 salan deye \u00fb xelk\u00ea Efr\u00een\u00ea ne \u00fb bi penaber\u00ee li Heleb\u00ea dij\u00een \u00fb di rew\u015feke wisa j\u00ee de PKK dev ji wan bernade \u00fb zarok\u00ean wan werdigire \u00fb wan \u00e7ekdar dike.<\/h3>\n<h3 style=\"text-align: justify;\">Di berdewamiy\u00ea j\u00ee de Rohat Mihemed a\u015fkere dike pi\u015ft\u00ee revandin\u00ea w\u00ea PKK wan zarokan li kamp\u00ean serbaz\u00ee bi c\u00ee bike \u00fb pi\u015ft\u00ee rahenana serbaz\u00ee wan bi\u015f\u00eene \u015fer \u00fb heta niha gelek zarok\u00ean Rojavay\u00ea Kurdistan\u00ea ji bo \u015fer\u00ean PKK li Qend\u00eel \u00fb \u015eingal\u00ea hatine \u015fandin.<\/h3>\n<h3 style=\"text-align: justify;\">Ji destp\u00eaka sala 2021\u00ea heta niha PKK bi dehan ke\u00e7 \u00fb kur\u00ean zarok \u00ea Rojavay\u00ea Kurdistan\u00ea revandine \u00fb ew \u00e7ekdar kirine.<\/h3>\n","protected":false},"excerpt":{"rendered":"<p>Dereng\u00ea \u00eavara roja s\u00ea\u015fem\u00ea \u00e7alakvan\u00ean ji Rojavay\u00ea Kurdistan\u00ea ragihandin ku r\u00eaxistina \u2018\u2019Ciwan\u00ean \u015eore\u015fger\u2019\u2019 a PKK\u00ea 2 zarok\u00ean kur dli taxa \u015e\u00eax Meqs\u00fbd a Heleb\u00ea revandine \u00fb wan \u00e7ekdar kiriye. Rojnameger \u00fb \u00e7alakvan\u00ea maf\u00ea mirov li Rojavay\u00ea Kurdistan\u00ea Rohat Mihemed ji BasNews\u00ea re axiv\u00ee \u00fb a\u015fkere kir roja s\u00ea\u015fem\u00ea li taxa \u015e\u00eax Meqs\u00fbd a Heleb\u00ea 2 [&hellip;]<\/p>\n","protected":false},"author":2,"featured_media":1024609,"comment_status":"closed","ping_status":"closed","sticky":false,"template":"","format":"standard","meta":{"footnotes":""},"categories":[29],"tags":[37],"class_list":["post-1024608","post","type-post","status-publish","format-standard","has-post-thumbnail","hentry","category-kurdistan","tag-sereke"],"blocksy_meta":[],"seo_head":"<!-- This site is optimized with the Yoast SEO plugin v27.5 - https:\/\/yoast.com\/product\/yoast-seo-wordpress\/ -->\n<title>PKK\u00ea ev du zaroke j\u00ee revandin - Darka Maz\u00ee<\/title>\n<meta name=\"robots\" content=\"index, follow, max-snippet:-1, max-image-preview:large, max-video-preview:-1\" \/>\n<link rel=\"canonical\" href=\"https:\/\/darkamazi.info\/archives\/1024608\" \/>\n<meta property=\"og:locale\" content=\"en_US\" \/>\n<meta property=\"og:type\" content=\"article\" \/>\n<meta property=\"og:title\" content=\"PKK\u00ea ev du zaroke j\u00ee revandin - Darka Maz\u00ee\" \/>\n<meta property=\"og:description\" content=\"Dereng\u00ea \u00eavara roja s\u00ea\u015fem\u00ea \u00e7alakvan\u00ean ji Rojavay\u00ea Kurdistan\u00ea ragihandin ku r\u00eaxistina \u2018\u2019Ciwan\u00ean \u015eore\u015fger\u2019\u2019 a PKK\u00ea 2 zarok\u00ean kur dli taxa \u015e\u00eax Meqs\u00fbd a Heleb\u00ea revandine \u00fb wan \u00e7ekdar kiriye. Rojnameger \u00fb \u00e7alakvan\u00ea maf\u00ea mirov li Rojavay\u00ea Kurdistan\u00ea Rohat Mihemed ji BasNews\u00ea re axiv\u00ee \u00fb a\u015fkere kir roja s\u00ea\u015fem\u00ea li taxa \u015e\u00eax Meqs\u00fbd a Heleb\u00ea 2 [&hellip;]\" \/>\n<meta property=\"og:url\" content=\"https:\/\/darkamazi.info\/archives\/1024608\" \/>\n<meta property=\"og:site_name\" content=\"Darka Maz\u00ee\" \/>\n<meta property=\"article:publisher\" content=\"https:\/\/www.facebook.com\/DarMaziKurmanci\" \/>\n<meta property=\"article:published_time\" content=\"2021-09-01T15:48:33+00:00\" \/>\n<meta property=\"article:modified_time\" content=\"2021-09-09T15:28:16+00:00\" \/>\n<meta property=\"og:image\" content=\"https:\/\/darkamazi.info\/file\/2021\/09\/pkk-revandin-zarok.jpg\" \/>\n\t<meta property=\"og:image:width\" content=\"900\" \/>\n\t<meta property=\"og:image:height\" content=\"497\" \/>\n\t<meta property=\"og:image:type\" content=\"image\/jpeg\" \/>\n<meta name=\"author\" content=\"darka mazi\" \/>\n<meta name=\"twitter:card\" content=\"summary_large_image\" \/>\n<meta name=\"twitter:creator\" content=\"@DarkaMaziLatini\" \/>\n<meta name=\"twitter:site\" content=\"@DarkaMaziLatini\" \/>\n<meta name=\"twitter:label1\" content=\"Written by\" \/>\n\t<meta name=\"twitter:data1\" content=\"darka mazi\" \/>\n\t<meta name=\"twitter:label2\" content=\"Est. reading time\" \/>\n\t<meta name=\"twitter:data2\" content=\"1 minute\" \/>\n<script type=\"application\/ld+json\" class=\"seo-schema-graph\">{\"@context\":\"https:\\\/\\\/schema.org\",\"@graph\":[{\"@type\":\"Article\",\"@id\":\"https:\\\/\\\/darkamazi.info\\\/archives\\\/1024608#article\",\"isPartOf\":{\"@id\":\"https:\\\/\\\/darkamazi.info\\\/archives\\\/1024608\"},\"author\":{\"name\":\"darka mazi\",\"@id\":\"https:\\\/\\\/darkamazi.info\\\/#\\\/schema\\\/person\\\/5ad3e24553a0567993fa8ed4bd0a776c\"},\"headline\":\"PKK\u00ea ev du zaroke j\u00ee revandin\",\"datePublished\":\"2021-09-01T15:48:33+00:00\",\"dateModified\":\"2021-09-09T15:28:16+00:00\",\"mainEntityOfPage\":{\"@id\":\"https:\\\/\\\/darkamazi.info\\\/archives\\\/1024608\"},\"wordCount\":207,\"publisher\":{\"@id\":\"https:\\\/\\\/darkamazi.info\\\/#organization\"},\"image\":{\"@id\":\"https:\\\/\\\/darkamazi.info\\\/archives\\\/1024608#primaryimage\"},\"thumbnailUrl\":\"https:\\\/\\\/darkamazi.info\\\/darka-content\\\/uploads\\\/2021\\\/09\\\/pkk-revandin-zarok.jpg\",\"keywords\":[\"sereke\"],\"articleSection\":[\"Kurdistan\"],\"inLanguage\":\"en-US\"},{\"@type\":\"WebPage\",\"@id\":\"https:\\\/\\\/darkamazi.info\\\/archives\\\/1024608\",\"url\":\"https:\\\/\\\/darkamazi.info\\\/archives\\\/1024608\",\"name\":\"PKK\u00ea ev du zaroke j\u00ee revandin - Darka Maz\u00ee\",\"isPartOf\":{\"@id\":\"https:\\\/\\\/darkamazi.info\\\/#website\"},\"primaryImageOfPage\":{\"@id\":\"https:\\\/\\\/darkamazi.info\\\/archives\\\/1024608#primaryimage\"},\"image\":{\"@id\":\"https:\\\/\\\/darkamazi.info\\\/archives\\\/1024608#primaryimage\"},\"thumbnailUrl\":\"https:\\\/\\\/darkamazi.info\\\/darka-content\\\/uploads\\\/2021\\\/09\\\/pkk-revandin-zarok.jpg\",\"datePublished\":\"2021-09-01T15:48:33+00:00\",\"dateModified\":\"2021-09-09T15:28:16+00:00\",\"breadcrumb\":{\"@id\":\"https:\\\/\\\/darkamazi.info\\\/archives\\\/1024608#breadcrumb\"},\"inLanguage\":\"en-US\",\"potentialAction\":[{\"@type\":\"ReadAction\",\"target\":[\"https:\\\/\\\/darkamazi.info\\\/archives\\\/1024608\"]}]},{\"@type\":\"ImageObject\",\"inLanguage\":\"en-US\",\"@id\":\"https:\\\/\\\/darkamazi.info\\\/archives\\\/1024608#primaryimage\",\"url\":\"https:\\\/\\\/darkamazi.info\\\/darka-content\\\/uploads\\\/2021\\\/09\\\/pkk-revandin-zarok.jpg\",\"contentUrl\":\"https:\\\/\\\/darkamazi.info\\\/darka-content\\\/uploads\\\/2021\\\/09\\\/pkk-revandin-zarok.jpg\",\"width\":900,\"height\":497,\"caption\":\"\u015e\u00eax Meqs\u00fbd- PKK\u00ea 2 zarok revandin \u00fb ew kirin \u00e7ekdar\"},{\"@type\":\"BreadcrumbList\",\"@id\":\"https:\\\/\\\/darkamazi.info\\\/archives\\\/1024608#breadcrumb\",\"itemListElement\":[{\"@type\":\"ListItem\",\"position\":1,\"name\":\"Home\",\"item\":\"https:\\\/\\\/darkamazi.info\\\/\"},{\"@type\":\"ListItem\",\"position\":2,\"name\":\"PKK\u00ea ev du zaroke j\u00ee revandin\"}]},{\"@type\":\"WebSite\",\"@id\":\"https:\\\/\\\/darkamazi.info\\\/#website\",\"url\":\"https:\\\/\\\/darkamazi.info\\\/\",\"name\":\"Darka Maz\u00ee\",\"description\":\"P\u00eageha Zanyariy\u00ean Nebih\u00eest\u00ee\",\"publisher\":{\"@id\":\"https:\\\/\\\/darkamazi.info\\\/#organization\"},\"potentialAction\":[{\"@type\":\"SearchAction\",\"target\":{\"@type\":\"EntryPoint\",\"urlTemplate\":\"https:\\\/\\\/darkamazi.info\\\/?s={search_term_string}\"},\"query-input\":{\"@type\":\"PropertyValueSpecification\",\"valueRequired\":true,\"valueName\":\"search_term_string\"}}],\"inLanguage\":\"en-US\"},{\"@type\":\"Organization\",\"@id\":\"https:\\\/\\\/darkamazi.info\\\/#organization\",\"name\":\"Darka Maz\u00ee\",\"url\":\"https:\\\/\\\/darkamazi.info\\\/\",\"logo\":{\"@type\":\"ImageObject\",\"inLanguage\":\"en-US\",\"@id\":\"https:\\\/\\\/darkamazi.info\\\/#\\\/schema\\\/logo\\\/image\\\/\",\"url\":\"https:\\\/\\\/darkamazi.info\\\/darka-content\\\/uploads\\\/2017\\\/12\\\/darka-mazi-logo.png\",\"contentUrl\":\"https:\\\/\\\/darkamazi.info\\\/darka-content\\\/uploads\\\/2017\\\/12\\\/darka-mazi-logo.png\",\"width\":151,\"height\":75,\"caption\":\"Darka Maz\u00ee\"},\"image\":{\"@id\":\"https:\\\/\\\/darkamazi.info\\\/#\\\/schema\\\/logo\\\/image\\\/\"},\"sameAs\":[\"https:\\\/\\\/www.facebook.com\\\/DarMaziKurmanci\",\"https:\\\/\\\/x.com\\\/DarkaMaziLatini\",\"https:\\\/\\\/www.instagram.com\\\/darkamazi.kurmanci\\\/\",\"https:\\\/\\\/www.youtube.com\\\/channel\\\/UCa5HkTdmI8U1qCUFuTw8B2g\"]},{\"@type\":\"Person\",\"@id\":\"https:\\\/\\\/darkamazi.info\\\/#\\\/schema\\\/person\\\/5ad3e24553a0567993fa8ed4bd0a776c\",\"name\":\"darka mazi\",\"sameAs\":[\"https:\\\/\\\/darkamazi.info\\\/\"],\"url\":\"https:\\\/\\\/darkamazi.info\\\/archives\\\/author\\\/kurdi\"}]}<\/script>\n<!-- \/ Yoast SEO plugin. -->","seo_head_json":{"title":"PKK\u00ea ev du zaroke j\u00ee revandin - Darka Maz\u00ee","robots":{"index":"index","follow":"follow","max-snippet":"max-snippet:-1","max-image-preview":"max-image-preview:large","max-video-preview":"max-video-preview:-1"},"canonical":"https:\/\/darkamazi.info\/archives\/1024608","og_locale":"en_US","og_type":"article","og_title":"PKK\u00ea ev du zaroke j\u00ee revandin - Darka Maz\u00ee","og_description":"Dereng\u00ea \u00eavara roja s\u00ea\u015fem\u00ea \u00e7alakvan\u00ean ji Rojavay\u00ea Kurdistan\u00ea ragihandin ku r\u00eaxistina \u2018\u2019Ciwan\u00ean \u015eore\u015fger\u2019\u2019 a PKK\u00ea 2 zarok\u00ean kur dli taxa \u015e\u00eax Meqs\u00fbd a Heleb\u00ea revandine \u00fb wan \u00e7ekdar kiriye. Rojnameger \u00fb \u00e7alakvan\u00ea maf\u00ea mirov li Rojavay\u00ea Kurdistan\u00ea Rohat Mihemed ji BasNews\u00ea re axiv\u00ee \u00fb a\u015fkere kir roja s\u00ea\u015fem\u00ea li taxa \u015e\u00eax Meqs\u00fbd a Heleb\u00ea 2 [&hellip;]","og_url":"https:\/\/darkamazi.info\/archives\/1024608","og_site_name":"Darka Maz\u00ee","article_publisher":"https:\/\/www.facebook.com\/DarMaziKurmanci","article_published_time":"2021-09-01T15:48:33+00:00","article_modified_time":"2021-09-09T15:28:16+00:00","og_image":[{"width":900,"height":497,"url":"https:\/\/darkamazi.info\/file\/2021\/09\/pkk-revandin-zarok.jpg","type":"image\/jpeg"}],"author":"darka mazi","twitter_card":"summary_large_image","twitter_creator":"@DarkaMaziLatini","twitter_site":"@DarkaMaziLatini","twitter_misc":{"Written by":"darka mazi","Est. reading time":"1 minute"},"schema":{"@context":"https:\/\/schema.org","@graph":[{"@type":"Article","@id":"https:\/\/darkamazi.info\/archives\/1024608#article","isPartOf":{"@id":"https:\/\/darkamazi.info\/archives\/1024608"},"author":{"name":"darka mazi","@id":"https:\/\/darkamazi.info\/#\/schema\/person\/5ad3e24553a0567993fa8ed4bd0a776c"},"headline":"PKK\u00ea ev du zaroke j\u00ee revandin","datePublished":"2021-09-01T15:48:33+00:00","dateModified":"2021-09-09T15:28:16+00:00","mainEntityOfPage":{"@id":"https:\/\/darkamazi.info\/archives\/1024608"},"wordCount":207,"publisher":{"@id":"https:\/\/darkamazi.info\/#organization"},"image":{"@id":"https:\/\/darkamazi.info\/archives\/1024608#primaryimage"},"thumbnailUrl":"https:\/\/darkamazi.info\/file\/2021\/09\/pkk-revandin-zarok.jpg","keywords":["sereke"],"articleSection":["Kurdistan"],"inLanguage":"en-US"},{"@type":"WebPage","@id":"https:\/\/darkamazi.info\/archives\/1024608","url":"https:\/\/darkamazi.info\/archives\/1024608","name":"PKK\u00ea ev du zaroke j\u00ee revandin - Darka Maz\u00ee","isPartOf":{"@id":"https:\/\/darkamazi.info\/#website"},"primaryImageOfPage":{"@id":"https:\/\/darkamazi.info\/archives\/1024608#primaryimage"},"image":{"@id":"https:\/\/darkamazi.info\/archives\/1024608#primaryimage"},"thumbnailUrl":"https:\/\/darkamazi.info\/file\/2021\/09\/pkk-revandin-zarok.jpg","datePublished":"2021-09-01T15:48:33+00:00","dateModified":"2021-09-09T15:28:16+00:00","breadcrumb":{"@id":"https:\/\/darkamazi.info\/archives\/1024608#breadcrumb"},"inLanguage":"en-US","potentialAction":[{"@type":"ReadAction","target":["https:\/\/darkamazi.info\/archives\/1024608"]}]},{"@type":"ImageObject","inLanguage":"en-US","@id":"https:\/\/darkamazi.info\/archives\/1024608#primaryimage","url":"https:\/\/darkamazi.info\/file\/2021\/09\/pkk-revandin-zarok.jpg","contentUrl":"https:\/\/darkamazi.info\/file\/2021\/09\/pkk-revandin-zarok.jpg","width":900,"height":497,"caption":"\u015e\u00eax Meqs\u00fbd- PKK\u00ea 2 zarok revandin \u00fb ew kirin \u00e7ekdar"},{"@type":"BreadcrumbList","@id":"https:\/\/darkamazi.info\/archives\/1024608#breadcrumb","itemListElement":[{"@type":"ListItem","position":1,"name":"Home","item":"https:\/\/darkamazi.info\/"},{"@type":"ListItem","position":2,"name":"PKK\u00ea ev du zaroke j\u00ee revandin"}]},{"@type":"WebSite","@id":"https:\/\/darkamazi.info\/#website","url":"https:\/\/darkamazi.info\/","name":"Darka Maz\u00ee","description":"P\u00eageha Zanyariy\u00ean Nebih\u00eest\u00ee","publisher":{"@id":"https:\/\/darkamazi.info\/#organization"},"potentialAction":[{"@type":"SearchAction","target":{"@type":"EntryPoint","urlTemplate":"https:\/\/darkamazi.info\/?s={search_term_string}"},"query-input":{"@type":"PropertyValueSpecification","valueRequired":true,"valueName":"search_term_string"}}],"inLanguage":"en-US"},{"@type":"Organization","@id":"https:\/\/darkamazi.info\/#organization","name":"Darka Maz\u00ee","url":"https:\/\/darkamazi.info\/","logo":{"@type":"ImageObject","inLanguage":"en-US","@id":"https:\/\/darkamazi.info\/#\/schema\/logo\/image\/","url":"https:\/\/darkamazi.info\/file\/2017\/12\/darka-mazi-logo.png","contentUrl":"https:\/\/darkamazi.info\/file\/2017\/12\/darka-mazi-logo.png","width":151,"height":75,"caption":"Darka Maz\u00ee"},"image":{"@id":"https:\/\/darkamazi.info\/#\/schema\/logo\/image\/"},"sameAs":["https:\/\/www.facebook.com\/DarMaziKurmanci","https:\/\/x.com\/DarkaMaziLatini","https:\/\/www.instagram.com\/darkamazi.kurmanci\/","https:\/\/www.youtube.com\/channel\/UCa5HkTdmI8U1qCUFuTw8B2g"]},{"@type":"Person","@id":"https:\/\/darkamazi.info\/#\/schema\/person\/5ad3e24553a0567993fa8ed4bd0a776c","name":"darka mazi","sameAs":["https:\/\/darkamazi.info\/"],"url":"https:\/\/darkamazi.info\/archives\/author\/kurdi"}]}},"_links":{"self":[{"href":"https:\/\/darkamazi.info\/funavuv\/wp\/v2\/posts\/1024608","targetHints":{"allow":["GET"]}}],"collection":[{"href":"https:\/\/darkamazi.info\/funavuv\/wp\/v2\/posts"}],"about":[{"href":"https:\/\/darkamazi.info\/funavuv\/wp\/v2\/types\/post"}],"author":[{"embeddable":true,"href":"https:\/\/darkamazi.info\/funavuv\/wp\/v2\/users\/2"}],"replies":[{"embeddable":true,"href":"https:\/\/darkamazi.info\/funavuv\/wp\/v2\/comments?post=1024608"}],"version-history":[{"count":0,"href":"https:\/\/darkamazi.info\/funavuv\/wp\/v2\/posts\/1024608\/revisions"}],"wp:featuredmedia":[{"embeddable":true,"href":"https:\/\/darkamazi.info\/funavuv\/wp\/v2\/media\/1024609"}],"wp:attachment":[{"href":"https:\/\/darkamazi.info\/funavuv\/wp\/v2\/media?parent=1024608"}],"wp:term":[{"taxonomy":"category","embeddable":true,"href":"https:\/\/darkamazi.info\/funavuv\/wp\/v2\/categories?post=1024608"},{"taxonomy":"post_tag","embeddable":true,"href":"https:\/\/darkamazi.info\/funavuv\/wp\/v2\/tags?post=1024608"}],"curies":[{"name":"wp","href":"https:\/\/api.w.org\/{rel}","templated":true}]}}