{"id":1025002,"date":"2021-09-09T21:37:11","date_gmt":"2021-09-09T18:37:11","guid":{"rendered":"https:\/\/darkamazi.info\/?p=1025002"},"modified":"2021-09-09T21:37:11","modified_gmt":"2021-09-09T18:37:11","slug":"37-sal-di-ser-koca-dawi-ya-yilmaz-guney-re-derbas-bu","status":"publish","type":"post","link":"https:\/\/darkamazi.info\/archives\/1025002","title":{"rendered":"37 sal di ser ko\u00e7a daw\u00ee ya Yilmaz Guney re derbas b\u00fb"},"content":{"rendered":"<h3 style=\"text-align: justify\"><span style=\"font-family: 'arial black', sans-serif\">\u00cero 37em\u00een salvegera ko\u00e7a daw\u00ee ya s\u00eenemakar, hunermend \u00fb \u015fore\u015fger\u00ea Kurd Yilmaz Guney e. Guney ji ber darbeya 1980\u00ea ya Tirkiy\u00ea ji hemwelatiya Tirkiy\u00ea hatib\u00fb derxistin \u00fb ew ko\u00e7ber\u00ee paytexta Fransa bajar\u00ea Par\u00ees b\u00fbb\u00fb \u00fb li w\u00ea der\u00ea ko\u00e7a daw\u00ee kirib\u00fb \u00fb cenazey\u00ea w\u00ee li wir bo ax\u00ea hatiye spartin.<\/span><\/h3>\n<h3 style=\"text-align: justify\">Yilmaz Guney di sala 1937an de li gund\u00ea Yen\u00eecey\u00ea ya bajar\u00ea Eden\u00eay\u00ea ji dayik b\u00fbye. Ew yek ji 7 zarok\u00ean malbateke karker e, bi esl\u00ea xwe Kurd e.<\/h3>\n<h3 style=\"text-align: justify\">Guney dibistana seretay\u00ee \u00fb ya nav\u00een li Edeney\u00ea xwendiye. Ew h\u00eaj di 9 saliya xwe de dibe karker \u00fb dest bi kar\u00ea komkirina pembo dike. L\u00ea dest ji xwendin\u00ea j\u00ee bernade. Li Enqer\u00ea zan\u00eengeha hiq\u00fbq\u00ea dixw\u00eene \u00fb li Stenbol\u00ea j\u00ee be\u015fa abor\u00ee.<\/h3>\n<h3 style=\"text-align: justify\">Di sal\u00ean xwendin\u00ea de \u00e7\u00eerokan \u00fb senaryoyan diniv\u00eese. Ew li ser trajed\u00ee \u00fb drama gel\u00ea xwe radiweste. Di dema xwendina xwe de senar\u00eest\u00ea Tirk Atif Yilmaz nas dike.<\/h3>\n<h3 style=\"text-align: justify\">Di sala 1957\u00ea de dadgeh\u00ea ji ber kar\u00ean siyas\u00ee derbar\u00ea w\u00ee de 7 sal \u00fb n\u00eev cezay\u00ea z\u00eendan\u00ea \u00fb 2 sal \u00fb n\u00eev j\u00ee cezay\u00ea mi\u015fext\u00ea bir\u00ee. Dadgeha temy\u00eez\u00ea biryar\u00ea hildiwe\u015f\u00eene dike sal \u00fb n\u00eevek z\u00eendan \u00fb 6 meh j\u00ee cezaya mi\u015fext\u00ea.<\/h3>\n<h3 style=\"text-align: justify\">Yilmaz Guney ji ber v\u00ea sedem\u00ea dibistan\u00ea naqed\u00eene. Guney dib\u00eaje \u201cDibistana min pirt\u00fbk in, s\u00eenema ye, girt\u00eegeh e, qan\u00fbn\u00ean jiyan\u00ea y\u00ean tund in, zext\u00ean civak\u00ee ne, xay\u00eent\u00ee ye \u00fb m\u00earxas\u00ee ye. Mamostey\u00ea min j\u00ee jiyan e.&#8221;<\/h3>\n<h3 style=\"text-align: justify\">W\u00ee di navbera sal\u00ean 1957 \u00fb 82\u00ea bi dehan f\u00eelm amadekirin \u00fb di dehan f\u00eelman de j\u00ee be\u015fdar\u00ee kir.<\/h3>\n<h3 style=\"text-align: justify\">Ew, di sala 1972an de careke din bi sedema ku tevl\u00ee b\u00fbyer\u00ean s\u00eeyas\u00ee b\u00fbye t\u00ea girtin \u00fb 2 sal li girt\u00eegeh\u00ea dim\u00eene \u00fb pa\u015f\u00ea serbest t\u00ea berdan.<\/h3>\n<h3 style=\"text-align: justify\">Yilmaz Guney, di 9 \u00eelona 1984an de, h\u00eaj 47 sal\u00ee, li Fransay\u00ea ko\u00e7a daw\u00ee kir.<\/h3>\n<h3 style=\"text-align: justify\">Derh\u00eaner \u00fb s\u00eenemakar\u00ea Kurd di jiyana xwe ya huner\u00ea de gelek berhem\u00ean giranbuha li d\u00fb xwe hi\u015ft. W\u00ee di f\u00eelm\u00ean xwe de, bal ki\u015fand ser tengezariy\u00ean jiyana gel\u00ea Kurd.<\/h3>\n<h3 style=\"text-align: justify\">F\u00eelma Yilmaz Guney a bi nav\u00ea Yol (R\u00ea) j\u00ee yek ji van berhema ye. R\u00ea, di sala 1982an de, bi f\u00eelma &#8216;Wenda&#8217; ya rej\u00eesor\u00ea Y\u00fbnan\u00ee Costa Gavras re, xelata Palmiyeya Z\u00ear\u00een parvekirib\u00fb.<\/h3>\n<h3 style=\"text-align: justify\">Yilmaz Guney, ber\u00ee mirina xwe di axaftineke xwe de li ser rew\u015fa Kurdan \u00fb Kurdistan\u00ea wiha gotib\u00fb: \u201cEm v\u00ea qeder\u00ea red dikin! Em naxwazin bibin zarok\u00ean welatek\u00ee bindest \u00ea ku ji \u00e7ar aliyan ve hatiye dagirkirin; em dixwazin bibin zarok\u00ean welatek\u00ee azad, serbixwe \u00fb yekgirt\u00ee. Em dixwazin li ser axa xwe, bi ziman\u00ea xwe stran\u00ean ev\u00een\u00ea \u00fb azad\u00eey\u00ea bib\u00eajin. \u00db em dixwazin li war\u00ea xwe, li bin alaya xwe, azad \u00fb serbixwe bij\u00een.\u201d<\/h3>\n","protected":false},"excerpt":{"rendered":"<p>\u00cero 37em\u00een salvegera ko\u00e7a daw\u00ee ya s\u00eenemakar, hunermend \u00fb \u015fore\u015fger\u00ea Kurd Yilmaz Guney e. Guney ji ber darbeya 1980\u00ea ya Tirkiy\u00ea ji hemwelatiya Tirkiy\u00ea hatib\u00fb derxistin \u00fb ew ko\u00e7ber\u00ee paytexta Fransa bajar\u00ea Par\u00ees b\u00fbb\u00fb \u00fb li w\u00ea der\u00ea ko\u00e7a daw\u00ee kirib\u00fb \u00fb cenazey\u00ea w\u00ee li wir bo ax\u00ea hatiye spartin. Yilmaz Guney di sala 1937an [&hellip;]<\/p>\n","protected":false},"author":2,"featured_media":1025003,"comment_status":"closed","ping_status":"closed","sticky":false,"template":"","format":"standard","meta":{"footnotes":""},"categories":[34,4],"tags":[37],"class_list":["post-1025002","post","type-post","status-publish","format-standard","has-post-thumbnail","hentry","category-cand-u-huner","category-hemereng","tag-sereke"],"blocksy_meta":[],"seo_head":"<!-- This site is optimized with the Yoast SEO plugin v27.5 - https:\/\/yoast.com\/product\/yoast-seo-wordpress\/ -->\n<title>37 sal di ser ko\u00e7a daw\u00ee ya Yilmaz Guney re derbas b\u00fb - Darka Maz\u00ee<\/title>\n<meta name=\"robots\" content=\"index, follow, max-snippet:-1, max-image-preview:large, max-video-preview:-1\" \/>\n<link rel=\"canonical\" href=\"https:\/\/darkamazi.info\/archives\/1025002\" \/>\n<meta property=\"og:locale\" content=\"en_US\" \/>\n<meta property=\"og:type\" content=\"article\" \/>\n<meta property=\"og:title\" content=\"37 sal di ser ko\u00e7a daw\u00ee ya Yilmaz Guney re derbas b\u00fb - Darka Maz\u00ee\" \/>\n<meta property=\"og:description\" content=\"\u00cero 37em\u00een salvegera ko\u00e7a daw\u00ee ya s\u00eenemakar, hunermend \u00fb \u015fore\u015fger\u00ea Kurd Yilmaz Guney e. Guney ji ber darbeya 1980\u00ea ya Tirkiy\u00ea ji hemwelatiya Tirkiy\u00ea hatib\u00fb derxistin \u00fb ew ko\u00e7ber\u00ee paytexta Fransa bajar\u00ea Par\u00ees b\u00fbb\u00fb \u00fb li w\u00ea der\u00ea ko\u00e7a daw\u00ee kirib\u00fb \u00fb cenazey\u00ea w\u00ee li wir bo ax\u00ea hatiye spartin. Yilmaz Guney di sala 1937an [&hellip;]\" \/>\n<meta property=\"og:url\" content=\"https:\/\/darkamazi.info\/archives\/1025002\" \/>\n<meta property=\"og:site_name\" content=\"Darka Maz\u00ee\" \/>\n<meta property=\"article:publisher\" content=\"https:\/\/www.facebook.com\/DarMaziKurmanci\" \/>\n<meta property=\"article:published_time\" content=\"2021-09-09T18:37:11+00:00\" \/>\n<meta property=\"og:image\" content=\"https:\/\/darkamazi.info\/file\/2021\/09\/yilmaz-guney-\u06cc\u0644\u0645\u0627\u0632-\u06af\u0648\u0646\u06d5\u06cc.jpg\" \/>\n\t<meta property=\"og:image:width\" content=\"900\" \/>\n\t<meta property=\"og:image:height\" content=\"497\" \/>\n\t<meta property=\"og:image:type\" content=\"image\/jpeg\" \/>\n<meta name=\"author\" content=\"darka mazi\" \/>\n<meta name=\"twitter:card\" content=\"summary_large_image\" \/>\n<meta name=\"twitter:creator\" content=\"@DarkaMaziLatini\" \/>\n<meta name=\"twitter:site\" content=\"@DarkaMaziLatini\" \/>\n<meta name=\"twitter:label1\" content=\"Written by\" \/>\n\t<meta name=\"twitter:data1\" content=\"darka mazi\" \/>\n\t<meta name=\"twitter:label2\" content=\"Est. reading time\" \/>\n\t<meta name=\"twitter:data2\" content=\"2 minutes\" \/>\n<script type=\"application\/ld+json\" class=\"seo-schema-graph\">{\"@context\":\"https:\\\/\\\/schema.org\",\"@graph\":[{\"@type\":\"Article\",\"@id\":\"https:\\\/\\\/darkamazi.info\\\/archives\\\/1025002#article\",\"isPartOf\":{\"@id\":\"https:\\\/\\\/darkamazi.info\\\/archives\\\/1025002\"},\"author\":{\"name\":\"darka mazi\",\"@id\":\"https:\\\/\\\/darkamazi.info\\\/#\\\/schema\\\/person\\\/5ad3e24553a0567993fa8ed4bd0a776c\"},\"headline\":\"37 sal di ser ko\u00e7a daw\u00ee ya Yilmaz Guney re derbas b\u00fb\",\"datePublished\":\"2021-09-09T18:37:11+00:00\",\"mainEntityOfPage\":{\"@id\":\"https:\\\/\\\/darkamazi.info\\\/archives\\\/1025002\"},\"wordCount\":471,\"publisher\":{\"@id\":\"https:\\\/\\\/darkamazi.info\\\/#organization\"},\"image\":{\"@id\":\"https:\\\/\\\/darkamazi.info\\\/archives\\\/1025002#primaryimage\"},\"thumbnailUrl\":\"https:\\\/\\\/darkamazi.info\\\/darka-content\\\/uploads\\\/2021\\\/09\\\/yilmaz-guney-\u06cc\u0644\u0645\u0627\u0632-\u06af\u0648\u0646\u06d5\u06cc.jpg\",\"keywords\":[\"sereke\"],\"articleSection\":[\"\u00c7and \u00db Huner\",\"Hemereng\"],\"inLanguage\":\"en-US\"},{\"@type\":\"WebPage\",\"@id\":\"https:\\\/\\\/darkamazi.info\\\/archives\\\/1025002\",\"url\":\"https:\\\/\\\/darkamazi.info\\\/archives\\\/1025002\",\"name\":\"37 sal di ser ko\u00e7a daw\u00ee ya Yilmaz Guney re derbas b\u00fb - Darka Maz\u00ee\",\"isPartOf\":{\"@id\":\"https:\\\/\\\/darkamazi.info\\\/#website\"},\"primaryImageOfPage\":{\"@id\":\"https:\\\/\\\/darkamazi.info\\\/archives\\\/1025002#primaryimage\"},\"image\":{\"@id\":\"https:\\\/\\\/darkamazi.info\\\/archives\\\/1025002#primaryimage\"},\"thumbnailUrl\":\"https:\\\/\\\/darkamazi.info\\\/darka-content\\\/uploads\\\/2021\\\/09\\\/yilmaz-guney-\u06cc\u0644\u0645\u0627\u0632-\u06af\u0648\u0646\u06d5\u06cc.jpg\",\"datePublished\":\"2021-09-09T18:37:11+00:00\",\"breadcrumb\":{\"@id\":\"https:\\\/\\\/darkamazi.info\\\/archives\\\/1025002#breadcrumb\"},\"inLanguage\":\"en-US\",\"potentialAction\":[{\"@type\":\"ReadAction\",\"target\":[\"https:\\\/\\\/darkamazi.info\\\/archives\\\/1025002\"]}]},{\"@type\":\"ImageObject\",\"inLanguage\":\"en-US\",\"@id\":\"https:\\\/\\\/darkamazi.info\\\/archives\\\/1025002#primaryimage\",\"url\":\"https:\\\/\\\/darkamazi.info\\\/darka-content\\\/uploads\\\/2021\\\/09\\\/yilmaz-guney-\u06cc\u0644\u0645\u0627\u0632-\u06af\u0648\u0646\u06d5\u06cc.jpg\",\"contentUrl\":\"https:\\\/\\\/darkamazi.info\\\/darka-content\\\/uploads\\\/2021\\\/09\\\/yilmaz-guney-\u06cc\u0644\u0645\u0627\u0632-\u06af\u0648\u0646\u06d5\u06cc.jpg\",\"width\":900,\"height\":497,\"caption\":\"37 sal di ser ko\u00e7a daw\u00ee ya Yilmaz Guney re derbas b\u00fb\"},{\"@type\":\"BreadcrumbList\",\"@id\":\"https:\\\/\\\/darkamazi.info\\\/archives\\\/1025002#breadcrumb\",\"itemListElement\":[{\"@type\":\"ListItem\",\"position\":1,\"name\":\"Home\",\"item\":\"https:\\\/\\\/darkamazi.info\\\/\"},{\"@type\":\"ListItem\",\"position\":2,\"name\":\"37 sal di ser ko\u00e7a daw\u00ee ya Yilmaz Guney re derbas b\u00fb\"}]},{\"@type\":\"WebSite\",\"@id\":\"https:\\\/\\\/darkamazi.info\\\/#website\",\"url\":\"https:\\\/\\\/darkamazi.info\\\/\",\"name\":\"Darka Maz\u00ee\",\"description\":\"P\u00eageha Zanyariy\u00ean Nebih\u00eest\u00ee\",\"publisher\":{\"@id\":\"https:\\\/\\\/darkamazi.info\\\/#organization\"},\"potentialAction\":[{\"@type\":\"SearchAction\",\"target\":{\"@type\":\"EntryPoint\",\"urlTemplate\":\"https:\\\/\\\/darkamazi.info\\\/?s={search_term_string}\"},\"query-input\":{\"@type\":\"PropertyValueSpecification\",\"valueRequired\":true,\"valueName\":\"search_term_string\"}}],\"inLanguage\":\"en-US\"},{\"@type\":\"Organization\",\"@id\":\"https:\\\/\\\/darkamazi.info\\\/#organization\",\"name\":\"Darka Maz\u00ee\",\"url\":\"https:\\\/\\\/darkamazi.info\\\/\",\"logo\":{\"@type\":\"ImageObject\",\"inLanguage\":\"en-US\",\"@id\":\"https:\\\/\\\/darkamazi.info\\\/#\\\/schema\\\/logo\\\/image\\\/\",\"url\":\"https:\\\/\\\/darkamazi.info\\\/darka-content\\\/uploads\\\/2017\\\/12\\\/darka-mazi-logo.png\",\"contentUrl\":\"https:\\\/\\\/darkamazi.info\\\/darka-content\\\/uploads\\\/2017\\\/12\\\/darka-mazi-logo.png\",\"width\":151,\"height\":75,\"caption\":\"Darka Maz\u00ee\"},\"image\":{\"@id\":\"https:\\\/\\\/darkamazi.info\\\/#\\\/schema\\\/logo\\\/image\\\/\"},\"sameAs\":[\"https:\\\/\\\/www.facebook.com\\\/DarMaziKurmanci\",\"https:\\\/\\\/x.com\\\/DarkaMaziLatini\",\"https:\\\/\\\/www.instagram.com\\\/darkamazi.kurmanci\\\/\",\"https:\\\/\\\/www.youtube.com\\\/channel\\\/UCa5HkTdmI8U1qCUFuTw8B2g\"]},{\"@type\":\"Person\",\"@id\":\"https:\\\/\\\/darkamazi.info\\\/#\\\/schema\\\/person\\\/5ad3e24553a0567993fa8ed4bd0a776c\",\"name\":\"darka mazi\",\"sameAs\":[\"https:\\\/\\\/darkamazi.info\\\/\"],\"url\":\"https:\\\/\\\/darkamazi.info\\\/archives\\\/author\\\/kurdi\"}]}<\/script>\n<!-- \/ Yoast SEO plugin. -->","seo_head_json":{"title":"37 sal di ser ko\u00e7a daw\u00ee ya Yilmaz Guney re derbas b\u00fb - Darka Maz\u00ee","robots":{"index":"index","follow":"follow","max-snippet":"max-snippet:-1","max-image-preview":"max-image-preview:large","max-video-preview":"max-video-preview:-1"},"canonical":"https:\/\/darkamazi.info\/archives\/1025002","og_locale":"en_US","og_type":"article","og_title":"37 sal di ser ko\u00e7a daw\u00ee ya Yilmaz Guney re derbas b\u00fb - Darka Maz\u00ee","og_description":"\u00cero 37em\u00een salvegera ko\u00e7a daw\u00ee ya s\u00eenemakar, hunermend \u00fb \u015fore\u015fger\u00ea Kurd Yilmaz Guney e. Guney ji ber darbeya 1980\u00ea ya Tirkiy\u00ea ji hemwelatiya Tirkiy\u00ea hatib\u00fb derxistin \u00fb ew ko\u00e7ber\u00ee paytexta Fransa bajar\u00ea Par\u00ees b\u00fbb\u00fb \u00fb li w\u00ea der\u00ea ko\u00e7a daw\u00ee kirib\u00fb \u00fb cenazey\u00ea w\u00ee li wir bo ax\u00ea hatiye spartin. Yilmaz Guney di sala 1937an [&hellip;]","og_url":"https:\/\/darkamazi.info\/archives\/1025002","og_site_name":"Darka Maz\u00ee","article_publisher":"https:\/\/www.facebook.com\/DarMaziKurmanci","article_published_time":"2021-09-09T18:37:11+00:00","og_image":[{"width":900,"height":497,"url":"https:\/\/darkamazi.info\/file\/2021\/09\/yilmaz-guney-\u06cc\u0644\u0645\u0627\u0632-\u06af\u0648\u0646\u06d5\u06cc.jpg","type":"image\/jpeg"}],"author":"darka mazi","twitter_card":"summary_large_image","twitter_creator":"@DarkaMaziLatini","twitter_site":"@DarkaMaziLatini","twitter_misc":{"Written by":"darka mazi","Est. reading time":"2 minutes"},"schema":{"@context":"https:\/\/schema.org","@graph":[{"@type":"Article","@id":"https:\/\/darkamazi.info\/archives\/1025002#article","isPartOf":{"@id":"https:\/\/darkamazi.info\/archives\/1025002"},"author":{"name":"darka mazi","@id":"https:\/\/darkamazi.info\/#\/schema\/person\/5ad3e24553a0567993fa8ed4bd0a776c"},"headline":"37 sal di ser ko\u00e7a daw\u00ee ya Yilmaz Guney re derbas b\u00fb","datePublished":"2021-09-09T18:37:11+00:00","mainEntityOfPage":{"@id":"https:\/\/darkamazi.info\/archives\/1025002"},"wordCount":471,"publisher":{"@id":"https:\/\/darkamazi.info\/#organization"},"image":{"@id":"https:\/\/darkamazi.info\/archives\/1025002#primaryimage"},"thumbnailUrl":"https:\/\/darkamazi.info\/file\/2021\/09\/yilmaz-guney-\u06cc\u0644\u0645\u0627\u0632-\u06af\u0648\u0646\u06d5\u06cc.jpg","keywords":["sereke"],"articleSection":["\u00c7and \u00db Huner","Hemereng"],"inLanguage":"en-US"},{"@type":"WebPage","@id":"https:\/\/darkamazi.info\/archives\/1025002","url":"https:\/\/darkamazi.info\/archives\/1025002","name":"37 sal di ser ko\u00e7a daw\u00ee ya Yilmaz Guney re derbas b\u00fb - Darka Maz\u00ee","isPartOf":{"@id":"https:\/\/darkamazi.info\/#website"},"primaryImageOfPage":{"@id":"https:\/\/darkamazi.info\/archives\/1025002#primaryimage"},"image":{"@id":"https:\/\/darkamazi.info\/archives\/1025002#primaryimage"},"thumbnailUrl":"https:\/\/darkamazi.info\/file\/2021\/09\/yilmaz-guney-\u06cc\u0644\u0645\u0627\u0632-\u06af\u0648\u0646\u06d5\u06cc.jpg","datePublished":"2021-09-09T18:37:11+00:00","breadcrumb":{"@id":"https:\/\/darkamazi.info\/archives\/1025002#breadcrumb"},"inLanguage":"en-US","potentialAction":[{"@type":"ReadAction","target":["https:\/\/darkamazi.info\/archives\/1025002"]}]},{"@type":"ImageObject","inLanguage":"en-US","@id":"https:\/\/darkamazi.info\/archives\/1025002#primaryimage","url":"https:\/\/darkamazi.info\/file\/2021\/09\/yilmaz-guney-\u06cc\u0644\u0645\u0627\u0632-\u06af\u0648\u0646\u06d5\u06cc.jpg","contentUrl":"https:\/\/darkamazi.info\/file\/2021\/09\/yilmaz-guney-\u06cc\u0644\u0645\u0627\u0632-\u06af\u0648\u0646\u06d5\u06cc.jpg","width":900,"height":497,"caption":"37 sal di ser ko\u00e7a daw\u00ee ya Yilmaz Guney re derbas b\u00fb"},{"@type":"BreadcrumbList","@id":"https:\/\/darkamazi.info\/archives\/1025002#breadcrumb","itemListElement":[{"@type":"ListItem","position":1,"name":"Home","item":"https:\/\/darkamazi.info\/"},{"@type":"ListItem","position":2,"name":"37 sal di ser ko\u00e7a daw\u00ee ya Yilmaz Guney re derbas b\u00fb"}]},{"@type":"WebSite","@id":"https:\/\/darkamazi.info\/#website","url":"https:\/\/darkamazi.info\/","name":"Darka Maz\u00ee","description":"P\u00eageha Zanyariy\u00ean Nebih\u00eest\u00ee","publisher":{"@id":"https:\/\/darkamazi.info\/#organization"},"potentialAction":[{"@type":"SearchAction","target":{"@type":"EntryPoint","urlTemplate":"https:\/\/darkamazi.info\/?s={search_term_string}"},"query-input":{"@type":"PropertyValueSpecification","valueRequired":true,"valueName":"search_term_string"}}],"inLanguage":"en-US"},{"@type":"Organization","@id":"https:\/\/darkamazi.info\/#organization","name":"Darka Maz\u00ee","url":"https:\/\/darkamazi.info\/","logo":{"@type":"ImageObject","inLanguage":"en-US","@id":"https:\/\/darkamazi.info\/#\/schema\/logo\/image\/","url":"https:\/\/darkamazi.info\/file\/2017\/12\/darka-mazi-logo.png","contentUrl":"https:\/\/darkamazi.info\/file\/2017\/12\/darka-mazi-logo.png","width":151,"height":75,"caption":"Darka Maz\u00ee"},"image":{"@id":"https:\/\/darkamazi.info\/#\/schema\/logo\/image\/"},"sameAs":["https:\/\/www.facebook.com\/DarMaziKurmanci","https:\/\/x.com\/DarkaMaziLatini","https:\/\/www.instagram.com\/darkamazi.kurmanci\/","https:\/\/www.youtube.com\/channel\/UCa5HkTdmI8U1qCUFuTw8B2g"]},{"@type":"Person","@id":"https:\/\/darkamazi.info\/#\/schema\/person\/5ad3e24553a0567993fa8ed4bd0a776c","name":"darka mazi","sameAs":["https:\/\/darkamazi.info\/"],"url":"https:\/\/darkamazi.info\/archives\/author\/kurdi"}]}},"_links":{"self":[{"href":"https:\/\/darkamazi.info\/funavuv\/wp\/v2\/posts\/1025002","targetHints":{"allow":["GET"]}}],"collection":[{"href":"https:\/\/darkamazi.info\/funavuv\/wp\/v2\/posts"}],"about":[{"href":"https:\/\/darkamazi.info\/funavuv\/wp\/v2\/types\/post"}],"author":[{"embeddable":true,"href":"https:\/\/darkamazi.info\/funavuv\/wp\/v2\/users\/2"}],"replies":[{"embeddable":true,"href":"https:\/\/darkamazi.info\/funavuv\/wp\/v2\/comments?post=1025002"}],"version-history":[{"count":0,"href":"https:\/\/darkamazi.info\/funavuv\/wp\/v2\/posts\/1025002\/revisions"}],"wp:featuredmedia":[{"embeddable":true,"href":"https:\/\/darkamazi.info\/funavuv\/wp\/v2\/media\/1025003"}],"wp:attachment":[{"href":"https:\/\/darkamazi.info\/funavuv\/wp\/v2\/media?parent=1025002"}],"wp:term":[{"taxonomy":"category","embeddable":true,"href":"https:\/\/darkamazi.info\/funavuv\/wp\/v2\/categories?post=1025002"},{"taxonomy":"post_tag","embeddable":true,"href":"https:\/\/darkamazi.info\/funavuv\/wp\/v2\/tags?post=1025002"}],"curies":[{"name":"wp","href":"https:\/\/api.w.org\/{rel}","templated":true}]}}