{"id":1025313,"date":"2021-09-11T15:33:47","date_gmt":"2021-09-11T12:33:47","guid":{"rendered":"https:\/\/darkamazi.info\/?p=1025313"},"modified":"2021-09-11T15:33:47","modified_gmt":"2021-09-11T12:33:47","slug":"pak-soresa-ilone-ya-her-4-perceyen-kurdistane-bu","status":"publish","type":"post","link":"https:\/\/darkamazi.info\/archives\/1025313","title":{"rendered":"PAK: \u015eore\u015fa \u00celon\u00ea ya her 4 per\u00e7ey\u00ean Kurdistan\u00ea b\u00fb"},"content":{"rendered":"<h3 style=\"text-align: justify\"><span style=\"font-family: 'arial black', sans-serif\">Buroya \u00c7apemen\u00ee \u00fb Ragehandin\u00ea ya PAK\u00ea di salvegera 60 a \u015eore\u015fa \u00celon\u00ea de peyamek belav kir \u00fb t\u00ea de ragihand, \u201c\u015eore\u015fa \u00celon\u00ea, p\u00eal \u00fb bahozeke xurt \u00fb mezin b\u00fb ku ev ewr\u00ean re\u015f ji ser ezman\u00ea her \u00e7ar per\u00e7ey\u00ean Kurdistan\u00ea d\u00fbr xist; h\u00eav\u00ee \u00fb hest \u00fb b\u00eer \u00fb bawer\u00eeya netew\u00ee, ni\u015ftiman\u00ee careke din li her \u00e7ar per\u00e7ey\u00ean Kurdistan\u00ea vejand\u201d.<\/span><\/h3>\n<h3 style=\"text-align: justify\"><span style=\"font-family: 'arial black', sans-serif;color: #820404\">Peyama Buroya \u00c7apemen\u00ee \u00fb Ragehandin\u00ea ya PAK\u00ea:<\/span><\/h3>\n<h3 style=\"text-align: justify\"><span style=\"font-family: arial, helvetica, sans-serif\">\u00cero 60em\u00een salvegera \u015eore\u015fa \u00celon\u00ea ye. Di 11y\u00ea \u00eelona 1961\u00ea de bi r\u00eaberat\u00eeya Mele Mustafa Barzan\u00eey\u00ea nemir \u00fb Part\u00eeya Demokrat a Kurdistan\u00ea de, gel\u00ea me y\u00ea Ba\u015f\u00fbr\u00ea Kurdistan\u00ea li dij\u00ee Dewleta Iraq\u00ea ser\u00ee hilda.<\/span><\/h3>\n<h3 style=\"text-align: justify\"><span style=\"font-family: arial, helvetica, sans-serif\">Pi\u015ft\u00ee ku berxwedana D\u00earsim\u00ea bi jenos\u00eedeke mezin hate pel\u00e7iqandin \u00fb pi\u015ft\u00ee ku Komara Kurdistan\u00ea(Komara Mehabad\u00ea) hate r\u00fbxandin, demeke dir\u00eaj ewr\u00ean re\u015f, b\u00eadeng\u00ee \u00fb \u015fikesteke mezin xwe berda ser ezman\u00ea \u00a0her \u00e7ar per\u00e7ey\u00ean Kurdistan\u00ea.<\/span><\/h3>\n<h3 style=\"text-align: justify\"><span style=\"font-family: arial, helvetica, sans-serif\">\u015eore\u015fa \u00celon\u00ea, p\u00eal \u00fb bahozeke xurt \u00fb mezin b\u00fb ku ev ewr\u00ean re\u015f ji ser ezman\u00ea her \u00e7ar per\u00e7ey\u00ean Kurdistan\u00ea d\u00fbr xist; h\u00eav\u00ee \u00fb hest \u00fb b\u00eer \u00fb bawer\u00eeya netew\u00ee, ni\u015ftiman\u00ee careke din li her \u00e7ar per\u00e7ey\u00ean Kurdistan\u00ea vejand.<\/span><\/h3>\n<h3 style=\"text-align: justify\"><span style=\"font-family: arial, helvetica, sans-serif\">\u015eore\u015fa \u00celon\u00ea \u015fore\u015fa her \u00e7ar per\u00e7ey\u00ean Kurdistan\u00ea b\u00fb. \u015eore\u015fa \u00eelon\u00ea li her \u00e7ar per\u00e7ey\u00ean Kurdistan\u00ea, li her \u00e7ar al\u00eey\u00ea c\u00eehan\u00ea ji n\u00fb ve agir\u00ea vej\u00eena Kurdayet\u00eey\u00ea p\u00eaxist.<\/span><\/h3>\n<h3 style=\"text-align: justify\"><span style=\"font-family: arial, helvetica, sans-serif\">Pi\u015ft\u00ee \u015eore\u015fa \u00celon\u00ea 9 salan, pi\u015ft\u00ee ser\u00eehildana gel\u00ea me ya qehremanane, Dewleta Iraq\u00ea pa\u015fde gav av\u00eat \u00fb na\u00e7ar ma ku li gel Mele Mustafa Barzan\u00eey\u00ea nemir r\u00fbne.<\/span><\/h3>\n<h3 style=\"text-align: justify\"><span style=\"font-family: arial, helvetica, sans-serif\">Roja 11. 03. 1970an R\u00eaberat\u00eeya \u015eore\u015fa Ba\u015f\u00fbr\u00ea Kurdistana(Part\u00eeya Demokrat a Kurdistan\u00ea) \u00fb Dewleta Iraq\u00ea(Part\u00eeya Baas\u00ea) Peymana Otonom\u00eey\u00ea \u00eemza kirin, ku maf\u00ean gel\u00ea Kurdistan\u00ea y\u00ean \u00eedar\u00ee, siyas\u00ee, abor\u00ee \u00fb \u00e7and\u00ee hatin naskirin \u00fb s\u00eestema otonom\u00eey\u00ea, ango s\u00eestema xwe bir\u00eavebirin\u00ea hate damezrandin.<\/span><\/h3>\n<h3 style=\"text-align: justify\"><span style=\"font-family: arial, helvetica, sans-serif\">Em di 60em\u00een salvegera \u015eore\u015fa \u00celon\u00ea de, bi hest \u00fb b\u00eer\u00a0\u00fb bawer\u00eey\u00ean xwe y\u00ean netew\u00ee, ni\u015ftiman\u00ee \u015eore\u015fa \u00celon\u00ea weke \u015fore\u015fa xwe dib\u00eenin \u00fb Mele Mustafa Barzan\u00eey\u00ea nemir \u00fb hem\u00fb \u015feh\u00eed \u00fb kedkar\u00ean \u015eore\u015fa \u00eelon\u00ea bi giram\u00ee bib\u00eert\u00eenin.<\/span><\/h3>\n","protected":false},"excerpt":{"rendered":"<p>Buroya \u00c7apemen\u00ee \u00fb Ragehandin\u00ea ya PAK\u00ea di salvegera 60 a \u015eore\u015fa \u00celon\u00ea de peyamek belav kir \u00fb t\u00ea de ragihand, \u201c\u015eore\u015fa \u00celon\u00ea, p\u00eal \u00fb bahozeke xurt \u00fb mezin b\u00fb ku ev ewr\u00ean re\u015f ji ser ezman\u00ea her \u00e7ar per\u00e7ey\u00ean Kurdistan\u00ea d\u00fbr xist; h\u00eav\u00ee \u00fb hest \u00fb b\u00eer \u00fb bawer\u00eeya netew\u00ee, ni\u015ftiman\u00ee careke din li her [&hellip;]<\/p>\n","protected":false},"author":2,"featured_media":1025315,"comment_status":"closed","ping_status":"closed","sticky":false,"template":"","format":"standard","meta":{"footnotes":""},"categories":[29],"tags":[37],"class_list":["post-1025313","post","type-post","status-publish","format-standard","has-post-thumbnail","hentry","category-kurdistan","tag-sereke"],"blocksy_meta":[],"seo_head":"<!-- This site is optimized with the Yoast SEO plugin v27.5 - https:\/\/yoast.com\/product\/yoast-seo-wordpress\/ -->\n<title>PAK: \u015eore\u015fa \u00celon\u00ea ya her 4 per\u00e7ey\u00ean Kurdistan\u00ea b\u00fb - Darka Maz\u00ee<\/title>\n<meta name=\"robots\" content=\"index, follow, max-snippet:-1, max-image-preview:large, max-video-preview:-1\" \/>\n<link rel=\"canonical\" href=\"https:\/\/darkamazi.info\/archives\/1025313\" \/>\n<meta property=\"og:locale\" content=\"en_US\" \/>\n<meta property=\"og:type\" content=\"article\" \/>\n<meta property=\"og:title\" content=\"PAK: \u015eore\u015fa \u00celon\u00ea ya her 4 per\u00e7ey\u00ean Kurdistan\u00ea b\u00fb - Darka Maz\u00ee\" \/>\n<meta property=\"og:description\" content=\"Buroya \u00c7apemen\u00ee \u00fb Ragehandin\u00ea ya PAK\u00ea di salvegera 60 a \u015eore\u015fa \u00celon\u00ea de peyamek belav kir \u00fb t\u00ea de ragihand, \u201c\u015eore\u015fa \u00celon\u00ea, p\u00eal \u00fb bahozeke xurt \u00fb mezin b\u00fb ku ev ewr\u00ean re\u015f ji ser ezman\u00ea her \u00e7ar per\u00e7ey\u00ean Kurdistan\u00ea d\u00fbr xist; h\u00eav\u00ee \u00fb hest \u00fb b\u00eer \u00fb bawer\u00eeya netew\u00ee, ni\u015ftiman\u00ee careke din li her [&hellip;]\" \/>\n<meta property=\"og:url\" content=\"https:\/\/darkamazi.info\/archives\/1025313\" \/>\n<meta property=\"og:site_name\" content=\"Darka Maz\u00ee\" \/>\n<meta property=\"article:publisher\" content=\"https:\/\/www.facebook.com\/DarMaziKurmanci\" \/>\n<meta property=\"article:published_time\" content=\"2021-09-11T12:33:47+00:00\" \/>\n<meta property=\"og:image\" content=\"https:\/\/darkamazi.info\/file\/2021\/09\/PAK-Soresa-Ilone-2.jpg\" \/>\n\t<meta property=\"og:image:width\" content=\"900\" \/>\n\t<meta property=\"og:image:height\" content=\"497\" \/>\n\t<meta property=\"og:image:type\" content=\"image\/jpeg\" \/>\n<meta name=\"author\" content=\"darka mazi\" \/>\n<meta name=\"twitter:card\" content=\"summary_large_image\" \/>\n<meta name=\"twitter:creator\" content=\"@DarkaMaziLatini\" \/>\n<meta name=\"twitter:site\" content=\"@DarkaMaziLatini\" \/>\n<meta name=\"twitter:label1\" content=\"Written by\" \/>\n\t<meta name=\"twitter:data1\" content=\"darka mazi\" \/>\n\t<meta name=\"twitter:label2\" content=\"Est. reading time\" \/>\n\t<meta name=\"twitter:data2\" content=\"2 minutes\" \/>\n<script type=\"application\/ld+json\" class=\"seo-schema-graph\">{\"@context\":\"https:\\\/\\\/schema.org\",\"@graph\":[{\"@type\":\"Article\",\"@id\":\"https:\\\/\\\/darkamazi.info\\\/archives\\\/1025313#article\",\"isPartOf\":{\"@id\":\"https:\\\/\\\/darkamazi.info\\\/archives\\\/1025313\"},\"author\":{\"name\":\"darka mazi\",\"@id\":\"https:\\\/\\\/darkamazi.info\\\/#\\\/schema\\\/person\\\/5ad3e24553a0567993fa8ed4bd0a776c\"},\"headline\":\"PAK: \u015eore\u015fa \u00celon\u00ea ya her 4 per\u00e7ey\u00ean Kurdistan\u00ea b\u00fb\",\"datePublished\":\"2021-09-11T12:33:47+00:00\",\"mainEntityOfPage\":{\"@id\":\"https:\\\/\\\/darkamazi.info\\\/archives\\\/1025313\"},\"wordCount\":381,\"publisher\":{\"@id\":\"https:\\\/\\\/darkamazi.info\\\/#organization\"},\"image\":{\"@id\":\"https:\\\/\\\/darkamazi.info\\\/archives\\\/1025313#primaryimage\"},\"thumbnailUrl\":\"https:\\\/\\\/darkamazi.info\\\/darka-content\\\/uploads\\\/2021\\\/09\\\/PAK-Soresa-Ilone-2.jpg\",\"keywords\":[\"sereke\"],\"articleSection\":[\"Kurdistan\"],\"inLanguage\":\"en-US\"},{\"@type\":\"WebPage\",\"@id\":\"https:\\\/\\\/darkamazi.info\\\/archives\\\/1025313\",\"url\":\"https:\\\/\\\/darkamazi.info\\\/archives\\\/1025313\",\"name\":\"PAK: \u015eore\u015fa \u00celon\u00ea ya her 4 per\u00e7ey\u00ean Kurdistan\u00ea b\u00fb - Darka Maz\u00ee\",\"isPartOf\":{\"@id\":\"https:\\\/\\\/darkamazi.info\\\/#website\"},\"primaryImageOfPage\":{\"@id\":\"https:\\\/\\\/darkamazi.info\\\/archives\\\/1025313#primaryimage\"},\"image\":{\"@id\":\"https:\\\/\\\/darkamazi.info\\\/archives\\\/1025313#primaryimage\"},\"thumbnailUrl\":\"https:\\\/\\\/darkamazi.info\\\/darka-content\\\/uploads\\\/2021\\\/09\\\/PAK-Soresa-Ilone-2.jpg\",\"datePublished\":\"2021-09-11T12:33:47+00:00\",\"breadcrumb\":{\"@id\":\"https:\\\/\\\/darkamazi.info\\\/archives\\\/1025313#breadcrumb\"},\"inLanguage\":\"en-US\",\"potentialAction\":[{\"@type\":\"ReadAction\",\"target\":[\"https:\\\/\\\/darkamazi.info\\\/archives\\\/1025313\"]}]},{\"@type\":\"ImageObject\",\"inLanguage\":\"en-US\",\"@id\":\"https:\\\/\\\/darkamazi.info\\\/archives\\\/1025313#primaryimage\",\"url\":\"https:\\\/\\\/darkamazi.info\\\/darka-content\\\/uploads\\\/2021\\\/09\\\/PAK-Soresa-Ilone-2.jpg\",\"contentUrl\":\"https:\\\/\\\/darkamazi.info\\\/darka-content\\\/uploads\\\/2021\\\/09\\\/PAK-Soresa-Ilone-2.jpg\",\"width\":900,\"height\":497,\"caption\":\"PAK \u015eore\u015fa \u00celon\u00ea (2)\"},{\"@type\":\"BreadcrumbList\",\"@id\":\"https:\\\/\\\/darkamazi.info\\\/archives\\\/1025313#breadcrumb\",\"itemListElement\":[{\"@type\":\"ListItem\",\"position\":1,\"name\":\"Home\",\"item\":\"https:\\\/\\\/darkamazi.info\\\/\"},{\"@type\":\"ListItem\",\"position\":2,\"name\":\"PAK: \u015eore\u015fa \u00celon\u00ea ya her 4 per\u00e7ey\u00ean Kurdistan\u00ea b\u00fb\"}]},{\"@type\":\"WebSite\",\"@id\":\"https:\\\/\\\/darkamazi.info\\\/#website\",\"url\":\"https:\\\/\\\/darkamazi.info\\\/\",\"name\":\"Darka Maz\u00ee\",\"description\":\"P\u00eageha Zanyariy\u00ean Nebih\u00eest\u00ee\",\"publisher\":{\"@id\":\"https:\\\/\\\/darkamazi.info\\\/#organization\"},\"potentialAction\":[{\"@type\":\"SearchAction\",\"target\":{\"@type\":\"EntryPoint\",\"urlTemplate\":\"https:\\\/\\\/darkamazi.info\\\/?s={search_term_string}\"},\"query-input\":{\"@type\":\"PropertyValueSpecification\",\"valueRequired\":true,\"valueName\":\"search_term_string\"}}],\"inLanguage\":\"en-US\"},{\"@type\":\"Organization\",\"@id\":\"https:\\\/\\\/darkamazi.info\\\/#organization\",\"name\":\"Darka Maz\u00ee\",\"url\":\"https:\\\/\\\/darkamazi.info\\\/\",\"logo\":{\"@type\":\"ImageObject\",\"inLanguage\":\"en-US\",\"@id\":\"https:\\\/\\\/darkamazi.info\\\/#\\\/schema\\\/logo\\\/image\\\/\",\"url\":\"https:\\\/\\\/darkamazi.info\\\/darka-content\\\/uploads\\\/2017\\\/12\\\/darka-mazi-logo.png\",\"contentUrl\":\"https:\\\/\\\/darkamazi.info\\\/darka-content\\\/uploads\\\/2017\\\/12\\\/darka-mazi-logo.png\",\"width\":151,\"height\":75,\"caption\":\"Darka Maz\u00ee\"},\"image\":{\"@id\":\"https:\\\/\\\/darkamazi.info\\\/#\\\/schema\\\/logo\\\/image\\\/\"},\"sameAs\":[\"https:\\\/\\\/www.facebook.com\\\/DarMaziKurmanci\",\"https:\\\/\\\/x.com\\\/DarkaMaziLatini\",\"https:\\\/\\\/www.instagram.com\\\/darkamazi.kurmanci\\\/\",\"https:\\\/\\\/www.youtube.com\\\/channel\\\/UCa5HkTdmI8U1qCUFuTw8B2g\"]},{\"@type\":\"Person\",\"@id\":\"https:\\\/\\\/darkamazi.info\\\/#\\\/schema\\\/person\\\/5ad3e24553a0567993fa8ed4bd0a776c\",\"name\":\"darka mazi\",\"sameAs\":[\"https:\\\/\\\/darkamazi.info\\\/\"],\"url\":\"https:\\\/\\\/darkamazi.info\\\/archives\\\/author\\\/kurdi\"}]}<\/script>\n<!-- \/ Yoast SEO plugin. -->","seo_head_json":{"title":"PAK: \u015eore\u015fa \u00celon\u00ea ya her 4 per\u00e7ey\u00ean Kurdistan\u00ea b\u00fb - Darka Maz\u00ee","robots":{"index":"index","follow":"follow","max-snippet":"max-snippet:-1","max-image-preview":"max-image-preview:large","max-video-preview":"max-video-preview:-1"},"canonical":"https:\/\/darkamazi.info\/archives\/1025313","og_locale":"en_US","og_type":"article","og_title":"PAK: \u015eore\u015fa \u00celon\u00ea ya her 4 per\u00e7ey\u00ean Kurdistan\u00ea b\u00fb - Darka Maz\u00ee","og_description":"Buroya \u00c7apemen\u00ee \u00fb Ragehandin\u00ea ya PAK\u00ea di salvegera 60 a \u015eore\u015fa \u00celon\u00ea de peyamek belav kir \u00fb t\u00ea de ragihand, \u201c\u015eore\u015fa \u00celon\u00ea, p\u00eal \u00fb bahozeke xurt \u00fb mezin b\u00fb ku ev ewr\u00ean re\u015f ji ser ezman\u00ea her \u00e7ar per\u00e7ey\u00ean Kurdistan\u00ea d\u00fbr xist; h\u00eav\u00ee \u00fb hest \u00fb b\u00eer \u00fb bawer\u00eeya netew\u00ee, ni\u015ftiman\u00ee careke din li her [&hellip;]","og_url":"https:\/\/darkamazi.info\/archives\/1025313","og_site_name":"Darka Maz\u00ee","article_publisher":"https:\/\/www.facebook.com\/DarMaziKurmanci","article_published_time":"2021-09-11T12:33:47+00:00","og_image":[{"width":900,"height":497,"url":"https:\/\/darkamazi.info\/file\/2021\/09\/PAK-Soresa-Ilone-2.jpg","type":"image\/jpeg"}],"author":"darka mazi","twitter_card":"summary_large_image","twitter_creator":"@DarkaMaziLatini","twitter_site":"@DarkaMaziLatini","twitter_misc":{"Written by":"darka mazi","Est. reading time":"2 minutes"},"schema":{"@context":"https:\/\/schema.org","@graph":[{"@type":"Article","@id":"https:\/\/darkamazi.info\/archives\/1025313#article","isPartOf":{"@id":"https:\/\/darkamazi.info\/archives\/1025313"},"author":{"name":"darka mazi","@id":"https:\/\/darkamazi.info\/#\/schema\/person\/5ad3e24553a0567993fa8ed4bd0a776c"},"headline":"PAK: \u015eore\u015fa \u00celon\u00ea ya her 4 per\u00e7ey\u00ean Kurdistan\u00ea b\u00fb","datePublished":"2021-09-11T12:33:47+00:00","mainEntityOfPage":{"@id":"https:\/\/darkamazi.info\/archives\/1025313"},"wordCount":381,"publisher":{"@id":"https:\/\/darkamazi.info\/#organization"},"image":{"@id":"https:\/\/darkamazi.info\/archives\/1025313#primaryimage"},"thumbnailUrl":"https:\/\/darkamazi.info\/file\/2021\/09\/PAK-Soresa-Ilone-2.jpg","keywords":["sereke"],"articleSection":["Kurdistan"],"inLanguage":"en-US"},{"@type":"WebPage","@id":"https:\/\/darkamazi.info\/archives\/1025313","url":"https:\/\/darkamazi.info\/archives\/1025313","name":"PAK: \u015eore\u015fa \u00celon\u00ea ya her 4 per\u00e7ey\u00ean Kurdistan\u00ea b\u00fb - Darka Maz\u00ee","isPartOf":{"@id":"https:\/\/darkamazi.info\/#website"},"primaryImageOfPage":{"@id":"https:\/\/darkamazi.info\/archives\/1025313#primaryimage"},"image":{"@id":"https:\/\/darkamazi.info\/archives\/1025313#primaryimage"},"thumbnailUrl":"https:\/\/darkamazi.info\/file\/2021\/09\/PAK-Soresa-Ilone-2.jpg","datePublished":"2021-09-11T12:33:47+00:00","breadcrumb":{"@id":"https:\/\/darkamazi.info\/archives\/1025313#breadcrumb"},"inLanguage":"en-US","potentialAction":[{"@type":"ReadAction","target":["https:\/\/darkamazi.info\/archives\/1025313"]}]},{"@type":"ImageObject","inLanguage":"en-US","@id":"https:\/\/darkamazi.info\/archives\/1025313#primaryimage","url":"https:\/\/darkamazi.info\/file\/2021\/09\/PAK-Soresa-Ilone-2.jpg","contentUrl":"https:\/\/darkamazi.info\/file\/2021\/09\/PAK-Soresa-Ilone-2.jpg","width":900,"height":497,"caption":"PAK \u015eore\u015fa \u00celon\u00ea (2)"},{"@type":"BreadcrumbList","@id":"https:\/\/darkamazi.info\/archives\/1025313#breadcrumb","itemListElement":[{"@type":"ListItem","position":1,"name":"Home","item":"https:\/\/darkamazi.info\/"},{"@type":"ListItem","position":2,"name":"PAK: \u015eore\u015fa \u00celon\u00ea ya her 4 per\u00e7ey\u00ean Kurdistan\u00ea b\u00fb"}]},{"@type":"WebSite","@id":"https:\/\/darkamazi.info\/#website","url":"https:\/\/darkamazi.info\/","name":"Darka Maz\u00ee","description":"P\u00eageha Zanyariy\u00ean Nebih\u00eest\u00ee","publisher":{"@id":"https:\/\/darkamazi.info\/#organization"},"potentialAction":[{"@type":"SearchAction","target":{"@type":"EntryPoint","urlTemplate":"https:\/\/darkamazi.info\/?s={search_term_string}"},"query-input":{"@type":"PropertyValueSpecification","valueRequired":true,"valueName":"search_term_string"}}],"inLanguage":"en-US"},{"@type":"Organization","@id":"https:\/\/darkamazi.info\/#organization","name":"Darka Maz\u00ee","url":"https:\/\/darkamazi.info\/","logo":{"@type":"ImageObject","inLanguage":"en-US","@id":"https:\/\/darkamazi.info\/#\/schema\/logo\/image\/","url":"https:\/\/darkamazi.info\/file\/2017\/12\/darka-mazi-logo.png","contentUrl":"https:\/\/darkamazi.info\/file\/2017\/12\/darka-mazi-logo.png","width":151,"height":75,"caption":"Darka Maz\u00ee"},"image":{"@id":"https:\/\/darkamazi.info\/#\/schema\/logo\/image\/"},"sameAs":["https:\/\/www.facebook.com\/DarMaziKurmanci","https:\/\/x.com\/DarkaMaziLatini","https:\/\/www.instagram.com\/darkamazi.kurmanci\/","https:\/\/www.youtube.com\/channel\/UCa5HkTdmI8U1qCUFuTw8B2g"]},{"@type":"Person","@id":"https:\/\/darkamazi.info\/#\/schema\/person\/5ad3e24553a0567993fa8ed4bd0a776c","name":"darka mazi","sameAs":["https:\/\/darkamazi.info\/"],"url":"https:\/\/darkamazi.info\/archives\/author\/kurdi"}]}},"_links":{"self":[{"href":"https:\/\/darkamazi.info\/funavuv\/wp\/v2\/posts\/1025313","targetHints":{"allow":["GET"]}}],"collection":[{"href":"https:\/\/darkamazi.info\/funavuv\/wp\/v2\/posts"}],"about":[{"href":"https:\/\/darkamazi.info\/funavuv\/wp\/v2\/types\/post"}],"author":[{"embeddable":true,"href":"https:\/\/darkamazi.info\/funavuv\/wp\/v2\/users\/2"}],"replies":[{"embeddable":true,"href":"https:\/\/darkamazi.info\/funavuv\/wp\/v2\/comments?post=1025313"}],"version-history":[{"count":0,"href":"https:\/\/darkamazi.info\/funavuv\/wp\/v2\/posts\/1025313\/revisions"}],"wp:featuredmedia":[{"embeddable":true,"href":"https:\/\/darkamazi.info\/funavuv\/wp\/v2\/media\/1025315"}],"wp:attachment":[{"href":"https:\/\/darkamazi.info\/funavuv\/wp\/v2\/media?parent=1025313"}],"wp:term":[{"taxonomy":"category","embeddable":true,"href":"https:\/\/darkamazi.info\/funavuv\/wp\/v2\/categories?post=1025313"},{"taxonomy":"post_tag","embeddable":true,"href":"https:\/\/darkamazi.info\/funavuv\/wp\/v2\/tags?post=1025313"}],"curies":[{"name":"wp","href":"https:\/\/api.w.org\/{rel}","templated":true}]}}