{"id":1025409,"date":"2021-09-13T19:52:08","date_gmt":"2021-09-13T16:52:08","guid":{"rendered":"https:\/\/darkamazi.info\/?p=1025409"},"modified":"2021-09-13T20:23:45","modified_gmt":"2021-09-13T17:23:45","slug":"salih-muslim-ji-xew-rabu-2","status":"publish","type":"post","link":"https:\/\/darkamazi.info\/archives\/1025409","title":{"rendered":"Salih Muslim ji xew rab\u00fb-2"},"content":{"rendered":"<ul>\n<li>\n<h3><span style=\"color: #0000ff;font-family: 'arial black', sans-serif\">Simko Ebdulez\u00eez<\/span><\/h3>\n<\/li>\n<li>\n<h3><span style=\"color: #8c0a0a;font-family: 'arial black', sans-serif\">Be\u015fa 2: Ew ware l\u00ea ne ew buhare<\/span><\/h3>\n<\/li>\n<\/ul>\n<h3 style=\"text-align: justify\"><span style=\"font-family: 'arial black', sans-serif\">Di berdewamiya daxuyaniya xwe de a bi ANF\u00ea re, Salih Muslim li ser du mijar\u00ean din peyiv\u00ee, mijar j\u00ee ger\u00eela \u00fb p\u00ea\u015fmerge b\u00fbn.<\/span><\/h3>\n<h3 style=\"text-align: justify\">Salih Muslim derbara ger\u00eela de dib\u00eaje: ger\u00eela li her \u00e7ar per\u00e7ey\u00ean Kurdistan\u00ea jibo rizgar b\u00fbna Kurdistan\u00ea kom\u00ee ser hev b\u00fbne.<\/h3>\n<h3 style=\"text-align: justify\">Ev gotin heya radeyek\u00ee raste, l\u00ea ne li cem serkirdayetiya PKK\u00ea, belku li cem ger\u00eelayan bi xwe, jiberku roja ger\u00eela biryar day\u00ee \u00e7ek hilgire ji b\u00fb rizgar b\u00fbna Kurdistan\u00ea b\u00fb.<\/h3>\n<h3 style=\"text-align: justify\">Nav\u00ea r\u00eaxistina \u00e7ekdar\u00ee ya PKK\u00ea li serdema \u015feh\u00eed &#8220;Mahs\u00fbm Qorqmaz&#8221; bi nav\u00ea HRK (H\u00eaza Rizgariya Kurdistan\u00ea) b\u00fb, jiber nav\u00ea Rizgariya Kurdistan\u00ea bi hezaran ke\u00e7 \u00fb kur\u00ean kurd dest li jiyana xwe a siv\u00eel berdan \u00fb \u00e7\u00fbn \u00e7iya \u00fb \u00e7ek\u00ea parastina nam\u00fbs \u00fb berxwedan\u00ea hilgirt \u00fb can\u00ea xwe kirine qurban\u00ee Kurdistana dayik, van ciwan\u00ean kurd ne jiboy biratiya gelan belku jiboy azadkirina kurdan \u00fb xaka p\u00eeroza Kurdistan\u00ea, da ku di bin ala reng\u00een a Kurdistan\u00ea de jiyan bikin can\u00ea xwe feda kir.<\/h3>\n<h3 style=\"text-align: justify\">L\u00ea niha ev ger\u00eela ji aliy\u00ea serkirdatiya PKK\u00ea hatine xapandin \u00fb em dikarin bib\u00eajin, \u00eexanet li van ciwanan hatiye kirin, bi ti awa \u00eexanet li wan hate kirin?? Ger\u00eelay\u00ean leheng hatb\u00fbn ku di bin seywana h\u00eaza rizgariya Kurdistan\u00ea de xebat\u00ea ji boy rizgariya Kurdistan\u00ea bikin \u00fb jiyana xwe \u00fb malbata xwe xiste di xeterey\u00ea de, bi hezaran malbat\u00ean kurd hene ku bi sedema tevl\u00eeb\u00fbna zarok\u00ean wan ji boy nava ref\u00ean ger\u00eelayan de derbeder b\u00fbne \u00fb li kolan\u00ean metropol\u00ean Tirkiy\u00ea weke \u00eat\u00eem \u00fb s\u00eaw\u00eeyan jiyan dikin, dema ku ew ger\u00eela bikeve di dest\u00ea dewleta Tirkiy\u00ea de yan w\u00ea were zindankirin, yan w\u00ea were b\u00ea ser\u00fb\u015f\u00fbn kirin, l\u00ea ger\u00eela \u00fb malbat\u00ean wan bahwer\u00ee \u00fb om\u00ead heb\u00fbn ku rojek\u00ee ji rojan wilat\u00ea wan serbixwe be \u00fb ew t\u00eade azad \u00fb serbest bij\u00een, loma ev biryara mezin daye, yan\u00ee bi kurtas\u00ee ger\u00eela bi malbat\u00ean xwe ve leheng \u00fb berixwed\u00ear \u00fb Kurdistanperwerin, l\u00ea serkirdayetiya PKK\u00ea \u00eexanet li wan kiriye \u00fb wan ji boy teor\u00ee \u00fb xeyal\u00ean Ocalan \u00fb bi xwed\u00ea nasandina w\u00ee didin ku\u015ftin, serkirdayetiya PKK\u00ea ku tev ferman\u00ean xwe ji \u201cH\u00fbbel\u201d\u00ea li \u00eemraliy\u00ea razay\u00ee dist\u00eenin, niha can\u00ea ciwan\u00ea kurd feday\u00ee &#8220;Biratiya Saxte ya Gelan&#8221; \u00fb &#8220;Azadiya Ocalan&#8221; dikin \u00fb her ku di\u00e7e j\u00ee gel\u00ea kurd p\u00eatir weke kole \u00fb gel\u00ea tirk j\u00ee p\u00eatir weke xwed\u00eey\u00ea koleyan xweya dibin.<\/h3>\n<h3 style=\"text-align: justify\">Li destp\u00eak\u00ea nav\u00ea r\u00eaxistina \u00e7ekdar\u00ee ya PKK\u00ea anku h\u00eaz\u00ean ger\u00eelayan HRK anku (H\u00eaza Rizgariya Kurdistan\u00ea) b\u00fb, gelo niha nav\u00ea v\u00ea h\u00eaz\u00ea b\u00fbye \u00e7i?<\/h3>\n<h3 style=\"text-align: justify\">Li Bakur bi nav\u00ea YPS \u00ea anku (Yek\u00eetiya Parastina Siv\u00eel) h\u00eazek \u00e7\u00eakiriye.<\/h3>\n<h3 style=\"text-align: justify\">Li Rojava bi nav\u00ea YPG anku (Yek\u00eeney\u00ean Parastina Gel) h\u00eazek \u00e7\u00eakiriye.<\/h3>\n<h3 style=\"text-align: justify\">Li Ba\u015f\u00fbr bi nav\u00ea YB\u015e (Yek\u00eeney\u00ean Parastina \u015eingal\u00ea) h\u00eazek \u00e7\u00eakiriye.<\/h3>\n<h3 style=\"text-align: justify\">Li dawy\u00ea j\u00ee tev h\u00eaz\u00ean xwe di bin nav\u00ea HPG anku h\u00eaz\u00ean parastina gel de kom kir\u00eene, l\u00ea bel\u00ea bi qas\u00ee ku gel bi nexwe\u015f\u00ee, ku\u015ftin, derbeder\u00ee \u00fb wendahiyan daye, ew qas gel neparastiye.<\/h3>\n<h3 style=\"text-align: justify\">Li virr pirs eve: gelo nav\u00ea Kurdistan\u00ea, nav\u00ea Kurd \u00fb nav\u00ea Kurdistana mezin li kuder\u00ea ye??!!<\/h3>\n<h3 style=\"text-align: justify\">Anku dema mirov van li van nava m\u00eaze dike, mirov dizane ku nav\u00ea Kurd \u00fb Kurdistan\u00ea li cem serkirdayetiya PKK\u00ea yasax b\u00fbye. Tirkiye ji kurdan re dib\u00eaje Tirk\u00ean \u00e7iyay\u00ee, jiberku naxwazin nav\u00ea kurdan bi l\u00eav bikin, serkirdatiya PKK\u00ea j\u00ee wilo dike, wan nav\u00ea Kurdistan\u00ea di ferhenga xwe de der kiriye \u00fb wilatperwer\u00ee \u00fb bas kirin li dewlet b\u00fbna kurdan bi kevneperist\u00ee bi nav dike, bel\u00ea, bi v\u00ee awa pi\u015ft\u00ee tesl\u00eem b\u00fbna Ocalan \u00fb vegera w\u00ee ji boy Tirkiy\u00ea, guher\u00een di stratej\u00eeya PKK\u00ea de dirust b\u00fbye, tev guher\u00een j\u00ee bi ten\u00ea ji boy yek armanc b\u00fbye ew j\u00ee parastina Ocalan \u00fb z\u00eend\u00ee kirina M\u00eesaqa Mill\u00ee ya Tirkiy\u00ea. Bi v\u00ea yek\u00ea PKKe vegiriya ser rastiya damezrandina xwe ya li Enqerey\u00ea, \u00fb rastiya v\u00ea yek\u00ea ku ji h\u00eala saziya \u00eestixbarata Tirkiy\u00ea anku M\u00eet\u00ea ve ji boy tunekirina xeta netew\u00ee di nava kurdan de hatiye damezrandin.<\/h3>\n<h3 style=\"text-align: justify\">Salih Muslim ez \u00fb tu ba\u015f dizanin ku destp\u00eaka damezrandina v\u00ea r\u00eaxistin\u00ea ji boy \u00e7i armanc b\u00fbye, d\u00ea m\u00eenak\u00ean ha\u015fa helnegir li b\u00eera te \u00eenim.<\/h3>\n<h3 style=\"text-align: justify\">M\u00eenaka yek\u00ea: li destp\u00eaka sal\u00ean heft\u00eayan de, li zan\u00eengeha Enqer\u00ea hin r\u00eaxistin\u00ean xwendkar\u00ean Kurd hatin Damezrandin, armanca wan xizmetkirina pirsgir\u00eaka kurd\u00ee b\u00fb, hember\u00ee v\u00ea yek\u00ea hin xwendkar\u00ean tirk y\u00ean nejadper\u00eas bi Evdila Ocelan re hatin r\u00eaxistineke xwendkar\u00ean Tirk y\u00ean \u00e7eprew dan\u00ee \u00fb armanca v\u00ea r\u00eaxistina \u00e7ep a Tirkiy\u00ea ev b\u00fb ku dijatiya r\u00eaxistin\u00ean xwendkar\u00ean kurd bikin \u00fb kar\u00een zirar\u00ean her\u00ee mezin li wan r\u00eaxistin\u00ean kurd\u00ee bidin \u00fb bi pi\u015ftgirya \u00eestixbarata dewleta Tirkiy\u00ea r\u00eaxistin\u00ean netew\u00ee y\u00ean kurd\u00ee yek li pey yek tasfiye kirin.<\/h3>\n<h3 style=\"text-align: justify\">M\u00eenaka duyem\u00een:<\/h3>\n<h3 style=\"text-align: justify\">Tu ba\u015f f\u00eam dik\u00ee li destp\u00eaka damezrandina r\u00eaxistina PKK\u00ea, kes\u00ea yek\u00ea (Kemal P\u00eer)\u00ea bi nejad Tirk \u00fb bi fikir Markis\u00ee b\u00fb,<\/h3>\n<h3 style=\"text-align: justify\">Li dema Kemal P\u00eer t\u00ea girtin, serdozger ji w\u00ee dipirse: gelo \u00e7ima tu weke kesek Tirk \u00fb bi fikar\u00ean xwe \u00e7ep, xebat\u00ea ji boy pirsgir\u00eaka Kurd\u00ee dik\u00ee??<\/h3>\n<h3 style=\"text-align: justify\">Kes nezane, tu ba\u015f dizan\u00ee ku Kemal P\u00eer bi ti awa pirsa serdozger\u00ea tirk berisvand, l\u00ea ne\u00e7arim ez li b\u00eera te b\u00eenim, Kemal P\u00eer dib\u00eaje, bi ti awa ez ji boy pirsgir\u00eaka Kurd naxebitim, min bahwer\u00ee bi netew\u00ee b\u00fbn\u00ea tuneye, l\u00ea min nav\u00e7ey\u00ean Kurdistan\u00ea \u00fb kurd hilbijartine jiboy Armanca xwe ya sereke ku ew armanc j\u00ee mirov b\u00fbne, \u00e7ewa mirov erdek\u00ee \u00e7andin\u00eey\u00ea \u00ea ba\u015f hildibij\u00eare ji boy \u00e7andin\u00eey\u00ea, wusa min j\u00ee cih\u00ea kurdan \u00fb kurd ji boy \u00e7andina hizr\u00ean xwe hilbijartin e.<\/h3>\n<h3 style=\"text-align: justify\">Ya niha Evdila Ocelan j\u00ee dib\u00eaje her eve ya ku li destp\u00eak\u00ea Kemal P\u00eer ji serdozger\u00ea tirk re got\u00ee. Bi wateyeke din, weke em kurd dib\u00eajin, ew ware l\u00ea ne ew buhare .<\/h3>\n","protected":false},"excerpt":{"rendered":"<p>Simko Ebdulez\u00eez Be\u015fa 2: Ew ware l\u00ea ne ew buhare Di berdewamiya daxuyaniya xwe de a bi ANF\u00ea re, Salih Muslim li ser du mijar\u00ean din peyiv\u00ee, mijar j\u00ee ger\u00eela \u00fb p\u00ea\u015fmerge b\u00fbn. Salih Muslim derbara ger\u00eela de dib\u00eaje: ger\u00eela li her \u00e7ar per\u00e7ey\u00ean Kurdistan\u00ea jibo rizgar b\u00fbna Kurdistan\u00ea kom\u00ee ser hev b\u00fbne. Ev gotin [&hellip;]<\/p>\n","protected":false},"author":2,"featured_media":1025415,"comment_status":"closed","ping_status":"closed","sticky":false,"template":"","format":"standard","meta":{"footnotes":""},"categories":[28],"tags":[37],"class_list":["post-1025409","post","type-post","status-publish","format-standard","has-post-thumbnail","hentry","category-nerin","tag-sereke"],"blocksy_meta":[],"seo_head":"<!-- This site is optimized with the Yoast SEO plugin v27.5 - https:\/\/yoast.com\/product\/yoast-seo-wordpress\/ -->\n<title>Salih Muslim ji xew rab\u00fb-2 - Darka Maz\u00ee<\/title>\n<meta name=\"robots\" content=\"index, follow, max-snippet:-1, max-image-preview:large, max-video-preview:-1\" \/>\n<link rel=\"canonical\" href=\"https:\/\/darkamazi.info\/archives\/1025409\" \/>\n<meta property=\"og:locale\" content=\"en_US\" \/>\n<meta property=\"og:type\" content=\"article\" \/>\n<meta property=\"og:title\" content=\"Salih Muslim ji xew rab\u00fb-2 - Darka Maz\u00ee\" \/>\n<meta property=\"og:description\" content=\"Simko Ebdulez\u00eez Be\u015fa 2: Ew ware l\u00ea ne ew buhare Di berdewamiya daxuyaniya xwe de a bi ANF\u00ea re, Salih Muslim li ser du mijar\u00ean din peyiv\u00ee, mijar j\u00ee ger\u00eela \u00fb p\u00ea\u015fmerge b\u00fbn. Salih Muslim derbara ger\u00eela de dib\u00eaje: ger\u00eela li her \u00e7ar per\u00e7ey\u00ean Kurdistan\u00ea jibo rizgar b\u00fbna Kurdistan\u00ea kom\u00ee ser hev b\u00fbne. Ev gotin [&hellip;]\" \/>\n<meta property=\"og:url\" content=\"https:\/\/darkamazi.info\/archives\/1025409\" \/>\n<meta property=\"og:site_name\" content=\"Darka Maz\u00ee\" \/>\n<meta property=\"article:publisher\" content=\"https:\/\/www.facebook.com\/DarMaziKurmanci\" \/>\n<meta property=\"article:published_time\" content=\"2021-09-13T16:52:08+00:00\" \/>\n<meta property=\"article:modified_time\" content=\"2021-09-13T17:23:45+00:00\" \/>\n<meta property=\"og:image\" content=\"https:\/\/darkamazi.info\/file\/2021\/09\/2.jpg\" \/>\n\t<meta property=\"og:image:width\" content=\"900\" \/>\n\t<meta property=\"og:image:height\" content=\"497\" \/>\n\t<meta property=\"og:image:type\" content=\"image\/jpeg\" \/>\n<meta name=\"author\" content=\"darka mazi\" \/>\n<meta name=\"twitter:card\" content=\"summary_large_image\" \/>\n<meta name=\"twitter:creator\" content=\"@DarkaMaziLatini\" \/>\n<meta name=\"twitter:site\" content=\"@DarkaMaziLatini\" \/>\n<meta name=\"twitter:label1\" content=\"Written by\" \/>\n\t<meta name=\"twitter:data1\" content=\"darka mazi\" \/>\n\t<meta name=\"twitter:label2\" content=\"Est. reading time\" \/>\n\t<meta name=\"twitter:data2\" content=\"5 minutes\" \/>\n<script type=\"application\/ld+json\" class=\"seo-schema-graph\">{\"@context\":\"https:\\\/\\\/schema.org\",\"@graph\":[{\"@type\":\"Article\",\"@id\":\"https:\\\/\\\/darkamazi.info\\\/archives\\\/1025409#article\",\"isPartOf\":{\"@id\":\"https:\\\/\\\/darkamazi.info\\\/archives\\\/1025409\"},\"author\":{\"name\":\"darka mazi\",\"@id\":\"https:\\\/\\\/darkamazi.info\\\/#\\\/schema\\\/person\\\/5ad3e24553a0567993fa8ed4bd0a776c\"},\"headline\":\"Salih Muslim ji xew rab\u00fb-2\",\"datePublished\":\"2021-09-13T16:52:08+00:00\",\"dateModified\":\"2021-09-13T17:23:45+00:00\",\"mainEntityOfPage\":{\"@id\":\"https:\\\/\\\/darkamazi.info\\\/archives\\\/1025409\"},\"wordCount\":1028,\"publisher\":{\"@id\":\"https:\\\/\\\/darkamazi.info\\\/#organization\"},\"image\":{\"@id\":\"https:\\\/\\\/darkamazi.info\\\/archives\\\/1025409#primaryimage\"},\"thumbnailUrl\":\"https:\\\/\\\/darkamazi.info\\\/darka-content\\\/uploads\\\/2021\\\/09\\\/2.jpg\",\"keywords\":[\"sereke\"],\"articleSection\":[\"Ner\u00een\"],\"inLanguage\":\"en-US\"},{\"@type\":\"WebPage\",\"@id\":\"https:\\\/\\\/darkamazi.info\\\/archives\\\/1025409\",\"url\":\"https:\\\/\\\/darkamazi.info\\\/archives\\\/1025409\",\"name\":\"Salih Muslim ji xew rab\u00fb-2 - Darka Maz\u00ee\",\"isPartOf\":{\"@id\":\"https:\\\/\\\/darkamazi.info\\\/#website\"},\"primaryImageOfPage\":{\"@id\":\"https:\\\/\\\/darkamazi.info\\\/archives\\\/1025409#primaryimage\"},\"image\":{\"@id\":\"https:\\\/\\\/darkamazi.info\\\/archives\\\/1025409#primaryimage\"},\"thumbnailUrl\":\"https:\\\/\\\/darkamazi.info\\\/darka-content\\\/uploads\\\/2021\\\/09\\\/2.jpg\",\"datePublished\":\"2021-09-13T16:52:08+00:00\",\"dateModified\":\"2021-09-13T17:23:45+00:00\",\"breadcrumb\":{\"@id\":\"https:\\\/\\\/darkamazi.info\\\/archives\\\/1025409#breadcrumb\"},\"inLanguage\":\"en-US\",\"potentialAction\":[{\"@type\":\"ReadAction\",\"target\":[\"https:\\\/\\\/darkamazi.info\\\/archives\\\/1025409\"]}]},{\"@type\":\"ImageObject\",\"inLanguage\":\"en-US\",\"@id\":\"https:\\\/\\\/darkamazi.info\\\/archives\\\/1025409#primaryimage\",\"url\":\"https:\\\/\\\/darkamazi.info\\\/darka-content\\\/uploads\\\/2021\\\/09\\\/2.jpg\",\"contentUrl\":\"https:\\\/\\\/darkamazi.info\\\/darka-content\\\/uploads\\\/2021\\\/09\\\/2.jpg\",\"width\":900,\"height\":497,\"caption\":\"Salih Muslim ji xew rab\u00fb-2\"},{\"@type\":\"BreadcrumbList\",\"@id\":\"https:\\\/\\\/darkamazi.info\\\/archives\\\/1025409#breadcrumb\",\"itemListElement\":[{\"@type\":\"ListItem\",\"position\":1,\"name\":\"Home\",\"item\":\"https:\\\/\\\/darkamazi.info\\\/\"},{\"@type\":\"ListItem\",\"position\":2,\"name\":\"Salih Muslim ji xew rab\u00fb-2\"}]},{\"@type\":\"WebSite\",\"@id\":\"https:\\\/\\\/darkamazi.info\\\/#website\",\"url\":\"https:\\\/\\\/darkamazi.info\\\/\",\"name\":\"Darka Maz\u00ee\",\"description\":\"P\u00eageha Zanyariy\u00ean Nebih\u00eest\u00ee\",\"publisher\":{\"@id\":\"https:\\\/\\\/darkamazi.info\\\/#organization\"},\"potentialAction\":[{\"@type\":\"SearchAction\",\"target\":{\"@type\":\"EntryPoint\",\"urlTemplate\":\"https:\\\/\\\/darkamazi.info\\\/?s={search_term_string}\"},\"query-input\":{\"@type\":\"PropertyValueSpecification\",\"valueRequired\":true,\"valueName\":\"search_term_string\"}}],\"inLanguage\":\"en-US\"},{\"@type\":\"Organization\",\"@id\":\"https:\\\/\\\/darkamazi.info\\\/#organization\",\"name\":\"Darka Maz\u00ee\",\"url\":\"https:\\\/\\\/darkamazi.info\\\/\",\"logo\":{\"@type\":\"ImageObject\",\"inLanguage\":\"en-US\",\"@id\":\"https:\\\/\\\/darkamazi.info\\\/#\\\/schema\\\/logo\\\/image\\\/\",\"url\":\"https:\\\/\\\/darkamazi.info\\\/darka-content\\\/uploads\\\/2017\\\/12\\\/darka-mazi-logo.png\",\"contentUrl\":\"https:\\\/\\\/darkamazi.info\\\/darka-content\\\/uploads\\\/2017\\\/12\\\/darka-mazi-logo.png\",\"width\":151,\"height\":75,\"caption\":\"Darka Maz\u00ee\"},\"image\":{\"@id\":\"https:\\\/\\\/darkamazi.info\\\/#\\\/schema\\\/logo\\\/image\\\/\"},\"sameAs\":[\"https:\\\/\\\/www.facebook.com\\\/DarMaziKurmanci\",\"https:\\\/\\\/x.com\\\/DarkaMaziLatini\",\"https:\\\/\\\/www.instagram.com\\\/darkamazi.kurmanci\\\/\",\"https:\\\/\\\/www.youtube.com\\\/channel\\\/UCa5HkTdmI8U1qCUFuTw8B2g\"]},{\"@type\":\"Person\",\"@id\":\"https:\\\/\\\/darkamazi.info\\\/#\\\/schema\\\/person\\\/5ad3e24553a0567993fa8ed4bd0a776c\",\"name\":\"darka mazi\",\"sameAs\":[\"https:\\\/\\\/darkamazi.info\\\/\"],\"url\":\"https:\\\/\\\/darkamazi.info\\\/archives\\\/author\\\/kurdi\"}]}<\/script>\n<!-- \/ Yoast SEO plugin. -->","seo_head_json":{"title":"Salih Muslim ji xew rab\u00fb-2 - Darka Maz\u00ee","robots":{"index":"index","follow":"follow","max-snippet":"max-snippet:-1","max-image-preview":"max-image-preview:large","max-video-preview":"max-video-preview:-1"},"canonical":"https:\/\/darkamazi.info\/archives\/1025409","og_locale":"en_US","og_type":"article","og_title":"Salih Muslim ji xew rab\u00fb-2 - Darka Maz\u00ee","og_description":"Simko Ebdulez\u00eez Be\u015fa 2: Ew ware l\u00ea ne ew buhare Di berdewamiya daxuyaniya xwe de a bi ANF\u00ea re, Salih Muslim li ser du mijar\u00ean din peyiv\u00ee, mijar j\u00ee ger\u00eela \u00fb p\u00ea\u015fmerge b\u00fbn. Salih Muslim derbara ger\u00eela de dib\u00eaje: ger\u00eela li her \u00e7ar per\u00e7ey\u00ean Kurdistan\u00ea jibo rizgar b\u00fbna Kurdistan\u00ea kom\u00ee ser hev b\u00fbne. Ev gotin [&hellip;]","og_url":"https:\/\/darkamazi.info\/archives\/1025409","og_site_name":"Darka Maz\u00ee","article_publisher":"https:\/\/www.facebook.com\/DarMaziKurmanci","article_published_time":"2021-09-13T16:52:08+00:00","article_modified_time":"2021-09-13T17:23:45+00:00","og_image":[{"width":900,"height":497,"url":"https:\/\/darkamazi.info\/file\/2021\/09\/2.jpg","type":"image\/jpeg"}],"author":"darka mazi","twitter_card":"summary_large_image","twitter_creator":"@DarkaMaziLatini","twitter_site":"@DarkaMaziLatini","twitter_misc":{"Written by":"darka mazi","Est. reading time":"5 minutes"},"schema":{"@context":"https:\/\/schema.org","@graph":[{"@type":"Article","@id":"https:\/\/darkamazi.info\/archives\/1025409#article","isPartOf":{"@id":"https:\/\/darkamazi.info\/archives\/1025409"},"author":{"name":"darka mazi","@id":"https:\/\/darkamazi.info\/#\/schema\/person\/5ad3e24553a0567993fa8ed4bd0a776c"},"headline":"Salih Muslim ji xew rab\u00fb-2","datePublished":"2021-09-13T16:52:08+00:00","dateModified":"2021-09-13T17:23:45+00:00","mainEntityOfPage":{"@id":"https:\/\/darkamazi.info\/archives\/1025409"},"wordCount":1028,"publisher":{"@id":"https:\/\/darkamazi.info\/#organization"},"image":{"@id":"https:\/\/darkamazi.info\/archives\/1025409#primaryimage"},"thumbnailUrl":"https:\/\/darkamazi.info\/file\/2021\/09\/2.jpg","keywords":["sereke"],"articleSection":["Ner\u00een"],"inLanguage":"en-US"},{"@type":"WebPage","@id":"https:\/\/darkamazi.info\/archives\/1025409","url":"https:\/\/darkamazi.info\/archives\/1025409","name":"Salih Muslim ji xew rab\u00fb-2 - Darka Maz\u00ee","isPartOf":{"@id":"https:\/\/darkamazi.info\/#website"},"primaryImageOfPage":{"@id":"https:\/\/darkamazi.info\/archives\/1025409#primaryimage"},"image":{"@id":"https:\/\/darkamazi.info\/archives\/1025409#primaryimage"},"thumbnailUrl":"https:\/\/darkamazi.info\/file\/2021\/09\/2.jpg","datePublished":"2021-09-13T16:52:08+00:00","dateModified":"2021-09-13T17:23:45+00:00","breadcrumb":{"@id":"https:\/\/darkamazi.info\/archives\/1025409#breadcrumb"},"inLanguage":"en-US","potentialAction":[{"@type":"ReadAction","target":["https:\/\/darkamazi.info\/archives\/1025409"]}]},{"@type":"ImageObject","inLanguage":"en-US","@id":"https:\/\/darkamazi.info\/archives\/1025409#primaryimage","url":"https:\/\/darkamazi.info\/file\/2021\/09\/2.jpg","contentUrl":"https:\/\/darkamazi.info\/file\/2021\/09\/2.jpg","width":900,"height":497,"caption":"Salih Muslim ji xew rab\u00fb-2"},{"@type":"BreadcrumbList","@id":"https:\/\/darkamazi.info\/archives\/1025409#breadcrumb","itemListElement":[{"@type":"ListItem","position":1,"name":"Home","item":"https:\/\/darkamazi.info\/"},{"@type":"ListItem","position":2,"name":"Salih Muslim ji xew rab\u00fb-2"}]},{"@type":"WebSite","@id":"https:\/\/darkamazi.info\/#website","url":"https:\/\/darkamazi.info\/","name":"Darka Maz\u00ee","description":"P\u00eageha Zanyariy\u00ean Nebih\u00eest\u00ee","publisher":{"@id":"https:\/\/darkamazi.info\/#organization"},"potentialAction":[{"@type":"SearchAction","target":{"@type":"EntryPoint","urlTemplate":"https:\/\/darkamazi.info\/?s={search_term_string}"},"query-input":{"@type":"PropertyValueSpecification","valueRequired":true,"valueName":"search_term_string"}}],"inLanguage":"en-US"},{"@type":"Organization","@id":"https:\/\/darkamazi.info\/#organization","name":"Darka Maz\u00ee","url":"https:\/\/darkamazi.info\/","logo":{"@type":"ImageObject","inLanguage":"en-US","@id":"https:\/\/darkamazi.info\/#\/schema\/logo\/image\/","url":"https:\/\/darkamazi.info\/file\/2017\/12\/darka-mazi-logo.png","contentUrl":"https:\/\/darkamazi.info\/file\/2017\/12\/darka-mazi-logo.png","width":151,"height":75,"caption":"Darka Maz\u00ee"},"image":{"@id":"https:\/\/darkamazi.info\/#\/schema\/logo\/image\/"},"sameAs":["https:\/\/www.facebook.com\/DarMaziKurmanci","https:\/\/x.com\/DarkaMaziLatini","https:\/\/www.instagram.com\/darkamazi.kurmanci\/","https:\/\/www.youtube.com\/channel\/UCa5HkTdmI8U1qCUFuTw8B2g"]},{"@type":"Person","@id":"https:\/\/darkamazi.info\/#\/schema\/person\/5ad3e24553a0567993fa8ed4bd0a776c","name":"darka mazi","sameAs":["https:\/\/darkamazi.info\/"],"url":"https:\/\/darkamazi.info\/archives\/author\/kurdi"}]}},"_links":{"self":[{"href":"https:\/\/darkamazi.info\/funavuv\/wp\/v2\/posts\/1025409","targetHints":{"allow":["GET"]}}],"collection":[{"href":"https:\/\/darkamazi.info\/funavuv\/wp\/v2\/posts"}],"about":[{"href":"https:\/\/darkamazi.info\/funavuv\/wp\/v2\/types\/post"}],"author":[{"embeddable":true,"href":"https:\/\/darkamazi.info\/funavuv\/wp\/v2\/users\/2"}],"replies":[{"embeddable":true,"href":"https:\/\/darkamazi.info\/funavuv\/wp\/v2\/comments?post=1025409"}],"version-history":[{"count":0,"href":"https:\/\/darkamazi.info\/funavuv\/wp\/v2\/posts\/1025409\/revisions"}],"wp:featuredmedia":[{"embeddable":true,"href":"https:\/\/darkamazi.info\/funavuv\/wp\/v2\/media\/1025415"}],"wp:attachment":[{"href":"https:\/\/darkamazi.info\/funavuv\/wp\/v2\/media?parent=1025409"}],"wp:term":[{"taxonomy":"category","embeddable":true,"href":"https:\/\/darkamazi.info\/funavuv\/wp\/v2\/categories?post=1025409"},{"taxonomy":"post_tag","embeddable":true,"href":"https:\/\/darkamazi.info\/funavuv\/wp\/v2\/tags?post=1025409"}],"curies":[{"name":"wp","href":"https:\/\/api.w.org\/{rel}","templated":true}]}}