{"id":1025459,"date":"2021-09-15T20:29:47","date_gmt":"2021-09-15T17:29:47","guid":{"rendered":"https:\/\/darkamazi.info\/?p=1025459"},"modified":"2021-09-16T15:01:36","modified_gmt":"2021-09-16T12:01:36","slug":"ceke-irani-di-deste-gerilayen-pkke-de","status":"publish","type":"post","link":"https:\/\/darkamazi.info\/archives\/1025459","title":{"rendered":"\u00c7ek\u00ea \u00ceran\u00ee di dest\u00ea ger\u00eelay\u00ean PKK\u00ea de!!"},"content":{"rendered":"<h3 style=\"text-align: justify\"><span style=\"font-family: 'arial black', sans-serif\">Malpera Yen\u00ee Ozg\u00fbr Politika ya ser bi PKK\u00ea ku li Ewropay\u00ea we\u015fan\u00ea dike, di n\u00fb\u00e7eyeke xwe de li j\u00ear nav\u00ea &#8220;Ger\u00eela xwe\u015f tol hilan\u00ee&#8221; de, w\u00eaneyek\u00ee du ger\u00eelayan parve kiriye ku di dest\u00ea wan de \u00e7eka BKC \u00fb Kela\u015f\u00eenkof t\u00ea d\u00eetin, l\u00ea ya balk\u00ea\u015f di v\u00ee w\u00eane de xweya b\u00fbna hejmar\u00ean bi t\u00eep\u00ean Fars\u00ee li ser qontaxa BKC ya di dest\u00ea yek ji wan ger\u00eelayan de ye.<\/span><\/h3>\n<h3 style=\"text-align: justify\">Xweya b\u00fbna hejmar\u00ean Fars\u00ee li ser quntaxa BKC ya di dest\u00ea yek ji wan ger\u00eelayan de, ba\u015ftir\u00een belge ye ku PKKe \u00fb \u00ceran pirr n\u00eaz\u00ee hevin \u00fb bi hevre xebat\u00ea dikin, ev yek di \u00e7end\u00een niv\u00ees\u00ean me y\u00ean p\u00ea\u015f niha de j\u00ee hatiye vegotin, l\u00ea niha bi belgey\u00ean ku PKK\u00ea bi xwe \u00fb di medyaya xwe de parve kirine, ne bi ten\u00ea ti \u015fik \u00fb gomanan li ser niv\u00ees\u00ean r\u00fbpela me nah\u00eale, belku tekez dike ku PKKe \u00fb \u00ceran di yek \u00e7eper de c\u00ee digrin.<\/h3>\n<h3 style=\"text-align: justify\">Gelo di berd\u00eala p\u00eadana \u00e7ekan, PKK \u00e7i xizmetek\u00ee ji \u00ceran\u00ea re dike?!<\/h3>\n<h3 style=\"text-align: justify\">Weke p\u00ea\u015f niha me di hin niv\u00ees\u00ean xwe de \u00eamaje p\u00ea kir\u00ee, PKKe li bakur bi Tirkiy\u00ea re, li ba\u015f\u00fbr bi \u00ceraq\u00ea re, li Rojava bi S\u00fbriy\u00ea re \u00fb li Rojhilat bi \u00ceran\u00ea re tev digere, ew bi temamm\u00ee b\u00fbye h\u00eazeke bin dest\u00ea dewlet\u00ean dag\u00eerkar\u00ean Kurdistan\u00ea \u00fb bi ten\u00ea peyva Kurdistan\u00ea ji boy rak\u00ea\u015fana at\u00eefe ya gel\u00ea kurd \u00fb bi xwe ve gir\u00eadana ciwan\u00ean kurd bi kar t\u00eene.<\/h3>\n<h3 style=\"text-align: justify\">Di niha de PKKe p\u00eatir ji her h\u00eazeke din n\u00eaz\u00ee \u00ceran\u00ea ye. PKKe di berd\u00eala parastina s\u00eenor\u00ean \u00ceran\u00ea, r\u00ea nedan bi \u00e7alakiy\u00ean partiy\u00ean kurd\u00ee y\u00ean Rojhilat\u00ea Kurdistan\u00ea li ser s\u00eenor\u00ean rojhilat, tevl\u00eeb\u00fbna di nava m\u00eel\u00ee\u015fyay\u00ean he\u015fda \u015eeb\u00ee li \u015eengal\u00ea \u00fb parastina &#8220;H\u00eelala \u015f\u00ee&#8217;\u00ee&#8221; ya \u00eeran\u00ee \u00e7ek \u00fb pere ji \u00ceran\u00ea werdigire \u00fb li gor siyaset\u00ean \u00ceran\u00ea li nav\u00e7ey\u00ea tev digere.<\/h3>\n<h3 style=\"text-align: justify\">PKKe \u00eed\u00eea dike ku ew li dij\u00ee dewlet\u00ean kolonyal\u00eest e, l\u00ea bel\u00ea di rastiy\u00ea de ew b\u00fbye dark\u00ea di dest\u00ea van dewletan de \u00fb ev dewletane PKK\u00ea li dij\u00ee tev par\u00e7ey\u00ean Kurdistan\u00ea \u00fb bi taybet\u00ee li dij\u00ee statoya her\u00eama Kurdistan\u00ea bikar t\u00eene. Mana PKK\u00ea ya li \u015eingal\u00ea j\u00ee di v\u00ea \u00e7ar\u00e7ovey\u00ea de ye, PKKe ne ji boy parastina \u015eingal\u00ea \u00fb \u015eingaliyan ji \u00ear\u00ee\u015f \u00fb qirkirinan li w\u00ea der\u00ea maye, belku ji boy parastina berjewendiy\u00ean stratej\u00ee y\u00ean \u00ceran\u00ea \u00fb wergirtina pere \u00fb dijat\u00ee kirina Hik\u00fbmeta Her\u00eama Kurdistan\u00ea di bin nav\u00ea dijat\u00ee kirina PDK\u00ea de li \u015eingal\u00ea maye.<\/h3>\n<h3 style=\"text-align: center\"><span style=\"font-family: 'arial black', sans-serif;color: #8c0808\">PKKe \u00fb \u015fer\u00ea nerm \u00ea li dij\u00ee ba\u015f\u00fbr\u00ea kurdistan\u00ea<\/span><\/h3>\n<h3 style=\"text-align: justify\">Xizmeteke din ku PKKe di berd\u00eala wergirtina \u00e7ek \u00fb pere ji \u00ceran\u00ea re dike, bir\u00eavebirina \u015fer\u00ea nerm \u00ea li dij\u00ee Hik\u00fbmeta Her\u00eama Kurdistan\u00ea ye. PKKe bi awayeke s\u00eestemat\u00eek di sosyal medyay\u00ea de bi ferman \u00fb \u00eemkaniyat\u00ean \u00ceran\u00ea di bin nav\u00ea dijat\u00ee kirina PDK\u00ea, dijatiya parlamento, Hik\u00fbmet \u00fb statoya ferm\u00ee ya Hik\u00fbmeta Her\u00eama Kurdistan\u00ea dike. Kar\u00ea ku \u00ceran bi xwe nikare bike, PKKe ji w\u00ea re dike. PKKe bi medyaya xwe dijatiyeke tund a Hik\u00fbmeta Her\u00eama Kurdistan\u00ea dike \u00fb hewl dide her wusa bi ciwan\u00ean kurd bide f\u00eam kirin ku heb\u00fbn \u00fb tuneb\u00fbna hik\u00fbmet \u00fb statoya ba\u015f\u00fbr weke yeke \u00fb bi neb\u00fbna w\u00ea ti ti\u015ftek nay\u00ea guhertin.<\/h3>\n<h3 style=\"text-align: justify\">PKKe al\u00eegir\u00ean xwe di sosyal medyay\u00ea de bi awayek s\u00eestemat\u00eek li dij\u00ee sembol\u00ean Kurdistan\u00ee bi gi\u015ft\u00ee han dide. Rojane bi sedan n\u00fb\u00e7ey\u00ean derew \u00e7\u00eadike \u00fb di nava sosyal medyay\u00ea de parve dike, bas li ti karek\u00ee ba\u015f \u00ea hik\u00fbmeta her\u00eam\u00ea nake, l\u00ea bel\u00ea, bi \u015fev \u00fb roj hik\u00fbmet\u00ea rexnebaran dike \u00fb w\u00ea b\u00ea nirx dike.<\/h3>\n<h3 style=\"text-align: justify\">Bi v\u00ea yek\u00ea ti\u015fta ku \u00ceran nikare bi h\u00eaza req li Ba\u015f\u00fbr\u00ea Kurdistan\u00ea encam bide, bi h\u00eaza nerim, bi dest\u00ea PKK\u00ea encam dide.<\/h3>\n","protected":false},"excerpt":{"rendered":"<p>Malpera Yen\u00ee Ozg\u00fbr Politika ya ser bi PKK\u00ea ku li Ewropay\u00ea we\u015fan\u00ea dike, di n\u00fb\u00e7eyeke xwe de li j\u00ear nav\u00ea &#8220;Ger\u00eela xwe\u015f tol hilan\u00ee&#8221; de, w\u00eaneyek\u00ee du ger\u00eelayan parve kiriye ku di dest\u00ea wan de \u00e7eka BKC \u00fb Kela\u015f\u00eenkof t\u00ea d\u00eetin, l\u00ea ya balk\u00ea\u015f di v\u00ee w\u00eane de xweya b\u00fbna hejmar\u00ean bi t\u00eep\u00ean Fars\u00ee li [&hellip;]<\/p>\n","protected":false},"author":2,"featured_media":1025460,"comment_status":"closed","ping_status":"closed","sticky":false,"template":"","format":"standard","meta":{"footnotes":""},"categories":[68],"tags":[37],"class_list":["post-1025459","post","type-post","status-publish","format-standard","has-post-thumbnail","hentry","category-analiz","tag-sereke"],"blocksy_meta":[],"seo_head":"<!-- This site is optimized with the Yoast SEO plugin v27.5 - https:\/\/yoast.com\/product\/yoast-seo-wordpress\/ -->\n<title>\u00c7ek\u00ea \u00ceran\u00ee di dest\u00ea ger\u00eelay\u00ean PKK\u00ea de!! - Darka Maz\u00ee<\/title>\n<meta name=\"robots\" content=\"index, follow, max-snippet:-1, max-image-preview:large, max-video-preview:-1\" \/>\n<link rel=\"canonical\" href=\"https:\/\/darkamazi.info\/archives\/1025459\" \/>\n<meta property=\"og:locale\" content=\"en_US\" \/>\n<meta property=\"og:type\" content=\"article\" \/>\n<meta property=\"og:title\" content=\"\u00c7ek\u00ea \u00ceran\u00ee di dest\u00ea ger\u00eelay\u00ean PKK\u00ea de!! - Darka Maz\u00ee\" \/>\n<meta property=\"og:description\" content=\"Malpera Yen\u00ee Ozg\u00fbr Politika ya ser bi PKK\u00ea ku li Ewropay\u00ea we\u015fan\u00ea dike, di n\u00fb\u00e7eyeke xwe de li j\u00ear nav\u00ea &#8220;Ger\u00eela xwe\u015f tol hilan\u00ee&#8221; de, w\u00eaneyek\u00ee du ger\u00eelayan parve kiriye ku di dest\u00ea wan de \u00e7eka BKC \u00fb Kela\u015f\u00eenkof t\u00ea d\u00eetin, l\u00ea ya balk\u00ea\u015f di v\u00ee w\u00eane de xweya b\u00fbna hejmar\u00ean bi t\u00eep\u00ean Fars\u00ee li [&hellip;]\" \/>\n<meta property=\"og:url\" content=\"https:\/\/darkamazi.info\/archives\/1025459\" \/>\n<meta property=\"og:site_name\" content=\"Darka Maz\u00ee\" \/>\n<meta property=\"article:publisher\" content=\"https:\/\/www.facebook.com\/DarMaziKurmanci\" \/>\n<meta property=\"article:published_time\" content=\"2021-09-15T17:29:47+00:00\" \/>\n<meta property=\"article:modified_time\" content=\"2021-09-16T12:01:36+00:00\" \/>\n<meta property=\"og:image\" content=\"https:\/\/darkamazi.info\/file\/2021\/09\/\u06af\u06d5\u0631\u06cc\u0644\u0627-gerila.jpg\" \/>\n\t<meta property=\"og:image:width\" content=\"900\" \/>\n\t<meta property=\"og:image:height\" content=\"497\" \/>\n\t<meta property=\"og:image:type\" content=\"image\/jpeg\" \/>\n<meta name=\"author\" content=\"darka mazi\" \/>\n<meta name=\"twitter:card\" content=\"summary_large_image\" \/>\n<meta name=\"twitter:creator\" content=\"@DarkaMaziLatini\" \/>\n<meta name=\"twitter:site\" content=\"@DarkaMaziLatini\" \/>\n<meta name=\"twitter:label1\" content=\"Written by\" \/>\n\t<meta name=\"twitter:data1\" content=\"darka mazi\" \/>\n\t<meta name=\"twitter:label2\" content=\"Est. reading time\" \/>\n\t<meta name=\"twitter:data2\" content=\"3 minutes\" \/>\n<script type=\"application\/ld+json\" class=\"seo-schema-graph\">{\"@context\":\"https:\\\/\\\/schema.org\",\"@graph\":[{\"@type\":\"Article\",\"@id\":\"https:\\\/\\\/darkamazi.info\\\/archives\\\/1025459#article\",\"isPartOf\":{\"@id\":\"https:\\\/\\\/darkamazi.info\\\/archives\\\/1025459\"},\"author\":{\"name\":\"darka mazi\",\"@id\":\"https:\\\/\\\/darkamazi.info\\\/#\\\/schema\\\/person\\\/5ad3e24553a0567993fa8ed4bd0a776c\"},\"headline\":\"\u00c7ek\u00ea \u00ceran\u00ee di dest\u00ea ger\u00eelay\u00ean PKK\u00ea de!!\",\"datePublished\":\"2021-09-15T17:29:47+00:00\",\"dateModified\":\"2021-09-16T12:01:36+00:00\",\"mainEntityOfPage\":{\"@id\":\"https:\\\/\\\/darkamazi.info\\\/archives\\\/1025459\"},\"wordCount\":672,\"publisher\":{\"@id\":\"https:\\\/\\\/darkamazi.info\\\/#organization\"},\"image\":{\"@id\":\"https:\\\/\\\/darkamazi.info\\\/archives\\\/1025459#primaryimage\"},\"thumbnailUrl\":\"https:\\\/\\\/darkamazi.info\\\/darka-content\\\/uploads\\\/2021\\\/09\\\/\u06af\u06d5\u0631\u06cc\u0644\u0627-gerila.jpg\",\"keywords\":[\"sereke\"],\"articleSection\":[\"Anal\u00eez\"],\"inLanguage\":\"en-US\"},{\"@type\":\"WebPage\",\"@id\":\"https:\\\/\\\/darkamazi.info\\\/archives\\\/1025459\",\"url\":\"https:\\\/\\\/darkamazi.info\\\/archives\\\/1025459\",\"name\":\"\u00c7ek\u00ea \u00ceran\u00ee di dest\u00ea ger\u00eelay\u00ean PKK\u00ea de!! - Darka Maz\u00ee\",\"isPartOf\":{\"@id\":\"https:\\\/\\\/darkamazi.info\\\/#website\"},\"primaryImageOfPage\":{\"@id\":\"https:\\\/\\\/darkamazi.info\\\/archives\\\/1025459#primaryimage\"},\"image\":{\"@id\":\"https:\\\/\\\/darkamazi.info\\\/archives\\\/1025459#primaryimage\"},\"thumbnailUrl\":\"https:\\\/\\\/darkamazi.info\\\/darka-content\\\/uploads\\\/2021\\\/09\\\/\u06af\u06d5\u0631\u06cc\u0644\u0627-gerila.jpg\",\"datePublished\":\"2021-09-15T17:29:47+00:00\",\"dateModified\":\"2021-09-16T12:01:36+00:00\",\"breadcrumb\":{\"@id\":\"https:\\\/\\\/darkamazi.info\\\/archives\\\/1025459#breadcrumb\"},\"inLanguage\":\"en-US\",\"potentialAction\":[{\"@type\":\"ReadAction\",\"target\":[\"https:\\\/\\\/darkamazi.info\\\/archives\\\/1025459\"]}]},{\"@type\":\"ImageObject\",\"inLanguage\":\"en-US\",\"@id\":\"https:\\\/\\\/darkamazi.info\\\/archives\\\/1025459#primaryimage\",\"url\":\"https:\\\/\\\/darkamazi.info\\\/darka-content\\\/uploads\\\/2021\\\/09\\\/\u06af\u06d5\u0631\u06cc\u0644\u0627-gerila.jpg\",\"contentUrl\":\"https:\\\/\\\/darkamazi.info\\\/darka-content\\\/uploads\\\/2021\\\/09\\\/\u06af\u06d5\u0631\u06cc\u0644\u0627-gerila.jpg\",\"width\":900,\"height\":497,\"caption\":\"\u00c7ek\u00ea \u00ceran\u00ee di dest\u00ea ger\u00eelay\u00ean PKK\u00ea de!!\"},{\"@type\":\"BreadcrumbList\",\"@id\":\"https:\\\/\\\/darkamazi.info\\\/archives\\\/1025459#breadcrumb\",\"itemListElement\":[{\"@type\":\"ListItem\",\"position\":1,\"name\":\"Home\",\"item\":\"https:\\\/\\\/darkamazi.info\\\/\"},{\"@type\":\"ListItem\",\"position\":2,\"name\":\"\u00c7ek\u00ea \u00ceran\u00ee di dest\u00ea ger\u00eelay\u00ean PKK\u00ea de!!\"}]},{\"@type\":\"WebSite\",\"@id\":\"https:\\\/\\\/darkamazi.info\\\/#website\",\"url\":\"https:\\\/\\\/darkamazi.info\\\/\",\"name\":\"Darka Maz\u00ee\",\"description\":\"P\u00eageha Zanyariy\u00ean Nebih\u00eest\u00ee\",\"publisher\":{\"@id\":\"https:\\\/\\\/darkamazi.info\\\/#organization\"},\"potentialAction\":[{\"@type\":\"SearchAction\",\"target\":{\"@type\":\"EntryPoint\",\"urlTemplate\":\"https:\\\/\\\/darkamazi.info\\\/?s={search_term_string}\"},\"query-input\":{\"@type\":\"PropertyValueSpecification\",\"valueRequired\":true,\"valueName\":\"search_term_string\"}}],\"inLanguage\":\"en-US\"},{\"@type\":\"Organization\",\"@id\":\"https:\\\/\\\/darkamazi.info\\\/#organization\",\"name\":\"Darka Maz\u00ee\",\"url\":\"https:\\\/\\\/darkamazi.info\\\/\",\"logo\":{\"@type\":\"ImageObject\",\"inLanguage\":\"en-US\",\"@id\":\"https:\\\/\\\/darkamazi.info\\\/#\\\/schema\\\/logo\\\/image\\\/\",\"url\":\"https:\\\/\\\/darkamazi.info\\\/darka-content\\\/uploads\\\/2017\\\/12\\\/darka-mazi-logo.png\",\"contentUrl\":\"https:\\\/\\\/darkamazi.info\\\/darka-content\\\/uploads\\\/2017\\\/12\\\/darka-mazi-logo.png\",\"width\":151,\"height\":75,\"caption\":\"Darka Maz\u00ee\"},\"image\":{\"@id\":\"https:\\\/\\\/darkamazi.info\\\/#\\\/schema\\\/logo\\\/image\\\/\"},\"sameAs\":[\"https:\\\/\\\/www.facebook.com\\\/DarMaziKurmanci\",\"https:\\\/\\\/x.com\\\/DarkaMaziLatini\",\"https:\\\/\\\/www.instagram.com\\\/darkamazi.kurmanci\\\/\",\"https:\\\/\\\/www.youtube.com\\\/channel\\\/UCa5HkTdmI8U1qCUFuTw8B2g\"]},{\"@type\":\"Person\",\"@id\":\"https:\\\/\\\/darkamazi.info\\\/#\\\/schema\\\/person\\\/5ad3e24553a0567993fa8ed4bd0a776c\",\"name\":\"darka mazi\",\"sameAs\":[\"https:\\\/\\\/darkamazi.info\\\/\"],\"url\":\"https:\\\/\\\/darkamazi.info\\\/archives\\\/author\\\/kurdi\"}]}<\/script>\n<!-- \/ Yoast SEO plugin. -->","seo_head_json":{"title":"\u00c7ek\u00ea \u00ceran\u00ee di dest\u00ea ger\u00eelay\u00ean PKK\u00ea de!! - Darka Maz\u00ee","robots":{"index":"index","follow":"follow","max-snippet":"max-snippet:-1","max-image-preview":"max-image-preview:large","max-video-preview":"max-video-preview:-1"},"canonical":"https:\/\/darkamazi.info\/archives\/1025459","og_locale":"en_US","og_type":"article","og_title":"\u00c7ek\u00ea \u00ceran\u00ee di dest\u00ea ger\u00eelay\u00ean PKK\u00ea de!! - Darka Maz\u00ee","og_description":"Malpera Yen\u00ee Ozg\u00fbr Politika ya ser bi PKK\u00ea ku li Ewropay\u00ea we\u015fan\u00ea dike, di n\u00fb\u00e7eyeke xwe de li j\u00ear nav\u00ea &#8220;Ger\u00eela xwe\u015f tol hilan\u00ee&#8221; de, w\u00eaneyek\u00ee du ger\u00eelayan parve kiriye ku di dest\u00ea wan de \u00e7eka BKC \u00fb Kela\u015f\u00eenkof t\u00ea d\u00eetin, l\u00ea ya balk\u00ea\u015f di v\u00ee w\u00eane de xweya b\u00fbna hejmar\u00ean bi t\u00eep\u00ean Fars\u00ee li [&hellip;]","og_url":"https:\/\/darkamazi.info\/archives\/1025459","og_site_name":"Darka Maz\u00ee","article_publisher":"https:\/\/www.facebook.com\/DarMaziKurmanci","article_published_time":"2021-09-15T17:29:47+00:00","article_modified_time":"2021-09-16T12:01:36+00:00","og_image":[{"width":900,"height":497,"url":"https:\/\/darkamazi.info\/file\/2021\/09\/\u06af\u06d5\u0631\u06cc\u0644\u0627-gerila.jpg","type":"image\/jpeg"}],"author":"darka mazi","twitter_card":"summary_large_image","twitter_creator":"@DarkaMaziLatini","twitter_site":"@DarkaMaziLatini","twitter_misc":{"Written by":"darka mazi","Est. reading time":"3 minutes"},"schema":{"@context":"https:\/\/schema.org","@graph":[{"@type":"Article","@id":"https:\/\/darkamazi.info\/archives\/1025459#article","isPartOf":{"@id":"https:\/\/darkamazi.info\/archives\/1025459"},"author":{"name":"darka mazi","@id":"https:\/\/darkamazi.info\/#\/schema\/person\/5ad3e24553a0567993fa8ed4bd0a776c"},"headline":"\u00c7ek\u00ea \u00ceran\u00ee di dest\u00ea ger\u00eelay\u00ean PKK\u00ea de!!","datePublished":"2021-09-15T17:29:47+00:00","dateModified":"2021-09-16T12:01:36+00:00","mainEntityOfPage":{"@id":"https:\/\/darkamazi.info\/archives\/1025459"},"wordCount":672,"publisher":{"@id":"https:\/\/darkamazi.info\/#organization"},"image":{"@id":"https:\/\/darkamazi.info\/archives\/1025459#primaryimage"},"thumbnailUrl":"https:\/\/darkamazi.info\/file\/2021\/09\/\u06af\u06d5\u0631\u06cc\u0644\u0627-gerila.jpg","keywords":["sereke"],"articleSection":["Anal\u00eez"],"inLanguage":"en-US"},{"@type":"WebPage","@id":"https:\/\/darkamazi.info\/archives\/1025459","url":"https:\/\/darkamazi.info\/archives\/1025459","name":"\u00c7ek\u00ea \u00ceran\u00ee di dest\u00ea ger\u00eelay\u00ean PKK\u00ea de!! - Darka Maz\u00ee","isPartOf":{"@id":"https:\/\/darkamazi.info\/#website"},"primaryImageOfPage":{"@id":"https:\/\/darkamazi.info\/archives\/1025459#primaryimage"},"image":{"@id":"https:\/\/darkamazi.info\/archives\/1025459#primaryimage"},"thumbnailUrl":"https:\/\/darkamazi.info\/file\/2021\/09\/\u06af\u06d5\u0631\u06cc\u0644\u0627-gerila.jpg","datePublished":"2021-09-15T17:29:47+00:00","dateModified":"2021-09-16T12:01:36+00:00","breadcrumb":{"@id":"https:\/\/darkamazi.info\/archives\/1025459#breadcrumb"},"inLanguage":"en-US","potentialAction":[{"@type":"ReadAction","target":["https:\/\/darkamazi.info\/archives\/1025459"]}]},{"@type":"ImageObject","inLanguage":"en-US","@id":"https:\/\/darkamazi.info\/archives\/1025459#primaryimage","url":"https:\/\/darkamazi.info\/file\/2021\/09\/\u06af\u06d5\u0631\u06cc\u0644\u0627-gerila.jpg","contentUrl":"https:\/\/darkamazi.info\/file\/2021\/09\/\u06af\u06d5\u0631\u06cc\u0644\u0627-gerila.jpg","width":900,"height":497,"caption":"\u00c7ek\u00ea \u00ceran\u00ee di dest\u00ea ger\u00eelay\u00ean PKK\u00ea de!!"},{"@type":"BreadcrumbList","@id":"https:\/\/darkamazi.info\/archives\/1025459#breadcrumb","itemListElement":[{"@type":"ListItem","position":1,"name":"Home","item":"https:\/\/darkamazi.info\/"},{"@type":"ListItem","position":2,"name":"\u00c7ek\u00ea \u00ceran\u00ee di dest\u00ea ger\u00eelay\u00ean PKK\u00ea de!!"}]},{"@type":"WebSite","@id":"https:\/\/darkamazi.info\/#website","url":"https:\/\/darkamazi.info\/","name":"Darka Maz\u00ee","description":"P\u00eageha Zanyariy\u00ean Nebih\u00eest\u00ee","publisher":{"@id":"https:\/\/darkamazi.info\/#organization"},"potentialAction":[{"@type":"SearchAction","target":{"@type":"EntryPoint","urlTemplate":"https:\/\/darkamazi.info\/?s={search_term_string}"},"query-input":{"@type":"PropertyValueSpecification","valueRequired":true,"valueName":"search_term_string"}}],"inLanguage":"en-US"},{"@type":"Organization","@id":"https:\/\/darkamazi.info\/#organization","name":"Darka Maz\u00ee","url":"https:\/\/darkamazi.info\/","logo":{"@type":"ImageObject","inLanguage":"en-US","@id":"https:\/\/darkamazi.info\/#\/schema\/logo\/image\/","url":"https:\/\/darkamazi.info\/file\/2017\/12\/darka-mazi-logo.png","contentUrl":"https:\/\/darkamazi.info\/file\/2017\/12\/darka-mazi-logo.png","width":151,"height":75,"caption":"Darka Maz\u00ee"},"image":{"@id":"https:\/\/darkamazi.info\/#\/schema\/logo\/image\/"},"sameAs":["https:\/\/www.facebook.com\/DarMaziKurmanci","https:\/\/x.com\/DarkaMaziLatini","https:\/\/www.instagram.com\/darkamazi.kurmanci\/","https:\/\/www.youtube.com\/channel\/UCa5HkTdmI8U1qCUFuTw8B2g"]},{"@type":"Person","@id":"https:\/\/darkamazi.info\/#\/schema\/person\/5ad3e24553a0567993fa8ed4bd0a776c","name":"darka mazi","sameAs":["https:\/\/darkamazi.info\/"],"url":"https:\/\/darkamazi.info\/archives\/author\/kurdi"}]}},"_links":{"self":[{"href":"https:\/\/darkamazi.info\/funavuv\/wp\/v2\/posts\/1025459","targetHints":{"allow":["GET"]}}],"collection":[{"href":"https:\/\/darkamazi.info\/funavuv\/wp\/v2\/posts"}],"about":[{"href":"https:\/\/darkamazi.info\/funavuv\/wp\/v2\/types\/post"}],"author":[{"embeddable":true,"href":"https:\/\/darkamazi.info\/funavuv\/wp\/v2\/users\/2"}],"replies":[{"embeddable":true,"href":"https:\/\/darkamazi.info\/funavuv\/wp\/v2\/comments?post=1025459"}],"version-history":[{"count":0,"href":"https:\/\/darkamazi.info\/funavuv\/wp\/v2\/posts\/1025459\/revisions"}],"wp:featuredmedia":[{"embeddable":true,"href":"https:\/\/darkamazi.info\/funavuv\/wp\/v2\/media\/1025460"}],"wp:attachment":[{"href":"https:\/\/darkamazi.info\/funavuv\/wp\/v2\/media?parent=1025459"}],"wp:term":[{"taxonomy":"category","embeddable":true,"href":"https:\/\/darkamazi.info\/funavuv\/wp\/v2\/categories?post=1025459"},{"taxonomy":"post_tag","embeddable":true,"href":"https:\/\/darkamazi.info\/funavuv\/wp\/v2\/tags?post=1025459"}],"curies":[{"name":"wp","href":"https:\/\/api.w.org\/{rel}","templated":true}]}}