{"id":1025462,"date":"2021-09-15T21:10:49","date_gmt":"2021-09-15T18:10:49","guid":{"rendered":"https:\/\/darkamazi.info\/?p=1025462"},"modified":"2021-09-15T21:10:49","modified_gmt":"2021-09-15T18:10:49","slug":"pkke-2-pesmergeyen-din-ji-sehid-kirin","status":"publish","type":"post","link":"https:\/\/darkamazi.info\/archives\/1025462","title":{"rendered":"PKK\u00ea 2 p\u00ea\u015fmergey\u00ean din j\u00ee \u015feh\u00eed kirin"},"content":{"rendered":"<h3 style=\"text-align: justify\"><span style=\"font-family: 'arial black', sans-serif\">Ji ber teq\u00eena 3 bombey\u00ean veday\u00ee y\u00ean PKK\u00ea, 2 p\u00ea\u015fmerge \u015feh\u00eed b\u00fbn \u00fb hejmarek p\u00ea\u015fmerge j\u00ee bir\u00eendar b\u00fbn.<\/span><\/h3>\n<h3 style=\"text-align: justify\">V\u00ea \u00eavar\u00ea li geliy\u00ea Neqeba y\u00ea devera Nehl\u00ea ya li s\u00eenor\u00ea nav\u00e7eya Akr\u00ea, s\u00ea bombe teqiyan \u00fb di encama teq\u00een\u00ea de 2 p\u00ea\u015fmerge \u015feh\u00eed b\u00fbn \u00fb hejmarek p\u00ea\u015fmerge j\u00ee bir\u00eendar b\u00fbn.<\/h3>\n<h3 style=\"text-align: justify\">\u00c7avkaniyek\u00ee agahdar, li ser v\u00ea mijar\u00ea pi\u015ftrast kir ku bombey\u00ean veday\u00ee teqiyane \u00fb hejmarek P\u00ea\u015fmerge b\u00fbne armanc.<\/h3>\n<h3 style=\"text-align: justify\">Di nava \u00e7end meh\u00ean bor\u00ee de ji ber dan\u00eena bombe \u00fb may\u00eenan ji aliy\u00ea PKK\u00ea ve, \u00e7end\u00een P\u00ea\u015fmerge \u015feh\u00eed \u00fb bir\u00eendar b\u00fbn.<\/h3>\n<h3 style=\"text-align: justify\">P\u00ea\u015f niha j\u00ee, Roja 21\u00ea Tebaxa 2021\u00ea, Wezareta P\u00ea\u015fmerge ragihand; be\u015fa endezyariya serbaz\u00ee ya h\u00eaz\u00ean pi\u015ftevaniya yek a Wezareta P\u00ea\u015fmerge kariye bombeyeke veday\u00ee li s\u00eenor\u00ea Z\u00eena Wert\u00ea p\u00fb\u00e7 bike, ku PKK\u00ea vedab\u00fb.<\/h3>\n<h3 style=\"text-align: justify\">Herwiha roja 18\u00ea Tebaxa 2021\u00ea, navenda medyay\u00ea ya Wezareta P\u00ea\u015fmerge e\u015fkere kirib\u00fb ku li s\u00eenor\u00ea nav\u00e7eya Am\u00ead\u00ee \u00e7ekdar\u00ean PKK\u00ea bombeyek li ser r\u00eaya hat\u00fb\u00e7\u00fbn\u00ea ya P\u00ea\u015fmerge \u00fb xelk\u00ea dever\u00ea daniye \u00fb di encama teq\u00eena bi wesay\u00eeteke P\u00ea\u015fmerge de, p\u00ea\u015fmergeyek bir\u00eendar b\u00fbb\u00fb.<\/h3>\n<h3 style=\"text-align: justify\">D\u00eesa di meha bor\u00ee de roja 5\u00ea Tebaxa 2021\u00ea, h\u00eaz\u00ean P\u00ea\u015fmerge 65 k\u00eelogram TNT ku \u00e7ekdar\u00ean PKK\u00ea li ser r\u00eaya Am\u00ead\u00ee \u2013 D\u00earel\u00fbk dan\u00eeb\u00fbn, p\u00fb\u00e7 kirib\u00fbn.<\/h3>\n","protected":false},"excerpt":{"rendered":"<p>Ji ber teq\u00eena 3 bombey\u00ean veday\u00ee y\u00ean PKK\u00ea, 2 p\u00ea\u015fmerge \u015feh\u00eed b\u00fbn \u00fb hejmarek p\u00ea\u015fmerge j\u00ee bir\u00eendar b\u00fbn. V\u00ea \u00eavar\u00ea li geliy\u00ea Neqeba y\u00ea devera Nehl\u00ea ya li s\u00eenor\u00ea nav\u00e7eya Akr\u00ea, s\u00ea bombe teqiyan \u00fb di encama teq\u00een\u00ea de 2 p\u00ea\u015fmerge \u015feh\u00eed b\u00fbn \u00fb hejmarek p\u00ea\u015fmerge j\u00ee bir\u00eendar b\u00fbn. \u00c7avkaniyek\u00ee agahdar, li ser v\u00ea mijar\u00ea [&hellip;]<\/p>\n","protected":false},"author":2,"featured_media":1025463,"comment_status":"closed","ping_status":"closed","sticky":false,"template":"","format":"standard","meta":{"footnotes":""},"categories":[29],"tags":[37],"class_list":["post-1025462","post","type-post","status-publish","format-standard","has-post-thumbnail","hentry","category-kurdistan","tag-sereke"],"blocksy_meta":[],"seo_head":"<!-- This site is optimized with the Yoast SEO plugin v27.5 - https:\/\/yoast.com\/product\/yoast-seo-wordpress\/ -->\n<title>PKK\u00ea 2 p\u00ea\u015fmergey\u00ean din j\u00ee \u015feh\u00eed kirin - Darka Maz\u00ee<\/title>\n<meta name=\"robots\" content=\"index, follow, max-snippet:-1, max-image-preview:large, max-video-preview:-1\" \/>\n<link rel=\"canonical\" href=\"https:\/\/darkamazi.info\/archives\/1025462\" \/>\n<meta property=\"og:locale\" content=\"en_US\" \/>\n<meta property=\"og:type\" content=\"article\" \/>\n<meta property=\"og:title\" content=\"PKK\u00ea 2 p\u00ea\u015fmergey\u00ean din j\u00ee \u015feh\u00eed kirin - Darka Maz\u00ee\" \/>\n<meta property=\"og:description\" content=\"Ji ber teq\u00eena 3 bombey\u00ean veday\u00ee y\u00ean PKK\u00ea, 2 p\u00ea\u015fmerge \u015feh\u00eed b\u00fbn \u00fb hejmarek p\u00ea\u015fmerge j\u00ee bir\u00eendar b\u00fbn. V\u00ea \u00eavar\u00ea li geliy\u00ea Neqeba y\u00ea devera Nehl\u00ea ya li s\u00eenor\u00ea nav\u00e7eya Akr\u00ea, s\u00ea bombe teqiyan \u00fb di encama teq\u00een\u00ea de 2 p\u00ea\u015fmerge \u015feh\u00eed b\u00fbn \u00fb hejmarek p\u00ea\u015fmerge j\u00ee bir\u00eendar b\u00fbn. \u00c7avkaniyek\u00ee agahdar, li ser v\u00ea mijar\u00ea [&hellip;]\" \/>\n<meta property=\"og:url\" content=\"https:\/\/darkamazi.info\/archives\/1025462\" \/>\n<meta property=\"og:site_name\" content=\"Darka Maz\u00ee\" \/>\n<meta property=\"article:publisher\" content=\"https:\/\/www.facebook.com\/DarMaziKurmanci\" \/>\n<meta property=\"article:published_time\" content=\"2021-09-15T18:10:49+00:00\" \/>\n<meta property=\"og:image\" content=\"https:\/\/darkamazi.info\/file\/2021\/09\/\u067e\u0647\u200c\u0643\u0647\u200c\u0643\u0647\u200c-\u06cc\u0646\u0627\u0631\u062a\u0647\u200c-\u067e\u06ce\u0634\u0645\u0647\u200c\u0631\u06af\u0647\u200c-\u0626\u0647\u200c\u0641\u0633\u0647\u200c\u0631-\u0634\u0647\u200c\u0647\u06cc\u062f-\u0643\u0648\u0631\u062f-\u0643\u0648\u0631\u062f\u0633\u062a\u0627\u0646-\u062f\u0647\u06c6\u0643-pkk-kurd-peshmarga-kck-teror-2.jpg\" \/>\n\t<meta property=\"og:image:width\" content=\"900\" \/>\n\t<meta property=\"og:image:height\" content=\"497\" \/>\n\t<meta property=\"og:image:type\" content=\"image\/jpeg\" \/>\n<meta name=\"author\" content=\"darka mazi\" \/>\n<meta name=\"twitter:card\" content=\"summary_large_image\" \/>\n<meta name=\"twitter:creator\" content=\"@DarkaMaziLatini\" \/>\n<meta name=\"twitter:site\" content=\"@DarkaMaziLatini\" \/>\n<meta name=\"twitter:label1\" content=\"Written by\" \/>\n\t<meta name=\"twitter:data1\" content=\"darka mazi\" \/>\n\t<meta name=\"twitter:label2\" content=\"Est. reading time\" \/>\n\t<meta name=\"twitter:data2\" content=\"1 minute\" \/>\n<script type=\"application\/ld+json\" class=\"seo-schema-graph\">{\"@context\":\"https:\\\/\\\/schema.org\",\"@graph\":[{\"@type\":\"Article\",\"@id\":\"https:\\\/\\\/darkamazi.info\\\/archives\\\/1025462#article\",\"isPartOf\":{\"@id\":\"https:\\\/\\\/darkamazi.info\\\/archives\\\/1025462\"},\"author\":{\"name\":\"darka mazi\",\"@id\":\"https:\\\/\\\/darkamazi.info\\\/#\\\/schema\\\/person\\\/5ad3e24553a0567993fa8ed4bd0a776c\"},\"headline\":\"PKK\u00ea 2 p\u00ea\u015fmergey\u00ean din j\u00ee \u015feh\u00eed kirin\",\"datePublished\":\"2021-09-15T18:10:49+00:00\",\"mainEntityOfPage\":{\"@id\":\"https:\\\/\\\/darkamazi.info\\\/archives\\\/1025462\"},\"wordCount\":243,\"publisher\":{\"@id\":\"https:\\\/\\\/darkamazi.info\\\/#organization\"},\"image\":{\"@id\":\"https:\\\/\\\/darkamazi.info\\\/archives\\\/1025462#primaryimage\"},\"thumbnailUrl\":\"https:\\\/\\\/darkamazi.info\\\/darka-content\\\/uploads\\\/2021\\\/09\\\/\u067e\u0647\u200c\u0643\u0647\u200c\u0643\u0647\u200c-\u06cc\u0646\u0627\u0631\u062a\u0647\u200c-\u067e\u06ce\u0634\u0645\u0647\u200c\u0631\u06af\u0647\u200c-\u0626\u0647\u200c\u0641\u0633\u0647\u200c\u0631-\u0634\u0647\u200c\u0647\u06cc\u062f-\u0643\u0648\u0631\u062f-\u0643\u0648\u0631\u062f\u0633\u062a\u0627\u0646-\u062f\u0647\u06c6\u0643-pkk-kurd-peshmarga-kck-teror-2.jpg\",\"keywords\":[\"sereke\"],\"articleSection\":[\"Kurdistan\"],\"inLanguage\":\"en-US\"},{\"@type\":\"WebPage\",\"@id\":\"https:\\\/\\\/darkamazi.info\\\/archives\\\/1025462\",\"url\":\"https:\\\/\\\/darkamazi.info\\\/archives\\\/1025462\",\"name\":\"PKK\u00ea 2 p\u00ea\u015fmergey\u00ean din j\u00ee \u015feh\u00eed kirin - Darka Maz\u00ee\",\"isPartOf\":{\"@id\":\"https:\\\/\\\/darkamazi.info\\\/#website\"},\"primaryImageOfPage\":{\"@id\":\"https:\\\/\\\/darkamazi.info\\\/archives\\\/1025462#primaryimage\"},\"image\":{\"@id\":\"https:\\\/\\\/darkamazi.info\\\/archives\\\/1025462#primaryimage\"},\"thumbnailUrl\":\"https:\\\/\\\/darkamazi.info\\\/darka-content\\\/uploads\\\/2021\\\/09\\\/\u067e\u0647\u200c\u0643\u0647\u200c\u0643\u0647\u200c-\u06cc\u0646\u0627\u0631\u062a\u0647\u200c-\u067e\u06ce\u0634\u0645\u0647\u200c\u0631\u06af\u0647\u200c-\u0626\u0647\u200c\u0641\u0633\u0647\u200c\u0631-\u0634\u0647\u200c\u0647\u06cc\u062f-\u0643\u0648\u0631\u062f-\u0643\u0648\u0631\u062f\u0633\u062a\u0627\u0646-\u062f\u0647\u06c6\u0643-pkk-kurd-peshmarga-kck-teror-2.jpg\",\"datePublished\":\"2021-09-15T18:10:49+00:00\",\"breadcrumb\":{\"@id\":\"https:\\\/\\\/darkamazi.info\\\/archives\\\/1025462#breadcrumb\"},\"inLanguage\":\"en-US\",\"potentialAction\":[{\"@type\":\"ReadAction\",\"target\":[\"https:\\\/\\\/darkamazi.info\\\/archives\\\/1025462\"]}]},{\"@type\":\"ImageObject\",\"inLanguage\":\"en-US\",\"@id\":\"https:\\\/\\\/darkamazi.info\\\/archives\\\/1025462#primaryimage\",\"url\":\"https:\\\/\\\/darkamazi.info\\\/darka-content\\\/uploads\\\/2021\\\/09\\\/\u067e\u0647\u200c\u0643\u0647\u200c\u0643\u0647\u200c-\u06cc\u0646\u0627\u0631\u062a\u0647\u200c-\u067e\u06ce\u0634\u0645\u0647\u200c\u0631\u06af\u0647\u200c-\u0626\u0647\u200c\u0641\u0633\u0647\u200c\u0631-\u0634\u0647\u200c\u0647\u06cc\u062f-\u0643\u0648\u0631\u062f-\u0643\u0648\u0631\u062f\u0633\u062a\u0627\u0646-\u062f\u0647\u06c6\u0643-pkk-kurd-peshmarga-kck-teror-2.jpg\",\"contentUrl\":\"https:\\\/\\\/darkamazi.info\\\/darka-content\\\/uploads\\\/2021\\\/09\\\/\u067e\u0647\u200c\u0643\u0647\u200c\u0643\u0647\u200c-\u06cc\u0646\u0627\u0631\u062a\u0647\u200c-\u067e\u06ce\u0634\u0645\u0647\u200c\u0631\u06af\u0647\u200c-\u0626\u0647\u200c\u0641\u0633\u0647\u200c\u0631-\u0634\u0647\u200c\u0647\u06cc\u062f-\u0643\u0648\u0631\u062f-\u0643\u0648\u0631\u062f\u0633\u062a\u0627\u0646-\u062f\u0647\u06c6\u0643-pkk-kurd-peshmarga-kck-teror-2.jpg\",\"width\":900,\"height\":497,\"caption\":\"PKK\u00ea 2 p\u00ea\u015fmergey\u00ean din j\u00ee \u015feh\u00eed kirin\"},{\"@type\":\"BreadcrumbList\",\"@id\":\"https:\\\/\\\/darkamazi.info\\\/archives\\\/1025462#breadcrumb\",\"itemListElement\":[{\"@type\":\"ListItem\",\"position\":1,\"name\":\"Home\",\"item\":\"https:\\\/\\\/darkamazi.info\\\/\"},{\"@type\":\"ListItem\",\"position\":2,\"name\":\"PKK\u00ea 2 p\u00ea\u015fmergey\u00ean din j\u00ee \u015feh\u00eed kirin\"}]},{\"@type\":\"WebSite\",\"@id\":\"https:\\\/\\\/darkamazi.info\\\/#website\",\"url\":\"https:\\\/\\\/darkamazi.info\\\/\",\"name\":\"Darka Maz\u00ee\",\"description\":\"P\u00eageha Zanyariy\u00ean Nebih\u00eest\u00ee\",\"publisher\":{\"@id\":\"https:\\\/\\\/darkamazi.info\\\/#organization\"},\"potentialAction\":[{\"@type\":\"SearchAction\",\"target\":{\"@type\":\"EntryPoint\",\"urlTemplate\":\"https:\\\/\\\/darkamazi.info\\\/?s={search_term_string}\"},\"query-input\":{\"@type\":\"PropertyValueSpecification\",\"valueRequired\":true,\"valueName\":\"search_term_string\"}}],\"inLanguage\":\"en-US\"},{\"@type\":\"Organization\",\"@id\":\"https:\\\/\\\/darkamazi.info\\\/#organization\",\"name\":\"Darka Maz\u00ee\",\"url\":\"https:\\\/\\\/darkamazi.info\\\/\",\"logo\":{\"@type\":\"ImageObject\",\"inLanguage\":\"en-US\",\"@id\":\"https:\\\/\\\/darkamazi.info\\\/#\\\/schema\\\/logo\\\/image\\\/\",\"url\":\"https:\\\/\\\/darkamazi.info\\\/darka-content\\\/uploads\\\/2017\\\/12\\\/darka-mazi-logo.png\",\"contentUrl\":\"https:\\\/\\\/darkamazi.info\\\/darka-content\\\/uploads\\\/2017\\\/12\\\/darka-mazi-logo.png\",\"width\":151,\"height\":75,\"caption\":\"Darka Maz\u00ee\"},\"image\":{\"@id\":\"https:\\\/\\\/darkamazi.info\\\/#\\\/schema\\\/logo\\\/image\\\/\"},\"sameAs\":[\"https:\\\/\\\/www.facebook.com\\\/DarMaziKurmanci\",\"https:\\\/\\\/x.com\\\/DarkaMaziLatini\",\"https:\\\/\\\/www.instagram.com\\\/darkamazi.kurmanci\\\/\",\"https:\\\/\\\/www.youtube.com\\\/channel\\\/UCa5HkTdmI8U1qCUFuTw8B2g\"]},{\"@type\":\"Person\",\"@id\":\"https:\\\/\\\/darkamazi.info\\\/#\\\/schema\\\/person\\\/5ad3e24553a0567993fa8ed4bd0a776c\",\"name\":\"darka mazi\",\"sameAs\":[\"https:\\\/\\\/darkamazi.info\\\/\"],\"url\":\"https:\\\/\\\/darkamazi.info\\\/archives\\\/author\\\/kurdi\"}]}<\/script>\n<!-- \/ Yoast SEO plugin. -->","seo_head_json":{"title":"PKK\u00ea 2 p\u00ea\u015fmergey\u00ean din j\u00ee \u015feh\u00eed kirin - Darka Maz\u00ee","robots":{"index":"index","follow":"follow","max-snippet":"max-snippet:-1","max-image-preview":"max-image-preview:large","max-video-preview":"max-video-preview:-1"},"canonical":"https:\/\/darkamazi.info\/archives\/1025462","og_locale":"en_US","og_type":"article","og_title":"PKK\u00ea 2 p\u00ea\u015fmergey\u00ean din j\u00ee \u015feh\u00eed kirin - Darka Maz\u00ee","og_description":"Ji ber teq\u00eena 3 bombey\u00ean veday\u00ee y\u00ean PKK\u00ea, 2 p\u00ea\u015fmerge \u015feh\u00eed b\u00fbn \u00fb hejmarek p\u00ea\u015fmerge j\u00ee bir\u00eendar b\u00fbn. V\u00ea \u00eavar\u00ea li geliy\u00ea Neqeba y\u00ea devera Nehl\u00ea ya li s\u00eenor\u00ea nav\u00e7eya Akr\u00ea, s\u00ea bombe teqiyan \u00fb di encama teq\u00een\u00ea de 2 p\u00ea\u015fmerge \u015feh\u00eed b\u00fbn \u00fb hejmarek p\u00ea\u015fmerge j\u00ee bir\u00eendar b\u00fbn. \u00c7avkaniyek\u00ee agahdar, li ser v\u00ea mijar\u00ea [&hellip;]","og_url":"https:\/\/darkamazi.info\/archives\/1025462","og_site_name":"Darka Maz\u00ee","article_publisher":"https:\/\/www.facebook.com\/DarMaziKurmanci","article_published_time":"2021-09-15T18:10:49+00:00","og_image":[{"width":900,"height":497,"url":"https:\/\/darkamazi.info\/file\/2021\/09\/\u067e\u0647\u200c\u0643\u0647\u200c\u0643\u0647\u200c-\u06cc\u0646\u0627\u0631\u062a\u0647\u200c-\u067e\u06ce\u0634\u0645\u0647\u200c\u0631\u06af\u0647\u200c-\u0626\u0647\u200c\u0641\u0633\u0647\u200c\u0631-\u0634\u0647\u200c\u0647\u06cc\u062f-\u0643\u0648\u0631\u062f-\u0643\u0648\u0631\u062f\u0633\u062a\u0627\u0646-\u062f\u0647\u06c6\u0643-pkk-kurd-peshmarga-kck-teror-2.jpg","type":"image\/jpeg"}],"author":"darka mazi","twitter_card":"summary_large_image","twitter_creator":"@DarkaMaziLatini","twitter_site":"@DarkaMaziLatini","twitter_misc":{"Written by":"darka mazi","Est. reading time":"1 minute"},"schema":{"@context":"https:\/\/schema.org","@graph":[{"@type":"Article","@id":"https:\/\/darkamazi.info\/archives\/1025462#article","isPartOf":{"@id":"https:\/\/darkamazi.info\/archives\/1025462"},"author":{"name":"darka mazi","@id":"https:\/\/darkamazi.info\/#\/schema\/person\/5ad3e24553a0567993fa8ed4bd0a776c"},"headline":"PKK\u00ea 2 p\u00ea\u015fmergey\u00ean din j\u00ee \u015feh\u00eed kirin","datePublished":"2021-09-15T18:10:49+00:00","mainEntityOfPage":{"@id":"https:\/\/darkamazi.info\/archives\/1025462"},"wordCount":243,"publisher":{"@id":"https:\/\/darkamazi.info\/#organization"},"image":{"@id":"https:\/\/darkamazi.info\/archives\/1025462#primaryimage"},"thumbnailUrl":"https:\/\/darkamazi.info\/file\/2021\/09\/\u067e\u0647\u200c\u0643\u0647\u200c\u0643\u0647\u200c-\u06cc\u0646\u0627\u0631\u062a\u0647\u200c-\u067e\u06ce\u0634\u0645\u0647\u200c\u0631\u06af\u0647\u200c-\u0626\u0647\u200c\u0641\u0633\u0647\u200c\u0631-\u0634\u0647\u200c\u0647\u06cc\u062f-\u0643\u0648\u0631\u062f-\u0643\u0648\u0631\u062f\u0633\u062a\u0627\u0646-\u062f\u0647\u06c6\u0643-pkk-kurd-peshmarga-kck-teror-2.jpg","keywords":["sereke"],"articleSection":["Kurdistan"],"inLanguage":"en-US"},{"@type":"WebPage","@id":"https:\/\/darkamazi.info\/archives\/1025462","url":"https:\/\/darkamazi.info\/archives\/1025462","name":"PKK\u00ea 2 p\u00ea\u015fmergey\u00ean din j\u00ee \u015feh\u00eed kirin - Darka Maz\u00ee","isPartOf":{"@id":"https:\/\/darkamazi.info\/#website"},"primaryImageOfPage":{"@id":"https:\/\/darkamazi.info\/archives\/1025462#primaryimage"},"image":{"@id":"https:\/\/darkamazi.info\/archives\/1025462#primaryimage"},"thumbnailUrl":"https:\/\/darkamazi.info\/file\/2021\/09\/\u067e\u0647\u200c\u0643\u0647\u200c\u0643\u0647\u200c-\u06cc\u0646\u0627\u0631\u062a\u0647\u200c-\u067e\u06ce\u0634\u0645\u0647\u200c\u0631\u06af\u0647\u200c-\u0626\u0647\u200c\u0641\u0633\u0647\u200c\u0631-\u0634\u0647\u200c\u0647\u06cc\u062f-\u0643\u0648\u0631\u062f-\u0643\u0648\u0631\u062f\u0633\u062a\u0627\u0646-\u062f\u0647\u06c6\u0643-pkk-kurd-peshmarga-kck-teror-2.jpg","datePublished":"2021-09-15T18:10:49+00:00","breadcrumb":{"@id":"https:\/\/darkamazi.info\/archives\/1025462#breadcrumb"},"inLanguage":"en-US","potentialAction":[{"@type":"ReadAction","target":["https:\/\/darkamazi.info\/archives\/1025462"]}]},{"@type":"ImageObject","inLanguage":"en-US","@id":"https:\/\/darkamazi.info\/archives\/1025462#primaryimage","url":"https:\/\/darkamazi.info\/file\/2021\/09\/\u067e\u0647\u200c\u0643\u0647\u200c\u0643\u0647\u200c-\u06cc\u0646\u0627\u0631\u062a\u0647\u200c-\u067e\u06ce\u0634\u0645\u0647\u200c\u0631\u06af\u0647\u200c-\u0626\u0647\u200c\u0641\u0633\u0647\u200c\u0631-\u0634\u0647\u200c\u0647\u06cc\u062f-\u0643\u0648\u0631\u062f-\u0643\u0648\u0631\u062f\u0633\u062a\u0627\u0646-\u062f\u0647\u06c6\u0643-pkk-kurd-peshmarga-kck-teror-2.jpg","contentUrl":"https:\/\/darkamazi.info\/file\/2021\/09\/\u067e\u0647\u200c\u0643\u0647\u200c\u0643\u0647\u200c-\u06cc\u0646\u0627\u0631\u062a\u0647\u200c-\u067e\u06ce\u0634\u0645\u0647\u200c\u0631\u06af\u0647\u200c-\u0626\u0647\u200c\u0641\u0633\u0647\u200c\u0631-\u0634\u0647\u200c\u0647\u06cc\u062f-\u0643\u0648\u0631\u062f-\u0643\u0648\u0631\u062f\u0633\u062a\u0627\u0646-\u062f\u0647\u06c6\u0643-pkk-kurd-peshmarga-kck-teror-2.jpg","width":900,"height":497,"caption":"PKK\u00ea 2 p\u00ea\u015fmergey\u00ean din j\u00ee \u015feh\u00eed kirin"},{"@type":"BreadcrumbList","@id":"https:\/\/darkamazi.info\/archives\/1025462#breadcrumb","itemListElement":[{"@type":"ListItem","position":1,"name":"Home","item":"https:\/\/darkamazi.info\/"},{"@type":"ListItem","position":2,"name":"PKK\u00ea 2 p\u00ea\u015fmergey\u00ean din j\u00ee \u015feh\u00eed kirin"}]},{"@type":"WebSite","@id":"https:\/\/darkamazi.info\/#website","url":"https:\/\/darkamazi.info\/","name":"Darka Maz\u00ee","description":"P\u00eageha Zanyariy\u00ean Nebih\u00eest\u00ee","publisher":{"@id":"https:\/\/darkamazi.info\/#organization"},"potentialAction":[{"@type":"SearchAction","target":{"@type":"EntryPoint","urlTemplate":"https:\/\/darkamazi.info\/?s={search_term_string}"},"query-input":{"@type":"PropertyValueSpecification","valueRequired":true,"valueName":"search_term_string"}}],"inLanguage":"en-US"},{"@type":"Organization","@id":"https:\/\/darkamazi.info\/#organization","name":"Darka Maz\u00ee","url":"https:\/\/darkamazi.info\/","logo":{"@type":"ImageObject","inLanguage":"en-US","@id":"https:\/\/darkamazi.info\/#\/schema\/logo\/image\/","url":"https:\/\/darkamazi.info\/file\/2017\/12\/darka-mazi-logo.png","contentUrl":"https:\/\/darkamazi.info\/file\/2017\/12\/darka-mazi-logo.png","width":151,"height":75,"caption":"Darka Maz\u00ee"},"image":{"@id":"https:\/\/darkamazi.info\/#\/schema\/logo\/image\/"},"sameAs":["https:\/\/www.facebook.com\/DarMaziKurmanci","https:\/\/x.com\/DarkaMaziLatini","https:\/\/www.instagram.com\/darkamazi.kurmanci\/","https:\/\/www.youtube.com\/channel\/UCa5HkTdmI8U1qCUFuTw8B2g"]},{"@type":"Person","@id":"https:\/\/darkamazi.info\/#\/schema\/person\/5ad3e24553a0567993fa8ed4bd0a776c","name":"darka mazi","sameAs":["https:\/\/darkamazi.info\/"],"url":"https:\/\/darkamazi.info\/archives\/author\/kurdi"}]}},"_links":{"self":[{"href":"https:\/\/darkamazi.info\/funavuv\/wp\/v2\/posts\/1025462","targetHints":{"allow":["GET"]}}],"collection":[{"href":"https:\/\/darkamazi.info\/funavuv\/wp\/v2\/posts"}],"about":[{"href":"https:\/\/darkamazi.info\/funavuv\/wp\/v2\/types\/post"}],"author":[{"embeddable":true,"href":"https:\/\/darkamazi.info\/funavuv\/wp\/v2\/users\/2"}],"replies":[{"embeddable":true,"href":"https:\/\/darkamazi.info\/funavuv\/wp\/v2\/comments?post=1025462"}],"version-history":[{"count":0,"href":"https:\/\/darkamazi.info\/funavuv\/wp\/v2\/posts\/1025462\/revisions"}],"wp:featuredmedia":[{"embeddable":true,"href":"https:\/\/darkamazi.info\/funavuv\/wp\/v2\/media\/1025463"}],"wp:attachment":[{"href":"https:\/\/darkamazi.info\/funavuv\/wp\/v2\/media?parent=1025462"}],"wp:term":[{"taxonomy":"category","embeddable":true,"href":"https:\/\/darkamazi.info\/funavuv\/wp\/v2\/categories?post=1025462"},{"taxonomy":"post_tag","embeddable":true,"href":"https:\/\/darkamazi.info\/funavuv\/wp\/v2\/tags?post=1025462"}],"curies":[{"name":"wp","href":"https:\/\/api.w.org\/{rel}","templated":true}]}}