{"id":1025670,"date":"2021-09-23T09:49:40","date_gmt":"2021-09-23T06:49:40","guid":{"rendered":"https:\/\/darkamazi.info\/?p=1025670"},"modified":"2021-09-23T09:49:40","modified_gmt":"2021-09-23T06:49:40","slug":"amerika-otomobilen-serbazi-peskesi-wezareta-pesmerge-kirin","status":"publish","type":"post","link":"https:\/\/darkamazi.info\/archives\/1025670","title":{"rendered":"Amer\u00eeka otomob\u00eel\u00ean serbaz\u00ee p\u00ea\u015fk\u00ea\u015f\u00ee Wezareta P\u00ea\u015fmerge kirin"},"content":{"rendered":"<h3 style=\"text-align: justify\"><span style=\"font-family: 'arial black', sans-serif\">Hevpeymaniya Navdewlet\u00ee ya li Dij\u00ee DAI\u015e\u00ea 70 otomob\u00eel\u00ean din \u00ean gulenebir radest\u00ee Wezareta P\u00ea\u015fmerge kirin \u00fb ji bo r\u00fbbir\u00fbb\u00fbna teror\u00ea j\u00ee, li ser al\u00eekariya bi P\u00ea\u015fmerge re berdewam dibe.<\/span><\/h3>\n<h3 style=\"text-align: justify\">Berdevk\u00ea Hevpeymaniya Navdewlet\u00ee Wayne Marotto li Twittera xwe niv\u00ees\u00ee: \u201cDi \u00e7ar\u00e7oveya bernameya pi\u015ftevaniya daray\u00ee \u00fb bi\u00e7ekkirin\u00ea ya Amer\u00eeka ji bo r\u00fbbir\u00fbb\u00fbna DAI\u015e\u00ea de, 70 otomob\u00eel\u00ean le\u015fker\u00ee y\u00ean gulenebir radest\u00ee Wezareta P\u00ea\u015fmerge b\u00fbn.\u201d<\/h3>\n<h3 style=\"text-align: justify\">Marotto tekez kir, ew bi al\u00eekariy\u00ean xwe y\u00ean ji bo bih\u00eaztirkirin \u00fb bi\u00e7ekkirina hevpeyman\u00ean xwe di r\u00fbbir\u00fbb\u00fbna teror\u00ea, dab\u00eenkirina ewlehiy\u00ea \u00fb parastina dezgehan de berdewam dibe.<\/h3>\n","protected":false},"excerpt":{"rendered":"<p>Hevpeymaniya Navdewlet\u00ee ya li Dij\u00ee DAI\u015e\u00ea 70 otomob\u00eel\u00ean din \u00ean gulenebir radest\u00ee Wezareta P\u00ea\u015fmerge kirin \u00fb ji bo r\u00fbbir\u00fbb\u00fbna teror\u00ea j\u00ee, li ser al\u00eekariya bi P\u00ea\u015fmerge re berdewam dibe. Berdevk\u00ea Hevpeymaniya Navdewlet\u00ee Wayne Marotto li Twittera xwe niv\u00ees\u00ee: \u201cDi \u00e7ar\u00e7oveya bernameya pi\u015ftevaniya daray\u00ee \u00fb bi\u00e7ekkirin\u00ea ya Amer\u00eeka ji bo r\u00fbbir\u00fbb\u00fbna DAI\u015e\u00ea de, 70 otomob\u00eel\u00ean le\u015fker\u00ee [&hellip;]<\/p>\n","protected":false},"author":2,"featured_media":1025671,"comment_status":"closed","ping_status":"closed","sticky":false,"template":"","format":"standard","meta":{"footnotes":""},"categories":[29],"tags":[37],"class_list":["post-1025670","post","type-post","status-publish","format-standard","has-post-thumbnail","hentry","category-kurdistan","tag-sereke"],"blocksy_meta":[],"seo_head":"<!-- This site is optimized with the Yoast SEO plugin v27.5 - https:\/\/yoast.com\/product\/yoast-seo-wordpress\/ -->\n<title>Amer\u00eeka otomob\u00eel\u00ean serbaz\u00ee p\u00ea\u015fk\u00ea\u015f\u00ee Wezareta P\u00ea\u015fmerge kirin - Darka Maz\u00ee<\/title>\n<meta name=\"robots\" content=\"index, follow, max-snippet:-1, max-image-preview:large, max-video-preview:-1\" \/>\n<link rel=\"canonical\" href=\"https:\/\/darkamazi.info\/archives\/1025670\" \/>\n<meta property=\"og:locale\" content=\"en_US\" \/>\n<meta property=\"og:type\" content=\"article\" \/>\n<meta property=\"og:title\" content=\"Amer\u00eeka otomob\u00eel\u00ean serbaz\u00ee p\u00ea\u015fk\u00ea\u015f\u00ee Wezareta P\u00ea\u015fmerge kirin - Darka Maz\u00ee\" \/>\n<meta property=\"og:description\" content=\"Hevpeymaniya Navdewlet\u00ee ya li Dij\u00ee DAI\u015e\u00ea 70 otomob\u00eel\u00ean din \u00ean gulenebir radest\u00ee Wezareta P\u00ea\u015fmerge kirin \u00fb ji bo r\u00fbbir\u00fbb\u00fbna teror\u00ea j\u00ee, li ser al\u00eekariya bi P\u00ea\u015fmerge re berdewam dibe. Berdevk\u00ea Hevpeymaniya Navdewlet\u00ee Wayne Marotto li Twittera xwe niv\u00ees\u00ee: \u201cDi \u00e7ar\u00e7oveya bernameya pi\u015ftevaniya daray\u00ee \u00fb bi\u00e7ekkirin\u00ea ya Amer\u00eeka ji bo r\u00fbbir\u00fbb\u00fbna DAI\u015e\u00ea de, 70 otomob\u00eel\u00ean le\u015fker\u00ee [&hellip;]\" \/>\n<meta property=\"og:url\" content=\"https:\/\/darkamazi.info\/archives\/1025670\" \/>\n<meta property=\"og:site_name\" content=\"Darka Maz\u00ee\" \/>\n<meta property=\"article:publisher\" content=\"https:\/\/www.facebook.com\/DarMaziKurmanci\" \/>\n<meta property=\"article:published_time\" content=\"2021-09-23T06:49:40+00:00\" \/>\n<meta property=\"og:image\" content=\"https:\/\/darkamazi.info\/file\/2021\/09\/amerika-kurdistan.jpg\" \/>\n\t<meta property=\"og:image:width\" content=\"900\" \/>\n\t<meta property=\"og:image:height\" content=\"497\" \/>\n\t<meta property=\"og:image:type\" content=\"image\/jpeg\" \/>\n<meta name=\"author\" content=\"darka mazi\" \/>\n<meta name=\"twitter:card\" content=\"summary_large_image\" \/>\n<meta name=\"twitter:creator\" content=\"@DarkaMaziLatini\" \/>\n<meta name=\"twitter:site\" content=\"@DarkaMaziLatini\" \/>\n<meta name=\"twitter:label1\" content=\"Written by\" \/>\n\t<meta name=\"twitter:data1\" content=\"darka mazi\" \/>\n\t<meta name=\"twitter:label2\" content=\"Est. reading time\" \/>\n\t<meta name=\"twitter:data2\" content=\"1 minute\" \/>\n<script type=\"application\/ld+json\" class=\"seo-schema-graph\">{\"@context\":\"https:\\\/\\\/schema.org\",\"@graph\":[{\"@type\":\"Article\",\"@id\":\"https:\\\/\\\/darkamazi.info\\\/archives\\\/1025670#article\",\"isPartOf\":{\"@id\":\"https:\\\/\\\/darkamazi.info\\\/archives\\\/1025670\"},\"author\":{\"name\":\"darka mazi\",\"@id\":\"https:\\\/\\\/darkamazi.info\\\/#\\\/schema\\\/person\\\/5ad3e24553a0567993fa8ed4bd0a776c\"},\"headline\":\"Amer\u00eeka otomob\u00eel\u00ean serbaz\u00ee p\u00ea\u015fk\u00ea\u015f\u00ee Wezareta P\u00ea\u015fmerge kirin\",\"datePublished\":\"2021-09-23T06:49:40+00:00\",\"mainEntityOfPage\":{\"@id\":\"https:\\\/\\\/darkamazi.info\\\/archives\\\/1025670\"},\"wordCount\":125,\"publisher\":{\"@id\":\"https:\\\/\\\/darkamazi.info\\\/#organization\"},\"image\":{\"@id\":\"https:\\\/\\\/darkamazi.info\\\/archives\\\/1025670#primaryimage\"},\"thumbnailUrl\":\"https:\\\/\\\/darkamazi.info\\\/darka-content\\\/uploads\\\/2021\\\/09\\\/amerika-kurdistan.jpg\",\"keywords\":[\"sereke\"],\"articleSection\":[\"Kurdistan\"],\"inLanguage\":\"en-US\"},{\"@type\":\"WebPage\",\"@id\":\"https:\\\/\\\/darkamazi.info\\\/archives\\\/1025670\",\"url\":\"https:\\\/\\\/darkamazi.info\\\/archives\\\/1025670\",\"name\":\"Amer\u00eeka otomob\u00eel\u00ean serbaz\u00ee p\u00ea\u015fk\u00ea\u015f\u00ee Wezareta P\u00ea\u015fmerge kirin - Darka Maz\u00ee\",\"isPartOf\":{\"@id\":\"https:\\\/\\\/darkamazi.info\\\/#website\"},\"primaryImageOfPage\":{\"@id\":\"https:\\\/\\\/darkamazi.info\\\/archives\\\/1025670#primaryimage\"},\"image\":{\"@id\":\"https:\\\/\\\/darkamazi.info\\\/archives\\\/1025670#primaryimage\"},\"thumbnailUrl\":\"https:\\\/\\\/darkamazi.info\\\/darka-content\\\/uploads\\\/2021\\\/09\\\/amerika-kurdistan.jpg\",\"datePublished\":\"2021-09-23T06:49:40+00:00\",\"breadcrumb\":{\"@id\":\"https:\\\/\\\/darkamazi.info\\\/archives\\\/1025670#breadcrumb\"},\"inLanguage\":\"en-US\",\"potentialAction\":[{\"@type\":\"ReadAction\",\"target\":[\"https:\\\/\\\/darkamazi.info\\\/archives\\\/1025670\"]}]},{\"@type\":\"ImageObject\",\"inLanguage\":\"en-US\",\"@id\":\"https:\\\/\\\/darkamazi.info\\\/archives\\\/1025670#primaryimage\",\"url\":\"https:\\\/\\\/darkamazi.info\\\/darka-content\\\/uploads\\\/2021\\\/09\\\/amerika-kurdistan.jpg\",\"contentUrl\":\"https:\\\/\\\/darkamazi.info\\\/darka-content\\\/uploads\\\/2021\\\/09\\\/amerika-kurdistan.jpg\",\"width\":900,\"height\":497,\"caption\":\"Amer\u00eeka otomob\u00eel\u00ean serbaz\u00ee p\u00ea\u015fk\u00ea\u015f\u00ee Wezareta P\u00ea\u015fmerge kirin\"},{\"@type\":\"BreadcrumbList\",\"@id\":\"https:\\\/\\\/darkamazi.info\\\/archives\\\/1025670#breadcrumb\",\"itemListElement\":[{\"@type\":\"ListItem\",\"position\":1,\"name\":\"Home\",\"item\":\"https:\\\/\\\/darkamazi.info\\\/\"},{\"@type\":\"ListItem\",\"position\":2,\"name\":\"Amer\u00eeka otomob\u00eel\u00ean serbaz\u00ee p\u00ea\u015fk\u00ea\u015f\u00ee Wezareta P\u00ea\u015fmerge kirin\"}]},{\"@type\":\"WebSite\",\"@id\":\"https:\\\/\\\/darkamazi.info\\\/#website\",\"url\":\"https:\\\/\\\/darkamazi.info\\\/\",\"name\":\"Darka Maz\u00ee\",\"description\":\"P\u00eageha Zanyariy\u00ean Nebih\u00eest\u00ee\",\"publisher\":{\"@id\":\"https:\\\/\\\/darkamazi.info\\\/#organization\"},\"potentialAction\":[{\"@type\":\"SearchAction\",\"target\":{\"@type\":\"EntryPoint\",\"urlTemplate\":\"https:\\\/\\\/darkamazi.info\\\/?s={search_term_string}\"},\"query-input\":{\"@type\":\"PropertyValueSpecification\",\"valueRequired\":true,\"valueName\":\"search_term_string\"}}],\"inLanguage\":\"en-US\"},{\"@type\":\"Organization\",\"@id\":\"https:\\\/\\\/darkamazi.info\\\/#organization\",\"name\":\"Darka Maz\u00ee\",\"url\":\"https:\\\/\\\/darkamazi.info\\\/\",\"logo\":{\"@type\":\"ImageObject\",\"inLanguage\":\"en-US\",\"@id\":\"https:\\\/\\\/darkamazi.info\\\/#\\\/schema\\\/logo\\\/image\\\/\",\"url\":\"https:\\\/\\\/darkamazi.info\\\/darka-content\\\/uploads\\\/2017\\\/12\\\/darka-mazi-logo.png\",\"contentUrl\":\"https:\\\/\\\/darkamazi.info\\\/darka-content\\\/uploads\\\/2017\\\/12\\\/darka-mazi-logo.png\",\"width\":151,\"height\":75,\"caption\":\"Darka Maz\u00ee\"},\"image\":{\"@id\":\"https:\\\/\\\/darkamazi.info\\\/#\\\/schema\\\/logo\\\/image\\\/\"},\"sameAs\":[\"https:\\\/\\\/www.facebook.com\\\/DarMaziKurmanci\",\"https:\\\/\\\/x.com\\\/DarkaMaziLatini\",\"https:\\\/\\\/www.instagram.com\\\/darkamazi.kurmanci\\\/\",\"https:\\\/\\\/www.youtube.com\\\/channel\\\/UCa5HkTdmI8U1qCUFuTw8B2g\"]},{\"@type\":\"Person\",\"@id\":\"https:\\\/\\\/darkamazi.info\\\/#\\\/schema\\\/person\\\/5ad3e24553a0567993fa8ed4bd0a776c\",\"name\":\"darka mazi\",\"sameAs\":[\"https:\\\/\\\/darkamazi.info\\\/\"],\"url\":\"https:\\\/\\\/darkamazi.info\\\/archives\\\/author\\\/kurdi\"}]}<\/script>\n<!-- \/ Yoast SEO plugin. -->","seo_head_json":{"title":"Amer\u00eeka otomob\u00eel\u00ean serbaz\u00ee p\u00ea\u015fk\u00ea\u015f\u00ee Wezareta P\u00ea\u015fmerge kirin - Darka Maz\u00ee","robots":{"index":"index","follow":"follow","max-snippet":"max-snippet:-1","max-image-preview":"max-image-preview:large","max-video-preview":"max-video-preview:-1"},"canonical":"https:\/\/darkamazi.info\/archives\/1025670","og_locale":"en_US","og_type":"article","og_title":"Amer\u00eeka otomob\u00eel\u00ean serbaz\u00ee p\u00ea\u015fk\u00ea\u015f\u00ee Wezareta P\u00ea\u015fmerge kirin - Darka Maz\u00ee","og_description":"Hevpeymaniya Navdewlet\u00ee ya li Dij\u00ee DAI\u015e\u00ea 70 otomob\u00eel\u00ean din \u00ean gulenebir radest\u00ee Wezareta P\u00ea\u015fmerge kirin \u00fb ji bo r\u00fbbir\u00fbb\u00fbna teror\u00ea j\u00ee, li ser al\u00eekariya bi P\u00ea\u015fmerge re berdewam dibe. Berdevk\u00ea Hevpeymaniya Navdewlet\u00ee Wayne Marotto li Twittera xwe niv\u00ees\u00ee: \u201cDi \u00e7ar\u00e7oveya bernameya pi\u015ftevaniya daray\u00ee \u00fb bi\u00e7ekkirin\u00ea ya Amer\u00eeka ji bo r\u00fbbir\u00fbb\u00fbna DAI\u015e\u00ea de, 70 otomob\u00eel\u00ean le\u015fker\u00ee [&hellip;]","og_url":"https:\/\/darkamazi.info\/archives\/1025670","og_site_name":"Darka Maz\u00ee","article_publisher":"https:\/\/www.facebook.com\/DarMaziKurmanci","article_published_time":"2021-09-23T06:49:40+00:00","og_image":[{"width":900,"height":497,"url":"https:\/\/darkamazi.info\/file\/2021\/09\/amerika-kurdistan.jpg","type":"image\/jpeg"}],"author":"darka mazi","twitter_card":"summary_large_image","twitter_creator":"@DarkaMaziLatini","twitter_site":"@DarkaMaziLatini","twitter_misc":{"Written by":"darka mazi","Est. reading time":"1 minute"},"schema":{"@context":"https:\/\/schema.org","@graph":[{"@type":"Article","@id":"https:\/\/darkamazi.info\/archives\/1025670#article","isPartOf":{"@id":"https:\/\/darkamazi.info\/archives\/1025670"},"author":{"name":"darka mazi","@id":"https:\/\/darkamazi.info\/#\/schema\/person\/5ad3e24553a0567993fa8ed4bd0a776c"},"headline":"Amer\u00eeka otomob\u00eel\u00ean serbaz\u00ee p\u00ea\u015fk\u00ea\u015f\u00ee Wezareta P\u00ea\u015fmerge kirin","datePublished":"2021-09-23T06:49:40+00:00","mainEntityOfPage":{"@id":"https:\/\/darkamazi.info\/archives\/1025670"},"wordCount":125,"publisher":{"@id":"https:\/\/darkamazi.info\/#organization"},"image":{"@id":"https:\/\/darkamazi.info\/archives\/1025670#primaryimage"},"thumbnailUrl":"https:\/\/darkamazi.info\/file\/2021\/09\/amerika-kurdistan.jpg","keywords":["sereke"],"articleSection":["Kurdistan"],"inLanguage":"en-US"},{"@type":"WebPage","@id":"https:\/\/darkamazi.info\/archives\/1025670","url":"https:\/\/darkamazi.info\/archives\/1025670","name":"Amer\u00eeka otomob\u00eel\u00ean serbaz\u00ee p\u00ea\u015fk\u00ea\u015f\u00ee Wezareta P\u00ea\u015fmerge kirin - Darka Maz\u00ee","isPartOf":{"@id":"https:\/\/darkamazi.info\/#website"},"primaryImageOfPage":{"@id":"https:\/\/darkamazi.info\/archives\/1025670#primaryimage"},"image":{"@id":"https:\/\/darkamazi.info\/archives\/1025670#primaryimage"},"thumbnailUrl":"https:\/\/darkamazi.info\/file\/2021\/09\/amerika-kurdistan.jpg","datePublished":"2021-09-23T06:49:40+00:00","breadcrumb":{"@id":"https:\/\/darkamazi.info\/archives\/1025670#breadcrumb"},"inLanguage":"en-US","potentialAction":[{"@type":"ReadAction","target":["https:\/\/darkamazi.info\/archives\/1025670"]}]},{"@type":"ImageObject","inLanguage":"en-US","@id":"https:\/\/darkamazi.info\/archives\/1025670#primaryimage","url":"https:\/\/darkamazi.info\/file\/2021\/09\/amerika-kurdistan.jpg","contentUrl":"https:\/\/darkamazi.info\/file\/2021\/09\/amerika-kurdistan.jpg","width":900,"height":497,"caption":"Amer\u00eeka otomob\u00eel\u00ean serbaz\u00ee p\u00ea\u015fk\u00ea\u015f\u00ee Wezareta P\u00ea\u015fmerge kirin"},{"@type":"BreadcrumbList","@id":"https:\/\/darkamazi.info\/archives\/1025670#breadcrumb","itemListElement":[{"@type":"ListItem","position":1,"name":"Home","item":"https:\/\/darkamazi.info\/"},{"@type":"ListItem","position":2,"name":"Amer\u00eeka otomob\u00eel\u00ean serbaz\u00ee p\u00ea\u015fk\u00ea\u015f\u00ee Wezareta P\u00ea\u015fmerge kirin"}]},{"@type":"WebSite","@id":"https:\/\/darkamazi.info\/#website","url":"https:\/\/darkamazi.info\/","name":"Darka Maz\u00ee","description":"P\u00eageha Zanyariy\u00ean Nebih\u00eest\u00ee","publisher":{"@id":"https:\/\/darkamazi.info\/#organization"},"potentialAction":[{"@type":"SearchAction","target":{"@type":"EntryPoint","urlTemplate":"https:\/\/darkamazi.info\/?s={search_term_string}"},"query-input":{"@type":"PropertyValueSpecification","valueRequired":true,"valueName":"search_term_string"}}],"inLanguage":"en-US"},{"@type":"Organization","@id":"https:\/\/darkamazi.info\/#organization","name":"Darka Maz\u00ee","url":"https:\/\/darkamazi.info\/","logo":{"@type":"ImageObject","inLanguage":"en-US","@id":"https:\/\/darkamazi.info\/#\/schema\/logo\/image\/","url":"https:\/\/darkamazi.info\/file\/2017\/12\/darka-mazi-logo.png","contentUrl":"https:\/\/darkamazi.info\/file\/2017\/12\/darka-mazi-logo.png","width":151,"height":75,"caption":"Darka Maz\u00ee"},"image":{"@id":"https:\/\/darkamazi.info\/#\/schema\/logo\/image\/"},"sameAs":["https:\/\/www.facebook.com\/DarMaziKurmanci","https:\/\/x.com\/DarkaMaziLatini","https:\/\/www.instagram.com\/darkamazi.kurmanci\/","https:\/\/www.youtube.com\/channel\/UCa5HkTdmI8U1qCUFuTw8B2g"]},{"@type":"Person","@id":"https:\/\/darkamazi.info\/#\/schema\/person\/5ad3e24553a0567993fa8ed4bd0a776c","name":"darka mazi","sameAs":["https:\/\/darkamazi.info\/"],"url":"https:\/\/darkamazi.info\/archives\/author\/kurdi"}]}},"_links":{"self":[{"href":"https:\/\/darkamazi.info\/funavuv\/wp\/v2\/posts\/1025670","targetHints":{"allow":["GET"]}}],"collection":[{"href":"https:\/\/darkamazi.info\/funavuv\/wp\/v2\/posts"}],"about":[{"href":"https:\/\/darkamazi.info\/funavuv\/wp\/v2\/types\/post"}],"author":[{"embeddable":true,"href":"https:\/\/darkamazi.info\/funavuv\/wp\/v2\/users\/2"}],"replies":[{"embeddable":true,"href":"https:\/\/darkamazi.info\/funavuv\/wp\/v2\/comments?post=1025670"}],"version-history":[{"count":0,"href":"https:\/\/darkamazi.info\/funavuv\/wp\/v2\/posts\/1025670\/revisions"}],"wp:featuredmedia":[{"embeddable":true,"href":"https:\/\/darkamazi.info\/funavuv\/wp\/v2\/media\/1025671"}],"wp:attachment":[{"href":"https:\/\/darkamazi.info\/funavuv\/wp\/v2\/media?parent=1025670"}],"wp:term":[{"taxonomy":"category","embeddable":true,"href":"https:\/\/darkamazi.info\/funavuv\/wp\/v2\/categories?post=1025670"},{"taxonomy":"post_tag","embeddable":true,"href":"https:\/\/darkamazi.info\/funavuv\/wp\/v2\/tags?post=1025670"}],"curies":[{"name":"wp","href":"https:\/\/api.w.org\/{rel}","templated":true}]}}