{"id":1025689,"date":"2021-09-25T11:04:49","date_gmt":"2021-09-25T08:04:49","guid":{"rendered":"https:\/\/darkamazi.info\/?p=1025689"},"modified":"2021-09-25T11:04:49","modified_gmt":"2021-09-25T08:04:49","slug":"kocbere-ku-dixwest-bireve-cane-xwe-ji-dest-da","status":"publish","type":"post","link":"https:\/\/darkamazi.info\/archives\/1025689","title":{"rendered":"Ko\u00e7ber\u00ea ku dixwest bireve can\u00ea xwe ji dest da"},"content":{"rendered":"<h3 style=\"text-align: justify\"><span style=\"font-family: 'arial black', sans-serif\">\u00a0Li Par\u00eazgeha D\u00eelok\u00ea ya Bakur\u00ea Kurdistan\u00ea\u00a0 ko\u00e7berek\u00ee ku xwest ji polisan bireve l\u00ea di encam de ereb\u00ea l\u00eada \u00fb can\u00ea xwe ji dest da.<\/span><\/h3>\n<h3 style=\"text-align: justify\">Li par\u00eazgeha D\u00eelok\u00ea ya Bakur\u00ea Kurdistan\u00ea\u00a0 pol\u00eesan xwestin\u00a0\u00a0\u00a0 minibuseke ku 20 ko\u00e7ber\u00ean Efxan t\u00ea de b\u00fbn, li xala kontrol\u00ea ya li ser r\u00eaya Riha-Eden\u00ea birawest\u00eenin, l\u00ea ajotvan\u00ea minibus\u00ea ranewestiya \u00fb reviya. Pi\u015ft\u00ee demek\u00ea ewlekaran dan pey w\u00ea minibus\u00ea \u00fb minibus rawestandin.<\/h3>\n<h3 style=\"text-align: justify\">Li gor agahiyan ko\u00e7bereke Efxan\u00ee ku nexwest xwe radest\u00ee ewlekaran bike dema hewl da derbas\u00ee aliy\u00ea din y\u00ea r\u00ea bibe, erebeya bi hejmara 22 T 1033 ku kesek\u00ee bi nav\u00ea M.B. diajot l\u00eada.<\/h3>\n<h3 style=\"text-align: justify\">Li ser agahdarkirin\u00ea, t\u00eem\u00ean tendirustiy\u00ea hatin cih\u00ea b\u00fbyer\u00ea \u00fb di encama pi\u015fk\u00een\u00ea de d\u00eetin ku w\u00ee ko\u00e7ber\u00ee li cih\u00ea b\u00fbyer\u00ea can\u00ea xwe ji dest daye. T\u00eem\u00ean tendirustiy\u00ea\u00a0 term\u00ea w\u00ee ko\u00e7ber\u00ee ji bo kar\u00fbbar\u00ean otopsiy\u00ea rakirin Piz\u00ee\u015fkiya Dad\u00ee.<\/h3>\n<h3 style=\"text-align: justify\">Pi\u015ft\u00ee kontrolkirina Efxanistan\u00ea ji aliy\u00ea Taliban\u00ea ve bi hezaran ko\u00e7ber\u00ean ku dixwazin bi\u00e7in Ewropay\u00ea di ser \u00ceran \u00fb Rojhilat\u00ea Kurdistan\u00ea re derbas\u00ee Wan\u00ea dibin. Rojane di nav s\u00eenor\u00ean Bakur\u00ea Kurdistan\u00ea \u00fb Tirkiy\u00ea de hejmareke z\u00eade ya wan ko\u00e7beran ji aliy\u00ea ewlekaran ve\u00a0 t\u00ean destserkirin.<\/h3>\n","protected":false},"excerpt":{"rendered":"<p>\u00a0Li Par\u00eazgeha D\u00eelok\u00ea ya Bakur\u00ea Kurdistan\u00ea\u00a0 ko\u00e7berek\u00ee ku xwest ji polisan bireve l\u00ea di encam de ereb\u00ea l\u00eada \u00fb can\u00ea xwe ji dest da. Li par\u00eazgeha D\u00eelok\u00ea ya Bakur\u00ea Kurdistan\u00ea\u00a0 pol\u00eesan xwestin\u00a0\u00a0\u00a0 minibuseke ku 20 ko\u00e7ber\u00ean Efxan t\u00ea de b\u00fbn, li xala kontrol\u00ea ya li ser r\u00eaya Riha-Eden\u00ea birawest\u00eenin, l\u00ea ajotvan\u00ea minibus\u00ea ranewestiya \u00fb reviya. [&hellip;]<\/p>\n","protected":false},"author":2,"featured_media":1025690,"comment_status":"closed","ping_status":"closed","sticky":false,"template":"","format":"standard","meta":{"footnotes":""},"categories":[29],"tags":[37],"class_list":["post-1025689","post","type-post","status-publish","format-standard","has-post-thumbnail","hentry","category-kurdistan","tag-sereke"],"blocksy_meta":[],"seo_head":"<!-- This site is optimized with the Yoast SEO plugin v27.5 - https:\/\/yoast.com\/product\/yoast-seo-wordpress\/ -->\n<title>Ko\u00e7ber\u00ea ku dixwest bireve can\u00ea xwe ji dest da - Darka Maz\u00ee<\/title>\n<meta name=\"robots\" content=\"index, follow, max-snippet:-1, max-image-preview:large, max-video-preview:-1\" \/>\n<link rel=\"canonical\" href=\"https:\/\/darkamazi.info\/archives\/1025689\" \/>\n<meta property=\"og:locale\" content=\"en_US\" \/>\n<meta property=\"og:type\" content=\"article\" \/>\n<meta property=\"og:title\" content=\"Ko\u00e7ber\u00ea ku dixwest bireve can\u00ea xwe ji dest da - Darka Maz\u00ee\" \/>\n<meta property=\"og:description\" content=\"\u00a0Li Par\u00eazgeha D\u00eelok\u00ea ya Bakur\u00ea Kurdistan\u00ea\u00a0 ko\u00e7berek\u00ee ku xwest ji polisan bireve l\u00ea di encam de ereb\u00ea l\u00eada \u00fb can\u00ea xwe ji dest da. Li par\u00eazgeha D\u00eelok\u00ea ya Bakur\u00ea Kurdistan\u00ea\u00a0 pol\u00eesan xwestin\u00a0\u00a0\u00a0 minibuseke ku 20 ko\u00e7ber\u00ean Efxan t\u00ea de b\u00fbn, li xala kontrol\u00ea ya li ser r\u00eaya Riha-Eden\u00ea birawest\u00eenin, l\u00ea ajotvan\u00ea minibus\u00ea ranewestiya \u00fb reviya. [&hellip;]\" \/>\n<meta property=\"og:url\" content=\"https:\/\/darkamazi.info\/archives\/1025689\" \/>\n<meta property=\"og:site_name\" content=\"Darka Maz\u00ee\" \/>\n<meta property=\"article:publisher\" content=\"https:\/\/www.facebook.com\/DarMaziKurmanci\" \/>\n<meta property=\"article:published_time\" content=\"2021-09-25T08:04:49+00:00\" \/>\n<meta property=\"og:image\" content=\"https:\/\/darkamazi.info\/file\/2021\/09\/tirkiye.jpg\" \/>\n\t<meta property=\"og:image:width\" content=\"900\" \/>\n\t<meta property=\"og:image:height\" content=\"497\" \/>\n\t<meta property=\"og:image:type\" content=\"image\/jpeg\" \/>\n<meta name=\"author\" content=\"darka mazi\" \/>\n<meta name=\"twitter:card\" content=\"summary_large_image\" \/>\n<meta name=\"twitter:creator\" content=\"@DarkaMaziLatini\" \/>\n<meta name=\"twitter:site\" content=\"@DarkaMaziLatini\" \/>\n<meta name=\"twitter:label1\" content=\"Written by\" \/>\n\t<meta name=\"twitter:data1\" content=\"darka mazi\" \/>\n\t<meta name=\"twitter:label2\" content=\"Est. reading time\" \/>\n\t<meta name=\"twitter:data2\" content=\"1 minute\" \/>\n<script type=\"application\/ld+json\" class=\"seo-schema-graph\">{\"@context\":\"https:\\\/\\\/schema.org\",\"@graph\":[{\"@type\":\"Article\",\"@id\":\"https:\\\/\\\/darkamazi.info\\\/archives\\\/1025689#article\",\"isPartOf\":{\"@id\":\"https:\\\/\\\/darkamazi.info\\\/archives\\\/1025689\"},\"author\":{\"name\":\"darka mazi\",\"@id\":\"https:\\\/\\\/darkamazi.info\\\/#\\\/schema\\\/person\\\/5ad3e24553a0567993fa8ed4bd0a776c\"},\"headline\":\"Ko\u00e7ber\u00ea ku dixwest bireve can\u00ea xwe ji dest da\",\"datePublished\":\"2021-09-25T08:04:49+00:00\",\"mainEntityOfPage\":{\"@id\":\"https:\\\/\\\/darkamazi.info\\\/archives\\\/1025689\"},\"wordCount\":219,\"publisher\":{\"@id\":\"https:\\\/\\\/darkamazi.info\\\/#organization\"},\"image\":{\"@id\":\"https:\\\/\\\/darkamazi.info\\\/archives\\\/1025689#primaryimage\"},\"thumbnailUrl\":\"https:\\\/\\\/darkamazi.info\\\/darka-content\\\/uploads\\\/2021\\\/09\\\/tirkiye.jpg\",\"keywords\":[\"sereke\"],\"articleSection\":[\"Kurdistan\"],\"inLanguage\":\"en-US\"},{\"@type\":\"WebPage\",\"@id\":\"https:\\\/\\\/darkamazi.info\\\/archives\\\/1025689\",\"url\":\"https:\\\/\\\/darkamazi.info\\\/archives\\\/1025689\",\"name\":\"Ko\u00e7ber\u00ea ku dixwest bireve can\u00ea xwe ji dest da - Darka Maz\u00ee\",\"isPartOf\":{\"@id\":\"https:\\\/\\\/darkamazi.info\\\/#website\"},\"primaryImageOfPage\":{\"@id\":\"https:\\\/\\\/darkamazi.info\\\/archives\\\/1025689#primaryimage\"},\"image\":{\"@id\":\"https:\\\/\\\/darkamazi.info\\\/archives\\\/1025689#primaryimage\"},\"thumbnailUrl\":\"https:\\\/\\\/darkamazi.info\\\/darka-content\\\/uploads\\\/2021\\\/09\\\/tirkiye.jpg\",\"datePublished\":\"2021-09-25T08:04:49+00:00\",\"breadcrumb\":{\"@id\":\"https:\\\/\\\/darkamazi.info\\\/archives\\\/1025689#breadcrumb\"},\"inLanguage\":\"en-US\",\"potentialAction\":[{\"@type\":\"ReadAction\",\"target\":[\"https:\\\/\\\/darkamazi.info\\\/archives\\\/1025689\"]}]},{\"@type\":\"ImageObject\",\"inLanguage\":\"en-US\",\"@id\":\"https:\\\/\\\/darkamazi.info\\\/archives\\\/1025689#primaryimage\",\"url\":\"https:\\\/\\\/darkamazi.info\\\/darka-content\\\/uploads\\\/2021\\\/09\\\/tirkiye.jpg\",\"contentUrl\":\"https:\\\/\\\/darkamazi.info\\\/darka-content\\\/uploads\\\/2021\\\/09\\\/tirkiye.jpg\",\"width\":900,\"height\":497,\"caption\":\"Ko\u00e7ber\u00ea ku dixwest bireve can\u00ea xwe ji dest da\"},{\"@type\":\"BreadcrumbList\",\"@id\":\"https:\\\/\\\/darkamazi.info\\\/archives\\\/1025689#breadcrumb\",\"itemListElement\":[{\"@type\":\"ListItem\",\"position\":1,\"name\":\"Home\",\"item\":\"https:\\\/\\\/darkamazi.info\\\/\"},{\"@type\":\"ListItem\",\"position\":2,\"name\":\"Ko\u00e7ber\u00ea ku dixwest bireve can\u00ea xwe ji dest da\"}]},{\"@type\":\"WebSite\",\"@id\":\"https:\\\/\\\/darkamazi.info\\\/#website\",\"url\":\"https:\\\/\\\/darkamazi.info\\\/\",\"name\":\"Darka Maz\u00ee\",\"description\":\"P\u00eageha Zanyariy\u00ean Nebih\u00eest\u00ee\",\"publisher\":{\"@id\":\"https:\\\/\\\/darkamazi.info\\\/#organization\"},\"potentialAction\":[{\"@type\":\"SearchAction\",\"target\":{\"@type\":\"EntryPoint\",\"urlTemplate\":\"https:\\\/\\\/darkamazi.info\\\/?s={search_term_string}\"},\"query-input\":{\"@type\":\"PropertyValueSpecification\",\"valueRequired\":true,\"valueName\":\"search_term_string\"}}],\"inLanguage\":\"en-US\"},{\"@type\":\"Organization\",\"@id\":\"https:\\\/\\\/darkamazi.info\\\/#organization\",\"name\":\"Darka Maz\u00ee\",\"url\":\"https:\\\/\\\/darkamazi.info\\\/\",\"logo\":{\"@type\":\"ImageObject\",\"inLanguage\":\"en-US\",\"@id\":\"https:\\\/\\\/darkamazi.info\\\/#\\\/schema\\\/logo\\\/image\\\/\",\"url\":\"https:\\\/\\\/darkamazi.info\\\/darka-content\\\/uploads\\\/2017\\\/12\\\/darka-mazi-logo.png\",\"contentUrl\":\"https:\\\/\\\/darkamazi.info\\\/darka-content\\\/uploads\\\/2017\\\/12\\\/darka-mazi-logo.png\",\"width\":151,\"height\":75,\"caption\":\"Darka Maz\u00ee\"},\"image\":{\"@id\":\"https:\\\/\\\/darkamazi.info\\\/#\\\/schema\\\/logo\\\/image\\\/\"},\"sameAs\":[\"https:\\\/\\\/www.facebook.com\\\/DarMaziKurmanci\",\"https:\\\/\\\/x.com\\\/DarkaMaziLatini\",\"https:\\\/\\\/www.instagram.com\\\/darkamazi.kurmanci\\\/\",\"https:\\\/\\\/www.youtube.com\\\/channel\\\/UCa5HkTdmI8U1qCUFuTw8B2g\"]},{\"@type\":\"Person\",\"@id\":\"https:\\\/\\\/darkamazi.info\\\/#\\\/schema\\\/person\\\/5ad3e24553a0567993fa8ed4bd0a776c\",\"name\":\"darka mazi\",\"sameAs\":[\"https:\\\/\\\/darkamazi.info\\\/\"],\"url\":\"https:\\\/\\\/darkamazi.info\\\/archives\\\/author\\\/kurdi\"}]}<\/script>\n<!-- \/ Yoast SEO plugin. -->","seo_head_json":{"title":"Ko\u00e7ber\u00ea ku dixwest bireve can\u00ea xwe ji dest da - Darka Maz\u00ee","robots":{"index":"index","follow":"follow","max-snippet":"max-snippet:-1","max-image-preview":"max-image-preview:large","max-video-preview":"max-video-preview:-1"},"canonical":"https:\/\/darkamazi.info\/archives\/1025689","og_locale":"en_US","og_type":"article","og_title":"Ko\u00e7ber\u00ea ku dixwest bireve can\u00ea xwe ji dest da - Darka Maz\u00ee","og_description":"\u00a0Li Par\u00eazgeha D\u00eelok\u00ea ya Bakur\u00ea Kurdistan\u00ea\u00a0 ko\u00e7berek\u00ee ku xwest ji polisan bireve l\u00ea di encam de ereb\u00ea l\u00eada \u00fb can\u00ea xwe ji dest da. Li par\u00eazgeha D\u00eelok\u00ea ya Bakur\u00ea Kurdistan\u00ea\u00a0 pol\u00eesan xwestin\u00a0\u00a0\u00a0 minibuseke ku 20 ko\u00e7ber\u00ean Efxan t\u00ea de b\u00fbn, li xala kontrol\u00ea ya li ser r\u00eaya Riha-Eden\u00ea birawest\u00eenin, l\u00ea ajotvan\u00ea minibus\u00ea ranewestiya \u00fb reviya. [&hellip;]","og_url":"https:\/\/darkamazi.info\/archives\/1025689","og_site_name":"Darka Maz\u00ee","article_publisher":"https:\/\/www.facebook.com\/DarMaziKurmanci","article_published_time":"2021-09-25T08:04:49+00:00","og_image":[{"width":900,"height":497,"url":"https:\/\/darkamazi.info\/file\/2021\/09\/tirkiye.jpg","type":"image\/jpeg"}],"author":"darka mazi","twitter_card":"summary_large_image","twitter_creator":"@DarkaMaziLatini","twitter_site":"@DarkaMaziLatini","twitter_misc":{"Written by":"darka mazi","Est. reading time":"1 minute"},"schema":{"@context":"https:\/\/schema.org","@graph":[{"@type":"Article","@id":"https:\/\/darkamazi.info\/archives\/1025689#article","isPartOf":{"@id":"https:\/\/darkamazi.info\/archives\/1025689"},"author":{"name":"darka mazi","@id":"https:\/\/darkamazi.info\/#\/schema\/person\/5ad3e24553a0567993fa8ed4bd0a776c"},"headline":"Ko\u00e7ber\u00ea ku dixwest bireve can\u00ea xwe ji dest da","datePublished":"2021-09-25T08:04:49+00:00","mainEntityOfPage":{"@id":"https:\/\/darkamazi.info\/archives\/1025689"},"wordCount":219,"publisher":{"@id":"https:\/\/darkamazi.info\/#organization"},"image":{"@id":"https:\/\/darkamazi.info\/archives\/1025689#primaryimage"},"thumbnailUrl":"https:\/\/darkamazi.info\/file\/2021\/09\/tirkiye.jpg","keywords":["sereke"],"articleSection":["Kurdistan"],"inLanguage":"en-US"},{"@type":"WebPage","@id":"https:\/\/darkamazi.info\/archives\/1025689","url":"https:\/\/darkamazi.info\/archives\/1025689","name":"Ko\u00e7ber\u00ea ku dixwest bireve can\u00ea xwe ji dest da - Darka Maz\u00ee","isPartOf":{"@id":"https:\/\/darkamazi.info\/#website"},"primaryImageOfPage":{"@id":"https:\/\/darkamazi.info\/archives\/1025689#primaryimage"},"image":{"@id":"https:\/\/darkamazi.info\/archives\/1025689#primaryimage"},"thumbnailUrl":"https:\/\/darkamazi.info\/file\/2021\/09\/tirkiye.jpg","datePublished":"2021-09-25T08:04:49+00:00","breadcrumb":{"@id":"https:\/\/darkamazi.info\/archives\/1025689#breadcrumb"},"inLanguage":"en-US","potentialAction":[{"@type":"ReadAction","target":["https:\/\/darkamazi.info\/archives\/1025689"]}]},{"@type":"ImageObject","inLanguage":"en-US","@id":"https:\/\/darkamazi.info\/archives\/1025689#primaryimage","url":"https:\/\/darkamazi.info\/file\/2021\/09\/tirkiye.jpg","contentUrl":"https:\/\/darkamazi.info\/file\/2021\/09\/tirkiye.jpg","width":900,"height":497,"caption":"Ko\u00e7ber\u00ea ku dixwest bireve can\u00ea xwe ji dest da"},{"@type":"BreadcrumbList","@id":"https:\/\/darkamazi.info\/archives\/1025689#breadcrumb","itemListElement":[{"@type":"ListItem","position":1,"name":"Home","item":"https:\/\/darkamazi.info\/"},{"@type":"ListItem","position":2,"name":"Ko\u00e7ber\u00ea ku dixwest bireve can\u00ea xwe ji dest da"}]},{"@type":"WebSite","@id":"https:\/\/darkamazi.info\/#website","url":"https:\/\/darkamazi.info\/","name":"Darka Maz\u00ee","description":"P\u00eageha Zanyariy\u00ean Nebih\u00eest\u00ee","publisher":{"@id":"https:\/\/darkamazi.info\/#organization"},"potentialAction":[{"@type":"SearchAction","target":{"@type":"EntryPoint","urlTemplate":"https:\/\/darkamazi.info\/?s={search_term_string}"},"query-input":{"@type":"PropertyValueSpecification","valueRequired":true,"valueName":"search_term_string"}}],"inLanguage":"en-US"},{"@type":"Organization","@id":"https:\/\/darkamazi.info\/#organization","name":"Darka Maz\u00ee","url":"https:\/\/darkamazi.info\/","logo":{"@type":"ImageObject","inLanguage":"en-US","@id":"https:\/\/darkamazi.info\/#\/schema\/logo\/image\/","url":"https:\/\/darkamazi.info\/file\/2017\/12\/darka-mazi-logo.png","contentUrl":"https:\/\/darkamazi.info\/file\/2017\/12\/darka-mazi-logo.png","width":151,"height":75,"caption":"Darka Maz\u00ee"},"image":{"@id":"https:\/\/darkamazi.info\/#\/schema\/logo\/image\/"},"sameAs":["https:\/\/www.facebook.com\/DarMaziKurmanci","https:\/\/x.com\/DarkaMaziLatini","https:\/\/www.instagram.com\/darkamazi.kurmanci\/","https:\/\/www.youtube.com\/channel\/UCa5HkTdmI8U1qCUFuTw8B2g"]},{"@type":"Person","@id":"https:\/\/darkamazi.info\/#\/schema\/person\/5ad3e24553a0567993fa8ed4bd0a776c","name":"darka mazi","sameAs":["https:\/\/darkamazi.info\/"],"url":"https:\/\/darkamazi.info\/archives\/author\/kurdi"}]}},"_links":{"self":[{"href":"https:\/\/darkamazi.info\/funavuv\/wp\/v2\/posts\/1025689","targetHints":{"allow":["GET"]}}],"collection":[{"href":"https:\/\/darkamazi.info\/funavuv\/wp\/v2\/posts"}],"about":[{"href":"https:\/\/darkamazi.info\/funavuv\/wp\/v2\/types\/post"}],"author":[{"embeddable":true,"href":"https:\/\/darkamazi.info\/funavuv\/wp\/v2\/users\/2"}],"replies":[{"embeddable":true,"href":"https:\/\/darkamazi.info\/funavuv\/wp\/v2\/comments?post=1025689"}],"version-history":[{"count":0,"href":"https:\/\/darkamazi.info\/funavuv\/wp\/v2\/posts\/1025689\/revisions"}],"wp:featuredmedia":[{"embeddable":true,"href":"https:\/\/darkamazi.info\/funavuv\/wp\/v2\/media\/1025690"}],"wp:attachment":[{"href":"https:\/\/darkamazi.info\/funavuv\/wp\/v2\/media?parent=1025689"}],"wp:term":[{"taxonomy":"category","embeddable":true,"href":"https:\/\/darkamazi.info\/funavuv\/wp\/v2\/categories?post=1025689"},{"taxonomy":"post_tag","embeddable":true,"href":"https:\/\/darkamazi.info\/funavuv\/wp\/v2\/tags?post=1025689"}],"curies":[{"name":"wp","href":"https:\/\/api.w.org\/{rel}","templated":true}]}}