{"id":1025748,"date":"2021-09-27T15:33:39","date_gmt":"2021-09-27T12:33:39","guid":{"rendered":"https:\/\/darkamazi.info\/?p=1025748"},"modified":"2021-09-27T15:33:39","modified_gmt":"2021-09-27T12:33:39","slug":"4-gerila-ketin-ber-topbarana-artisa-tirkiye","status":"publish","type":"post","link":"https:\/\/darkamazi.info\/archives\/1025748","title":{"rendered":"4 Ger\u00eela ketin ber topbarana art\u00ee\u015fa Tirkiy\u00ea"},"content":{"rendered":"<h3 style=\"text-align: justify\"><span style=\"font-family: 'arial black', sans-serif\">4 \u00c7ekdar\u00ean d\u00ee y\u00ean r\u00eaxistina PKK\u00ea, li Ba\u015f\u00fbr\u00ea Kurdistan\u00ea ketin ber \u00ear\u00ee\u015fa topbarana art\u00ea\u015fa Tirkiy\u00ea \u00fb can\u00ea xwe ji dest dan.<\/span><\/h3>\n<h3 style=\"text-align: justify\"><span style=\"font-family: arial, helvetica, sans-serif\">Wezareta bergiriy\u00ea ya Tirkiy\u00ea \u00eero roja du\u015fem\u00ee 27\/9\/2021\u00ea li hesaba xwe a Twitter \u00ea belav kir, di \u00ear\u00ee\u015fek\u00ea de ku li s\u00eenor\u00ea operasyona Bir\u00fbsk\u00ea li her\u00eama Ba\u015f\u00fbr\u00ea Kurdistan\u00ea p\u00eakhat\u00eeye, 4 \u00e7ekdar\u00ean r\u00eaxistina PKK\u00ea hatine hedef kirin.<\/span><\/h3>\n<h3 style=\"text-align: justify\"><span style=\"font-family: arial, helvetica, sans-serif\">Dest n\u00ee\u015fan kir, di \u00ear\u00ee\u015f\u00ea de, her 4 \u00e7ekdar hatine ku\u015ftin.<\/span><\/h3>\n<h3 style=\"text-align: justify\"><span style=\"font-family: arial, helvetica, sans-serif\">Wezareta bergiry\u00ea d\u00eemen\u00ean topxaneya art\u00ea\u015fa Tirkiy\u00ea li Twitter \u00ea danane, ev j\u00ee bi w\u00ea watay\u00ea t\u00ea ku \u00ear\u00ee\u015f ji bejah\u00ee p\u00eakhat\u00eeye.<\/span><\/h3>\n<h3 style=\"text-align: justify\"><span style=\"font-family: arial, helvetica, sans-serif\">R\u00eaxistina PKK\u00ea tu agah\u00ee li derbara \u00ear\u00ee\u015f\u00ea nedane, l\u00ea bel\u00ea ajansa ANF \u00ea \u00eero ji dest dana Ger\u00eelayek\u00ea xwe belav kir\u00eeye ku li gor\u00ea w\u00ea li meha xiz\u00eerana \u00eesal\u00ea li nav\u00e7eya Xakurk\u00ee \u015feh\u00eed ket\u00eeye.<\/span><\/h3>\n","protected":false},"excerpt":{"rendered":"<p>4 \u00c7ekdar\u00ean d\u00ee y\u00ean r\u00eaxistina PKK\u00ea, li Ba\u015f\u00fbr\u00ea Kurdistan\u00ea ketin ber \u00ear\u00ee\u015fa topbarana art\u00ea\u015fa Tirkiy\u00ea \u00fb can\u00ea xwe ji dest dan. Wezareta bergiriy\u00ea ya Tirkiy\u00ea \u00eero roja du\u015fem\u00ee 27\/9\/2021\u00ea li hesaba xwe a Twitter \u00ea belav kir, di \u00ear\u00ee\u015fek\u00ea de ku li s\u00eenor\u00ea operasyona Bir\u00fbsk\u00ea li her\u00eama Ba\u015f\u00fbr\u00ea Kurdistan\u00ea p\u00eakhat\u00eeye, 4 \u00e7ekdar\u00ean r\u00eaxistina PKK\u00ea hatine [&hellip;]<\/p>\n","protected":false},"author":2,"featured_media":1025750,"comment_status":"closed","ping_status":"closed","sticky":false,"template":"","format":"standard","meta":{"footnotes":""},"categories":[29],"tags":[37],"class_list":["post-1025748","post","type-post","status-publish","format-standard","has-post-thumbnail","hentry","category-kurdistan","tag-sereke"],"blocksy_meta":[],"seo_head":"<!-- This site is optimized with the Yoast SEO plugin v27.5 - https:\/\/yoast.com\/product\/yoast-seo-wordpress\/ -->\n<title>4 Ger\u00eela ketin ber topbarana art\u00ee\u015fa Tirkiy\u00ea - Darka Maz\u00ee<\/title>\n<meta name=\"robots\" content=\"index, follow, max-snippet:-1, max-image-preview:large, max-video-preview:-1\" \/>\n<link rel=\"canonical\" href=\"https:\/\/darkamazi.info\/archives\/1025748\" \/>\n<meta property=\"og:locale\" content=\"en_US\" \/>\n<meta property=\"og:type\" content=\"article\" \/>\n<meta property=\"og:title\" content=\"4 Ger\u00eela ketin ber topbarana art\u00ee\u015fa Tirkiy\u00ea - Darka Maz\u00ee\" \/>\n<meta property=\"og:description\" content=\"4 \u00c7ekdar\u00ean d\u00ee y\u00ean r\u00eaxistina PKK\u00ea, li Ba\u015f\u00fbr\u00ea Kurdistan\u00ea ketin ber \u00ear\u00ee\u015fa topbarana art\u00ea\u015fa Tirkiy\u00ea \u00fb can\u00ea xwe ji dest dan. Wezareta bergiriy\u00ea ya Tirkiy\u00ea \u00eero roja du\u015fem\u00ee 27\/9\/2021\u00ea li hesaba xwe a Twitter \u00ea belav kir, di \u00ear\u00ee\u015fek\u00ea de ku li s\u00eenor\u00ea operasyona Bir\u00fbsk\u00ea li her\u00eama Ba\u015f\u00fbr\u00ea Kurdistan\u00ea p\u00eakhat\u00eeye, 4 \u00e7ekdar\u00ean r\u00eaxistina PKK\u00ea hatine [&hellip;]\" \/>\n<meta property=\"og:url\" content=\"https:\/\/darkamazi.info\/archives\/1025748\" \/>\n<meta property=\"og:site_name\" content=\"Darka Maz\u00ee\" \/>\n<meta property=\"article:publisher\" content=\"https:\/\/www.facebook.com\/DarMaziKurmanci\" \/>\n<meta property=\"article:published_time\" content=\"2021-09-27T12:33:39+00:00\" \/>\n<meta property=\"og:image\" content=\"https:\/\/darkamazi.info\/file\/2021\/09\/turkey-pkk-kurdistan-iraq-2.jpg\" \/>\n\t<meta property=\"og:image:width\" content=\"900\" \/>\n\t<meta property=\"og:image:height\" content=\"497\" \/>\n\t<meta property=\"og:image:type\" content=\"image\/jpeg\" \/>\n<meta name=\"author\" content=\"darka mazi\" \/>\n<meta name=\"twitter:card\" content=\"summary_large_image\" \/>\n<meta name=\"twitter:creator\" content=\"@DarkaMaziLatini\" \/>\n<meta name=\"twitter:site\" content=\"@DarkaMaziLatini\" \/>\n<meta name=\"twitter:label1\" content=\"Written by\" \/>\n\t<meta name=\"twitter:data1\" content=\"darka mazi\" \/>\n\t<meta name=\"twitter:label2\" content=\"Est. reading time\" \/>\n\t<meta name=\"twitter:data2\" content=\"1 minute\" \/>\n<script type=\"application\/ld+json\" class=\"seo-schema-graph\">{\"@context\":\"https:\\\/\\\/schema.org\",\"@graph\":[{\"@type\":\"Article\",\"@id\":\"https:\\\/\\\/darkamazi.info\\\/archives\\\/1025748#article\",\"isPartOf\":{\"@id\":\"https:\\\/\\\/darkamazi.info\\\/archives\\\/1025748\"},\"author\":{\"name\":\"darka mazi\",\"@id\":\"https:\\\/\\\/darkamazi.info\\\/#\\\/schema\\\/person\\\/5ad3e24553a0567993fa8ed4bd0a776c\"},\"headline\":\"4 Ger\u00eela ketin ber topbarana art\u00ee\u015fa Tirkiy\u00ea\",\"datePublished\":\"2021-09-27T12:33:39+00:00\",\"mainEntityOfPage\":{\"@id\":\"https:\\\/\\\/darkamazi.info\\\/archives\\\/1025748\"},\"wordCount\":153,\"publisher\":{\"@id\":\"https:\\\/\\\/darkamazi.info\\\/#organization\"},\"image\":{\"@id\":\"https:\\\/\\\/darkamazi.info\\\/archives\\\/1025748#primaryimage\"},\"thumbnailUrl\":\"https:\\\/\\\/darkamazi.info\\\/darka-content\\\/uploads\\\/2021\\\/09\\\/turkey-pkk-kurdistan-iraq-2.jpg\",\"keywords\":[\"sereke\"],\"articleSection\":[\"Kurdistan\"],\"inLanguage\":\"en-US\"},{\"@type\":\"WebPage\",\"@id\":\"https:\\\/\\\/darkamazi.info\\\/archives\\\/1025748\",\"url\":\"https:\\\/\\\/darkamazi.info\\\/archives\\\/1025748\",\"name\":\"4 Ger\u00eela ketin ber topbarana art\u00ee\u015fa Tirkiy\u00ea - Darka Maz\u00ee\",\"isPartOf\":{\"@id\":\"https:\\\/\\\/darkamazi.info\\\/#website\"},\"primaryImageOfPage\":{\"@id\":\"https:\\\/\\\/darkamazi.info\\\/archives\\\/1025748#primaryimage\"},\"image\":{\"@id\":\"https:\\\/\\\/darkamazi.info\\\/archives\\\/1025748#primaryimage\"},\"thumbnailUrl\":\"https:\\\/\\\/darkamazi.info\\\/darka-content\\\/uploads\\\/2021\\\/09\\\/turkey-pkk-kurdistan-iraq-2.jpg\",\"datePublished\":\"2021-09-27T12:33:39+00:00\",\"breadcrumb\":{\"@id\":\"https:\\\/\\\/darkamazi.info\\\/archives\\\/1025748#breadcrumb\"},\"inLanguage\":\"en-US\",\"potentialAction\":[{\"@type\":\"ReadAction\",\"target\":[\"https:\\\/\\\/darkamazi.info\\\/archives\\\/1025748\"]}]},{\"@type\":\"ImageObject\",\"inLanguage\":\"en-US\",\"@id\":\"https:\\\/\\\/darkamazi.info\\\/archives\\\/1025748#primaryimage\",\"url\":\"https:\\\/\\\/darkamazi.info\\\/darka-content\\\/uploads\\\/2021\\\/09\\\/turkey-pkk-kurdistan-iraq-2.jpg\",\"contentUrl\":\"https:\\\/\\\/darkamazi.info\\\/darka-content\\\/uploads\\\/2021\\\/09\\\/turkey-pkk-kurdistan-iraq-2.jpg\",\"width\":900,\"height\":497},{\"@type\":\"BreadcrumbList\",\"@id\":\"https:\\\/\\\/darkamazi.info\\\/archives\\\/1025748#breadcrumb\",\"itemListElement\":[{\"@type\":\"ListItem\",\"position\":1,\"name\":\"Home\",\"item\":\"https:\\\/\\\/darkamazi.info\\\/\"},{\"@type\":\"ListItem\",\"position\":2,\"name\":\"4 Ger\u00eela ketin ber topbarana art\u00ee\u015fa Tirkiy\u00ea\"}]},{\"@type\":\"WebSite\",\"@id\":\"https:\\\/\\\/darkamazi.info\\\/#website\",\"url\":\"https:\\\/\\\/darkamazi.info\\\/\",\"name\":\"Darka Maz\u00ee\",\"description\":\"P\u00eageha Zanyariy\u00ean Nebih\u00eest\u00ee\",\"publisher\":{\"@id\":\"https:\\\/\\\/darkamazi.info\\\/#organization\"},\"potentialAction\":[{\"@type\":\"SearchAction\",\"target\":{\"@type\":\"EntryPoint\",\"urlTemplate\":\"https:\\\/\\\/darkamazi.info\\\/?s={search_term_string}\"},\"query-input\":{\"@type\":\"PropertyValueSpecification\",\"valueRequired\":true,\"valueName\":\"search_term_string\"}}],\"inLanguage\":\"en-US\"},{\"@type\":\"Organization\",\"@id\":\"https:\\\/\\\/darkamazi.info\\\/#organization\",\"name\":\"Darka Maz\u00ee\",\"url\":\"https:\\\/\\\/darkamazi.info\\\/\",\"logo\":{\"@type\":\"ImageObject\",\"inLanguage\":\"en-US\",\"@id\":\"https:\\\/\\\/darkamazi.info\\\/#\\\/schema\\\/logo\\\/image\\\/\",\"url\":\"https:\\\/\\\/darkamazi.info\\\/darka-content\\\/uploads\\\/2017\\\/12\\\/darka-mazi-logo.png\",\"contentUrl\":\"https:\\\/\\\/darkamazi.info\\\/darka-content\\\/uploads\\\/2017\\\/12\\\/darka-mazi-logo.png\",\"width\":151,\"height\":75,\"caption\":\"Darka Maz\u00ee\"},\"image\":{\"@id\":\"https:\\\/\\\/darkamazi.info\\\/#\\\/schema\\\/logo\\\/image\\\/\"},\"sameAs\":[\"https:\\\/\\\/www.facebook.com\\\/DarMaziKurmanci\",\"https:\\\/\\\/x.com\\\/DarkaMaziLatini\",\"https:\\\/\\\/www.instagram.com\\\/darkamazi.kurmanci\\\/\",\"https:\\\/\\\/www.youtube.com\\\/channel\\\/UCa5HkTdmI8U1qCUFuTw8B2g\"]},{\"@type\":\"Person\",\"@id\":\"https:\\\/\\\/darkamazi.info\\\/#\\\/schema\\\/person\\\/5ad3e24553a0567993fa8ed4bd0a776c\",\"name\":\"darka mazi\",\"sameAs\":[\"https:\\\/\\\/darkamazi.info\\\/\"],\"url\":\"https:\\\/\\\/darkamazi.info\\\/archives\\\/author\\\/kurdi\"}]}<\/script>\n<!-- \/ Yoast SEO plugin. -->","seo_head_json":{"title":"4 Ger\u00eela ketin ber topbarana art\u00ee\u015fa Tirkiy\u00ea - Darka Maz\u00ee","robots":{"index":"index","follow":"follow","max-snippet":"max-snippet:-1","max-image-preview":"max-image-preview:large","max-video-preview":"max-video-preview:-1"},"canonical":"https:\/\/darkamazi.info\/archives\/1025748","og_locale":"en_US","og_type":"article","og_title":"4 Ger\u00eela ketin ber topbarana art\u00ee\u015fa Tirkiy\u00ea - Darka Maz\u00ee","og_description":"4 \u00c7ekdar\u00ean d\u00ee y\u00ean r\u00eaxistina PKK\u00ea, li Ba\u015f\u00fbr\u00ea Kurdistan\u00ea ketin ber \u00ear\u00ee\u015fa topbarana art\u00ea\u015fa Tirkiy\u00ea \u00fb can\u00ea xwe ji dest dan. Wezareta bergiriy\u00ea ya Tirkiy\u00ea \u00eero roja du\u015fem\u00ee 27\/9\/2021\u00ea li hesaba xwe a Twitter \u00ea belav kir, di \u00ear\u00ee\u015fek\u00ea de ku li s\u00eenor\u00ea operasyona Bir\u00fbsk\u00ea li her\u00eama Ba\u015f\u00fbr\u00ea Kurdistan\u00ea p\u00eakhat\u00eeye, 4 \u00e7ekdar\u00ean r\u00eaxistina PKK\u00ea hatine [&hellip;]","og_url":"https:\/\/darkamazi.info\/archives\/1025748","og_site_name":"Darka Maz\u00ee","article_publisher":"https:\/\/www.facebook.com\/DarMaziKurmanci","article_published_time":"2021-09-27T12:33:39+00:00","og_image":[{"width":900,"height":497,"url":"https:\/\/darkamazi.info\/file\/2021\/09\/turkey-pkk-kurdistan-iraq-2.jpg","type":"image\/jpeg"}],"author":"darka mazi","twitter_card":"summary_large_image","twitter_creator":"@DarkaMaziLatini","twitter_site":"@DarkaMaziLatini","twitter_misc":{"Written by":"darka mazi","Est. reading time":"1 minute"},"schema":{"@context":"https:\/\/schema.org","@graph":[{"@type":"Article","@id":"https:\/\/darkamazi.info\/archives\/1025748#article","isPartOf":{"@id":"https:\/\/darkamazi.info\/archives\/1025748"},"author":{"name":"darka mazi","@id":"https:\/\/darkamazi.info\/#\/schema\/person\/5ad3e24553a0567993fa8ed4bd0a776c"},"headline":"4 Ger\u00eela ketin ber topbarana art\u00ee\u015fa Tirkiy\u00ea","datePublished":"2021-09-27T12:33:39+00:00","mainEntityOfPage":{"@id":"https:\/\/darkamazi.info\/archives\/1025748"},"wordCount":153,"publisher":{"@id":"https:\/\/darkamazi.info\/#organization"},"image":{"@id":"https:\/\/darkamazi.info\/archives\/1025748#primaryimage"},"thumbnailUrl":"https:\/\/darkamazi.info\/file\/2021\/09\/turkey-pkk-kurdistan-iraq-2.jpg","keywords":["sereke"],"articleSection":["Kurdistan"],"inLanguage":"en-US"},{"@type":"WebPage","@id":"https:\/\/darkamazi.info\/archives\/1025748","url":"https:\/\/darkamazi.info\/archives\/1025748","name":"4 Ger\u00eela ketin ber topbarana art\u00ee\u015fa Tirkiy\u00ea - Darka Maz\u00ee","isPartOf":{"@id":"https:\/\/darkamazi.info\/#website"},"primaryImageOfPage":{"@id":"https:\/\/darkamazi.info\/archives\/1025748#primaryimage"},"image":{"@id":"https:\/\/darkamazi.info\/archives\/1025748#primaryimage"},"thumbnailUrl":"https:\/\/darkamazi.info\/file\/2021\/09\/turkey-pkk-kurdistan-iraq-2.jpg","datePublished":"2021-09-27T12:33:39+00:00","breadcrumb":{"@id":"https:\/\/darkamazi.info\/archives\/1025748#breadcrumb"},"inLanguage":"en-US","potentialAction":[{"@type":"ReadAction","target":["https:\/\/darkamazi.info\/archives\/1025748"]}]},{"@type":"ImageObject","inLanguage":"en-US","@id":"https:\/\/darkamazi.info\/archives\/1025748#primaryimage","url":"https:\/\/darkamazi.info\/file\/2021\/09\/turkey-pkk-kurdistan-iraq-2.jpg","contentUrl":"https:\/\/darkamazi.info\/file\/2021\/09\/turkey-pkk-kurdistan-iraq-2.jpg","width":900,"height":497},{"@type":"BreadcrumbList","@id":"https:\/\/darkamazi.info\/archives\/1025748#breadcrumb","itemListElement":[{"@type":"ListItem","position":1,"name":"Home","item":"https:\/\/darkamazi.info\/"},{"@type":"ListItem","position":2,"name":"4 Ger\u00eela ketin ber topbarana art\u00ee\u015fa Tirkiy\u00ea"}]},{"@type":"WebSite","@id":"https:\/\/darkamazi.info\/#website","url":"https:\/\/darkamazi.info\/","name":"Darka Maz\u00ee","description":"P\u00eageha Zanyariy\u00ean Nebih\u00eest\u00ee","publisher":{"@id":"https:\/\/darkamazi.info\/#organization"},"potentialAction":[{"@type":"SearchAction","target":{"@type":"EntryPoint","urlTemplate":"https:\/\/darkamazi.info\/?s={search_term_string}"},"query-input":{"@type":"PropertyValueSpecification","valueRequired":true,"valueName":"search_term_string"}}],"inLanguage":"en-US"},{"@type":"Organization","@id":"https:\/\/darkamazi.info\/#organization","name":"Darka Maz\u00ee","url":"https:\/\/darkamazi.info\/","logo":{"@type":"ImageObject","inLanguage":"en-US","@id":"https:\/\/darkamazi.info\/#\/schema\/logo\/image\/","url":"https:\/\/darkamazi.info\/file\/2017\/12\/darka-mazi-logo.png","contentUrl":"https:\/\/darkamazi.info\/file\/2017\/12\/darka-mazi-logo.png","width":151,"height":75,"caption":"Darka Maz\u00ee"},"image":{"@id":"https:\/\/darkamazi.info\/#\/schema\/logo\/image\/"},"sameAs":["https:\/\/www.facebook.com\/DarMaziKurmanci","https:\/\/x.com\/DarkaMaziLatini","https:\/\/www.instagram.com\/darkamazi.kurmanci\/","https:\/\/www.youtube.com\/channel\/UCa5HkTdmI8U1qCUFuTw8B2g"]},{"@type":"Person","@id":"https:\/\/darkamazi.info\/#\/schema\/person\/5ad3e24553a0567993fa8ed4bd0a776c","name":"darka mazi","sameAs":["https:\/\/darkamazi.info\/"],"url":"https:\/\/darkamazi.info\/archives\/author\/kurdi"}]}},"_links":{"self":[{"href":"https:\/\/darkamazi.info\/funavuv\/wp\/v2\/posts\/1025748","targetHints":{"allow":["GET"]}}],"collection":[{"href":"https:\/\/darkamazi.info\/funavuv\/wp\/v2\/posts"}],"about":[{"href":"https:\/\/darkamazi.info\/funavuv\/wp\/v2\/types\/post"}],"author":[{"embeddable":true,"href":"https:\/\/darkamazi.info\/funavuv\/wp\/v2\/users\/2"}],"replies":[{"embeddable":true,"href":"https:\/\/darkamazi.info\/funavuv\/wp\/v2\/comments?post=1025748"}],"version-history":[{"count":0,"href":"https:\/\/darkamazi.info\/funavuv\/wp\/v2\/posts\/1025748\/revisions"}],"wp:featuredmedia":[{"embeddable":true,"href":"https:\/\/darkamazi.info\/funavuv\/wp\/v2\/media\/1025750"}],"wp:attachment":[{"href":"https:\/\/darkamazi.info\/funavuv\/wp\/v2\/media?parent=1025748"}],"wp:term":[{"taxonomy":"category","embeddable":true,"href":"https:\/\/darkamazi.info\/funavuv\/wp\/v2\/categories?post=1025748"},{"taxonomy":"post_tag","embeddable":true,"href":"https:\/\/darkamazi.info\/funavuv\/wp\/v2\/tags?post=1025748"}],"curies":[{"name":"wp","href":"https:\/\/api.w.org\/{rel}","templated":true}]}}