{"id":1025766,"date":"2021-09-27T21:21:22","date_gmt":"2021-09-27T18:21:22","guid":{"rendered":"https:\/\/darkamazi.info\/?p=1025766"},"modified":"2021-09-27T21:21:22","modified_gmt":"2021-09-27T18:21:22","slug":"hdpe-xwe-wek-muxateba-pirsa-kurd-nisan-da-u-behsa-ocalan-ji-nekir","status":"publish","type":"post","link":"https:\/\/darkamazi.info\/archives\/1025766","title":{"rendered":"HDP\u00ea xwe wek muxateba pirsa kurd n\u00ee\u015fan da \u00fb behsa Ocalan j\u00ee nekir!"},"content":{"rendered":"<h3 style=\"text-align: justify\"><span style=\"font-family: 'arial black', sans-serif\">HDP\u00ea deklerasyoneke ku ji 11 xalan p\u00eak t\u00ea, ragihand \u00fb tekez kir, ew dixwazin bi dir\u00fb\u015fma \u201ctifaqa demokrat\u00eek\u201d r\u00eaya xwe bidom\u00eenin. HDP\u00ea xwe wek muxateba pirsgir\u00eaka kurd n\u00ee\u015fan da \u00fb qet behsa \u00cemral\u00ee \u00fb Ocalan j\u00ee nekir!<\/span><\/h3>\n<h3 style=\"text-align: justify\">Hevserok\u00ean Gi\u015ft\u00ee y\u00ean Partiya Demokrat\u00eek a Gelan (HDP) Perv\u00een Buldan \u00fb M\u00eethat Sancar \u00eero, 27\/09\/2021, li Enqera paytexta Tirkiy\u00ea nex\u015fer\u00eaya partiya xwe e\u015fkere kirin.<\/h3>\n<h3 style=\"text-align: justify\">Hevserok\u00ean HDP\u00ea di v\u00ea dema ku li Tirkiy\u00ea got\u00fbb\u00eaj\u00ean li ser \u00e7areserkirina pirsa Kurd \u00fb hevpeymaniy\u00ean ji bo hilbjiartinan ge\u015f b\u00fbne, tesb\u00eet, n\u00ear\u00een, r\u00eabaz \u00fb prens\u00eeb\u00ean xwe di bin 11 xalan de bi aliy\u00ean siyas\u00ee \u00fb raya gi\u015ft\u00ee re parve kirin.<\/h3>\n<h3 style=\"text-align: justify\">Ew 11 xal\u00ean ku di deklarasyon\u00ea de hatine r\u00eazkirin ev in; Demokrasiyeke bih\u00eaz, darazeke b\u00eaal\u00ee \u00fb serbixwe, \u00eeradeya gel, ne rej\u00eema qey\u00fbman, \u00e7areseriya demokrat\u00eek ji bo pirsgir\u00eaka Kurdan, d\u00eeplomasiyeke a\u015ftiyane, azad\u00ee \u00fb wekheviya jinan, di aboriy\u00ea de edalet, di r\u00eavebiriya gi\u015ft\u00ee de liyaqet, parastina xwezay\u00ea, jiyaneke azad ji bo ciwanan \u00fb makeqan\u00fbneke demokrat\u00eek.<\/h3>\n<h3 style=\"text-align: justify\">HDP dib\u00eaje, \u201cK\u00eejan aliy\u00ean civak\u00ee \u00fb aktor\u00ean siyas\u00ee li dor van r\u00eabaz \u00fb prens\u00eeban bixwaze bi me re dan\u00fbstandin \u00fb got\u00fbb\u00eajan bike, em amade ne ku bi wan re bime\u015fin \u00fb t\u00eako\u015f\u00eeneke hevpar \u00fb r\u00eaveberiyeke hevpar ava bikin.\u201d<\/h3>\n<h3 style=\"text-align: justify\">Ev demek e n\u00eeqa\u015fa li ser `tifaq\u00ean hilbijartin\u00ea` j\u00ee germ b\u00fbye \u00fb t\u00eakildar\u00ee v\u00ea mijar\u00ea j\u00ee HDP\u00ea tekez dike, \u201cEm ji bo hilbijartin\u00ean parleman\u00ea, dixwazin bi dir\u00fb\u015fma \u201ctifaqa demokrat\u00eek\u201d me\u015fa xwe ya tifaqa gelan \u00fb tifaqa a\u015ftiy\u00ea \u00fb tifaq \u00fb pi\u015ftevaniya jinan bidom\u00eenin.\u201d<\/h3>\n<h3 style=\"text-align: justify\">Herwiha HDP\u00ea bang li hem\u00fb saz\u00ee \u00fb dezgeh \u00fb part\u00ee \u00fb her welatiyek\u00ee Tirkiy\u00ea j\u00ee kir \u201cku siberojeke ronak dixwaze\u201d \u00fb got, \u201cBerpirsyar\u00ee ya me hem\u00fbyan e. Em li \u015f\u00fbna hesab\u00ean \u015fexs\u00ee \u00fb berjewendiy\u00ean part\u00eezaniy\u00ea, bi aqilek\u00ee hevpar \u00fb bi hev re siberoj\u00ea ava bikin.\u201d<\/h3>\n","protected":false},"excerpt":{"rendered":"<p>HDP\u00ea deklerasyoneke ku ji 11 xalan p\u00eak t\u00ea, ragihand \u00fb tekez kir, ew dixwazin bi dir\u00fb\u015fma \u201ctifaqa demokrat\u00eek\u201d r\u00eaya xwe bidom\u00eenin. HDP\u00ea xwe wek muxateba pirsgir\u00eaka kurd n\u00ee\u015fan da \u00fb qet behsa \u00cemral\u00ee \u00fb Ocalan j\u00ee nekir! Hevserok\u00ean Gi\u015ft\u00ee y\u00ean Partiya Demokrat\u00eek a Gelan (HDP) Perv\u00een Buldan \u00fb M\u00eethat Sancar \u00eero, 27\/09\/2021, li Enqera paytexta [&hellip;]<\/p>\n","protected":false},"author":2,"featured_media":1025767,"comment_status":"closed","ping_status":"closed","sticky":false,"template":"","format":"standard","meta":{"footnotes":""},"categories":[29],"tags":[37],"class_list":["post-1025766","post","type-post","status-publish","format-standard","has-post-thumbnail","hentry","category-kurdistan","tag-sereke"],"blocksy_meta":[],"seo_head":"<!-- This site is optimized with the Yoast SEO plugin v27.5 - https:\/\/yoast.com\/product\/yoast-seo-wordpress\/ -->\n<title>HDP\u00ea xwe wek muxateba pirsa kurd n\u00ee\u015fan da \u00fb behsa Ocalan j\u00ee nekir! - Darka Maz\u00ee<\/title>\n<meta name=\"robots\" content=\"index, follow, max-snippet:-1, max-image-preview:large, max-video-preview:-1\" \/>\n<link rel=\"canonical\" href=\"https:\/\/darkamazi.info\/archives\/1025766\" \/>\n<meta property=\"og:locale\" content=\"en_US\" \/>\n<meta property=\"og:type\" content=\"article\" \/>\n<meta property=\"og:title\" content=\"HDP\u00ea xwe wek muxateba pirsa kurd n\u00ee\u015fan da \u00fb behsa Ocalan j\u00ee nekir! - Darka Maz\u00ee\" \/>\n<meta property=\"og:description\" content=\"HDP\u00ea deklerasyoneke ku ji 11 xalan p\u00eak t\u00ea, ragihand \u00fb tekez kir, ew dixwazin bi dir\u00fb\u015fma \u201ctifaqa demokrat\u00eek\u201d r\u00eaya xwe bidom\u00eenin. HDP\u00ea xwe wek muxateba pirsgir\u00eaka kurd n\u00ee\u015fan da \u00fb qet behsa \u00cemral\u00ee \u00fb Ocalan j\u00ee nekir! Hevserok\u00ean Gi\u015ft\u00ee y\u00ean Partiya Demokrat\u00eek a Gelan (HDP) Perv\u00een Buldan \u00fb M\u00eethat Sancar \u00eero, 27\/09\/2021, li Enqera paytexta [&hellip;]\" \/>\n<meta property=\"og:url\" content=\"https:\/\/darkamazi.info\/archives\/1025766\" \/>\n<meta property=\"og:site_name\" content=\"Darka Maz\u00ee\" \/>\n<meta property=\"article:publisher\" content=\"https:\/\/www.facebook.com\/DarMaziKurmanci\" \/>\n<meta property=\"article:published_time\" content=\"2021-09-27T18:21:22+00:00\" \/>\n<meta property=\"og:image\" content=\"https:\/\/darkamazi.info\/file\/2021\/09\/\u0647\u062f\u067e-hdp-1.jpg\" \/>\n\t<meta property=\"og:image:width\" content=\"900\" \/>\n\t<meta property=\"og:image:height\" content=\"497\" \/>\n\t<meta property=\"og:image:type\" content=\"image\/jpeg\" \/>\n<meta name=\"author\" content=\"darka mazi\" \/>\n<meta name=\"twitter:card\" content=\"summary_large_image\" \/>\n<meta name=\"twitter:creator\" content=\"@DarkaMaziLatini\" \/>\n<meta name=\"twitter:site\" content=\"@DarkaMaziLatini\" \/>\n<meta name=\"twitter:label1\" content=\"Written by\" \/>\n\t<meta name=\"twitter:data1\" content=\"darka mazi\" \/>\n\t<meta name=\"twitter:label2\" content=\"Est. reading time\" \/>\n\t<meta name=\"twitter:data2\" content=\"2 minutes\" \/>\n<script type=\"application\/ld+json\" class=\"seo-schema-graph\">{\"@context\":\"https:\\\/\\\/schema.org\",\"@graph\":[{\"@type\":\"Article\",\"@id\":\"https:\\\/\\\/darkamazi.info\\\/archives\\\/1025766#article\",\"isPartOf\":{\"@id\":\"https:\\\/\\\/darkamazi.info\\\/archives\\\/1025766\"},\"author\":{\"name\":\"darka mazi\",\"@id\":\"https:\\\/\\\/darkamazi.info\\\/#\\\/schema\\\/person\\\/5ad3e24553a0567993fa8ed4bd0a776c\"},\"headline\":\"HDP\u00ea xwe wek muxateba pirsa kurd n\u00ee\u015fan da \u00fb behsa Ocalan j\u00ee nekir!\",\"datePublished\":\"2021-09-27T18:21:22+00:00\",\"mainEntityOfPage\":{\"@id\":\"https:\\\/\\\/darkamazi.info\\\/archives\\\/1025766\"},\"wordCount\":338,\"publisher\":{\"@id\":\"https:\\\/\\\/darkamazi.info\\\/#organization\"},\"image\":{\"@id\":\"https:\\\/\\\/darkamazi.info\\\/archives\\\/1025766#primaryimage\"},\"thumbnailUrl\":\"https:\\\/\\\/darkamazi.info\\\/darka-content\\\/uploads\\\/2021\\\/09\\\/\u0647\u062f\u067e-hdp-1.jpg\",\"keywords\":[\"sereke\"],\"articleSection\":[\"Kurdistan\"],\"inLanguage\":\"en-US\"},{\"@type\":\"WebPage\",\"@id\":\"https:\\\/\\\/darkamazi.info\\\/archives\\\/1025766\",\"url\":\"https:\\\/\\\/darkamazi.info\\\/archives\\\/1025766\",\"name\":\"HDP\u00ea xwe wek muxateba pirsa kurd n\u00ee\u015fan da \u00fb behsa Ocalan j\u00ee nekir! - Darka Maz\u00ee\",\"isPartOf\":{\"@id\":\"https:\\\/\\\/darkamazi.info\\\/#website\"},\"primaryImageOfPage\":{\"@id\":\"https:\\\/\\\/darkamazi.info\\\/archives\\\/1025766#primaryimage\"},\"image\":{\"@id\":\"https:\\\/\\\/darkamazi.info\\\/archives\\\/1025766#primaryimage\"},\"thumbnailUrl\":\"https:\\\/\\\/darkamazi.info\\\/darka-content\\\/uploads\\\/2021\\\/09\\\/\u0647\u062f\u067e-hdp-1.jpg\",\"datePublished\":\"2021-09-27T18:21:22+00:00\",\"breadcrumb\":{\"@id\":\"https:\\\/\\\/darkamazi.info\\\/archives\\\/1025766#breadcrumb\"},\"inLanguage\":\"en-US\",\"potentialAction\":[{\"@type\":\"ReadAction\",\"target\":[\"https:\\\/\\\/darkamazi.info\\\/archives\\\/1025766\"]}]},{\"@type\":\"ImageObject\",\"inLanguage\":\"en-US\",\"@id\":\"https:\\\/\\\/darkamazi.info\\\/archives\\\/1025766#primaryimage\",\"url\":\"https:\\\/\\\/darkamazi.info\\\/darka-content\\\/uploads\\\/2021\\\/09\\\/\u0647\u062f\u067e-hdp-1.jpg\",\"contentUrl\":\"https:\\\/\\\/darkamazi.info\\\/darka-content\\\/uploads\\\/2021\\\/09\\\/\u0647\u062f\u067e-hdp-1.jpg\",\"width\":900,\"height\":497,\"caption\":\"HDP\u00ea xwe wek muxateba pirsa kurd n\u00ee\u015fan da \u00fb behsa Ocalan j\u00ee nekir!\"},{\"@type\":\"BreadcrumbList\",\"@id\":\"https:\\\/\\\/darkamazi.info\\\/archives\\\/1025766#breadcrumb\",\"itemListElement\":[{\"@type\":\"ListItem\",\"position\":1,\"name\":\"Home\",\"item\":\"https:\\\/\\\/darkamazi.info\\\/\"},{\"@type\":\"ListItem\",\"position\":2,\"name\":\"HDP\u00ea xwe wek muxateba pirsa kurd n\u00ee\u015fan da \u00fb behsa Ocalan j\u00ee nekir!\"}]},{\"@type\":\"WebSite\",\"@id\":\"https:\\\/\\\/darkamazi.info\\\/#website\",\"url\":\"https:\\\/\\\/darkamazi.info\\\/\",\"name\":\"Darka Maz\u00ee\",\"description\":\"P\u00eageha Zanyariy\u00ean Nebih\u00eest\u00ee\",\"publisher\":{\"@id\":\"https:\\\/\\\/darkamazi.info\\\/#organization\"},\"potentialAction\":[{\"@type\":\"SearchAction\",\"target\":{\"@type\":\"EntryPoint\",\"urlTemplate\":\"https:\\\/\\\/darkamazi.info\\\/?s={search_term_string}\"},\"query-input\":{\"@type\":\"PropertyValueSpecification\",\"valueRequired\":true,\"valueName\":\"search_term_string\"}}],\"inLanguage\":\"en-US\"},{\"@type\":\"Organization\",\"@id\":\"https:\\\/\\\/darkamazi.info\\\/#organization\",\"name\":\"Darka Maz\u00ee\",\"url\":\"https:\\\/\\\/darkamazi.info\\\/\",\"logo\":{\"@type\":\"ImageObject\",\"inLanguage\":\"en-US\",\"@id\":\"https:\\\/\\\/darkamazi.info\\\/#\\\/schema\\\/logo\\\/image\\\/\",\"url\":\"https:\\\/\\\/darkamazi.info\\\/darka-content\\\/uploads\\\/2017\\\/12\\\/darka-mazi-logo.png\",\"contentUrl\":\"https:\\\/\\\/darkamazi.info\\\/darka-content\\\/uploads\\\/2017\\\/12\\\/darka-mazi-logo.png\",\"width\":151,\"height\":75,\"caption\":\"Darka Maz\u00ee\"},\"image\":{\"@id\":\"https:\\\/\\\/darkamazi.info\\\/#\\\/schema\\\/logo\\\/image\\\/\"},\"sameAs\":[\"https:\\\/\\\/www.facebook.com\\\/DarMaziKurmanci\",\"https:\\\/\\\/x.com\\\/DarkaMaziLatini\",\"https:\\\/\\\/www.instagram.com\\\/darkamazi.kurmanci\\\/\",\"https:\\\/\\\/www.youtube.com\\\/channel\\\/UCa5HkTdmI8U1qCUFuTw8B2g\"]},{\"@type\":\"Person\",\"@id\":\"https:\\\/\\\/darkamazi.info\\\/#\\\/schema\\\/person\\\/5ad3e24553a0567993fa8ed4bd0a776c\",\"name\":\"darka mazi\",\"sameAs\":[\"https:\\\/\\\/darkamazi.info\\\/\"],\"url\":\"https:\\\/\\\/darkamazi.info\\\/archives\\\/author\\\/kurdi\"}]}<\/script>\n<!-- \/ Yoast SEO plugin. -->","seo_head_json":{"title":"HDP\u00ea xwe wek muxateba pirsa kurd n\u00ee\u015fan da \u00fb behsa Ocalan j\u00ee nekir! - Darka Maz\u00ee","robots":{"index":"index","follow":"follow","max-snippet":"max-snippet:-1","max-image-preview":"max-image-preview:large","max-video-preview":"max-video-preview:-1"},"canonical":"https:\/\/darkamazi.info\/archives\/1025766","og_locale":"en_US","og_type":"article","og_title":"HDP\u00ea xwe wek muxateba pirsa kurd n\u00ee\u015fan da \u00fb behsa Ocalan j\u00ee nekir! - Darka Maz\u00ee","og_description":"HDP\u00ea deklerasyoneke ku ji 11 xalan p\u00eak t\u00ea, ragihand \u00fb tekez kir, ew dixwazin bi dir\u00fb\u015fma \u201ctifaqa demokrat\u00eek\u201d r\u00eaya xwe bidom\u00eenin. HDP\u00ea xwe wek muxateba pirsgir\u00eaka kurd n\u00ee\u015fan da \u00fb qet behsa \u00cemral\u00ee \u00fb Ocalan j\u00ee nekir! Hevserok\u00ean Gi\u015ft\u00ee y\u00ean Partiya Demokrat\u00eek a Gelan (HDP) Perv\u00een Buldan \u00fb M\u00eethat Sancar \u00eero, 27\/09\/2021, li Enqera paytexta [&hellip;]","og_url":"https:\/\/darkamazi.info\/archives\/1025766","og_site_name":"Darka Maz\u00ee","article_publisher":"https:\/\/www.facebook.com\/DarMaziKurmanci","article_published_time":"2021-09-27T18:21:22+00:00","og_image":[{"width":900,"height":497,"url":"https:\/\/darkamazi.info\/file\/2021\/09\/\u0647\u062f\u067e-hdp-1.jpg","type":"image\/jpeg"}],"author":"darka mazi","twitter_card":"summary_large_image","twitter_creator":"@DarkaMaziLatini","twitter_site":"@DarkaMaziLatini","twitter_misc":{"Written by":"darka mazi","Est. reading time":"2 minutes"},"schema":{"@context":"https:\/\/schema.org","@graph":[{"@type":"Article","@id":"https:\/\/darkamazi.info\/archives\/1025766#article","isPartOf":{"@id":"https:\/\/darkamazi.info\/archives\/1025766"},"author":{"name":"darka mazi","@id":"https:\/\/darkamazi.info\/#\/schema\/person\/5ad3e24553a0567993fa8ed4bd0a776c"},"headline":"HDP\u00ea xwe wek muxateba pirsa kurd n\u00ee\u015fan da \u00fb behsa Ocalan j\u00ee nekir!","datePublished":"2021-09-27T18:21:22+00:00","mainEntityOfPage":{"@id":"https:\/\/darkamazi.info\/archives\/1025766"},"wordCount":338,"publisher":{"@id":"https:\/\/darkamazi.info\/#organization"},"image":{"@id":"https:\/\/darkamazi.info\/archives\/1025766#primaryimage"},"thumbnailUrl":"https:\/\/darkamazi.info\/file\/2021\/09\/\u0647\u062f\u067e-hdp-1.jpg","keywords":["sereke"],"articleSection":["Kurdistan"],"inLanguage":"en-US"},{"@type":"WebPage","@id":"https:\/\/darkamazi.info\/archives\/1025766","url":"https:\/\/darkamazi.info\/archives\/1025766","name":"HDP\u00ea xwe wek muxateba pirsa kurd n\u00ee\u015fan da \u00fb behsa Ocalan j\u00ee nekir! - Darka Maz\u00ee","isPartOf":{"@id":"https:\/\/darkamazi.info\/#website"},"primaryImageOfPage":{"@id":"https:\/\/darkamazi.info\/archives\/1025766#primaryimage"},"image":{"@id":"https:\/\/darkamazi.info\/archives\/1025766#primaryimage"},"thumbnailUrl":"https:\/\/darkamazi.info\/file\/2021\/09\/\u0647\u062f\u067e-hdp-1.jpg","datePublished":"2021-09-27T18:21:22+00:00","breadcrumb":{"@id":"https:\/\/darkamazi.info\/archives\/1025766#breadcrumb"},"inLanguage":"en-US","potentialAction":[{"@type":"ReadAction","target":["https:\/\/darkamazi.info\/archives\/1025766"]}]},{"@type":"ImageObject","inLanguage":"en-US","@id":"https:\/\/darkamazi.info\/archives\/1025766#primaryimage","url":"https:\/\/darkamazi.info\/file\/2021\/09\/\u0647\u062f\u067e-hdp-1.jpg","contentUrl":"https:\/\/darkamazi.info\/file\/2021\/09\/\u0647\u062f\u067e-hdp-1.jpg","width":900,"height":497,"caption":"HDP\u00ea xwe wek muxateba pirsa kurd n\u00ee\u015fan da \u00fb behsa Ocalan j\u00ee nekir!"},{"@type":"BreadcrumbList","@id":"https:\/\/darkamazi.info\/archives\/1025766#breadcrumb","itemListElement":[{"@type":"ListItem","position":1,"name":"Home","item":"https:\/\/darkamazi.info\/"},{"@type":"ListItem","position":2,"name":"HDP\u00ea xwe wek muxateba pirsa kurd n\u00ee\u015fan da \u00fb behsa Ocalan j\u00ee nekir!"}]},{"@type":"WebSite","@id":"https:\/\/darkamazi.info\/#website","url":"https:\/\/darkamazi.info\/","name":"Darka Maz\u00ee","description":"P\u00eageha Zanyariy\u00ean Nebih\u00eest\u00ee","publisher":{"@id":"https:\/\/darkamazi.info\/#organization"},"potentialAction":[{"@type":"SearchAction","target":{"@type":"EntryPoint","urlTemplate":"https:\/\/darkamazi.info\/?s={search_term_string}"},"query-input":{"@type":"PropertyValueSpecification","valueRequired":true,"valueName":"search_term_string"}}],"inLanguage":"en-US"},{"@type":"Organization","@id":"https:\/\/darkamazi.info\/#organization","name":"Darka Maz\u00ee","url":"https:\/\/darkamazi.info\/","logo":{"@type":"ImageObject","inLanguage":"en-US","@id":"https:\/\/darkamazi.info\/#\/schema\/logo\/image\/","url":"https:\/\/darkamazi.info\/file\/2017\/12\/darka-mazi-logo.png","contentUrl":"https:\/\/darkamazi.info\/file\/2017\/12\/darka-mazi-logo.png","width":151,"height":75,"caption":"Darka Maz\u00ee"},"image":{"@id":"https:\/\/darkamazi.info\/#\/schema\/logo\/image\/"},"sameAs":["https:\/\/www.facebook.com\/DarMaziKurmanci","https:\/\/x.com\/DarkaMaziLatini","https:\/\/www.instagram.com\/darkamazi.kurmanci\/","https:\/\/www.youtube.com\/channel\/UCa5HkTdmI8U1qCUFuTw8B2g"]},{"@type":"Person","@id":"https:\/\/darkamazi.info\/#\/schema\/person\/5ad3e24553a0567993fa8ed4bd0a776c","name":"darka mazi","sameAs":["https:\/\/darkamazi.info\/"],"url":"https:\/\/darkamazi.info\/archives\/author\/kurdi"}]}},"_links":{"self":[{"href":"https:\/\/darkamazi.info\/funavuv\/wp\/v2\/posts\/1025766","targetHints":{"allow":["GET"]}}],"collection":[{"href":"https:\/\/darkamazi.info\/funavuv\/wp\/v2\/posts"}],"about":[{"href":"https:\/\/darkamazi.info\/funavuv\/wp\/v2\/types\/post"}],"author":[{"embeddable":true,"href":"https:\/\/darkamazi.info\/funavuv\/wp\/v2\/users\/2"}],"replies":[{"embeddable":true,"href":"https:\/\/darkamazi.info\/funavuv\/wp\/v2\/comments?post=1025766"}],"version-history":[{"count":0,"href":"https:\/\/darkamazi.info\/funavuv\/wp\/v2\/posts\/1025766\/revisions"}],"wp:featuredmedia":[{"embeddable":true,"href":"https:\/\/darkamazi.info\/funavuv\/wp\/v2\/media\/1025767"}],"wp:attachment":[{"href":"https:\/\/darkamazi.info\/funavuv\/wp\/v2\/media?parent=1025766"}],"wp:term":[{"taxonomy":"category","embeddable":true,"href":"https:\/\/darkamazi.info\/funavuv\/wp\/v2\/categories?post=1025766"},{"taxonomy":"post_tag","embeddable":true,"href":"https:\/\/darkamazi.info\/funavuv\/wp\/v2\/tags?post=1025766"}],"curies":[{"name":"wp","href":"https:\/\/api.w.org\/{rel}","templated":true}]}}