{"id":1026167,"date":"2021-10-12T18:59:09","date_gmt":"2021-10-12T15:59:09","guid":{"rendered":"https:\/\/darkamazi.info\/?p=1026167"},"modified":"2021-10-12T18:59:09","modified_gmt":"2021-10-12T15:59:09","slug":"alxmahuye-qendile-derew-li-ynke-kir","status":"publish","type":"post","link":"https:\/\/darkamazi.info\/archives\/1026167","title":{"rendered":"Alxmah\u00fby\u00ea Qend\u00eel\u00ea derew li YNK\u00ea kir!"},"content":{"rendered":"<ul>\n<li>\n<h3><span style=\"font-family: 'arial black', sans-serif;color: #3366ff\">Memet M\u00eard\u00een\u00ee<\/span><\/h3>\n<\/li>\n<\/ul>\n<h3 style=\"text-align: justify\"><span style=\"font-family: arial, helvetica, sans-serif\">P\u00ea\u015f hilbijartin\u00ean 10\/10\/2021 y\u00ean \u00ceraq\u00ea, Cem\u00eel Bayik\u00ea Hevserok\u00ea Koma Civak\u00ean Kurdistan\u00ea di yek ji daxuyaniy\u00ean xwe de daxwaz ji al\u00eegr\u00ean PKK\u00ea kir ku deng bi namzet\u00ean YNK\u00ea bidin \u00fb al\u00eekarya YNK\u00ea bikin daku di hilbijartinan de serbikeve.<\/span><\/h3>\n<h3 style=\"text-align: justify\"><span style=\"font-family: arial, helvetica, sans-serif\">Ev daxuyaniya Cem\u00eel Bayik bo sedema dilnerehetiya namzet\u00ean PKK\u00ea ku li ser nav\u00ea Partiya Azadiya Kurdistan\u00ea xwe namzet kirb\u00fbn, wan ragihand ger PKKe destek dide YNK\u00ea gelo \u00e7ima em namzet kirine.<\/span><\/h3>\n<h3 style=\"text-align: justify\"><span style=\"font-family: arial, helvetica, sans-serif\">Bayik her weha ragihandib\u00fb ku nabe YNKe di hilbijartinan de rast\u00ee \u015fikestin\u00ea were, ji ber ku w\u00ea Kurdistan lawaz bibe! Ev bi kurt\u00ee daxuyaniya Bayik b\u00fb li ser hilbijartin\u00ean \u00ceraq\u00ea \u00fb namzet\u00ean YNK\u00ea l\u00ea gelo Bayik bi axaftin \u00fb bi kiryar wek yek kir? B\u00ea guman na.<\/span><\/h3>\n<h3 style=\"text-align: justify\"><span style=\"font-family: arial, helvetica, sans-serif\">Tev\u00ee ku Bayik di \u00e7apemenya PKK\u00ea de daxwaz ji al\u00eegr\u00ean xwe kir deng bi namzet\u00ean YNK\u00ea bidin, l\u00ea bel\u00ea, j\u00ear bi j\u00ear ferman bi al\u00eegir\u00ean xwe da ku deng bi namzet\u00ean \u201cNif\u015f\u00ea N\u00fb\u201d bidin.<\/span><\/h3>\n<h3 style=\"text-align: justify\"><span style=\"font-family: arial, helvetica, sans-serif\">\u00c7avkaniy\u00ean P\u00eageha Darka Maz\u00ee li Ba\u015f\u00fbr\u00ea Kurdistan\u00ea e\u015fkere kir, p\u00ea\u015f hilbijartin\u00ean \u00ceraq\u00ea PKK\u00ea tev al\u00eegir\u00ean xwe haydar kirine ku deng bi namzet\u00ean \u201cNif\u015f\u00ea N\u00fb\u201d bidin \u00fb deng bi namzet\u00ean PKK\u00ea \u00fb YNK\u00ea nedin. PKK\u00ea bi v\u00ee awa xwest wusa xweya bike ku al\u00eekariya YNK\u00ea dike \u00fb dixwaze YNKe di hilbijartinan de serbikeve, PKK\u00ea dixwest bi daxuyaniy\u00ean R\u00eaveber\u00ea xwe Cem\u00eel Bayik wusa xweya bike ku dikare b\u00eay Lahur ceng\u00ee j\u00ee hevkar\u00ea hev bin, l\u00ea di rastiy\u00ea de wusa neb\u00fb. PKK\u00ea p\u00ea\u015f hilbijartina, tev al\u00eegir\u00ean xwe haydar kirin ku deng bi namzet\u00ean \u201cNif\u015f\u00ea N\u00fb\u201d bidin \u00fb bi namzet\u00ean PKK\u00ea bi xwe j\u00ee nedin, ev biryar ji ber yek sedem bi ten\u00ea b\u00fb, PKK\u00ea dixwest bi v\u00ee awa wusa bide n\u00ee\u015fandan ku deng bi YNK\u00ea dane, loma deng bi namzet\u00ean xwe j\u00ee nedan, tev\u00ee ku hijmara al\u00eegir\u00ean PKK\u00ea li Ba\u015f\u00fbr\u00ea Kurdistan\u00ea pir hindikin \u00fb xwe nikarin yek namzet j\u00ee serbixin l\u00ea d\u00eesa PKK\u00ea daxuyan\u00ee da \u00fb wusa da xuyakirin ku al\u00eegir\u00ean w\u00ea pir z\u00eadene \u00fb dikarin al\u00eekariya YNK\u00ea bikin.<\/span><\/h3>\n<h3 style=\"text-align: justify\"><span style=\"font-family: arial, helvetica, sans-serif\">\u00c7avkaniy\u00ean p\u00eageha Darka Maz\u00ee her weha e\u015fkere kir, daxuyaniya Cem\u00eel Bayik li ser fermana \u00ceran\u00ea b\u00fb daku bikarin p\u00eawendiy\u00ean xwe li gel YNK\u00ea bipar\u00eazin \u00fb bikarin ec\u00eenday\u00ean her\u00eam\u00ee y\u00ean \u00ceran\u00ea li Ba\u015f\u00fbr\u00ea Kurdistan\u00ea c\u00eebic\u00ee bikin, jiberku pi\u015ft\u00ee 8\u00ee Temoz\u00ea ku di n\u00eavbera Lahur Ceng\u00ee \u00fb Bafil taleban\u00ee y\u00ean hevserok\u00ean YNK\u00ea t\u00eak \u00e7\u00fby\u00ee berjewendiy\u00ean PKK\u00ea \u00fb \u00ceran\u00ea li her\u00eam\u00ea ketin xeterey\u00ea de, bi v\u00ea daxuyaniy\u00ea Bayik xwest wusa bide xuyakirin ku ew dikarin bi Bafil Taleban\u00ee re j\u00ee tev bigerin, l\u00ea bel\u00ea di rastiy\u00ea de PKK\u00ea xefik ji Bafil \u00fb YNK\u00ea re koland.<\/span><\/h3>\n<h3 style=\"text-align: justify\"><span style=\"font-family: arial, helvetica, sans-serif\">Bi v\u00ea yek\u00ea PKK\u00ea xwest Bafil Taleban\u00ee weke kesek k\u00ear nehat\u00ee bide nasandin \u00fb wusa xweya bike ku tev\u00ee PKK\u00ea destek da Bafil l\u00ea bel\u00ea d\u00eesa nekar\u00ee serkeftin\u00ea bi dest bxe, bi v\u00ea yek\u00ea j\u00ee xwest hem Bafil Taleban\u00ee bi\u015fk\u00eene \u00fb hem j\u00ee wusa bide xuyakirin ku YNKeya b\u00eay Lahur nikare serkeftin\u00ea bi dest bixe xwe ger PKK j\u00ee destek\u00ea bide wan.<\/span><\/h3>\n","protected":false},"excerpt":{"rendered":"<p>Memet M\u00eard\u00een\u00ee P\u00ea\u015f hilbijartin\u00ean 10\/10\/2021 y\u00ean \u00ceraq\u00ea, Cem\u00eel Bayik\u00ea Hevserok\u00ea Koma Civak\u00ean Kurdistan\u00ea di yek ji daxuyaniy\u00ean xwe de daxwaz ji al\u00eegr\u00ean PKK\u00ea kir ku deng bi namzet\u00ean YNK\u00ea bidin \u00fb al\u00eekarya YNK\u00ea bikin daku di hilbijartinan de serbikeve. Ev daxuyaniya Cem\u00eel Bayik bo sedema dilnerehetiya namzet\u00ean PKK\u00ea ku li ser nav\u00ea Partiya Azadiya Kurdistan\u00ea [&hellip;]<\/p>\n","protected":false},"author":2,"featured_media":1026169,"comment_status":"closed","ping_status":"closed","sticky":false,"template":"","format":"standard","meta":{"footnotes":""},"categories":[28],"tags":[37],"class_list":["post-1026167","post","type-post","status-publish","format-standard","has-post-thumbnail","hentry","category-nerin","tag-sereke"],"blocksy_meta":[],"seo_head":"<!-- This site is optimized with the Yoast SEO plugin v27.5 - https:\/\/yoast.com\/product\/yoast-seo-wordpress\/ -->\n<title>Alxmah\u00fby\u00ea Qend\u00eel\u00ea derew li YNK\u00ea kir! - Darka Maz\u00ee<\/title>\n<meta name=\"robots\" content=\"index, follow, max-snippet:-1, max-image-preview:large, max-video-preview:-1\" \/>\n<link rel=\"canonical\" href=\"https:\/\/darkamazi.info\/archives\/1026167\" \/>\n<meta property=\"og:locale\" content=\"en_US\" \/>\n<meta property=\"og:type\" content=\"article\" \/>\n<meta property=\"og:title\" content=\"Alxmah\u00fby\u00ea Qend\u00eel\u00ea derew li YNK\u00ea kir! - Darka Maz\u00ee\" \/>\n<meta property=\"og:description\" content=\"Memet M\u00eard\u00een\u00ee P\u00ea\u015f hilbijartin\u00ean 10\/10\/2021 y\u00ean \u00ceraq\u00ea, Cem\u00eel Bayik\u00ea Hevserok\u00ea Koma Civak\u00ean Kurdistan\u00ea di yek ji daxuyaniy\u00ean xwe de daxwaz ji al\u00eegr\u00ean PKK\u00ea kir ku deng bi namzet\u00ean YNK\u00ea bidin \u00fb al\u00eekarya YNK\u00ea bikin daku di hilbijartinan de serbikeve. Ev daxuyaniya Cem\u00eel Bayik bo sedema dilnerehetiya namzet\u00ean PKK\u00ea ku li ser nav\u00ea Partiya Azadiya Kurdistan\u00ea [&hellip;]\" \/>\n<meta property=\"og:url\" content=\"https:\/\/darkamazi.info\/archives\/1026167\" \/>\n<meta property=\"og:site_name\" content=\"Darka Maz\u00ee\" \/>\n<meta property=\"article:publisher\" content=\"https:\/\/www.facebook.com\/DarMaziKurmanci\" \/>\n<meta property=\"article:published_time\" content=\"2021-10-12T15:59:09+00:00\" \/>\n<meta property=\"og:image\" content=\"https:\/\/darkamazi.info\/file\/2021\/10\/puk-ynk-pkk1-1.jpg\" \/>\n\t<meta property=\"og:image:width\" content=\"900\" \/>\n\t<meta property=\"og:image:height\" content=\"497\" \/>\n\t<meta property=\"og:image:type\" content=\"image\/jpeg\" \/>\n<meta name=\"author\" content=\"darka mazi\" \/>\n<meta name=\"twitter:card\" content=\"summary_large_image\" \/>\n<meta name=\"twitter:creator\" content=\"@DarkaMaziLatini\" \/>\n<meta name=\"twitter:site\" content=\"@DarkaMaziLatini\" \/>\n<meta name=\"twitter:label1\" content=\"Written by\" \/>\n\t<meta name=\"twitter:data1\" content=\"darka mazi\" \/>\n\t<meta name=\"twitter:label2\" content=\"Est. reading time\" \/>\n\t<meta name=\"twitter:data2\" content=\"3 minutes\" \/>\n<script type=\"application\/ld+json\" class=\"seo-schema-graph\">{\"@context\":\"https:\\\/\\\/schema.org\",\"@graph\":[{\"@type\":\"Article\",\"@id\":\"https:\\\/\\\/darkamazi.info\\\/archives\\\/1026167#article\",\"isPartOf\":{\"@id\":\"https:\\\/\\\/darkamazi.info\\\/archives\\\/1026167\"},\"author\":{\"name\":\"darka mazi\",\"@id\":\"https:\\\/\\\/darkamazi.info\\\/#\\\/schema\\\/person\\\/5ad3e24553a0567993fa8ed4bd0a776c\"},\"headline\":\"Alxmah\u00fby\u00ea Qend\u00eel\u00ea derew li YNK\u00ea kir!\",\"datePublished\":\"2021-10-12T15:59:09+00:00\",\"mainEntityOfPage\":{\"@id\":\"https:\\\/\\\/darkamazi.info\\\/archives\\\/1026167\"},\"wordCount\":538,\"publisher\":{\"@id\":\"https:\\\/\\\/darkamazi.info\\\/#organization\"},\"image\":{\"@id\":\"https:\\\/\\\/darkamazi.info\\\/archives\\\/1026167#primaryimage\"},\"thumbnailUrl\":\"https:\\\/\\\/darkamazi.info\\\/darka-content\\\/uploads\\\/2021\\\/10\\\/puk-ynk-pkk1-1.jpg\",\"keywords\":[\"sereke\"],\"articleSection\":[\"Ner\u00een\"],\"inLanguage\":\"en-US\"},{\"@type\":\"WebPage\",\"@id\":\"https:\\\/\\\/darkamazi.info\\\/archives\\\/1026167\",\"url\":\"https:\\\/\\\/darkamazi.info\\\/archives\\\/1026167\",\"name\":\"Alxmah\u00fby\u00ea Qend\u00eel\u00ea derew li YNK\u00ea kir! - Darka Maz\u00ee\",\"isPartOf\":{\"@id\":\"https:\\\/\\\/darkamazi.info\\\/#website\"},\"primaryImageOfPage\":{\"@id\":\"https:\\\/\\\/darkamazi.info\\\/archives\\\/1026167#primaryimage\"},\"image\":{\"@id\":\"https:\\\/\\\/darkamazi.info\\\/archives\\\/1026167#primaryimage\"},\"thumbnailUrl\":\"https:\\\/\\\/darkamazi.info\\\/darka-content\\\/uploads\\\/2021\\\/10\\\/puk-ynk-pkk1-1.jpg\",\"datePublished\":\"2021-10-12T15:59:09+00:00\",\"breadcrumb\":{\"@id\":\"https:\\\/\\\/darkamazi.info\\\/archives\\\/1026167#breadcrumb\"},\"inLanguage\":\"en-US\",\"potentialAction\":[{\"@type\":\"ReadAction\",\"target\":[\"https:\\\/\\\/darkamazi.info\\\/archives\\\/1026167\"]}]},{\"@type\":\"ImageObject\",\"inLanguage\":\"en-US\",\"@id\":\"https:\\\/\\\/darkamazi.info\\\/archives\\\/1026167#primaryimage\",\"url\":\"https:\\\/\\\/darkamazi.info\\\/darka-content\\\/uploads\\\/2021\\\/10\\\/puk-ynk-pkk1-1.jpg\",\"contentUrl\":\"https:\\\/\\\/darkamazi.info\\\/darka-content\\\/uploads\\\/2021\\\/10\\\/puk-ynk-pkk1-1.jpg\",\"width\":900,\"height\":497,\"caption\":\"puk-ynk-pkk1-1\"},{\"@type\":\"BreadcrumbList\",\"@id\":\"https:\\\/\\\/darkamazi.info\\\/archives\\\/1026167#breadcrumb\",\"itemListElement\":[{\"@type\":\"ListItem\",\"position\":1,\"name\":\"Home\",\"item\":\"https:\\\/\\\/darkamazi.info\\\/\"},{\"@type\":\"ListItem\",\"position\":2,\"name\":\"Alxmah\u00fby\u00ea Qend\u00eel\u00ea derew li YNK\u00ea kir!\"}]},{\"@type\":\"WebSite\",\"@id\":\"https:\\\/\\\/darkamazi.info\\\/#website\",\"url\":\"https:\\\/\\\/darkamazi.info\\\/\",\"name\":\"Darka Maz\u00ee\",\"description\":\"P\u00eageha Zanyariy\u00ean Nebih\u00eest\u00ee\",\"publisher\":{\"@id\":\"https:\\\/\\\/darkamazi.info\\\/#organization\"},\"potentialAction\":[{\"@type\":\"SearchAction\",\"target\":{\"@type\":\"EntryPoint\",\"urlTemplate\":\"https:\\\/\\\/darkamazi.info\\\/?s={search_term_string}\"},\"query-input\":{\"@type\":\"PropertyValueSpecification\",\"valueRequired\":true,\"valueName\":\"search_term_string\"}}],\"inLanguage\":\"en-US\"},{\"@type\":\"Organization\",\"@id\":\"https:\\\/\\\/darkamazi.info\\\/#organization\",\"name\":\"Darka Maz\u00ee\",\"url\":\"https:\\\/\\\/darkamazi.info\\\/\",\"logo\":{\"@type\":\"ImageObject\",\"inLanguage\":\"en-US\",\"@id\":\"https:\\\/\\\/darkamazi.info\\\/#\\\/schema\\\/logo\\\/image\\\/\",\"url\":\"https:\\\/\\\/darkamazi.info\\\/darka-content\\\/uploads\\\/2017\\\/12\\\/darka-mazi-logo.png\",\"contentUrl\":\"https:\\\/\\\/darkamazi.info\\\/darka-content\\\/uploads\\\/2017\\\/12\\\/darka-mazi-logo.png\",\"width\":151,\"height\":75,\"caption\":\"Darka Maz\u00ee\"},\"image\":{\"@id\":\"https:\\\/\\\/darkamazi.info\\\/#\\\/schema\\\/logo\\\/image\\\/\"},\"sameAs\":[\"https:\\\/\\\/www.facebook.com\\\/DarMaziKurmanci\",\"https:\\\/\\\/x.com\\\/DarkaMaziLatini\",\"https:\\\/\\\/www.instagram.com\\\/darkamazi.kurmanci\\\/\",\"https:\\\/\\\/www.youtube.com\\\/channel\\\/UCa5HkTdmI8U1qCUFuTw8B2g\"]},{\"@type\":\"Person\",\"@id\":\"https:\\\/\\\/darkamazi.info\\\/#\\\/schema\\\/person\\\/5ad3e24553a0567993fa8ed4bd0a776c\",\"name\":\"darka mazi\",\"sameAs\":[\"https:\\\/\\\/darkamazi.info\\\/\"],\"url\":\"https:\\\/\\\/darkamazi.info\\\/archives\\\/author\\\/kurdi\"}]}<\/script>\n<!-- \/ Yoast SEO plugin. -->","seo_head_json":{"title":"Alxmah\u00fby\u00ea Qend\u00eel\u00ea derew li YNK\u00ea kir! - Darka Maz\u00ee","robots":{"index":"index","follow":"follow","max-snippet":"max-snippet:-1","max-image-preview":"max-image-preview:large","max-video-preview":"max-video-preview:-1"},"canonical":"https:\/\/darkamazi.info\/archives\/1026167","og_locale":"en_US","og_type":"article","og_title":"Alxmah\u00fby\u00ea Qend\u00eel\u00ea derew li YNK\u00ea kir! - Darka Maz\u00ee","og_description":"Memet M\u00eard\u00een\u00ee P\u00ea\u015f hilbijartin\u00ean 10\/10\/2021 y\u00ean \u00ceraq\u00ea, Cem\u00eel Bayik\u00ea Hevserok\u00ea Koma Civak\u00ean Kurdistan\u00ea di yek ji daxuyaniy\u00ean xwe de daxwaz ji al\u00eegr\u00ean PKK\u00ea kir ku deng bi namzet\u00ean YNK\u00ea bidin \u00fb al\u00eekarya YNK\u00ea bikin daku di hilbijartinan de serbikeve. Ev daxuyaniya Cem\u00eel Bayik bo sedema dilnerehetiya namzet\u00ean PKK\u00ea ku li ser nav\u00ea Partiya Azadiya Kurdistan\u00ea [&hellip;]","og_url":"https:\/\/darkamazi.info\/archives\/1026167","og_site_name":"Darka Maz\u00ee","article_publisher":"https:\/\/www.facebook.com\/DarMaziKurmanci","article_published_time":"2021-10-12T15:59:09+00:00","og_image":[{"width":900,"height":497,"url":"https:\/\/darkamazi.info\/file\/2021\/10\/puk-ynk-pkk1-1.jpg","type":"image\/jpeg"}],"author":"darka mazi","twitter_card":"summary_large_image","twitter_creator":"@DarkaMaziLatini","twitter_site":"@DarkaMaziLatini","twitter_misc":{"Written by":"darka mazi","Est. reading time":"3 minutes"},"schema":{"@context":"https:\/\/schema.org","@graph":[{"@type":"Article","@id":"https:\/\/darkamazi.info\/archives\/1026167#article","isPartOf":{"@id":"https:\/\/darkamazi.info\/archives\/1026167"},"author":{"name":"darka mazi","@id":"https:\/\/darkamazi.info\/#\/schema\/person\/5ad3e24553a0567993fa8ed4bd0a776c"},"headline":"Alxmah\u00fby\u00ea Qend\u00eel\u00ea derew li YNK\u00ea kir!","datePublished":"2021-10-12T15:59:09+00:00","mainEntityOfPage":{"@id":"https:\/\/darkamazi.info\/archives\/1026167"},"wordCount":538,"publisher":{"@id":"https:\/\/darkamazi.info\/#organization"},"image":{"@id":"https:\/\/darkamazi.info\/archives\/1026167#primaryimage"},"thumbnailUrl":"https:\/\/darkamazi.info\/file\/2021\/10\/puk-ynk-pkk1-1.jpg","keywords":["sereke"],"articleSection":["Ner\u00een"],"inLanguage":"en-US"},{"@type":"WebPage","@id":"https:\/\/darkamazi.info\/archives\/1026167","url":"https:\/\/darkamazi.info\/archives\/1026167","name":"Alxmah\u00fby\u00ea Qend\u00eel\u00ea derew li YNK\u00ea kir! - Darka Maz\u00ee","isPartOf":{"@id":"https:\/\/darkamazi.info\/#website"},"primaryImageOfPage":{"@id":"https:\/\/darkamazi.info\/archives\/1026167#primaryimage"},"image":{"@id":"https:\/\/darkamazi.info\/archives\/1026167#primaryimage"},"thumbnailUrl":"https:\/\/darkamazi.info\/file\/2021\/10\/puk-ynk-pkk1-1.jpg","datePublished":"2021-10-12T15:59:09+00:00","breadcrumb":{"@id":"https:\/\/darkamazi.info\/archives\/1026167#breadcrumb"},"inLanguage":"en-US","potentialAction":[{"@type":"ReadAction","target":["https:\/\/darkamazi.info\/archives\/1026167"]}]},{"@type":"ImageObject","inLanguage":"en-US","@id":"https:\/\/darkamazi.info\/archives\/1026167#primaryimage","url":"https:\/\/darkamazi.info\/file\/2021\/10\/puk-ynk-pkk1-1.jpg","contentUrl":"https:\/\/darkamazi.info\/file\/2021\/10\/puk-ynk-pkk1-1.jpg","width":900,"height":497,"caption":"puk-ynk-pkk1-1"},{"@type":"BreadcrumbList","@id":"https:\/\/darkamazi.info\/archives\/1026167#breadcrumb","itemListElement":[{"@type":"ListItem","position":1,"name":"Home","item":"https:\/\/darkamazi.info\/"},{"@type":"ListItem","position":2,"name":"Alxmah\u00fby\u00ea Qend\u00eel\u00ea derew li YNK\u00ea kir!"}]},{"@type":"WebSite","@id":"https:\/\/darkamazi.info\/#website","url":"https:\/\/darkamazi.info\/","name":"Darka Maz\u00ee","description":"P\u00eageha Zanyariy\u00ean Nebih\u00eest\u00ee","publisher":{"@id":"https:\/\/darkamazi.info\/#organization"},"potentialAction":[{"@type":"SearchAction","target":{"@type":"EntryPoint","urlTemplate":"https:\/\/darkamazi.info\/?s={search_term_string}"},"query-input":{"@type":"PropertyValueSpecification","valueRequired":true,"valueName":"search_term_string"}}],"inLanguage":"en-US"},{"@type":"Organization","@id":"https:\/\/darkamazi.info\/#organization","name":"Darka Maz\u00ee","url":"https:\/\/darkamazi.info\/","logo":{"@type":"ImageObject","inLanguage":"en-US","@id":"https:\/\/darkamazi.info\/#\/schema\/logo\/image\/","url":"https:\/\/darkamazi.info\/file\/2017\/12\/darka-mazi-logo.png","contentUrl":"https:\/\/darkamazi.info\/file\/2017\/12\/darka-mazi-logo.png","width":151,"height":75,"caption":"Darka Maz\u00ee"},"image":{"@id":"https:\/\/darkamazi.info\/#\/schema\/logo\/image\/"},"sameAs":["https:\/\/www.facebook.com\/DarMaziKurmanci","https:\/\/x.com\/DarkaMaziLatini","https:\/\/www.instagram.com\/darkamazi.kurmanci\/","https:\/\/www.youtube.com\/channel\/UCa5HkTdmI8U1qCUFuTw8B2g"]},{"@type":"Person","@id":"https:\/\/darkamazi.info\/#\/schema\/person\/5ad3e24553a0567993fa8ed4bd0a776c","name":"darka mazi","sameAs":["https:\/\/darkamazi.info\/"],"url":"https:\/\/darkamazi.info\/archives\/author\/kurdi"}]}},"_links":{"self":[{"href":"https:\/\/darkamazi.info\/funavuv\/wp\/v2\/posts\/1026167","targetHints":{"allow":["GET"]}}],"collection":[{"href":"https:\/\/darkamazi.info\/funavuv\/wp\/v2\/posts"}],"about":[{"href":"https:\/\/darkamazi.info\/funavuv\/wp\/v2\/types\/post"}],"author":[{"embeddable":true,"href":"https:\/\/darkamazi.info\/funavuv\/wp\/v2\/users\/2"}],"replies":[{"embeddable":true,"href":"https:\/\/darkamazi.info\/funavuv\/wp\/v2\/comments?post=1026167"}],"version-history":[{"count":0,"href":"https:\/\/darkamazi.info\/funavuv\/wp\/v2\/posts\/1026167\/revisions"}],"wp:featuredmedia":[{"embeddable":true,"href":"https:\/\/darkamazi.info\/funavuv\/wp\/v2\/media\/1026169"}],"wp:attachment":[{"href":"https:\/\/darkamazi.info\/funavuv\/wp\/v2\/media?parent=1026167"}],"wp:term":[{"taxonomy":"category","embeddable":true,"href":"https:\/\/darkamazi.info\/funavuv\/wp\/v2\/categories?post=1026167"},{"taxonomy":"post_tag","embeddable":true,"href":"https:\/\/darkamazi.info\/funavuv\/wp\/v2\/tags?post=1026167"}],"curies":[{"name":"wp","href":"https:\/\/api.w.org\/{rel}","templated":true}]}}