{"id":1026176,"date":"2021-10-12T22:18:44","date_gmt":"2021-10-12T19:18:44","guid":{"rendered":"https:\/\/darkamazi.info\/?p=1026176"},"modified":"2021-10-12T22:18:44","modified_gmt":"2021-10-12T19:18:44","slug":"femkirina-encamen-hilbijartina-li-singale-u-daxwaziyen-ezidiyan","status":"publish","type":"post","link":"https:\/\/darkamazi.info\/archives\/1026176","title":{"rendered":"F\u00eamkirina encam\u00ean hilbijartina li \u015eingal\u00ea \u00fb daxwaz\u00eey\u00ean \u00cazid\u00eeyan"},"content":{"rendered":"<h3><span style=\"font-family: 'arial black', sans-serif\">Encam\u00ean neferm\u00ee y\u00ean hilbijartin\u00ean \u00ceraq\u00ea h\u00ead\u00ee h\u00ead\u00ee e\u015fkere dibin. Encam\u00ean daw\u00ee d\u00ea di nava du-s\u00ea rojan de b\u00eane a\u015fkere kirin. L\u00ea bi gelemper\u00ee, encam\u00ean hilbijartin\u00ea xuya b\u00fbne.<\/span><\/h3>\n<h3><span style=\"font-family: arial, helvetica, sans-serif\">Yek ji cih\u00ean her\u00ee mereq l\u00ea di hatekirin encam\u00ean hilbijartina \u015eingal\u00ea b\u00fb. Encam li wir pir ec\u00eab b\u00fbn. \u00c7ar berbijar\u00ean ji l\u00eesta PDK\u00ea bi piraniya dengan dest xwe va an\u00eenin \u00fb hatin hilbijartin. Ev encam ji bo rew\u015fa hey\u00ee \u00fb p\u00ea\u015feroja \u015eingal\u00ea b\u00fb daney\u00eak pir gir\u00eeng.<\/span><\/h3>\n<h1 style=\"text-align: center\"><span style=\"font-family: 'arial black', sans-serif;color: #8c0101\">weberh\u00eanan \u00fb hesab\u00ean PKK\u00ea y\u00ean hilbijartin\u00ea<\/span><\/h1>\n<h3><span style=\"font-family: arial, helvetica, sans-serif\">PADE (Partiye Azadiya Demokras\u00ee \u00fb Ez\u00eediyatiy\u00ea) ku part\u00eeyeke ji aliy\u00ea PKK\u00ea ve li \u015eingal\u00ea hatiye damezrandin, berbijarek\u00ea xwe j\u00ee heb\u00fb. PKK\u00ea ji bo ku ev berbijar bi ser bikeve bi Ereb\u00ean li her\u00eam\u00ea \u00fb Ha\u015fda \u015eab\u00ee re tifaq \u00e7\u00eakirib\u00fb. D\u00eesa t\u00ea zan\u00een ku li ser nav\u00ea \u00caz\u00eediy\u00ean ko\u00e7ber kart\u00ean hilbijartin\u00ea y\u00ean sexte hatib\u00fbn \u00e7\u00eakirin. PKK\u00ea ev kart\u00ean hilbijartin\u00ea li ser kadiroy\u00ean xwe y\u00ean li \u015eingal\u00ea belav kir b\u00fbn \u00fb komek bi\u00e7\u00fbk ji Rojava an\u00ee da ku ew j\u00ee dengan bidin. Hilbijartina li \u015eingal\u00ea ji bo PKK\u00ea gir\u00eeng b\u00fb. Ji ber ku ger perlementarek derkeve, ew\u00ea s\u00eestema PKK\u00ea ya bi nav\u00ea &#8220;R\u00eaveberiya Xweser&#8221; li \u015eingal\u00ea me\u015fr\u00fb bikira \u00fb p\u00eavajoya veqet\u00eena Singal\u00ea ji Kurdistan\u00ea bileztir kirba, bi k\u00eaman\u00ee ew\u00ea rew\u015fa \u015eingal\u00ea weke n\u00fbke hilaw\u00eest\u00ee bima. Ji ber v\u00ea sedem\u00ea, Ha\u015fda \u015eaeb\u00ee j\u00ee pi\u015ftgir\u00ee da a\u00eelekar\u00eeya hilbijartin\u00ea \u00fb kert\u00ean sexte y\u00ean dengd\u00earan.<\/span><\/h3>\n<h3><span style=\"font-family: arial, helvetica, sans-serif\">Deng\u00ea k\u00eam \u00ea berbijar\u00ea PKK\u00ea ji bo desthilata PKK\u00ea li \u015eingal\u00ea wateya t\u00eak\u00e7\u00fbneke mezine. (Gava ku ev gotar di hate niv\u00eesandin, deng\u00ean berendam\u00ea PKK\u00ea h\u00een li dora 1000 an b\u00fbn)<\/span><\/h3>\n<h3><span style=\"font-family: arial, helvetica, sans-serif\">Ji bo ku t\u00eak\u00e7\u00fbna xwe ve\u015f\u00eare, PKK\u00ea behsa xapandin \u00fb zext\u00ean li ser gel kir \u00fb di dawiy\u00ea de j\u00ee got ku encam\u00ean hilbijartin\u00ea &#8220;ne me\u015fr\u00fb&#8221; ne. Encama hilbijartina ku ji h\u00eala tevayiya \u00ceraq\u00ea ve hat\u00ee nas kirin, ji h\u00eala hem\u00ee c\u00eehan\u00ea ve hat\u00ee nas kirin \u00fb li gor\u00ee w\u00ea t\u00ea hesibandin, ji h\u00eala PKK\u00ea \u00fb r\u00eaxistina w\u00ea &#8220;R\u00eaveberiya Xweser a \u015eingal\u00ea&#8221; ve me\u015fr\u00fb nehat d\u00eetin. R\u00eaxistinek\u00ee weke PKK\u00ea ku \u00e7i me\u015fr\u00fbiyet \u00fb hiq\u00fbqa bo w\u00ea n\u00eene, hilbijartina me\u015fr\u00fb nab\u00eene.<\/span><\/h3>\n<h3><span style=\"font-family: arial, helvetica, sans-serif\">L\u00ea bel\u00ea, rastiya ku bi hilbijartin\u00ea derket hol\u00ea ev e: ew Kom \u00fb r\u00eaxistin\u00ean ku li \u015eingal\u00ea li ser nav\u00ea PKK\u00ea daxuyaniyan didin, hem\u00fb mizewirin. Ev ten\u00ea ji bo ve\u015fartina heb\u00fbna PKK\u00ea ya li \u015eingal\u00ea kar dikin. Xelk\u00ea \u015eingal\u00ea ne al\u00eegir\u00ea PKK\u00ea b\u00fbn. \u00cazid\u00eey\u00ean \u015eingal\u00ea saz\u00ee \u00fb dezgeh\u00ean PKK\u00ea weke y\u00ean xwe nab\u00eenin. Xelk\u00ea \u015eingal\u00ea PKK\u00ea wek r\u00eaxistineke demk\u00ee dib\u00eene.<\/span><\/h3>\n<h3><span style=\"font-family: arial, helvetica, sans-serif\">PKK\u00ea \u00e7i girsey\u00ean gel li \u015eingal\u00ea n\u00eene. Li ten\u00ea cem PKK\u00ea hin malbat hene. Ciwan\u00ean van malbatan le\u015fkeriya xwe di nav ref\u00ean YB\u015e\u00ea de dikin \u00fb Ha\u015fda \u015eab\u00ee mea\u015f dide wan. Malbat j\u00ee li nava PKK\u00ea de tevdigerin. Ango, komek bi\u00e7\u00fbk a malbatan ku hejmara xwe hindik in, tevl\u00ee \u00e7alaki \u00fb daxuyan\u00eey\u00ean PKK\u00ea dibin. Komeke marjinal \u00fb b\u00eaistiqrarin. PKKe, bi endam\u00ean xwe y\u00ean bakur \u00fb ji Rojava ve kar\u00ea xwe dime\u015f\u00eene, Ew di heman dem\u00ea de v\u00ea koma bi\u00e7\u00fbk j\u00ee wek\u00ee \u00e7alekvan\u00ean mob\u00eel bikar t\u00eene. Ji vir dibe wir, ji w\u00ea \u00e7alakiy\u00ea dibe \u00e7alakiya din. Ew komeke ku hejmara w\u00ea bi gi\u015ft\u00ee ji hezar\u00ee derbas nake.<\/span><\/h3>\n<h1 style=\"text-align: center\"><span style=\"font-family: 'arial black', sans-serif;color: #8c0101\">Kumik ket \u00fb ke\u00e7el xuya b\u00fb<\/span><\/h1>\n<h3><span style=\"font-family: 'arial black', sans-serif;color: #808080\">Hilbijartinan ev rast\u00ee e\u015fkere kirin. \u00cebn\u00ee Xeld\u00fbn dib\u00eaje, &#8220;Li cih\u00ea ku hejmar rastiy\u00ea vedib\u00eaje hewcedar\u00ee bi xurafeyan n\u00eene&#8221;. Li \u015eingal\u00ea, hejmara dengan heq\u00eeqet\u00ea \u00eezah dike. eve heq\u00eeqet.<\/span><\/h3>\n<h3><span style=\"font-family: arial, helvetica, sans-serif\">Qaymeqam\u00ea ferm\u00ee y\u00ea \u015eingal\u00ea Mehma Xal\u00eel, ku PKK\u00ea ev du sal in nah\u00eale ew bikeve \u015eingal\u00ea b\u00fbye berbijar. PKK\u00ea ji bo bange\u015f\u00ea nehi\u015ft ew bikeve \u015eingal\u00ea. PKK\u00ea zarok\u00ean ku temen\u00ea wan ne y\u00ea dengdan\u00ea xistine ser kolanan \u00fb r\u00eaka berbijaran girt\u00eeye. L\u00ea ew Mehma Xal\u00eel n\u00eaz\u00ee 16 hezar dengan girtin. R\u00eajeya deng\u00ean PKK\u00ea hem\u00fb nagehin deh ji yek\u00ea a deng\u00ean Mehme Xal\u00eel. Rast\u00ee div\u00ea hejmar\u00ea de ye. Hewcedar\u00ee bi xurafeyan n\u00eene. Gel\u00ea \u015eingal\u00ea Mehma Xal\u00eel wek\u00ee n\u00fbner\u00ea xwe d\u00eet \u00fb hilbijart.<\/span><\/h3>\n<h3><span style=\"font-family: arial, helvetica, sans-serif\">PKK\u00ea Viyan Dax\u00eel, ku ew ke\u00e7eka \u00cazid\u00ee \u00fb ya \u015eingal\u00ea ye weke xay\u00een \u00eelan kir, got ku ew hatine \u015eingal\u00ea dagir bikin \u00fb nehi\u015ftin ku ew bikeve p\u00eerozgeha \u015eerefedd\u00een. L\u00ea Viyan Dax\u00eel li \u015eingal\u00ea 10 hezar deng girtin \u00fb weke parlemanek\u00ee \u015eingal\u00ea d\u00ea bi \u00e7e ser erka xwe. Di derbar\u00ea jimarey\u00ea de p\u00eadiv\u00ee bi xurafeyan n\u00eene. Gel\u00ea \u015eingal\u00ea wek\u00ee jinek\u00ea Viyan Dax\u00eel bi n\u00fbnera xwe d\u00eet.<\/span><\/h3>\n<h3><span style=\"font-family: arial, helvetica, sans-serif\">V\u00eaca kumik ket \u00fb ke\u00e7el xuya b\u00fb. Hoqebaz\u00eeya PKK\u00ea ya \u015eingal\u00ea bi daw\u00ee b\u00fb. Sindoq\u00ean dengdan\u00ea got PKK\u00ea tu li \u015eingal\u00ea ne me\u015fr\u00fb y\u00ee \u00fb dagirker\u00ee. Xelk\u00ea \u015eingal\u00ea PKKe Veto kir. Got PKKe li \u015eingal\u00ea h\u00eazek dagirkere \u00fb ne me\u015fr\u00fb ye.<\/span><\/h3>\n<h3><span style=\"font-family: arial, helvetica, sans-serif\">Her ti\u015ft\u00ea ku PKK \u00ea di derbar\u00ea \u015eingal\u00ea de got berevaj\u00ee w\u00ea derket. PKK\u00ea digot \u201cGel\u00ea \u015eingal\u00ea dixwaze bi \u00ceraq\u00ea ve were gir\u00eadan, L\u00ea bel\u00ea gel\u00ea \u015eingal\u00ea deng\u00ea xwe neda ti partiyeke Ereban. Gel\u00ea \u015eingal\u00ea Got em Kurd \u00fb Kurdistan\u00ee ne. PKK\u00ea got, &#8220;Gel\u00ea \u015eingal\u00ea ti car\u00ee PDK\u00ea naxwaze.&#8221; L\u00ea bel\u00ea, hem\u00fb sindoq\u00ean dengdan\u00ea y\u00ean di bin kontirola PKK\u00ea de y\u00ean \u015eingal\u00ea de berbijar\u00ean PDK\u00ea derketin \u00fb renge sindoq\u00ean \u015eingal\u00ea bi gi\u015ft\u00ee zer b\u00fbn. Her \u00e7ar berbijar b\u00fbne parlemanter.<\/span><\/h3>\n<h1 style=\"text-align: center\"><span style=\"font-family: 'arial black', sans-serif;color: #8c0101\">Sindoqan got \u015eingal Kurdistane<\/span><\/h1>\n<h1 style=\"text-align: center\"><span style=\"font-family: 'arial black', sans-serif\">Gele \u015eingal\u00ea got em PKK\u00ea weke h\u00eazek\u00ee xwe nab\u00eenin<\/span><\/h1>\n<h3><span style=\"font-family: arial, helvetica, sans-serif\">Ji ber v\u00ea yek\u00ea, hilbijartin\u00ean 10\u00ea Cotmeh\u00ea rastiya \u015eingal\u00ea derxist hol\u00ea. PKKe li \u015eingal\u00ea h\u00eazeke dagirkere. Div\u00ea PKKe encam\u00ean hilbijartin\u00ea rast bixw\u00eene \u00fb \u00e7i heqaret\u00ea li gel\u00ea \u015eingal\u00ea neke. Bi demek\u00ee n\u00eaz\u00eek de ji \u015eingal\u00ea veki\u015fe. \u00cad\u00ee div\u00ea gele \u015eingal\u00ea neh\u00eale PKKe zarok\u00ean wan birev\u00eene \u00fb wan bibe Qend\u00eel \u00fb Gare. \u00cad\u00ee gele \u015eingal\u00ea div\u00ea ji bo H\u00eelala \u015e\u00eea xwe neke mertal. Dem hatiye ku PKKe ji \u015eingal\u00ea derkeve yan j\u00ee were j\u00ea derxistin.<\/span><\/h3>\n","protected":false},"excerpt":{"rendered":"<p>Encam\u00ean neferm\u00ee y\u00ean hilbijartin\u00ean \u00ceraq\u00ea h\u00ead\u00ee h\u00ead\u00ee e\u015fkere dibin. Encam\u00ean daw\u00ee d\u00ea di nava du-s\u00ea rojan de b\u00eane a\u015fkere kirin. L\u00ea bi gelemper\u00ee, encam\u00ean hilbijartin\u00ea xuya b\u00fbne. Yek ji cih\u00ean her\u00ee mereq l\u00ea di hatekirin encam\u00ean hilbijartina \u015eingal\u00ea b\u00fb. Encam li wir pir ec\u00eab b\u00fbn. \u00c7ar berbijar\u00ean ji l\u00eesta PDK\u00ea bi piraniya dengan dest xwe [&hellip;]<\/p>\n","protected":false},"author":2,"featured_media":1026177,"comment_status":"closed","ping_status":"closed","sticky":false,"template":"","format":"standard","meta":{"footnotes":""},"categories":[68],"tags":[37,62],"class_list":["post-1026176","post","type-post","status-publish","format-standard","has-post-thumbnail","hentry","category-analiz","tag-sereke","tag-singal"],"blocksy_meta":[],"seo_head":"<!-- This site is optimized with the Yoast SEO plugin v27.5 - https:\/\/yoast.com\/product\/yoast-seo-wordpress\/ -->\n<title>F\u00eamkirina encam\u00ean hilbijartina li \u015eingal\u00ea \u00fb daxwaz\u00eey\u00ean \u00cazid\u00eeyan - Darka Maz\u00ee<\/title>\n<meta name=\"robots\" content=\"index, follow, max-snippet:-1, max-image-preview:large, max-video-preview:-1\" \/>\n<link rel=\"canonical\" href=\"https:\/\/darkamazi.info\/archives\/1026176\" \/>\n<meta property=\"og:locale\" content=\"en_US\" \/>\n<meta property=\"og:type\" content=\"article\" \/>\n<meta property=\"og:title\" content=\"F\u00eamkirina encam\u00ean hilbijartina li \u015eingal\u00ea \u00fb daxwaz\u00eey\u00ean \u00cazid\u00eeyan - Darka Maz\u00ee\" \/>\n<meta property=\"og:description\" content=\"Encam\u00ean neferm\u00ee y\u00ean hilbijartin\u00ean \u00ceraq\u00ea h\u00ead\u00ee h\u00ead\u00ee e\u015fkere dibin. Encam\u00ean daw\u00ee d\u00ea di nava du-s\u00ea rojan de b\u00eane a\u015fkere kirin. L\u00ea bi gelemper\u00ee, encam\u00ean hilbijartin\u00ea xuya b\u00fbne. Yek ji cih\u00ean her\u00ee mereq l\u00ea di hatekirin encam\u00ean hilbijartina \u015eingal\u00ea b\u00fb. Encam li wir pir ec\u00eab b\u00fbn. \u00c7ar berbijar\u00ean ji l\u00eesta PDK\u00ea bi piraniya dengan dest xwe [&hellip;]\" \/>\n<meta property=\"og:url\" content=\"https:\/\/darkamazi.info\/archives\/1026176\" \/>\n<meta property=\"og:site_name\" content=\"Darka Maz\u00ee\" \/>\n<meta property=\"article:publisher\" content=\"https:\/\/www.facebook.com\/DarMaziKurmanci\" \/>\n<meta property=\"article:published_time\" content=\"2021-10-12T19:18:44+00:00\" \/>\n<meta property=\"og:image\" content=\"https:\/\/darkamazi.info\/file\/2021\/10\/shingall-3.jpg\" \/>\n\t<meta property=\"og:image:width\" content=\"900\" \/>\n\t<meta property=\"og:image:height\" content=\"497\" \/>\n\t<meta property=\"og:image:type\" content=\"image\/jpeg\" \/>\n<meta name=\"author\" content=\"darka mazi\" \/>\n<meta name=\"twitter:card\" content=\"summary_large_image\" \/>\n<meta name=\"twitter:creator\" content=\"@DarkaMaziLatini\" \/>\n<meta name=\"twitter:site\" content=\"@DarkaMaziLatini\" \/>\n<meta name=\"twitter:label1\" content=\"Written by\" \/>\n\t<meta name=\"twitter:data1\" content=\"darka mazi\" \/>\n\t<meta name=\"twitter:label2\" content=\"Est. reading time\" \/>\n\t<meta name=\"twitter:data2\" content=\"5 minutes\" \/>\n<script type=\"application\/ld+json\" class=\"seo-schema-graph\">{\"@context\":\"https:\\\/\\\/schema.org\",\"@graph\":[{\"@type\":\"Article\",\"@id\":\"https:\\\/\\\/darkamazi.info\\\/archives\\\/1026176#article\",\"isPartOf\":{\"@id\":\"https:\\\/\\\/darkamazi.info\\\/archives\\\/1026176\"},\"author\":{\"name\":\"darka mazi\",\"@id\":\"https:\\\/\\\/darkamazi.info\\\/#\\\/schema\\\/person\\\/5ad3e24553a0567993fa8ed4bd0a776c\"},\"headline\":\"F\u00eamkirina encam\u00ean hilbijartina li \u015eingal\u00ea \u00fb daxwaz\u00eey\u00ean \u00cazid\u00eeyan\",\"datePublished\":\"2021-10-12T19:18:44+00:00\",\"mainEntityOfPage\":{\"@id\":\"https:\\\/\\\/darkamazi.info\\\/archives\\\/1026176\"},\"wordCount\":1041,\"publisher\":{\"@id\":\"https:\\\/\\\/darkamazi.info\\\/#organization\"},\"image\":{\"@id\":\"https:\\\/\\\/darkamazi.info\\\/archives\\\/1026176#primaryimage\"},\"thumbnailUrl\":\"https:\\\/\\\/darkamazi.info\\\/darka-content\\\/uploads\\\/2021\\\/10\\\/shingall-3.jpg\",\"keywords\":[\"sereke\",\"\u015eingal\"],\"articleSection\":[\"Anal\u00eez\"],\"inLanguage\":\"en-US\"},{\"@type\":\"WebPage\",\"@id\":\"https:\\\/\\\/darkamazi.info\\\/archives\\\/1026176\",\"url\":\"https:\\\/\\\/darkamazi.info\\\/archives\\\/1026176\",\"name\":\"F\u00eamkirina encam\u00ean hilbijartina li \u015eingal\u00ea \u00fb daxwaz\u00eey\u00ean \u00cazid\u00eeyan - Darka Maz\u00ee\",\"isPartOf\":{\"@id\":\"https:\\\/\\\/darkamazi.info\\\/#website\"},\"primaryImageOfPage\":{\"@id\":\"https:\\\/\\\/darkamazi.info\\\/archives\\\/1026176#primaryimage\"},\"image\":{\"@id\":\"https:\\\/\\\/darkamazi.info\\\/archives\\\/1026176#primaryimage\"},\"thumbnailUrl\":\"https:\\\/\\\/darkamazi.info\\\/darka-content\\\/uploads\\\/2021\\\/10\\\/shingall-3.jpg\",\"datePublished\":\"2021-10-12T19:18:44+00:00\",\"breadcrumb\":{\"@id\":\"https:\\\/\\\/darkamazi.info\\\/archives\\\/1026176#breadcrumb\"},\"inLanguage\":\"en-US\",\"potentialAction\":[{\"@type\":\"ReadAction\",\"target\":[\"https:\\\/\\\/darkamazi.info\\\/archives\\\/1026176\"]}]},{\"@type\":\"ImageObject\",\"inLanguage\":\"en-US\",\"@id\":\"https:\\\/\\\/darkamazi.info\\\/archives\\\/1026176#primaryimage\",\"url\":\"https:\\\/\\\/darkamazi.info\\\/darka-content\\\/uploads\\\/2021\\\/10\\\/shingall-3.jpg\",\"contentUrl\":\"https:\\\/\\\/darkamazi.info\\\/darka-content\\\/uploads\\\/2021\\\/10\\\/shingall-3.jpg\",\"width\":900,\"height\":497},{\"@type\":\"BreadcrumbList\",\"@id\":\"https:\\\/\\\/darkamazi.info\\\/archives\\\/1026176#breadcrumb\",\"itemListElement\":[{\"@type\":\"ListItem\",\"position\":1,\"name\":\"Home\",\"item\":\"https:\\\/\\\/darkamazi.info\\\/\"},{\"@type\":\"ListItem\",\"position\":2,\"name\":\"F\u00eamkirina encam\u00ean hilbijartina li \u015eingal\u00ea \u00fb daxwaz\u00eey\u00ean \u00cazid\u00eeyan\"}]},{\"@type\":\"WebSite\",\"@id\":\"https:\\\/\\\/darkamazi.info\\\/#website\",\"url\":\"https:\\\/\\\/darkamazi.info\\\/\",\"name\":\"Darka Maz\u00ee\",\"description\":\"P\u00eageha Zanyariy\u00ean Nebih\u00eest\u00ee\",\"publisher\":{\"@id\":\"https:\\\/\\\/darkamazi.info\\\/#organization\"},\"potentialAction\":[{\"@type\":\"SearchAction\",\"target\":{\"@type\":\"EntryPoint\",\"urlTemplate\":\"https:\\\/\\\/darkamazi.info\\\/?s={search_term_string}\"},\"query-input\":{\"@type\":\"PropertyValueSpecification\",\"valueRequired\":true,\"valueName\":\"search_term_string\"}}],\"inLanguage\":\"en-US\"},{\"@type\":\"Organization\",\"@id\":\"https:\\\/\\\/darkamazi.info\\\/#organization\",\"name\":\"Darka Maz\u00ee\",\"url\":\"https:\\\/\\\/darkamazi.info\\\/\",\"logo\":{\"@type\":\"ImageObject\",\"inLanguage\":\"en-US\",\"@id\":\"https:\\\/\\\/darkamazi.info\\\/#\\\/schema\\\/logo\\\/image\\\/\",\"url\":\"https:\\\/\\\/darkamazi.info\\\/darka-content\\\/uploads\\\/2017\\\/12\\\/darka-mazi-logo.png\",\"contentUrl\":\"https:\\\/\\\/darkamazi.info\\\/darka-content\\\/uploads\\\/2017\\\/12\\\/darka-mazi-logo.png\",\"width\":151,\"height\":75,\"caption\":\"Darka Maz\u00ee\"},\"image\":{\"@id\":\"https:\\\/\\\/darkamazi.info\\\/#\\\/schema\\\/logo\\\/image\\\/\"},\"sameAs\":[\"https:\\\/\\\/www.facebook.com\\\/DarMaziKurmanci\",\"https:\\\/\\\/x.com\\\/DarkaMaziLatini\",\"https:\\\/\\\/www.instagram.com\\\/darkamazi.kurmanci\\\/\",\"https:\\\/\\\/www.youtube.com\\\/channel\\\/UCa5HkTdmI8U1qCUFuTw8B2g\"]},{\"@type\":\"Person\",\"@id\":\"https:\\\/\\\/darkamazi.info\\\/#\\\/schema\\\/person\\\/5ad3e24553a0567993fa8ed4bd0a776c\",\"name\":\"darka mazi\",\"sameAs\":[\"https:\\\/\\\/darkamazi.info\\\/\"],\"url\":\"https:\\\/\\\/darkamazi.info\\\/archives\\\/author\\\/kurdi\"}]}<\/script>\n<!-- \/ Yoast SEO plugin. -->","seo_head_json":{"title":"F\u00eamkirina encam\u00ean hilbijartina li \u015eingal\u00ea \u00fb daxwaz\u00eey\u00ean \u00cazid\u00eeyan - Darka Maz\u00ee","robots":{"index":"index","follow":"follow","max-snippet":"max-snippet:-1","max-image-preview":"max-image-preview:large","max-video-preview":"max-video-preview:-1"},"canonical":"https:\/\/darkamazi.info\/archives\/1026176","og_locale":"en_US","og_type":"article","og_title":"F\u00eamkirina encam\u00ean hilbijartina li \u015eingal\u00ea \u00fb daxwaz\u00eey\u00ean \u00cazid\u00eeyan - Darka Maz\u00ee","og_description":"Encam\u00ean neferm\u00ee y\u00ean hilbijartin\u00ean \u00ceraq\u00ea h\u00ead\u00ee h\u00ead\u00ee e\u015fkere dibin. Encam\u00ean daw\u00ee d\u00ea di nava du-s\u00ea rojan de b\u00eane a\u015fkere kirin. L\u00ea bi gelemper\u00ee, encam\u00ean hilbijartin\u00ea xuya b\u00fbne. Yek ji cih\u00ean her\u00ee mereq l\u00ea di hatekirin encam\u00ean hilbijartina \u015eingal\u00ea b\u00fb. Encam li wir pir ec\u00eab b\u00fbn. \u00c7ar berbijar\u00ean ji l\u00eesta PDK\u00ea bi piraniya dengan dest xwe [&hellip;]","og_url":"https:\/\/darkamazi.info\/archives\/1026176","og_site_name":"Darka Maz\u00ee","article_publisher":"https:\/\/www.facebook.com\/DarMaziKurmanci","article_published_time":"2021-10-12T19:18:44+00:00","og_image":[{"width":900,"height":497,"url":"https:\/\/darkamazi.info\/file\/2021\/10\/shingall-3.jpg","type":"image\/jpeg"}],"author":"darka mazi","twitter_card":"summary_large_image","twitter_creator":"@DarkaMaziLatini","twitter_site":"@DarkaMaziLatini","twitter_misc":{"Written by":"darka mazi","Est. reading time":"5 minutes"},"schema":{"@context":"https:\/\/schema.org","@graph":[{"@type":"Article","@id":"https:\/\/darkamazi.info\/archives\/1026176#article","isPartOf":{"@id":"https:\/\/darkamazi.info\/archives\/1026176"},"author":{"name":"darka mazi","@id":"https:\/\/darkamazi.info\/#\/schema\/person\/5ad3e24553a0567993fa8ed4bd0a776c"},"headline":"F\u00eamkirina encam\u00ean hilbijartina li \u015eingal\u00ea \u00fb daxwaz\u00eey\u00ean \u00cazid\u00eeyan","datePublished":"2021-10-12T19:18:44+00:00","mainEntityOfPage":{"@id":"https:\/\/darkamazi.info\/archives\/1026176"},"wordCount":1041,"publisher":{"@id":"https:\/\/darkamazi.info\/#organization"},"image":{"@id":"https:\/\/darkamazi.info\/archives\/1026176#primaryimage"},"thumbnailUrl":"https:\/\/darkamazi.info\/file\/2021\/10\/shingall-3.jpg","keywords":["sereke","\u015eingal"],"articleSection":["Anal\u00eez"],"inLanguage":"en-US"},{"@type":"WebPage","@id":"https:\/\/darkamazi.info\/archives\/1026176","url":"https:\/\/darkamazi.info\/archives\/1026176","name":"F\u00eamkirina encam\u00ean hilbijartina li \u015eingal\u00ea \u00fb daxwaz\u00eey\u00ean \u00cazid\u00eeyan - Darka Maz\u00ee","isPartOf":{"@id":"https:\/\/darkamazi.info\/#website"},"primaryImageOfPage":{"@id":"https:\/\/darkamazi.info\/archives\/1026176#primaryimage"},"image":{"@id":"https:\/\/darkamazi.info\/archives\/1026176#primaryimage"},"thumbnailUrl":"https:\/\/darkamazi.info\/file\/2021\/10\/shingall-3.jpg","datePublished":"2021-10-12T19:18:44+00:00","breadcrumb":{"@id":"https:\/\/darkamazi.info\/archives\/1026176#breadcrumb"},"inLanguage":"en-US","potentialAction":[{"@type":"ReadAction","target":["https:\/\/darkamazi.info\/archives\/1026176"]}]},{"@type":"ImageObject","inLanguage":"en-US","@id":"https:\/\/darkamazi.info\/archives\/1026176#primaryimage","url":"https:\/\/darkamazi.info\/file\/2021\/10\/shingall-3.jpg","contentUrl":"https:\/\/darkamazi.info\/file\/2021\/10\/shingall-3.jpg","width":900,"height":497},{"@type":"BreadcrumbList","@id":"https:\/\/darkamazi.info\/archives\/1026176#breadcrumb","itemListElement":[{"@type":"ListItem","position":1,"name":"Home","item":"https:\/\/darkamazi.info\/"},{"@type":"ListItem","position":2,"name":"F\u00eamkirina encam\u00ean hilbijartina li \u015eingal\u00ea \u00fb daxwaz\u00eey\u00ean \u00cazid\u00eeyan"}]},{"@type":"WebSite","@id":"https:\/\/darkamazi.info\/#website","url":"https:\/\/darkamazi.info\/","name":"Darka Maz\u00ee","description":"P\u00eageha Zanyariy\u00ean Nebih\u00eest\u00ee","publisher":{"@id":"https:\/\/darkamazi.info\/#organization"},"potentialAction":[{"@type":"SearchAction","target":{"@type":"EntryPoint","urlTemplate":"https:\/\/darkamazi.info\/?s={search_term_string}"},"query-input":{"@type":"PropertyValueSpecification","valueRequired":true,"valueName":"search_term_string"}}],"inLanguage":"en-US"},{"@type":"Organization","@id":"https:\/\/darkamazi.info\/#organization","name":"Darka Maz\u00ee","url":"https:\/\/darkamazi.info\/","logo":{"@type":"ImageObject","inLanguage":"en-US","@id":"https:\/\/darkamazi.info\/#\/schema\/logo\/image\/","url":"https:\/\/darkamazi.info\/file\/2017\/12\/darka-mazi-logo.png","contentUrl":"https:\/\/darkamazi.info\/file\/2017\/12\/darka-mazi-logo.png","width":151,"height":75,"caption":"Darka Maz\u00ee"},"image":{"@id":"https:\/\/darkamazi.info\/#\/schema\/logo\/image\/"},"sameAs":["https:\/\/www.facebook.com\/DarMaziKurmanci","https:\/\/x.com\/DarkaMaziLatini","https:\/\/www.instagram.com\/darkamazi.kurmanci\/","https:\/\/www.youtube.com\/channel\/UCa5HkTdmI8U1qCUFuTw8B2g"]},{"@type":"Person","@id":"https:\/\/darkamazi.info\/#\/schema\/person\/5ad3e24553a0567993fa8ed4bd0a776c","name":"darka mazi","sameAs":["https:\/\/darkamazi.info\/"],"url":"https:\/\/darkamazi.info\/archives\/author\/kurdi"}]}},"_links":{"self":[{"href":"https:\/\/darkamazi.info\/funavuv\/wp\/v2\/posts\/1026176","targetHints":{"allow":["GET"]}}],"collection":[{"href":"https:\/\/darkamazi.info\/funavuv\/wp\/v2\/posts"}],"about":[{"href":"https:\/\/darkamazi.info\/funavuv\/wp\/v2\/types\/post"}],"author":[{"embeddable":true,"href":"https:\/\/darkamazi.info\/funavuv\/wp\/v2\/users\/2"}],"replies":[{"embeddable":true,"href":"https:\/\/darkamazi.info\/funavuv\/wp\/v2\/comments?post=1026176"}],"version-history":[{"count":0,"href":"https:\/\/darkamazi.info\/funavuv\/wp\/v2\/posts\/1026176\/revisions"}],"wp:featuredmedia":[{"embeddable":true,"href":"https:\/\/darkamazi.info\/funavuv\/wp\/v2\/media\/1026177"}],"wp:attachment":[{"href":"https:\/\/darkamazi.info\/funavuv\/wp\/v2\/media?parent=1026176"}],"wp:term":[{"taxonomy":"category","embeddable":true,"href":"https:\/\/darkamazi.info\/funavuv\/wp\/v2\/categories?post=1026176"},{"taxonomy":"post_tag","embeddable":true,"href":"https:\/\/darkamazi.info\/funavuv\/wp\/v2\/tags?post=1026176"}],"curies":[{"name":"wp","href":"https:\/\/api.w.org\/{rel}","templated":true}]}}