{"id":1026267,"date":"2021-10-17T12:56:40","date_gmt":"2021-10-17T09:56:40","guid":{"rendered":"https:\/\/darkamazi.info\/?p=1026267"},"modified":"2021-10-17T12:57:49","modified_gmt":"2021-10-17T09:57:49","slug":"ke-7-gerila-kustine-u-cima-girupa-keran-dibeje-pdke-kustine","status":"publish","type":"post","link":"https:\/\/darkamazi.info\/archives\/1026267","title":{"rendered":"k\u00ea 7 Ger\u00eela ku\u015ftine \u00fb \u00e7ima \u201cGir\u00fbpa Keran\u201d dib\u00eaje PDK\u00ea ku\u015ftine?!"},"content":{"rendered":"<h1 style=\"text-align: justify\"><span style=\"font-family: 'arial black', sans-serif\">PKKe amadeye bi sedan Ger\u00eelay\u00ean xwe tasf\u00eeye, bike ten\u00ea ji bo ku bike belge \u00fb dokyoment ji boy tuhmet\u00ean xwe y\u00ean b\u00eaexlaq li dij\u00ee PDK\u00ea.<\/span><\/h1>\n<h3 style=\"text-align: justify\"><span style=\"font-family: arial, helvetica, sans-serif\">Li 4 \u00eelona \u00eesal 2021\u00ea wezareta bergiry\u00ea a Tirkiy\u00ea bi taybet li saet 11:45 N\u00eevroj\u00ea, daxuyan\u00ee belav kir \u00fb got: \u201cBalefir\u00ean ceng\u00ea 7 \u00e7ekdar\u00ean PKK\u00ea li Garey kirin armanc\u201d, her wiha d\u00eemen\u00ean v\u00eedyo \u00ean v\u00ea \u00ear\u00ee\u015f\u00ea li hesaba xwe a twitter \u00ea belav kir.<\/span><\/h3>\n<h1 style=\"text-align: justify\"><span style=\"font-family: 'arial black', sans-serif;color: #940404\">Daxuyan\u00eeya Tirkiy\u00ea \u00fb d\u00eemen\u00ean \u00ear\u00ee\u015fa 4 \u00eelon\u00ea:<\/span><\/h1>\n<div style=\"width: 1280px;\" class=\"darka-video\"><video class=\"darka-video-shortcode\" id=\"video-1026267-1\" width=\"1280\" height=\"720\" poster=\"https:\/\/darkamazi.info\/file\/2021\/10\/in-2.jpg\" preload=\"metadata\" controls=\"controls\"><source type=\"video\/mp4\" src=\"https:\/\/darkamazi.info\/file\/2021\/10\/turkey-pkk-7gerila-gara.mp4?_=1\" \/><a href=\"https:\/\/darkamazi.info\/file\/2021\/10\/turkey-pkk-7gerila-gara.mp4\">https:\/\/darkamazi.info\/file\/2021\/10\/turkey-pkk-7gerila-gara.mp4<\/a><\/video><\/div>\n<h3 style=\"text-align: justify\"><span style=\"font-family: arial, helvetica, sans-serif\">Pa\u015f derbasb\u00fbna 3 demjm\u00earan \u00fb bi taybet li saet 2:54 \u00eavara heman roj\u00ea, r\u00eaxistina PKK\u00ea daxuyan\u00ee da \u00fb got: \u201c7 Ger\u00eelay\u00ean me ketine kem\u00eena PDK\u00ea \u00fb hatine ku\u015ftin\u201d.<\/span><\/h3>\n<h1 style=\"text-align: justify\"><span style=\"font-family: 'arial black', sans-serif;color: #940404\">Daxuyan\u00eeya PKK\u00ea:<\/span><\/h1>\n<h1 style=\"text-align: justify\"><span style=\"font-family: 'arial black', sans-serif;color: #808080\"><img loading=\"lazy\" decoding=\"async\" width=\"900\" height=\"497\" class=\"aligncenter darka-image-1026270 size-full\" src=\"https:\/\/darkamazi.info\/file\/2021\/10\/turkey-pkk-7gerila-gara.jpg\" alt=\"\" srcset=\"https:\/\/darkamazi.info\/file\/2021\/10\/turkey-pkk-7gerila-gara.jpg 900w, https:\/\/darkamazi.info\/file\/2021\/10\/turkey-pkk-7gerila-gara-300x166.jpg 300w, https:\/\/darkamazi.info\/file\/2021\/10\/turkey-pkk-7gerila-gara-768x424.jpg 768w\" sizes=\"auto, (max-width: 900px) 100vw, 900px\" \/><\/span><\/h1>\n<h1 style=\"text-align: justify\"><span style=\"font-family: 'arial black', sans-serif;color: #808080\">Pa\u015f van daxuyan\u00eeyan, PDK\u00ea daxuyan\u00ee da \u00fb go ku tu p\u00eawend\u00eeya h\u00eaza P\u00ea\u015fmergehan bi v\u00ea b\u00fbyer\u00ea ve n\u00eene, ji PKK\u00ea j\u00ee xwest dev ji derewan \u00fb \u00e7\u00eakirina tuhmet\u00ean b\u00eaexlaq berde.<\/span><\/h1>\n<h3 style=\"text-align: justify\"><span style=\"font-family: arial, helvetica, sans-serif\">R\u00eaxistina PKK\u00ea ji bo \u00e7\u00eakirina tuhmetek\u00ea bo PDK\u00ea, dikare her ti\u015ftek\u00ee b\u00ea exlaq bike, heger p\u00eaw\u00eest j\u00ee be ji bo ku r\u00eaxistin bigehe armanca xwe \u00fb rojev\u00ea li dij\u00ee PDK\u00ea bi azir\u00eene, dikare bi dehan Ger\u00eelayan feda bike.<\/span><\/h3>\n<h3 style=\"text-align: justify\"><span style=\"font-family: arial, helvetica, sans-serif\">Li roja ku PKK\u00ea ev daxuyan\u00ee day, eyn\u00ee roj\u00ea dewleta Tirkiy\u00ea w\u00eane \u00fb d\u00eemen\u00ean hedef kirina wan 6 Ger\u00eelayan ragihand, l\u00ea bel\u00ea PKKe mukre bib\u00eaje: \u201cNa esker\u00ea Tirk ev hevr\u00eay\u00ean me neku\u015ftine, belku PDK\u00ea ev tewan encam daye\u201d, ti\u015fta ku PKKe dixwaze bike \u00fb bib\u00eaje eve: \u201cPKKe dixwaze r\u00fby\u00ea re\u015f\u00ea dewleta dag\u00eerker li ser hesaba PDK\u00ea sp\u00ee bike\u201d.<\/span><\/h3>\n<h1><span style=\"font-family: 'arial black', sans-serif;color: #940404\">W\u00eaney\u00ean 7 Ger\u00eelayan:<\/span><\/h1>\n<h3 style=\"text-align: justify\"><span style=\"font-family: arial, helvetica, sans-serif\"><img loading=\"lazy\" decoding=\"async\" width=\"900\" height=\"497\" class=\"aligncenter darka-image-1026271 size-full\" src=\"https:\/\/darkamazi.info\/file\/2021\/10\/turkey-pkk-7gerila-gara-xelifan.jpg\" alt=\"\" srcset=\"https:\/\/darkamazi.info\/file\/2021\/10\/turkey-pkk-7gerila-gara-xelifan.jpg 900w, https:\/\/darkamazi.info\/file\/2021\/10\/turkey-pkk-7gerila-gara-xelifan-300x166.jpg 300w, https:\/\/darkamazi.info\/file\/2021\/10\/turkey-pkk-7gerila-gara-xelifan-768x424.jpg 768w\" sizes=\"auto, (max-width: 900px) 100vw, 900px\" \/><\/span><\/h3>\n<h3 style=\"text-align: justify\"><span style=\"font-family: arial, helvetica, sans-serif\">R\u00eaxistina PKK\u00ea ev dema du salane, \u00ear\u00ee\u015f\u00ean xwe y\u00ean li ser PDK\u00ea her\u00ee z\u00eade dijwar kirine, hem \u00ear\u00ee\u015f\u00ean bi \u00e7ekan \u00fb hem j\u00ee \u00ear\u00ee\u015f\u00ean medyay\u00ee, her ti\u015ft li dij\u00ee Hik\u00fbmeta Ba\u015f\u00fbr \u00fb PDK\u00ea encam da, bi dehan tuhmet\u00ean b\u00ea exlaq \u00e7\u00eakirin, l\u00ea bel\u00ea pa\u015f ev hem\u00fb hewl\u00ean PKK\u00ea rast\u00ee \u015fikestin\u00ea hat\u00een, Gir\u00fbpa Enqer\u00ea dest av\u00eat feda kirina Ger\u00eelayan, ji bo ku ev feda kirin ji derew\u00ean w\u00ea y\u00ean di rasta PDK\u00ea re bibin belge \u00fb dokyoment.<\/span><\/h3>\n","protected":false},"excerpt":{"rendered":"<p>PKKe amadeye bi sedan Ger\u00eelay\u00ean xwe tasf\u00eeye, bike ten\u00ea ji bo ku bike belge \u00fb dokyoment ji boy tuhmet\u00ean xwe y\u00ean b\u00eaexlaq li dij\u00ee PDK\u00ea. Li 4 \u00eelona \u00eesal 2021\u00ea wezareta bergiry\u00ea a Tirkiy\u00ea bi taybet li saet 11:45 N\u00eevroj\u00ea, daxuyan\u00ee belav kir \u00fb got: \u201cBalefir\u00ean ceng\u00ea 7 \u00e7ekdar\u00ean PKK\u00ea li Garey kirin armanc\u201d, her [&hellip;]<\/p>\n","protected":false},"author":2,"featured_media":1026272,"comment_status":"closed","ping_status":"closed","sticky":false,"template":"","format":"video","meta":{"footnotes":""},"categories":[29],"tags":[37],"class_list":["post-1026267","post","type-post","status-publish","format-video","has-post-thumbnail","hentry","category-kurdistan","tag-sereke","post_format-post-format-video"],"blocksy_meta":[],"seo_head":"<!-- This site is optimized with the Yoast SEO plugin v27.5 - https:\/\/yoast.com\/product\/yoast-seo-wordpress\/ -->\n<title>k\u00ea 7 Ger\u00eela ku\u015ftine \u00fb \u00e7ima \u201cGir\u00fbpa Keran\u201d dib\u00eaje PDK\u00ea ku\u015ftine?! - Darka Maz\u00ee<\/title>\n<meta name=\"robots\" content=\"index, follow, max-snippet:-1, max-image-preview:large, max-video-preview:-1\" \/>\n<link rel=\"canonical\" href=\"https:\/\/darkamazi.info\/archives\/1026267\" \/>\n<meta property=\"og:locale\" content=\"en_US\" \/>\n<meta property=\"og:type\" content=\"article\" \/>\n<meta property=\"og:title\" content=\"k\u00ea 7 Ger\u00eela ku\u015ftine \u00fb \u00e7ima \u201cGir\u00fbpa Keran\u201d dib\u00eaje PDK\u00ea ku\u015ftine?! - Darka Maz\u00ee\" \/>\n<meta property=\"og:description\" content=\"PKKe amadeye bi sedan Ger\u00eelay\u00ean xwe tasf\u00eeye, bike ten\u00ea ji bo ku bike belge \u00fb dokyoment ji boy tuhmet\u00ean xwe y\u00ean b\u00eaexlaq li dij\u00ee PDK\u00ea. Li 4 \u00eelona \u00eesal 2021\u00ea wezareta bergiry\u00ea a Tirkiy\u00ea bi taybet li saet 11:45 N\u00eevroj\u00ea, daxuyan\u00ee belav kir \u00fb got: \u201cBalefir\u00ean ceng\u00ea 7 \u00e7ekdar\u00ean PKK\u00ea li Garey kirin armanc\u201d, her [&hellip;]\" \/>\n<meta property=\"og:url\" content=\"https:\/\/darkamazi.info\/archives\/1026267\" \/>\n<meta property=\"og:site_name\" content=\"Darka Maz\u00ee\" \/>\n<meta property=\"article:publisher\" content=\"https:\/\/www.facebook.com\/DarMaziKurmanci\" \/>\n<meta property=\"article:published_time\" content=\"2021-10-17T09:56:40+00:00\" \/>\n<meta property=\"article:modified_time\" content=\"2021-10-17T09:57:49+00:00\" \/>\n<meta property=\"og:image\" content=\"https:\/\/darkamazi.info\/file\/2021\/10\/girupa-enqere-kck-hpg-murat-cemil-duran-mustafa-1.jpg\" \/>\n\t<meta property=\"og:image:width\" content=\"900\" \/>\n\t<meta property=\"og:image:height\" content=\"497\" \/>\n\t<meta property=\"og:image:type\" content=\"image\/jpeg\" \/>\n<meta name=\"author\" content=\"darka mazi\" \/>\n<meta name=\"twitter:card\" content=\"summary_large_image\" \/>\n<meta name=\"twitter:creator\" content=\"@DarkaMaziLatini\" \/>\n<meta name=\"twitter:site\" content=\"@DarkaMaziLatini\" \/>\n<meta name=\"twitter:label1\" content=\"Written by\" \/>\n\t<meta name=\"twitter:data1\" content=\"darka mazi\" \/>\n\t<meta name=\"twitter:label2\" content=\"Est. reading time\" \/>\n\t<meta name=\"twitter:data2\" content=\"2 minutes\" \/>\n<script type=\"application\/ld+json\" class=\"seo-schema-graph\">{\"@context\":\"https:\\\/\\\/schema.org\",\"@graph\":[{\"@type\":\"Article\",\"@id\":\"https:\\\/\\\/darkamazi.info\\\/archives\\\/1026267#article\",\"isPartOf\":{\"@id\":\"https:\\\/\\\/darkamazi.info\\\/archives\\\/1026267\"},\"author\":{\"name\":\"darka mazi\",\"@id\":\"https:\\\/\\\/darkamazi.info\\\/#\\\/schema\\\/person\\\/5ad3e24553a0567993fa8ed4bd0a776c\"},\"headline\":\"k\u00ea 7 Ger\u00eela ku\u015ftine \u00fb \u00e7ima \u201cGir\u00fbpa Keran\u201d dib\u00eaje PDK\u00ea ku\u015ftine?!\",\"datePublished\":\"2021-10-17T09:56:40+00:00\",\"dateModified\":\"2021-10-17T09:57:49+00:00\",\"mainEntityOfPage\":{\"@id\":\"https:\\\/\\\/darkamazi.info\\\/archives\\\/1026267\"},\"wordCount\":393,\"publisher\":{\"@id\":\"https:\\\/\\\/darkamazi.info\\\/#organization\"},\"image\":{\"@id\":\"https:\\\/\\\/darkamazi.info\\\/archives\\\/1026267#primaryimage\"},\"thumbnailUrl\":\"https:\\\/\\\/darkamazi.info\\\/darka-content\\\/uploads\\\/2021\\\/10\\\/girupa-enqere-kck-hpg-murat-cemil-duran-mustafa-1.jpg\",\"keywords\":[\"sereke\"],\"articleSection\":[\"Kurdistan\"],\"inLanguage\":\"en-US\"},{\"@type\":\"WebPage\",\"@id\":\"https:\\\/\\\/darkamazi.info\\\/archives\\\/1026267\",\"url\":\"https:\\\/\\\/darkamazi.info\\\/archives\\\/1026267\",\"name\":\"k\u00ea 7 Ger\u00eela ku\u015ftine \u00fb \u00e7ima \u201cGir\u00fbpa Keran\u201d dib\u00eaje PDK\u00ea ku\u015ftine?! - Darka Maz\u00ee\",\"isPartOf\":{\"@id\":\"https:\\\/\\\/darkamazi.info\\\/#website\"},\"primaryImageOfPage\":{\"@id\":\"https:\\\/\\\/darkamazi.info\\\/archives\\\/1026267#primaryimage\"},\"image\":{\"@id\":\"https:\\\/\\\/darkamazi.info\\\/archives\\\/1026267#primaryimage\"},\"thumbnailUrl\":\"https:\\\/\\\/darkamazi.info\\\/darka-content\\\/uploads\\\/2021\\\/10\\\/girupa-enqere-kck-hpg-murat-cemil-duran-mustafa-1.jpg\",\"datePublished\":\"2021-10-17T09:56:40+00:00\",\"dateModified\":\"2021-10-17T09:57:49+00:00\",\"breadcrumb\":{\"@id\":\"https:\\\/\\\/darkamazi.info\\\/archives\\\/1026267#breadcrumb\"},\"inLanguage\":\"en-US\",\"potentialAction\":[{\"@type\":\"ReadAction\",\"target\":[\"https:\\\/\\\/darkamazi.info\\\/archives\\\/1026267\"]}]},{\"@type\":\"ImageObject\",\"inLanguage\":\"en-US\",\"@id\":\"https:\\\/\\\/darkamazi.info\\\/archives\\\/1026267#primaryimage\",\"url\":\"https:\\\/\\\/darkamazi.info\\\/darka-content\\\/uploads\\\/2021\\\/10\\\/girupa-enqere-kck-hpg-murat-cemil-duran-mustafa-1.jpg\",\"contentUrl\":\"https:\\\/\\\/darkamazi.info\\\/darka-content\\\/uploads\\\/2021\\\/10\\\/girupa-enqere-kck-hpg-murat-cemil-duran-mustafa-1.jpg\",\"width\":900,\"height\":497},{\"@type\":\"BreadcrumbList\",\"@id\":\"https:\\\/\\\/darkamazi.info\\\/archives\\\/1026267#breadcrumb\",\"itemListElement\":[{\"@type\":\"ListItem\",\"position\":1,\"name\":\"Home\",\"item\":\"https:\\\/\\\/darkamazi.info\\\/\"},{\"@type\":\"ListItem\",\"position\":2,\"name\":\"k\u00ea 7 Ger\u00eela ku\u015ftine \u00fb \u00e7ima \u201cGir\u00fbpa Keran\u201d dib\u00eaje PDK\u00ea ku\u015ftine?!\"}]},{\"@type\":\"WebSite\",\"@id\":\"https:\\\/\\\/darkamazi.info\\\/#website\",\"url\":\"https:\\\/\\\/darkamazi.info\\\/\",\"name\":\"Darka Maz\u00ee\",\"description\":\"P\u00eageha Zanyariy\u00ean Nebih\u00eest\u00ee\",\"publisher\":{\"@id\":\"https:\\\/\\\/darkamazi.info\\\/#organization\"},\"potentialAction\":[{\"@type\":\"SearchAction\",\"target\":{\"@type\":\"EntryPoint\",\"urlTemplate\":\"https:\\\/\\\/darkamazi.info\\\/?s={search_term_string}\"},\"query-input\":{\"@type\":\"PropertyValueSpecification\",\"valueRequired\":true,\"valueName\":\"search_term_string\"}}],\"inLanguage\":\"en-US\"},{\"@type\":\"Organization\",\"@id\":\"https:\\\/\\\/darkamazi.info\\\/#organization\",\"name\":\"Darka Maz\u00ee\",\"url\":\"https:\\\/\\\/darkamazi.info\\\/\",\"logo\":{\"@type\":\"ImageObject\",\"inLanguage\":\"en-US\",\"@id\":\"https:\\\/\\\/darkamazi.info\\\/#\\\/schema\\\/logo\\\/image\\\/\",\"url\":\"https:\\\/\\\/darkamazi.info\\\/darka-content\\\/uploads\\\/2017\\\/12\\\/darka-mazi-logo.png\",\"contentUrl\":\"https:\\\/\\\/darkamazi.info\\\/darka-content\\\/uploads\\\/2017\\\/12\\\/darka-mazi-logo.png\",\"width\":151,\"height\":75,\"caption\":\"Darka Maz\u00ee\"},\"image\":{\"@id\":\"https:\\\/\\\/darkamazi.info\\\/#\\\/schema\\\/logo\\\/image\\\/\"},\"sameAs\":[\"https:\\\/\\\/www.facebook.com\\\/DarMaziKurmanci\",\"https:\\\/\\\/x.com\\\/DarkaMaziLatini\",\"https:\\\/\\\/www.instagram.com\\\/darkamazi.kurmanci\\\/\",\"https:\\\/\\\/www.youtube.com\\\/channel\\\/UCa5HkTdmI8U1qCUFuTw8B2g\"]},{\"@type\":\"Person\",\"@id\":\"https:\\\/\\\/darkamazi.info\\\/#\\\/schema\\\/person\\\/5ad3e24553a0567993fa8ed4bd0a776c\",\"name\":\"darka mazi\",\"sameAs\":[\"https:\\\/\\\/darkamazi.info\\\/\"],\"url\":\"https:\\\/\\\/darkamazi.info\\\/archives\\\/author\\\/kurdi\"}]}<\/script>\n<!-- \/ Yoast SEO plugin. -->","seo_head_json":{"title":"k\u00ea 7 Ger\u00eela ku\u015ftine \u00fb \u00e7ima \u201cGir\u00fbpa Keran\u201d dib\u00eaje PDK\u00ea ku\u015ftine?! - Darka Maz\u00ee","robots":{"index":"index","follow":"follow","max-snippet":"max-snippet:-1","max-image-preview":"max-image-preview:large","max-video-preview":"max-video-preview:-1"},"canonical":"https:\/\/darkamazi.info\/archives\/1026267","og_locale":"en_US","og_type":"article","og_title":"k\u00ea 7 Ger\u00eela ku\u015ftine \u00fb \u00e7ima \u201cGir\u00fbpa Keran\u201d dib\u00eaje PDK\u00ea ku\u015ftine?! - Darka Maz\u00ee","og_description":"PKKe amadeye bi sedan Ger\u00eelay\u00ean xwe tasf\u00eeye, bike ten\u00ea ji bo ku bike belge \u00fb dokyoment ji boy tuhmet\u00ean xwe y\u00ean b\u00eaexlaq li dij\u00ee PDK\u00ea. Li 4 \u00eelona \u00eesal 2021\u00ea wezareta bergiry\u00ea a Tirkiy\u00ea bi taybet li saet 11:45 N\u00eevroj\u00ea, daxuyan\u00ee belav kir \u00fb got: \u201cBalefir\u00ean ceng\u00ea 7 \u00e7ekdar\u00ean PKK\u00ea li Garey kirin armanc\u201d, her [&hellip;]","og_url":"https:\/\/darkamazi.info\/archives\/1026267","og_site_name":"Darka Maz\u00ee","article_publisher":"https:\/\/www.facebook.com\/DarMaziKurmanci","article_published_time":"2021-10-17T09:56:40+00:00","article_modified_time":"2021-10-17T09:57:49+00:00","og_image":[{"width":900,"height":497,"url":"https:\/\/darkamazi.info\/file\/2021\/10\/girupa-enqere-kck-hpg-murat-cemil-duran-mustafa-1.jpg","type":"image\/jpeg"}],"author":"darka mazi","twitter_card":"summary_large_image","twitter_creator":"@DarkaMaziLatini","twitter_site":"@DarkaMaziLatini","twitter_misc":{"Written by":"darka mazi","Est. reading time":"2 minutes"},"schema":{"@context":"https:\/\/schema.org","@graph":[{"@type":"Article","@id":"https:\/\/darkamazi.info\/archives\/1026267#article","isPartOf":{"@id":"https:\/\/darkamazi.info\/archives\/1026267"},"author":{"name":"darka mazi","@id":"https:\/\/darkamazi.info\/#\/schema\/person\/5ad3e24553a0567993fa8ed4bd0a776c"},"headline":"k\u00ea 7 Ger\u00eela ku\u015ftine \u00fb \u00e7ima \u201cGir\u00fbpa Keran\u201d dib\u00eaje PDK\u00ea ku\u015ftine?!","datePublished":"2021-10-17T09:56:40+00:00","dateModified":"2021-10-17T09:57:49+00:00","mainEntityOfPage":{"@id":"https:\/\/darkamazi.info\/archives\/1026267"},"wordCount":393,"publisher":{"@id":"https:\/\/darkamazi.info\/#organization"},"image":{"@id":"https:\/\/darkamazi.info\/archives\/1026267#primaryimage"},"thumbnailUrl":"https:\/\/darkamazi.info\/file\/2021\/10\/girupa-enqere-kck-hpg-murat-cemil-duran-mustafa-1.jpg","keywords":["sereke"],"articleSection":["Kurdistan"],"inLanguage":"en-US"},{"@type":"WebPage","@id":"https:\/\/darkamazi.info\/archives\/1026267","url":"https:\/\/darkamazi.info\/archives\/1026267","name":"k\u00ea 7 Ger\u00eela ku\u015ftine \u00fb \u00e7ima \u201cGir\u00fbpa Keran\u201d dib\u00eaje PDK\u00ea ku\u015ftine?! - Darka Maz\u00ee","isPartOf":{"@id":"https:\/\/darkamazi.info\/#website"},"primaryImageOfPage":{"@id":"https:\/\/darkamazi.info\/archives\/1026267#primaryimage"},"image":{"@id":"https:\/\/darkamazi.info\/archives\/1026267#primaryimage"},"thumbnailUrl":"https:\/\/darkamazi.info\/file\/2021\/10\/girupa-enqere-kck-hpg-murat-cemil-duran-mustafa-1.jpg","datePublished":"2021-10-17T09:56:40+00:00","dateModified":"2021-10-17T09:57:49+00:00","breadcrumb":{"@id":"https:\/\/darkamazi.info\/archives\/1026267#breadcrumb"},"inLanguage":"en-US","potentialAction":[{"@type":"ReadAction","target":["https:\/\/darkamazi.info\/archives\/1026267"]}]},{"@type":"ImageObject","inLanguage":"en-US","@id":"https:\/\/darkamazi.info\/archives\/1026267#primaryimage","url":"https:\/\/darkamazi.info\/file\/2021\/10\/girupa-enqere-kck-hpg-murat-cemil-duran-mustafa-1.jpg","contentUrl":"https:\/\/darkamazi.info\/file\/2021\/10\/girupa-enqere-kck-hpg-murat-cemil-duran-mustafa-1.jpg","width":900,"height":497},{"@type":"BreadcrumbList","@id":"https:\/\/darkamazi.info\/archives\/1026267#breadcrumb","itemListElement":[{"@type":"ListItem","position":1,"name":"Home","item":"https:\/\/darkamazi.info\/"},{"@type":"ListItem","position":2,"name":"k\u00ea 7 Ger\u00eela ku\u015ftine \u00fb \u00e7ima \u201cGir\u00fbpa Keran\u201d dib\u00eaje PDK\u00ea ku\u015ftine?!"}]},{"@type":"WebSite","@id":"https:\/\/darkamazi.info\/#website","url":"https:\/\/darkamazi.info\/","name":"Darka Maz\u00ee","description":"P\u00eageha Zanyariy\u00ean Nebih\u00eest\u00ee","publisher":{"@id":"https:\/\/darkamazi.info\/#organization"},"potentialAction":[{"@type":"SearchAction","target":{"@type":"EntryPoint","urlTemplate":"https:\/\/darkamazi.info\/?s={search_term_string}"},"query-input":{"@type":"PropertyValueSpecification","valueRequired":true,"valueName":"search_term_string"}}],"inLanguage":"en-US"},{"@type":"Organization","@id":"https:\/\/darkamazi.info\/#organization","name":"Darka Maz\u00ee","url":"https:\/\/darkamazi.info\/","logo":{"@type":"ImageObject","inLanguage":"en-US","@id":"https:\/\/darkamazi.info\/#\/schema\/logo\/image\/","url":"https:\/\/darkamazi.info\/file\/2017\/12\/darka-mazi-logo.png","contentUrl":"https:\/\/darkamazi.info\/file\/2017\/12\/darka-mazi-logo.png","width":151,"height":75,"caption":"Darka Maz\u00ee"},"image":{"@id":"https:\/\/darkamazi.info\/#\/schema\/logo\/image\/"},"sameAs":["https:\/\/www.facebook.com\/DarMaziKurmanci","https:\/\/x.com\/DarkaMaziLatini","https:\/\/www.instagram.com\/darkamazi.kurmanci\/","https:\/\/www.youtube.com\/channel\/UCa5HkTdmI8U1qCUFuTw8B2g"]},{"@type":"Person","@id":"https:\/\/darkamazi.info\/#\/schema\/person\/5ad3e24553a0567993fa8ed4bd0a776c","name":"darka mazi","sameAs":["https:\/\/darkamazi.info\/"],"url":"https:\/\/darkamazi.info\/archives\/author\/kurdi"}]}},"_links":{"self":[{"href":"https:\/\/darkamazi.info\/funavuv\/wp\/v2\/posts\/1026267","targetHints":{"allow":["GET"]}}],"collection":[{"href":"https:\/\/darkamazi.info\/funavuv\/wp\/v2\/posts"}],"about":[{"href":"https:\/\/darkamazi.info\/funavuv\/wp\/v2\/types\/post"}],"author":[{"embeddable":true,"href":"https:\/\/darkamazi.info\/funavuv\/wp\/v2\/users\/2"}],"replies":[{"embeddable":true,"href":"https:\/\/darkamazi.info\/funavuv\/wp\/v2\/comments?post=1026267"}],"version-history":[{"count":0,"href":"https:\/\/darkamazi.info\/funavuv\/wp\/v2\/posts\/1026267\/revisions"}],"wp:featuredmedia":[{"embeddable":true,"href":"https:\/\/darkamazi.info\/funavuv\/wp\/v2\/media\/1026272"}],"wp:attachment":[{"href":"https:\/\/darkamazi.info\/funavuv\/wp\/v2\/media?parent=1026267"}],"wp:term":[{"taxonomy":"category","embeddable":true,"href":"https:\/\/darkamazi.info\/funavuv\/wp\/v2\/categories?post=1026267"},{"taxonomy":"post_tag","embeddable":true,"href":"https:\/\/darkamazi.info\/funavuv\/wp\/v2\/tags?post=1026267"}],"curies":[{"name":"wp","href":"https:\/\/api.w.org\/{rel}","templated":true}]}}