{"id":1026277,"date":"2021-10-17T14:12:08","date_gmt":"2021-10-17T11:12:08","guid":{"rendered":"https:\/\/darkamazi.info\/?p=1026277"},"modified":"2021-10-17T14:12:08","modified_gmt":"2021-10-17T11:12:08","slug":"istixbaraten-tirkiye-jineke-kurd-a-ducani-kustin","status":"publish","type":"post","link":"https:\/\/darkamazi.info\/archives\/1026277","title":{"rendered":"\u00cestixbarat\u00ean Tirkiy\u00ea jineke Kurd a ducan\u00ee ku\u015ftin"},"content":{"rendered":"<h3 style=\"text-align: justify\"><span style=\"font-family: 'arial black', sans-serif\">R\u00eaxistina Maf\u00ean Mirov a Efr\u00een\u00ea ragihand ku jineke Kurd di j\u00ear \u00ee\u015fkenceya\u00a0 \u00fb \u00e7ekdar\u00ean opozisyona S\u00fbriy\u00ea de can\u00ea xwe ji dest daye.<\/span><\/h3>\n<h3 style=\"text-align: justify\"><span style=\"font-family: arial, helvetica, sans-serif\">Li gor\u00ee r\u00eaxistina navbor\u00ee, roja Du\u015fem\u00ea, 11 \u00celon\u00ea, Istixbarata Tirkiy\u00ea \u00fb pol\u00ees\u00ean siv\u00eel, welatiya Kurd Nimat Behcet \u015e\u00eaxo ya 32 sal\u00ee, ji gund\u00ea Qube Hem\u015felik ser bi Racoy\u00ea girtine.<\/span><\/h3>\n<h3 style=\"text-align: justify\"><span style=\"font-family: arial, helvetica, sans-serif\">Heman r\u00eaxistin\u00ea diyar kir ku jina navbor\u00ee ducan\u00ee b\u00fbye \u00fb di meha \u015fe\u015fem a ducaniy\u00ea de b\u00fbye, \u00fb ligel hevj\u00een\u00ea w\u00ea Xel\u00eel Nasan \u00ea 36 sal\u00ee \u00fb 2 kes\u00ean din hatine girtin \u00fb ji bo navenda istixbarata Tirkiy\u00ea, dibistana Em\u00eer X\u00fbbar\u00ee, hatine birin.<\/span><\/h3>\n<h3 style=\"text-align: justify\"><span style=\"font-family: arial, helvetica, sans-serif\">Li gor w\u00ea r\u00eaxistin\u00ea, ew 6 demjim\u00earan hatine \u00ee\u015fkencedan \u00fb di encama \u00ee\u015fkencey\u00ea de jina Kurd bo nexwe\u015fxaney\u00ea hatiye rakirin.<\/span><\/h3>\n<h3 style=\"text-align: justify\"><span style=\"font-family: arial, helvetica, sans-serif\">Pi\u015ft\u00ee ku girt\u00ee b\u00ear\u00ee derketine, di heman roj\u00ea de hatine azadkirin, l\u00ea ji ber \u00ee\u015fkencey\u00ea jina ducan\u00ee pi\u015ft\u00ee \u00e7end rojan can\u00ea xwe ji dest daye.<\/span><\/h3>\n","protected":false},"excerpt":{"rendered":"<p>R\u00eaxistina Maf\u00ean Mirov a Efr\u00een\u00ea ragihand ku jineke Kurd di j\u00ear \u00ee\u015fkenceya\u00a0 \u00fb \u00e7ekdar\u00ean opozisyona S\u00fbriy\u00ea de can\u00ea xwe ji dest daye. Li gor\u00ee r\u00eaxistina navbor\u00ee, roja Du\u015fem\u00ea, 11 \u00celon\u00ea, Istixbarata Tirkiy\u00ea \u00fb pol\u00ees\u00ean siv\u00eel, welatiya Kurd Nimat Behcet \u015e\u00eaxo ya 32 sal\u00ee, ji gund\u00ea Qube Hem\u015felik ser bi Racoy\u00ea girtine. Heman r\u00eaxistin\u00ea diyar kir [&hellip;]<\/p>\n","protected":false},"author":2,"featured_media":1026279,"comment_status":"closed","ping_status":"closed","sticky":false,"template":"","format":"standard","meta":{"footnotes":""},"categories":[29],"tags":[37],"class_list":["post-1026277","post","type-post","status-publish","format-standard","has-post-thumbnail","hentry","category-kurdistan","tag-sereke"],"blocksy_meta":[],"seo_head":"<!-- This site is optimized with the Yoast SEO plugin v27.5 - https:\/\/yoast.com\/product\/yoast-seo-wordpress\/ -->\n<title>\u00cestixbarat\u00ean Tirkiy\u00ea jineke Kurd a ducan\u00ee ku\u015ftin - Darka Maz\u00ee<\/title>\n<meta name=\"robots\" content=\"index, follow, max-snippet:-1, max-image-preview:large, max-video-preview:-1\" \/>\n<link rel=\"canonical\" href=\"https:\/\/darkamazi.info\/archives\/1026277\" \/>\n<meta property=\"og:locale\" content=\"en_US\" \/>\n<meta property=\"og:type\" content=\"article\" \/>\n<meta property=\"og:title\" content=\"\u00cestixbarat\u00ean Tirkiy\u00ea jineke Kurd a ducan\u00ee ku\u015ftin - Darka Maz\u00ee\" \/>\n<meta property=\"og:description\" content=\"R\u00eaxistina Maf\u00ean Mirov a Efr\u00een\u00ea ragihand ku jineke Kurd di j\u00ear \u00ee\u015fkenceya\u00a0 \u00fb \u00e7ekdar\u00ean opozisyona S\u00fbriy\u00ea de can\u00ea xwe ji dest daye. Li gor\u00ee r\u00eaxistina navbor\u00ee, roja Du\u015fem\u00ea, 11 \u00celon\u00ea, Istixbarata Tirkiy\u00ea \u00fb pol\u00ees\u00ean siv\u00eel, welatiya Kurd Nimat Behcet \u015e\u00eaxo ya 32 sal\u00ee, ji gund\u00ea Qube Hem\u015felik ser bi Racoy\u00ea girtine. Heman r\u00eaxistin\u00ea diyar kir [&hellip;]\" \/>\n<meta property=\"og:url\" content=\"https:\/\/darkamazi.info\/archives\/1026277\" \/>\n<meta property=\"og:site_name\" content=\"Darka Maz\u00ee\" \/>\n<meta property=\"article:publisher\" content=\"https:\/\/www.facebook.com\/DarMaziKurmanci\" \/>\n<meta property=\"article:published_time\" content=\"2021-10-17T11:12:08+00:00\" \/>\n<meta property=\"og:image\" content=\"https:\/\/darkamazi.info\/file\/2021\/10\/\u0631\u0627\u062c\u0648-\u0639\u0641\u0631\u064a\u0646-\u0643\u0631\u062f\u0633\u062a\u0627\u0646-raco-efrin-kurdistan-kurd-jin-2.jpg\" \/>\n\t<meta property=\"og:image:width\" content=\"900\" \/>\n\t<meta property=\"og:image:height\" content=\"497\" \/>\n\t<meta property=\"og:image:type\" content=\"image\/jpeg\" \/>\n<meta name=\"author\" content=\"darka mazi\" \/>\n<meta name=\"twitter:card\" content=\"summary_large_image\" \/>\n<meta name=\"twitter:creator\" content=\"@DarkaMaziLatini\" \/>\n<meta name=\"twitter:site\" content=\"@DarkaMaziLatini\" \/>\n<meta name=\"twitter:label1\" content=\"Written by\" \/>\n\t<meta name=\"twitter:data1\" content=\"darka mazi\" \/>\n\t<meta name=\"twitter:label2\" content=\"Est. reading time\" \/>\n\t<meta name=\"twitter:data2\" content=\"1 minute\" \/>\n<script type=\"application\/ld+json\" class=\"seo-schema-graph\">{\"@context\":\"https:\\\/\\\/schema.org\",\"@graph\":[{\"@type\":\"Article\",\"@id\":\"https:\\\/\\\/darkamazi.info\\\/archives\\\/1026277#article\",\"isPartOf\":{\"@id\":\"https:\\\/\\\/darkamazi.info\\\/archives\\\/1026277\"},\"author\":{\"name\":\"darka mazi\",\"@id\":\"https:\\\/\\\/darkamazi.info\\\/#\\\/schema\\\/person\\\/5ad3e24553a0567993fa8ed4bd0a776c\"},\"headline\":\"\u00cestixbarat\u00ean Tirkiy\u00ea jineke Kurd a ducan\u00ee ku\u015ftin\",\"datePublished\":\"2021-10-17T11:12:08+00:00\",\"mainEntityOfPage\":{\"@id\":\"https:\\\/\\\/darkamazi.info\\\/archives\\\/1026277\"},\"wordCount\":162,\"publisher\":{\"@id\":\"https:\\\/\\\/darkamazi.info\\\/#organization\"},\"image\":{\"@id\":\"https:\\\/\\\/darkamazi.info\\\/archives\\\/1026277#primaryimage\"},\"thumbnailUrl\":\"https:\\\/\\\/darkamazi.info\\\/darka-content\\\/uploads\\\/2021\\\/10\\\/\u0631\u0627\u062c\u0648-\u0639\u0641\u0631\u064a\u0646-\u0643\u0631\u062f\u0633\u062a\u0627\u0646-raco-efrin-kurdistan-kurd-jin-2.jpg\",\"keywords\":[\"sereke\"],\"articleSection\":[\"Kurdistan\"],\"inLanguage\":\"en-US\"},{\"@type\":\"WebPage\",\"@id\":\"https:\\\/\\\/darkamazi.info\\\/archives\\\/1026277\",\"url\":\"https:\\\/\\\/darkamazi.info\\\/archives\\\/1026277\",\"name\":\"\u00cestixbarat\u00ean Tirkiy\u00ea jineke Kurd a ducan\u00ee ku\u015ftin - Darka Maz\u00ee\",\"isPartOf\":{\"@id\":\"https:\\\/\\\/darkamazi.info\\\/#website\"},\"primaryImageOfPage\":{\"@id\":\"https:\\\/\\\/darkamazi.info\\\/archives\\\/1026277#primaryimage\"},\"image\":{\"@id\":\"https:\\\/\\\/darkamazi.info\\\/archives\\\/1026277#primaryimage\"},\"thumbnailUrl\":\"https:\\\/\\\/darkamazi.info\\\/darka-content\\\/uploads\\\/2021\\\/10\\\/\u0631\u0627\u062c\u0648-\u0639\u0641\u0631\u064a\u0646-\u0643\u0631\u062f\u0633\u062a\u0627\u0646-raco-efrin-kurdistan-kurd-jin-2.jpg\",\"datePublished\":\"2021-10-17T11:12:08+00:00\",\"breadcrumb\":{\"@id\":\"https:\\\/\\\/darkamazi.info\\\/archives\\\/1026277#breadcrumb\"},\"inLanguage\":\"en-US\",\"potentialAction\":[{\"@type\":\"ReadAction\",\"target\":[\"https:\\\/\\\/darkamazi.info\\\/archives\\\/1026277\"]}]},{\"@type\":\"ImageObject\",\"inLanguage\":\"en-US\",\"@id\":\"https:\\\/\\\/darkamazi.info\\\/archives\\\/1026277#primaryimage\",\"url\":\"https:\\\/\\\/darkamazi.info\\\/darka-content\\\/uploads\\\/2021\\\/10\\\/\u0631\u0627\u062c\u0648-\u0639\u0641\u0631\u064a\u0646-\u0643\u0631\u062f\u0633\u062a\u0627\u0646-raco-efrin-kurdistan-kurd-jin-2.jpg\",\"contentUrl\":\"https:\\\/\\\/darkamazi.info\\\/darka-content\\\/uploads\\\/2021\\\/10\\\/\u0631\u0627\u062c\u0648-\u0639\u0641\u0631\u064a\u0646-\u0643\u0631\u062f\u0633\u062a\u0627\u0646-raco-efrin-kurdistan-kurd-jin-2.jpg\",\"width\":900,\"height\":497,\"caption\":\"\u00cestixbarat\u00ean Tirkiy\u00ea jineke Kurd a ducan\u00ee ku\u015ftin\"},{\"@type\":\"BreadcrumbList\",\"@id\":\"https:\\\/\\\/darkamazi.info\\\/archives\\\/1026277#breadcrumb\",\"itemListElement\":[{\"@type\":\"ListItem\",\"position\":1,\"name\":\"Home\",\"item\":\"https:\\\/\\\/darkamazi.info\\\/\"},{\"@type\":\"ListItem\",\"position\":2,\"name\":\"\u00cestixbarat\u00ean Tirkiy\u00ea jineke Kurd a ducan\u00ee ku\u015ftin\"}]},{\"@type\":\"WebSite\",\"@id\":\"https:\\\/\\\/darkamazi.info\\\/#website\",\"url\":\"https:\\\/\\\/darkamazi.info\\\/\",\"name\":\"Darka Maz\u00ee\",\"description\":\"P\u00eageha Zanyariy\u00ean Nebih\u00eest\u00ee\",\"publisher\":{\"@id\":\"https:\\\/\\\/darkamazi.info\\\/#organization\"},\"potentialAction\":[{\"@type\":\"SearchAction\",\"target\":{\"@type\":\"EntryPoint\",\"urlTemplate\":\"https:\\\/\\\/darkamazi.info\\\/?s={search_term_string}\"},\"query-input\":{\"@type\":\"PropertyValueSpecification\",\"valueRequired\":true,\"valueName\":\"search_term_string\"}}],\"inLanguage\":\"en-US\"},{\"@type\":\"Organization\",\"@id\":\"https:\\\/\\\/darkamazi.info\\\/#organization\",\"name\":\"Darka Maz\u00ee\",\"url\":\"https:\\\/\\\/darkamazi.info\\\/\",\"logo\":{\"@type\":\"ImageObject\",\"inLanguage\":\"en-US\",\"@id\":\"https:\\\/\\\/darkamazi.info\\\/#\\\/schema\\\/logo\\\/image\\\/\",\"url\":\"https:\\\/\\\/darkamazi.info\\\/darka-content\\\/uploads\\\/2017\\\/12\\\/darka-mazi-logo.png\",\"contentUrl\":\"https:\\\/\\\/darkamazi.info\\\/darka-content\\\/uploads\\\/2017\\\/12\\\/darka-mazi-logo.png\",\"width\":151,\"height\":75,\"caption\":\"Darka Maz\u00ee\"},\"image\":{\"@id\":\"https:\\\/\\\/darkamazi.info\\\/#\\\/schema\\\/logo\\\/image\\\/\"},\"sameAs\":[\"https:\\\/\\\/www.facebook.com\\\/DarMaziKurmanci\",\"https:\\\/\\\/x.com\\\/DarkaMaziLatini\",\"https:\\\/\\\/www.instagram.com\\\/darkamazi.kurmanci\\\/\",\"https:\\\/\\\/www.youtube.com\\\/channel\\\/UCa5HkTdmI8U1qCUFuTw8B2g\"]},{\"@type\":\"Person\",\"@id\":\"https:\\\/\\\/darkamazi.info\\\/#\\\/schema\\\/person\\\/5ad3e24553a0567993fa8ed4bd0a776c\",\"name\":\"darka mazi\",\"sameAs\":[\"https:\\\/\\\/darkamazi.info\\\/\"],\"url\":\"https:\\\/\\\/darkamazi.info\\\/archives\\\/author\\\/kurdi\"}]}<\/script>\n<!-- \/ Yoast SEO plugin. -->","seo_head_json":{"title":"\u00cestixbarat\u00ean Tirkiy\u00ea jineke Kurd a ducan\u00ee ku\u015ftin - Darka Maz\u00ee","robots":{"index":"index","follow":"follow","max-snippet":"max-snippet:-1","max-image-preview":"max-image-preview:large","max-video-preview":"max-video-preview:-1"},"canonical":"https:\/\/darkamazi.info\/archives\/1026277","og_locale":"en_US","og_type":"article","og_title":"\u00cestixbarat\u00ean Tirkiy\u00ea jineke Kurd a ducan\u00ee ku\u015ftin - Darka Maz\u00ee","og_description":"R\u00eaxistina Maf\u00ean Mirov a Efr\u00een\u00ea ragihand ku jineke Kurd di j\u00ear \u00ee\u015fkenceya\u00a0 \u00fb \u00e7ekdar\u00ean opozisyona S\u00fbriy\u00ea de can\u00ea xwe ji dest daye. Li gor\u00ee r\u00eaxistina navbor\u00ee, roja Du\u015fem\u00ea, 11 \u00celon\u00ea, Istixbarata Tirkiy\u00ea \u00fb pol\u00ees\u00ean siv\u00eel, welatiya Kurd Nimat Behcet \u015e\u00eaxo ya 32 sal\u00ee, ji gund\u00ea Qube Hem\u015felik ser bi Racoy\u00ea girtine. Heman r\u00eaxistin\u00ea diyar kir [&hellip;]","og_url":"https:\/\/darkamazi.info\/archives\/1026277","og_site_name":"Darka Maz\u00ee","article_publisher":"https:\/\/www.facebook.com\/DarMaziKurmanci","article_published_time":"2021-10-17T11:12:08+00:00","og_image":[{"width":900,"height":497,"url":"https:\/\/darkamazi.info\/file\/2021\/10\/\u0631\u0627\u062c\u0648-\u0639\u0641\u0631\u064a\u0646-\u0643\u0631\u062f\u0633\u062a\u0627\u0646-raco-efrin-kurdistan-kurd-jin-2.jpg","type":"image\/jpeg"}],"author":"darka mazi","twitter_card":"summary_large_image","twitter_creator":"@DarkaMaziLatini","twitter_site":"@DarkaMaziLatini","twitter_misc":{"Written by":"darka mazi","Est. reading time":"1 minute"},"schema":{"@context":"https:\/\/schema.org","@graph":[{"@type":"Article","@id":"https:\/\/darkamazi.info\/archives\/1026277#article","isPartOf":{"@id":"https:\/\/darkamazi.info\/archives\/1026277"},"author":{"name":"darka mazi","@id":"https:\/\/darkamazi.info\/#\/schema\/person\/5ad3e24553a0567993fa8ed4bd0a776c"},"headline":"\u00cestixbarat\u00ean Tirkiy\u00ea jineke Kurd a ducan\u00ee ku\u015ftin","datePublished":"2021-10-17T11:12:08+00:00","mainEntityOfPage":{"@id":"https:\/\/darkamazi.info\/archives\/1026277"},"wordCount":162,"publisher":{"@id":"https:\/\/darkamazi.info\/#organization"},"image":{"@id":"https:\/\/darkamazi.info\/archives\/1026277#primaryimage"},"thumbnailUrl":"https:\/\/darkamazi.info\/file\/2021\/10\/\u0631\u0627\u062c\u0648-\u0639\u0641\u0631\u064a\u0646-\u0643\u0631\u062f\u0633\u062a\u0627\u0646-raco-efrin-kurdistan-kurd-jin-2.jpg","keywords":["sereke"],"articleSection":["Kurdistan"],"inLanguage":"en-US"},{"@type":"WebPage","@id":"https:\/\/darkamazi.info\/archives\/1026277","url":"https:\/\/darkamazi.info\/archives\/1026277","name":"\u00cestixbarat\u00ean Tirkiy\u00ea jineke Kurd a ducan\u00ee ku\u015ftin - Darka Maz\u00ee","isPartOf":{"@id":"https:\/\/darkamazi.info\/#website"},"primaryImageOfPage":{"@id":"https:\/\/darkamazi.info\/archives\/1026277#primaryimage"},"image":{"@id":"https:\/\/darkamazi.info\/archives\/1026277#primaryimage"},"thumbnailUrl":"https:\/\/darkamazi.info\/file\/2021\/10\/\u0631\u0627\u062c\u0648-\u0639\u0641\u0631\u064a\u0646-\u0643\u0631\u062f\u0633\u062a\u0627\u0646-raco-efrin-kurdistan-kurd-jin-2.jpg","datePublished":"2021-10-17T11:12:08+00:00","breadcrumb":{"@id":"https:\/\/darkamazi.info\/archives\/1026277#breadcrumb"},"inLanguage":"en-US","potentialAction":[{"@type":"ReadAction","target":["https:\/\/darkamazi.info\/archives\/1026277"]}]},{"@type":"ImageObject","inLanguage":"en-US","@id":"https:\/\/darkamazi.info\/archives\/1026277#primaryimage","url":"https:\/\/darkamazi.info\/file\/2021\/10\/\u0631\u0627\u062c\u0648-\u0639\u0641\u0631\u064a\u0646-\u0643\u0631\u062f\u0633\u062a\u0627\u0646-raco-efrin-kurdistan-kurd-jin-2.jpg","contentUrl":"https:\/\/darkamazi.info\/file\/2021\/10\/\u0631\u0627\u062c\u0648-\u0639\u0641\u0631\u064a\u0646-\u0643\u0631\u062f\u0633\u062a\u0627\u0646-raco-efrin-kurdistan-kurd-jin-2.jpg","width":900,"height":497,"caption":"\u00cestixbarat\u00ean Tirkiy\u00ea jineke Kurd a ducan\u00ee ku\u015ftin"},{"@type":"BreadcrumbList","@id":"https:\/\/darkamazi.info\/archives\/1026277#breadcrumb","itemListElement":[{"@type":"ListItem","position":1,"name":"Home","item":"https:\/\/darkamazi.info\/"},{"@type":"ListItem","position":2,"name":"\u00cestixbarat\u00ean Tirkiy\u00ea jineke Kurd a ducan\u00ee ku\u015ftin"}]},{"@type":"WebSite","@id":"https:\/\/darkamazi.info\/#website","url":"https:\/\/darkamazi.info\/","name":"Darka Maz\u00ee","description":"P\u00eageha Zanyariy\u00ean Nebih\u00eest\u00ee","publisher":{"@id":"https:\/\/darkamazi.info\/#organization"},"potentialAction":[{"@type":"SearchAction","target":{"@type":"EntryPoint","urlTemplate":"https:\/\/darkamazi.info\/?s={search_term_string}"},"query-input":{"@type":"PropertyValueSpecification","valueRequired":true,"valueName":"search_term_string"}}],"inLanguage":"en-US"},{"@type":"Organization","@id":"https:\/\/darkamazi.info\/#organization","name":"Darka Maz\u00ee","url":"https:\/\/darkamazi.info\/","logo":{"@type":"ImageObject","inLanguage":"en-US","@id":"https:\/\/darkamazi.info\/#\/schema\/logo\/image\/","url":"https:\/\/darkamazi.info\/file\/2017\/12\/darka-mazi-logo.png","contentUrl":"https:\/\/darkamazi.info\/file\/2017\/12\/darka-mazi-logo.png","width":151,"height":75,"caption":"Darka Maz\u00ee"},"image":{"@id":"https:\/\/darkamazi.info\/#\/schema\/logo\/image\/"},"sameAs":["https:\/\/www.facebook.com\/DarMaziKurmanci","https:\/\/x.com\/DarkaMaziLatini","https:\/\/www.instagram.com\/darkamazi.kurmanci\/","https:\/\/www.youtube.com\/channel\/UCa5HkTdmI8U1qCUFuTw8B2g"]},{"@type":"Person","@id":"https:\/\/darkamazi.info\/#\/schema\/person\/5ad3e24553a0567993fa8ed4bd0a776c","name":"darka mazi","sameAs":["https:\/\/darkamazi.info\/"],"url":"https:\/\/darkamazi.info\/archives\/author\/kurdi"}]}},"_links":{"self":[{"href":"https:\/\/darkamazi.info\/funavuv\/wp\/v2\/posts\/1026277","targetHints":{"allow":["GET"]}}],"collection":[{"href":"https:\/\/darkamazi.info\/funavuv\/wp\/v2\/posts"}],"about":[{"href":"https:\/\/darkamazi.info\/funavuv\/wp\/v2\/types\/post"}],"author":[{"embeddable":true,"href":"https:\/\/darkamazi.info\/funavuv\/wp\/v2\/users\/2"}],"replies":[{"embeddable":true,"href":"https:\/\/darkamazi.info\/funavuv\/wp\/v2\/comments?post=1026277"}],"version-history":[{"count":0,"href":"https:\/\/darkamazi.info\/funavuv\/wp\/v2\/posts\/1026277\/revisions"}],"wp:featuredmedia":[{"embeddable":true,"href":"https:\/\/darkamazi.info\/funavuv\/wp\/v2\/media\/1026279"}],"wp:attachment":[{"href":"https:\/\/darkamazi.info\/funavuv\/wp\/v2\/media?parent=1026277"}],"wp:term":[{"taxonomy":"category","embeddable":true,"href":"https:\/\/darkamazi.info\/funavuv\/wp\/v2\/categories?post=1026277"},{"taxonomy":"post_tag","embeddable":true,"href":"https:\/\/darkamazi.info\/funavuv\/wp\/v2\/tags?post=1026277"}],"curies":[{"name":"wp","href":"https:\/\/api.w.org\/{rel}","templated":true}]}}