{"id":1026360,"date":"2021-10-21T17:47:31","date_gmt":"2021-10-21T14:47:31","guid":{"rendered":"https:\/\/darkamazi.info\/?p=1026360"},"modified":"2021-10-21T17:47:31","modified_gmt":"2021-10-21T14:47:31","slug":"berpirsen-pdke-bi-tundi-bersiva-qereyilan-dan","status":"publish","type":"post","link":"https:\/\/darkamazi.info\/archives\/1026360","title":{"rendered":"Berpirs\u00ean PDK\u00ea bi tund\u00ee bersiva Qerey\u00eelan dan"},"content":{"rendered":"<h3 style=\"text-align: justify\"><span style=\"font-family: 'arial black', sans-serif\">Berpirs\u00ean PDK\u00ea bi tund\u00ee bersiva serkirdey\u00ea PKK\u00ea Murad Qerey\u00eelan dan ku \u00eari\u015f\u00ee PDK\u00ea kirib\u00fb.<\/span><\/h3>\n<h3 style=\"text-align: justify\">Endam\u00ea r\u00eaveberiya PKK\u00ea Murad Qerey\u00eelan di daxuyaniya xwe ya her\u00ee de \u00eari\u015f\u00ee PDK\u00ea kiriye \u00fb buxtana w\u00ea yek\u00ea av\u00eatiye ser w\u00ea partiy\u00ea ku PDK p\u00ea\u015fiya yekr\u00eaziya netew\u00ee asteng e!<\/h3>\n<h3 style=\"text-align: justify\">Endam\u00ea serkirdetiya PDK\u00ea \u00fb berpirs\u00ea liqa 16 ya PDK\u00ea, Bilind \u00cesma\u00eel li ser v\u00ea mijar\u00ea ji BasNews\u00ea re got, her kes dizane ku PKK ji roja ku hatiye avakirin ve heta niha ajandeya welat\u00ean her\u00eam\u00ee bic\u00eeh t\u00eene, behaneyan dide dest\u00ea Tirkiy\u00ea da ku \u00eari\u015f\u00ee Kurdistan\u00ea bike. PKK b\u00fbye sebeb da ku z\u00eadetir\u00ee 500 gund\u00ean Kurdistan\u00ea w\u00earan bibin \u00fb ney\u00ean avedankirin.<\/h3>\n<h3 style=\"text-align: justify\">Bilind \u00cesma\u00eel her wiha got, PKK bazirganiya madey\u00ean hi\u015fber dike, zarokan direv\u00eene. Ji Bakur\u00ea Kurdistan\u00ea \u00fb Tirkiy\u00ea reviyane \u00fb hatine vir b\u00fbne bela li ser ser\u00ea xelk\u00ea Kurdistan\u00ea. Eger bi rast\u00ee ew di xema Kurdistan\u00ea de bin d\u00ea ten\u00ea salek\u00ee \u00e7ekdar\u00ean xwe bibin meydana \u015fer l\u00ea ew ten\u00ea bo berjewendiy\u00ean dag\u00eerkeran kar dikin.<\/h3>\n<h3 style=\"text-align: justify\">W\u00ee serkirdey\u00ea PDK\u00ea an\u00ee ziman j\u00ee, siyaset \u00fb reftar\u00ean PKK\u00ea n\u00ee\u015fan didin ku PKK di bin de bi dewlet\u00ean dag\u00eerker\u00ean Kurdistan\u00ea re r\u00eakeftin kiriye bo ki\u015fandina wan bo nav xaka Her\u00eama Kurdistan\u00ea. Ti r\u00eaj\u00eemeka derdor bi qas\u00ee PKK\u00ea dijberiya Her\u00eama Kurdistan\u00ea \u00fb doza Kurdistan\u00ea nekiriye. Ew bo dijbert\u00ee \u00fb neyartiya Her\u00eama Kurdistan\u00ea hatine erkdarkirin. Ew ten\u00ea li Her\u00eama Kurdistan\u00ea v\u00ea yek\u00ea nakin, li Rojava \u00fb Rojhilat j\u00ee heman kar\u00ee dikin.<\/h3>\n<h3 style=\"text-align: justify\">Bilind \u00cesma\u00eel xuya j\u00ee kir, PDK li ser xak \u00fb meydana rast ya xebata xwe ye ku Her\u00eama Kurdistan\u00ea ye, l\u00ea PKK\u00ea hem\u00fb urf \u00fb qan\u00fbn\u00ean navdewlet\u00ee binp\u00ea kiriye \u00fb dixwaze Kurdistan\u00ea tesl\u00eem\u00ee w\u00ea bikin.<\/h3>\n<h3 style=\"text-align: justify\">\u015e\u00eeretkar\u00ea pol\u00eetburoya PDK\u00ea, Arif Ru\u015fd\u00ee j\u00ee ji BasNews\u00ea re got, div\u00ea PKK ders ji hilbijartin\u00ean gi\u015ft\u00ee y\u00ean Iraq\u00ea bigire ku \u00e7awa d\u00eetin z\u00eadebar\u00ee \u00e7avtirsandina xelk\u00ea \u015eingal\u00ea, xelk\u00ea deng da PDK\u00ea. Ev ba\u015ftir\u00een bersiv e bo Qerey\u00eelan. Xelk\u00ea Kurdistan\u00ea dizanin PDK partiyeka \u00e7awa ye \u00fb ew j\u00ee kir\u00eagirt\u00ee ne.<\/h3>\n<h3 style=\"text-align: justify\">Arif Ru\u015fd\u00ee her wiha got, tevahiya xelk\u00ea ji siyaseta PKK\u00ea b\u00eazar in \u00fb dizanin serkirdey\u00ean PKK\u00ea her ti\u015ft xistine xizmeta ajandeya \u00eestixbarata dewlet\u00ean her\u00eam\u00ee \u00fb welat\u00ean dag\u00eerker\u00ean Kurdistan\u00ea.<\/h3>\n<h3 style=\"text-align: justify\">Bi gotina Ru\u015fd\u00ee, ji ber ku PDK stat\u00fb \u00fb heb\u00fbna Her\u00eama Kurdistan\u00ea dipar\u00eaze, rast\u00ee xezeba PKK\u00ea t\u00ea \u00fb dijberiya w\u00ea dike l\u00ea div\u00ea PKK bizane d\u00ea di v\u00ee kar\u00ee de zerermend bibe.<\/h3>\n<h3 style=\"text-align: justify\">\u015e\u00eeretkar\u00ea pol\u00eetburoya PDK\u00ea bang li Murad Qerey\u00eelan \u00fb serkirdey\u00ean din y\u00ean PKK\u00ea kir dest ji fitnet\u00ee \u00fb hewla derxistina nakok\u00ee di navbera aliy\u00ean Kurdistan\u00ee de berdin, ji ber ku ti kes bawer\u00ee bi saxtekariy\u00ean wan nake. Belgeya w\u00ea j\u00ee hejmara kursiy\u00ean PDK\u00ea di hilbijartinan de ye ku li ser asta Iraq \u00fb Kurdistan\u00ea yekem e.<\/h3>\n<h3 style=\"text-align: justify\">Arif Ru\u015fd\u00ee ev j\u00ee got, serkirdey\u00ean PKK\u00ea peyay\u00ean dijmin \u00fb neyar\u00ean Kurdistan\u00ea ne \u00fb roj\u00ea deverek \u00fb nav\u00e7eyeka Her\u00eama Kurdistan\u00ea tesl\u00eem\u00ee Tirkiye \u00fb y\u00ean din dikin.<\/h3>\n","protected":false},"excerpt":{"rendered":"<p>Berpirs\u00ean PDK\u00ea bi tund\u00ee bersiva serkirdey\u00ea PKK\u00ea Murad Qerey\u00eelan dan ku \u00eari\u015f\u00ee PDK\u00ea kirib\u00fb. Endam\u00ea r\u00eaveberiya PKK\u00ea Murad Qerey\u00eelan di daxuyaniya xwe ya her\u00ee de \u00eari\u015f\u00ee PDK\u00ea kiriye \u00fb buxtana w\u00ea yek\u00ea av\u00eatiye ser w\u00ea partiy\u00ea ku PDK p\u00ea\u015fiya yekr\u00eaziya netew\u00ee asteng e! Endam\u00ea serkirdetiya PDK\u00ea \u00fb berpirs\u00ea liqa 16 ya PDK\u00ea, Bilind \u00cesma\u00eel li [&hellip;]<\/p>\n","protected":false},"author":2,"featured_media":1026361,"comment_status":"closed","ping_status":"closed","sticky":false,"template":"","format":"standard","meta":{"footnotes":""},"categories":[29],"tags":[37],"class_list":["post-1026360","post","type-post","status-publish","format-standard","has-post-thumbnail","hentry","category-kurdistan","tag-sereke"],"blocksy_meta":[],"seo_head":"<!-- This site is optimized with the Yoast SEO plugin v27.5 - https:\/\/yoast.com\/product\/yoast-seo-wordpress\/ -->\n<title>Berpirs\u00ean PDK\u00ea bi tund\u00ee bersiva Qerey\u00eelan dan - Darka Maz\u00ee<\/title>\n<meta name=\"robots\" content=\"index, follow, max-snippet:-1, max-image-preview:large, max-video-preview:-1\" \/>\n<link rel=\"canonical\" href=\"https:\/\/darkamazi.info\/archives\/1026360\" \/>\n<meta property=\"og:locale\" content=\"en_US\" \/>\n<meta property=\"og:type\" content=\"article\" \/>\n<meta property=\"og:title\" content=\"Berpirs\u00ean PDK\u00ea bi tund\u00ee bersiva Qerey\u00eelan dan - Darka Maz\u00ee\" \/>\n<meta property=\"og:description\" content=\"Berpirs\u00ean PDK\u00ea bi tund\u00ee bersiva serkirdey\u00ea PKK\u00ea Murad Qerey\u00eelan dan ku \u00eari\u015f\u00ee PDK\u00ea kirib\u00fb. Endam\u00ea r\u00eaveberiya PKK\u00ea Murad Qerey\u00eelan di daxuyaniya xwe ya her\u00ee de \u00eari\u015f\u00ee PDK\u00ea kiriye \u00fb buxtana w\u00ea yek\u00ea av\u00eatiye ser w\u00ea partiy\u00ea ku PDK p\u00ea\u015fiya yekr\u00eaziya netew\u00ee asteng e! Endam\u00ea serkirdetiya PDK\u00ea \u00fb berpirs\u00ea liqa 16 ya PDK\u00ea, Bilind \u00cesma\u00eel li [&hellip;]\" \/>\n<meta property=\"og:url\" content=\"https:\/\/darkamazi.info\/archives\/1026360\" \/>\n<meta property=\"og:site_name\" content=\"Darka Maz\u00ee\" \/>\n<meta property=\"article:publisher\" content=\"https:\/\/www.facebook.com\/DarMaziKurmanci\" \/>\n<meta property=\"article:published_time\" content=\"2021-10-21T14:47:31+00:00\" \/>\n<meta property=\"og:image\" content=\"https:\/\/darkamazi.info\/file\/2021\/10\/pdk-kurdistan-2.jpg\" \/>\n\t<meta property=\"og:image:width\" content=\"900\" \/>\n\t<meta property=\"og:image:height\" content=\"497\" \/>\n\t<meta property=\"og:image:type\" content=\"image\/jpeg\" \/>\n<meta name=\"author\" content=\"darka mazi\" \/>\n<meta name=\"twitter:card\" content=\"summary_large_image\" \/>\n<meta name=\"twitter:creator\" content=\"@DarkaMaziLatini\" \/>\n<meta name=\"twitter:site\" content=\"@DarkaMaziLatini\" \/>\n<meta name=\"twitter:label1\" content=\"Written by\" \/>\n\t<meta name=\"twitter:data1\" content=\"darka mazi\" \/>\n\t<meta name=\"twitter:label2\" content=\"Est. reading time\" \/>\n\t<meta name=\"twitter:data2\" content=\"2 minutes\" \/>\n<script type=\"application\/ld+json\" class=\"seo-schema-graph\">{\"@context\":\"https:\\\/\\\/schema.org\",\"@graph\":[{\"@type\":\"Article\",\"@id\":\"https:\\\/\\\/darkamazi.info\\\/archives\\\/1026360#article\",\"isPartOf\":{\"@id\":\"https:\\\/\\\/darkamazi.info\\\/archives\\\/1026360\"},\"author\":{\"name\":\"darka mazi\",\"@id\":\"https:\\\/\\\/darkamazi.info\\\/#\\\/schema\\\/person\\\/5ad3e24553a0567993fa8ed4bd0a776c\"},\"headline\":\"Berpirs\u00ean PDK\u00ea bi tund\u00ee bersiva Qerey\u00eelan dan\",\"datePublished\":\"2021-10-21T14:47:31+00:00\",\"mainEntityOfPage\":{\"@id\":\"https:\\\/\\\/darkamazi.info\\\/archives\\\/1026360\"},\"wordCount\":515,\"publisher\":{\"@id\":\"https:\\\/\\\/darkamazi.info\\\/#organization\"},\"image\":{\"@id\":\"https:\\\/\\\/darkamazi.info\\\/archives\\\/1026360#primaryimage\"},\"thumbnailUrl\":\"https:\\\/\\\/darkamazi.info\\\/darka-content\\\/uploads\\\/2021\\\/10\\\/pdk-kurdistan-2.jpg\",\"keywords\":[\"sereke\"],\"articleSection\":[\"Kurdistan\"],\"inLanguage\":\"en-US\"},{\"@type\":\"WebPage\",\"@id\":\"https:\\\/\\\/darkamazi.info\\\/archives\\\/1026360\",\"url\":\"https:\\\/\\\/darkamazi.info\\\/archives\\\/1026360\",\"name\":\"Berpirs\u00ean PDK\u00ea bi tund\u00ee bersiva Qerey\u00eelan dan - Darka Maz\u00ee\",\"isPartOf\":{\"@id\":\"https:\\\/\\\/darkamazi.info\\\/#website\"},\"primaryImageOfPage\":{\"@id\":\"https:\\\/\\\/darkamazi.info\\\/archives\\\/1026360#primaryimage\"},\"image\":{\"@id\":\"https:\\\/\\\/darkamazi.info\\\/archives\\\/1026360#primaryimage\"},\"thumbnailUrl\":\"https:\\\/\\\/darkamazi.info\\\/darka-content\\\/uploads\\\/2021\\\/10\\\/pdk-kurdistan-2.jpg\",\"datePublished\":\"2021-10-21T14:47:31+00:00\",\"breadcrumb\":{\"@id\":\"https:\\\/\\\/darkamazi.info\\\/archives\\\/1026360#breadcrumb\"},\"inLanguage\":\"en-US\",\"potentialAction\":[{\"@type\":\"ReadAction\",\"target\":[\"https:\\\/\\\/darkamazi.info\\\/archives\\\/1026360\"]}]},{\"@type\":\"ImageObject\",\"inLanguage\":\"en-US\",\"@id\":\"https:\\\/\\\/darkamazi.info\\\/archives\\\/1026360#primaryimage\",\"url\":\"https:\\\/\\\/darkamazi.info\\\/darka-content\\\/uploads\\\/2021\\\/10\\\/pdk-kurdistan-2.jpg\",\"contentUrl\":\"https:\\\/\\\/darkamazi.info\\\/darka-content\\\/uploads\\\/2021\\\/10\\\/pdk-kurdistan-2.jpg\",\"width\":900,\"height\":497,\"caption\":\"Berpirs\u00ean PDK\u00ea bi tund\u00ee bersiva Qerey\u00eelan dan: PDK Kurdistan\u00ee ye \u00fb h\u00fbn j\u00ee kir\u00eagirt\u00ee ne\"},{\"@type\":\"BreadcrumbList\",\"@id\":\"https:\\\/\\\/darkamazi.info\\\/archives\\\/1026360#breadcrumb\",\"itemListElement\":[{\"@type\":\"ListItem\",\"position\":1,\"name\":\"Home\",\"item\":\"https:\\\/\\\/darkamazi.info\\\/\"},{\"@type\":\"ListItem\",\"position\":2,\"name\":\"Berpirs\u00ean PDK\u00ea bi tund\u00ee bersiva Qerey\u00eelan dan\"}]},{\"@type\":\"WebSite\",\"@id\":\"https:\\\/\\\/darkamazi.info\\\/#website\",\"url\":\"https:\\\/\\\/darkamazi.info\\\/\",\"name\":\"Darka Maz\u00ee\",\"description\":\"P\u00eageha Zanyariy\u00ean Nebih\u00eest\u00ee\",\"publisher\":{\"@id\":\"https:\\\/\\\/darkamazi.info\\\/#organization\"},\"potentialAction\":[{\"@type\":\"SearchAction\",\"target\":{\"@type\":\"EntryPoint\",\"urlTemplate\":\"https:\\\/\\\/darkamazi.info\\\/?s={search_term_string}\"},\"query-input\":{\"@type\":\"PropertyValueSpecification\",\"valueRequired\":true,\"valueName\":\"search_term_string\"}}],\"inLanguage\":\"en-US\"},{\"@type\":\"Organization\",\"@id\":\"https:\\\/\\\/darkamazi.info\\\/#organization\",\"name\":\"Darka Maz\u00ee\",\"url\":\"https:\\\/\\\/darkamazi.info\\\/\",\"logo\":{\"@type\":\"ImageObject\",\"inLanguage\":\"en-US\",\"@id\":\"https:\\\/\\\/darkamazi.info\\\/#\\\/schema\\\/logo\\\/image\\\/\",\"url\":\"https:\\\/\\\/darkamazi.info\\\/darka-content\\\/uploads\\\/2017\\\/12\\\/darka-mazi-logo.png\",\"contentUrl\":\"https:\\\/\\\/darkamazi.info\\\/darka-content\\\/uploads\\\/2017\\\/12\\\/darka-mazi-logo.png\",\"width\":151,\"height\":75,\"caption\":\"Darka Maz\u00ee\"},\"image\":{\"@id\":\"https:\\\/\\\/darkamazi.info\\\/#\\\/schema\\\/logo\\\/image\\\/\"},\"sameAs\":[\"https:\\\/\\\/www.facebook.com\\\/DarMaziKurmanci\",\"https:\\\/\\\/x.com\\\/DarkaMaziLatini\",\"https:\\\/\\\/www.instagram.com\\\/darkamazi.kurmanci\\\/\",\"https:\\\/\\\/www.youtube.com\\\/channel\\\/UCa5HkTdmI8U1qCUFuTw8B2g\"]},{\"@type\":\"Person\",\"@id\":\"https:\\\/\\\/darkamazi.info\\\/#\\\/schema\\\/person\\\/5ad3e24553a0567993fa8ed4bd0a776c\",\"name\":\"darka mazi\",\"sameAs\":[\"https:\\\/\\\/darkamazi.info\\\/\"],\"url\":\"https:\\\/\\\/darkamazi.info\\\/archives\\\/author\\\/kurdi\"}]}<\/script>\n<!-- \/ Yoast SEO plugin. -->","seo_head_json":{"title":"Berpirs\u00ean PDK\u00ea bi tund\u00ee bersiva Qerey\u00eelan dan - Darka Maz\u00ee","robots":{"index":"index","follow":"follow","max-snippet":"max-snippet:-1","max-image-preview":"max-image-preview:large","max-video-preview":"max-video-preview:-1"},"canonical":"https:\/\/darkamazi.info\/archives\/1026360","og_locale":"en_US","og_type":"article","og_title":"Berpirs\u00ean PDK\u00ea bi tund\u00ee bersiva Qerey\u00eelan dan - Darka Maz\u00ee","og_description":"Berpirs\u00ean PDK\u00ea bi tund\u00ee bersiva serkirdey\u00ea PKK\u00ea Murad Qerey\u00eelan dan ku \u00eari\u015f\u00ee PDK\u00ea kirib\u00fb. Endam\u00ea r\u00eaveberiya PKK\u00ea Murad Qerey\u00eelan di daxuyaniya xwe ya her\u00ee de \u00eari\u015f\u00ee PDK\u00ea kiriye \u00fb buxtana w\u00ea yek\u00ea av\u00eatiye ser w\u00ea partiy\u00ea ku PDK p\u00ea\u015fiya yekr\u00eaziya netew\u00ee asteng e! Endam\u00ea serkirdetiya PDK\u00ea \u00fb berpirs\u00ea liqa 16 ya PDK\u00ea, Bilind \u00cesma\u00eel li [&hellip;]","og_url":"https:\/\/darkamazi.info\/archives\/1026360","og_site_name":"Darka Maz\u00ee","article_publisher":"https:\/\/www.facebook.com\/DarMaziKurmanci","article_published_time":"2021-10-21T14:47:31+00:00","og_image":[{"width":900,"height":497,"url":"https:\/\/darkamazi.info\/file\/2021\/10\/pdk-kurdistan-2.jpg","type":"image\/jpeg"}],"author":"darka mazi","twitter_card":"summary_large_image","twitter_creator":"@DarkaMaziLatini","twitter_site":"@DarkaMaziLatini","twitter_misc":{"Written by":"darka mazi","Est. reading time":"2 minutes"},"schema":{"@context":"https:\/\/schema.org","@graph":[{"@type":"Article","@id":"https:\/\/darkamazi.info\/archives\/1026360#article","isPartOf":{"@id":"https:\/\/darkamazi.info\/archives\/1026360"},"author":{"name":"darka mazi","@id":"https:\/\/darkamazi.info\/#\/schema\/person\/5ad3e24553a0567993fa8ed4bd0a776c"},"headline":"Berpirs\u00ean PDK\u00ea bi tund\u00ee bersiva Qerey\u00eelan dan","datePublished":"2021-10-21T14:47:31+00:00","mainEntityOfPage":{"@id":"https:\/\/darkamazi.info\/archives\/1026360"},"wordCount":515,"publisher":{"@id":"https:\/\/darkamazi.info\/#organization"},"image":{"@id":"https:\/\/darkamazi.info\/archives\/1026360#primaryimage"},"thumbnailUrl":"https:\/\/darkamazi.info\/file\/2021\/10\/pdk-kurdistan-2.jpg","keywords":["sereke"],"articleSection":["Kurdistan"],"inLanguage":"en-US"},{"@type":"WebPage","@id":"https:\/\/darkamazi.info\/archives\/1026360","url":"https:\/\/darkamazi.info\/archives\/1026360","name":"Berpirs\u00ean PDK\u00ea bi tund\u00ee bersiva Qerey\u00eelan dan - Darka Maz\u00ee","isPartOf":{"@id":"https:\/\/darkamazi.info\/#website"},"primaryImageOfPage":{"@id":"https:\/\/darkamazi.info\/archives\/1026360#primaryimage"},"image":{"@id":"https:\/\/darkamazi.info\/archives\/1026360#primaryimage"},"thumbnailUrl":"https:\/\/darkamazi.info\/file\/2021\/10\/pdk-kurdistan-2.jpg","datePublished":"2021-10-21T14:47:31+00:00","breadcrumb":{"@id":"https:\/\/darkamazi.info\/archives\/1026360#breadcrumb"},"inLanguage":"en-US","potentialAction":[{"@type":"ReadAction","target":["https:\/\/darkamazi.info\/archives\/1026360"]}]},{"@type":"ImageObject","inLanguage":"en-US","@id":"https:\/\/darkamazi.info\/archives\/1026360#primaryimage","url":"https:\/\/darkamazi.info\/file\/2021\/10\/pdk-kurdistan-2.jpg","contentUrl":"https:\/\/darkamazi.info\/file\/2021\/10\/pdk-kurdistan-2.jpg","width":900,"height":497,"caption":"Berpirs\u00ean PDK\u00ea bi tund\u00ee bersiva Qerey\u00eelan dan: PDK Kurdistan\u00ee ye \u00fb h\u00fbn j\u00ee kir\u00eagirt\u00ee ne"},{"@type":"BreadcrumbList","@id":"https:\/\/darkamazi.info\/archives\/1026360#breadcrumb","itemListElement":[{"@type":"ListItem","position":1,"name":"Home","item":"https:\/\/darkamazi.info\/"},{"@type":"ListItem","position":2,"name":"Berpirs\u00ean PDK\u00ea bi tund\u00ee bersiva Qerey\u00eelan dan"}]},{"@type":"WebSite","@id":"https:\/\/darkamazi.info\/#website","url":"https:\/\/darkamazi.info\/","name":"Darka Maz\u00ee","description":"P\u00eageha Zanyariy\u00ean Nebih\u00eest\u00ee","publisher":{"@id":"https:\/\/darkamazi.info\/#organization"},"potentialAction":[{"@type":"SearchAction","target":{"@type":"EntryPoint","urlTemplate":"https:\/\/darkamazi.info\/?s={search_term_string}"},"query-input":{"@type":"PropertyValueSpecification","valueRequired":true,"valueName":"search_term_string"}}],"inLanguage":"en-US"},{"@type":"Organization","@id":"https:\/\/darkamazi.info\/#organization","name":"Darka Maz\u00ee","url":"https:\/\/darkamazi.info\/","logo":{"@type":"ImageObject","inLanguage":"en-US","@id":"https:\/\/darkamazi.info\/#\/schema\/logo\/image\/","url":"https:\/\/darkamazi.info\/file\/2017\/12\/darka-mazi-logo.png","contentUrl":"https:\/\/darkamazi.info\/file\/2017\/12\/darka-mazi-logo.png","width":151,"height":75,"caption":"Darka Maz\u00ee"},"image":{"@id":"https:\/\/darkamazi.info\/#\/schema\/logo\/image\/"},"sameAs":["https:\/\/www.facebook.com\/DarMaziKurmanci","https:\/\/x.com\/DarkaMaziLatini","https:\/\/www.instagram.com\/darkamazi.kurmanci\/","https:\/\/www.youtube.com\/channel\/UCa5HkTdmI8U1qCUFuTw8B2g"]},{"@type":"Person","@id":"https:\/\/darkamazi.info\/#\/schema\/person\/5ad3e24553a0567993fa8ed4bd0a776c","name":"darka mazi","sameAs":["https:\/\/darkamazi.info\/"],"url":"https:\/\/darkamazi.info\/archives\/author\/kurdi"}]}},"_links":{"self":[{"href":"https:\/\/darkamazi.info\/funavuv\/wp\/v2\/posts\/1026360","targetHints":{"allow":["GET"]}}],"collection":[{"href":"https:\/\/darkamazi.info\/funavuv\/wp\/v2\/posts"}],"about":[{"href":"https:\/\/darkamazi.info\/funavuv\/wp\/v2\/types\/post"}],"author":[{"embeddable":true,"href":"https:\/\/darkamazi.info\/funavuv\/wp\/v2\/users\/2"}],"replies":[{"embeddable":true,"href":"https:\/\/darkamazi.info\/funavuv\/wp\/v2\/comments?post=1026360"}],"version-history":[{"count":0,"href":"https:\/\/darkamazi.info\/funavuv\/wp\/v2\/posts\/1026360\/revisions"}],"wp:featuredmedia":[{"embeddable":true,"href":"https:\/\/darkamazi.info\/funavuv\/wp\/v2\/media\/1026361"}],"wp:attachment":[{"href":"https:\/\/darkamazi.info\/funavuv\/wp\/v2\/media?parent=1026360"}],"wp:term":[{"taxonomy":"category","embeddable":true,"href":"https:\/\/darkamazi.info\/funavuv\/wp\/v2\/categories?post=1026360"},{"taxonomy":"post_tag","embeddable":true,"href":"https:\/\/darkamazi.info\/funavuv\/wp\/v2\/tags?post=1026360"}],"curies":[{"name":"wp","href":"https:\/\/api.w.org\/{rel}","templated":true}]}}