{"id":1026405,"date":"2021-10-24T14:30:46","date_gmt":"2021-10-24T11:30:46","guid":{"rendered":"https:\/\/darkamazi.info\/?p=1026405"},"modified":"2021-10-24T14:30:46","modified_gmt":"2021-10-24T11:30:46","slug":"soylu-ji-bo-karayilan-weki-miskan-xwe-venesere","status":"publish","type":"post","link":"https:\/\/darkamazi.info\/archives\/1026405","title":{"rendered":"Soylu ji bo Karayilan: Wek\u00ee mi\u015fkan xwe vene\u015f\u00eare!"},"content":{"rendered":"<h3 style=\"text-align: justify\"><span style=\"font-family: 'arial black', sans-serif\">Wez\u00eer\u00ea Navxwey\u00ee y\u00ea Tirkiy\u00ea \u00eero gef li Murat Karayilan xwar \u00fb j\u00eare go: wek\u00ee mi\u015fkan xwe vene\u015f\u00eare. Dora w\u00ee j\u00ee t\u00ea.<\/span><\/h3>\n<h3 style=\"text-align: justify\"><span style=\"font-family: arial, helvetica, sans-serif\">Wez\u00eer\u00ea Navxwe y\u00ea Tirkiy\u00ea Suleyman Soylu \u00eero Yek\u015fem\u00ea 24\u00ea Cotmeha 2021an li ser hesab\u00ea xwe y\u00ea Tw\u00eetter\u00ea ragihand ku 2 ger\u00eelay\u00ean PKK\u00ea y\u00ean ku ketine nav bajarok\u00ea \u00c7el\u00ea y\u00ea s\u00eenor\u00ee di operasyonek\u00ea de bi be\u015fdariya firok\u00ean b\u00eamirov \u00fb h\u00eaz\u00ean bejah\u00ee can\u00ea xwe ji dest dane \u00fb cenazey\u00ean wan herduyan j\u00ee hatine desteserkirin.<\/span><\/h3>\n<h3 style=\"text-align: justify\"><span style=\"font-family: arial, helvetica, sans-serif\">Soylu herwiha gef li Endam\u00ea Kom\u00eeteya R\u00eaveber a PKK\u00ea Murat Karayilan j\u00ee xwar \u00fb di tw\u00eetera xwe niv\u00eesandiye: \u201cJi gotin\u00ea f\u00eam nakin. Eger bi xwe dib\u00eenin, bila Karayilan were, wek\u00ee mi\u015fkan xwe vene\u015f\u00eare. Dora w\u00ee j\u00ee t\u00ea.\u201d<\/span><\/h3>\n<h3 style=\"text-align: justify\"><span style=\"font-family: arial, helvetica, sans-serif\">Navenda Ragihandina H\u00eaz\u00ean Parastina Gel (HPG) ya gir\u00eeday\u00ee PKK\u00ea heta niha ti daxuyaniyek derbar\u00ea v\u00ea n\u00fb\u00e7ey\u00ea de belav nekiriye.<\/span><\/h3>\n","protected":false},"excerpt":{"rendered":"<p>Wez\u00eer\u00ea Navxwey\u00ee y\u00ea Tirkiy\u00ea \u00eero gef li Murat Karayilan xwar \u00fb j\u00eare go: wek\u00ee mi\u015fkan xwe vene\u015f\u00eare. Dora w\u00ee j\u00ee t\u00ea. Wez\u00eer\u00ea Navxwe y\u00ea Tirkiy\u00ea Suleyman Soylu \u00eero Yek\u015fem\u00ea 24\u00ea Cotmeha 2021an li ser hesab\u00ea xwe y\u00ea Tw\u00eetter\u00ea ragihand ku 2 ger\u00eelay\u00ean PKK\u00ea y\u00ean ku ketine nav bajarok\u00ea \u00c7el\u00ea y\u00ea s\u00eenor\u00ee di operasyonek\u00ea de bi [&hellip;]<\/p>\n","protected":false},"author":2,"featured_media":1026407,"comment_status":"closed","ping_status":"closed","sticky":false,"template":"","format":"standard","meta":{"footnotes":""},"categories":[29],"tags":[51,37],"class_list":["post-1026405","post","type-post","status-publish","format-standard","has-post-thumbnail","hentry","category-kurdistan","tag-karayilan","tag-sereke"],"blocksy_meta":[],"seo_head":"<!-- This site is optimized with the Yoast SEO plugin v27.5 - https:\/\/yoast.com\/product\/yoast-seo-wordpress\/ -->\n<title>Soylu ji bo Karayilan: Wek\u00ee mi\u015fkan xwe vene\u015f\u00eare! - Darka Maz\u00ee<\/title>\n<meta name=\"robots\" content=\"index, follow, max-snippet:-1, max-image-preview:large, max-video-preview:-1\" \/>\n<link rel=\"canonical\" href=\"https:\/\/darkamazi.info\/archives\/1026405\" \/>\n<meta property=\"og:locale\" content=\"en_US\" \/>\n<meta property=\"og:type\" content=\"article\" \/>\n<meta property=\"og:title\" content=\"Soylu ji bo Karayilan: Wek\u00ee mi\u015fkan xwe vene\u015f\u00eare! - Darka Maz\u00ee\" \/>\n<meta property=\"og:description\" content=\"Wez\u00eer\u00ea Navxwey\u00ee y\u00ea Tirkiy\u00ea \u00eero gef li Murat Karayilan xwar \u00fb j\u00eare go: wek\u00ee mi\u015fkan xwe vene\u015f\u00eare. Dora w\u00ee j\u00ee t\u00ea. Wez\u00eer\u00ea Navxwe y\u00ea Tirkiy\u00ea Suleyman Soylu \u00eero Yek\u015fem\u00ea 24\u00ea Cotmeha 2021an li ser hesab\u00ea xwe y\u00ea Tw\u00eetter\u00ea ragihand ku 2 ger\u00eelay\u00ean PKK\u00ea y\u00ean ku ketine nav bajarok\u00ea \u00c7el\u00ea y\u00ea s\u00eenor\u00ee di operasyonek\u00ea de bi [&hellip;]\" \/>\n<meta property=\"og:url\" content=\"https:\/\/darkamazi.info\/archives\/1026405\" \/>\n<meta property=\"og:site_name\" content=\"Darka Maz\u00ee\" \/>\n<meta property=\"article:publisher\" content=\"https:\/\/www.facebook.com\/DarMaziKurmanci\" \/>\n<meta property=\"article:published_time\" content=\"2021-10-24T11:30:46+00:00\" \/>\n<meta property=\"og:image\" content=\"https:\/\/darkamazi.info\/file\/2021\/10\/Karayilan-pkk-sulayman-soylo2.jpg\" \/>\n\t<meta property=\"og:image:width\" content=\"900\" \/>\n\t<meta property=\"og:image:height\" content=\"497\" \/>\n\t<meta property=\"og:image:type\" content=\"image\/jpeg\" \/>\n<meta name=\"author\" content=\"darka mazi\" \/>\n<meta name=\"twitter:card\" content=\"summary_large_image\" \/>\n<meta name=\"twitter:creator\" content=\"@DarkaMaziLatini\" \/>\n<meta name=\"twitter:site\" content=\"@DarkaMaziLatini\" \/>\n<meta name=\"twitter:label1\" content=\"Written by\" \/>\n\t<meta name=\"twitter:data1\" content=\"darka mazi\" \/>\n\t<meta name=\"twitter:label2\" content=\"Est. reading time\" \/>\n\t<meta name=\"twitter:data2\" content=\"1 minute\" \/>\n<script type=\"application\/ld+json\" class=\"seo-schema-graph\">{\"@context\":\"https:\\\/\\\/schema.org\",\"@graph\":[{\"@type\":\"Article\",\"@id\":\"https:\\\/\\\/darkamazi.info\\\/archives\\\/1026405#article\",\"isPartOf\":{\"@id\":\"https:\\\/\\\/darkamazi.info\\\/archives\\\/1026405\"},\"author\":{\"name\":\"darka mazi\",\"@id\":\"https:\\\/\\\/darkamazi.info\\\/#\\\/schema\\\/person\\\/5ad3e24553a0567993fa8ed4bd0a776c\"},\"headline\":\"Soylu ji bo Karayilan: Wek\u00ee mi\u015fkan xwe vene\u015f\u00eare!\",\"datePublished\":\"2021-10-24T11:30:46+00:00\",\"mainEntityOfPage\":{\"@id\":\"https:\\\/\\\/darkamazi.info\\\/archives\\\/1026405\"},\"wordCount\":162,\"publisher\":{\"@id\":\"https:\\\/\\\/darkamazi.info\\\/#organization\"},\"image\":{\"@id\":\"https:\\\/\\\/darkamazi.info\\\/archives\\\/1026405#primaryimage\"},\"thumbnailUrl\":\"https:\\\/\\\/darkamazi.info\\\/darka-content\\\/uploads\\\/2021\\\/10\\\/Karayilan-pkk-sulayman-soylo2.jpg\",\"keywords\":[\"Karayilan\",\"sereke\"],\"articleSection\":[\"Kurdistan\"],\"inLanguage\":\"en-US\"},{\"@type\":\"WebPage\",\"@id\":\"https:\\\/\\\/darkamazi.info\\\/archives\\\/1026405\",\"url\":\"https:\\\/\\\/darkamazi.info\\\/archives\\\/1026405\",\"name\":\"Soylu ji bo Karayilan: Wek\u00ee mi\u015fkan xwe vene\u015f\u00eare! - Darka Maz\u00ee\",\"isPartOf\":{\"@id\":\"https:\\\/\\\/darkamazi.info\\\/#website\"},\"primaryImageOfPage\":{\"@id\":\"https:\\\/\\\/darkamazi.info\\\/archives\\\/1026405#primaryimage\"},\"image\":{\"@id\":\"https:\\\/\\\/darkamazi.info\\\/archives\\\/1026405#primaryimage\"},\"thumbnailUrl\":\"https:\\\/\\\/darkamazi.info\\\/darka-content\\\/uploads\\\/2021\\\/10\\\/Karayilan-pkk-sulayman-soylo2.jpg\",\"datePublished\":\"2021-10-24T11:30:46+00:00\",\"breadcrumb\":{\"@id\":\"https:\\\/\\\/darkamazi.info\\\/archives\\\/1026405#breadcrumb\"},\"inLanguage\":\"en-US\",\"potentialAction\":[{\"@type\":\"ReadAction\",\"target\":[\"https:\\\/\\\/darkamazi.info\\\/archives\\\/1026405\"]}]},{\"@type\":\"ImageObject\",\"inLanguage\":\"en-US\",\"@id\":\"https:\\\/\\\/darkamazi.info\\\/archives\\\/1026405#primaryimage\",\"url\":\"https:\\\/\\\/darkamazi.info\\\/darka-content\\\/uploads\\\/2021\\\/10\\\/Karayilan-pkk-sulayman-soylo2.jpg\",\"contentUrl\":\"https:\\\/\\\/darkamazi.info\\\/darka-content\\\/uploads\\\/2021\\\/10\\\/Karayilan-pkk-sulayman-soylo2.jpg\",\"width\":900,\"height\":497,\"caption\":\"Soylu ji bo Karayilan: Wek\u00ee mi\u015fkan xwe vene\u015f\u00eare!\"},{\"@type\":\"BreadcrumbList\",\"@id\":\"https:\\\/\\\/darkamazi.info\\\/archives\\\/1026405#breadcrumb\",\"itemListElement\":[{\"@type\":\"ListItem\",\"position\":1,\"name\":\"Home\",\"item\":\"https:\\\/\\\/darkamazi.info\\\/\"},{\"@type\":\"ListItem\",\"position\":2,\"name\":\"Soylu ji bo Karayilan: Wek\u00ee mi\u015fkan xwe vene\u015f\u00eare!\"}]},{\"@type\":\"WebSite\",\"@id\":\"https:\\\/\\\/darkamazi.info\\\/#website\",\"url\":\"https:\\\/\\\/darkamazi.info\\\/\",\"name\":\"Darka Maz\u00ee\",\"description\":\"P\u00eageha Zanyariy\u00ean Nebih\u00eest\u00ee\",\"publisher\":{\"@id\":\"https:\\\/\\\/darkamazi.info\\\/#organization\"},\"potentialAction\":[{\"@type\":\"SearchAction\",\"target\":{\"@type\":\"EntryPoint\",\"urlTemplate\":\"https:\\\/\\\/darkamazi.info\\\/?s={search_term_string}\"},\"query-input\":{\"@type\":\"PropertyValueSpecification\",\"valueRequired\":true,\"valueName\":\"search_term_string\"}}],\"inLanguage\":\"en-US\"},{\"@type\":\"Organization\",\"@id\":\"https:\\\/\\\/darkamazi.info\\\/#organization\",\"name\":\"Darka Maz\u00ee\",\"url\":\"https:\\\/\\\/darkamazi.info\\\/\",\"logo\":{\"@type\":\"ImageObject\",\"inLanguage\":\"en-US\",\"@id\":\"https:\\\/\\\/darkamazi.info\\\/#\\\/schema\\\/logo\\\/image\\\/\",\"url\":\"https:\\\/\\\/darkamazi.info\\\/darka-content\\\/uploads\\\/2017\\\/12\\\/darka-mazi-logo.png\",\"contentUrl\":\"https:\\\/\\\/darkamazi.info\\\/darka-content\\\/uploads\\\/2017\\\/12\\\/darka-mazi-logo.png\",\"width\":151,\"height\":75,\"caption\":\"Darka Maz\u00ee\"},\"image\":{\"@id\":\"https:\\\/\\\/darkamazi.info\\\/#\\\/schema\\\/logo\\\/image\\\/\"},\"sameAs\":[\"https:\\\/\\\/www.facebook.com\\\/DarMaziKurmanci\",\"https:\\\/\\\/x.com\\\/DarkaMaziLatini\",\"https:\\\/\\\/www.instagram.com\\\/darkamazi.kurmanci\\\/\",\"https:\\\/\\\/www.youtube.com\\\/channel\\\/UCa5HkTdmI8U1qCUFuTw8B2g\"]},{\"@type\":\"Person\",\"@id\":\"https:\\\/\\\/darkamazi.info\\\/#\\\/schema\\\/person\\\/5ad3e24553a0567993fa8ed4bd0a776c\",\"name\":\"darka mazi\",\"sameAs\":[\"https:\\\/\\\/darkamazi.info\\\/\"],\"url\":\"https:\\\/\\\/darkamazi.info\\\/archives\\\/author\\\/kurdi\"}]}<\/script>\n<!-- \/ Yoast SEO plugin. -->","seo_head_json":{"title":"Soylu ji bo Karayilan: Wek\u00ee mi\u015fkan xwe vene\u015f\u00eare! - Darka Maz\u00ee","robots":{"index":"index","follow":"follow","max-snippet":"max-snippet:-1","max-image-preview":"max-image-preview:large","max-video-preview":"max-video-preview:-1"},"canonical":"https:\/\/darkamazi.info\/archives\/1026405","og_locale":"en_US","og_type":"article","og_title":"Soylu ji bo Karayilan: Wek\u00ee mi\u015fkan xwe vene\u015f\u00eare! - Darka Maz\u00ee","og_description":"Wez\u00eer\u00ea Navxwey\u00ee y\u00ea Tirkiy\u00ea \u00eero gef li Murat Karayilan xwar \u00fb j\u00eare go: wek\u00ee mi\u015fkan xwe vene\u015f\u00eare. Dora w\u00ee j\u00ee t\u00ea. Wez\u00eer\u00ea Navxwe y\u00ea Tirkiy\u00ea Suleyman Soylu \u00eero Yek\u015fem\u00ea 24\u00ea Cotmeha 2021an li ser hesab\u00ea xwe y\u00ea Tw\u00eetter\u00ea ragihand ku 2 ger\u00eelay\u00ean PKK\u00ea y\u00ean ku ketine nav bajarok\u00ea \u00c7el\u00ea y\u00ea s\u00eenor\u00ee di operasyonek\u00ea de bi [&hellip;]","og_url":"https:\/\/darkamazi.info\/archives\/1026405","og_site_name":"Darka Maz\u00ee","article_publisher":"https:\/\/www.facebook.com\/DarMaziKurmanci","article_published_time":"2021-10-24T11:30:46+00:00","og_image":[{"width":900,"height":497,"url":"https:\/\/darkamazi.info\/file\/2021\/10\/Karayilan-pkk-sulayman-soylo2.jpg","type":"image\/jpeg"}],"author":"darka mazi","twitter_card":"summary_large_image","twitter_creator":"@DarkaMaziLatini","twitter_site":"@DarkaMaziLatini","twitter_misc":{"Written by":"darka mazi","Est. reading time":"1 minute"},"schema":{"@context":"https:\/\/schema.org","@graph":[{"@type":"Article","@id":"https:\/\/darkamazi.info\/archives\/1026405#article","isPartOf":{"@id":"https:\/\/darkamazi.info\/archives\/1026405"},"author":{"name":"darka mazi","@id":"https:\/\/darkamazi.info\/#\/schema\/person\/5ad3e24553a0567993fa8ed4bd0a776c"},"headline":"Soylu ji bo Karayilan: Wek\u00ee mi\u015fkan xwe vene\u015f\u00eare!","datePublished":"2021-10-24T11:30:46+00:00","mainEntityOfPage":{"@id":"https:\/\/darkamazi.info\/archives\/1026405"},"wordCount":162,"publisher":{"@id":"https:\/\/darkamazi.info\/#organization"},"image":{"@id":"https:\/\/darkamazi.info\/archives\/1026405#primaryimage"},"thumbnailUrl":"https:\/\/darkamazi.info\/file\/2021\/10\/Karayilan-pkk-sulayman-soylo2.jpg","keywords":["Karayilan","sereke"],"articleSection":["Kurdistan"],"inLanguage":"en-US"},{"@type":"WebPage","@id":"https:\/\/darkamazi.info\/archives\/1026405","url":"https:\/\/darkamazi.info\/archives\/1026405","name":"Soylu ji bo Karayilan: Wek\u00ee mi\u015fkan xwe vene\u015f\u00eare! - Darka Maz\u00ee","isPartOf":{"@id":"https:\/\/darkamazi.info\/#website"},"primaryImageOfPage":{"@id":"https:\/\/darkamazi.info\/archives\/1026405#primaryimage"},"image":{"@id":"https:\/\/darkamazi.info\/archives\/1026405#primaryimage"},"thumbnailUrl":"https:\/\/darkamazi.info\/file\/2021\/10\/Karayilan-pkk-sulayman-soylo2.jpg","datePublished":"2021-10-24T11:30:46+00:00","breadcrumb":{"@id":"https:\/\/darkamazi.info\/archives\/1026405#breadcrumb"},"inLanguage":"en-US","potentialAction":[{"@type":"ReadAction","target":["https:\/\/darkamazi.info\/archives\/1026405"]}]},{"@type":"ImageObject","inLanguage":"en-US","@id":"https:\/\/darkamazi.info\/archives\/1026405#primaryimage","url":"https:\/\/darkamazi.info\/file\/2021\/10\/Karayilan-pkk-sulayman-soylo2.jpg","contentUrl":"https:\/\/darkamazi.info\/file\/2021\/10\/Karayilan-pkk-sulayman-soylo2.jpg","width":900,"height":497,"caption":"Soylu ji bo Karayilan: Wek\u00ee mi\u015fkan xwe vene\u015f\u00eare!"},{"@type":"BreadcrumbList","@id":"https:\/\/darkamazi.info\/archives\/1026405#breadcrumb","itemListElement":[{"@type":"ListItem","position":1,"name":"Home","item":"https:\/\/darkamazi.info\/"},{"@type":"ListItem","position":2,"name":"Soylu ji bo Karayilan: Wek\u00ee mi\u015fkan xwe vene\u015f\u00eare!"}]},{"@type":"WebSite","@id":"https:\/\/darkamazi.info\/#website","url":"https:\/\/darkamazi.info\/","name":"Darka Maz\u00ee","description":"P\u00eageha Zanyariy\u00ean Nebih\u00eest\u00ee","publisher":{"@id":"https:\/\/darkamazi.info\/#organization"},"potentialAction":[{"@type":"SearchAction","target":{"@type":"EntryPoint","urlTemplate":"https:\/\/darkamazi.info\/?s={search_term_string}"},"query-input":{"@type":"PropertyValueSpecification","valueRequired":true,"valueName":"search_term_string"}}],"inLanguage":"en-US"},{"@type":"Organization","@id":"https:\/\/darkamazi.info\/#organization","name":"Darka Maz\u00ee","url":"https:\/\/darkamazi.info\/","logo":{"@type":"ImageObject","inLanguage":"en-US","@id":"https:\/\/darkamazi.info\/#\/schema\/logo\/image\/","url":"https:\/\/darkamazi.info\/file\/2017\/12\/darka-mazi-logo.png","contentUrl":"https:\/\/darkamazi.info\/file\/2017\/12\/darka-mazi-logo.png","width":151,"height":75,"caption":"Darka Maz\u00ee"},"image":{"@id":"https:\/\/darkamazi.info\/#\/schema\/logo\/image\/"},"sameAs":["https:\/\/www.facebook.com\/DarMaziKurmanci","https:\/\/x.com\/DarkaMaziLatini","https:\/\/www.instagram.com\/darkamazi.kurmanci\/","https:\/\/www.youtube.com\/channel\/UCa5HkTdmI8U1qCUFuTw8B2g"]},{"@type":"Person","@id":"https:\/\/darkamazi.info\/#\/schema\/person\/5ad3e24553a0567993fa8ed4bd0a776c","name":"darka mazi","sameAs":["https:\/\/darkamazi.info\/"],"url":"https:\/\/darkamazi.info\/archives\/author\/kurdi"}]}},"_links":{"self":[{"href":"https:\/\/darkamazi.info\/funavuv\/wp\/v2\/posts\/1026405","targetHints":{"allow":["GET"]}}],"collection":[{"href":"https:\/\/darkamazi.info\/funavuv\/wp\/v2\/posts"}],"about":[{"href":"https:\/\/darkamazi.info\/funavuv\/wp\/v2\/types\/post"}],"author":[{"embeddable":true,"href":"https:\/\/darkamazi.info\/funavuv\/wp\/v2\/users\/2"}],"replies":[{"embeddable":true,"href":"https:\/\/darkamazi.info\/funavuv\/wp\/v2\/comments?post=1026405"}],"version-history":[{"count":0,"href":"https:\/\/darkamazi.info\/funavuv\/wp\/v2\/posts\/1026405\/revisions"}],"wp:featuredmedia":[{"embeddable":true,"href":"https:\/\/darkamazi.info\/funavuv\/wp\/v2\/media\/1026407"}],"wp:attachment":[{"href":"https:\/\/darkamazi.info\/funavuv\/wp\/v2\/media?parent=1026405"}],"wp:term":[{"taxonomy":"category","embeddable":true,"href":"https:\/\/darkamazi.info\/funavuv\/wp\/v2\/categories?post=1026405"},{"taxonomy":"post_tag","embeddable":true,"href":"https:\/\/darkamazi.info\/funavuv\/wp\/v2\/tags?post=1026405"}],"curies":[{"name":"wp","href":"https:\/\/api.w.org\/{rel}","templated":true}]}}