{"id":1026454,"date":"2021-10-25T17:56:26","date_gmt":"2021-10-25T14:56:26","guid":{"rendered":"https:\/\/darkamazi.info\/?p=1026454"},"modified":"2021-10-25T17:56:26","modified_gmt":"2021-10-25T14:56:26","slug":"qendil-nameyek-ji-hdpe-re-rekir","status":"publish","type":"post","link":"https:\/\/darkamazi.info\/archives\/1026454","title":{"rendered":"Qend\u00eel nameyek ji HDP\u00ea re r\u00eakir!"},"content":{"rendered":"<h3 style=\"text-align: justify\"><span style=\"font-family: 'arial black', sans-serif\">Qend\u00eel\u00ea di derbar\u00ea tifaqa di hilbijartin\u00ean Tirkiye de nameyek ji HDP\u00ea re r\u00eakir. Nama ku Qend\u00eel\u00ea ji HDP\u00ea re r\u00eakir\u00ee hate e\u015fkerekirin \u00fb balk\u00ea\u015fe ku di medya Tirk\u00ee de cih girt.<\/span><\/h3>\n<h3 style=\"text-align: justify\">Ji ber\u00ea p\u00eade t\u00ea gotin ku, tu \u00eeradeya HDP\u00ea ya siyas\u00ee tuneye,yan\u00ee HDP tu cara bi ser\u00ea xwe nikare biryara bide. Serkaniya biryar\u00ean HDP\u00ea Qendil e.<\/h3>\n<h3 style=\"text-align: justify\">Qend\u00eel di ber\u015fek nameya xwe de dib\u00eaje: Div\u00ea ji bo hilbijartin\u00ean serokkomariya amadevaniyek hebe. Di tura yekem de em\u00ea bi kand\u00eedat\u00ean xwe be\u015fdar bibin. Ji niha ve gerek kand\u00eedatek b\u00ea amade kirin. Ji bo tura duyem j\u00ee gerek em ji niha ve prens\u00eeb\u00ean xwe kif\u015f bikin. D\u00ea di hilbijartin\u00ean gi\u015ft\u00ee de siyaseta me \u00e7ibe? Em\u00ea tifaqek ferm\u00ee p\u00eakb\u00eenin yan j\u00ee wek 31\u00ea Adar\u00ea em\u00ea ji derve pi\u015fgiriyek\u00ee bikin. D\u00ea nizingahiya me ji partiy\u00ean muxalefet\u00ea y\u00ean ku n\u00fb hatine damezirandin \u00e7ewebe? Hun j\u00ee d\u00eetin\u00ean xwe kif\u015f bikin d\u00ea ji bo p\u00eavajoy\u00ea j\u00ee ba\u015ftir be.<\/h3>\n<h3 style=\"text-align: justify\">Herweha Qend\u00eel ji bo tifaq\u00ean li gel CHP\u2019\u00ea \u00fb IYI Partiy\u00ea j\u00ee di nameya xwe de dib\u00eaje: Partiy\u00ean wek CHP \u00fb IYI Part\u00ee vekir\u00ee li gel HDP\u00ea p\u00eawendiya danaynin. L\u00ea ew dizanin ku ji bo hilbijartina HDP ji bo wan gelek\u00ee gir\u00eeng e. Ew dizanin ku ne ji HDP\u00ea be nikarin serbikevin \u00fb daw\u00ee li desthilata AKP\u2019\u00ea \u00fb MHP\u2019\u00ea b\u00eenin. Div\u00ea HDP bi van partiyan bide fam kirin ku, eger hun dirust\u00ee n\u00eazing\u00ee me bibin em\u00ea wek hilbijartin\u00ean \u015feredariya n\u00eazik\u00ee we bibin, h\u00fbn v\u00ea nekin h\u00fbn\u00ea winda bikin. Div\u00ea HDP bi v\u00ee away\u00ee h\u00eaviyek\u00ee bide wan.<\/h3>\n","protected":false},"excerpt":{"rendered":"<p>Qend\u00eel\u00ea di derbar\u00ea tifaqa di hilbijartin\u00ean Tirkiye de nameyek ji HDP\u00ea re r\u00eakir. Nama ku Qend\u00eel\u00ea ji HDP\u00ea re r\u00eakir\u00ee hate e\u015fkerekirin \u00fb balk\u00ea\u015fe ku di medya Tirk\u00ee de cih girt. Ji ber\u00ea p\u00eade t\u00ea gotin ku, tu \u00eeradeya HDP\u00ea ya siyas\u00ee tuneye,yan\u00ee HDP tu cara bi ser\u00ea xwe nikare biryara bide. Serkaniya biryar\u00ean HDP\u00ea [&hellip;]<\/p>\n","protected":false},"author":2,"featured_media":1026457,"comment_status":"closed","ping_status":"closed","sticky":false,"template":"","format":"standard","meta":{"footnotes":""},"categories":[29],"tags":[37],"class_list":["post-1026454","post","type-post","status-publish","format-standard","has-post-thumbnail","hentry","category-kurdistan","tag-sereke"],"blocksy_meta":[],"seo_head":"<!-- This site is optimized with the Yoast SEO plugin v27.5 - https:\/\/yoast.com\/product\/yoast-seo-wordpress\/ -->\n<title>Qend\u00eel nameyek ji HDP\u00ea re r\u00eakir! - Darka Maz\u00ee<\/title>\n<meta name=\"robots\" content=\"index, follow, max-snippet:-1, max-image-preview:large, max-video-preview:-1\" \/>\n<link rel=\"canonical\" href=\"https:\/\/darkamazi.info\/archives\/1026454\" \/>\n<meta property=\"og:locale\" content=\"en_US\" \/>\n<meta property=\"og:type\" content=\"article\" \/>\n<meta property=\"og:title\" content=\"Qend\u00eel nameyek ji HDP\u00ea re r\u00eakir! - Darka Maz\u00ee\" \/>\n<meta property=\"og:description\" content=\"Qend\u00eel\u00ea di derbar\u00ea tifaqa di hilbijartin\u00ean Tirkiye de nameyek ji HDP\u00ea re r\u00eakir. Nama ku Qend\u00eel\u00ea ji HDP\u00ea re r\u00eakir\u00ee hate e\u015fkerekirin \u00fb balk\u00ea\u015fe ku di medya Tirk\u00ee de cih girt. Ji ber\u00ea p\u00eade t\u00ea gotin ku, tu \u00eeradeya HDP\u00ea ya siyas\u00ee tuneye,yan\u00ee HDP tu cara bi ser\u00ea xwe nikare biryara bide. Serkaniya biryar\u00ean HDP\u00ea [&hellip;]\" \/>\n<meta property=\"og:url\" content=\"https:\/\/darkamazi.info\/archives\/1026454\" \/>\n<meta property=\"og:site_name\" content=\"Darka Maz\u00ee\" \/>\n<meta property=\"article:publisher\" content=\"https:\/\/www.facebook.com\/DarMaziKurmanci\" \/>\n<meta property=\"article:published_time\" content=\"2021-10-25T14:56:26+00:00\" \/>\n<meta property=\"og:image\" content=\"https:\/\/darkamazi.info\/file\/2021\/10\/gropa-pkk.jpg\" \/>\n\t<meta property=\"og:image:width\" content=\"900\" \/>\n\t<meta property=\"og:image:height\" content=\"497\" \/>\n\t<meta property=\"og:image:type\" content=\"image\/jpeg\" \/>\n<meta name=\"author\" content=\"darka mazi\" \/>\n<meta name=\"twitter:card\" content=\"summary_large_image\" \/>\n<meta name=\"twitter:creator\" content=\"@DarkaMaziLatini\" \/>\n<meta name=\"twitter:site\" content=\"@DarkaMaziLatini\" \/>\n<meta name=\"twitter:label1\" content=\"Written by\" \/>\n\t<meta name=\"twitter:data1\" content=\"darka mazi\" \/>\n\t<meta name=\"twitter:label2\" content=\"Est. reading time\" \/>\n\t<meta name=\"twitter:data2\" content=\"1 minute\" \/>\n<script type=\"application\/ld+json\" class=\"seo-schema-graph\">{\"@context\":\"https:\\\/\\\/schema.org\",\"@graph\":[{\"@type\":\"Article\",\"@id\":\"https:\\\/\\\/darkamazi.info\\\/archives\\\/1026454#article\",\"isPartOf\":{\"@id\":\"https:\\\/\\\/darkamazi.info\\\/archives\\\/1026454\"},\"author\":{\"name\":\"darka mazi\",\"@id\":\"https:\\\/\\\/darkamazi.info\\\/#\\\/schema\\\/person\\\/5ad3e24553a0567993fa8ed4bd0a776c\"},\"headline\":\"Qend\u00eel nameyek ji HDP\u00ea re r\u00eakir!\",\"datePublished\":\"2021-10-25T14:56:26+00:00\",\"mainEntityOfPage\":{\"@id\":\"https:\\\/\\\/darkamazi.info\\\/archives\\\/1026454\"},\"wordCount\":292,\"publisher\":{\"@id\":\"https:\\\/\\\/darkamazi.info\\\/#organization\"},\"image\":{\"@id\":\"https:\\\/\\\/darkamazi.info\\\/archives\\\/1026454#primaryimage\"},\"thumbnailUrl\":\"https:\\\/\\\/darkamazi.info\\\/darka-content\\\/uploads\\\/2021\\\/10\\\/gropa-pkk.jpg\",\"keywords\":[\"sereke\"],\"articleSection\":[\"Kurdistan\"],\"inLanguage\":\"en-US\"},{\"@type\":\"WebPage\",\"@id\":\"https:\\\/\\\/darkamazi.info\\\/archives\\\/1026454\",\"url\":\"https:\\\/\\\/darkamazi.info\\\/archives\\\/1026454\",\"name\":\"Qend\u00eel nameyek ji HDP\u00ea re r\u00eakir! - Darka Maz\u00ee\",\"isPartOf\":{\"@id\":\"https:\\\/\\\/darkamazi.info\\\/#website\"},\"primaryImageOfPage\":{\"@id\":\"https:\\\/\\\/darkamazi.info\\\/archives\\\/1026454#primaryimage\"},\"image\":{\"@id\":\"https:\\\/\\\/darkamazi.info\\\/archives\\\/1026454#primaryimage\"},\"thumbnailUrl\":\"https:\\\/\\\/darkamazi.info\\\/darka-content\\\/uploads\\\/2021\\\/10\\\/gropa-pkk.jpg\",\"datePublished\":\"2021-10-25T14:56:26+00:00\",\"breadcrumb\":{\"@id\":\"https:\\\/\\\/darkamazi.info\\\/archives\\\/1026454#breadcrumb\"},\"inLanguage\":\"en-US\",\"potentialAction\":[{\"@type\":\"ReadAction\",\"target\":[\"https:\\\/\\\/darkamazi.info\\\/archives\\\/1026454\"]}]},{\"@type\":\"ImageObject\",\"inLanguage\":\"en-US\",\"@id\":\"https:\\\/\\\/darkamazi.info\\\/archives\\\/1026454#primaryimage\",\"url\":\"https:\\\/\\\/darkamazi.info\\\/darka-content\\\/uploads\\\/2021\\\/10\\\/gropa-pkk.jpg\",\"contentUrl\":\"https:\\\/\\\/darkamazi.info\\\/darka-content\\\/uploads\\\/2021\\\/10\\\/gropa-pkk.jpg\",\"width\":900,\"height\":497,\"caption\":\"Qend\u00eel nameyek ji HDP\u00ea re r\u00eakir!\"},{\"@type\":\"BreadcrumbList\",\"@id\":\"https:\\\/\\\/darkamazi.info\\\/archives\\\/1026454#breadcrumb\",\"itemListElement\":[{\"@type\":\"ListItem\",\"position\":1,\"name\":\"Home\",\"item\":\"https:\\\/\\\/darkamazi.info\\\/\"},{\"@type\":\"ListItem\",\"position\":2,\"name\":\"Qend\u00eel nameyek ji HDP\u00ea re r\u00eakir!\"}]},{\"@type\":\"WebSite\",\"@id\":\"https:\\\/\\\/darkamazi.info\\\/#website\",\"url\":\"https:\\\/\\\/darkamazi.info\\\/\",\"name\":\"Darka Maz\u00ee\",\"description\":\"P\u00eageha Zanyariy\u00ean Nebih\u00eest\u00ee\",\"publisher\":{\"@id\":\"https:\\\/\\\/darkamazi.info\\\/#organization\"},\"potentialAction\":[{\"@type\":\"SearchAction\",\"target\":{\"@type\":\"EntryPoint\",\"urlTemplate\":\"https:\\\/\\\/darkamazi.info\\\/?s={search_term_string}\"},\"query-input\":{\"@type\":\"PropertyValueSpecification\",\"valueRequired\":true,\"valueName\":\"search_term_string\"}}],\"inLanguage\":\"en-US\"},{\"@type\":\"Organization\",\"@id\":\"https:\\\/\\\/darkamazi.info\\\/#organization\",\"name\":\"Darka Maz\u00ee\",\"url\":\"https:\\\/\\\/darkamazi.info\\\/\",\"logo\":{\"@type\":\"ImageObject\",\"inLanguage\":\"en-US\",\"@id\":\"https:\\\/\\\/darkamazi.info\\\/#\\\/schema\\\/logo\\\/image\\\/\",\"url\":\"https:\\\/\\\/darkamazi.info\\\/darka-content\\\/uploads\\\/2017\\\/12\\\/darka-mazi-logo.png\",\"contentUrl\":\"https:\\\/\\\/darkamazi.info\\\/darka-content\\\/uploads\\\/2017\\\/12\\\/darka-mazi-logo.png\",\"width\":151,\"height\":75,\"caption\":\"Darka Maz\u00ee\"},\"image\":{\"@id\":\"https:\\\/\\\/darkamazi.info\\\/#\\\/schema\\\/logo\\\/image\\\/\"},\"sameAs\":[\"https:\\\/\\\/www.facebook.com\\\/DarMaziKurmanci\",\"https:\\\/\\\/x.com\\\/DarkaMaziLatini\",\"https:\\\/\\\/www.instagram.com\\\/darkamazi.kurmanci\\\/\",\"https:\\\/\\\/www.youtube.com\\\/channel\\\/UCa5HkTdmI8U1qCUFuTw8B2g\"]},{\"@type\":\"Person\",\"@id\":\"https:\\\/\\\/darkamazi.info\\\/#\\\/schema\\\/person\\\/5ad3e24553a0567993fa8ed4bd0a776c\",\"name\":\"darka mazi\",\"sameAs\":[\"https:\\\/\\\/darkamazi.info\\\/\"],\"url\":\"https:\\\/\\\/darkamazi.info\\\/archives\\\/author\\\/kurdi\"}]}<\/script>\n<!-- \/ Yoast SEO plugin. -->","seo_head_json":{"title":"Qend\u00eel nameyek ji HDP\u00ea re r\u00eakir! - Darka Maz\u00ee","robots":{"index":"index","follow":"follow","max-snippet":"max-snippet:-1","max-image-preview":"max-image-preview:large","max-video-preview":"max-video-preview:-1"},"canonical":"https:\/\/darkamazi.info\/archives\/1026454","og_locale":"en_US","og_type":"article","og_title":"Qend\u00eel nameyek ji HDP\u00ea re r\u00eakir! - Darka Maz\u00ee","og_description":"Qend\u00eel\u00ea di derbar\u00ea tifaqa di hilbijartin\u00ean Tirkiye de nameyek ji HDP\u00ea re r\u00eakir. Nama ku Qend\u00eel\u00ea ji HDP\u00ea re r\u00eakir\u00ee hate e\u015fkerekirin \u00fb balk\u00ea\u015fe ku di medya Tirk\u00ee de cih girt. Ji ber\u00ea p\u00eade t\u00ea gotin ku, tu \u00eeradeya HDP\u00ea ya siyas\u00ee tuneye,yan\u00ee HDP tu cara bi ser\u00ea xwe nikare biryara bide. Serkaniya biryar\u00ean HDP\u00ea [&hellip;]","og_url":"https:\/\/darkamazi.info\/archives\/1026454","og_site_name":"Darka Maz\u00ee","article_publisher":"https:\/\/www.facebook.com\/DarMaziKurmanci","article_published_time":"2021-10-25T14:56:26+00:00","og_image":[{"width":900,"height":497,"url":"https:\/\/darkamazi.info\/file\/2021\/10\/gropa-pkk.jpg","type":"image\/jpeg"}],"author":"darka mazi","twitter_card":"summary_large_image","twitter_creator":"@DarkaMaziLatini","twitter_site":"@DarkaMaziLatini","twitter_misc":{"Written by":"darka mazi","Est. reading time":"1 minute"},"schema":{"@context":"https:\/\/schema.org","@graph":[{"@type":"Article","@id":"https:\/\/darkamazi.info\/archives\/1026454#article","isPartOf":{"@id":"https:\/\/darkamazi.info\/archives\/1026454"},"author":{"name":"darka mazi","@id":"https:\/\/darkamazi.info\/#\/schema\/person\/5ad3e24553a0567993fa8ed4bd0a776c"},"headline":"Qend\u00eel nameyek ji HDP\u00ea re r\u00eakir!","datePublished":"2021-10-25T14:56:26+00:00","mainEntityOfPage":{"@id":"https:\/\/darkamazi.info\/archives\/1026454"},"wordCount":292,"publisher":{"@id":"https:\/\/darkamazi.info\/#organization"},"image":{"@id":"https:\/\/darkamazi.info\/archives\/1026454#primaryimage"},"thumbnailUrl":"https:\/\/darkamazi.info\/file\/2021\/10\/gropa-pkk.jpg","keywords":["sereke"],"articleSection":["Kurdistan"],"inLanguage":"en-US"},{"@type":"WebPage","@id":"https:\/\/darkamazi.info\/archives\/1026454","url":"https:\/\/darkamazi.info\/archives\/1026454","name":"Qend\u00eel nameyek ji HDP\u00ea re r\u00eakir! - Darka Maz\u00ee","isPartOf":{"@id":"https:\/\/darkamazi.info\/#website"},"primaryImageOfPage":{"@id":"https:\/\/darkamazi.info\/archives\/1026454#primaryimage"},"image":{"@id":"https:\/\/darkamazi.info\/archives\/1026454#primaryimage"},"thumbnailUrl":"https:\/\/darkamazi.info\/file\/2021\/10\/gropa-pkk.jpg","datePublished":"2021-10-25T14:56:26+00:00","breadcrumb":{"@id":"https:\/\/darkamazi.info\/archives\/1026454#breadcrumb"},"inLanguage":"en-US","potentialAction":[{"@type":"ReadAction","target":["https:\/\/darkamazi.info\/archives\/1026454"]}]},{"@type":"ImageObject","inLanguage":"en-US","@id":"https:\/\/darkamazi.info\/archives\/1026454#primaryimage","url":"https:\/\/darkamazi.info\/file\/2021\/10\/gropa-pkk.jpg","contentUrl":"https:\/\/darkamazi.info\/file\/2021\/10\/gropa-pkk.jpg","width":900,"height":497,"caption":"Qend\u00eel nameyek ji HDP\u00ea re r\u00eakir!"},{"@type":"BreadcrumbList","@id":"https:\/\/darkamazi.info\/archives\/1026454#breadcrumb","itemListElement":[{"@type":"ListItem","position":1,"name":"Home","item":"https:\/\/darkamazi.info\/"},{"@type":"ListItem","position":2,"name":"Qend\u00eel nameyek ji HDP\u00ea re r\u00eakir!"}]},{"@type":"WebSite","@id":"https:\/\/darkamazi.info\/#website","url":"https:\/\/darkamazi.info\/","name":"Darka Maz\u00ee","description":"P\u00eageha Zanyariy\u00ean Nebih\u00eest\u00ee","publisher":{"@id":"https:\/\/darkamazi.info\/#organization"},"potentialAction":[{"@type":"SearchAction","target":{"@type":"EntryPoint","urlTemplate":"https:\/\/darkamazi.info\/?s={search_term_string}"},"query-input":{"@type":"PropertyValueSpecification","valueRequired":true,"valueName":"search_term_string"}}],"inLanguage":"en-US"},{"@type":"Organization","@id":"https:\/\/darkamazi.info\/#organization","name":"Darka Maz\u00ee","url":"https:\/\/darkamazi.info\/","logo":{"@type":"ImageObject","inLanguage":"en-US","@id":"https:\/\/darkamazi.info\/#\/schema\/logo\/image\/","url":"https:\/\/darkamazi.info\/file\/2017\/12\/darka-mazi-logo.png","contentUrl":"https:\/\/darkamazi.info\/file\/2017\/12\/darka-mazi-logo.png","width":151,"height":75,"caption":"Darka Maz\u00ee"},"image":{"@id":"https:\/\/darkamazi.info\/#\/schema\/logo\/image\/"},"sameAs":["https:\/\/www.facebook.com\/DarMaziKurmanci","https:\/\/x.com\/DarkaMaziLatini","https:\/\/www.instagram.com\/darkamazi.kurmanci\/","https:\/\/www.youtube.com\/channel\/UCa5HkTdmI8U1qCUFuTw8B2g"]},{"@type":"Person","@id":"https:\/\/darkamazi.info\/#\/schema\/person\/5ad3e24553a0567993fa8ed4bd0a776c","name":"darka mazi","sameAs":["https:\/\/darkamazi.info\/"],"url":"https:\/\/darkamazi.info\/archives\/author\/kurdi"}]}},"_links":{"self":[{"href":"https:\/\/darkamazi.info\/funavuv\/wp\/v2\/posts\/1026454","targetHints":{"allow":["GET"]}}],"collection":[{"href":"https:\/\/darkamazi.info\/funavuv\/wp\/v2\/posts"}],"about":[{"href":"https:\/\/darkamazi.info\/funavuv\/wp\/v2\/types\/post"}],"author":[{"embeddable":true,"href":"https:\/\/darkamazi.info\/funavuv\/wp\/v2\/users\/2"}],"replies":[{"embeddable":true,"href":"https:\/\/darkamazi.info\/funavuv\/wp\/v2\/comments?post=1026454"}],"version-history":[{"count":0,"href":"https:\/\/darkamazi.info\/funavuv\/wp\/v2\/posts\/1026454\/revisions"}],"wp:featuredmedia":[{"embeddable":true,"href":"https:\/\/darkamazi.info\/funavuv\/wp\/v2\/media\/1026457"}],"wp:attachment":[{"href":"https:\/\/darkamazi.info\/funavuv\/wp\/v2\/media?parent=1026454"}],"wp:term":[{"taxonomy":"category","embeddable":true,"href":"https:\/\/darkamazi.info\/funavuv\/wp\/v2\/categories?post=1026454"},{"taxonomy":"post_tag","embeddable":true,"href":"https:\/\/darkamazi.info\/funavuv\/wp\/v2\/tags?post=1026454"}],"curies":[{"name":"wp","href":"https:\/\/api.w.org\/{rel}","templated":true}]}}