{"id":1026576,"date":"2021-10-31T20:53:15","date_gmt":"2021-10-31T17:53:15","guid":{"rendered":"https:\/\/darkamazi.info\/?p=1026576"},"modified":"2021-10-31T20:53:15","modified_gmt":"2021-10-31T17:53:15","slug":"osman-baydemir-yan-we-mevantiya-li-kurdistane-qebul-bikin-yan-ji-cirantiya-we","status":"publish","type":"post","link":"https:\/\/darkamazi.info\/archives\/1026576","title":{"rendered":"Osman Baydem\u00eer: Yan w\u00ea m\u00eavantiya li Kurdistan\u00ea qeb\u00fbl bikin, yan j\u00ee c\u00eerantiya w\u00ea!"},"content":{"rendered":"<h3 style=\"text-align: justify\"><span style=\"font-family: 'arial black', sans-serif\">Parlamentar \u00fb \u015faredar\u00ea ber\u00ea y\u00ea Diyarbekir\u00ea Osman Baydemir bersiv da pirsa derbar\u00ea bin\u00e7avkirina welatiy\u00ea bi nav\u00ea Cem\u00eel Ta\u015fkesen ku ji Meral Ak\u015fener re gotib\u00fb, \u2018Ev der Kurdistan e, t\u00ea \u00eenkarkirin\u2019 \u00fb got: \u201cDiv\u00ea dagirker bizanibin ku ew axa niha weke m\u00eavan l\u00ea ne, yan d\u00ea wek Kurdistan qeb\u00fbl bikin yan j\u00ee d\u00ea di pa\u015feroj\u00ea de bibin c\u00eeran\u00ean Kurdistan\u00ea.\u201d<\/span><\/h3>\n<h3 style=\"text-align: justify\">Serok\u00ea ber\u00ea y\u00ea \u015earedariya Bajar\u00ea Mezin a Amed\u00ea \u00fb Parlamenter\u00ea ber\u00ea y\u00ea HDP\u00ea y\u00ea Rihay\u00ea, Osman Baydemir \u00eero Yek\u015fem\u00ee 31\u00ea Cotmeha 2021an li Par\u00ees\u00ea be\u015fdar\u00ee bernameya b\u00eeran\u00eena Par\u00eazgar\u00ea Kerk\u00fbk\u00ea y\u00ea ber\u00ea Necmed\u00een Ker\u00eem kir ku ji aliy\u00ea Enist\u00eetuya Kurd\u00ee ya Par\u00ees\u00ea ve hatib\u00fb sazkirin.<\/h3>\n<h3 style=\"text-align: justify\">Osman Baydem\u00eer pi\u015ft\u00ee bernamey\u00ea li ser b\u00fbyera li S\u00eart\u00ea ya n\u00eeqa\u015fa di navebra welatiyek\u00ee Kurd \u00fb Seroka IYI Partiy\u00ea Meral Ak\u015fener de li ser Kurdistan\u00ea bersiva peyamn\u00ear\u00ea R\u00fbdaw\u00ea Zinar \u015e\u00eeno da \u00fb got: \u201cLi ser dest\u00fbra we \u00fb dest\u00fbra tema\u015fevan\u00ean we, ew birader\u00ea me (Cemil Ta\u015fkesen) ez dil\u00ea w\u00ee ma\u00e7\u00ee dikim, bi rast\u00ee j\u00ee mala w\u00ee hezar car ava \u00fb ew der Kurdistan e \u00fb Kurdistan hezar caran ava. Lazim e dagirker bizanibin ku ew axa niha weke m\u00eavan l\u00ea ne, ew axa yan d\u00ea wek Kurdistan qeb\u00fbl bikin an j\u00ee d\u00ea pa\u015feroj\u00ea de bibin c\u00eeran\u00ean Kurdistan\u00ea.\u201d<\/h3>\n<h3 style=\"text-align: justify\">Baydem\u00eer siyaseta \u00eenkarkirina gel\u00ea Kurd \u00fb \u00e7areniv\u00eesa rej\u00eem\u00ean \u00eenkarker li Rojhilata Nav\u00een bi b\u00eer xist \u00fb diyar kir, \u201cSedam j\u00ee Kurdistan nas nedikir ku xwed\u00ee h\u00eazeke diyar b\u00fb. Rej\u00eema Beis a S\u00fbriy\u00ea j\u00ee Kurdistan nas nedikir. Rew\u015fa rej\u00eema Beis\u00ea \u00eero li Rojhilata Nav\u00een diyar e.\u201d<\/h3>\n<h3 style=\"text-align: justify\">Baydemir behsa hewldan\u00ean a\u015ftiyane y\u00ean gel\u00ea Kurd di dir\u00eajiya d\u00eerok\u00ea de kir \u00fb da xuyakirin, tev\u00ee ku gel\u00ea Kurd tim dest\u00ea xw\u00ee\u015fk \u00fb biratiy\u00ea dir\u00eaj dike, l\u00ea aliy\u00ean beramber \u201cji xw\u00ee\u015fk \u00fb biratiy\u00ea f\u00eam nakin\u201d. Baydemir wiha got, \u201cDiv\u00ea em ba\u015f b\u00eenin b\u00eera xwe ku mixabin ev hezar sal in Kurd dest\u00ea xwe y\u00ea xw\u00ee\u015fk \u00fb biratiy\u00ea dir\u00eaj\u00ee wan dike. Bi tayebt\u00ee di v\u00ea sedsala dawiy\u00ea de em ji bo xatir\u00ea \u015fer \u00fb pev\u00e7\u00fbn \u00e7\u00eanebin \u00fb maf\u00ea me b\u00ean naskirin me dest\u00ea xwe dir\u00eaj\u00ee wan kiriye, l\u00ea mixabin ew ji xw\u00ee\u015fk \u00fb biratiy\u00ea f\u00eam nakin.\u201d<\/h3>\n<h3 style=\"text-align: justify\">Siyasetvan\u00ea Kurd Osman Baydemir di be\u015feke din ji axaftina xwe de li ser helwesta xirab a Seroka IYI Partiy\u00ea Meral Ak\u015fener a li hember welatiy\u00ea Kurd \u00ea li S\u00eart\u00ea \u00fb desteserkirina w\u00ee pi\u015ft\u00ee bikaran\u00eena nav\u00ea Kurdistan\u00ea neraz\u00eeb\u00fbna xwe wiha n\u00ee\u015fan da \u00fb got: \u201cMeral Ak\u015fener yek ji opozisyona her\u00ee bih\u00eaz e, l\u00ea mixabin ew Kurdistan\u00ea nas nake. Kesek dib\u00eaje \u2018ev der Kurdistan e yekser t\u00ea desteserkirin\u2019. H\u00eaj Meral neb\u00fbye desthilatdar ev yek t\u00ea encamdan, gelo ew bibie desthilatdar d\u00ea ka \u00e7i bike.\u201d<\/h3>\n<h3 style=\"text-align: justify\">Baydemir diyar kir, \u201cDiv\u00ea em weke Kurd\u00ean \u00e7ar per\u00e7ey\u00ean Kurdistan\u00ea bizanin ku ew me weke xwi\u015fk \u00fb bira qeb\u00fbl nakin \u00fb me weke xwe nab\u00eenin\u201d\u00a0 \u00fb wiha p\u00ea de \u00e7\u00fb: \u201cDiv\u00ea em li koka xwe vegerin \u00fb li koka xwe xwed\u00ee derbikevin \u00fb koka me Kurdistan\u00ee ye \u00fb Kurdistan j\u00ee ne \u00e7ar e, l\u00ea yek e. Dema ew s\u00eenor\u00ean hatine dan\u00een ji bav \u00fb kal\u00ean me nepirs\u00een \u00fb ji me j\u00ee nepirs\u00een. L\u00ea div\u00ea \u00eero me Kurdistan\u00ea bixin di nav dil \u00fb mejiy\u00ea xwe de weke w\u00ee biradar\u00ee me Cemil kir\u00ee. W\u00ea dem\u00ea ti dagirker d\u00ea nekare Kurdistan\u00ea tine bike. Heta yek Kurd hebe Kurdistan d\u00ea di dil\u00ea w\u00ee de bij\u00ee \u00fb d\u00ea mayinde j\u00ee bibe.\u201d<\/h3>\n<h3 style=\"text-align: justify\">Osman Baydem\u00eer j\u00ee di sala 2017an de ji ber bikaran\u00eena nav\u00ea Kurdistan\u00ea di parlamentoya Tirkiy\u00ea de rast\u00ee bertek\u00ean parlamenter\u00ean Tirk hatib\u00fb \u00fb li ser pirsa seroka parlamen\u00ea ya \u2018Kurdistan ku der e?\u2019 j\u00ee dest\u00ea xwe dan\u00eeb\u00fb ser dil\u00ea xwe \u00fb gotib\u00fb: \u201cAha ev der e bir\u00eaz Serok, aha evder e Kurdistan.\u201d<\/h3>\n<h3 style=\"text-align: justify\">Baydem\u00eer ji ber bikaran\u00eena nav\u00ea \u201cKurdistan\u201d bi awayek\u00ee demk\u00ee ji parlamentoya Tirkiy\u00ea j\u00ee hatib\u00fb derxistin.<\/h3>\n","protected":false},"excerpt":{"rendered":"<p>Parlamentar \u00fb \u015faredar\u00ea ber\u00ea y\u00ea Diyarbekir\u00ea Osman Baydemir bersiv da pirsa derbar\u00ea bin\u00e7avkirina welatiy\u00ea bi nav\u00ea Cem\u00eel Ta\u015fkesen ku ji Meral Ak\u015fener re gotib\u00fb, \u2018Ev der Kurdistan e, t\u00ea \u00eenkarkirin\u2019 \u00fb got: \u201cDiv\u00ea dagirker bizanibin ku ew axa niha weke m\u00eavan l\u00ea ne, yan d\u00ea wek Kurdistan qeb\u00fbl bikin yan j\u00ee d\u00ea di pa\u015feroj\u00ea de [&hellip;]<\/p>\n","protected":false},"author":2,"featured_media":1026577,"comment_status":"closed","ping_status":"closed","sticky":false,"template":"","format":"standard","meta":{"footnotes":""},"categories":[29],"tags":[37],"class_list":["post-1026576","post","type-post","status-publish","format-standard","has-post-thumbnail","hentry","category-kurdistan","tag-sereke"],"blocksy_meta":[],"seo_head":"<!-- This site is optimized with the Yoast SEO plugin v27.5 - https:\/\/yoast.com\/product\/yoast-seo-wordpress\/ -->\n<title>Osman Baydem\u00eer: Yan w\u00ea m\u00eavantiya li Kurdistan\u00ea qeb\u00fbl bikin, yan j\u00ee c\u00eerantiya w\u00ea! - Darka Maz\u00ee<\/title>\n<meta name=\"robots\" content=\"index, follow, max-snippet:-1, max-image-preview:large, max-video-preview:-1\" \/>\n<link rel=\"canonical\" href=\"https:\/\/darkamazi.info\/archives\/1026576\" \/>\n<meta property=\"og:locale\" content=\"en_US\" \/>\n<meta property=\"og:type\" content=\"article\" \/>\n<meta property=\"og:title\" content=\"Osman Baydem\u00eer: Yan w\u00ea m\u00eavantiya li Kurdistan\u00ea qeb\u00fbl bikin, yan j\u00ee c\u00eerantiya w\u00ea! - Darka Maz\u00ee\" \/>\n<meta property=\"og:description\" content=\"Parlamentar \u00fb \u015faredar\u00ea ber\u00ea y\u00ea Diyarbekir\u00ea Osman Baydemir bersiv da pirsa derbar\u00ea bin\u00e7avkirina welatiy\u00ea bi nav\u00ea Cem\u00eel Ta\u015fkesen ku ji Meral Ak\u015fener re gotib\u00fb, \u2018Ev der Kurdistan e, t\u00ea \u00eenkarkirin\u2019 \u00fb got: \u201cDiv\u00ea dagirker bizanibin ku ew axa niha weke m\u00eavan l\u00ea ne, yan d\u00ea wek Kurdistan qeb\u00fbl bikin yan j\u00ee d\u00ea di pa\u015feroj\u00ea de [&hellip;]\" \/>\n<meta property=\"og:url\" content=\"https:\/\/darkamazi.info\/archives\/1026576\" \/>\n<meta property=\"og:site_name\" content=\"Darka Maz\u00ee\" \/>\n<meta property=\"article:publisher\" content=\"https:\/\/www.facebook.com\/DarMaziKurmanci\" \/>\n<meta property=\"article:published_time\" content=\"2021-10-31T17:53:15+00:00\" \/>\n<meta property=\"og:image\" content=\"https:\/\/darkamazi.info\/file\/2021\/10\/osman-baydemir.jpg\" \/>\n\t<meta property=\"og:image:width\" content=\"900\" \/>\n\t<meta property=\"og:image:height\" content=\"497\" \/>\n\t<meta property=\"og:image:type\" content=\"image\/jpeg\" \/>\n<meta name=\"author\" content=\"darka mazi\" \/>\n<meta name=\"twitter:card\" content=\"summary_large_image\" \/>\n<meta name=\"twitter:creator\" content=\"@DarkaMaziLatini\" \/>\n<meta name=\"twitter:site\" content=\"@DarkaMaziLatini\" \/>\n<meta name=\"twitter:label1\" content=\"Written by\" \/>\n\t<meta name=\"twitter:data1\" content=\"darka mazi\" \/>\n\t<meta name=\"twitter:label2\" content=\"Est. reading time\" \/>\n\t<meta name=\"twitter:data2\" content=\"3 minutes\" \/>\n<script type=\"application\/ld+json\" class=\"seo-schema-graph\">{\"@context\":\"https:\\\/\\\/schema.org\",\"@graph\":[{\"@type\":\"Article\",\"@id\":\"https:\\\/\\\/darkamazi.info\\\/archives\\\/1026576#article\",\"isPartOf\":{\"@id\":\"https:\\\/\\\/darkamazi.info\\\/archives\\\/1026576\"},\"author\":{\"name\":\"darka mazi\",\"@id\":\"https:\\\/\\\/darkamazi.info\\\/#\\\/schema\\\/person\\\/5ad3e24553a0567993fa8ed4bd0a776c\"},\"headline\":\"Osman Baydem\u00eer: Yan w\u00ea m\u00eavantiya li Kurdistan\u00ea qeb\u00fbl bikin, yan j\u00ee c\u00eerantiya w\u00ea!\",\"datePublished\":\"2021-10-31T17:53:15+00:00\",\"mainEntityOfPage\":{\"@id\":\"https:\\\/\\\/darkamazi.info\\\/archives\\\/1026576\"},\"wordCount\":689,\"publisher\":{\"@id\":\"https:\\\/\\\/darkamazi.info\\\/#organization\"},\"image\":{\"@id\":\"https:\\\/\\\/darkamazi.info\\\/archives\\\/1026576#primaryimage\"},\"thumbnailUrl\":\"https:\\\/\\\/darkamazi.info\\\/darka-content\\\/uploads\\\/2021\\\/10\\\/osman-baydemir.jpg\",\"keywords\":[\"sereke\"],\"articleSection\":[\"Kurdistan\"],\"inLanguage\":\"en-US\"},{\"@type\":\"WebPage\",\"@id\":\"https:\\\/\\\/darkamazi.info\\\/archives\\\/1026576\",\"url\":\"https:\\\/\\\/darkamazi.info\\\/archives\\\/1026576\",\"name\":\"Osman Baydem\u00eer: Yan w\u00ea m\u00eavantiya li Kurdistan\u00ea qeb\u00fbl bikin, yan j\u00ee c\u00eerantiya w\u00ea! - Darka Maz\u00ee\",\"isPartOf\":{\"@id\":\"https:\\\/\\\/darkamazi.info\\\/#website\"},\"primaryImageOfPage\":{\"@id\":\"https:\\\/\\\/darkamazi.info\\\/archives\\\/1026576#primaryimage\"},\"image\":{\"@id\":\"https:\\\/\\\/darkamazi.info\\\/archives\\\/1026576#primaryimage\"},\"thumbnailUrl\":\"https:\\\/\\\/darkamazi.info\\\/darka-content\\\/uploads\\\/2021\\\/10\\\/osman-baydemir.jpg\",\"datePublished\":\"2021-10-31T17:53:15+00:00\",\"breadcrumb\":{\"@id\":\"https:\\\/\\\/darkamazi.info\\\/archives\\\/1026576#breadcrumb\"},\"inLanguage\":\"en-US\",\"potentialAction\":[{\"@type\":\"ReadAction\",\"target\":[\"https:\\\/\\\/darkamazi.info\\\/archives\\\/1026576\"]}]},{\"@type\":\"ImageObject\",\"inLanguage\":\"en-US\",\"@id\":\"https:\\\/\\\/darkamazi.info\\\/archives\\\/1026576#primaryimage\",\"url\":\"https:\\\/\\\/darkamazi.info\\\/darka-content\\\/uploads\\\/2021\\\/10\\\/osman-baydemir.jpg\",\"contentUrl\":\"https:\\\/\\\/darkamazi.info\\\/darka-content\\\/uploads\\\/2021\\\/10\\\/osman-baydemir.jpg\",\"width\":900,\"height\":497,\"caption\":\"Osman Baydem\u00eer: Yan w\u00ea m\u00eavantiya li Kurdistan\u00ea qeb\u00fbl bikin, yan j\u00ee c\u00eerantiya w\u00ea!\"},{\"@type\":\"BreadcrumbList\",\"@id\":\"https:\\\/\\\/darkamazi.info\\\/archives\\\/1026576#breadcrumb\",\"itemListElement\":[{\"@type\":\"ListItem\",\"position\":1,\"name\":\"Home\",\"item\":\"https:\\\/\\\/darkamazi.info\\\/\"},{\"@type\":\"ListItem\",\"position\":2,\"name\":\"Osman Baydem\u00eer: Yan w\u00ea m\u00eavantiya li Kurdistan\u00ea qeb\u00fbl bikin, yan j\u00ee c\u00eerantiya w\u00ea!\"}]},{\"@type\":\"WebSite\",\"@id\":\"https:\\\/\\\/darkamazi.info\\\/#website\",\"url\":\"https:\\\/\\\/darkamazi.info\\\/\",\"name\":\"Darka Maz\u00ee\",\"description\":\"P\u00eageha Zanyariy\u00ean Nebih\u00eest\u00ee\",\"publisher\":{\"@id\":\"https:\\\/\\\/darkamazi.info\\\/#organization\"},\"potentialAction\":[{\"@type\":\"SearchAction\",\"target\":{\"@type\":\"EntryPoint\",\"urlTemplate\":\"https:\\\/\\\/darkamazi.info\\\/?s={search_term_string}\"},\"query-input\":{\"@type\":\"PropertyValueSpecification\",\"valueRequired\":true,\"valueName\":\"search_term_string\"}}],\"inLanguage\":\"en-US\"},{\"@type\":\"Organization\",\"@id\":\"https:\\\/\\\/darkamazi.info\\\/#organization\",\"name\":\"Darka Maz\u00ee\",\"url\":\"https:\\\/\\\/darkamazi.info\\\/\",\"logo\":{\"@type\":\"ImageObject\",\"inLanguage\":\"en-US\",\"@id\":\"https:\\\/\\\/darkamazi.info\\\/#\\\/schema\\\/logo\\\/image\\\/\",\"url\":\"https:\\\/\\\/darkamazi.info\\\/darka-content\\\/uploads\\\/2017\\\/12\\\/darka-mazi-logo.png\",\"contentUrl\":\"https:\\\/\\\/darkamazi.info\\\/darka-content\\\/uploads\\\/2017\\\/12\\\/darka-mazi-logo.png\",\"width\":151,\"height\":75,\"caption\":\"Darka Maz\u00ee\"},\"image\":{\"@id\":\"https:\\\/\\\/darkamazi.info\\\/#\\\/schema\\\/logo\\\/image\\\/\"},\"sameAs\":[\"https:\\\/\\\/www.facebook.com\\\/DarMaziKurmanci\",\"https:\\\/\\\/x.com\\\/DarkaMaziLatini\",\"https:\\\/\\\/www.instagram.com\\\/darkamazi.kurmanci\\\/\",\"https:\\\/\\\/www.youtube.com\\\/channel\\\/UCa5HkTdmI8U1qCUFuTw8B2g\"]},{\"@type\":\"Person\",\"@id\":\"https:\\\/\\\/darkamazi.info\\\/#\\\/schema\\\/person\\\/5ad3e24553a0567993fa8ed4bd0a776c\",\"name\":\"darka mazi\",\"sameAs\":[\"https:\\\/\\\/darkamazi.info\\\/\"],\"url\":\"https:\\\/\\\/darkamazi.info\\\/archives\\\/author\\\/kurdi\"}]}<\/script>\n<!-- \/ Yoast SEO plugin. -->","seo_head_json":{"title":"Osman Baydem\u00eer: Yan w\u00ea m\u00eavantiya li Kurdistan\u00ea qeb\u00fbl bikin, yan j\u00ee c\u00eerantiya w\u00ea! - Darka Maz\u00ee","robots":{"index":"index","follow":"follow","max-snippet":"max-snippet:-1","max-image-preview":"max-image-preview:large","max-video-preview":"max-video-preview:-1"},"canonical":"https:\/\/darkamazi.info\/archives\/1026576","og_locale":"en_US","og_type":"article","og_title":"Osman Baydem\u00eer: Yan w\u00ea m\u00eavantiya li Kurdistan\u00ea qeb\u00fbl bikin, yan j\u00ee c\u00eerantiya w\u00ea! - Darka Maz\u00ee","og_description":"Parlamentar \u00fb \u015faredar\u00ea ber\u00ea y\u00ea Diyarbekir\u00ea Osman Baydemir bersiv da pirsa derbar\u00ea bin\u00e7avkirina welatiy\u00ea bi nav\u00ea Cem\u00eel Ta\u015fkesen ku ji Meral Ak\u015fener re gotib\u00fb, \u2018Ev der Kurdistan e, t\u00ea \u00eenkarkirin\u2019 \u00fb got: \u201cDiv\u00ea dagirker bizanibin ku ew axa niha weke m\u00eavan l\u00ea ne, yan d\u00ea wek Kurdistan qeb\u00fbl bikin yan j\u00ee d\u00ea di pa\u015feroj\u00ea de [&hellip;]","og_url":"https:\/\/darkamazi.info\/archives\/1026576","og_site_name":"Darka Maz\u00ee","article_publisher":"https:\/\/www.facebook.com\/DarMaziKurmanci","article_published_time":"2021-10-31T17:53:15+00:00","og_image":[{"width":900,"height":497,"url":"https:\/\/darkamazi.info\/file\/2021\/10\/osman-baydemir.jpg","type":"image\/jpeg"}],"author":"darka mazi","twitter_card":"summary_large_image","twitter_creator":"@DarkaMaziLatini","twitter_site":"@DarkaMaziLatini","twitter_misc":{"Written by":"darka mazi","Est. reading time":"3 minutes"},"schema":{"@context":"https:\/\/schema.org","@graph":[{"@type":"Article","@id":"https:\/\/darkamazi.info\/archives\/1026576#article","isPartOf":{"@id":"https:\/\/darkamazi.info\/archives\/1026576"},"author":{"name":"darka mazi","@id":"https:\/\/darkamazi.info\/#\/schema\/person\/5ad3e24553a0567993fa8ed4bd0a776c"},"headline":"Osman Baydem\u00eer: Yan w\u00ea m\u00eavantiya li Kurdistan\u00ea qeb\u00fbl bikin, yan j\u00ee c\u00eerantiya w\u00ea!","datePublished":"2021-10-31T17:53:15+00:00","mainEntityOfPage":{"@id":"https:\/\/darkamazi.info\/archives\/1026576"},"wordCount":689,"publisher":{"@id":"https:\/\/darkamazi.info\/#organization"},"image":{"@id":"https:\/\/darkamazi.info\/archives\/1026576#primaryimage"},"thumbnailUrl":"https:\/\/darkamazi.info\/file\/2021\/10\/osman-baydemir.jpg","keywords":["sereke"],"articleSection":["Kurdistan"],"inLanguage":"en-US"},{"@type":"WebPage","@id":"https:\/\/darkamazi.info\/archives\/1026576","url":"https:\/\/darkamazi.info\/archives\/1026576","name":"Osman Baydem\u00eer: Yan w\u00ea m\u00eavantiya li Kurdistan\u00ea qeb\u00fbl bikin, yan j\u00ee c\u00eerantiya w\u00ea! - Darka Maz\u00ee","isPartOf":{"@id":"https:\/\/darkamazi.info\/#website"},"primaryImageOfPage":{"@id":"https:\/\/darkamazi.info\/archives\/1026576#primaryimage"},"image":{"@id":"https:\/\/darkamazi.info\/archives\/1026576#primaryimage"},"thumbnailUrl":"https:\/\/darkamazi.info\/file\/2021\/10\/osman-baydemir.jpg","datePublished":"2021-10-31T17:53:15+00:00","breadcrumb":{"@id":"https:\/\/darkamazi.info\/archives\/1026576#breadcrumb"},"inLanguage":"en-US","potentialAction":[{"@type":"ReadAction","target":["https:\/\/darkamazi.info\/archives\/1026576"]}]},{"@type":"ImageObject","inLanguage":"en-US","@id":"https:\/\/darkamazi.info\/archives\/1026576#primaryimage","url":"https:\/\/darkamazi.info\/file\/2021\/10\/osman-baydemir.jpg","contentUrl":"https:\/\/darkamazi.info\/file\/2021\/10\/osman-baydemir.jpg","width":900,"height":497,"caption":"Osman Baydem\u00eer: Yan w\u00ea m\u00eavantiya li Kurdistan\u00ea qeb\u00fbl bikin, yan j\u00ee c\u00eerantiya w\u00ea!"},{"@type":"BreadcrumbList","@id":"https:\/\/darkamazi.info\/archives\/1026576#breadcrumb","itemListElement":[{"@type":"ListItem","position":1,"name":"Home","item":"https:\/\/darkamazi.info\/"},{"@type":"ListItem","position":2,"name":"Osman Baydem\u00eer: Yan w\u00ea m\u00eavantiya li Kurdistan\u00ea qeb\u00fbl bikin, yan j\u00ee c\u00eerantiya w\u00ea!"}]},{"@type":"WebSite","@id":"https:\/\/darkamazi.info\/#website","url":"https:\/\/darkamazi.info\/","name":"Darka Maz\u00ee","description":"P\u00eageha Zanyariy\u00ean Nebih\u00eest\u00ee","publisher":{"@id":"https:\/\/darkamazi.info\/#organization"},"potentialAction":[{"@type":"SearchAction","target":{"@type":"EntryPoint","urlTemplate":"https:\/\/darkamazi.info\/?s={search_term_string}"},"query-input":{"@type":"PropertyValueSpecification","valueRequired":true,"valueName":"search_term_string"}}],"inLanguage":"en-US"},{"@type":"Organization","@id":"https:\/\/darkamazi.info\/#organization","name":"Darka Maz\u00ee","url":"https:\/\/darkamazi.info\/","logo":{"@type":"ImageObject","inLanguage":"en-US","@id":"https:\/\/darkamazi.info\/#\/schema\/logo\/image\/","url":"https:\/\/darkamazi.info\/file\/2017\/12\/darka-mazi-logo.png","contentUrl":"https:\/\/darkamazi.info\/file\/2017\/12\/darka-mazi-logo.png","width":151,"height":75,"caption":"Darka Maz\u00ee"},"image":{"@id":"https:\/\/darkamazi.info\/#\/schema\/logo\/image\/"},"sameAs":["https:\/\/www.facebook.com\/DarMaziKurmanci","https:\/\/x.com\/DarkaMaziLatini","https:\/\/www.instagram.com\/darkamazi.kurmanci\/","https:\/\/www.youtube.com\/channel\/UCa5HkTdmI8U1qCUFuTw8B2g"]},{"@type":"Person","@id":"https:\/\/darkamazi.info\/#\/schema\/person\/5ad3e24553a0567993fa8ed4bd0a776c","name":"darka mazi","sameAs":["https:\/\/darkamazi.info\/"],"url":"https:\/\/darkamazi.info\/archives\/author\/kurdi"}]}},"_links":{"self":[{"href":"https:\/\/darkamazi.info\/funavuv\/wp\/v2\/posts\/1026576","targetHints":{"allow":["GET"]}}],"collection":[{"href":"https:\/\/darkamazi.info\/funavuv\/wp\/v2\/posts"}],"about":[{"href":"https:\/\/darkamazi.info\/funavuv\/wp\/v2\/types\/post"}],"author":[{"embeddable":true,"href":"https:\/\/darkamazi.info\/funavuv\/wp\/v2\/users\/2"}],"replies":[{"embeddable":true,"href":"https:\/\/darkamazi.info\/funavuv\/wp\/v2\/comments?post=1026576"}],"version-history":[{"count":0,"href":"https:\/\/darkamazi.info\/funavuv\/wp\/v2\/posts\/1026576\/revisions"}],"wp:featuredmedia":[{"embeddable":true,"href":"https:\/\/darkamazi.info\/funavuv\/wp\/v2\/media\/1026577"}],"wp:attachment":[{"href":"https:\/\/darkamazi.info\/funavuv\/wp\/v2\/media?parent=1026576"}],"wp:term":[{"taxonomy":"category","embeddable":true,"href":"https:\/\/darkamazi.info\/funavuv\/wp\/v2\/categories?post=1026576"},{"taxonomy":"post_tag","embeddable":true,"href":"https:\/\/darkamazi.info\/funavuv\/wp\/v2\/tags?post=1026576"}],"curies":[{"name":"wp","href":"https:\/\/api.w.org\/{rel}","templated":true}]}}